{"id":4660,"date":"2019-05-06T13:29:27","date_gmt":"2019-05-06T11:29:27","guid":{"rendered":"https:\/\/www.welovecycling.com\/es\/?p=4660"},"modified":"2019-05-06T13:30:49","modified_gmt":"2019-05-06T11:30:49","slug":"llevar-la-bicicleta-en-el-avion","status":"publish","type":"post","link":"https:\/\/www.welovecycling.com\/es\/2019\/05\/06\/llevar-la-bicicleta-en-el-avion\/","title":{"rendered":"\u00bfLlevar la bicicleta en el avi\u00f3n o alquilar? Esa es la cuesti\u00f3n"},"content":{"rendered":"<p><strong>Llevar la bicicleta en el avi\u00f3n tiene sus ventajas, pero puede ser caro y trabajoso. \u00bfCu\u00e1les son las ventajas de subir la bicicleta en las nubes y, por otro lado, por qu\u00e9 es mejor alquilar una bicicleta en el lugar de destino? No hay una verdad definitiva sobre c\u00f3mo hacerlo, pero puedes elegir de acuerdo a los escenarios hipot\u00e9ticos m\u00e1s comunes para ambas situaciones. Vamos a resumirlos todos.<\/strong><!--more--><\/p>\n<h2><strong>\u00bfPor qu\u00e9 llevarle en el avi\u00f3n?<\/strong><\/h2>\n<p>Ya conoces la biici Se ajusta exactamente a tus medidas y tambi\u00e9n sabes c\u00f3mo llevarla. No debe haber sorpresas desagradables ni defectos ocultos. S\u00f3lo tienes que desmontar la bici y volver a montarla cuando llegues al destino.<\/p>\n<p>No perder\u00e1s m\u00e1s tiempo eligiendo la bicicleta adecuada en la tienda de alquiler. A pesar de que puedes elegir el tama\u00f1o adecuado on line antes de partir, pueden surgir malentendidos inesperados y dificultades como excusas como que &#8220;tu&#8221; bicicleta ha sido desafortunadamente alquilada a otra persona cinco minutos antes de tu llegada.<\/p>\n<figure id=\"attachment_4664\" aria-describedby=\"caption-attachment-4664\" style=\"width: 1250px\" class=\"wp-caption alignnone\"><a href=\"https:\/\/d2p6e6u75xmxt8.cloudfront.net\/6\/2019\/05\/profimedia-0254556310.jpg\"><img loading=\"lazy\" decoding=\"async\" class=\"size-full wp-image-4664\" src=\"https:\/\/d2p6e6u75xmxt8.cloudfront.net\/6\/2019\/05\/profimedia-0254556310.jpg\" alt=\"\" width=\"1250\" height=\"703\" srcset=\"https:\/\/d2p6e6u75xmxt8.cloudfront.net\/6\/2019\/05\/profimedia-0254556310.jpg 1250w, https:\/\/d2p6e6u75xmxt8.cloudfront.net\/6\/2019\/05\/profimedia-0254556310-300x169.jpg 300w, https:\/\/d2p6e6u75xmxt8.cloudfront.net\/6\/2019\/05\/profimedia-0254556310-768x432.jpg 768w, https:\/\/d2p6e6u75xmxt8.cloudfront.net\/6\/2019\/05\/profimedia-0254556310-1024x576.jpg 1024w\" sizes=\"auto, (max-width: 1250px) 100vw, 1250px\" \/><\/a><figcaption id=\"caption-attachment-4664\" class=\"wp-caption-text\">Las normas para volar con la bici dependen de cada compa\u00f1\u00eda a\u00e9rea.\u00a0\u00a9 Profimedia<\/figcaption><\/figure>\n<p>&nbsp;<\/p>\n<p>Si tienes una bicicleta espec\u00edfica con tus medidas o unas expectativas t\u00e9cnicas de alto nivel, puede ser dif\u00edcil &#8211; o costoso &#8211; encontrar una bicicleta apropiada de alquiler.<\/p>\n<p>El proceso de desmontaje y reensamblaje te convertir\u00e1 en MacGyver II. De esta manera, aprender\u00e1s a solucionar cualquier problema o mal funcionamiento utilizando s\u00f3lo las herramientas b\u00e1sicas.<\/p>\n<p>A veces, las bicicletas de alquiler son del tipo de gran fondo, capaces de sobrevivir al duro manejo de varios usuarios, por lo que tienden a ser m\u00e1s s\u00f3lidas y pesadas de lo que sueles utilizar<\/p>\n<h2><strong>\u00bfPor qu\u00e9 alquilar?<\/strong><\/h2>\n<p>Pasar\u00e1s medio d\u00eda desmontando la bicicleta y envolviendo las partes fr\u00e1giles en material blando con la esperanza de que proteja a su tu bici de fibra de carbono del desastre. Sin embargo, nada es seguro<\/p>\n<p>Algunas de las compa\u00f1\u00edas a\u00e9reas cobran una fortuna por llevar tu bicicleta a bordo. Por esta cantidad de dinero, podr\u00edas f\u00e1cilmente alquilar una bicicleta de la misma calidad o incluso mejor.<\/p>\n<p>Viajar en avi\u00f3n es molesto incluso sin una gran bolsa para facturar. Moverse desde y hacia el aeropuerto con la bicicleta en una caja significa costes adicionales y, en realidad, es una tarea para una empresa de paqueter\u00eda. Lllegar al destino con s\u00f3lo un casco, pedales y zapatillas en la mochila es mucho m\u00e1s f\u00e1cil.<\/p>\n<div class=\"embed-controller-wrapper\">\n<div class=\"embed-wrapper\"><iframe title=\"We LOVE Majorca!\" width=\"500\" height=\"281\" data-src=\"https:\/\/www.youtube.com\/embed\/TW1D99lEd4g?feature=oembed\" frameborder=\"0\" allow=\"accelerometer; autoplay; clipboard-write; encrypted-media; gyroscope; picture-in-picture; web-share\" referrerpolicy=\"strict-origin-when-cross-origin\" allowfullscreen><\/iframe><\/div>\n<\/div>\n<p>Estar\u00e1s nervioso durante todo el viaje de ida y vuelta, imaginando la mala praxis de los encargados de llevar el equipaje en el aeropuerto. Y, hasta cierto punto, cualquier equipaje puede convertirse en un objeto perdido. Estar sin una bicicleta en tus vacaciones en bicicleta te obligar\u00e1 a alquilar una.<\/p>\n<p>Tambi\u00e9n puede exceder el l\u00edmite de peso, lo que puede supone volver a desembalarde la caja de bicicletas en el aeropuerto para dejar neum\u00e1ticos de repuesto y una bomba de aire en la papelera.<\/p>\n<p>Si viajas con m\u00e1s personas o con la familia, puede reducir los costos solicitando descuentos en el alquiler de bicicletas en grupos.<\/p>\n<p>La alegr\u00eda de llegar a su destino de ensue\u00f1o en bicicleta podr\u00eda estropearse en cuesti\u00f3n de segundos si la bicicleta llega con un golpe o rota. Sin ninguna compensaci\u00f3n a la vista acabas molesto por la situaci\u00f3n desesperada, matas al empleado de la aerol\u00ednea y pasas el resto de tu vida compartiendo habitaci\u00f3n con las cucarachas de una prisi\u00f3n.<\/p>\n","protected":false},"excerpt":{"rendered":"<p>Llevar la bicicleta en el avi\u00f3n tiene sus ventajas, pero puede ser caro y trabajoso. \u00bfCu\u00e1les son las ventajas de [&hellip;]<\/p>\n","protected":false},"author":29,"featured_media":4667,"comment_status":"open","ping_status":"open","sticky":false,"template":"","format":"standard","meta":{"footnotes":""},"categories":[7,8,9],"tags":[994,993,992],"global-categories":[],"class_list":["post-4660","post","type-post","status-publish","format-standard","has-post-thumbnail","hentry","category-carretera","category-life-style","category-mtb-aventura","tag-alquilar-o-llevar-la-bicicleta-en-el-avion","tag-alquiler-bicicletas","tag-transporte-bicicletas-en-avion"],"yoast_head":"<!-- This site is optimized with the Yoast SEO Premium plugin v25.3 (Yoast SEO v25.9) - https:\/\/yoast.com\/wordpress\/plugins\/seo\/ -->\n<title>\u00bfLlevar la bicicleta en el avi\u00f3n o alquilar? Esa es la cuesti\u00f3n - \u0160koda We Love Cycling - Spain<\/title>\n<meta name=\"description\" content=\"\u00bfLlevar la bicicleta en el avi\u00f3n o alquilar? Esa es la cuesti\u00f3n. Pros y contras de llevar la bicicleta en el avi\u00f3n o de alquilar una bicicleta.\" \/>\n<meta name=\"robots\" content=\"index, follow, max-snippet:-1, max-image-preview:large, max-video-preview:-1\" \/>\n<link rel=\"canonical\" href=\"https:\/\/www.welovecycling.com\/es\/2019\/05\/06\/llevar-la-bicicleta-en-el-avion\/\" \/>\n<meta property=\"og:locale\" content=\"es_ES\" \/>\n<meta property=\"og:type\" content=\"article\" \/>\n<meta property=\"og:title\" content=\"\u00bfLlevar la bicicleta en el avi\u00f3n o alquilar? Esa es la cuesti\u00f3n\" \/>\n<meta property=\"og:description\" content=\"\u00bfLlevar la bicicleta en el avi\u00f3n o alquilar? Esa es la cuesti\u00f3n. Pros y contras de llevar la bicicleta en el avi\u00f3n o de alquilar una bicicleta.\" \/>\n<meta property=\"og:url\" content=\"https:\/\/www.welovecycling.com\/es\/2019\/05\/06\/llevar-la-bicicleta-en-el-avion\/\" \/>\n<meta property=\"og:site_name\" content=\"\u0160koda We Love Cycling - Spain\" \/>\n<meta property=\"article:published_time\" content=\"2019-05-06T11:29:27+00:00\" \/>\n<meta property=\"article:modified_time\" content=\"2019-05-06T11:30:49+00:00\" \/>\n<meta property=\"og:image\" content=\"https:\/\/d2p6e6u75xmxt8.cloudfront.net\/6\/2019\/05\/Mallorca-profimedia-0335485724.jpg\" \/>\n\t<meta property=\"og:image:width\" content=\"1366\" \/>\n\t<meta property=\"og:image:height\" content=\"600\" \/>\n\t<meta property=\"og:image:type\" content=\"image\/jpeg\" \/>\n<meta name=\"author\" content=\"We Love Cycling Spain\" \/>\n<meta name=\"twitter:card\" content=\"summary_large_image\" \/>\n<meta name=\"twitter:title\" content=\"\u00bfLlevar la bicicleta en el avi\u00f3n o alquilar? Esa es la cuesti\u00f3n\" \/>\n<meta name=\"twitter:description\" content=\"\u00bfLlevar la bicicleta en el avi\u00f3n o alquilar? Esa es la cuesti\u00f3n. Pros y contras de llevar la bicicleta en el avi\u00f3n o de alquilar una bicicleta.\" \/>\n<meta name=\"twitter:label1\" content=\"Written by\" \/>\n\t<meta name=\"twitter:data1\" content=\"martinmrazek\" \/>\n\t<meta name=\"twitter:label2\" content=\"Est. reading time\" \/>\n\t<meta name=\"twitter:data2\" content=\"3 minutes\" \/>\n<script type=\"application\/ld+json\" class=\"yoast-schema-graph\">{\"@context\":\"https:\/\/schema.org\",\"@graph\":[{\"@type\":\"WebPage\",\"@id\":\"https:\/\/www.welovecycling.com\/es\/2019\/05\/06\/llevar-la-bicicleta-en-el-avion\/\",\"url\":\"https:\/\/www.welovecycling.com\/es\/2019\/05\/06\/llevar-la-bicicleta-en-el-avion\/\",\"name\":\"\u00bfLlevar la bicicleta en el avi\u00f3n o alquilar? Esa es la cuesti\u00f3n - \u0160koda We Love Cycling - Spain\",\"isPartOf\":{\"@id\":\"https:\/\/www.welovecycling.com\/es\/#website\"},\"primaryImageOfPage\":{\"@id\":\"https:\/\/www.welovecycling.com\/es\/2019\/05\/06\/llevar-la-bicicleta-en-el-avion\/#primaryimage\"},\"image\":{\"@id\":\"https:\/\/www.welovecycling.com\/es\/2019\/05\/06\/llevar-la-bicicleta-en-el-avion\/#primaryimage\"},\"thumbnailUrl\":\"https:\/\/d2p6e6u75xmxt8.cloudfront.net\/6\/2019\/05\/Mallorca-profimedia-0335485724.jpg\",\"datePublished\":\"2019-05-06T11:29:27+00:00\",\"dateModified\":\"2019-05-06T11:30:49+00:00\",\"author\":{\"@id\":\"https:\/\/www.welovecycling.com\/es\/#\/schema\/person\/deb61715b5812698ee79fb96f343ccd4\"},\"description\":\"\u00bfLlevar la bicicleta en el avi\u00f3n o alquilar? Esa es la cuesti\u00f3n. Pros y contras de llevar la bicicleta en el avi\u00f3n o de alquilar una bicicleta.\",\"breadcrumb\":{\"@id\":\"https:\/\/www.welovecycling.com\/es\/2019\/05\/06\/llevar-la-bicicleta-en-el-avion\/#breadcrumb\"},\"inLanguage\":\"es-ES\",\"potentialAction\":[{\"@type\":\"ReadAction\",\"target\":[\"https:\/\/www.welovecycling.com\/es\/2019\/05\/06\/llevar-la-bicicleta-en-el-avion\/\"]}]},{\"@type\":\"ImageObject\",\"inLanguage\":\"es-ES\",\"@id\":\"https:\/\/www.welovecycling.com\/es\/2019\/05\/06\/llevar-la-bicicleta-en-el-avion\/#primaryimage\",\"url\":\"https:\/\/d2p6e6u75xmxt8.cloudfront.net\/6\/2019\/05\/Mallorca-profimedia-0335485724.jpg\",\"contentUrl\":\"https:\/\/d2p6e6u75xmxt8.cloudfront.net\/6\/2019\/05\/Mallorca-profimedia-0335485724.jpg\",\"width\":1366,\"height\":600},{\"@type\":\"BreadcrumbList\",\"@id\":\"https:\/\/www.welovecycling.com\/es\/2019\/05\/06\/llevar-la-bicicleta-en-el-avion\/#breadcrumb\",\"itemListElement\":[{\"@type\":\"ListItem\",\"position\":1,\"name\":\"Home\",\"item\":\"https:\/\/www.welovecycling.com\/es\/\"},{\"@type\":\"ListItem\",\"position\":2,\"name\":\"\u00bfLlevar la bicicleta en el avi\u00f3n o alquilar? Esa es la cuesti\u00f3n\"}]},{\"@type\":\"WebSite\",\"@id\":\"https:\/\/www.welovecycling.com\/es\/#website\",\"url\":\"https:\/\/www.welovecycling.com\/es\/\",\"name\":\"\u0160koda We Love Cycling - Spain\",\"description\":\"\u0160koda WeLoveCycling Spain\",\"potentialAction\":[{\"@type\":\"SearchAction\",\"target\":{\"@type\":\"EntryPoint\",\"urlTemplate\":\"https:\/\/www.welovecycling.com\/es\/?s={search_term_string}\"},\"query-input\":{\"@type\":\"PropertyValueSpecification\",\"valueRequired\":true,\"valueName\":\"search_term_string\"}}],\"inLanguage\":\"es-ES\"},{\"@type\":\"Person\",\"@id\":\"https:\/\/www.welovecycling.com\/es\/#\/schema\/person\/deb61715b5812698ee79fb96f343ccd4\",\"name\":\"We Love Cycling Spain\",\"image\":{\"@type\":\"ImageObject\",\"inLanguage\":\"es-ES\",\"@id\":\"https:\/\/www.welovecycling.com\/es\/#\/schema\/person\/image\/\",\"url\":\"https:\/\/secure.gravatar.com\/avatar\/c824b04e6df0e37a03219d0b6481672889df542894588964102459e46513159c?s=96&d=mm&r=g\",\"contentUrl\":\"https:\/\/secure.gravatar.com\/avatar\/c824b04e6df0e37a03219d0b6481672889df542894588964102459e46513159c?s=96&d=mm&r=g\",\"caption\":\"We Love Cycling Spain\"},\"url\":\"https:\/\/www.welovecycling.com\/es\/author\/amunoz\/\"}]}<\/script>\n<!-- \/ Yoast SEO Premium plugin. -->","yoast_head_json":{"title":"\u00bfLlevar la bicicleta en el avi\u00f3n o alquilar? Esa es la cuesti\u00f3n - \u0160koda We Love Cycling - Spain","description":"\u00bfLlevar la bicicleta en el avi\u00f3n o alquilar? Esa es la cuesti\u00f3n. Pros y contras de llevar la bicicleta en el avi\u00f3n o de alquilar una bicicleta.","robots":{"index":"index","follow":"follow","max-snippet":"max-snippet:-1","max-image-preview":"max-image-preview:large","max-video-preview":"max-video-preview:-1"},"canonical":"https:\/\/www.welovecycling.com\/es\/2019\/05\/06\/llevar-la-bicicleta-en-el-avion\/","og_locale":"es_ES","og_type":"article","og_title":"\u00bfLlevar la bicicleta en el avi\u00f3n o alquilar? Esa es la cuesti\u00f3n","og_description":"\u00bfLlevar la bicicleta en el avi\u00f3n o alquilar? Esa es la cuesti\u00f3n. Pros y contras de llevar la bicicleta en el avi\u00f3n o de alquilar una bicicleta.","og_url":"https:\/\/www.welovecycling.com\/es\/2019\/05\/06\/llevar-la-bicicleta-en-el-avion\/","og_site_name":"\u0160koda We Love Cycling - Spain","article_published_time":"2019-05-06T11:29:27+00:00","article_modified_time":"2019-05-06T11:30:49+00:00","og_image":[{"width":1366,"height":600,"url":"https:\/\/d2p6e6u75xmxt8.cloudfront.net\/6\/2019\/05\/Mallorca-profimedia-0335485724.jpg","type":"image\/jpeg"}],"author":"We Love Cycling Spain","twitter_card":"summary_large_image","twitter_title":"\u00bfLlevar la bicicleta en el avi\u00f3n o alquilar? Esa es la cuesti\u00f3n","twitter_description":"\u00bfLlevar la bicicleta en el avi\u00f3n o alquilar? Esa es la cuesti\u00f3n. Pros y contras de llevar la bicicleta en el avi\u00f3n o de alquilar una bicicleta.","twitter_misc":{"Written by":"martinmrazek","Est. reading time":"3 minutes"},"schema":{"@context":"https:\/\/schema.org","@graph":[{"@type":"WebPage","@id":"https:\/\/www.welovecycling.com\/es\/2019\/05\/06\/llevar-la-bicicleta-en-el-avion\/","url":"https:\/\/www.welovecycling.com\/es\/2019\/05\/06\/llevar-la-bicicleta-en-el-avion\/","name":"\u00bfLlevar la bicicleta en el avi\u00f3n o alquilar? Esa es la cuesti\u00f3n - \u0160koda We Love Cycling - Spain","isPartOf":{"@id":"https:\/\/www.welovecycling.com\/es\/#website"},"primaryImageOfPage":{"@id":"https:\/\/www.welovecycling.com\/es\/2019\/05\/06\/llevar-la-bicicleta-en-el-avion\/#primaryimage"},"image":{"@id":"https:\/\/www.welovecycling.com\/es\/2019\/05\/06\/llevar-la-bicicleta-en-el-avion\/#primaryimage"},"thumbnailUrl":"https:\/\/d2p6e6u75xmxt8.cloudfront.net\/6\/2019\/05\/Mallorca-profimedia-0335485724.jpg","datePublished":"2019-05-06T11:29:27+00:00","dateModified":"2019-05-06T11:30:49+00:00","author":{"@id":"https:\/\/www.welovecycling.com\/es\/#\/schema\/person\/deb61715b5812698ee79fb96f343ccd4"},"description":"\u00bfLlevar la bicicleta en el avi\u00f3n o alquilar? Esa es la cuesti\u00f3n. Pros y contras de llevar la bicicleta en el avi\u00f3n o de alquilar una bicicleta.","breadcrumb":{"@id":"https:\/\/www.welovecycling.com\/es\/2019\/05\/06\/llevar-la-bicicleta-en-el-avion\/#breadcrumb"},"inLanguage":"es-ES","potentialAction":[{"@type":"ReadAction","target":["https:\/\/www.welovecycling.com\/es\/2019\/05\/06\/llevar-la-bicicleta-en-el-avion\/"]}]},{"@type":"ImageObject","inLanguage":"es-ES","@id":"https:\/\/www.welovecycling.com\/es\/2019\/05\/06\/llevar-la-bicicleta-en-el-avion\/#primaryimage","url":"https:\/\/d2p6e6u75xmxt8.cloudfront.net\/6\/2019\/05\/Mallorca-profimedia-0335485724.jpg","contentUrl":"https:\/\/d2p6e6u75xmxt8.cloudfront.net\/6\/2019\/05\/Mallorca-profimedia-0335485724.jpg","width":1366,"height":600},{"@type":"BreadcrumbList","@id":"https:\/\/www.welovecycling.com\/es\/2019\/05\/06\/llevar-la-bicicleta-en-el-avion\/#breadcrumb","itemListElement":[{"@type":"ListItem","position":1,"name":"Home","item":"https:\/\/www.welovecycling.com\/es\/"},{"@type":"ListItem","position":2,"name":"\u00bfLlevar la bicicleta en el avi\u00f3n o alquilar? Esa es la cuesti\u00f3n"}]},{"@type":"WebSite","@id":"https:\/\/www.welovecycling.com\/es\/#website","url":"https:\/\/www.welovecycling.com\/es\/","name":"\u0160koda We Love Cycling - Spain","description":"\u0160koda WeLoveCycling Spain","potentialAction":[{"@type":"SearchAction","target":{"@type":"EntryPoint","urlTemplate":"https:\/\/www.welovecycling.com\/es\/?s={search_term_string}"},"query-input":{"@type":"PropertyValueSpecification","valueRequired":true,"valueName":"search_term_string"}}],"inLanguage":"es-ES"},{"@type":"Person","@id":"https:\/\/www.welovecycling.com\/es\/#\/schema\/person\/deb61715b5812698ee79fb96f343ccd4","name":"We Love Cycling Spain","image":{"@type":"ImageObject","inLanguage":"es-ES","@id":"https:\/\/www.welovecycling.com\/es\/#\/schema\/person\/image\/","url":"https:\/\/secure.gravatar.com\/avatar\/c824b04e6df0e37a03219d0b6481672889df542894588964102459e46513159c?s=96&d=mm&r=g","contentUrl":"https:\/\/secure.gravatar.com\/avatar\/c824b04e6df0e37a03219d0b6481672889df542894588964102459e46513159c?s=96&d=mm&r=g","caption":"We Love Cycling Spain"},"url":"https:\/\/www.welovecycling.com\/es\/author\/amunoz\/"}]}},"_links":{"self":[{"href":"https:\/\/www.welovecycling.com\/es\/wp-json\/wp\/v2\/posts\/4660","targetHints":{"allow":["GET"]}}],"collection":[{"href":"https:\/\/www.welovecycling.com\/es\/wp-json\/wp\/v2\/posts"}],"about":[{"href":"https:\/\/www.welovecycling.com\/es\/wp-json\/wp\/v2\/types\/post"}],"author":[{"embeddable":true,"href":"https:\/\/www.welovecycling.com\/es\/wp-json\/wp\/v2\/users\/29"}],"replies":[{"embeddable":true,"href":"https:\/\/www.welovecycling.com\/es\/wp-json\/wp\/v2\/comments?post=4660"}],"version-history":[{"count":2,"href":"https:\/\/www.welovecycling.com\/es\/wp-json\/wp\/v2\/posts\/4660\/revisions"}],"predecessor-version":[{"id":4671,"href":"https:\/\/www.welovecycling.com\/es\/wp-json\/wp\/v2\/posts\/4660\/revisions\/4671"}],"wp:featuredmedia":[{"embeddable":true,"href":"https:\/\/www.welovecycling.com\/es\/wp-json\/wp\/v2\/media\/4667"}],"wp:attachment":[{"href":"https:\/\/www.welovecycling.com\/es\/wp-json\/wp\/v2\/media?parent=4660"}],"wp:term":[{"taxonomy":"category","embeddable":true,"href":"https:\/\/www.welovecycling.com\/es\/wp-json\/wp\/v2\/categories?post=4660"},{"taxonomy":"post_tag","embeddable":true,"href":"https:\/\/www.welovecycling.com\/es\/wp-json\/wp\/v2\/tags?post=4660"},{"taxonomy":"global-categories","embeddable":true,"href":"https:\/\/www.welovecycling.com\/es\/wp-json\/wp\/v2\/global-categories?post=4660"}],"curies":[{"name":"wp","href":"https:\/\/api.w.org\/{rel}","templated":true}]}}