{"id":4593,"date":"2019-04-24T21:04:45","date_gmt":"2019-04-24T19:04:45","guid":{"rendered":"https:\/\/www.welovecycling.com\/es\/?p=4593"},"modified":"2019-04-24T21:04:45","modified_gmt":"2019-04-24T19:04:45","slug":"andrea-tafi-paris-roubaix","status":"publish","type":"post","link":"https:\/\/www.welovecycling.com\/es\/2019\/04\/24\/andrea-tafi-paris-roubaix\/","title":{"rendered":"Andrea Tafi: \u201cParis-Roubaix o la amas o la odias\u201d"},"content":{"rendered":"<p><strong>Para conmemorar su victoria de 1999 en Par\u00eds-Roubaix, Andrea Tafi quer\u00eda salir de la jubilaci\u00f3n y competir una vez m\u00e1s con el monumento franc\u00e9s. Se supon\u00eda que el ciclista de 52 a\u00f1os saldr\u00eda unos minutos antes de la carrera y planeaba mantener el pelot\u00f3n alejado durante el mayor tiempo posible. Desafortunadamente, el italiano se rompi\u00f3 la clav\u00edcula en una carrera local en la Toscana un mes antes y eso fue el final del sue\u00f1o. Nos acercamos a la antigua estrella para obtener su visi\u00f3n del &#8220;Infierno en el Norte&#8221; y del estado del ciclismo moderno.<\/strong><!--more--><\/p>\n<p><em><strong>\u00bfEn su opini\u00f3n, en qu\u00e9 se diferencia la Par\u00eds-Roubaix de los dem\u00e1s monumentos?<\/strong><\/em><\/p>\n<p>Para m\u00ed, creo que es una carrera \u00fanica y no s\u00f3lo en t\u00e9rminos de los 5 monumentos. Es una carrera como ninguna otra en el mundo. Es una carrera que debes tener en tu coraz\u00f3n s\u00f3lo para probarla. Por lo tanto, los corredores profesionales que deciden enfrentarse a ella, es porque les encanta esta carrera. En este sentido, es un desaf\u00edo de amor\/odio. Las dificultades f\u00edsicas son casi imposibles de superar porque no hay tiempo para relajarse; tu cuerpo est\u00e1 bajo constante estr\u00e9s. As\u00ed que, ver\u00e1, es algo que un ciclista profesional debe querer experimentar. Y una vez que seas capaz de acabarla, entonces como ciclista puedes ir a cualquier parte despu\u00e9s de eso!<\/p>\n<figure id=\"attachment_4595\" aria-describedby=\"caption-attachment-4595\" style=\"width: 1250px\" class=\"wp-caption alignnone\"><a href=\"https:\/\/d2p6e6u75xmxt8.cloudfront.net\/6\/2019\/04\/profimedia-0367363707.jpg\"><img loading=\"lazy\" decoding=\"async\" class=\"size-full wp-image-4595\" src=\"https:\/\/d2p6e6u75xmxt8.cloudfront.net\/6\/2019\/04\/profimedia-0367363707.jpg\" alt=\"\" width=\"1250\" height=\"833\" srcset=\"https:\/\/d2p6e6u75xmxt8.cloudfront.net\/6\/2019\/04\/profimedia-0367363707.jpg 1250w, https:\/\/d2p6e6u75xmxt8.cloudfront.net\/6\/2019\/04\/profimedia-0367363707-300x200.jpg 300w, https:\/\/d2p6e6u75xmxt8.cloudfront.net\/6\/2019\/04\/profimedia-0367363707-768x512.jpg 768w, https:\/\/d2p6e6u75xmxt8.cloudfront.net\/6\/2019\/04\/profimedia-0367363707-1024x682.jpg 1024w, https:\/\/d2p6e6u75xmxt8.cloudfront.net\/6\/2019\/04\/profimedia-0367363707-272x182.jpg 272w\" sizes=\"auto, (max-width: 1250px) 100vw, 1250px\" \/><\/a><figcaption id=\"caption-attachment-4595\" class=\"wp-caption-text\">Andrea Tafi habla con la prensa antes del Tour de Flandes, el viernes 30 de marzo de 2018. \u00a9 Profimedia, AFP<\/figcaption><\/figure>\n<p>&nbsp;<\/p>\n<p><em><strong>\u00bfC\u00f3mo ha visto Roubaix este 2019?<\/strong><\/em><\/p>\n<p>He dicho muchas veces que era una carrera abierta a muchos ciclistas. Yo dir\u00eda que de 10 a 15 podr\u00edan haber ganado. Y yo dir\u00eda que en los \u00faltimos a\u00f1os, esta carrera est\u00e1 cambiando porque cada vez es m\u00e1s dif\u00edcil para un solo corredor ir solo y ser el ganador. No s\u00e9 exactamente por qu\u00e9, pero vemos que las bicicletas han estado cambiando mucho en los \u00faltimos a\u00f1os y esta es sin duda una de las razones.<\/p>\n<p>Si comparo la carrera de este a\u00f1o con la de hace 20 a\u00f1os, hay muchos cambios. En mis tiempos, ten\u00edamos una bicicleta y eso era todo. Pudimos hacer algunos cambios en las ruedas y los neum\u00e1ticos, \u00a1pero eso fue todo! Ahora los equipos tienen muchos m\u00e1s componentes con los que jugar, como suspensi\u00f3n\/no suspensi\u00f3n, electr\u00f3nica, frenos de disco o no, etc. La carrera se ha vuelto m\u00e1s t\u00e9cnica que en el pasado y eso me gusta!<\/p>\n<figure id=\"attachment_4596\" aria-describedby=\"caption-attachment-4596\" style=\"width: 1152px\" class=\"wp-caption alignnone\"><a href=\"https:\/\/d2p6e6u75xmxt8.cloudfront.net\/6\/2019\/04\/Andrea-tafi-profimedia-0068745684.jpg\"><img loading=\"lazy\" decoding=\"async\" class=\"size-full wp-image-4596\" src=\"https:\/\/d2p6e6u75xmxt8.cloudfront.net\/6\/2019\/04\/Andrea-tafi-profimedia-0068745684.jpg\" alt=\"\" width=\"1152\" height=\"900\" srcset=\"https:\/\/d2p6e6u75xmxt8.cloudfront.net\/6\/2019\/04\/Andrea-tafi-profimedia-0068745684.jpg 1152w, https:\/\/d2p6e6u75xmxt8.cloudfront.net\/6\/2019\/04\/Andrea-tafi-profimedia-0068745684-300x234.jpg 300w, https:\/\/d2p6e6u75xmxt8.cloudfront.net\/6\/2019\/04\/Andrea-tafi-profimedia-0068745684-768x600.jpg 768w, https:\/\/d2p6e6u75xmxt8.cloudfront.net\/6\/2019\/04\/Andrea-tafi-profimedia-0068745684-1024x800.jpg 1024w\" sizes=\"auto, (max-width: 1152px) 100vw, 1152px\" \/><\/a><figcaption id=\"caption-attachment-4596\" class=\"wp-caption-text\">Andrea in action (11 April 1999). \u00a9\u00a0Profimedia, AFP<\/figcaption><\/figure>\n<p>De hecho, creo que los cambios en el dise\u00f1o de las ruedas pueden ser uno de los m\u00e1s importantes en todos los cambios recientes, especialmente en los tubulares. En los viejos tiempos, ten\u00edamos un m\u00e1ximo de neum\u00e1ticos de 26&#8243;. Ahora est\u00e1n usando 28&#8243; e incluso 30&#8243;. Personalmente, creo que todo esto de la suspensi\u00f3n puede no ser necesario. Claro, puede ser m\u00e1s c\u00f3modo, pero no estoy seguro de que sea necesario.<\/p>\n<p><em><strong>\u00bfQu\u00e9 detalles destacar\u00eda de la carrera de este a\u00f1o?<\/strong><\/em><\/p>\n<p>Este a\u00f1o y tambi\u00e9n el \u00faltimo, para la mayor\u00eda de estas &#8216;Cl\u00e1sicas del Norte&#8217;, es un equipo que se est\u00e1 volviendo cada vez m\u00e1s importante. Y en mi opini\u00f3n, Deceuninck-Quick-Step es el equipo perfecto para estas carreras ahora mismo. De hecho, el hecho de que no ganaran el Tour de Flandes este a\u00f1o debe haber sido un gran problema, ya que esta carrera tiene mucho significado en la mente de cada uno de sus ciclistas.<\/p>\n<p>De hecho, cuando se mira la lista de ciclistas del equipo actual, es de alguna manera similar a la del MAPEI (1993-2002), donde se reunieron algunos de los mejores para estas carreras, y Patrick Lefevere es el mejor para construir este tipo de equipo.<\/p>\n<div class=\"embed-controller-wrapper\">\n<blockquote class=\"twitter-tweet\" data-width=\"500\" data-dnt=\"true\">\n<p lang=\"en\" dir=\"ltr\">The King in the North<a href=\"https:\/\/twitter.com\/hashtag\/ParisRoubaix?src=hash&amp;ref_src=twsrc%5Etfw\">#ParisRoubaix<\/a><br \/>Photo: Sigfrid Eggers <a href=\"https:\/\/t.co\/Yo9Qj9kmlV\">pic.twitter.com\/Yo9Qj9kmlV<\/a><\/p>\n<p>&mdash; Soudal Quick-Step Pro Cycling Team (@soudalquickstep) <a href=\"https:\/\/twitter.com\/soudalquickstep\/status\/1117690206319251463?ref_src=twsrc%5Etfw\">April 15, 2019<\/a><\/p><\/blockquote>\n<p><script async data-src=\"https:\/\/platform.twitter.com\/widgets.js\" charset=\"utf-8\"><\/script><\/div>\n<p>Ahora, por ejemplo, mira a un ciclista como Greg Van Avermaet (CCC Team), que ten\u00eda un gran potencial para ganar la Par\u00eds-Roubaix de este a\u00f1o. El hecho de que el equipo sea tan importante hoy en d\u00eda hace que su tarea sea m\u00e1s dif\u00edcil porque Deceuninck-Quick-Step est\u00e1 construido alrededor de estas carreras y, por lo tanto, representa un problema para un piloto tan fuerte como Greg.<\/p>\n<p><em><strong>\u00bfCual es su mejor recuerdo de Roubaix?<\/strong><\/em><\/p>\n<p>Para m\u00ed, el mejor recuerdo es definitivamente la carrera de 1996, cuando los tres ciclistas de nuestro equipo llegamos juntos, Johann Museeuw, Gianluca Bortolami y yo en el podio. Los tres en el Vel\u00f3dromo \u00e9ramos especiales y lo guardar\u00e9 en mi coraz\u00f3n para siempre. Es el momento en que comprend\u00ed que era posible para m\u00ed ganar Par\u00eds-Roubaix.<\/p>\n<figure id=\"attachment_4597\" aria-describedby=\"caption-attachment-4597\" style=\"width: 1250px\" class=\"wp-caption alignnone\"><a href=\"https:\/\/d2p6e6u75xmxt8.cloudfront.net\/6\/2019\/04\/Andrea-tafi-profimedia-0363448908.jpg\"><img loading=\"lazy\" decoding=\"async\" class=\"size-full wp-image-4597\" src=\"https:\/\/d2p6e6u75xmxt8.cloudfront.net\/6\/2019\/04\/Andrea-tafi-profimedia-0363448908.jpg\" alt=\"\" width=\"1250\" height=\"833\" srcset=\"https:\/\/d2p6e6u75xmxt8.cloudfront.net\/6\/2019\/04\/Andrea-tafi-profimedia-0363448908.jpg 1250w, https:\/\/d2p6e6u75xmxt8.cloudfront.net\/6\/2019\/04\/Andrea-tafi-profimedia-0363448908-300x200.jpg 300w, https:\/\/d2p6e6u75xmxt8.cloudfront.net\/6\/2019\/04\/Andrea-tafi-profimedia-0363448908-768x512.jpg 768w, https:\/\/d2p6e6u75xmxt8.cloudfront.net\/6\/2019\/04\/Andrea-tafi-profimedia-0363448908-1024x682.jpg 1024w, https:\/\/d2p6e6u75xmxt8.cloudfront.net\/6\/2019\/04\/Andrea-tafi-profimedia-0363448908-272x182.jpg 272w\" sizes=\"auto, (max-width: 1250px) 100vw, 1250px\" \/><\/a><figcaption id=\"caption-attachment-4597\" class=\"wp-caption-text\">Johan Museeuw (C) flanked by Italian Gianluca Bortolami (R) and Andrea Tafi (L) celebran la victoria en la Par\u00eds Roubaix del 96, 1996. \u00a9 Profimedia, AFP<\/figcaption><\/figure>\n<p><em><strong><br \/>\n\u00bfC\u00f3mo es el pelot\u00f3n actual comparado con el de tu \u00e9poca?<\/strong><\/em><\/p>\n<p>El ciclismo actual es diferente de la \u00e9poca en la que yo corr\u00eda y est\u00e1 cambiando r\u00e1pidamente. Hoy en d\u00eda, veo que la tecnolog\u00eda est\u00e1 impulsando la gesti\u00f3n de la carrera. No puedo decirlo, excepto cuando veo a algunos de los ciclistas entrenando en Toscana. As\u00ed que no puedo fingir que lo entiendo todo porque realmente no puedo comparar.<\/p>\n<p>En mi \u00e9poca, lo m\u00e1s importante para un ciclista era entender su cuerpo, entender cuando est\u00e1s cansado, cuando las piernas no est\u00e1n bien durante una carrera. Era m\u00e1s sencillo. Supongo que hoy tendr\u00eda que pasar un mes con un equipo para entender mejor el enfoque actual del ciclismo.<\/p>\n","protected":false},"excerpt":{"rendered":"<p>Para conmemorar su victoria de 1999 en Par\u00eds-Roubaix, Andrea Tafi quer\u00eda salir de la jubilaci\u00f3n y competir una vez m\u00e1s [&hellip;]<\/p>\n","protected":false},"author":29,"featured_media":4599,"comment_status":"open","ping_status":"open","sticky":false,"template":"","format":"standard","meta":{"footnotes":""},"categories":[7],"tags":[980,981,982,983],"global-categories":[],"class_list":["post-4593","post","type-post","status-publish","format-standard","has-post-thumbnail","hentry","category-carretera","tag-andrea-tafi","tag-andrea-tafi-roubaix","tag-tafi-roubaix","tag-tafi-roubaix-96"],"yoast_head":"<!-- This site is optimized with the Yoast SEO Premium plugin v25.3 (Yoast SEO v25.9) - https:\/\/yoast.com\/wordpress\/plugins\/seo\/ -->\n<title>Andrea Tafi: \u201cParis-Roubaix o la amas o la odias\u201d - \u0160koda We Love Cycling - Spain<\/title>\n<meta name=\"description\" content=\"Andrea Tafi: \u201cParis-Roubaix o la amas o la odias\u201d. El italiano, ganador de Roubaix, nos explica c\u00f3mo vio la Paris Roubaix de 2019.\" \/>\n<meta name=\"robots\" content=\"index, follow, max-snippet:-1, max-image-preview:large, max-video-preview:-1\" \/>\n<link rel=\"canonical\" href=\"https:\/\/www.welovecycling.com\/es\/2019\/04\/24\/andrea-tafi-paris-roubaix\/\" \/>\n<meta property=\"og:locale\" content=\"es_ES\" \/>\n<meta property=\"og:type\" content=\"article\" \/>\n<meta property=\"og:title\" content=\"Andrea Tafi: \u201cParis-Roubaix o la amas o la odias\u201d\" \/>\n<meta property=\"og:description\" content=\"Andrea Tafi: \u201cParis-Roubaix o la amas o la odias\u201d. El italiano, ganador de Roubaix, nos explica c\u00f3mo vio la Paris Roubaix de 2019.\" \/>\n<meta property=\"og:url\" content=\"https:\/\/www.welovecycling.com\/es\/2019\/04\/24\/andrea-tafi-paris-roubaix\/\" \/>\n<meta property=\"og:site_name\" content=\"\u0160koda We Love Cycling - Spain\" \/>\n<meta property=\"article:published_time\" content=\"2019-04-24T19:04:45+00:00\" \/>\n<meta property=\"og:image\" content=\"https:\/\/d2p6e6u75xmxt8.cloudfront.net\/6\/2019\/04\/Andrea-Tafi-profimedia-0068745753-1-CVR.jpg\" \/>\n\t<meta property=\"og:image:width\" content=\"1366\" \/>\n\t<meta property=\"og:image:height\" content=\"600\" \/>\n\t<meta property=\"og:image:type\" content=\"image\/jpeg\" \/>\n<meta name=\"author\" content=\"We Love Cycling Spain\" \/>\n<meta name=\"twitter:card\" content=\"summary_large_image\" \/>\n<meta name=\"twitter:title\" content=\"Andrea Tafi: \u201cParis-Roubaix o la amas o la odias\u201d\" \/>\n<meta name=\"twitter:description\" content=\"Andrea Tafi: \u201cParis-Roubaix o la amas o la odias\u201d. El italiano, ganador de Roubaix, nos explica c\u00f3mo vio la Paris Roubaix de 2019.\" \/>\n<meta name=\"twitter:label1\" content=\"Written by\" \/>\n\t<meta name=\"twitter:data1\" content=\"Jonathan Bouchard (Polska \u00e0 v\u00e9lo)\" \/>\n\t<meta name=\"twitter:label2\" content=\"Est. reading time\" \/>\n\t<meta name=\"twitter:data2\" content=\"5\" \/>\n<script type=\"application\/ld+json\" class=\"yoast-schema-graph\">{\"@context\":\"https:\/\/schema.org\",\"@graph\":[{\"@type\":\"WebPage\",\"@id\":\"https:\/\/www.welovecycling.com\/es\/2019\/04\/24\/andrea-tafi-paris-roubaix\/\",\"url\":\"https:\/\/www.welovecycling.com\/es\/2019\/04\/24\/andrea-tafi-paris-roubaix\/\",\"name\":\"Andrea Tafi: \u201cParis-Roubaix o la amas o la odias\u201d - \u0160koda We Love Cycling - Spain\",\"isPartOf\":{\"@id\":\"https:\/\/www.welovecycling.com\/es\/#website\"},\"primaryImageOfPage\":{\"@id\":\"https:\/\/www.welovecycling.com\/es\/2019\/04\/24\/andrea-tafi-paris-roubaix\/#primaryimage\"},\"image\":{\"@id\":\"https:\/\/www.welovecycling.com\/es\/2019\/04\/24\/andrea-tafi-paris-roubaix\/#primaryimage\"},\"thumbnailUrl\":\"https:\/\/d2p6e6u75xmxt8.cloudfront.net\/6\/2019\/04\/Andrea-Tafi-profimedia-0068745753-1-CVR.jpg\",\"datePublished\":\"2019-04-24T19:04:45+00:00\",\"author\":{\"@id\":\"https:\/\/www.welovecycling.com\/es\/#\/schema\/person\/deb61715b5812698ee79fb96f343ccd4\"},\"description\":\"Andrea Tafi: \u201cParis-Roubaix o la amas o la odias\u201d. El italiano, ganador de Roubaix, nos explica c\u00f3mo vio la Paris Roubaix de 2019.\",\"breadcrumb\":{\"@id\":\"https:\/\/www.welovecycling.com\/es\/2019\/04\/24\/andrea-tafi-paris-roubaix\/#breadcrumb\"},\"inLanguage\":\"es-ES\",\"potentialAction\":[{\"@type\":\"ReadAction\",\"target\":[\"https:\/\/www.welovecycling.com\/es\/2019\/04\/24\/andrea-tafi-paris-roubaix\/\"]}]},{\"@type\":\"ImageObject\",\"inLanguage\":\"es-ES\",\"@id\":\"https:\/\/www.welovecycling.com\/es\/2019\/04\/24\/andrea-tafi-paris-roubaix\/#primaryimage\",\"url\":\"https:\/\/d2p6e6u75xmxt8.cloudfront.net\/6\/2019\/04\/Andrea-Tafi-profimedia-0068745753-1-CVR.jpg\",\"contentUrl\":\"https:\/\/d2p6e6u75xmxt8.cloudfront.net\/6\/2019\/04\/Andrea-Tafi-profimedia-0068745753-1-CVR.jpg\",\"width\":1366,\"height\":600},{\"@type\":\"BreadcrumbList\",\"@id\":\"https:\/\/www.welovecycling.com\/es\/2019\/04\/24\/andrea-tafi-paris-roubaix\/#breadcrumb\",\"itemListElement\":[{\"@type\":\"ListItem\",\"position\":1,\"name\":\"Home\",\"item\":\"https:\/\/www.welovecycling.com\/es\/\"},{\"@type\":\"ListItem\",\"position\":2,\"name\":\"Andrea Tafi: \u201cParis-Roubaix o la amas o la odias\u201d\"}]},{\"@type\":\"WebSite\",\"@id\":\"https:\/\/www.welovecycling.com\/es\/#website\",\"url\":\"https:\/\/www.welovecycling.com\/es\/\",\"name\":\"\u0160koda We Love Cycling - Spain\",\"description\":\"\u0160koda WeLoveCycling Spain\",\"potentialAction\":[{\"@type\":\"SearchAction\",\"target\":{\"@type\":\"EntryPoint\",\"urlTemplate\":\"https:\/\/www.welovecycling.com\/es\/?s={search_term_string}\"},\"query-input\":{\"@type\":\"PropertyValueSpecification\",\"valueRequired\":true,\"valueName\":\"search_term_string\"}}],\"inLanguage\":\"es-ES\"},{\"@type\":\"Person\",\"@id\":\"https:\/\/www.welovecycling.com\/es\/#\/schema\/person\/deb61715b5812698ee79fb96f343ccd4\",\"name\":\"We Love Cycling Spain\",\"image\":{\"@type\":\"ImageObject\",\"inLanguage\":\"es-ES\",\"@id\":\"https:\/\/www.welovecycling.com\/es\/#\/schema\/person\/image\/\",\"url\":\"https:\/\/secure.gravatar.com\/avatar\/c824b04e6df0e37a03219d0b6481672889df542894588964102459e46513159c?s=96&d=mm&r=g\",\"contentUrl\":\"https:\/\/secure.gravatar.com\/avatar\/c824b04e6df0e37a03219d0b6481672889df542894588964102459e46513159c?s=96&d=mm&r=g\",\"caption\":\"We Love Cycling Spain\"},\"url\":\"https:\/\/www.welovecycling.com\/es\/author\/amunoz\/\"}]}<\/script>\n<!-- \/ Yoast SEO Premium plugin. -->","yoast_head_json":{"title":"Andrea Tafi: \u201cParis-Roubaix o la amas o la odias\u201d - \u0160koda We Love Cycling - Spain","description":"Andrea Tafi: \u201cParis-Roubaix o la amas o la odias\u201d. El italiano, ganador de Roubaix, nos explica c\u00f3mo vio la Paris Roubaix de 2019.","robots":{"index":"index","follow":"follow","max-snippet":"max-snippet:-1","max-image-preview":"max-image-preview:large","max-video-preview":"max-video-preview:-1"},"canonical":"https:\/\/www.welovecycling.com\/es\/2019\/04\/24\/andrea-tafi-paris-roubaix\/","og_locale":"es_ES","og_type":"article","og_title":"Andrea Tafi: \u201cParis-Roubaix o la amas o la odias\u201d","og_description":"Andrea Tafi: \u201cParis-Roubaix o la amas o la odias\u201d. El italiano, ganador de Roubaix, nos explica c\u00f3mo vio la Paris Roubaix de 2019.","og_url":"https:\/\/www.welovecycling.com\/es\/2019\/04\/24\/andrea-tafi-paris-roubaix\/","og_site_name":"\u0160koda We Love Cycling - Spain","article_published_time":"2019-04-24T19:04:45+00:00","og_image":[{"width":1366,"height":600,"url":"https:\/\/d2p6e6u75xmxt8.cloudfront.net\/6\/2019\/04\/Andrea-Tafi-profimedia-0068745753-1-CVR.jpg","type":"image\/jpeg"}],"author":"We Love Cycling Spain","twitter_card":"summary_large_image","twitter_title":"Andrea Tafi: \u201cParis-Roubaix o la amas o la odias\u201d","twitter_description":"Andrea Tafi: \u201cParis-Roubaix o la amas o la odias\u201d. El italiano, ganador de Roubaix, nos explica c\u00f3mo vio la Paris Roubaix de 2019.","twitter_misc":{"Written by":"Jonathan Bouchard (Polska \u00e0 v\u00e9lo)","Est. reading time":"5"},"schema":{"@context":"https:\/\/schema.org","@graph":[{"@type":"WebPage","@id":"https:\/\/www.welovecycling.com\/es\/2019\/04\/24\/andrea-tafi-paris-roubaix\/","url":"https:\/\/www.welovecycling.com\/es\/2019\/04\/24\/andrea-tafi-paris-roubaix\/","name":"Andrea Tafi: \u201cParis-Roubaix o la amas o la odias\u201d - \u0160koda We Love Cycling - Spain","isPartOf":{"@id":"https:\/\/www.welovecycling.com\/es\/#website"},"primaryImageOfPage":{"@id":"https:\/\/www.welovecycling.com\/es\/2019\/04\/24\/andrea-tafi-paris-roubaix\/#primaryimage"},"image":{"@id":"https:\/\/www.welovecycling.com\/es\/2019\/04\/24\/andrea-tafi-paris-roubaix\/#primaryimage"},"thumbnailUrl":"https:\/\/d2p6e6u75xmxt8.cloudfront.net\/6\/2019\/04\/Andrea-Tafi-profimedia-0068745753-1-CVR.jpg","datePublished":"2019-04-24T19:04:45+00:00","author":{"@id":"https:\/\/www.welovecycling.com\/es\/#\/schema\/person\/deb61715b5812698ee79fb96f343ccd4"},"description":"Andrea Tafi: \u201cParis-Roubaix o la amas o la odias\u201d. El italiano, ganador de Roubaix, nos explica c\u00f3mo vio la Paris Roubaix de 2019.","breadcrumb":{"@id":"https:\/\/www.welovecycling.com\/es\/2019\/04\/24\/andrea-tafi-paris-roubaix\/#breadcrumb"},"inLanguage":"es-ES","potentialAction":[{"@type":"ReadAction","target":["https:\/\/www.welovecycling.com\/es\/2019\/04\/24\/andrea-tafi-paris-roubaix\/"]}]},{"@type":"ImageObject","inLanguage":"es-ES","@id":"https:\/\/www.welovecycling.com\/es\/2019\/04\/24\/andrea-tafi-paris-roubaix\/#primaryimage","url":"https:\/\/d2p6e6u75xmxt8.cloudfront.net\/6\/2019\/04\/Andrea-Tafi-profimedia-0068745753-1-CVR.jpg","contentUrl":"https:\/\/d2p6e6u75xmxt8.cloudfront.net\/6\/2019\/04\/Andrea-Tafi-profimedia-0068745753-1-CVR.jpg","width":1366,"height":600},{"@type":"BreadcrumbList","@id":"https:\/\/www.welovecycling.com\/es\/2019\/04\/24\/andrea-tafi-paris-roubaix\/#breadcrumb","itemListElement":[{"@type":"ListItem","position":1,"name":"Home","item":"https:\/\/www.welovecycling.com\/es\/"},{"@type":"ListItem","position":2,"name":"Andrea Tafi: \u201cParis-Roubaix o la amas o la odias\u201d"}]},{"@type":"WebSite","@id":"https:\/\/www.welovecycling.com\/es\/#website","url":"https:\/\/www.welovecycling.com\/es\/","name":"\u0160koda We Love Cycling - Spain","description":"\u0160koda WeLoveCycling Spain","potentialAction":[{"@type":"SearchAction","target":{"@type":"EntryPoint","urlTemplate":"https:\/\/www.welovecycling.com\/es\/?s={search_term_string}"},"query-input":{"@type":"PropertyValueSpecification","valueRequired":true,"valueName":"search_term_string"}}],"inLanguage":"es-ES"},{"@type":"Person","@id":"https:\/\/www.welovecycling.com\/es\/#\/schema\/person\/deb61715b5812698ee79fb96f343ccd4","name":"We Love Cycling Spain","image":{"@type":"ImageObject","inLanguage":"es-ES","@id":"https:\/\/www.welovecycling.com\/es\/#\/schema\/person\/image\/","url":"https:\/\/secure.gravatar.com\/avatar\/c824b04e6df0e37a03219d0b6481672889df542894588964102459e46513159c?s=96&d=mm&r=g","contentUrl":"https:\/\/secure.gravatar.com\/avatar\/c824b04e6df0e37a03219d0b6481672889df542894588964102459e46513159c?s=96&d=mm&r=g","caption":"We Love Cycling Spain"},"url":"https:\/\/www.welovecycling.com\/es\/author\/amunoz\/"}]}},"_links":{"self":[{"href":"https:\/\/www.welovecycling.com\/es\/wp-json\/wp\/v2\/posts\/4593","targetHints":{"allow":["GET"]}}],"collection":[{"href":"https:\/\/www.welovecycling.com\/es\/wp-json\/wp\/v2\/posts"}],"about":[{"href":"https:\/\/www.welovecycling.com\/es\/wp-json\/wp\/v2\/types\/post"}],"author":[{"embeddable":true,"href":"https:\/\/www.welovecycling.com\/es\/wp-json\/wp\/v2\/users\/29"}],"replies":[{"embeddable":true,"href":"https:\/\/www.welovecycling.com\/es\/wp-json\/wp\/v2\/comments?post=4593"}],"version-history":[{"count":2,"href":"https:\/\/www.welovecycling.com\/es\/wp-json\/wp\/v2\/posts\/4593\/revisions"}],"predecessor-version":[{"id":4600,"href":"https:\/\/www.welovecycling.com\/es\/wp-json\/wp\/v2\/posts\/4593\/revisions\/4600"}],"wp:featuredmedia":[{"embeddable":true,"href":"https:\/\/www.welovecycling.com\/es\/wp-json\/wp\/v2\/media\/4599"}],"wp:attachment":[{"href":"https:\/\/www.welovecycling.com\/es\/wp-json\/wp\/v2\/media?parent=4593"}],"wp:term":[{"taxonomy":"category","embeddable":true,"href":"https:\/\/www.welovecycling.com\/es\/wp-json\/wp\/v2\/categories?post=4593"},{"taxonomy":"post_tag","embeddable":true,"href":"https:\/\/www.welovecycling.com\/es\/wp-json\/wp\/v2\/tags?post=4593"},{"taxonomy":"global-categories","embeddable":true,"href":"https:\/\/www.welovecycling.com\/es\/wp-json\/wp\/v2\/global-categories?post=4593"}],"curies":[{"name":"wp","href":"https:\/\/api.w.org\/{rel}","templated":true}]}}