{"id":4440,"date":"2019-04-08T23:33:47","date_gmt":"2019-04-08T21:33:47","guid":{"rendered":"https:\/\/www.welovecycling.com\/es\/?p=4440"},"modified":"2019-04-08T23:33:47","modified_gmt":"2019-04-08T21:33:47","slug":"ropa-ciclista-primavera","status":"publish","type":"post","link":"https:\/\/www.welovecycling.com\/es\/2019\/04\/08\/ropa-ciclista-primavera\/","title":{"rendered":"Qu\u00e9 ropa debe llevar un ciclista en primavera"},"content":{"rendered":"<p><strong>Comprarte complementos de calidad no te convierte en un ciclista m\u00e1s r\u00e1pido. Pero aplaza la compra de un portabid\u00f3n de carbono hasta que alcances el peso deseado. Haz un gasto m\u00e1s seguro y m\u00e1s c\u00f3modo. Y mientras avanzamos hacia la primavera, el clima cambiante te invitar a invertir en complementos y ropa ciclista.<\/strong><\/p>\n<p><!--more--><\/p>\n<h2><strong>Cinta tubular<\/strong><\/h2>\n<p>Es f\u00e1cil que la temperatura al principio de la ruta sea diferente a la del final. Esta pieza te ayudar\u00e1 y no importa de qu\u00e9 marca sea. Algunas marcas llaman a esto una redecilla, otras un calienta-cabezas, pero B&#8217;Twin lo llama una &#8220;cinta para la cabeza&#8221;.<\/p>\n<lite-youtube videoid=X6Mvye9d3MQ params=\"enablejsapi=1\" style=\"background-image: url('https:\/\/i.ytimg.com\/vi_webp\/X6Mvye9d3MQ\/maxresdefault.webp');\"><\/lite-youtube>\n<p>Este video demuestra perfectamente los usos de en una pieza de ropa vers\u00e1til &#8211; la habilidad de cambiar r\u00e1pidamente la cantidad de superficie de su cuerpo que est\u00e1 cubierta por el material. Esto regular\u00e1 tu temperatura corporal y mejorar\u00e1 enormemente cualquier entrenamiento \u00bfUn comienzo fr\u00edo? Ll\u00e9valo como un pasamonta\u00f1as. Una vez que hayas calentado, puedes reducirlo a una banda de sudor.<\/p>\n<h2><strong>Elige cubiertas lisas<\/strong><\/h2>\n<p>Los neum\u00e1ticos de bicicleta no son lo mismo que los de coche. Los neum\u00e1ticos de los coches tienen trozos cuadrados, pero los de las bicicletas son redondeados, ya que la relaci\u00f3n velocidad-peso a trav\u00e9s de la zona de contacto de los neum\u00e1ticos es muy diferente para ambos modos de transporte. Los neum\u00e1ticos lisos de las bicicletas se adaptan mejor a la lluvia y son menos propensos al aquaplane. Por eso los aviones tienen neum\u00e1ticos redondeados.<\/p>\n<p>https:\/\/www.instagram.com\/p\/BvZJ3jwAh2w\/?utm_source=ig_web_button_share_sheet<\/p>\n<p>Echa un vistazo a esta pandilla de adolescentes en bicicleta, en el Park Lane de Londres, en una carretera cerrada antes de una protesta. Cada uno de ellos ten\u00eda neum\u00e1ticos lisos en MTBs, off-roads, low riders, y jump-bikes. Cuando ten\u00eda su edad, mis amigos y yo ten\u00edamos unos neum\u00e1ticos enormes y nos pregunt\u00e1bamos por qu\u00e9 segu\u00edamos patinando en mojado.<\/p>\n<h2><strong>Manguitos\u00a0<\/strong><strong>Rapha <\/strong><\/h2>\n<p>Una compa\u00f1\u00eda que gasta cantidades gigantescas en marketing realmente no necesita una recomendaci\u00f3n, pero como demuestra este video de YouTuber, TheDarkinstall, algunos pedacitos del kit Rapha valen m\u00e1s que otros.<\/p>\n<lite-youtube videoid=gLNlkZ5SeCo params=\"enablejsapi=1\" style=\"background-image: url('https:\/\/i.ytimg.com\/vi_webp\/gLNlkZ5SeCo\/maxresdefault.webp');\"><\/lite-youtube>\n<p>Pi\u00e9nsalo, no mueves los brazos, as\u00ed que, seguramente, cuanto m\u00e1s caliente, mejor. Pero Rapha se dio cuenta antes que nadie de que la reintroducci\u00f3n de la lana en los brazos ser\u00eda una parte vital de la regulaci\u00f3n de la temperatura. Retiene el calor &#8211; pero no la humedad &#8211; y la capacidad de regular r\u00e1pidamente el calor de tus brazos que est\u00e1n cubiertos aten\u00faa su comodidad de manera m\u00e1s efectiva.<\/p>\n<h2><strong>Evita las lesiones por fr\u00edo<\/strong><\/h2>\n<p>Existe una gran cantidad de estudios acad\u00e9micos que advierten a los atletas que hacer ejercicio sin calentarse adecuadamente puede causar lesiones. A\u00f1adir\u00e9 aqu\u00ed una cl\u00e1usula de exenci\u00f3n de responsabilidad que, en primer lugar, una prenda de vestir por s\u00ed sola no previene las lesiones y, en segundo lugar, estamos hablando de las lesiones causadas por el esfuerzo atl\u00e9tico.<\/p>\n<lite-youtube videoid=-6PpX6gw5fg params=\"enablejsapi=1\" style=\"background-image: url('https:\/\/i.ytimg.com\/vi_webp\/-6PpX6gw5fg\/maxresdefault.webp');\"><\/lite-youtube>\n<p>El video de arriba sugiere que debes tomar las pautas de uso de la temperatura en el esp\u00edritu en el que est\u00e1n pensadas &#8211; como pautas. A menos que quieras ganar Par\u00eds-Niza, usa ropa caliente. Los fabricantes tienden a orientar sus consejos hacia los m\u00e1s capaces f\u00edsicamente. Recuerda &#8211; siempre es m\u00e1s f\u00e1cil quitarse la ropa que desear haber tra\u00eddo mas ropa a la etapa.<\/p>\n","protected":false},"excerpt":{"rendered":"<p>Comprarte complementos de calidad no te convierte en un ciclista m\u00e1s r\u00e1pido. Pero aplaza la compra de un portabid\u00f3n de [&hellip;]<\/p>\n","protected":false},"author":29,"featured_media":4445,"comment_status":"open","ping_status":"open","sticky":false,"template":"","format":"standard","meta":{"footnotes":""},"categories":[7,9],"tags":[963,964,962],"global-categories":[],"class_list":["post-4440","post","type-post","status-publish","format-standard","has-post-thumbnail","hentry","category-carretera","category-mtb-aventura","tag-consejos-ciclismo-primavera","tag-que-ropa-ciclista-de-primavera","tag-ropa-ciclista-primavera"],"yoast_head":"<!-- This site is optimized with the Yoast SEO Premium plugin v25.3 (Yoast SEO v25.9) - https:\/\/yoast.com\/wordpress\/plugins\/seo\/ -->\n<title>Qu\u00e9 ropa debe llevar un ciclista en primavera - \u0160koda We Love Cycling - Spain<\/title>\n<meta name=\"description\" content=\"Qu\u00e9 ropa debe llevar un ciclista en primavera. Consejos para vestir en primavera con un tiempo cambiante, que pronto hace fr\u00edo o calor.\" \/>\n<meta name=\"robots\" content=\"index, follow, max-snippet:-1, max-image-preview:large, max-video-preview:-1\" \/>\n<link rel=\"canonical\" href=\"https:\/\/www.welovecycling.com\/es\/2019\/04\/08\/ropa-ciclista-primavera\/\" \/>\n<meta property=\"og:locale\" content=\"es_ES\" \/>\n<meta property=\"og:type\" content=\"article\" \/>\n<meta property=\"og:title\" content=\"Qu\u00e9 ropa debe llevar un ciclista en primavera\" \/>\n<meta property=\"og:description\" content=\"Qu\u00e9 ropa debe llevar un ciclista en primavera. Consejos para vestir en primavera con un tiempo cambiante, que pronto hace fr\u00edo o calor.\" \/>\n<meta property=\"og:url\" content=\"https:\/\/www.welovecycling.com\/es\/2019\/04\/08\/ropa-ciclista-primavera\/\" \/>\n<meta property=\"og:site_name\" content=\"\u0160koda We Love Cycling - Spain\" \/>\n<meta property=\"article:published_time\" content=\"2019-04-08T21:33:47+00:00\" \/>\n<meta property=\"og:image\" content=\"https:\/\/d2p6e6u75xmxt8.cloudfront.net\/6\/2019\/04\/Cycling-gear-profimedia-0295790172-CVR.jpg\" \/>\n\t<meta property=\"og:image:width\" content=\"1366\" \/>\n\t<meta property=\"og:image:height\" content=\"600\" \/>\n\t<meta property=\"og:image:type\" content=\"image\/jpeg\" \/>\n<meta name=\"author\" content=\"We Love Cycling Spain\" \/>\n<meta name=\"twitter:card\" content=\"summary_large_image\" \/>\n<meta name=\"twitter:title\" content=\"Qu\u00e9 ropa debe llevar un ciclista en primavera\" \/>\n<meta name=\"twitter:description\" content=\"Qu\u00e9 ropa debe llevar un ciclista en primavera. Consejos para vestir en primavera con un tiempo cambiante, que pronto hace fr\u00edo o calor.\" \/>\n<meta name=\"twitter:label1\" content=\"Written by\" \/>\n\t<meta name=\"twitter:data1\" content=\"Christopher Ashley\" \/>\n\t<meta name=\"twitter:label2\" content=\"Est. reading time\" \/>\n\t<meta name=\"twitter:data2\" content=\"7\" \/>\n<script type=\"application\/ld+json\" class=\"yoast-schema-graph\">{\"@context\":\"https:\/\/schema.org\",\"@graph\":[{\"@type\":\"WebPage\",\"@id\":\"https:\/\/www.welovecycling.com\/es\/2019\/04\/08\/ropa-ciclista-primavera\/\",\"url\":\"https:\/\/www.welovecycling.com\/es\/2019\/04\/08\/ropa-ciclista-primavera\/\",\"name\":\"Qu\u00e9 ropa debe llevar un ciclista en primavera - \u0160koda We Love Cycling - Spain\",\"isPartOf\":{\"@id\":\"https:\/\/www.welovecycling.com\/es\/#website\"},\"primaryImageOfPage\":{\"@id\":\"https:\/\/www.welovecycling.com\/es\/2019\/04\/08\/ropa-ciclista-primavera\/#primaryimage\"},\"image\":{\"@id\":\"https:\/\/www.welovecycling.com\/es\/2019\/04\/08\/ropa-ciclista-primavera\/#primaryimage\"},\"thumbnailUrl\":\"https:\/\/d2p6e6u75xmxt8.cloudfront.net\/6\/2019\/04\/Cycling-gear-profimedia-0295790172-CVR.jpg\",\"datePublished\":\"2019-04-08T21:33:47+00:00\",\"author\":{\"@id\":\"https:\/\/www.welovecycling.com\/es\/#\/schema\/person\/deb61715b5812698ee79fb96f343ccd4\"},\"description\":\"Qu\u00e9 ropa debe llevar un ciclista en primavera. Consejos para vestir en primavera con un tiempo cambiante, que pronto hace fr\u00edo o calor.\",\"breadcrumb\":{\"@id\":\"https:\/\/www.welovecycling.com\/es\/2019\/04\/08\/ropa-ciclista-primavera\/#breadcrumb\"},\"inLanguage\":\"es-ES\",\"potentialAction\":[{\"@type\":\"ReadAction\",\"target\":[\"https:\/\/www.welovecycling.com\/es\/2019\/04\/08\/ropa-ciclista-primavera\/\"]}]},{\"@type\":\"ImageObject\",\"inLanguage\":\"es-ES\",\"@id\":\"https:\/\/www.welovecycling.com\/es\/2019\/04\/08\/ropa-ciclista-primavera\/#primaryimage\",\"url\":\"https:\/\/d2p6e6u75xmxt8.cloudfront.net\/6\/2019\/04\/Cycling-gear-profimedia-0295790172-CVR.jpg\",\"contentUrl\":\"https:\/\/d2p6e6u75xmxt8.cloudfront.net\/6\/2019\/04\/Cycling-gear-profimedia-0295790172-CVR.jpg\",\"width\":1366,\"height\":600,\"caption\":\"\u00a9Profimedia\"},{\"@type\":\"BreadcrumbList\",\"@id\":\"https:\/\/www.welovecycling.com\/es\/2019\/04\/08\/ropa-ciclista-primavera\/#breadcrumb\",\"itemListElement\":[{\"@type\":\"ListItem\",\"position\":1,\"name\":\"Home\",\"item\":\"https:\/\/www.welovecycling.com\/es\/\"},{\"@type\":\"ListItem\",\"position\":2,\"name\":\"Qu\u00e9 ropa debe llevar un ciclista en primavera\"}]},{\"@type\":\"WebSite\",\"@id\":\"https:\/\/www.welovecycling.com\/es\/#website\",\"url\":\"https:\/\/www.welovecycling.com\/es\/\",\"name\":\"\u0160koda We Love Cycling - Spain\",\"description\":\"\u0160koda WeLoveCycling Spain\",\"potentialAction\":[{\"@type\":\"SearchAction\",\"target\":{\"@type\":\"EntryPoint\",\"urlTemplate\":\"https:\/\/www.welovecycling.com\/es\/?s={search_term_string}\"},\"query-input\":{\"@type\":\"PropertyValueSpecification\",\"valueRequired\":true,\"valueName\":\"search_term_string\"}}],\"inLanguage\":\"es-ES\"},{\"@type\":\"Person\",\"@id\":\"https:\/\/www.welovecycling.com\/es\/#\/schema\/person\/deb61715b5812698ee79fb96f343ccd4\",\"name\":\"We Love Cycling Spain\",\"image\":{\"@type\":\"ImageObject\",\"inLanguage\":\"es-ES\",\"@id\":\"https:\/\/www.welovecycling.com\/es\/#\/schema\/person\/image\/\",\"url\":\"https:\/\/secure.gravatar.com\/avatar\/c824b04e6df0e37a03219d0b6481672889df542894588964102459e46513159c?s=96&d=mm&r=g\",\"contentUrl\":\"https:\/\/secure.gravatar.com\/avatar\/c824b04e6df0e37a03219d0b6481672889df542894588964102459e46513159c?s=96&d=mm&r=g\",\"caption\":\"We Love Cycling Spain\"},\"url\":\"https:\/\/www.welovecycling.com\/es\/author\/amunoz\/\"}]}<\/script>\n<!-- \/ Yoast SEO Premium plugin. -->","yoast_head_json":{"title":"Qu\u00e9 ropa debe llevar un ciclista en primavera - \u0160koda We Love Cycling - Spain","description":"Qu\u00e9 ropa debe llevar un ciclista en primavera. Consejos para vestir en primavera con un tiempo cambiante, que pronto hace fr\u00edo o calor.","robots":{"index":"index","follow":"follow","max-snippet":"max-snippet:-1","max-image-preview":"max-image-preview:large","max-video-preview":"max-video-preview:-1"},"canonical":"https:\/\/www.welovecycling.com\/es\/2019\/04\/08\/ropa-ciclista-primavera\/","og_locale":"es_ES","og_type":"article","og_title":"Qu\u00e9 ropa debe llevar un ciclista en primavera","og_description":"Qu\u00e9 ropa debe llevar un ciclista en primavera. Consejos para vestir en primavera con un tiempo cambiante, que pronto hace fr\u00edo o calor.","og_url":"https:\/\/www.welovecycling.com\/es\/2019\/04\/08\/ropa-ciclista-primavera\/","og_site_name":"\u0160koda We Love Cycling - Spain","article_published_time":"2019-04-08T21:33:47+00:00","og_image":[{"width":1366,"height":600,"url":"https:\/\/d2p6e6u75xmxt8.cloudfront.net\/6\/2019\/04\/Cycling-gear-profimedia-0295790172-CVR.jpg","type":"image\/jpeg"}],"author":"We Love Cycling Spain","twitter_card":"summary_large_image","twitter_title":"Qu\u00e9 ropa debe llevar un ciclista en primavera","twitter_description":"Qu\u00e9 ropa debe llevar un ciclista en primavera. Consejos para vestir en primavera con un tiempo cambiante, que pronto hace fr\u00edo o calor.","twitter_misc":{"Written by":"Christopher Ashley","Est. reading time":"7"},"schema":{"@context":"https:\/\/schema.org","@graph":[{"@type":"WebPage","@id":"https:\/\/www.welovecycling.com\/es\/2019\/04\/08\/ropa-ciclista-primavera\/","url":"https:\/\/www.welovecycling.com\/es\/2019\/04\/08\/ropa-ciclista-primavera\/","name":"Qu\u00e9 ropa debe llevar un ciclista en primavera - \u0160koda We Love Cycling - Spain","isPartOf":{"@id":"https:\/\/www.welovecycling.com\/es\/#website"},"primaryImageOfPage":{"@id":"https:\/\/www.welovecycling.com\/es\/2019\/04\/08\/ropa-ciclista-primavera\/#primaryimage"},"image":{"@id":"https:\/\/www.welovecycling.com\/es\/2019\/04\/08\/ropa-ciclista-primavera\/#primaryimage"},"thumbnailUrl":"https:\/\/d2p6e6u75xmxt8.cloudfront.net\/6\/2019\/04\/Cycling-gear-profimedia-0295790172-CVR.jpg","datePublished":"2019-04-08T21:33:47+00:00","author":{"@id":"https:\/\/www.welovecycling.com\/es\/#\/schema\/person\/deb61715b5812698ee79fb96f343ccd4"},"description":"Qu\u00e9 ropa debe llevar un ciclista en primavera. Consejos para vestir en primavera con un tiempo cambiante, que pronto hace fr\u00edo o calor.","breadcrumb":{"@id":"https:\/\/www.welovecycling.com\/es\/2019\/04\/08\/ropa-ciclista-primavera\/#breadcrumb"},"inLanguage":"es-ES","potentialAction":[{"@type":"ReadAction","target":["https:\/\/www.welovecycling.com\/es\/2019\/04\/08\/ropa-ciclista-primavera\/"]}]},{"@type":"ImageObject","inLanguage":"es-ES","@id":"https:\/\/www.welovecycling.com\/es\/2019\/04\/08\/ropa-ciclista-primavera\/#primaryimage","url":"https:\/\/d2p6e6u75xmxt8.cloudfront.net\/6\/2019\/04\/Cycling-gear-profimedia-0295790172-CVR.jpg","contentUrl":"https:\/\/d2p6e6u75xmxt8.cloudfront.net\/6\/2019\/04\/Cycling-gear-profimedia-0295790172-CVR.jpg","width":1366,"height":600,"caption":"\u00a9Profimedia"},{"@type":"BreadcrumbList","@id":"https:\/\/www.welovecycling.com\/es\/2019\/04\/08\/ropa-ciclista-primavera\/#breadcrumb","itemListElement":[{"@type":"ListItem","position":1,"name":"Home","item":"https:\/\/www.welovecycling.com\/es\/"},{"@type":"ListItem","position":2,"name":"Qu\u00e9 ropa debe llevar un ciclista en primavera"}]},{"@type":"WebSite","@id":"https:\/\/www.welovecycling.com\/es\/#website","url":"https:\/\/www.welovecycling.com\/es\/","name":"\u0160koda We Love Cycling - Spain","description":"\u0160koda WeLoveCycling Spain","potentialAction":[{"@type":"SearchAction","target":{"@type":"EntryPoint","urlTemplate":"https:\/\/www.welovecycling.com\/es\/?s={search_term_string}"},"query-input":{"@type":"PropertyValueSpecification","valueRequired":true,"valueName":"search_term_string"}}],"inLanguage":"es-ES"},{"@type":"Person","@id":"https:\/\/www.welovecycling.com\/es\/#\/schema\/person\/deb61715b5812698ee79fb96f343ccd4","name":"We Love Cycling Spain","image":{"@type":"ImageObject","inLanguage":"es-ES","@id":"https:\/\/www.welovecycling.com\/es\/#\/schema\/person\/image\/","url":"https:\/\/secure.gravatar.com\/avatar\/c824b04e6df0e37a03219d0b6481672889df542894588964102459e46513159c?s=96&d=mm&r=g","contentUrl":"https:\/\/secure.gravatar.com\/avatar\/c824b04e6df0e37a03219d0b6481672889df542894588964102459e46513159c?s=96&d=mm&r=g","caption":"We Love Cycling Spain"},"url":"https:\/\/www.welovecycling.com\/es\/author\/amunoz\/"}]}},"_links":{"self":[{"href":"https:\/\/www.welovecycling.com\/es\/wp-json\/wp\/v2\/posts\/4440","targetHints":{"allow":["GET"]}}],"collection":[{"href":"https:\/\/www.welovecycling.com\/es\/wp-json\/wp\/v2\/posts"}],"about":[{"href":"https:\/\/www.welovecycling.com\/es\/wp-json\/wp\/v2\/types\/post"}],"author":[{"embeddable":true,"href":"https:\/\/www.welovecycling.com\/es\/wp-json\/wp\/v2\/users\/29"}],"replies":[{"embeddable":true,"href":"https:\/\/www.welovecycling.com\/es\/wp-json\/wp\/v2\/comments?post=4440"}],"version-history":[{"count":1,"href":"https:\/\/www.welovecycling.com\/es\/wp-json\/wp\/v2\/posts\/4440\/revisions"}],"predecessor-version":[{"id":4453,"href":"https:\/\/www.welovecycling.com\/es\/wp-json\/wp\/v2\/posts\/4440\/revisions\/4453"}],"wp:featuredmedia":[{"embeddable":true,"href":"https:\/\/www.welovecycling.com\/es\/wp-json\/wp\/v2\/media\/4445"}],"wp:attachment":[{"href":"https:\/\/www.welovecycling.com\/es\/wp-json\/wp\/v2\/media?parent=4440"}],"wp:term":[{"taxonomy":"category","embeddable":true,"href":"https:\/\/www.welovecycling.com\/es\/wp-json\/wp\/v2\/categories?post=4440"},{"taxonomy":"post_tag","embeddable":true,"href":"https:\/\/www.welovecycling.com\/es\/wp-json\/wp\/v2\/tags?post=4440"},{"taxonomy":"global-categories","embeddable":true,"href":"https:\/\/www.welovecycling.com\/es\/wp-json\/wp\/v2\/global-categories?post=4440"}],"curies":[{"name":"wp","href":"https:\/\/api.w.org\/{rel}","templated":true}]}}