{"id":4416,"date":"2019-04-01T21:22:21","date_gmt":"2019-04-01T19:22:21","guid":{"rendered":"https:\/\/www.welovecycling.com\/es\/?p=4416"},"modified":"2019-04-15T12:17:29","modified_gmt":"2019-04-15T10:17:29","slug":"ciclistas-y-visibilidad","status":"publish","type":"post","link":"https:\/\/www.welovecycling.com\/es\/2019\/04\/01\/ciclistas-y-visibilidad\/","title":{"rendered":"Ciclistas y visibilidad. C\u00f3mo hacer que te vean los coches"},"content":{"rendered":"<p><strong>\u00bfQu\u00e9 ropa y complementos deben usar los ciclistas para tener visibilidad ante los dem\u00e1s usuarios de la carretera? \u00bfPor qu\u00e9 es desaconsejable desbloquear el iPhone mientras se conduce? Esto y mucho m\u00e1s se explica en este art\u00edculo sobre la visibilidad de los ciclistas.<\/strong><\/p>\n<p><!--more--><\/p>\n<p>Seg\u00fan los an\u00e1lisis del Centro de Investigaci\u00f3n de Seguridad de Tr\u00e1fico de \u0160koda, los accidentes nocturnos entre coches y ciclistas tienen consecuencias m\u00e1s graves, lo que est\u00e1 estrechamente relacionado con la mala visibilidad. &#8220;Curiosamente, las colisiones ocurren principalmente en carreteras rectas fuera de los pueblos y ciudades. La causa suele ser la alta velocidad. Otro factor que contribuye es la baja intensidad luminosa de las luces de las bicicletas&#8221;, dice Ji\u0159\u00ed Polomis de la agencia checa BESIP, que busca mejorar la seguridad vial. Entonces, \u00bfcu\u00e1l es el comportamiento m\u00e1s peligroso y c\u00f3mo prevenirlo?<\/p>\n<figure id=\"attachment_4417\" aria-describedby=\"caption-attachment-4417\" style=\"width: 1024px\" class=\"wp-caption alignnone\"><a href=\"https:\/\/d2p6e6u75xmxt8.cloudfront.net\/2\/2019\/03\/night-cycling-pexels-48598.jpg\"><img loading=\"lazy\" decoding=\"async\" class=\"wp-image-4417 size-large\" src=\"https:\/\/d2p6e6u75xmxt8.cloudfront.net\/6\/2019\/04\/night-cycling-pexels-48598-1024x604.jpg\" alt=\"\" width=\"1024\" height=\"604\" srcset=\"https:\/\/d2p6e6u75xmxt8.cloudfront.net\/6\/2019\/04\/night-cycling-pexels-48598-1024x604.jpg 1024w, https:\/\/d2p6e6u75xmxt8.cloudfront.net\/6\/2019\/04\/night-cycling-pexels-48598-300x177.jpg 300w, https:\/\/d2p6e6u75xmxt8.cloudfront.net\/6\/2019\/04\/night-cycling-pexels-48598-768x453.jpg 768w, https:\/\/d2p6e6u75xmxt8.cloudfront.net\/6\/2019\/04\/night-cycling-pexels-48598.jpg 1280w\" sizes=\"auto, (max-width: 1024px) 100vw, 1024px\" \/><\/a><figcaption id=\"caption-attachment-4417\" class=\"wp-caption-text\">Numerosos estudios dicen que los accidentes se producen en carreteras rectas.<\/figcaption><\/figure>\n<h2><strong><br \/>\n\u00bfPor qu\u00e9 los ciclistas creen que son visibles cuando no lo son?<\/strong><\/h2>\n<p>Cada minuto detr\u00e1s del volante aporta decenas o centenares de datos de nuestro comportamiento, lo que determina nuestro estilo de conducci\u00f3n. La mayor\u00eda de las circunstancias son tratadas subconscientemente, y s\u00f3lo dirigimos nuestros pensamientos a situaciones potencialmente peligrosas. Como resultado, es natural que los conductores centren su atenci\u00f3n en los lugares donde podr\u00eda aparecer otro coche. Se podr\u00eda suponer que la mayor parte de las colisiones entre coche y bici se producen en tramos de carretera complicados, como los cruces. Sin embargo, numerosos estudios han demostrado que la mitad de los accidentes ocurren en carreteras rectas.<\/p>\n<p>Mientras que los ciclistas pueden pensar r\u00e1pidamente que la explicaci\u00f3n es la falta de atenci\u00f3n de los conductores, la verdad es mucho m\u00e1s simple: el conductor simplemente no vio al ciclista. Decenas de situaciones similares ocurren en pa\u00edses de todo el mundo. La conclusi\u00f3n es clara: los ciclistas tienden a sobrestimar su propia visibilidad. En otras palabras, piensan que son m\u00e1s visibles de lo que realmente son. El problema es que perciben la realidad desde su propio punto de vista. Perciben el mundo desde la posici\u00f3n de un observador relativamente lento que puede ver y o\u00edr un coche ruidoso e iluminado desde lejos. No se dan cuenta de lo mucho que se mezclan con su entorno a los ojos de un conductor.<\/p>\n<h2><strong>\u00bfQu\u00e9 colores son m\u00e1s visibles?<\/strong><\/h2>\n<p>Ya en 2004 una serie de estudios demostr\u00f3 que los conductores pueden ver los colores fluorescentes antes, mejor y a mayor distancia que otros colores. Los colores fluorescentes reflejan la radiaci\u00f3n UV invisible en un espectro que puede ser visto por el ojo humano, incluso un 200% m\u00e1s claramente que los colores convencionales.<\/p>\n<p>Los colores m\u00e1s adecuados son el naranja y el amarillo, que son muy raros en la naturaleza, y los conductores responden bien a ellos porque est\u00e1n asociados con se\u00f1ales de advertencia. Las tiras fluorescentes se encuentran entre las prendas m\u00e1s adecuadas, ya que fueron vistas 3,3 veces antes por los conductores que las chaquetas fluorescentes. Sin embargo, los ciclistas deben ser conscientes de que los colores fluorescentes no funcionan de noche, ya que las luces de los coches no emiten rayos UV.<\/p>\n<figure id=\"attachment_4418\" aria-describedby=\"caption-attachment-4418\" style=\"width: 1024px\" class=\"wp-caption alignnone\"><a href=\"https:\/\/d2p6e6u75xmxt8.cloudfront.net\/2\/2019\/03\/high-visibility-clothes-profimedia-0260048102.jpg\"><img loading=\"lazy\" decoding=\"async\" class=\"wp-image-4418 size-large\" src=\"https:\/\/d2p6e6u75xmxt8.cloudfront.net\/6\/2019\/04\/high-visibility-clothes-profimedia-0260048102-1024x682.jpg\" alt=\"\" width=\"1024\" height=\"682\" srcset=\"https:\/\/d2p6e6u75xmxt8.cloudfront.net\/6\/2019\/04\/high-visibility-clothes-profimedia-0260048102-1024x682.jpg 1024w, https:\/\/d2p6e6u75xmxt8.cloudfront.net\/6\/2019\/04\/high-visibility-clothes-profimedia-0260048102-300x200.jpg 300w, https:\/\/d2p6e6u75xmxt8.cloudfront.net\/6\/2019\/04\/high-visibility-clothes-profimedia-0260048102-768x512.jpg 768w, https:\/\/d2p6e6u75xmxt8.cloudfront.net\/6\/2019\/04\/high-visibility-clothes-profimedia-0260048102-272x182.jpg 272w, https:\/\/d2p6e6u75xmxt8.cloudfront.net\/6\/2019\/04\/high-visibility-clothes-profimedia-0260048102.jpg 1250w\" sizes=\"auto, (max-width: 1024px) 100vw, 1024px\" \/><\/a><figcaption id=\"caption-attachment-4418\" class=\"wp-caption-text\">Los colores m\u00e1s visibles, naranja y amarillo. \u00a9Profimedia<\/figcaption><\/figure>\n<h2><strong><br \/>\nLa puesta de sol<\/strong><\/h2>\n<p>Los materiales reflectantes son \u00fatiles cuando oscurece, ya que pueden reflejar la luz artificial. Por otro lado, su escasa transpirabilidad los hace inadecuados como materiales para la confecci\u00f3n, por lo que se utilizan sobre todo en chalecos. &#8220;Por la noche, el material reflectante es visible a una distancia 3 veces mayor que la ropa blanca y a una distancia 10 veces mayor que la ropa azul&#8221;, dice Ji\u0159\u00ed Polomis de la agencia BESIP.<\/p>\n<p>El objetivo de la mayor investigaci\u00f3n conocida, que se llev\u00f3 a cabo en Suecia entre 2012 y 2013 y en la que participaron 6.793 ciclistas, fue averiguar si una chaqueta de color amarillo brillante puede prevenir realmente la colisi\u00f3n entre la bicicleta y el coche. Para conseguir suficientes voluntarios, los investigadores los estaban reclutando con la ayuda de los medios de comunicaci\u00f3n, e incluso organizaron un sorteo de premios para dar a los voluntarios una motivaci\u00f3n adecuada. Los participantes fueron divididos en dos grupos, uno de ellos con ropa amarilla (de la talla XS a la XXL) y el otro con su propia ropa. Cuando se compararon los resultados un a\u00f1o despu\u00e9s, result\u00f3 que el grupo de amarillo experiment\u00f3 un 47% menos de accidentes en general, y un 55% menos de colisiones con veh\u00edculos motorizados.<\/p>\n<p>Otro estudio del mismo per\u00edodo realizado por el Dr. Rick Tyrrel de la Universidad de Clemson, Carolina del Sur, mostr\u00f3 que los ciclistas que usan chalecos reflectantes tienen un 67% de posibilidades de ser registrados a tiempo por los conductores. Las posibilidades aumentan al 94% si los chalecos se complementan con bandas reflectantes en las rodillas y tobillos. Se ha demostrado que los conductores responden mejor a los objetos en movimiento. Mientras el chaleco permanece en el mismo nivel todo el tiempo y, por lo tanto, puede confundirse con la se\u00f1alizaci\u00f3n de la carretera, los tobillos del ciclista siguen movi\u00e9ndose hacia arriba y hacia abajo, lo que los hace f\u00e1cilmente reconocibles incluso a distancia. Otro factor que contribuye es que las luces de los faros del coche est\u00e1n apuntando de la cintura hacia abajo del ciclista.<\/p>\n<figure id=\"attachment_4419\" aria-describedby=\"caption-attachment-4419\" style=\"width: 1250px\" class=\"wp-caption alignnone\"><a href=\"https:\/\/d2p6e6u75xmxt8.cloudfront.net\/6\/2019\/04\/bicycle-lights-profimedia-0098729045-1.jpg\"><img loading=\"lazy\" decoding=\"async\" class=\"size-full wp-image-4419\" src=\"https:\/\/d2p6e6u75xmxt8.cloudfront.net\/6\/2019\/04\/bicycle-lights-profimedia-0098729045-1.jpg\" alt=\"\" width=\"1250\" height=\"836\" srcset=\"https:\/\/d2p6e6u75xmxt8.cloudfront.net\/6\/2019\/04\/bicycle-lights-profimedia-0098729045-1.jpg 1250w, https:\/\/d2p6e6u75xmxt8.cloudfront.net\/6\/2019\/04\/bicycle-lights-profimedia-0098729045-1-300x201.jpg 300w, https:\/\/d2p6e6u75xmxt8.cloudfront.net\/6\/2019\/04\/bicycle-lights-profimedia-0098729045-1-768x514.jpg 768w, https:\/\/d2p6e6u75xmxt8.cloudfront.net\/6\/2019\/04\/bicycle-lights-profimedia-0098729045-1-1024x685.jpg 1024w, https:\/\/d2p6e6u75xmxt8.cloudfront.net\/6\/2019\/04\/bicycle-lights-profimedia-0098729045-1-272x182.jpg 272w\" sizes=\"auto, (max-width: 1250px) 100vw, 1250px\" \/><\/a><figcaption id=\"caption-attachment-4419\" class=\"wp-caption-text\">Enciende la luz tambi\u00e9n durante el d\u00eda. \u00a9Profimedia, Alamy<\/figcaption><\/figure>\n<h2><strong><br \/>\n\u00bfPor qu\u00e9 encender las luces durante el d\u00eda?<br \/>\n<\/strong><\/h2>\n<p>Ni que decir tiene que los ciclistas deben llevar luces delanteras y traseras durante la noche o en condiciones de poca visibilidad. La investigaci\u00f3n ha demostrado, sin embargo, que la iluminaci\u00f3n diurna mejora la seguridad en gran medida. Seg\u00fan un estudio dan\u00e9s de 2012, el riesgo de colisi\u00f3n con un coche disminuy\u00f3 un 19% en los ciclistas que utilizaban sus luces durante el d\u00eda. Puede ser decepcionante que la mayor\u00eda de las luces nocturnas sean in\u00fatiles durante el d\u00eda, ya que deben ser lo suficientemente potentes como para &#8220;vencer&#8221; a la luz del d\u00eda. La potencia de una luz frontal adecuada debe ser de al menos 100 l\u00famenes. Hoy en d\u00eda el mercado ofrece luces con una potencia de varios cientos o miles de l\u00famenes, cuanto m\u00e1s, mejor. Naturalmente, una mejor calidad y un mayor rendimiento aumentan el precio. Por ejemplo, un juego de luces delanteras (1.100 l\u00famenes) y traseras (300 l\u00famenes) de Lezyne cuesta 130 euros.<\/p>\n<p>Mientras que para los paseos nocturnos se recomienda una luz delantera fija, durante el d\u00eda es aconsejable utilizar el modo intermitente, ya que permite distinguir r\u00e1pidamente al ciclista de su entorno. No se trata s\u00f3lo de la intensidad, la luz tambi\u00e9n debe montarse en un \u00e1ngulo correcto. Se ha demostrado que desviando la luz trasera de la tija de sill\u00edn en tan s\u00f3lo 10\u00ba respecto a la l\u00ednea central de la pista se reducen considerablemente las posibilidades de ser visto a tiempo por un conductor que viene en sentido contrario.<\/p>\n<h2><strong>Que puedes hacer para mejorar tu visiblidad<\/strong><\/h2>\n<ul>\n<li>&#8211; Enciende tus luces incluso durante el d\u00eda &#8211; la luz trasera debe tener una potencia de 100 l\u00famenes, la luz delantera puede ser m\u00e1s potente.<br \/>\n&#8211; Utilizar el modo intermitente durante el d\u00eda, luz fija durante la noche<br \/>\n&#8211; Usar colores fluorescentes con elementos reflectantes<br \/>\n&#8211; Equiparse con bandas reflectantes por la noche &#8211; el lugar ideal para usarlas son los tobillos, ya que se mueven hacia arriba y hacia abajo.<\/p>\n<p>Un estudio realizado en Suecia en 2016 examin\u00f3 de qu\u00e9 manera los conductores adelantaban a los ciclistas en una carretera recta y en un espacio abierto. Result\u00f3 que, en promedio, los conductores comienzan a adelantar s\u00f3lo 1,5 segundos antes de que el coche alcance al ciclista. En caso de que todo el mundo sea consciente de todo el mundo, es muy probable que el encuentro sea seguro. Sin embargo, incluso un breve momento de desatenci\u00f3n puede resultar en colisi\u00f3n. Todo lo que se necesita es una mala visibilidad del ciclista o una atenci\u00f3n insuficiente por parte del conductor. Se ha calculado que encontrar y desbloquear un iPhone lleva unos 4 segundos. Eso es suficiente para que un coche a 50 km\/h cruce todo el campo de f\u00fatbol. Por eso, los expertos en seguridad elogian los modernos sistemas de asistencia instalados en los veh\u00edculos nuevos que son capaces de alertar al conductor sobre el riesgo de colisi\u00f3n con un obst\u00e1culo delante del veh\u00edculo, incluidos los ciclistas.<\/li>\n<\/ul>\n<p><a href=\"https:\/\/d2p6e6u75xmxt8.cloudfront.net\/2\/2019\/03\/car-and-bike-pexels-763398.jpg\"><img loading=\"lazy\" decoding=\"async\" class=\"alignnone size-large wp-image-4420\" src=\"https:\/\/d2p6e6u75xmxt8.cloudfront.net\/6\/2019\/04\/car-and-bike-pexels-763398-1024x681.jpg\" alt=\"\" width=\"1024\" height=\"681\" srcset=\"https:\/\/d2p6e6u75xmxt8.cloudfront.net\/6\/2019\/04\/car-and-bike-pexels-763398-1024x681.jpg 1024w, https:\/\/d2p6e6u75xmxt8.cloudfront.net\/6\/2019\/04\/car-and-bike-pexels-763398-300x199.jpg 300w, https:\/\/d2p6e6u75xmxt8.cloudfront.net\/6\/2019\/04\/car-and-bike-pexels-763398-768x511.jpg 768w, https:\/\/d2p6e6u75xmxt8.cloudfront.net\/6\/2019\/04\/car-and-bike-pexels-763398-272x182.jpg 272w, https:\/\/d2p6e6u75xmxt8.cloudfront.net\/6\/2019\/04\/car-and-bike-pexels-763398.jpg 1280w\" sizes=\"auto, (max-width: 1024px) 100vw, 1024px\" \/><\/a><\/p>\n<h2><strong>\u00bfUtopia o el futuro?<\/strong><\/h2>\n<p>Por supuesto que el mundo no es un lugar ideal, pero si lo fuera, el adelantamiento se producir\u00eda as\u00ed: el ciclista sabe que la conducci\u00f3n requiere una intensa concentraci\u00f3n, por lo que le facilita al conductor el trabajo llevando ropa de colores brillantes y utilizando luces. El conductor puede ver al ciclista a distancia, lo que le permite responder a tiempo, reducir la velocidad y adelantar al ciclista en el momento adecuado. Ambos se respetan, se evitan de forma segura, y si pudieran escucharse, quiz\u00e1s incluso se saludar\u00edan. &#8220;Hola, gracias, adi\u00f3s&#8230;&#8221; Tal vez vivamos para ver que esto suceda alg\u00fan d\u00eda.<\/p>\n","protected":false},"excerpt":{"rendered":"<p>\u00bfQu\u00e9 ropa y complementos deben usar los ciclistas para tener visibilidad ante los dem\u00e1s usuarios de la carretera? \u00bfPor qu\u00e9 [&hellip;]<\/p>\n","protected":false},"author":29,"featured_media":4422,"comment_status":"open","ping_status":"open","sticky":false,"template":"","format":"standard","meta":{"footnotes":""},"categories":[7,968,6],"tags":[953,951,952,852,950],"global-categories":[],"class_list":["post-4416","post","type-post","status-publish","format-standard","has-post-thumbnail","hentry","category-carretera","category-seguridad","category-urban","tag-aumentar-la-visibilidad-del-ciclista","tag-luces-ciclismo","tag-seguridad-ciclista","tag-seguridad-vial-ciclismo","tag-visibilidad-ciclista"],"yoast_head":"<!-- This site is optimized with the Yoast SEO Premium plugin v25.3 (Yoast SEO v25.9) - https:\/\/yoast.com\/wordpress\/plugins\/seo\/ -->\n<title>Ciclistas y visibilidad. C\u00f3mo hacer que te vean los coches - \u0160koda We Love Cycling - Spain<\/title>\n<meta name=\"description\" content=\"Ciclistas y visibilidad. C\u00f3mo hacer que te vean los coches. Consejos para mejorar la visibilidad de los ciclistas en la carretera.\" \/>\n<meta name=\"robots\" content=\"index, follow, max-snippet:-1, max-image-preview:large, max-video-preview:-1\" \/>\n<link rel=\"canonical\" href=\"https:\/\/www.welovecycling.com\/es\/2019\/04\/01\/ciclistas-y-visibilidad\/\" \/>\n<meta property=\"og:locale\" content=\"es_ES\" \/>\n<meta property=\"og:type\" content=\"article\" \/>\n<meta property=\"og:title\" content=\"Ciclistas y visibilidad. C\u00f3mo hacer que te vean los coches.\" \/>\n<meta property=\"og:description\" content=\"Ciclistas y visibilidad. C\u00f3mo hacer que te vean los coches. Consejos para mejorar la visibilidad de los ciclistas en la carretera.\" \/>\n<meta property=\"og:url\" content=\"https:\/\/www.welovecycling.com\/es\/2019\/04\/01\/ciclistas-y-visibilidad\/\" \/>\n<meta property=\"og:site_name\" content=\"\u0160koda We Love Cycling - Spain\" \/>\n<meta property=\"article:published_time\" content=\"2019-04-01T19:22:21+00:00\" \/>\n<meta property=\"article:modified_time\" content=\"2019-04-15T10:17:29+00:00\" \/>\n<meta property=\"og:image\" content=\"https:\/\/d2p6e6u75xmxt8.cloudfront.net\/6\/2019\/04\/dark-cyclist-profimedia-0277291813-CVR.jpg\" \/>\n\t<meta property=\"og:image:width\" content=\"1366\" \/>\n\t<meta property=\"og:image:height\" content=\"600\" \/>\n\t<meta property=\"og:image:type\" content=\"image\/jpeg\" \/>\n<meta name=\"author\" content=\"We Love Cycling Spain\" \/>\n<meta name=\"twitter:card\" content=\"summary_large_image\" \/>\n<meta name=\"twitter:title\" content=\"Ciclistas y visibilidad. C\u00f3mo hacer que te vean los coches.\" \/>\n<meta name=\"twitter:description\" content=\"Ciclistas y visibilidad. C\u00f3mo hacer que te vean los coches. Consejos para mejorar la visibilidad de los ciclistas en la carretera.\" \/>\n<meta name=\"twitter:label1\" content=\"Written by\" \/>\n\t<meta name=\"twitter:data1\" content=\"Adam Mar\u0161\u00e1l\" \/>\n\t<meta name=\"twitter:label2\" content=\"Est. reading time\" \/>\n\t<meta name=\"twitter:data2\" content=\"7\" \/>\n<script type=\"application\/ld+json\" class=\"yoast-schema-graph\">{\"@context\":\"https:\/\/schema.org\",\"@graph\":[{\"@type\":\"WebPage\",\"@id\":\"https:\/\/www.welovecycling.com\/es\/2019\/04\/01\/ciclistas-y-visibilidad\/\",\"url\":\"https:\/\/www.welovecycling.com\/es\/2019\/04\/01\/ciclistas-y-visibilidad\/\",\"name\":\"Ciclistas y visibilidad. C\u00f3mo hacer que te vean los coches - \u0160koda We Love Cycling - Spain\",\"isPartOf\":{\"@id\":\"https:\/\/www.welovecycling.com\/es\/#website\"},\"primaryImageOfPage\":{\"@id\":\"https:\/\/www.welovecycling.com\/es\/2019\/04\/01\/ciclistas-y-visibilidad\/#primaryimage\"},\"image\":{\"@id\":\"https:\/\/www.welovecycling.com\/es\/2019\/04\/01\/ciclistas-y-visibilidad\/#primaryimage\"},\"thumbnailUrl\":\"https:\/\/d2p6e6u75xmxt8.cloudfront.net\/6\/2019\/04\/dark-cyclist-profimedia-0277291813-CVR.jpg\",\"datePublished\":\"2019-04-01T19:22:21+00:00\",\"dateModified\":\"2019-04-15T10:17:29+00:00\",\"author\":{\"@id\":\"https:\/\/www.welovecycling.com\/es\/#\/schema\/person\/deb61715b5812698ee79fb96f343ccd4\"},\"description\":\"Ciclistas y visibilidad. C\u00f3mo hacer que te vean los coches. Consejos para mejorar la visibilidad de los ciclistas en la carretera.\",\"breadcrumb\":{\"@id\":\"https:\/\/www.welovecycling.com\/es\/2019\/04\/01\/ciclistas-y-visibilidad\/#breadcrumb\"},\"inLanguage\":\"es-ES\",\"potentialAction\":[{\"@type\":\"ReadAction\",\"target\":[\"https:\/\/www.welovecycling.com\/es\/2019\/04\/01\/ciclistas-y-visibilidad\/\"]}]},{\"@type\":\"ImageObject\",\"inLanguage\":\"es-ES\",\"@id\":\"https:\/\/www.welovecycling.com\/es\/2019\/04\/01\/ciclistas-y-visibilidad\/#primaryimage\",\"url\":\"https:\/\/d2p6e6u75xmxt8.cloudfront.net\/6\/2019\/04\/dark-cyclist-profimedia-0277291813-CVR.jpg\",\"contentUrl\":\"https:\/\/d2p6e6u75xmxt8.cloudfront.net\/6\/2019\/04\/dark-cyclist-profimedia-0277291813-CVR.jpg\",\"width\":1366,\"height\":600,\"caption\":\"\u00a9Profimedia\"},{\"@type\":\"BreadcrumbList\",\"@id\":\"https:\/\/www.welovecycling.com\/es\/2019\/04\/01\/ciclistas-y-visibilidad\/#breadcrumb\",\"itemListElement\":[{\"@type\":\"ListItem\",\"position\":1,\"name\":\"Home\",\"item\":\"https:\/\/www.welovecycling.com\/es\/\"},{\"@type\":\"ListItem\",\"position\":2,\"name\":\"Ciclistas y visibilidad. C\u00f3mo hacer que te vean los coches\"}]},{\"@type\":\"WebSite\",\"@id\":\"https:\/\/www.welovecycling.com\/es\/#website\",\"url\":\"https:\/\/www.welovecycling.com\/es\/\",\"name\":\"\u0160koda We Love Cycling - Spain\",\"description\":\"\u0160koda WeLoveCycling Spain\",\"potentialAction\":[{\"@type\":\"SearchAction\",\"target\":{\"@type\":\"EntryPoint\",\"urlTemplate\":\"https:\/\/www.welovecycling.com\/es\/?s={search_term_string}\"},\"query-input\":{\"@type\":\"PropertyValueSpecification\",\"valueRequired\":true,\"valueName\":\"search_term_string\"}}],\"inLanguage\":\"es-ES\"},{\"@type\":\"Person\",\"@id\":\"https:\/\/www.welovecycling.com\/es\/#\/schema\/person\/deb61715b5812698ee79fb96f343ccd4\",\"name\":\"We Love Cycling Spain\",\"image\":{\"@type\":\"ImageObject\",\"inLanguage\":\"es-ES\",\"@id\":\"https:\/\/www.welovecycling.com\/es\/#\/schema\/person\/image\/\",\"url\":\"https:\/\/secure.gravatar.com\/avatar\/c824b04e6df0e37a03219d0b6481672889df542894588964102459e46513159c?s=96&d=mm&r=g\",\"contentUrl\":\"https:\/\/secure.gravatar.com\/avatar\/c824b04e6df0e37a03219d0b6481672889df542894588964102459e46513159c?s=96&d=mm&r=g\",\"caption\":\"We Love Cycling Spain\"},\"url\":\"https:\/\/www.welovecycling.com\/es\/author\/amunoz\/\"}]}<\/script>\n<!-- \/ Yoast SEO Premium plugin. -->","yoast_head_json":{"title":"Ciclistas y visibilidad. C\u00f3mo hacer que te vean los coches - \u0160koda We Love Cycling - Spain","description":"Ciclistas y visibilidad. C\u00f3mo hacer que te vean los coches. Consejos para mejorar la visibilidad de los ciclistas en la carretera.","robots":{"index":"index","follow":"follow","max-snippet":"max-snippet:-1","max-image-preview":"max-image-preview:large","max-video-preview":"max-video-preview:-1"},"canonical":"https:\/\/www.welovecycling.com\/es\/2019\/04\/01\/ciclistas-y-visibilidad\/","og_locale":"es_ES","og_type":"article","og_title":"Ciclistas y visibilidad. C\u00f3mo hacer que te vean los coches.","og_description":"Ciclistas y visibilidad. C\u00f3mo hacer que te vean los coches. Consejos para mejorar la visibilidad de los ciclistas en la carretera.","og_url":"https:\/\/www.welovecycling.com\/es\/2019\/04\/01\/ciclistas-y-visibilidad\/","og_site_name":"\u0160koda We Love Cycling - Spain","article_published_time":"2019-04-01T19:22:21+00:00","article_modified_time":"2019-04-15T10:17:29+00:00","og_image":[{"width":1366,"height":600,"url":"https:\/\/d2p6e6u75xmxt8.cloudfront.net\/6\/2019\/04\/dark-cyclist-profimedia-0277291813-CVR.jpg","type":"image\/jpeg"}],"author":"We Love Cycling Spain","twitter_card":"summary_large_image","twitter_title":"Ciclistas y visibilidad. C\u00f3mo hacer que te vean los coches.","twitter_description":"Ciclistas y visibilidad. C\u00f3mo hacer que te vean los coches. Consejos para mejorar la visibilidad de los ciclistas en la carretera.","twitter_misc":{"Written by":"Adam Mar\u0161\u00e1l","Est. reading time":"7"},"schema":{"@context":"https:\/\/schema.org","@graph":[{"@type":"WebPage","@id":"https:\/\/www.welovecycling.com\/es\/2019\/04\/01\/ciclistas-y-visibilidad\/","url":"https:\/\/www.welovecycling.com\/es\/2019\/04\/01\/ciclistas-y-visibilidad\/","name":"Ciclistas y visibilidad. C\u00f3mo hacer que te vean los coches - \u0160koda We Love Cycling - Spain","isPartOf":{"@id":"https:\/\/www.welovecycling.com\/es\/#website"},"primaryImageOfPage":{"@id":"https:\/\/www.welovecycling.com\/es\/2019\/04\/01\/ciclistas-y-visibilidad\/#primaryimage"},"image":{"@id":"https:\/\/www.welovecycling.com\/es\/2019\/04\/01\/ciclistas-y-visibilidad\/#primaryimage"},"thumbnailUrl":"https:\/\/d2p6e6u75xmxt8.cloudfront.net\/6\/2019\/04\/dark-cyclist-profimedia-0277291813-CVR.jpg","datePublished":"2019-04-01T19:22:21+00:00","dateModified":"2019-04-15T10:17:29+00:00","author":{"@id":"https:\/\/www.welovecycling.com\/es\/#\/schema\/person\/deb61715b5812698ee79fb96f343ccd4"},"description":"Ciclistas y visibilidad. C\u00f3mo hacer que te vean los coches. Consejos para mejorar la visibilidad de los ciclistas en la carretera.","breadcrumb":{"@id":"https:\/\/www.welovecycling.com\/es\/2019\/04\/01\/ciclistas-y-visibilidad\/#breadcrumb"},"inLanguage":"es-ES","potentialAction":[{"@type":"ReadAction","target":["https:\/\/www.welovecycling.com\/es\/2019\/04\/01\/ciclistas-y-visibilidad\/"]}]},{"@type":"ImageObject","inLanguage":"es-ES","@id":"https:\/\/www.welovecycling.com\/es\/2019\/04\/01\/ciclistas-y-visibilidad\/#primaryimage","url":"https:\/\/d2p6e6u75xmxt8.cloudfront.net\/6\/2019\/04\/dark-cyclist-profimedia-0277291813-CVR.jpg","contentUrl":"https:\/\/d2p6e6u75xmxt8.cloudfront.net\/6\/2019\/04\/dark-cyclist-profimedia-0277291813-CVR.jpg","width":1366,"height":600,"caption":"\u00a9Profimedia"},{"@type":"BreadcrumbList","@id":"https:\/\/www.welovecycling.com\/es\/2019\/04\/01\/ciclistas-y-visibilidad\/#breadcrumb","itemListElement":[{"@type":"ListItem","position":1,"name":"Home","item":"https:\/\/www.welovecycling.com\/es\/"},{"@type":"ListItem","position":2,"name":"Ciclistas y visibilidad. C\u00f3mo hacer que te vean los coches"}]},{"@type":"WebSite","@id":"https:\/\/www.welovecycling.com\/es\/#website","url":"https:\/\/www.welovecycling.com\/es\/","name":"\u0160koda We Love Cycling - Spain","description":"\u0160koda WeLoveCycling Spain","potentialAction":[{"@type":"SearchAction","target":{"@type":"EntryPoint","urlTemplate":"https:\/\/www.welovecycling.com\/es\/?s={search_term_string}"},"query-input":{"@type":"PropertyValueSpecification","valueRequired":true,"valueName":"search_term_string"}}],"inLanguage":"es-ES"},{"@type":"Person","@id":"https:\/\/www.welovecycling.com\/es\/#\/schema\/person\/deb61715b5812698ee79fb96f343ccd4","name":"We Love Cycling Spain","image":{"@type":"ImageObject","inLanguage":"es-ES","@id":"https:\/\/www.welovecycling.com\/es\/#\/schema\/person\/image\/","url":"https:\/\/secure.gravatar.com\/avatar\/c824b04e6df0e37a03219d0b6481672889df542894588964102459e46513159c?s=96&d=mm&r=g","contentUrl":"https:\/\/secure.gravatar.com\/avatar\/c824b04e6df0e37a03219d0b6481672889df542894588964102459e46513159c?s=96&d=mm&r=g","caption":"We Love Cycling Spain"},"url":"https:\/\/www.welovecycling.com\/es\/author\/amunoz\/"}]}},"_links":{"self":[{"href":"https:\/\/www.welovecycling.com\/es\/wp-json\/wp\/v2\/posts\/4416","targetHints":{"allow":["GET"]}}],"collection":[{"href":"https:\/\/www.welovecycling.com\/es\/wp-json\/wp\/v2\/posts"}],"about":[{"href":"https:\/\/www.welovecycling.com\/es\/wp-json\/wp\/v2\/types\/post"}],"author":[{"embeddable":true,"href":"https:\/\/www.welovecycling.com\/es\/wp-json\/wp\/v2\/users\/29"}],"replies":[{"embeddable":true,"href":"https:\/\/www.welovecycling.com\/es\/wp-json\/wp\/v2\/comments?post=4416"}],"version-history":[{"count":2,"href":"https:\/\/www.welovecycling.com\/es\/wp-json\/wp\/v2\/posts\/4416\/revisions"}],"predecessor-version":[{"id":4423,"href":"https:\/\/www.welovecycling.com\/es\/wp-json\/wp\/v2\/posts\/4416\/revisions\/4423"}],"wp:featuredmedia":[{"embeddable":true,"href":"https:\/\/www.welovecycling.com\/es\/wp-json\/wp\/v2\/media\/4422"}],"wp:attachment":[{"href":"https:\/\/www.welovecycling.com\/es\/wp-json\/wp\/v2\/media?parent=4416"}],"wp:term":[{"taxonomy":"category","embeddable":true,"href":"https:\/\/www.welovecycling.com\/es\/wp-json\/wp\/v2\/categories?post=4416"},{"taxonomy":"post_tag","embeddable":true,"href":"https:\/\/www.welovecycling.com\/es\/wp-json\/wp\/v2\/tags?post=4416"},{"taxonomy":"global-categories","embeddable":true,"href":"https:\/\/www.welovecycling.com\/es\/wp-json\/wp\/v2\/global-categories?post=4416"}],"curies":[{"name":"wp","href":"https:\/\/api.w.org\/{rel}","templated":true}]}}