{"id":4411,"date":"2019-04-02T11:08:24","date_gmt":"2019-04-02T09:08:24","guid":{"rendered":"https:\/\/www.welovecycling.com\/es\/?p=4411"},"modified":"2019-04-02T11:08:24","modified_gmt":"2019-04-02T09:08:24","slug":"vuelta-al-teide","status":"publish","type":"post","link":"https:\/\/www.welovecycling.com\/es\/2019\/04\/02\/vuelta-al-teide\/","title":{"rendered":"La casi Vuelta al Teide"},"content":{"rendered":"<p><strong>El Teide est\u00e1 a m\u00e1s de 3.700 metros de altitud y la carretera m\u00e1s alta a casi 2.500 metros. Cuando nieva es imposible subir y, sobre todo, bajarlo en bicicleta. La nieve nos impidi\u00f3 completar La Vuelta al Teide 2019&#8230; pero con solo 110 kil\u00f3metros acumulamos 3.000 metros de desnivel. M\u00e1s que en cualquier cicloturista al uso.<\/strong><!--more--><br \/>\nY es que contra los elementos es imposible luchar. Bajar un puerto que est\u00e1 a cas<strong>i 2.500 metros de altitud y de 40 kil\u00f3metros de descenso cuando en la cima hay nieve y temperaturas inferiores a cero grados es una osad\u00eda<\/strong>. Cuesta abajo y a 50 kil\u00f3metros por hora la sensaci\u00f3n t\u00e9rmica disminuye 10\/12 grados y al cuerpo del ciclista no le da tiempo a entrar en calor sin pedalear y no hay ropa ciclista, ni guantes, que aguanten eso. Por lo que la decisi\u00f3n de la organizaci\u00f3n de <a href=\"https:\/\/www.vueltaalteide.com\/\">La Vuelta al Teide<\/a> de cortar el desarrollo de la prueba en <strong>Santiago del Teide (kil\u00f3metro 70 de los 160 previstos)<\/strong> estuvo m\u00e1s que justificada.<\/p>\n<figure id=\"attachment_4414\" aria-describedby=\"caption-attachment-4414\" style=\"width: 960px\" class=\"wp-caption aligncenter\"><a href=\"https:\/\/d2p6e6u75xmxt8.cloudfront.net\/6\/2019\/04\/55669515_1497287023738565_1413154621043507200_n.jpg\"><img loading=\"lazy\" decoding=\"async\" class=\"wp-image-4414 size-full\" src=\"https:\/\/d2p6e6u75xmxt8.cloudfront.net\/6\/2019\/04\/55669515_1497287023738565_1413154621043507200_n.jpg\" alt=\"Foto: La Vuelta Al Teide\" width=\"960\" height=\"720\" srcset=\"https:\/\/d2p6e6u75xmxt8.cloudfront.net\/6\/2019\/04\/55669515_1497287023738565_1413154621043507200_n.jpg 960w, https:\/\/d2p6e6u75xmxt8.cloudfront.net\/6\/2019\/04\/55669515_1497287023738565_1413154621043507200_n-300x225.jpg 300w, https:\/\/d2p6e6u75xmxt8.cloudfront.net\/6\/2019\/04\/55669515_1497287023738565_1413154621043507200_n-768x576.jpg 768w\" sizes=\"auto, (max-width: 960px) 100vw, 960px\" \/><\/a><figcaption id=\"caption-attachment-4414\" class=\"wp-caption-text\">Foto: La Vuelta Al Teide<\/figcaption><\/figure>\n<p>&nbsp;<\/p>\n<p><a href=\"https:\/\/www.strava.com\/activities\/2251173239\">La Vuelta al Teide en Strava hasta Santiago del Teide &gt;<\/a><\/p>\n<p><a href=\"https:\/\/www.strava.com\/activities\/2251749874\">La neutralizada desde Santiago a los Realejos &gt;\u00a0<\/a><\/p>\n<p>A\u00fan as\u00ed se qued\u00f3 <strong>una ciclodeportiva (estaba totalmente cerrada al tr\u00e1fico y con voluntarios en cada cruce)<\/strong> con un recorrido y una dureza m\u00e1s que interesante. Toda por la zona norte de la isla, donde hay vegetaci\u00f3n y paisajes de ensue\u00f1o m\u00e1s que sorprendentes.<\/p>\n<p>La situaci\u00f3n en Los Realejos a las 07.00 la hora prevista para la salida, no era la m\u00e1s halag\u00fce\u00f1a. Llov\u00eda a c\u00e1ntaros. La previsi\u00f3n es que iba a mejorar, por eso la organizaci\u00f3n retras\u00f3 el inicio 20 minutos. Lo justo para no mojarse encima de la bicicleta. A\u00fan as\u00ed hab\u00eda que ir preparado con ropa impermeable por lo que pudiera pasar.<\/p>\n<div class=\"embed-controller-wrapper\">\n<div class=\"embed-wrapper\"><iframe title=\"AVANCE VUELTA AL TEIDE 2019\" width=\"500\" height=\"281\" data-src=\"https:\/\/www.youtube.com\/embed\/fKkuk5VYY2Q?feature=oembed\" frameborder=\"0\" allow=\"accelerometer; autoplay; clipboard-write; encrypted-media; gyroscope; picture-in-picture; web-share\" referrerpolicy=\"strict-origin-when-cross-origin\" allowfullscreen><\/iframe><\/div>\n<\/div>\n<p>Lo mejor es que desde <strong>Los Realejos se empieza cuesta arriba. Casi 10 kil\u00f3metros para &#8216;entrar en calor&#8217;<\/strong> y comenzar a quitarse algo de ropa. A poco que sali\u00f3 el sol la temperatura ascendi\u00f3 12 grados, a los 20 habituales de la zona. Descenso r\u00e1pido, mojado y revirado hasta <strong>Icod de los Vinos (no os imaginais la ventaja de tener frenos de disco en la BMC de alquiler)<\/strong> y desde all\u00ed otra vez hacia arriba hasta San Jos\u00e9 de La Vega. Otros seis kil\u00f3metros de esfuerzo para descender por los <strong>tornantis de Las Cruces hasta Garachico.<\/strong><\/p>\n<p>A partir de ah\u00ed llegaba el \u00fanico tramo &#8216;llano&#8217; del recorrido con suaves repechos hasta los Silos y un regalo en forma de <strong>tramo adoquinado<\/strong> cuesta arriba de 500 metros. Un<strong> Oude Kwaremont<\/strong> en miniatura en mitad de una etapa de alta monta\u00f1a. No est\u00e1 mal. Quedaba llegar hasta Buenavista del Norte para completar la parte &#8216;sencilla&#8217; de la marcha. El Garmin cantaba 45 kil\u00f3metros y 1000 metros de desnivel acumulado hasta el momento.<\/p>\n<p><img loading=\"lazy\" decoding=\"async\" class=\"alignnone size-extra-large\" src=\"https:\/\/www.vueltaalteide.com\/wp-content\/uploads\/2018\/09\/00_PERFIL-VUELTA-AL-TEIDE_UCI_.jpg\" width=\"1222\" height=\"512\" \/><\/p>\n<p>En las casi dos horas de marcha el d\u00eda se hab\u00eda vuelto veraniego. Hab\u00eda que ir ya de corto para afrontar la primera parte de la ascensi\u00f3n al <strong>Teide, desde Buenavista hasta Las Portelas. Casi 12 kil\u00f3metros a una media del 6% con alguna rampa &#8216;escondida&#8217; al 14%<\/strong>. Un Telegraphe que solo era la antesala de lo que en teor\u00eda esperaba por delante. Tiempo para mantener ritmo y ver como los m\u00e1s osados empezaban a pagar las alegr\u00edas del inicio.<\/p>\n<p>Giro a la izquierda. Bajadita de dos kil\u00f3metros y otra subida de casi dos kil\u00f3metros al 9%. Estamos ya en Masca pregunta alguno. No. Todav\u00eda no. Y es que la ascensi\u00f3n a <strong>Masca es el Marie Blanque de los tinerfe\u00f1os.<\/strong> En n\u00fameros son <strong>cuatro kil\u00f3metros a una media del 11%<\/strong>, con alg\u00fan descansillo y tambi\u00e9n desniveles del 22%. Una aut\u00e9ntica pared que por s\u00ed sola no asustar\u00eda, pero si sabiendo que para llegar a ella hab\u00edamos ascendido 12 kil\u00f3metros y que despu\u00e9s quedaban 40 m\u00e1s hasta la cima del Teide.<\/p>\n<figure id=\"attachment_4430\" aria-describedby=\"caption-attachment-4430\" style=\"width: 960px\" class=\"wp-caption aligncenter\"><a href=\"https:\/\/d2p6e6u75xmxt8.cloudfront.net\/6\/2019\/04\/56523122_1498476096952991_1887501692660875264_n.jpg\"><img loading=\"lazy\" decoding=\"async\" class=\"wp-image-4430 size-full\" src=\"https:\/\/d2p6e6u75xmxt8.cloudfront.net\/6\/2019\/04\/56523122_1498476096952991_1887501692660875264_n.jpg\" alt=\"\" width=\"960\" height=\"640\" srcset=\"https:\/\/d2p6e6u75xmxt8.cloudfront.net\/6\/2019\/04\/56523122_1498476096952991_1887501692660875264_n.jpg 960w, https:\/\/d2p6e6u75xmxt8.cloudfront.net\/6\/2019\/04\/56523122_1498476096952991_1887501692660875264_n-300x200.jpg 300w, https:\/\/d2p6e6u75xmxt8.cloudfront.net\/6\/2019\/04\/56523122_1498476096952991_1887501692660875264_n-768x512.jpg 768w, https:\/\/d2p6e6u75xmxt8.cloudfront.net\/6\/2019\/04\/56523122_1498476096952991_1887501692660875264_n-272x182.jpg 272w\" sizes=\"auto, (max-width: 960px) 100vw, 960px\" \/><\/a><figcaption id=\"caption-attachment-4430\" class=\"wp-caption-text\">Foto: Santy Gonzalez<\/figcaption><\/figure>\n<p>Lo mejor de Masca, si te da tiempo a mirar, son los paisajes. Riscos, vegetaci\u00f3n, carretera sinuosa de alta monta\u00f1a y a las espalda el mar y, como era un d\u00eda despejado, se pod\u00eda ver hasta la isla de La Gomera. Todo eso a la vez que jugaba con el desarrollo. <strong>34&#215;28, 34&#215;30&#8230; C\u00e1spita que ya no queda m\u00e1s<\/strong>.<\/p>\n<p>El descenso, de solo 3 kil\u00f3metros, lleva <strong>a Santiago del Teide, el \u00faltimo pueblo para poder evacuar a los ciclistas hacia los Realejos<\/strong>. Y all\u00ed se acab\u00f3 la versi\u00f3n cronometrada de la ciclodeportiva. En poco m\u00e1s de 67 kil\u00f3metros hab\u00eda salido 2.000 metros de desnivel. Es decir, la mitad de la prueba. <strong>Desde ah\u00ed se bajaba hacia Ch\u00edo para afrontar 25 kil\u00f3metros continuos de subida hasta Las Narices del Teide. Era ese el final del puerto&#8230; No. Todav\u00eda hubiese quedado los 10 kil\u00f3metros de falso llano ascendente hasta el Parador y desde ah\u00ed otros cinco kil\u00f3metros m\u00e1s de subida hasta el Tabonal, a 2.340 metros de altitud.<\/strong> Solo entonces habr\u00edamos afrontado el descenso de 40 kil\u00f3metros (con un puertecillo de 3 kil\u00f3metros casi al final).<\/p>\n<p><a href=\"https:\/\/d2p6e6u75xmxt8.cloudfront.net\/6\/2019\/04\/WhatsApp-Image-2019-04-01-at-18.53.51.jpeg\"><img loading=\"lazy\" decoding=\"async\" class=\"aligncenter size-large wp-image-4424\" src=\"https:\/\/d2p6e6u75xmxt8.cloudfront.net\/6\/2019\/04\/WhatsApp-Image-2019-04-01-at-18.53.51-1024x683.jpeg\" alt=\"\" width=\"1024\" height=\"683\" srcset=\"https:\/\/d2p6e6u75xmxt8.cloudfront.net\/6\/2019\/04\/WhatsApp-Image-2019-04-01-at-18.53.51-1024x683.jpeg 1024w, https:\/\/d2p6e6u75xmxt8.cloudfront.net\/6\/2019\/04\/WhatsApp-Image-2019-04-01-at-18.53.51-300x200.jpeg 300w, https:\/\/d2p6e6u75xmxt8.cloudfront.net\/6\/2019\/04\/WhatsApp-Image-2019-04-01-at-18.53.51-768x512.jpeg 768w, https:\/\/d2p6e6u75xmxt8.cloudfront.net\/6\/2019\/04\/WhatsApp-Image-2019-04-01-at-18.53.51-272x182.jpeg 272w, https:\/\/d2p6e6u75xmxt8.cloudfront.net\/6\/2019\/04\/WhatsApp-Image-2019-04-01-at-18.53.51.jpeg 1368w\" sizes=\"auto, (max-width: 1024px) 100vw, 1024px\" \/><\/a><\/p>\n<p>Despu\u00e9s del reagrupamiento en <strong>Santiago del Teide quedaba &#8216;bajar&#8217; a Los Realejos. Un aut\u00e9ntico eufemismo porque en los 43 kil\u00f3metros de descenso salieron 800 metros de desnivel positivo.<\/strong>\u00a0 Primero los cinco kil\u00f3metros hasta San Jos\u00e9 y luego los 10 de ascensi\u00f3n hasta La Guancha. Meta, a disfrutar de la Feria Gastron\u00f3mica y a mirar las fechas para el edici\u00f3n de 2020, que el Teide no se va a resistir.<\/p>\n","protected":false},"excerpt":{"rendered":"<p>El Teide est\u00e1 a m\u00e1s de 3.700 metros de altitud y la carretera m\u00e1s alta a casi 2.500 metros. Cuando [&hellip;]<\/p>\n","protected":false},"author":29,"featured_media":4429,"comment_status":"open","ping_status":"open","sticky":false,"template":"","format":"standard","meta":{"footnotes":""},"categories":[7],"tags":[958,956,955,957,954],"global-categories":[],"class_list":["post-4411","post","type-post","status-publish","format-standard","has-post-thumbnail","hentry","category-carretera","tag-cicloturista-teide","tag-perfil-teide","tag-subida-teide","tag-teide-en-bicicleta","tag-vuelta-al-teide"],"yoast_head":"<!-- This site is optimized with the Yoast SEO Premium plugin v25.3 (Yoast SEO v25.9) - https:\/\/yoast.com\/wordpress\/plugins\/seo\/ -->\n<title>La casi Vuelta al Teide - \u0160koda We Love Cycling - Spain<\/title>\n<meta name=\"description\" content=\"La casi Vuelta al Teide. La cr\u00f3nica de la III Edici\u00f3n de La Vuelta al Teide Ciclodeportiva. Una de las marchas m\u00e1s duras de Espa\u00f1a.\" \/>\n<meta name=\"robots\" content=\"index, follow, max-snippet:-1, max-image-preview:large, max-video-preview:-1\" \/>\n<link rel=\"canonical\" href=\"https:\/\/www.welovecycling.com\/es\/2019\/04\/02\/vuelta-al-teide\/\" \/>\n<meta property=\"og:locale\" content=\"es_ES\" \/>\n<meta property=\"og:type\" content=\"article\" \/>\n<meta property=\"og:title\" content=\"La casi Vuelta al Teide.\" \/>\n<meta property=\"og:description\" content=\"La casi Vuelta al Teide. La cr\u00f3nica de la III Edici\u00f3n de La Vuelta al Teide Ciclodeportiva. Una de las marchas m\u00e1s duras de Espa\u00f1a.\" \/>\n<meta property=\"og:url\" content=\"https:\/\/www.welovecycling.com\/es\/2019\/04\/02\/vuelta-al-teide\/\" \/>\n<meta property=\"og:site_name\" content=\"\u0160koda We Love Cycling - Spain\" \/>\n<meta property=\"article:published_time\" content=\"2019-04-02T09:08:24+00:00\" \/>\n<meta property=\"og:image\" content=\"https:\/\/d2p6e6u75xmxt8.cloudfront.net\/6\/2019\/04\/55853848_1498475726953028_8000749084254142464_n.jpg\" \/>\n\t<meta property=\"og:image:width\" content=\"960\" \/>\n\t<meta property=\"og:image:height\" content=\"640\" \/>\n\t<meta property=\"og:image:type\" content=\"image\/jpeg\" \/>\n<meta name=\"author\" content=\"We Love Cycling Spain\" \/>\n<meta name=\"twitter:card\" content=\"summary_large_image\" \/>\n<meta name=\"twitter:title\" content=\"La casi Vuelta al Teide.\" \/>\n<meta name=\"twitter:description\" content=\"La casi Vuelta al Teide. La cr\u00f3nica de la III Edici\u00f3n de La Vuelta al Teide Ciclodeportiva. Una de las marchas m\u00e1s duras de Espa\u00f1a.\" \/>\n<meta name=\"twitter:label1\" content=\"Written by\" \/>\n\t<meta name=\"twitter:data1\" content=\"Luis Ortega @Ciclored\" \/>\n\t<meta name=\"twitter:label2\" content=\"Est. reading time\" \/>\n\t<meta name=\"twitter:data2\" content=\"5 minutes\" \/>\n<script type=\"application\/ld+json\" class=\"yoast-schema-graph\">{\"@context\":\"https:\/\/schema.org\",\"@graph\":[{\"@type\":\"WebPage\",\"@id\":\"https:\/\/www.welovecycling.com\/es\/2019\/04\/02\/vuelta-al-teide\/\",\"url\":\"https:\/\/www.welovecycling.com\/es\/2019\/04\/02\/vuelta-al-teide\/\",\"name\":\"La casi Vuelta al Teide - \u0160koda We Love Cycling - Spain\",\"isPartOf\":{\"@id\":\"https:\/\/www.welovecycling.com\/es\/#website\"},\"primaryImageOfPage\":{\"@id\":\"https:\/\/www.welovecycling.com\/es\/2019\/04\/02\/vuelta-al-teide\/#primaryimage\"},\"image\":{\"@id\":\"https:\/\/www.welovecycling.com\/es\/2019\/04\/02\/vuelta-al-teide\/#primaryimage\"},\"thumbnailUrl\":\"https:\/\/d2p6e6u75xmxt8.cloudfront.net\/6\/2019\/04\/55853848_1498475726953028_8000749084254142464_n.jpg\",\"datePublished\":\"2019-04-02T09:08:24+00:00\",\"author\":{\"@id\":\"https:\/\/www.welovecycling.com\/es\/#\/schema\/person\/deb61715b5812698ee79fb96f343ccd4\"},\"description\":\"La casi Vuelta al Teide. La cr\u00f3nica de la III Edici\u00f3n de La Vuelta al Teide Ciclodeportiva. Una de las marchas m\u00e1s duras de Espa\u00f1a.\",\"breadcrumb\":{\"@id\":\"https:\/\/www.welovecycling.com\/es\/2019\/04\/02\/vuelta-al-teide\/#breadcrumb\"},\"inLanguage\":\"es-ES\",\"potentialAction\":[{\"@type\":\"ReadAction\",\"target\":[\"https:\/\/www.welovecycling.com\/es\/2019\/04\/02\/vuelta-al-teide\/\"]}]},{\"@type\":\"ImageObject\",\"inLanguage\":\"es-ES\",\"@id\":\"https:\/\/www.welovecycling.com\/es\/2019\/04\/02\/vuelta-al-teide\/#primaryimage\",\"url\":\"https:\/\/d2p6e6u75xmxt8.cloudfront.net\/6\/2019\/04\/55853848_1498475726953028_8000749084254142464_n.jpg\",\"contentUrl\":\"https:\/\/d2p6e6u75xmxt8.cloudfront.net\/6\/2019\/04\/55853848_1498475726953028_8000749084254142464_n.jpg\",\"width\":960,\"height\":640},{\"@type\":\"BreadcrumbList\",\"@id\":\"https:\/\/www.welovecycling.com\/es\/2019\/04\/02\/vuelta-al-teide\/#breadcrumb\",\"itemListElement\":[{\"@type\":\"ListItem\",\"position\":1,\"name\":\"Home\",\"item\":\"https:\/\/www.welovecycling.com\/es\/\"},{\"@type\":\"ListItem\",\"position\":2,\"name\":\"La casi Vuelta al Teide\"}]},{\"@type\":\"WebSite\",\"@id\":\"https:\/\/www.welovecycling.com\/es\/#website\",\"url\":\"https:\/\/www.welovecycling.com\/es\/\",\"name\":\"\u0160koda We Love Cycling - Spain\",\"description\":\"\u0160koda WeLoveCycling Spain\",\"potentialAction\":[{\"@type\":\"SearchAction\",\"target\":{\"@type\":\"EntryPoint\",\"urlTemplate\":\"https:\/\/www.welovecycling.com\/es\/?s={search_term_string}\"},\"query-input\":{\"@type\":\"PropertyValueSpecification\",\"valueRequired\":true,\"valueName\":\"search_term_string\"}}],\"inLanguage\":\"es-ES\"},{\"@type\":\"Person\",\"@id\":\"https:\/\/www.welovecycling.com\/es\/#\/schema\/person\/deb61715b5812698ee79fb96f343ccd4\",\"name\":\"We Love Cycling Spain\",\"image\":{\"@type\":\"ImageObject\",\"inLanguage\":\"es-ES\",\"@id\":\"https:\/\/www.welovecycling.com\/es\/#\/schema\/person\/image\/\",\"url\":\"https:\/\/secure.gravatar.com\/avatar\/c824b04e6df0e37a03219d0b6481672889df542894588964102459e46513159c?s=96&d=mm&r=g\",\"contentUrl\":\"https:\/\/secure.gravatar.com\/avatar\/c824b04e6df0e37a03219d0b6481672889df542894588964102459e46513159c?s=96&d=mm&r=g\",\"caption\":\"We Love Cycling Spain\"},\"url\":\"https:\/\/www.welovecycling.com\/es\/author\/amunoz\/\"}]}<\/script>\n<!-- \/ Yoast SEO Premium plugin. -->","yoast_head_json":{"title":"La casi Vuelta al Teide - \u0160koda We Love Cycling - Spain","description":"La casi Vuelta al Teide. La cr\u00f3nica de la III Edici\u00f3n de La Vuelta al Teide Ciclodeportiva. Una de las marchas m\u00e1s duras de Espa\u00f1a.","robots":{"index":"index","follow":"follow","max-snippet":"max-snippet:-1","max-image-preview":"max-image-preview:large","max-video-preview":"max-video-preview:-1"},"canonical":"https:\/\/www.welovecycling.com\/es\/2019\/04\/02\/vuelta-al-teide\/","og_locale":"es_ES","og_type":"article","og_title":"La casi Vuelta al Teide.","og_description":"La casi Vuelta al Teide. La cr\u00f3nica de la III Edici\u00f3n de La Vuelta al Teide Ciclodeportiva. Una de las marchas m\u00e1s duras de Espa\u00f1a.","og_url":"https:\/\/www.welovecycling.com\/es\/2019\/04\/02\/vuelta-al-teide\/","og_site_name":"\u0160koda We Love Cycling - Spain","article_published_time":"2019-04-02T09:08:24+00:00","og_image":[{"width":960,"height":640,"url":"https:\/\/d2p6e6u75xmxt8.cloudfront.net\/6\/2019\/04\/55853848_1498475726953028_8000749084254142464_n.jpg","type":"image\/jpeg"}],"author":"We Love Cycling Spain","twitter_card":"summary_large_image","twitter_title":"La casi Vuelta al Teide.","twitter_description":"La casi Vuelta al Teide. La cr\u00f3nica de la III Edici\u00f3n de La Vuelta al Teide Ciclodeportiva. Una de las marchas m\u00e1s duras de Espa\u00f1a.","twitter_misc":{"Written by":"Luis Ortega @Ciclored","Est. reading time":"5 minutes"},"schema":{"@context":"https:\/\/schema.org","@graph":[{"@type":"WebPage","@id":"https:\/\/www.welovecycling.com\/es\/2019\/04\/02\/vuelta-al-teide\/","url":"https:\/\/www.welovecycling.com\/es\/2019\/04\/02\/vuelta-al-teide\/","name":"La casi Vuelta al Teide - \u0160koda We Love Cycling - Spain","isPartOf":{"@id":"https:\/\/www.welovecycling.com\/es\/#website"},"primaryImageOfPage":{"@id":"https:\/\/www.welovecycling.com\/es\/2019\/04\/02\/vuelta-al-teide\/#primaryimage"},"image":{"@id":"https:\/\/www.welovecycling.com\/es\/2019\/04\/02\/vuelta-al-teide\/#primaryimage"},"thumbnailUrl":"https:\/\/d2p6e6u75xmxt8.cloudfront.net\/6\/2019\/04\/55853848_1498475726953028_8000749084254142464_n.jpg","datePublished":"2019-04-02T09:08:24+00:00","author":{"@id":"https:\/\/www.welovecycling.com\/es\/#\/schema\/person\/deb61715b5812698ee79fb96f343ccd4"},"description":"La casi Vuelta al Teide. La cr\u00f3nica de la III Edici\u00f3n de La Vuelta al Teide Ciclodeportiva. Una de las marchas m\u00e1s duras de Espa\u00f1a.","breadcrumb":{"@id":"https:\/\/www.welovecycling.com\/es\/2019\/04\/02\/vuelta-al-teide\/#breadcrumb"},"inLanguage":"es-ES","potentialAction":[{"@type":"ReadAction","target":["https:\/\/www.welovecycling.com\/es\/2019\/04\/02\/vuelta-al-teide\/"]}]},{"@type":"ImageObject","inLanguage":"es-ES","@id":"https:\/\/www.welovecycling.com\/es\/2019\/04\/02\/vuelta-al-teide\/#primaryimage","url":"https:\/\/d2p6e6u75xmxt8.cloudfront.net\/6\/2019\/04\/55853848_1498475726953028_8000749084254142464_n.jpg","contentUrl":"https:\/\/d2p6e6u75xmxt8.cloudfront.net\/6\/2019\/04\/55853848_1498475726953028_8000749084254142464_n.jpg","width":960,"height":640},{"@type":"BreadcrumbList","@id":"https:\/\/www.welovecycling.com\/es\/2019\/04\/02\/vuelta-al-teide\/#breadcrumb","itemListElement":[{"@type":"ListItem","position":1,"name":"Home","item":"https:\/\/www.welovecycling.com\/es\/"},{"@type":"ListItem","position":2,"name":"La casi Vuelta al Teide"}]},{"@type":"WebSite","@id":"https:\/\/www.welovecycling.com\/es\/#website","url":"https:\/\/www.welovecycling.com\/es\/","name":"\u0160koda We Love Cycling - Spain","description":"\u0160koda WeLoveCycling Spain","potentialAction":[{"@type":"SearchAction","target":{"@type":"EntryPoint","urlTemplate":"https:\/\/www.welovecycling.com\/es\/?s={search_term_string}"},"query-input":{"@type":"PropertyValueSpecification","valueRequired":true,"valueName":"search_term_string"}}],"inLanguage":"es-ES"},{"@type":"Person","@id":"https:\/\/www.welovecycling.com\/es\/#\/schema\/person\/deb61715b5812698ee79fb96f343ccd4","name":"We Love Cycling Spain","image":{"@type":"ImageObject","inLanguage":"es-ES","@id":"https:\/\/www.welovecycling.com\/es\/#\/schema\/person\/image\/","url":"https:\/\/secure.gravatar.com\/avatar\/c824b04e6df0e37a03219d0b6481672889df542894588964102459e46513159c?s=96&d=mm&r=g","contentUrl":"https:\/\/secure.gravatar.com\/avatar\/c824b04e6df0e37a03219d0b6481672889df542894588964102459e46513159c?s=96&d=mm&r=g","caption":"We Love Cycling Spain"},"url":"https:\/\/www.welovecycling.com\/es\/author\/amunoz\/"}]}},"_links":{"self":[{"href":"https:\/\/www.welovecycling.com\/es\/wp-json\/wp\/v2\/posts\/4411","targetHints":{"allow":["GET"]}}],"collection":[{"href":"https:\/\/www.welovecycling.com\/es\/wp-json\/wp\/v2\/posts"}],"about":[{"href":"https:\/\/www.welovecycling.com\/es\/wp-json\/wp\/v2\/types\/post"}],"author":[{"embeddable":true,"href":"https:\/\/www.welovecycling.com\/es\/wp-json\/wp\/v2\/users\/29"}],"replies":[{"embeddable":true,"href":"https:\/\/www.welovecycling.com\/es\/wp-json\/wp\/v2\/comments?post=4411"}],"version-history":[{"count":2,"href":"https:\/\/www.welovecycling.com\/es\/wp-json\/wp\/v2\/posts\/4411\/revisions"}],"predecessor-version":[{"id":4431,"href":"https:\/\/www.welovecycling.com\/es\/wp-json\/wp\/v2\/posts\/4411\/revisions\/4431"}],"wp:featuredmedia":[{"embeddable":true,"href":"https:\/\/www.welovecycling.com\/es\/wp-json\/wp\/v2\/media\/4429"}],"wp:attachment":[{"href":"https:\/\/www.welovecycling.com\/es\/wp-json\/wp\/v2\/media?parent=4411"}],"wp:term":[{"taxonomy":"category","embeddable":true,"href":"https:\/\/www.welovecycling.com\/es\/wp-json\/wp\/v2\/categories?post=4411"},{"taxonomy":"post_tag","embeddable":true,"href":"https:\/\/www.welovecycling.com\/es\/wp-json\/wp\/v2\/tags?post=4411"},{"taxonomy":"global-categories","embeddable":true,"href":"https:\/\/www.welovecycling.com\/es\/wp-json\/wp\/v2\/global-categories?post=4411"}],"curies":[{"name":"wp","href":"https:\/\/api.w.org\/{rel}","templated":true}]}}