{"id":4386,"date":"2019-03-29T21:19:21","date_gmt":"2019-03-29T19:19:21","guid":{"rendered":"https:\/\/www.welovecycling.com\/es\/?p=4386"},"modified":"2019-03-31T02:11:18","modified_gmt":"2019-03-31T00:11:18","slug":"tenerife-ciclista-sin-subir-el-teide","status":"publish","type":"post","link":"https:\/\/www.welovecycling.com\/es\/2019\/03\/29\/tenerife-ciclista-sin-subir-el-teide\/","title":{"rendered":"Tenerife ciclista&#8230; sin subir el Teide"},"content":{"rendered":"<p><strong>Un ciclista lo primero que piensa cuando le hablan de Tenerife es en el Teide. La monta\u00f1a m\u00e1s alta de Espa\u00f1a atrae y es casi un delito no ascender hasta los 2.450 metros a los que sube la carretera. Pero Tenerife es mucho m\u00e1s. Es una isla de contrastes. Del sur des\u00e9rtico y volc\u00e1nico al norte verde y exhuberante. El mar y la monta\u00f1a unidos en muy pocos kil\u00f3metros. Aqu\u00ed tienes tres rutas asequibles, bellas y&#8230; con poco tr\u00e1fico.<\/strong><!--more--><\/p>\n<h4><strong>Mirador de Guimar &#8211; Los Abrigos. (Zona Sur)<\/strong><br \/>\n<strong>70 kil\u00f3metros y 1.100 metros de desnivel<\/strong><\/h4>\n<p><a href=\"https:\/\/www.strava.com\/activities\/2244360643\">La Ruta en Strava &gt;<\/a><\/p>\n<p>Empezamos con la zona sur de Tenerife en un viaje organizado por <a href=\"https:\/\/twitter.com\/visit_tenerife?lang=es\">Visit Tenerife<\/a>. El inicio est\u00e1 en el Mirador de G\u00fcimar, a unos 30 kil\u00f3metros al sur de la capital tinerfe\u00f1a y pegado a la playa. Para llegar all\u00ed puedes subir los 6 kil\u00f3metros que hay desde el mar hasta los 400 metros donde se corona el <strong>Mirador e incrementar dureza<\/strong>. Lo bueno de la isla es que esta carretera va colgada a esos 400 metros por encima de la Autov\u00eda, que no tiene casi tr\u00e1fico y que en el momento en que quieres incrementar dureza solo tienes que bajar y subir.<\/p>\n<p>Desde el Mirador hasta Arico Viejo hay 20 kil\u00f3metros de continuos repechos y curvas. Un terreno divertido y con vistas al mar y a la monta\u00f1a. Pese a ser marzo, no baja de 20 grados. En cuanto queremos dar &#8216;vidilla&#8217; pues ocho kil\u00f3metros cuesta abajo hasta el mar, en Poris de Abona.. y<strong> casi 10 kil\u00f3metros de ascensi\u00f3n hasta Villa de Arico<\/strong>. Una subida que se utiliza en la isla en carreras m\u00e1ster y que se puede hacer a plato y disfrutando. Sin grandes desniveles, pero constante.<\/p>\n<p>Puedes seguir hasta Chimiche y bajar hacia la playa de Los Abrigos, al paraje de la reserva natural de San Blas, donde ten\u00edamos el<a href=\"https:\/\/es.sandos.com\/sandos-san-blas\/nature-resort-golf-todo-incluido\"> Hotel Sandos San Blas Resort<\/a>, o &#8216;jugar&#8217; a ciclistas por las subidas de <strong>Granadilla, San Miguel de Abona y Arona.<\/strong> La idea es sencilla. Todo lo que sea girar a la derecha es ascender en direcci\u00f3n al Teide. Todo lo que sea girar a la izquierda es bajar al mar.<\/p>\n<p><a href=\"https:\/\/d2p6e6u75xmxt8.cloudfront.net\/6\/2019\/03\/WhatsApp-Image-2019-03-27-at-17.12.14.jpeg\"><img loading=\"lazy\" decoding=\"async\" class=\"aligncenter size-large wp-image-4404\" src=\"https:\/\/d2p6e6u75xmxt8.cloudfront.net\/6\/2019\/03\/WhatsApp-Image-2019-03-27-at-17.12.14-1024x768.jpeg\" alt=\"\" width=\"1024\" height=\"768\" srcset=\"https:\/\/d2p6e6u75xmxt8.cloudfront.net\/6\/2019\/03\/WhatsApp-Image-2019-03-27-at-17.12.14-1024x768.jpeg 1024w, https:\/\/d2p6e6u75xmxt8.cloudfront.net\/6\/2019\/03\/WhatsApp-Image-2019-03-27-at-17.12.14-300x225.jpeg 300w, https:\/\/d2p6e6u75xmxt8.cloudfront.net\/6\/2019\/03\/WhatsApp-Image-2019-03-27-at-17.12.14-768x576.jpeg 768w, https:\/\/d2p6e6u75xmxt8.cloudfront.net\/6\/2019\/03\/WhatsApp-Image-2019-03-27-at-17.12.14.jpeg 1600w\" sizes=\"auto, (max-width: 1024px) 100vw, 1024px\" \/><\/a> <a href=\"https:\/\/d2p6e6u75xmxt8.cloudfront.net\/6\/2019\/03\/WhatsApp-Image-2019-03-27-at-17.12.20.jpeg\"><img loading=\"lazy\" decoding=\"async\" class=\"aligncenter size-large wp-image-4405\" src=\"https:\/\/d2p6e6u75xmxt8.cloudfront.net\/6\/2019\/03\/WhatsApp-Image-2019-03-27-at-17.12.20-1024x768.jpeg\" alt=\"\" width=\"1024\" height=\"768\" srcset=\"https:\/\/d2p6e6u75xmxt8.cloudfront.net\/6\/2019\/03\/WhatsApp-Image-2019-03-27-at-17.12.20-1024x768.jpeg 1024w, https:\/\/d2p6e6u75xmxt8.cloudfront.net\/6\/2019\/03\/WhatsApp-Image-2019-03-27-at-17.12.20-300x225.jpeg 300w, https:\/\/d2p6e6u75xmxt8.cloudfront.net\/6\/2019\/03\/WhatsApp-Image-2019-03-27-at-17.12.20-768x576.jpeg 768w, https:\/\/d2p6e6u75xmxt8.cloudfront.net\/6\/2019\/03\/WhatsApp-Image-2019-03-27-at-17.12.20.jpeg 1600w\" sizes=\"auto, (max-width: 1024px) 100vw, 1024px\" \/><\/a> <a href=\"https:\/\/d2p6e6u75xmxt8.cloudfront.net\/6\/2019\/03\/WhatsApp-Image-2019-03-27-at-17.31.08.jpeg\"><img loading=\"lazy\" decoding=\"async\" class=\"aligncenter size-large wp-image-4406\" src=\"https:\/\/d2p6e6u75xmxt8.cloudfront.net\/6\/2019\/03\/WhatsApp-Image-2019-03-27-at-17.31.08-1024x768.jpeg\" alt=\"\" width=\"1024\" height=\"768\" srcset=\"https:\/\/d2p6e6u75xmxt8.cloudfront.net\/6\/2019\/03\/WhatsApp-Image-2019-03-27-at-17.31.08-1024x768.jpeg 1024w, https:\/\/d2p6e6u75xmxt8.cloudfront.net\/6\/2019\/03\/WhatsApp-Image-2019-03-27-at-17.31.08-300x225.jpeg 300w, https:\/\/d2p6e6u75xmxt8.cloudfront.net\/6\/2019\/03\/WhatsApp-Image-2019-03-27-at-17.31.08-768x576.jpeg 768w, https:\/\/d2p6e6u75xmxt8.cloudfront.net\/6\/2019\/03\/WhatsApp-Image-2019-03-27-at-17.31.08.jpeg 1600w\" sizes=\"auto, (max-width: 1024px) 100vw, 1024px\" \/><\/a> <a href=\"https:\/\/d2p6e6u75xmxt8.cloudfront.net\/6\/2019\/03\/WhatsApp-Image-2019-03-27-at-17.33.43.jpeg\"><img loading=\"lazy\" decoding=\"async\" class=\"aligncenter size-large wp-image-4407\" src=\"https:\/\/d2p6e6u75xmxt8.cloudfront.net\/6\/2019\/03\/WhatsApp-Image-2019-03-27-at-17.33.43-1024x768.jpeg\" alt=\"\" width=\"1024\" height=\"768\" srcset=\"https:\/\/d2p6e6u75xmxt8.cloudfront.net\/6\/2019\/03\/WhatsApp-Image-2019-03-27-at-17.33.43-1024x768.jpeg 1024w, https:\/\/d2p6e6u75xmxt8.cloudfront.net\/6\/2019\/03\/WhatsApp-Image-2019-03-27-at-17.33.43-300x225.jpeg 300w, https:\/\/d2p6e6u75xmxt8.cloudfront.net\/6\/2019\/03\/WhatsApp-Image-2019-03-27-at-17.33.43-768x576.jpeg 768w, https:\/\/d2p6e6u75xmxt8.cloudfront.net\/6\/2019\/03\/WhatsApp-Image-2019-03-27-at-17.33.43.jpeg 1599w\" sizes=\"auto, (max-width: 1024px) 100vw, 1024px\" \/><\/a><\/p>\n<h4><strong>Tacoronte-Playa de Las Teresitas. (Zona Norte)<\/strong><br \/>\n<strong>55 kil\u00f3metros y 1.200 metros de desnivel<\/strong><\/h4>\n<p><a href=\"https:\/\/www.strava.com\/activities\/2246916477\">La Ruta en Strava &gt;\u00a0<\/a><\/p>\n<p>Si la zona sur puede recordar a una pel\u00edcula del far west, la zona norta es verde como Asturias, con la ventaja de que siempre hay 20 grados de temperatura, sea invierno o verano. Esta vez salimos de<strong> Tacoronte<\/strong>, con su plaza adoquinada (y alguna calle m\u00e1s para los nost\u00e1lgicos de Flandes). La direcci\u00f3n era hacia el norte para atravesar\u00a0 el Parque Rural de Anaga y evitando las dos ciudades m\u00e1s populosas, Santa Cruz y La Laguna.<\/p>\n<p>No es complicado encontrar la direcci\u00f3n. Eso s\u00ed, siempre hay que ir salvando monta\u00f1as. La primera, si decides empezar en el mar, es hasta Tacoronte, que est\u00e1 a 400 metros de altitud. En nuestro caso ya est\u00e1bamos arriba, as\u00ed que cinco kil\u00f3metros hacia el centro de la isla para subir <strong>El Boquer\u00f3n<\/strong>. Un puertecito ideal para entrar en calor. Descenso hasta Tegueste y subida por Pedro \u00c1lvarez en direcci\u00f3n a Anaga. Si contamos desde ah\u00ed sale un puerto de casi 15 kil\u00f3metros que pasa desde los 300 metros a 995 de altitud.<\/p>\n<p>Lo m\u00e1s espectacular son los 10 \u00faltimos, todos dentro del <strong>Parque Rural de Anaga<\/strong>. Rampas iniciales del 12% que solo duran dos kil\u00f3metros. Despu\u00e9s falsos llanos y kil\u00f3metros enteros al 6\/7% hasta el <strong>Pico del Ingl\u00e9s<\/strong>. Eso s\u00ed, todo dentro de una carretera rodeada de un bosque frondoso, todo a la sombra. Y en la cima una vistas espectaculares de la monta\u00f1a y el mar al mismo tiempo. Eso s\u00ed, en la cima 12 grados.<\/p>\n<p>No hay problema porque los 20 kil\u00f3metros de descenso continuado hasta el nivel del mar, la<strong> Playa de las Teresitas,<\/strong> hacen que vayas entrando en calor y a pie de arena acabes con 25. Solo hay que echar la vista atr\u00e1s y pensar en todo lo que has descendido como un nuevo puerto, el <strong>Bailadero.<\/strong> De cero a 1000 metros en 20 kil\u00f3metros. Ideal para entrenar. Adem\u00e1s que tienes otras tres opciones de alargar por las carreteras de <strong>Taganana, Chamorga y Lomo Bermejo<\/strong>.<\/p>\n<p><a href=\"https:\/\/d2p6e6u75xmxt8.cloudfront.net\/6\/2019\/03\/IMG_20190328_133241_832.jpg\"><img loading=\"lazy\" decoding=\"async\" class=\"aligncenter size-large wp-image-4388\" src=\"https:\/\/d2p6e6u75xmxt8.cloudfront.net\/6\/2019\/03\/IMG_20190328_133241_832-1024x576.jpg\" alt=\"\" width=\"1024\" height=\"576\" srcset=\"https:\/\/d2p6e6u75xmxt8.cloudfront.net\/6\/2019\/03\/IMG_20190328_133241_832-1024x576.jpg 1024w, https:\/\/d2p6e6u75xmxt8.cloudfront.net\/6\/2019\/03\/IMG_20190328_133241_832-300x169.jpg 300w, https:\/\/d2p6e6u75xmxt8.cloudfront.net\/6\/2019\/03\/IMG_20190328_133241_832-768x432.jpg 768w, https:\/\/d2p6e6u75xmxt8.cloudfront.net\/6\/2019\/03\/IMG_20190328_133241_832-1920x1080.jpg 1920w, https:\/\/d2p6e6u75xmxt8.cloudfront.net\/6\/2019\/03\/IMG_20190328_133241_832-1920x1080.jpg 1920w\" sizes=\"auto, (max-width: 1024px) 100vw, 1024px\" \/><\/a> <a href=\"https:\/\/d2p6e6u75xmxt8.cloudfront.net\/6\/2019\/03\/IMG_20190328_125221_620.jpg\"><img loading=\"lazy\" decoding=\"async\" class=\"aligncenter size-large wp-image-4389\" src=\"https:\/\/d2p6e6u75xmxt8.cloudfront.net\/6\/2019\/03\/IMG_20190328_125221_620-1024x576.jpg\" alt=\"\" width=\"1024\" height=\"576\" srcset=\"https:\/\/d2p6e6u75xmxt8.cloudfront.net\/6\/2019\/03\/IMG_20190328_125221_620-1024x576.jpg 1024w, https:\/\/d2p6e6u75xmxt8.cloudfront.net\/6\/2019\/03\/IMG_20190328_125221_620-300x169.jpg 300w, https:\/\/d2p6e6u75xmxt8.cloudfront.net\/6\/2019\/03\/IMG_20190328_125221_620-768x432.jpg 768w, https:\/\/d2p6e6u75xmxt8.cloudfront.net\/6\/2019\/03\/IMG_20190328_125221_620-1920x1080.jpg 1920w, https:\/\/d2p6e6u75xmxt8.cloudfront.net\/6\/2019\/03\/IMG_20190328_125221_620-1920x1080.jpg 1920w\" sizes=\"auto, (max-width: 1024px) 100vw, 1024px\" \/><\/a> <a href=\"https:\/\/d2p6e6u75xmxt8.cloudfront.net\/6\/2019\/03\/IMG_20190328_133021_971.jpg\"><img loading=\"lazy\" decoding=\"async\" class=\"aligncenter size-large wp-image-4390\" src=\"https:\/\/d2p6e6u75xmxt8.cloudfront.net\/6\/2019\/03\/IMG_20190328_133021_971-1024x576.jpg\" alt=\"\" width=\"1024\" height=\"576\" srcset=\"https:\/\/d2p6e6u75xmxt8.cloudfront.net\/6\/2019\/03\/IMG_20190328_133021_971-1024x576.jpg 1024w, https:\/\/d2p6e6u75xmxt8.cloudfront.net\/6\/2019\/03\/IMG_20190328_133021_971-300x169.jpg 300w, https:\/\/d2p6e6u75xmxt8.cloudfront.net\/6\/2019\/03\/IMG_20190328_133021_971-768x432.jpg 768w, https:\/\/d2p6e6u75xmxt8.cloudfront.net\/6\/2019\/03\/IMG_20190328_133021_971-1920x1080.jpg 1920w, https:\/\/d2p6e6u75xmxt8.cloudfront.net\/6\/2019\/03\/IMG_20190328_133021_971-1920x1080.jpg 1920w\" sizes=\"auto, (max-width: 1024px) 100vw, 1024px\" \/><\/a> <a href=\"https:\/\/d2p6e6u75xmxt8.cloudfront.net\/6\/2019\/03\/IMG-20190328-WA0006.jpg\"><img loading=\"lazy\" decoding=\"async\" class=\"aligncenter size-large wp-image-4391\" src=\"https:\/\/d2p6e6u75xmxt8.cloudfront.net\/6\/2019\/03\/IMG-20190328-WA0006-1024x576.jpg\" alt=\"\" width=\"1024\" height=\"576\" srcset=\"https:\/\/d2p6e6u75xmxt8.cloudfront.net\/6\/2019\/03\/IMG-20190328-WA0006-1024x576.jpg 1024w, https:\/\/d2p6e6u75xmxt8.cloudfront.net\/6\/2019\/03\/IMG-20190328-WA0006-300x169.jpg 300w, https:\/\/d2p6e6u75xmxt8.cloudfront.net\/6\/2019\/03\/IMG-20190328-WA0006-768x432.jpg 768w, https:\/\/d2p6e6u75xmxt8.cloudfront.net\/6\/2019\/03\/IMG-20190328-WA0006.jpg 1599w\" sizes=\"auto, (max-width: 1024px) 100vw, 1024px\" \/><\/a> <a href=\"https:\/\/d2p6e6u75xmxt8.cloudfront.net\/6\/2019\/03\/IMG-20190328-WA0007.jpg\"><img loading=\"lazy\" decoding=\"async\" class=\"aligncenter size-large wp-image-4392\" src=\"https:\/\/d2p6e6u75xmxt8.cloudfront.net\/6\/2019\/03\/IMG-20190328-WA0007-1024x768.jpg\" alt=\"\" width=\"1024\" height=\"768\" srcset=\"https:\/\/d2p6e6u75xmxt8.cloudfront.net\/6\/2019\/03\/IMG-20190328-WA0007-1024x768.jpg 1024w, https:\/\/d2p6e6u75xmxt8.cloudfront.net\/6\/2019\/03\/IMG-20190328-WA0007-300x225.jpg 300w, https:\/\/d2p6e6u75xmxt8.cloudfront.net\/6\/2019\/03\/IMG-20190328-WA0007-768x576.jpg 768w, https:\/\/d2p6e6u75xmxt8.cloudfront.net\/6\/2019\/03\/IMG-20190328-WA0007.jpg 1600w\" sizes=\"auto, (max-width: 1024px) 100vw, 1024px\" \/><\/a> <a href=\"https:\/\/d2p6e6u75xmxt8.cloudfront.net\/6\/2019\/03\/WhatsApp-Image-2019-03-28-at-21.17.40-1.jpeg\"><img loading=\"lazy\" decoding=\"async\" class=\"aligncenter size-large wp-image-4393\" src=\"https:\/\/d2p6e6u75xmxt8.cloudfront.net\/6\/2019\/03\/WhatsApp-Image-2019-03-28-at-21.17.40-1-768x1024.jpeg\" alt=\"\" width=\"768\" height=\"1024\" srcset=\"https:\/\/d2p6e6u75xmxt8.cloudfront.net\/6\/2019\/03\/WhatsApp-Image-2019-03-28-at-21.17.40-1-768x1024.jpeg 768w, https:\/\/d2p6e6u75xmxt8.cloudfront.net\/6\/2019\/03\/WhatsApp-Image-2019-03-28-at-21.17.40-1-225x300.jpeg 225w, https:\/\/d2p6e6u75xmxt8.cloudfront.net\/6\/2019\/03\/WhatsApp-Image-2019-03-28-at-21.17.40-1.jpeg 1200w\" sizes=\"auto, (max-width: 768px) 100vw, 768px\" \/><\/a><\/p>\n<h4><strong>Buenavista-Garachico-Punta del Teno. (Zona Norte)<\/strong><br \/>\n<strong>40 kil\u00f3metros y 900 metros de desnivel<\/strong><\/h4>\n<p><a href=\"https:\/\/www.strava.com\/activities\/2249188358\">La Ruta en Strava &gt;<\/a><\/p>\n<p>Uno de los lugares por rodar en bici m\u00e1s tranquilos de <strong>Tenerife es el municipio de Buenavista.<\/strong> Est\u00e1 situado al lado del mar en la zona m\u00e1s al Noroeste de la isla. La salida era desde el <a href=\"https:\/\/www.melia.com\/es\/hoteles\/espana\/tenerife\/melia-hacienda-del-conde\/index.htm\">Hotel Hacienda del Conde<\/a> y tocaba soltar piernas y hacer un rodaje tranquilo. La carretera principal te lleva a la playa de <strong>Garachico<\/strong> sin demasiada dificultad. Es casi plano, algo raro en la isla. Para &#8216;meter&#8217; algo de chicha puedes ir buscando los <strong>tramos adoquinado<\/strong>s de Garachico o Las Cruces.<\/p>\n<p>Esa es la versi\u00f3n suave, porque siempre puedes ir poniendo &#8216;retos&#8217; por el camino. A un lado queda el mar y justo al otro la monta\u00f1a con rampas y desniveles imposibles. Se trata de subir hasta T<strong>anque Bajo y descender por la siguiente carretera o a Las Cruces, o a La Tierra del Trigo<\/strong>. Hay varias opciones para ir sumando metros de desnivel y volviendo siempre a la playa.<\/p>\n<p>En nuestro caso lo que vamos a buscar es uno de esos sitios id\u00edlicos para el ciclista, una carretera con subida y bajada y cortada al tr\u00e1fico, sin coches. Es la que lleva hasta faro de la <strong>Punta del Teno,<\/strong> en el municipio de Buenavista. Ocho kil\u00f3metros en total con la mitad de subida y otros tantos de bajada por acantilados, t\u00faneles de piedra natural y el final en el faro con unas vistas espectaculares.<\/p>\n<p><a href=\"https:\/\/d2p6e6u75xmxt8.cloudfront.net\/6\/2019\/03\/IMG_20190329_121827_772.jpg\"><img loading=\"lazy\" decoding=\"async\" class=\"aligncenter size-large wp-image-4394\" src=\"https:\/\/d2p6e6u75xmxt8.cloudfront.net\/6\/2019\/03\/IMG_20190329_121827_772-1024x576.jpg\" alt=\"\" width=\"1024\" height=\"576\" srcset=\"https:\/\/d2p6e6u75xmxt8.cloudfront.net\/6\/2019\/03\/IMG_20190329_121827_772-1024x576.jpg 1024w, https:\/\/d2p6e6u75xmxt8.cloudfront.net\/6\/2019\/03\/IMG_20190329_121827_772-300x169.jpg 300w, https:\/\/d2p6e6u75xmxt8.cloudfront.net\/6\/2019\/03\/IMG_20190329_121827_772-768x432.jpg 768w, https:\/\/d2p6e6u75xmxt8.cloudfront.net\/6\/2019\/03\/IMG_20190329_121827_772-1920x1080.jpg 1920w, https:\/\/d2p6e6u75xmxt8.cloudfront.net\/6\/2019\/03\/IMG_20190329_121827_772-1920x1080.jpg 1920w\" sizes=\"auto, (max-width: 1024px) 100vw, 1024px\" \/><\/a> <a href=\"https:\/\/d2p6e6u75xmxt8.cloudfront.net\/6\/2019\/03\/WhatsApp-Image-2019-03-29-at-14.56.13-1.jpeg\"><img loading=\"lazy\" decoding=\"async\" class=\"aligncenter size-large wp-image-4395\" src=\"https:\/\/d2p6e6u75xmxt8.cloudfront.net\/6\/2019\/03\/WhatsApp-Image-2019-03-29-at-14.56.13-1-1024x1024.jpeg\" alt=\"\" width=\"1024\" height=\"1024\" srcset=\"https:\/\/d2p6e6u75xmxt8.cloudfront.net\/6\/2019\/03\/WhatsApp-Image-2019-03-29-at-14.56.13-1-1024x1024.jpeg 1024w, https:\/\/d2p6e6u75xmxt8.cloudfront.net\/6\/2019\/03\/WhatsApp-Image-2019-03-29-at-14.56.13-1-150x150.jpeg 150w, https:\/\/d2p6e6u75xmxt8.cloudfront.net\/6\/2019\/03\/WhatsApp-Image-2019-03-29-at-14.56.13-1-300x300.jpeg 300w, https:\/\/d2p6e6u75xmxt8.cloudfront.net\/6\/2019\/03\/WhatsApp-Image-2019-03-29-at-14.56.13-1-768x768.jpeg 768w, https:\/\/d2p6e6u75xmxt8.cloudfront.net\/6\/2019\/03\/WhatsApp-Image-2019-03-29-at-14.56.13-1.jpeg 1600w\" sizes=\"auto, (max-width: 1024px) 100vw, 1024px\" \/><\/a> <a href=\"https:\/\/d2p6e6u75xmxt8.cloudfront.net\/6\/2019\/03\/WhatsApp-Image-2019-03-29-at-14.57.57.jpeg\"><img loading=\"lazy\" decoding=\"async\" class=\"aligncenter size-large wp-image-4396\" src=\"https:\/\/d2p6e6u75xmxt8.cloudfront.net\/6\/2019\/03\/WhatsApp-Image-2019-03-29-at-14.57.57-1024x768.jpeg\" alt=\"\" width=\"1024\" height=\"768\" srcset=\"https:\/\/d2p6e6u75xmxt8.cloudfront.net\/6\/2019\/03\/WhatsApp-Image-2019-03-29-at-14.57.57-1024x768.jpeg 1024w, https:\/\/d2p6e6u75xmxt8.cloudfront.net\/6\/2019\/03\/WhatsApp-Image-2019-03-29-at-14.57.57-300x225.jpeg 300w, https:\/\/d2p6e6u75xmxt8.cloudfront.net\/6\/2019\/03\/WhatsApp-Image-2019-03-29-at-14.57.57-768x576.jpeg 768w, https:\/\/d2p6e6u75xmxt8.cloudfront.net\/6\/2019\/03\/WhatsApp-Image-2019-03-29-at-14.57.57.jpeg 1600w\" sizes=\"auto, (max-width: 1024px) 100vw, 1024px\" \/><\/a> <a href=\"https:\/\/d2p6e6u75xmxt8.cloudfront.net\/6\/2019\/03\/WhatsApp-Image-2019-03-29-at-15.27.27.jpeg\"><img loading=\"lazy\" decoding=\"async\" class=\"aligncenter size-large wp-image-4397\" src=\"https:\/\/d2p6e6u75xmxt8.cloudfront.net\/6\/2019\/03\/WhatsApp-Image-2019-03-29-at-15.27.27-1024x768.jpeg\" alt=\"\" width=\"1024\" height=\"768\" srcset=\"https:\/\/d2p6e6u75xmxt8.cloudfront.net\/6\/2019\/03\/WhatsApp-Image-2019-03-29-at-15.27.27-1024x768.jpeg 1024w, https:\/\/d2p6e6u75xmxt8.cloudfront.net\/6\/2019\/03\/WhatsApp-Image-2019-03-29-at-15.27.27-300x225.jpeg 300w, https:\/\/d2p6e6u75xmxt8.cloudfront.net\/6\/2019\/03\/WhatsApp-Image-2019-03-29-at-15.27.27-768x576.jpeg 768w, https:\/\/d2p6e6u75xmxt8.cloudfront.net\/6\/2019\/03\/WhatsApp-Image-2019-03-29-at-15.27.27.jpeg 1600w\" sizes=\"auto, (max-width: 1024px) 100vw, 1024px\" \/><\/a> <a href=\"https:\/\/d2p6e6u75xmxt8.cloudfront.net\/6\/2019\/03\/WhatsApp-Image-2019-03-29-at-15.33.49.jpeg\"><img loading=\"lazy\" decoding=\"async\" class=\"aligncenter size-large wp-image-4398\" src=\"https:\/\/d2p6e6u75xmxt8.cloudfront.net\/6\/2019\/03\/WhatsApp-Image-2019-03-29-at-15.33.49-1024x576.jpeg\" alt=\"\" width=\"1024\" height=\"576\" srcset=\"https:\/\/d2p6e6u75xmxt8.cloudfront.net\/6\/2019\/03\/WhatsApp-Image-2019-03-29-at-15.33.49-1024x576.jpeg 1024w, https:\/\/d2p6e6u75xmxt8.cloudfront.net\/6\/2019\/03\/WhatsApp-Image-2019-03-29-at-15.33.49-300x169.jpeg 300w, https:\/\/d2p6e6u75xmxt8.cloudfront.net\/6\/2019\/03\/WhatsApp-Image-2019-03-29-at-15.33.49-768x432.jpeg 768w, https:\/\/d2p6e6u75xmxt8.cloudfront.net\/6\/2019\/03\/WhatsApp-Image-2019-03-29-at-15.33.49.jpeg 1344w\" sizes=\"auto, (max-width: 1024px) 100vw, 1024px\" \/><\/a> <a href=\"https:\/\/d2p6e6u75xmxt8.cloudfront.net\/6\/2019\/03\/WhatsApp-Image-2019-03-29-at-16.35.35.jpeg\"><img loading=\"lazy\" decoding=\"async\" class=\"aligncenter size-large wp-image-4399\" src=\"https:\/\/d2p6e6u75xmxt8.cloudfront.net\/6\/2019\/03\/WhatsApp-Image-2019-03-29-at-16.35.35-1024x768.jpeg\" alt=\"\" width=\"1024\" height=\"768\" srcset=\"https:\/\/d2p6e6u75xmxt8.cloudfront.net\/6\/2019\/03\/WhatsApp-Image-2019-03-29-at-16.35.35-1024x768.jpeg 1024w, https:\/\/d2p6e6u75xmxt8.cloudfront.net\/6\/2019\/03\/WhatsApp-Image-2019-03-29-at-16.35.35-300x225.jpeg 300w, https:\/\/d2p6e6u75xmxt8.cloudfront.net\/6\/2019\/03\/WhatsApp-Image-2019-03-29-at-16.35.35-768x576.jpeg 768w, https:\/\/d2p6e6u75xmxt8.cloudfront.net\/6\/2019\/03\/WhatsApp-Image-2019-03-29-at-16.35.35.jpeg 1600w\" sizes=\"auto, (max-width: 1024px) 100vw, 1024px\" \/><\/a> <a href=\"https:\/\/d2p6e6u75xmxt8.cloudfront.net\/6\/2019\/03\/WhatsApp-Image-2019-03-29-at-20.06.03.jpeg\"><img loading=\"lazy\" decoding=\"async\" class=\"aligncenter size-large wp-image-4400\" src=\"https:\/\/d2p6e6u75xmxt8.cloudfront.net\/6\/2019\/03\/WhatsApp-Image-2019-03-29-at-20.06.03-1024x576.jpeg\" alt=\"\" width=\"1024\" height=\"576\" srcset=\"https:\/\/d2p6e6u75xmxt8.cloudfront.net\/6\/2019\/03\/WhatsApp-Image-2019-03-29-at-20.06.03-1024x576.jpeg 1024w, https:\/\/d2p6e6u75xmxt8.cloudfront.net\/6\/2019\/03\/WhatsApp-Image-2019-03-29-at-20.06.03-300x169.jpeg 300w, https:\/\/d2p6e6u75xmxt8.cloudfront.net\/6\/2019\/03\/WhatsApp-Image-2019-03-29-at-20.06.03-768x432.jpeg 768w, https:\/\/d2p6e6u75xmxt8.cloudfront.net\/6\/2019\/03\/WhatsApp-Image-2019-03-29-at-20.06.03.jpeg 1599w\" sizes=\"auto, (max-width: 1024px) 100vw, 1024px\" \/><\/a> <a href=\"https:\/\/d2p6e6u75xmxt8.cloudfront.net\/6\/2019\/03\/WhatsApp-Image-2019-03-29-at-15.33.50.jpeg\"><img loading=\"lazy\" decoding=\"async\" class=\"aligncenter size-large wp-image-4401\" src=\"https:\/\/d2p6e6u75xmxt8.cloudfront.net\/6\/2019\/03\/WhatsApp-Image-2019-03-29-at-15.33.50-576x1024.jpeg\" alt=\"\" width=\"576\" height=\"1024\" srcset=\"https:\/\/d2p6e6u75xmxt8.cloudfront.net\/6\/2019\/03\/WhatsApp-Image-2019-03-29-at-15.33.50-576x1024.jpeg 576w, https:\/\/d2p6e6u75xmxt8.cloudfront.net\/6\/2019\/03\/WhatsApp-Image-2019-03-29-at-15.33.50-169x300.jpeg 169w, https:\/\/d2p6e6u75xmxt8.cloudfront.net\/6\/2019\/03\/WhatsApp-Image-2019-03-29-at-15.33.50.jpeg 756w\" sizes=\"auto, (max-width: 576px) 100vw, 576px\" \/><\/a> <a href=\"https:\/\/d2p6e6u75xmxt8.cloudfront.net\/6\/2019\/03\/WhatsApp-Image-2019-03-29-at-15.33.51.jpeg\"><img loading=\"lazy\" decoding=\"async\" class=\"aligncenter size-large wp-image-4402\" src=\"https:\/\/d2p6e6u75xmxt8.cloudfront.net\/6\/2019\/03\/WhatsApp-Image-2019-03-29-at-15.33.51-576x1024.jpeg\" alt=\"\" width=\"576\" height=\"1024\" srcset=\"https:\/\/d2p6e6u75xmxt8.cloudfront.net\/6\/2019\/03\/WhatsApp-Image-2019-03-29-at-15.33.51-576x1024.jpeg 576w, https:\/\/d2p6e6u75xmxt8.cloudfront.net\/6\/2019\/03\/WhatsApp-Image-2019-03-29-at-15.33.51-169x300.jpeg 169w, https:\/\/d2p6e6u75xmxt8.cloudfront.net\/6\/2019\/03\/WhatsApp-Image-2019-03-29-at-15.33.51.jpeg 756w\" sizes=\"auto, (max-width: 576px) 100vw, 576px\" \/><\/a><\/p>\n","protected":false},"excerpt":{"rendered":"<p>Un ciclista lo primero que piensa cuando le hablan de Tenerife es en el Teide. La monta\u00f1a m\u00e1s alta de [&hellip;]<\/p>\n","protected":false},"author":29,"featured_media":4387,"comment_status":"open","ping_status":"open","sticky":false,"template":"","format":"standard","meta":{"footnotes":""},"categories":[7],"tags":[948,949,946,945,947],"global-categories":[],"class_list":["post-4386","post","type-post","status-publish","format-standard","has-post-thumbnail","hentry","category-carretera","tag-cycling-tenerife","tag-etapas-tenerife","tag-rutas-ciclistas-tenerife","tag-tenerife","tag-tenerife-ciclismo"],"yoast_head":"<!-- This site is optimized with the Yoast SEO Premium plugin v25.3 (Yoast SEO v25.9) - https:\/\/yoast.com\/wordpress\/plugins\/seo\/ -->\n<title>Tenerife ciclista... sin subir el Teide - \u0160koda We Love Cycling - Spain<\/title>\n<meta name=\"description\" content=\"Tenerife ciclista... sin subir el Teide. Tres etapas en bicicleta de carretera para rodar por Tenerife sin tener que subir el Teide.\" \/>\n<meta name=\"robots\" content=\"index, follow, max-snippet:-1, max-image-preview:large, max-video-preview:-1\" \/>\n<link rel=\"canonical\" href=\"https:\/\/www.welovecycling.com\/es\/2019\/03\/29\/tenerife-ciclista-sin-subir-el-teide\/\" \/>\n<meta property=\"og:locale\" content=\"es_ES\" \/>\n<meta property=\"og:type\" content=\"article\" \/>\n<meta property=\"og:title\" content=\"Tenerife ciclista... sin subir el Teide.\" \/>\n<meta property=\"og:description\" content=\"Tenerife ciclista... sin subir el Teide. Tres etapas en bicicleta de carretera para rodar por Tenerife sin tener que subir el Teide.\" \/>\n<meta property=\"og:url\" content=\"https:\/\/www.welovecycling.com\/es\/2019\/03\/29\/tenerife-ciclista-sin-subir-el-teide\/\" \/>\n<meta property=\"og:site_name\" content=\"\u0160koda We Love Cycling - Spain\" \/>\n<meta property=\"article:published_time\" content=\"2019-03-29T19:19:21+00:00\" \/>\n<meta property=\"article:modified_time\" content=\"2019-03-31T00:11:18+00:00\" \/>\n<meta property=\"og:image\" content=\"https:\/\/d2p6e6u75xmxt8.cloudfront.net\/6\/2019\/03\/WhatsApp-Image-2019-03-28-at-14.59.52.jpeg\" \/>\n\t<meta property=\"og:image:width\" content=\"1600\" \/>\n\t<meta property=\"og:image:height\" content=\"1200\" \/>\n\t<meta property=\"og:image:type\" content=\"image\/jpeg\" \/>\n<meta name=\"author\" content=\"We Love Cycling Spain\" \/>\n<meta name=\"twitter:card\" content=\"summary_large_image\" \/>\n<meta name=\"twitter:title\" content=\"Tenerife ciclista... sin subir el Teide.\" \/>\n<meta name=\"twitter:description\" content=\"Tenerife ciclista... sin subir el Teide. Tres etapas en bicicleta de carretera para rodar por Tenerife sin tener que subir el Teide.\" \/>\n<meta name=\"twitter:label1\" content=\"Written by\" \/>\n\t<meta name=\"twitter:data1\" content=\"Luis Ortega @ciclored\" \/>\n\t<meta name=\"twitter:label2\" content=\"Est. reading time\" \/>\n\t<meta name=\"twitter:data2\" content=\"5 minutes\" \/>\n<script type=\"application\/ld+json\" class=\"yoast-schema-graph\">{\"@context\":\"https:\/\/schema.org\",\"@graph\":[{\"@type\":\"WebPage\",\"@id\":\"https:\/\/www.welovecycling.com\/es\/2019\/03\/29\/tenerife-ciclista-sin-subir-el-teide\/\",\"url\":\"https:\/\/www.welovecycling.com\/es\/2019\/03\/29\/tenerife-ciclista-sin-subir-el-teide\/\",\"name\":\"Tenerife ciclista... sin subir el Teide - \u0160koda We Love Cycling - Spain\",\"isPartOf\":{\"@id\":\"https:\/\/www.welovecycling.com\/es\/#website\"},\"primaryImageOfPage\":{\"@id\":\"https:\/\/www.welovecycling.com\/es\/2019\/03\/29\/tenerife-ciclista-sin-subir-el-teide\/#primaryimage\"},\"image\":{\"@id\":\"https:\/\/www.welovecycling.com\/es\/2019\/03\/29\/tenerife-ciclista-sin-subir-el-teide\/#primaryimage\"},\"thumbnailUrl\":\"https:\/\/d2p6e6u75xmxt8.cloudfront.net\/6\/2019\/03\/WhatsApp-Image-2019-03-28-at-14.59.52.jpeg\",\"datePublished\":\"2019-03-29T19:19:21+00:00\",\"dateModified\":\"2019-03-31T00:11:18+00:00\",\"author\":{\"@id\":\"https:\/\/www.welovecycling.com\/es\/#\/schema\/person\/deb61715b5812698ee79fb96f343ccd4\"},\"description\":\"Tenerife ciclista... sin subir el Teide. Tres etapas en bicicleta de carretera para rodar por Tenerife sin tener que subir el Teide.\",\"breadcrumb\":{\"@id\":\"https:\/\/www.welovecycling.com\/es\/2019\/03\/29\/tenerife-ciclista-sin-subir-el-teide\/#breadcrumb\"},\"inLanguage\":\"es-ES\",\"potentialAction\":[{\"@type\":\"ReadAction\",\"target\":[\"https:\/\/www.welovecycling.com\/es\/2019\/03\/29\/tenerife-ciclista-sin-subir-el-teide\/\"]}]},{\"@type\":\"ImageObject\",\"inLanguage\":\"es-ES\",\"@id\":\"https:\/\/www.welovecycling.com\/es\/2019\/03\/29\/tenerife-ciclista-sin-subir-el-teide\/#primaryimage\",\"url\":\"https:\/\/d2p6e6u75xmxt8.cloudfront.net\/6\/2019\/03\/WhatsApp-Image-2019-03-28-at-14.59.52.jpeg\",\"contentUrl\":\"https:\/\/d2p6e6u75xmxt8.cloudfront.net\/6\/2019\/03\/WhatsApp-Image-2019-03-28-at-14.59.52.jpeg\",\"width\":1600,\"height\":1200},{\"@type\":\"BreadcrumbList\",\"@id\":\"https:\/\/www.welovecycling.com\/es\/2019\/03\/29\/tenerife-ciclista-sin-subir-el-teide\/#breadcrumb\",\"itemListElement\":[{\"@type\":\"ListItem\",\"position\":1,\"name\":\"Home\",\"item\":\"https:\/\/www.welovecycling.com\/es\/\"},{\"@type\":\"ListItem\",\"position\":2,\"name\":\"Tenerife ciclista&#8230; sin subir el Teide\"}]},{\"@type\":\"WebSite\",\"@id\":\"https:\/\/www.welovecycling.com\/es\/#website\",\"url\":\"https:\/\/www.welovecycling.com\/es\/\",\"name\":\"\u0160koda We Love Cycling - Spain\",\"description\":\"\u0160koda WeLoveCycling Spain\",\"potentialAction\":[{\"@type\":\"SearchAction\",\"target\":{\"@type\":\"EntryPoint\",\"urlTemplate\":\"https:\/\/www.welovecycling.com\/es\/?s={search_term_string}\"},\"query-input\":{\"@type\":\"PropertyValueSpecification\",\"valueRequired\":true,\"valueName\":\"search_term_string\"}}],\"inLanguage\":\"es-ES\"},{\"@type\":\"Person\",\"@id\":\"https:\/\/www.welovecycling.com\/es\/#\/schema\/person\/deb61715b5812698ee79fb96f343ccd4\",\"name\":\"We Love Cycling Spain\",\"image\":{\"@type\":\"ImageObject\",\"inLanguage\":\"es-ES\",\"@id\":\"https:\/\/www.welovecycling.com\/es\/#\/schema\/person\/image\/\",\"url\":\"https:\/\/secure.gravatar.com\/avatar\/c824b04e6df0e37a03219d0b6481672889df542894588964102459e46513159c?s=96&d=mm&r=g\",\"contentUrl\":\"https:\/\/secure.gravatar.com\/avatar\/c824b04e6df0e37a03219d0b6481672889df542894588964102459e46513159c?s=96&d=mm&r=g\",\"caption\":\"We Love Cycling Spain\"},\"url\":\"https:\/\/www.welovecycling.com\/es\/author\/amunoz\/\"}]}<\/script>\n<!-- \/ Yoast SEO Premium plugin. -->","yoast_head_json":{"title":"Tenerife ciclista... sin subir el Teide - \u0160koda We Love Cycling - Spain","description":"Tenerife ciclista... sin subir el Teide. Tres etapas en bicicleta de carretera para rodar por Tenerife sin tener que subir el Teide.","robots":{"index":"index","follow":"follow","max-snippet":"max-snippet:-1","max-image-preview":"max-image-preview:large","max-video-preview":"max-video-preview:-1"},"canonical":"https:\/\/www.welovecycling.com\/es\/2019\/03\/29\/tenerife-ciclista-sin-subir-el-teide\/","og_locale":"es_ES","og_type":"article","og_title":"Tenerife ciclista... sin subir el Teide.","og_description":"Tenerife ciclista... sin subir el Teide. Tres etapas en bicicleta de carretera para rodar por Tenerife sin tener que subir el Teide.","og_url":"https:\/\/www.welovecycling.com\/es\/2019\/03\/29\/tenerife-ciclista-sin-subir-el-teide\/","og_site_name":"\u0160koda We Love Cycling - Spain","article_published_time":"2019-03-29T19:19:21+00:00","article_modified_time":"2019-03-31T00:11:18+00:00","og_image":[{"width":1600,"height":1200,"url":"https:\/\/d2p6e6u75xmxt8.cloudfront.net\/6\/2019\/03\/WhatsApp-Image-2019-03-28-at-14.59.52.jpeg","type":"image\/jpeg"}],"author":"We Love Cycling Spain","twitter_card":"summary_large_image","twitter_title":"Tenerife ciclista... sin subir el Teide.","twitter_description":"Tenerife ciclista... sin subir el Teide. Tres etapas en bicicleta de carretera para rodar por Tenerife sin tener que subir el Teide.","twitter_misc":{"Written by":"Luis Ortega @ciclored","Est. reading time":"5 minutes"},"schema":{"@context":"https:\/\/schema.org","@graph":[{"@type":"WebPage","@id":"https:\/\/www.welovecycling.com\/es\/2019\/03\/29\/tenerife-ciclista-sin-subir-el-teide\/","url":"https:\/\/www.welovecycling.com\/es\/2019\/03\/29\/tenerife-ciclista-sin-subir-el-teide\/","name":"Tenerife ciclista... sin subir el Teide - \u0160koda We Love Cycling - Spain","isPartOf":{"@id":"https:\/\/www.welovecycling.com\/es\/#website"},"primaryImageOfPage":{"@id":"https:\/\/www.welovecycling.com\/es\/2019\/03\/29\/tenerife-ciclista-sin-subir-el-teide\/#primaryimage"},"image":{"@id":"https:\/\/www.welovecycling.com\/es\/2019\/03\/29\/tenerife-ciclista-sin-subir-el-teide\/#primaryimage"},"thumbnailUrl":"https:\/\/d2p6e6u75xmxt8.cloudfront.net\/6\/2019\/03\/WhatsApp-Image-2019-03-28-at-14.59.52.jpeg","datePublished":"2019-03-29T19:19:21+00:00","dateModified":"2019-03-31T00:11:18+00:00","author":{"@id":"https:\/\/www.welovecycling.com\/es\/#\/schema\/person\/deb61715b5812698ee79fb96f343ccd4"},"description":"Tenerife ciclista... sin subir el Teide. Tres etapas en bicicleta de carretera para rodar por Tenerife sin tener que subir el Teide.","breadcrumb":{"@id":"https:\/\/www.welovecycling.com\/es\/2019\/03\/29\/tenerife-ciclista-sin-subir-el-teide\/#breadcrumb"},"inLanguage":"es-ES","potentialAction":[{"@type":"ReadAction","target":["https:\/\/www.welovecycling.com\/es\/2019\/03\/29\/tenerife-ciclista-sin-subir-el-teide\/"]}]},{"@type":"ImageObject","inLanguage":"es-ES","@id":"https:\/\/www.welovecycling.com\/es\/2019\/03\/29\/tenerife-ciclista-sin-subir-el-teide\/#primaryimage","url":"https:\/\/d2p6e6u75xmxt8.cloudfront.net\/6\/2019\/03\/WhatsApp-Image-2019-03-28-at-14.59.52.jpeg","contentUrl":"https:\/\/d2p6e6u75xmxt8.cloudfront.net\/6\/2019\/03\/WhatsApp-Image-2019-03-28-at-14.59.52.jpeg","width":1600,"height":1200},{"@type":"BreadcrumbList","@id":"https:\/\/www.welovecycling.com\/es\/2019\/03\/29\/tenerife-ciclista-sin-subir-el-teide\/#breadcrumb","itemListElement":[{"@type":"ListItem","position":1,"name":"Home","item":"https:\/\/www.welovecycling.com\/es\/"},{"@type":"ListItem","position":2,"name":"Tenerife ciclista&#8230; sin subir el Teide"}]},{"@type":"WebSite","@id":"https:\/\/www.welovecycling.com\/es\/#website","url":"https:\/\/www.welovecycling.com\/es\/","name":"\u0160koda We Love Cycling - Spain","description":"\u0160koda WeLoveCycling Spain","potentialAction":[{"@type":"SearchAction","target":{"@type":"EntryPoint","urlTemplate":"https:\/\/www.welovecycling.com\/es\/?s={search_term_string}"},"query-input":{"@type":"PropertyValueSpecification","valueRequired":true,"valueName":"search_term_string"}}],"inLanguage":"es-ES"},{"@type":"Person","@id":"https:\/\/www.welovecycling.com\/es\/#\/schema\/person\/deb61715b5812698ee79fb96f343ccd4","name":"We Love Cycling Spain","image":{"@type":"ImageObject","inLanguage":"es-ES","@id":"https:\/\/www.welovecycling.com\/es\/#\/schema\/person\/image\/","url":"https:\/\/secure.gravatar.com\/avatar\/c824b04e6df0e37a03219d0b6481672889df542894588964102459e46513159c?s=96&d=mm&r=g","contentUrl":"https:\/\/secure.gravatar.com\/avatar\/c824b04e6df0e37a03219d0b6481672889df542894588964102459e46513159c?s=96&d=mm&r=g","caption":"We Love Cycling Spain"},"url":"https:\/\/www.welovecycling.com\/es\/author\/amunoz\/"}]}},"_links":{"self":[{"href":"https:\/\/www.welovecycling.com\/es\/wp-json\/wp\/v2\/posts\/4386","targetHints":{"allow":["GET"]}}],"collection":[{"href":"https:\/\/www.welovecycling.com\/es\/wp-json\/wp\/v2\/posts"}],"about":[{"href":"https:\/\/www.welovecycling.com\/es\/wp-json\/wp\/v2\/types\/post"}],"author":[{"embeddable":true,"href":"https:\/\/www.welovecycling.com\/es\/wp-json\/wp\/v2\/users\/29"}],"replies":[{"embeddable":true,"href":"https:\/\/www.welovecycling.com\/es\/wp-json\/wp\/v2\/comments?post=4386"}],"version-history":[{"count":2,"href":"https:\/\/www.welovecycling.com\/es\/wp-json\/wp\/v2\/posts\/4386\/revisions"}],"predecessor-version":[{"id":4410,"href":"https:\/\/www.welovecycling.com\/es\/wp-json\/wp\/v2\/posts\/4386\/revisions\/4410"}],"wp:featuredmedia":[{"embeddable":true,"href":"https:\/\/www.welovecycling.com\/es\/wp-json\/wp\/v2\/media\/4387"}],"wp:attachment":[{"href":"https:\/\/www.welovecycling.com\/es\/wp-json\/wp\/v2\/media?parent=4386"}],"wp:term":[{"taxonomy":"category","embeddable":true,"href":"https:\/\/www.welovecycling.com\/es\/wp-json\/wp\/v2\/categories?post=4386"},{"taxonomy":"post_tag","embeddable":true,"href":"https:\/\/www.welovecycling.com\/es\/wp-json\/wp\/v2\/tags?post=4386"},{"taxonomy":"global-categories","embeddable":true,"href":"https:\/\/www.welovecycling.com\/es\/wp-json\/wp\/v2\/global-categories?post=4386"}],"curies":[{"name":"wp","href":"https:\/\/api.w.org\/{rel}","templated":true}]}}