{"id":4373,"date":"2019-03-24T21:12:01","date_gmt":"2019-03-24T19:12:01","guid":{"rendered":"https:\/\/www.welovecycling.com\/es\/?p=4373"},"modified":"2019-03-24T21:12:01","modified_gmt":"2019-03-24T19:12:01","slug":"entrenamiento-especializado-sprinters","status":"publish","type":"post","link":"https:\/\/www.welovecycling.com\/es\/2019\/03\/24\/entrenamiento-especializado-sprinters\/","title":{"rendered":"Entrenamiento especializado para sprinters"},"content":{"rendered":"<p><strong>Lo primero que piensas sobre un buen velocista es que solo debe tener una buena punta de velocidad para ser r\u00e1pido en los metros finales. Pero el sprinter necesita tambi\u00e9n llegar en las primeras posiciones del pelot\u00f3n al final de carrera, lo que significa que no se puede relajar y marchar entre el 50 y el 80. Y todo esto, c\u00f3mo lo entrenan. Cual es el mejor entenamiento para un sprinter.<\/strong><!--more--><\/p>\n<p>Para llegar all\u00ed, el velocista necesita desplegar esfuerzos de alta intensidad a lo largo de la etapa, algunos de los cuales se producen alrededor del llamado &#8220;umbral de lactato&#8221;. Si la carrera es el Tour de Francia, por ejemplo, el velocista necesita sobrevivir a duras subidas y recuperarse de ellas en un periodo de tres semanas. Tienen que sobrevivir hoy para esprintar ma\u00f1ana.<\/p>\n<p>Un sprint consta de tres fases: posicionamiento, aceleraci\u00f3n y el sprint final Si est\u00e1s fuera de posici\u00f3n, no puedes ganar. Esto es especialmente importante para el \u00faltimo kil\u00f3metro de la etapa. La aceleraci\u00f3n r\u00e1pida en el momento adecuado, especialmente ese &#8220;primer paso&#8221;, puede darte una ventaja de una o dos bicicletas en el momento crucial, y privar a tus rivales de usar tu rebufo. El desarrollo de un sprint final se trata de continuar la aceleraci\u00f3n. La mayor\u00eda de los ciclistas necesitan entrenarse para aplicar la potencia correctamente, lo que suele ser una cuesti\u00f3n de cadencia.<\/p>\n<figure id=\"attachment_4375\" aria-describedby=\"caption-attachment-4375\" style=\"width: 1250px\" class=\"wp-caption alignnone\"><a href=\"https:\/\/d2p6e6u75xmxt8.cloudfront.net\/6\/2019\/03\/Michael-Matthews-profimedia-0342799993.jpg\"><img loading=\"lazy\" decoding=\"async\" class=\"size-full wp-image-4375\" src=\"https:\/\/d2p6e6u75xmxt8.cloudfront.net\/6\/2019\/03\/Michael-Matthews-profimedia-0342799993.jpg\" alt=\"\" width=\"1250\" height=\"833\" srcset=\"https:\/\/d2p6e6u75xmxt8.cloudfront.net\/6\/2019\/03\/Michael-Matthews-profimedia-0342799993.jpg 1250w, https:\/\/d2p6e6u75xmxt8.cloudfront.net\/6\/2019\/03\/Michael-Matthews-profimedia-0342799993-300x200.jpg 300w, https:\/\/d2p6e6u75xmxt8.cloudfront.net\/6\/2019\/03\/Michael-Matthews-profimedia-0342799993-768x512.jpg 768w, https:\/\/d2p6e6u75xmxt8.cloudfront.net\/6\/2019\/03\/Michael-Matthews-profimedia-0342799993-1024x682.jpg 1024w, https:\/\/d2p6e6u75xmxt8.cloudfront.net\/6\/2019\/03\/Michael-Matthews-profimedia-0342799993-272x182.jpg 272w\" sizes=\"auto, (max-width: 1250px) 100vw, 1250px\" \/><\/a><figcaption id=\"caption-attachment-4375\" class=\"wp-caption-text\">Michael Matthews viste el maillot verde de\u00a0 \u0160koda durante el Tour de France.\u00a0\u00a9 Profimedia, AFP<\/figcaption><\/figure>\n<p>&nbsp;<\/p>\n<p>Es importante desarrollar fuerza en la pretemporada, tanto en el gimnasio como en la bici centr\u00e1ndose en el par y la potencia. Parte del entrenamiento en carretera consiste en correr en una marcha m\u00e1s ligera para que puedas acelerar con relativa facilidad. Esta es una parte crucial del aprendizaje para extender la aceleraci\u00f3n a lo largo del sprint. En carretera, la atenci\u00f3n debe centrarse en el aumento de la velocidad de las piernas y en el aumento del par motor para mejorar el rendimiento.<\/p>\n<p>Los mejores velocistas se entrenar\u00e1n naturalmente para ganar los mayores premios y en las carreras de carretera, y probablemente no haya mayor premio para un velocista que ganar una o dos etapas en el Tour de Francia. Ganar el t\u00edtulo de clasificaci\u00f3n por puntos del Tour es obviamente el objetivo final, pero el eslovaco Peter Sagan ha demostrado, al ganar el maillot verde seis veces en los \u00faltimos siete a\u00f1os, que un corredor dotado que sacrifica un poco de velocidad en favor de la resistencia y la capacidad moderada de escalada vencer\u00e1 a los sprinters puros por el t\u00edtulo la mayor parte del tiempo.<\/p>\n<p>El entrenamiento de un velocista para el Tour de Francia comenzar\u00e1 en enero, con un trabajo de salida espec\u00edfico, pero sin acercarse a los niveles de estr\u00e9s f\u00edsico de la competici\u00f3n. En febrero, puede participar en una carrera por etapas para mejorar su condici\u00f3n aer\u00f3bica y trabajar para que el &#8220;tren de sprint&#8221; funcione correctamente en el escenario de la carrera.<\/p>\n<figure id=\"attachment_4377\" aria-describedby=\"caption-attachment-4377\" style=\"width: 1250px\" class=\"wp-caption alignnone\"><a href=\"https:\/\/d2p6e6u75xmxt8.cloudfront.net\/6\/2019\/03\/peter-sagan-profimedia-0368027766.jpg\"><img loading=\"lazy\" decoding=\"async\" class=\"size-full wp-image-4377\" src=\"https:\/\/d2p6e6u75xmxt8.cloudfront.net\/6\/2019\/03\/peter-sagan-profimedia-0368027766.jpg\" alt=\"\" width=\"1250\" height=\"833\" srcset=\"https:\/\/d2p6e6u75xmxt8.cloudfront.net\/6\/2019\/03\/peter-sagan-profimedia-0368027766.jpg 1250w, https:\/\/d2p6e6u75xmxt8.cloudfront.net\/6\/2019\/03\/peter-sagan-profimedia-0368027766-300x200.jpg 300w, https:\/\/d2p6e6u75xmxt8.cloudfront.net\/6\/2019\/03\/peter-sagan-profimedia-0368027766-768x512.jpg 768w, https:\/\/d2p6e6u75xmxt8.cloudfront.net\/6\/2019\/03\/peter-sagan-profimedia-0368027766-1024x682.jpg 1024w, https:\/\/d2p6e6u75xmxt8.cloudfront.net\/6\/2019\/03\/peter-sagan-profimedia-0368027766-272x182.jpg 272w\" sizes=\"auto, (max-width: 1250px) 100vw, 1250px\" \/><\/a><figcaption id=\"caption-attachment-4377\" class=\"wp-caption-text\">Peter Sagan after winning the 116th edition of the Paris-Roubaix, April 8, 2018 in Compiegne. \u00a9 Profimedia, AFP<\/figcaption><\/figure>\n<p>&nbsp;<\/p>\n<p>En marzo y abril el velocista se fijar\u00e1 objetivos en las Cl\u00e1sicas, como Milan-San Remo, y luego elegir\u00e1 cuidadosamente entre los adoquines largos y si acosa alguna cl\u00e1sica de las Ardenas, como Amstel Gold Race, con subidas cortas. En mayo, el velocista puede querer correr a una vuelta por etapas con monta\u00f1a o entrenar en altitud y en junio puede verle hacer otra carrera por etapas para mantenerse en forma y para afinar el rendimiento del tren de sprint antes de que comience el Tour.<\/p>\n<p>M\u00e1s espec\u00edficamente, el ciclista del equipo australiano Sunweb, Michael Matthews, dijo que un campus de entrenamiento a gran altitud le ayud\u00f3 a ponerse en forma para el Tour. &#8220;Los bloqueos intensivos y los entrenamientos de sprint son especialmente buenos para m\u00ed para asegurarme de que soy explosivo y de que puedo hacerlo cuando lo necesito&#8221;, explic\u00f3. Para mejorar la velocidad, aconseja a los velocistas que entrenen en series, &#8220;para que su cuerpo se acostumbre al sufrimiento, pero tambi\u00e9n a recuperarse r\u00e1pidamente&#8221;.<\/p>\n<figure id=\"attachment_4380\" aria-describedby=\"caption-attachment-4380\" style=\"width: 1250px\" class=\"wp-caption alignnone\"><a href=\"https:\/\/d2p6e6u75xmxt8.cloudfront.net\/6\/2019\/03\/profimedia-0293242328.jpg\"><img loading=\"lazy\" decoding=\"async\" class=\"size-full wp-image-4380\" src=\"https:\/\/d2p6e6u75xmxt8.cloudfront.net\/6\/2019\/03\/profimedia-0293242328.jpg\" alt=\"\" width=\"1250\" height=\"834\" srcset=\"https:\/\/d2p6e6u75xmxt8.cloudfront.net\/6\/2019\/03\/profimedia-0293242328.jpg 1250w, https:\/\/d2p6e6u75xmxt8.cloudfront.net\/6\/2019\/03\/profimedia-0293242328-300x200.jpg 300w, https:\/\/d2p6e6u75xmxt8.cloudfront.net\/6\/2019\/03\/profimedia-0293242328-768x512.jpg 768w, https:\/\/d2p6e6u75xmxt8.cloudfront.net\/6\/2019\/03\/profimedia-0293242328-1024x683.jpg 1024w, https:\/\/d2p6e6u75xmxt8.cloudfront.net\/6\/2019\/03\/profimedia-0293242328-272x182.jpg 272w\" sizes=\"auto, (max-width: 1250px) 100vw, 1250px\" \/><\/a><figcaption id=\"caption-attachment-4380\" class=\"wp-caption-text\">Mark Cavendish (Team Dimension Data) during the 4th stage of the 103rd Tour de France, 05 July 2016.\u00a0\u00a9 Profimedia<\/figcaption><\/figure>\n<p>&nbsp;<\/p>\n<p>El entrenamiento con los corredores de pista, dijo su ex compa\u00f1ero de equipo Rob Hayles a Cycling Weekly, fue el responsable del impresionante regreso de Cavendish a la forma. &#8220;Har\u00e1n esfuerzos de sobredistancia, tal vez cinco kil\u00f3metros en lugar de cuatro, en bicicletas de pi\u00f1\u00f3n fijo para mejorar la velocidad de sus piernas&#8221;, explic\u00f3. &#8220;Tambi\u00e9n hay un exceso de ritmo[m\u00e1s r\u00e1pido que las velocidades probables de m\u00e1s de cuatro kil\u00f3metros], intervalos de exceso de velocidad que hacen para que empujen desarollos enormes. Una vez m\u00e1s, se trata de mover las piernas, de lidiar con el equipo&#8221;.<\/p>\n<p>Los entrenamientos tras moto en la pista se pueden hacer con mayor intensidad que en la carretera, se\u00f1al\u00f3 Hayles. Por lo tanto, aumenta la cadencia del ciclista debido a las dificultades log\u00edsticas de hacerlo en carretera&#8221;. Todo esto se traduce en una buena cantidad de entrenamiento, no s\u00f3lo para las piernas, sino tambi\u00e9n para la espalda, los gl\u00fateos, los brazos y los hombros. Te vuelves m\u00e1s fuerte en muchas \u00e1reas.&#8221;<\/p>\n<p>Pero quiz\u00e1s la parte m\u00e1s dif\u00edcil del entrenamiento de un velocista es preparar la mentalidad adecuada. Seg\u00fan el entrenador de ciclismo de carretera Tim Cusick: &#8220;Un sprint es una experiencia ca\u00f3tica y explosiva que te desaf\u00eda a llegar a extremos f\u00edsicos mientras navegas por un posible campo minado de problemas de seguridad. Los velocistas deben tener el coraje de ganar y tener un compromiso mental total con el sprint&#8221;.<\/p>\n","protected":false},"excerpt":{"rendered":"<p>Lo primero que piensas sobre un buen velocista es que solo debe tener una buena punta de velocidad para ser [&hellip;]<\/p>\n","protected":false},"author":29,"featured_media":4383,"comment_status":"open","ping_status":"open","sticky":false,"template":"","format":"standard","meta":{"footnotes":""},"categories":[7],"tags":[],"global-categories":[],"class_list":["post-4373","post","type-post","status-publish","format-standard","has-post-thumbnail","hentry","category-carretera"],"yoast_head":"<!-- This site is optimized with the Yoast SEO Premium plugin v25.3 (Yoast SEO v25.9) - https:\/\/yoast.com\/wordpress\/plugins\/seo\/ -->\n<title>Entrenamiento especializado para sprinters - \u0160koda We Love Cycling - Spain<\/title>\n<meta name=\"robots\" content=\"index, follow, max-snippet:-1, max-image-preview:large, max-video-preview:-1\" \/>\n<link rel=\"canonical\" href=\"https:\/\/www.welovecycling.com\/es\/2019\/03\/24\/entrenamiento-especializado-sprinters\/\" \/>\n<meta property=\"og:locale\" content=\"es_ES\" \/>\n<meta property=\"og:type\" content=\"article\" \/>\n<meta property=\"og:title\" content=\"Entrenamiento especializado para sprinters\" \/>\n<meta property=\"og:description\" content=\"Lo primero que piensas sobre un buen velocista es que solo debe tener una buena punta de velocidad para ser [&hellip;]\" \/>\n<meta property=\"og:url\" content=\"https:\/\/www.welovecycling.com\/es\/2019\/03\/24\/entrenamiento-especializado-sprinters\/\" \/>\n<meta property=\"og:site_name\" content=\"\u0160koda We Love Cycling - Spain\" \/>\n<meta property=\"article:published_time\" content=\"2019-03-24T19:12:01+00:00\" \/>\n<meta property=\"og:image\" content=\"https:\/\/d2p6e6u75xmxt8.cloudfront.net\/6\/2019\/03\/Greipel-Tour-de-France-profimedia-0295164650.jpg\" \/>\n\t<meta property=\"og:image:width\" content=\"1366\" \/>\n\t<meta property=\"og:image:height\" content=\"600\" \/>\n\t<meta property=\"og:image:type\" content=\"image\/jpeg\" \/>\n<meta name=\"author\" content=\"We Love Cycling Spain\" \/>\n<meta name=\"twitter:card\" content=\"summary_large_image\" \/>\n<meta name=\"twitter:label1\" content=\"Written by\" \/>\n\t<meta name=\"twitter:data1\" content=\"Siegfried Mortkowitz\" \/>\n\t<meta name=\"twitter:label2\" content=\"Est. reading time\" \/>\n\t<meta name=\"twitter:data2\" content=\"7\" \/>\n<script type=\"application\/ld+json\" class=\"yoast-schema-graph\">{\"@context\":\"https:\/\/schema.org\",\"@graph\":[{\"@type\":\"WebPage\",\"@id\":\"https:\/\/www.welovecycling.com\/es\/2019\/03\/24\/entrenamiento-especializado-sprinters\/\",\"url\":\"https:\/\/www.welovecycling.com\/es\/2019\/03\/24\/entrenamiento-especializado-sprinters\/\",\"name\":\"Entrenamiento especializado para sprinters - \u0160koda We Love Cycling - Spain\",\"isPartOf\":{\"@id\":\"https:\/\/www.welovecycling.com\/es\/#website\"},\"primaryImageOfPage\":{\"@id\":\"https:\/\/www.welovecycling.com\/es\/2019\/03\/24\/entrenamiento-especializado-sprinters\/#primaryimage\"},\"image\":{\"@id\":\"https:\/\/www.welovecycling.com\/es\/2019\/03\/24\/entrenamiento-especializado-sprinters\/#primaryimage\"},\"thumbnailUrl\":\"https:\/\/d2p6e6u75xmxt8.cloudfront.net\/6\/2019\/03\/Greipel-Tour-de-France-profimedia-0295164650.jpg\",\"datePublished\":\"2019-03-24T19:12:01+00:00\",\"author\":{\"@id\":\"https:\/\/www.welovecycling.com\/es\/#\/schema\/person\/deb61715b5812698ee79fb96f343ccd4\"},\"breadcrumb\":{\"@id\":\"https:\/\/www.welovecycling.com\/es\/2019\/03\/24\/entrenamiento-especializado-sprinters\/#breadcrumb\"},\"inLanguage\":\"es-ES\",\"potentialAction\":[{\"@type\":\"ReadAction\",\"target\":[\"https:\/\/www.welovecycling.com\/es\/2019\/03\/24\/entrenamiento-especializado-sprinters\/\"]}]},{\"@type\":\"ImageObject\",\"inLanguage\":\"es-ES\",\"@id\":\"https:\/\/www.welovecycling.com\/es\/2019\/03\/24\/entrenamiento-especializado-sprinters\/#primaryimage\",\"url\":\"https:\/\/d2p6e6u75xmxt8.cloudfront.net\/6\/2019\/03\/Greipel-Tour-de-France-profimedia-0295164650.jpg\",\"contentUrl\":\"https:\/\/d2p6e6u75xmxt8.cloudfront.net\/6\/2019\/03\/Greipel-Tour-de-France-profimedia-0295164650.jpg\",\"width\":1366,\"height\":600},{\"@type\":\"BreadcrumbList\",\"@id\":\"https:\/\/www.welovecycling.com\/es\/2019\/03\/24\/entrenamiento-especializado-sprinters\/#breadcrumb\",\"itemListElement\":[{\"@type\":\"ListItem\",\"position\":1,\"name\":\"Home\",\"item\":\"https:\/\/www.welovecycling.com\/es\/\"},{\"@type\":\"ListItem\",\"position\":2,\"name\":\"Entrenamiento especializado para sprinters\"}]},{\"@type\":\"WebSite\",\"@id\":\"https:\/\/www.welovecycling.com\/es\/#website\",\"url\":\"https:\/\/www.welovecycling.com\/es\/\",\"name\":\"\u0160koda We Love Cycling - Spain\",\"description\":\"\u0160koda WeLoveCycling Spain\",\"potentialAction\":[{\"@type\":\"SearchAction\",\"target\":{\"@type\":\"EntryPoint\",\"urlTemplate\":\"https:\/\/www.welovecycling.com\/es\/?s={search_term_string}\"},\"query-input\":{\"@type\":\"PropertyValueSpecification\",\"valueRequired\":true,\"valueName\":\"search_term_string\"}}],\"inLanguage\":\"es-ES\"},{\"@type\":\"Person\",\"@id\":\"https:\/\/www.welovecycling.com\/es\/#\/schema\/person\/deb61715b5812698ee79fb96f343ccd4\",\"name\":\"We Love Cycling Spain\",\"image\":{\"@type\":\"ImageObject\",\"inLanguage\":\"es-ES\",\"@id\":\"https:\/\/www.welovecycling.com\/es\/#\/schema\/person\/image\/\",\"url\":\"https:\/\/secure.gravatar.com\/avatar\/c824b04e6df0e37a03219d0b6481672889df542894588964102459e46513159c?s=96&d=mm&r=g\",\"contentUrl\":\"https:\/\/secure.gravatar.com\/avatar\/c824b04e6df0e37a03219d0b6481672889df542894588964102459e46513159c?s=96&d=mm&r=g\",\"caption\":\"We Love Cycling Spain\"},\"url\":\"https:\/\/www.welovecycling.com\/es\/author\/amunoz\/\"}]}<\/script>\n<!-- \/ Yoast SEO Premium plugin. -->","yoast_head_json":{"title":"Entrenamiento especializado para sprinters - \u0160koda We Love Cycling - Spain","robots":{"index":"index","follow":"follow","max-snippet":"max-snippet:-1","max-image-preview":"max-image-preview:large","max-video-preview":"max-video-preview:-1"},"canonical":"https:\/\/www.welovecycling.com\/es\/2019\/03\/24\/entrenamiento-especializado-sprinters\/","og_locale":"es_ES","og_type":"article","og_title":"Entrenamiento especializado para sprinters","og_description":"Lo primero que piensas sobre un buen velocista es que solo debe tener una buena punta de velocidad para ser [&hellip;]","og_url":"https:\/\/www.welovecycling.com\/es\/2019\/03\/24\/entrenamiento-especializado-sprinters\/","og_site_name":"\u0160koda We Love Cycling - Spain","article_published_time":"2019-03-24T19:12:01+00:00","og_image":[{"width":1366,"height":600,"url":"https:\/\/d2p6e6u75xmxt8.cloudfront.net\/6\/2019\/03\/Greipel-Tour-de-France-profimedia-0295164650.jpg","type":"image\/jpeg"}],"author":"We Love Cycling Spain","twitter_card":"summary_large_image","twitter_misc":{"Written by":"Siegfried Mortkowitz","Est. reading time":"7"},"schema":{"@context":"https:\/\/schema.org","@graph":[{"@type":"WebPage","@id":"https:\/\/www.welovecycling.com\/es\/2019\/03\/24\/entrenamiento-especializado-sprinters\/","url":"https:\/\/www.welovecycling.com\/es\/2019\/03\/24\/entrenamiento-especializado-sprinters\/","name":"Entrenamiento especializado para sprinters - \u0160koda We Love Cycling - Spain","isPartOf":{"@id":"https:\/\/www.welovecycling.com\/es\/#website"},"primaryImageOfPage":{"@id":"https:\/\/www.welovecycling.com\/es\/2019\/03\/24\/entrenamiento-especializado-sprinters\/#primaryimage"},"image":{"@id":"https:\/\/www.welovecycling.com\/es\/2019\/03\/24\/entrenamiento-especializado-sprinters\/#primaryimage"},"thumbnailUrl":"https:\/\/d2p6e6u75xmxt8.cloudfront.net\/6\/2019\/03\/Greipel-Tour-de-France-profimedia-0295164650.jpg","datePublished":"2019-03-24T19:12:01+00:00","author":{"@id":"https:\/\/www.welovecycling.com\/es\/#\/schema\/person\/deb61715b5812698ee79fb96f343ccd4"},"breadcrumb":{"@id":"https:\/\/www.welovecycling.com\/es\/2019\/03\/24\/entrenamiento-especializado-sprinters\/#breadcrumb"},"inLanguage":"es-ES","potentialAction":[{"@type":"ReadAction","target":["https:\/\/www.welovecycling.com\/es\/2019\/03\/24\/entrenamiento-especializado-sprinters\/"]}]},{"@type":"ImageObject","inLanguage":"es-ES","@id":"https:\/\/www.welovecycling.com\/es\/2019\/03\/24\/entrenamiento-especializado-sprinters\/#primaryimage","url":"https:\/\/d2p6e6u75xmxt8.cloudfront.net\/6\/2019\/03\/Greipel-Tour-de-France-profimedia-0295164650.jpg","contentUrl":"https:\/\/d2p6e6u75xmxt8.cloudfront.net\/6\/2019\/03\/Greipel-Tour-de-France-profimedia-0295164650.jpg","width":1366,"height":600},{"@type":"BreadcrumbList","@id":"https:\/\/www.welovecycling.com\/es\/2019\/03\/24\/entrenamiento-especializado-sprinters\/#breadcrumb","itemListElement":[{"@type":"ListItem","position":1,"name":"Home","item":"https:\/\/www.welovecycling.com\/es\/"},{"@type":"ListItem","position":2,"name":"Entrenamiento especializado para sprinters"}]},{"@type":"WebSite","@id":"https:\/\/www.welovecycling.com\/es\/#website","url":"https:\/\/www.welovecycling.com\/es\/","name":"\u0160koda We Love Cycling - Spain","description":"\u0160koda WeLoveCycling Spain","potentialAction":[{"@type":"SearchAction","target":{"@type":"EntryPoint","urlTemplate":"https:\/\/www.welovecycling.com\/es\/?s={search_term_string}"},"query-input":{"@type":"PropertyValueSpecification","valueRequired":true,"valueName":"search_term_string"}}],"inLanguage":"es-ES"},{"@type":"Person","@id":"https:\/\/www.welovecycling.com\/es\/#\/schema\/person\/deb61715b5812698ee79fb96f343ccd4","name":"We Love Cycling Spain","image":{"@type":"ImageObject","inLanguage":"es-ES","@id":"https:\/\/www.welovecycling.com\/es\/#\/schema\/person\/image\/","url":"https:\/\/secure.gravatar.com\/avatar\/c824b04e6df0e37a03219d0b6481672889df542894588964102459e46513159c?s=96&d=mm&r=g","contentUrl":"https:\/\/secure.gravatar.com\/avatar\/c824b04e6df0e37a03219d0b6481672889df542894588964102459e46513159c?s=96&d=mm&r=g","caption":"We Love Cycling Spain"},"url":"https:\/\/www.welovecycling.com\/es\/author\/amunoz\/"}]}},"_links":{"self":[{"href":"https:\/\/www.welovecycling.com\/es\/wp-json\/wp\/v2\/posts\/4373","targetHints":{"allow":["GET"]}}],"collection":[{"href":"https:\/\/www.welovecycling.com\/es\/wp-json\/wp\/v2\/posts"}],"about":[{"href":"https:\/\/www.welovecycling.com\/es\/wp-json\/wp\/v2\/types\/post"}],"author":[{"embeddable":true,"href":"https:\/\/www.welovecycling.com\/es\/wp-json\/wp\/v2\/users\/29"}],"replies":[{"embeddable":true,"href":"https:\/\/www.welovecycling.com\/es\/wp-json\/wp\/v2\/comments?post=4373"}],"version-history":[{"count":2,"href":"https:\/\/www.welovecycling.com\/es\/wp-json\/wp\/v2\/posts\/4373\/revisions"}],"predecessor-version":[{"id":4384,"href":"https:\/\/www.welovecycling.com\/es\/wp-json\/wp\/v2\/posts\/4373\/revisions\/4384"}],"wp:featuredmedia":[{"embeddable":true,"href":"https:\/\/www.welovecycling.com\/es\/wp-json\/wp\/v2\/media\/4383"}],"wp:attachment":[{"href":"https:\/\/www.welovecycling.com\/es\/wp-json\/wp\/v2\/media?parent=4373"}],"wp:term":[{"taxonomy":"category","embeddable":true,"href":"https:\/\/www.welovecycling.com\/es\/wp-json\/wp\/v2\/categories?post=4373"},{"taxonomy":"post_tag","embeddable":true,"href":"https:\/\/www.welovecycling.com\/es\/wp-json\/wp\/v2\/tags?post=4373"},{"taxonomy":"global-categories","embeddable":true,"href":"https:\/\/www.welovecycling.com\/es\/wp-json\/wp\/v2\/global-categories?post=4373"}],"curies":[{"name":"wp","href":"https:\/\/api.w.org\/{rel}","templated":true}]}}