{"id":4339,"date":"2019-03-23T10:32:36","date_gmt":"2019-03-23T08:32:36","guid":{"rendered":"https:\/\/www.welovecycling.com\/es\/?p=4339"},"modified":"2019-03-23T10:32:36","modified_gmt":"2019-03-23T08:32:36","slug":"proyector-peliculas-en-bicicleta","status":"publish","type":"post","link":"https:\/\/www.welovecycling.com\/es\/2019\/03\/23\/proyector-peliculas-en-bicicleta\/","title":{"rendered":"El proyector de pel\u00edculas en bicicleta. La India"},"content":{"rendered":"<p><strong>En 2014, Jan Turnovec y Ondrej Kaspar tomaron una mochila, una bicicleta, un proyector de cine y subieron a un avi\u00f3n de Praga a Pakist\u00e1n. Los dos amigos checos se preparaban para una aventura llamada Road Cinema Project. El plan era circular por una parte de Grand Trunk Road, una antigua carretera comercial de 2.700 km de longitud que conectaba Bangladesh con Afganist\u00e1n. Comenzar\u00edan en Peshawar, Pakist\u00e1n, y terminar\u00edan en Calcuta, India.<\/strong><\/p>\n<p><!--more--><\/p>\n<p>El d\u00fao subraya que no ten\u00edan ninguna ambici\u00f3n caritativa a la hora de realizar el proyecto. La intenci\u00f3n era simplemente divertirse junto con los lugare\u00f1os en aldeas, ciudades y barrios, cuando y donde fuera posible.<\/p>\n<p><a href=\"https:\/\/d2p6e6u75xmxt8.cloudfront.net\/2\/2019\/03\/Cycle-rickshaw.jpg\"><img loading=\"lazy\" decoding=\"async\" class=\"alignnone size-large wp-image-4342\" src=\"https:\/\/d2p6e6u75xmxt8.cloudfront.net\/6\/2019\/03\/Cycle-rickshaw-1024x768.jpg\" alt=\"\" width=\"1024\" height=\"768\" srcset=\"https:\/\/d2p6e6u75xmxt8.cloudfront.net\/6\/2019\/03\/Cycle-rickshaw-1024x768.jpg 1024w, https:\/\/d2p6e6u75xmxt8.cloudfront.net\/6\/2019\/03\/Cycle-rickshaw-300x225.jpg 300w, https:\/\/d2p6e6u75xmxt8.cloudfront.net\/6\/2019\/03\/Cycle-rickshaw-768x576.jpg 768w, https:\/\/d2p6e6u75xmxt8.cloudfront.net\/6\/2019\/03\/Cycle-rickshaw.jpg 1200w\" sizes=\"auto, (max-width: 1024px) 100vw, 1024px\" \/><\/a><\/p>\n<p>La primera tarea despu\u00e9s de su llegada a Peshawar fue comprar una bicicleta-rickshaw, ya que era algo que no tra\u00edan\u00a0 de la Rep\u00fablica Checa. Lamentablemente, result\u00f3 ser imposible en Peshawar. Su b\u00fasqueda llam\u00f3 la atenci\u00f3n de la polic\u00eda local, que estaba bastante confundida por dos tipos checos que quer\u00edan ir en bicicleta por Pakist\u00e1n en busca de un rikshaw para lograrlo.<\/p>\n<p>Despu\u00e9s de ser entrevistados por los servicios secretos locales (s\u00ed, en realidad), se les recomend\u00f3 a Jan y Ondrej que dejaran Peshawar y comenzaran su viaje a Islamabad. Obedecieron, lo que probablemente fue algo bueno, ya que en Islamabad finalmente lograron comprar un carrito para bicicletas llamado Sohrab. Equipados tambi\u00e9n con un generador de energ\u00eda y una pantalla de cine situada especialmente para el proyecto de Cine de carretera, su aventura podr\u00eda comenzar y durar casi cinco meses.<\/p>\n<p><a href=\"https:\/\/d2p6e6u75xmxt8.cloudfront.net\/2\/2019\/03\/Road-Cinema-2.jpg\"><img loading=\"lazy\" decoding=\"async\" class=\"alignnone size-large wp-image-4346\" src=\"https:\/\/d2p6e6u75xmxt8.cloudfront.net\/6\/2019\/03\/Road-Cinema-2-1024x768.jpg\" alt=\"\" width=\"1024\" height=\"768\" srcset=\"https:\/\/d2p6e6u75xmxt8.cloudfront.net\/6\/2019\/03\/Road-Cinema-2-1024x768.jpg 1024w, https:\/\/d2p6e6u75xmxt8.cloudfront.net\/6\/2019\/03\/Road-Cinema-2-300x225.jpg 300w, https:\/\/d2p6e6u75xmxt8.cloudfront.net\/6\/2019\/03\/Road-Cinema-2-768x576.jpg 768w, https:\/\/d2p6e6u75xmxt8.cloudfront.net\/6\/2019\/03\/Road-Cinema-2.jpg 1200w\" sizes=\"auto, (max-width: 1024px) 100vw, 1024px\" \/><\/a><\/p>\n<p>Las calesas en las que viajaban los dos ciclistas estaban lejos de ser de alta calidad tecnol\u00f3gica. Pero la ventaja de esto era que, a lo largo del camino, siempre pod\u00edan llegar a personas capaces de ayudarles a reparar las bicicletas o a venderles piezas de repuesto.<\/p>\n<blockquote><p><strong>\u201cSupongo que el mayor obst\u00e1culo en el camino fue nuestra pereza\u201d<\/strong> \u2013 Ond\u0159ej Ka\u0161par<\/p><\/blockquote>\n<p>El plan inicial era hacer 2.500 km en 100 d\u00edas y proyectar una pel\u00edcula cada noche. Lo que, como era de esperar, result\u00f3 ser poco realista. En general, los aventureros lograron organizar 31 proyecciones (admitiendo que una de las razones era que se enfermaban con bastante frecuencia). En \u00faltima instancia, cuando no ten\u00edan ganas, simplemente no organizaron la proyecci\u00f3n.<\/p>\n<p>Las ubicaciones de las noches de cine fueron elegidas de forma bastante espont\u00e1nea. Una vez que llegaban, los chicos explicaban su plan a los ni\u00f1os locales que se reun\u00edan alrededor. Los ni\u00f1os corr\u00edan la voz &#8211; una forma sencilla, pero efectiva de relaciones p\u00fablicas. Pero una vez m\u00e1s, los proyeccionistas no intentaron endulzar los acontecimientos en absoluto:<\/p>\n<p><a href=\"https:\/\/d2p6e6u75xmxt8.cloudfront.net\/2\/2019\/03\/Road-Cinema-3.jpg\"><img loading=\"lazy\" decoding=\"async\" class=\"alignnone size-large wp-image-172873\" src=\"https:\/\/d2p6e6u75xmxt8.cloudfront.net\/2\/2019\/03\/Road-Cinema-3-1024x768.jpg\" alt=\"\" width=\"1024\" height=\"768\" \/><\/a><\/p>\n<p>\u00bfY qu\u00e9 hay de la parte cinematogr\u00e1fica del viaje? Uno podr\u00eda esperar que Slumdog Millionaire fuera el \u00e9xito, pero esa result\u00f3 ser la expectativa equivocada. Una de las pel\u00edculas m\u00e1s exitosas fue la trilog\u00eda Indian Dhoom. La pel\u00edcula que m\u00e1s se proyect\u00f3 fue Ice Age 4: Continental Drift &#8211; una pel\u00edcula familiar adecuada para cualquier espectador.<\/p>\n<blockquote><p><strong>\u201cLa gente no estaba muy contenta de que los dos fu\u00e9ramos a ense\u00f1ar una pel\u00edcula. Con suerte, hizo feliz a alguien, pero nadie se desmay\u00f3 de felicidad\u201d<\/strong> \u2013 Ond\u0159ej Ka\u0161par<\/p><\/blockquote>\n<p>Despu\u00e9s de llegar a Delhi y de la \u00faltima proyecci\u00f3n de la pel\u00edcula, Jan y Ondrej empacaron sus pertenencias incluyendo a su leal sirviente Sohrab y se subieron a un avi\u00f3n de regreso a casa. Puedes ver su <a href=\"http:\/\/roadcinema.com\/\">video diario aqu\u00ed.<\/a><\/p>\n","protected":false},"excerpt":{"rendered":"<p>En 2014, Jan Turnovec y Ondrej Kaspar tomaron una mochila, una bicicleta, un proyector de cine y subieron a un [&hellip;]<\/p>\n","protected":false},"author":29,"featured_media":4350,"comment_status":"open","ping_status":"open","sticky":false,"template":"","format":"standard","meta":{"footnotes":""},"categories":[8,9],"tags":[934,935,286],"global-categories":[],"class_list":["post-4339","post","type-post","status-publish","format-standard","has-post-thumbnail","hentry","category-life-style","category-mtb-aventura","tag-aventura-ciclista","tag-ciclismo-en-la-india","tag-viajes-ciclistas"],"yoast_head":"<!-- This site is optimized with the Yoast SEO Premium plugin v25.3 (Yoast SEO v25.9) - https:\/\/yoast.com\/wordpress\/plugins\/seo\/ -->\n<title>El proyector de pel\u00edculas en bicicleta. La India - \u0160koda We Love Cycling - Spain<\/title>\n<meta name=\"description\" content=\"El proyector de pel\u00edculas en bicicleta. La India. El viaje de dos checos por La India con su bicicleta adecuada para proyectar pel\u00edculas.\" \/>\n<meta name=\"robots\" content=\"index, follow, max-snippet:-1, max-image-preview:large, max-video-preview:-1\" \/>\n<link rel=\"canonical\" href=\"https:\/\/www.welovecycling.com\/es\/2019\/03\/23\/proyector-peliculas-en-bicicleta\/\" \/>\n<meta property=\"og:locale\" content=\"es_ES\" \/>\n<meta property=\"og:type\" content=\"article\" \/>\n<meta property=\"og:title\" content=\"El proyector de pel\u00edculas en bicicleta. La India\" \/>\n<meta property=\"og:description\" content=\"El proyector de pel\u00edculas en bicicleta. La India. El viaje de dos checos por La India con su bicicleta adecuada para proyectar pel\u00edculas.\" \/>\n<meta property=\"og:url\" content=\"https:\/\/www.welovecycling.com\/es\/2019\/03\/23\/proyector-peliculas-en-bicicleta\/\" \/>\n<meta property=\"og:site_name\" content=\"\u0160koda We Love Cycling - Spain\" \/>\n<meta property=\"article:published_time\" content=\"2019-03-23T08:32:36+00:00\" \/>\n<meta property=\"og:image\" content=\"https:\/\/d2p6e6u75xmxt8.cloudfront.net\/6\/2019\/03\/Ondrej-Kaspar-Jan-Turnovec-CVR.jpg\" \/>\n\t<meta property=\"og:image:width\" content=\"1366\" \/>\n\t<meta property=\"og:image:height\" content=\"600\" \/>\n\t<meta property=\"og:image:type\" content=\"image\/jpeg\" \/>\n<meta name=\"author\" content=\"We Love Cycling Spain\" \/>\n<meta name=\"twitter:card\" content=\"summary_large_image\" \/>\n<meta name=\"twitter:title\" content=\"El proyector de pel\u00edculas en bicicleta. La India\" \/>\n<meta name=\"twitter:description\" content=\"El proyector de pel\u00edculas en bicicleta. La India. El viaje de dos checos por La India con su bicicleta adecuada para proyectar pel\u00edculas.\" \/>\n<meta name=\"twitter:label1\" content=\"Written by\" \/>\n\t<meta name=\"twitter:data1\" content=\"Tereza Antonov\u00e1\" \/>\n\t<meta name=\"twitter:label2\" content=\"Est. reading time\" \/>\n\t<meta name=\"twitter:data2\" content=\"6\" \/>\n<script type=\"application\/ld+json\" class=\"yoast-schema-graph\">{\"@context\":\"https:\/\/schema.org\",\"@graph\":[{\"@type\":\"WebPage\",\"@id\":\"https:\/\/www.welovecycling.com\/es\/2019\/03\/23\/proyector-peliculas-en-bicicleta\/\",\"url\":\"https:\/\/www.welovecycling.com\/es\/2019\/03\/23\/proyector-peliculas-en-bicicleta\/\",\"name\":\"El proyector de pel\u00edculas en bicicleta. La India - \u0160koda We Love Cycling - Spain\",\"isPartOf\":{\"@id\":\"https:\/\/www.welovecycling.com\/es\/#website\"},\"primaryImageOfPage\":{\"@id\":\"https:\/\/www.welovecycling.com\/es\/2019\/03\/23\/proyector-peliculas-en-bicicleta\/#primaryimage\"},\"image\":{\"@id\":\"https:\/\/www.welovecycling.com\/es\/2019\/03\/23\/proyector-peliculas-en-bicicleta\/#primaryimage\"},\"thumbnailUrl\":\"https:\/\/d2p6e6u75xmxt8.cloudfront.net\/6\/2019\/03\/Ondrej-Kaspar-Jan-Turnovec-CVR.jpg\",\"datePublished\":\"2019-03-23T08:32:36+00:00\",\"author\":{\"@id\":\"https:\/\/www.welovecycling.com\/es\/#\/schema\/person\/deb61715b5812698ee79fb96f343ccd4\"},\"description\":\"El proyector de pel\u00edculas en bicicleta. La India. El viaje de dos checos por La India con su bicicleta adecuada para proyectar pel\u00edculas.\",\"breadcrumb\":{\"@id\":\"https:\/\/www.welovecycling.com\/es\/2019\/03\/23\/proyector-peliculas-en-bicicleta\/#breadcrumb\"},\"inLanguage\":\"es-ES\",\"potentialAction\":[{\"@type\":\"ReadAction\",\"target\":[\"https:\/\/www.welovecycling.com\/es\/2019\/03\/23\/proyector-peliculas-en-bicicleta\/\"]}]},{\"@type\":\"ImageObject\",\"inLanguage\":\"es-ES\",\"@id\":\"https:\/\/www.welovecycling.com\/es\/2019\/03\/23\/proyector-peliculas-en-bicicleta\/#primaryimage\",\"url\":\"https:\/\/d2p6e6u75xmxt8.cloudfront.net\/6\/2019\/03\/Ondrej-Kaspar-Jan-Turnovec-CVR.jpg\",\"contentUrl\":\"https:\/\/d2p6e6u75xmxt8.cloudfront.net\/6\/2019\/03\/Ondrej-Kaspar-Jan-Turnovec-CVR.jpg\",\"width\":1366,\"height\":600},{\"@type\":\"BreadcrumbList\",\"@id\":\"https:\/\/www.welovecycling.com\/es\/2019\/03\/23\/proyector-peliculas-en-bicicleta\/#breadcrumb\",\"itemListElement\":[{\"@type\":\"ListItem\",\"position\":1,\"name\":\"Home\",\"item\":\"https:\/\/www.welovecycling.com\/es\/\"},{\"@type\":\"ListItem\",\"position\":2,\"name\":\"El proyector de pel\u00edculas en bicicleta. La India\"}]},{\"@type\":\"WebSite\",\"@id\":\"https:\/\/www.welovecycling.com\/es\/#website\",\"url\":\"https:\/\/www.welovecycling.com\/es\/\",\"name\":\"\u0160koda We Love Cycling - Spain\",\"description\":\"\u0160koda WeLoveCycling Spain\",\"potentialAction\":[{\"@type\":\"SearchAction\",\"target\":{\"@type\":\"EntryPoint\",\"urlTemplate\":\"https:\/\/www.welovecycling.com\/es\/?s={search_term_string}\"},\"query-input\":{\"@type\":\"PropertyValueSpecification\",\"valueRequired\":true,\"valueName\":\"search_term_string\"}}],\"inLanguage\":\"es-ES\"},{\"@type\":\"Person\",\"@id\":\"https:\/\/www.welovecycling.com\/es\/#\/schema\/person\/deb61715b5812698ee79fb96f343ccd4\",\"name\":\"We Love Cycling Spain\",\"image\":{\"@type\":\"ImageObject\",\"inLanguage\":\"es-ES\",\"@id\":\"https:\/\/www.welovecycling.com\/es\/#\/schema\/person\/image\/\",\"url\":\"https:\/\/secure.gravatar.com\/avatar\/c824b04e6df0e37a03219d0b6481672889df542894588964102459e46513159c?s=96&d=mm&r=g\",\"contentUrl\":\"https:\/\/secure.gravatar.com\/avatar\/c824b04e6df0e37a03219d0b6481672889df542894588964102459e46513159c?s=96&d=mm&r=g\",\"caption\":\"We Love Cycling Spain\"},\"url\":\"https:\/\/www.welovecycling.com\/es\/author\/amunoz\/\"}]}<\/script>\n<!-- \/ Yoast SEO Premium plugin. -->","yoast_head_json":{"title":"El proyector de pel\u00edculas en bicicleta. La India - \u0160koda We Love Cycling - Spain","description":"El proyector de pel\u00edculas en bicicleta. La India. El viaje de dos checos por La India con su bicicleta adecuada para proyectar pel\u00edculas.","robots":{"index":"index","follow":"follow","max-snippet":"max-snippet:-1","max-image-preview":"max-image-preview:large","max-video-preview":"max-video-preview:-1"},"canonical":"https:\/\/www.welovecycling.com\/es\/2019\/03\/23\/proyector-peliculas-en-bicicleta\/","og_locale":"es_ES","og_type":"article","og_title":"El proyector de pel\u00edculas en bicicleta. La India","og_description":"El proyector de pel\u00edculas en bicicleta. La India. El viaje de dos checos por La India con su bicicleta adecuada para proyectar pel\u00edculas.","og_url":"https:\/\/www.welovecycling.com\/es\/2019\/03\/23\/proyector-peliculas-en-bicicleta\/","og_site_name":"\u0160koda We Love Cycling - Spain","article_published_time":"2019-03-23T08:32:36+00:00","og_image":[{"width":1366,"height":600,"url":"https:\/\/d2p6e6u75xmxt8.cloudfront.net\/6\/2019\/03\/Ondrej-Kaspar-Jan-Turnovec-CVR.jpg","type":"image\/jpeg"}],"author":"We Love Cycling Spain","twitter_card":"summary_large_image","twitter_title":"El proyector de pel\u00edculas en bicicleta. La India","twitter_description":"El proyector de pel\u00edculas en bicicleta. La India. El viaje de dos checos por La India con su bicicleta adecuada para proyectar pel\u00edculas.","twitter_misc":{"Written by":"Tereza Antonov\u00e1","Est. reading time":"6"},"schema":{"@context":"https:\/\/schema.org","@graph":[{"@type":"WebPage","@id":"https:\/\/www.welovecycling.com\/es\/2019\/03\/23\/proyector-peliculas-en-bicicleta\/","url":"https:\/\/www.welovecycling.com\/es\/2019\/03\/23\/proyector-peliculas-en-bicicleta\/","name":"El proyector de pel\u00edculas en bicicleta. La India - \u0160koda We Love Cycling - Spain","isPartOf":{"@id":"https:\/\/www.welovecycling.com\/es\/#website"},"primaryImageOfPage":{"@id":"https:\/\/www.welovecycling.com\/es\/2019\/03\/23\/proyector-peliculas-en-bicicleta\/#primaryimage"},"image":{"@id":"https:\/\/www.welovecycling.com\/es\/2019\/03\/23\/proyector-peliculas-en-bicicleta\/#primaryimage"},"thumbnailUrl":"https:\/\/d2p6e6u75xmxt8.cloudfront.net\/6\/2019\/03\/Ondrej-Kaspar-Jan-Turnovec-CVR.jpg","datePublished":"2019-03-23T08:32:36+00:00","author":{"@id":"https:\/\/www.welovecycling.com\/es\/#\/schema\/person\/deb61715b5812698ee79fb96f343ccd4"},"description":"El proyector de pel\u00edculas en bicicleta. La India. El viaje de dos checos por La India con su bicicleta adecuada para proyectar pel\u00edculas.","breadcrumb":{"@id":"https:\/\/www.welovecycling.com\/es\/2019\/03\/23\/proyector-peliculas-en-bicicleta\/#breadcrumb"},"inLanguage":"es-ES","potentialAction":[{"@type":"ReadAction","target":["https:\/\/www.welovecycling.com\/es\/2019\/03\/23\/proyector-peliculas-en-bicicleta\/"]}]},{"@type":"ImageObject","inLanguage":"es-ES","@id":"https:\/\/www.welovecycling.com\/es\/2019\/03\/23\/proyector-peliculas-en-bicicleta\/#primaryimage","url":"https:\/\/d2p6e6u75xmxt8.cloudfront.net\/6\/2019\/03\/Ondrej-Kaspar-Jan-Turnovec-CVR.jpg","contentUrl":"https:\/\/d2p6e6u75xmxt8.cloudfront.net\/6\/2019\/03\/Ondrej-Kaspar-Jan-Turnovec-CVR.jpg","width":1366,"height":600},{"@type":"BreadcrumbList","@id":"https:\/\/www.welovecycling.com\/es\/2019\/03\/23\/proyector-peliculas-en-bicicleta\/#breadcrumb","itemListElement":[{"@type":"ListItem","position":1,"name":"Home","item":"https:\/\/www.welovecycling.com\/es\/"},{"@type":"ListItem","position":2,"name":"El proyector de pel\u00edculas en bicicleta. La India"}]},{"@type":"WebSite","@id":"https:\/\/www.welovecycling.com\/es\/#website","url":"https:\/\/www.welovecycling.com\/es\/","name":"\u0160koda We Love Cycling - Spain","description":"\u0160koda WeLoveCycling Spain","potentialAction":[{"@type":"SearchAction","target":{"@type":"EntryPoint","urlTemplate":"https:\/\/www.welovecycling.com\/es\/?s={search_term_string}"},"query-input":{"@type":"PropertyValueSpecification","valueRequired":true,"valueName":"search_term_string"}}],"inLanguage":"es-ES"},{"@type":"Person","@id":"https:\/\/www.welovecycling.com\/es\/#\/schema\/person\/deb61715b5812698ee79fb96f343ccd4","name":"We Love Cycling Spain","image":{"@type":"ImageObject","inLanguage":"es-ES","@id":"https:\/\/www.welovecycling.com\/es\/#\/schema\/person\/image\/","url":"https:\/\/secure.gravatar.com\/avatar\/c824b04e6df0e37a03219d0b6481672889df542894588964102459e46513159c?s=96&d=mm&r=g","contentUrl":"https:\/\/secure.gravatar.com\/avatar\/c824b04e6df0e37a03219d0b6481672889df542894588964102459e46513159c?s=96&d=mm&r=g","caption":"We Love Cycling Spain"},"url":"https:\/\/www.welovecycling.com\/es\/author\/amunoz\/"}]}},"_links":{"self":[{"href":"https:\/\/www.welovecycling.com\/es\/wp-json\/wp\/v2\/posts\/4339","targetHints":{"allow":["GET"]}}],"collection":[{"href":"https:\/\/www.welovecycling.com\/es\/wp-json\/wp\/v2\/posts"}],"about":[{"href":"https:\/\/www.welovecycling.com\/es\/wp-json\/wp\/v2\/types\/post"}],"author":[{"embeddable":true,"href":"https:\/\/www.welovecycling.com\/es\/wp-json\/wp\/v2\/users\/29"}],"replies":[{"embeddable":true,"href":"https:\/\/www.welovecycling.com\/es\/wp-json\/wp\/v2\/comments?post=4339"}],"version-history":[{"count":2,"href":"https:\/\/www.welovecycling.com\/es\/wp-json\/wp\/v2\/posts\/4339\/revisions"}],"predecessor-version":[{"id":4361,"href":"https:\/\/www.welovecycling.com\/es\/wp-json\/wp\/v2\/posts\/4339\/revisions\/4361"}],"wp:featuredmedia":[{"embeddable":true,"href":"https:\/\/www.welovecycling.com\/es\/wp-json\/wp\/v2\/media\/4350"}],"wp:attachment":[{"href":"https:\/\/www.welovecycling.com\/es\/wp-json\/wp\/v2\/media?parent=4339"}],"wp:term":[{"taxonomy":"category","embeddable":true,"href":"https:\/\/www.welovecycling.com\/es\/wp-json\/wp\/v2\/categories?post=4339"},{"taxonomy":"post_tag","embeddable":true,"href":"https:\/\/www.welovecycling.com\/es\/wp-json\/wp\/v2\/tags?post=4339"},{"taxonomy":"global-categories","embeddable":true,"href":"https:\/\/www.welovecycling.com\/es\/wp-json\/wp\/v2\/global-categories?post=4339"}],"curies":[{"name":"wp","href":"https:\/\/api.w.org\/{rel}","templated":true}]}}