{"id":4319,"date":"2019-03-18T20:18:46","date_gmt":"2019-03-18T18:18:46","guid":{"rendered":"https:\/\/www.welovecycling.com\/es\/?p=4319"},"modified":"2019-03-18T20:21:13","modified_gmt":"2019-03-18T18:21:13","slug":"e-bikes-superan-ventas-bicicletas","status":"publish","type":"post","link":"https:\/\/www.welovecycling.com\/es\/2019\/03\/18\/e-bikes-superan-ventas-bicicletas\/","title":{"rendered":"Las E-Bikes superan en ventas a las bicicletas tradicionales en Holanda"},"content":{"rendered":"<p><strong>Hay 22,5 millones de bicicletas en un pa\u00eds de 17 millones de personas, y el n\u00famero sigue aumentando. Sin embargo, algo est\u00e1 cambiando para los ciclistas de la vieja escuela. Las bicicletas de paseo est\u00e1ndar pronto podr\u00edan ser una rareza. Las Ebikes son ahora oficialmente las m\u00e1s vendidas, a pesar de la subida de precios.<\/strong><!--more--><\/p>\n<p>De los 1.200 millones de euros gastados en bicicletas el a\u00f1o pasado, 823 millones de euros correspondieron a bicicletas electricas. En total se vendieron 409.400 unidades el\u00e9ctricas. Los holandeses prefieren la calidad a lo barato, lo que aument\u00f3 el precio medio de una bicicleta vendida en 200 euros a 1.207 euros.<\/p>\n<figure id=\"attachment_4322\" aria-describedby=\"caption-attachment-4322\" style=\"width: 1250px\" class=\"wp-caption alignnone\"><a href=\"https:\/\/d2p6e6u75xmxt8.cloudfront.net\/6\/2019\/03\/profimedia-0291490697.jpg\"><img loading=\"lazy\" decoding=\"async\" class=\"size-full wp-image-4322\" src=\"https:\/\/d2p6e6u75xmxt8.cloudfront.net\/6\/2019\/03\/profimedia-0291490697.jpg\" alt=\"\" width=\"1250\" height=\"819\" srcset=\"https:\/\/d2p6e6u75xmxt8.cloudfront.net\/6\/2019\/03\/profimedia-0291490697.jpg 1250w, https:\/\/d2p6e6u75xmxt8.cloudfront.net\/6\/2019\/03\/profimedia-0291490697-300x197.jpg 300w, https:\/\/d2p6e6u75xmxt8.cloudfront.net\/6\/2019\/03\/profimedia-0291490697-768x503.jpg 768w, https:\/\/d2p6e6u75xmxt8.cloudfront.net\/6\/2019\/03\/profimedia-0291490697-1024x671.jpg 1024w\" sizes=\"auto, (max-width: 1250px) 100vw, 1250px\" \/><\/a><figcaption id=\"caption-attachment-4322\" class=\"wp-caption-text\">Un trabajador trabaja en una bicicleta el\u00e9ctrica en la f\u00e1brica del fabricante holand\u00e9s de bicicletas Gazelle en Dieren, Pa\u00edses Bajos.\u00a0Profimedia, AFP<\/figcaption><\/figure>\n<p>&nbsp;<\/p>\n<p>&#8220;Somos el pa\u00eds de las bicicletas, por lo que estamos acostumbrados a invertir en bicicletas innovadoras, por lo que existe una diferencia con respecto a otros pa\u00edses, incluido el Reino Unido&#8221;, dijo Floris Liebrand, de la RAI, al diario The Guardian. &#8220;Para nosotros es normal gastar 1.000 euros en una bicicleta. La media de una bicicleta electrica es de m\u00e1s de 2.000 euros, pero eso est\u00e1 en nuestra cultura. Creemos en la calidad de nuestros productos. Hay bicicletas electricas de 700 o 900 euros, pero son del sudeste asi\u00e1tico y la calidad es menor&#8221;.<\/p>\n<p>Las ebikes son la opci\u00f3n preferida tanto para los ancianos como para los que viajan diariamente al trabajo. El 60% de todos los trabajadores viven dentro de un radio de 15 km de su trabajo, que se considera una distancia ideal para andar en bicicleta.<\/p>\n<figure id=\"attachment_4323\" aria-describedby=\"caption-attachment-4323\" style=\"width: 1250px\" class=\"wp-caption alignnone\"><a href=\"https:\/\/d2p6e6u75xmxt8.cloudfront.net\/6\/2019\/03\/profimedia-0337667870.jpg\"><img loading=\"lazy\" decoding=\"async\" class=\"size-full wp-image-4323\" src=\"https:\/\/d2p6e6u75xmxt8.cloudfront.net\/6\/2019\/03\/profimedia-0337667870.jpg\" alt=\"\" width=\"1250\" height=\"833\" srcset=\"https:\/\/d2p6e6u75xmxt8.cloudfront.net\/6\/2019\/03\/profimedia-0337667870.jpg 1250w, https:\/\/d2p6e6u75xmxt8.cloudfront.net\/6\/2019\/03\/profimedia-0337667870-300x200.jpg 300w, https:\/\/d2p6e6u75xmxt8.cloudfront.net\/6\/2019\/03\/profimedia-0337667870-768x512.jpg 768w, https:\/\/d2p6e6u75xmxt8.cloudfront.net\/6\/2019\/03\/profimedia-0337667870-1024x682.jpg 1024w, https:\/\/d2p6e6u75xmxt8.cloudfront.net\/6\/2019\/03\/profimedia-0337667870-272x182.jpg 272w\" sizes=\"auto, (max-width: 1250px) 100vw, 1250px\" \/><\/a><figcaption id=\"caption-attachment-4323\" class=\"wp-caption-text\">El rey Guillermo Alejandro de Holanda inaugura la cumbre mundial de ciclismo Velo-City 2017 en Nijmegen. \u00a9\u00a0Profimedia, AFP<\/figcaption><\/figure>\n<p>En los Pa\u00edses Bajos se cree que la necesidad de distinguir entre una bicicleta electrica y una bicicleta normal desaparecer\u00e1 pronto y que cada unidad se llamar\u00e1 simplemente bicicleta, ya sea a bater\u00eda o no. Sin embargo, Floris Liebrand cree que casi todas las bicicletas ser\u00e1n alimentadas por alg\u00fan tipo de bater\u00eda en el futuro.<\/p>\n","protected":false},"excerpt":{"rendered":"<p>Hay 22,5 millones de bicicletas en un pa\u00eds de 17 millones de personas, y el n\u00famero sigue aumentando. Sin embargo, [&hellip;]<\/p>\n","protected":false},"author":29,"featured_media":4327,"comment_status":"open","ping_status":"open","sticky":false,"template":"","format":"standard","meta":{"footnotes":""},"categories":[8,6],"tags":[275,920],"global-categories":[],"class_list":["post-4319","post","type-post","status-publish","format-standard","has-post-thumbnail","hentry","category-life-style","category-urban","tag-bicicletas-electricas","tag-e-bikes"],"yoast_head":"<!-- This site is optimized with the Yoast SEO Premium plugin v25.3 (Yoast SEO v25.9) - https:\/\/yoast.com\/wordpress\/plugins\/seo\/ -->\n<title>Las E-Bikes superan en ventas a las bicicletas tradicionales en Holanda - \u0160koda We Love Cycling - Spain<\/title>\n<meta name=\"description\" content=\"Las e-Bikes superan en ventas a las bicicletas tradicionales en Holanda. Las bicicletas el\u00e9ctricas ya son las m\u00e1s vendidas en los Paises Bajos.\" \/>\n<meta name=\"robots\" content=\"index, follow, max-snippet:-1, max-image-preview:large, max-video-preview:-1\" \/>\n<link rel=\"canonical\" href=\"https:\/\/www.welovecycling.com\/es\/2019\/03\/18\/e-bikes-superan-ventas-bicicletas\/\" \/>\n<meta property=\"og:locale\" content=\"es_ES\" \/>\n<meta property=\"og:type\" content=\"article\" \/>\n<meta property=\"og:title\" content=\"Las e-Bikes superan en ventas a las bicicletas tradicionales en Holanda.\" \/>\n<meta property=\"og:description\" content=\"Las e-Bikes superan en ventas a las bicicletas tradicionales en Holanda. Las bicicletas el\u00e9ctricas ya son las m\u00e1s vendidas en los Paises Bajos.\" \/>\n<meta property=\"og:url\" content=\"https:\/\/www.welovecycling.com\/es\/2019\/03\/18\/e-bikes-superan-ventas-bicicletas\/\" \/>\n<meta property=\"og:site_name\" content=\"\u0160koda We Love Cycling - Spain\" \/>\n<meta property=\"article:published_time\" content=\"2019-03-18T18:18:46+00:00\" \/>\n<meta property=\"article:modified_time\" content=\"2019-03-18T18:21:13+00:00\" \/>\n<meta property=\"og:image\" content=\"https:\/\/d2p6e6u75xmxt8.cloudfront.net\/6\/2019\/03\/Hovenring-profimedia-0279131958-CVR.jpg\" \/>\n\t<meta property=\"og:image:width\" content=\"1366\" \/>\n\t<meta property=\"og:image:height\" content=\"600\" \/>\n\t<meta property=\"og:image:type\" content=\"image\/jpeg\" \/>\n<meta name=\"author\" content=\"We Love Cycling Spain\" \/>\n<meta name=\"twitter:card\" content=\"summary_large_image\" \/>\n<meta name=\"twitter:title\" content=\"Las e-Bikes superan en ventas a las bicicletas tradicionales en Holanda.\" \/>\n<meta name=\"twitter:description\" content=\"Las e-Bikes superan en ventas a las bicicletas tradicionales en Holanda. Las bicicletas el\u00e9ctricas ya son las m\u00e1s vendidas en los Paises Bajos.\" \/>\n<meta name=\"twitter:label1\" content=\"Written by\" \/>\n\t<meta name=\"twitter:data1\" content=\"Monica Buck\" \/>\n\t<meta name=\"twitter:label2\" content=\"Est. reading time\" \/>\n\t<meta name=\"twitter:data2\" content=\"4\" \/>\n<script type=\"application\/ld+json\" class=\"yoast-schema-graph\">{\"@context\":\"https:\/\/schema.org\",\"@graph\":[{\"@type\":\"WebPage\",\"@id\":\"https:\/\/www.welovecycling.com\/es\/2019\/03\/18\/e-bikes-superan-ventas-bicicletas\/\",\"url\":\"https:\/\/www.welovecycling.com\/es\/2019\/03\/18\/e-bikes-superan-ventas-bicicletas\/\",\"name\":\"Las E-Bikes superan en ventas a las bicicletas tradicionales en Holanda - \u0160koda We Love Cycling - Spain\",\"isPartOf\":{\"@id\":\"https:\/\/www.welovecycling.com\/es\/#website\"},\"primaryImageOfPage\":{\"@id\":\"https:\/\/www.welovecycling.com\/es\/2019\/03\/18\/e-bikes-superan-ventas-bicicletas\/#primaryimage\"},\"image\":{\"@id\":\"https:\/\/www.welovecycling.com\/es\/2019\/03\/18\/e-bikes-superan-ventas-bicicletas\/#primaryimage\"},\"thumbnailUrl\":\"https:\/\/d2p6e6u75xmxt8.cloudfront.net\/6\/2019\/03\/Hovenring-profimedia-0279131958-CVR.jpg\",\"datePublished\":\"2019-03-18T18:18:46+00:00\",\"dateModified\":\"2019-03-18T18:21:13+00:00\",\"author\":{\"@id\":\"https:\/\/www.welovecycling.com\/es\/#\/schema\/person\/deb61715b5812698ee79fb96f343ccd4\"},\"description\":\"Las e-Bikes superan en ventas a las bicicletas tradicionales en Holanda. Las bicicletas el\u00e9ctricas ya son las m\u00e1s vendidas en los Paises Bajos.\",\"breadcrumb\":{\"@id\":\"https:\/\/www.welovecycling.com\/es\/2019\/03\/18\/e-bikes-superan-ventas-bicicletas\/#breadcrumb\"},\"inLanguage\":\"es-ES\",\"potentialAction\":[{\"@type\":\"ReadAction\",\"target\":[\"https:\/\/www.welovecycling.com\/es\/2019\/03\/18\/e-bikes-superan-ventas-bicicletas\/\"]}]},{\"@type\":\"ImageObject\",\"inLanguage\":\"es-ES\",\"@id\":\"https:\/\/www.welovecycling.com\/es\/2019\/03\/18\/e-bikes-superan-ventas-bicicletas\/#primaryimage\",\"url\":\"https:\/\/d2p6e6u75xmxt8.cloudfront.net\/6\/2019\/03\/Hovenring-profimedia-0279131958-CVR.jpg\",\"contentUrl\":\"https:\/\/d2p6e6u75xmxt8.cloudfront.net\/6\/2019\/03\/Hovenring-profimedia-0279131958-CVR.jpg\",\"width\":1366,\"height\":600},{\"@type\":\"BreadcrumbList\",\"@id\":\"https:\/\/www.welovecycling.com\/es\/2019\/03\/18\/e-bikes-superan-ventas-bicicletas\/#breadcrumb\",\"itemListElement\":[{\"@type\":\"ListItem\",\"position\":1,\"name\":\"Home\",\"item\":\"https:\/\/www.welovecycling.com\/es\/\"},{\"@type\":\"ListItem\",\"position\":2,\"name\":\"Las E-Bikes superan en ventas a las bicicletas tradicionales en Holanda\"}]},{\"@type\":\"WebSite\",\"@id\":\"https:\/\/www.welovecycling.com\/es\/#website\",\"url\":\"https:\/\/www.welovecycling.com\/es\/\",\"name\":\"\u0160koda We Love Cycling - Spain\",\"description\":\"\u0160koda WeLoveCycling Spain\",\"potentialAction\":[{\"@type\":\"SearchAction\",\"target\":{\"@type\":\"EntryPoint\",\"urlTemplate\":\"https:\/\/www.welovecycling.com\/es\/?s={search_term_string}\"},\"query-input\":{\"@type\":\"PropertyValueSpecification\",\"valueRequired\":true,\"valueName\":\"search_term_string\"}}],\"inLanguage\":\"es-ES\"},{\"@type\":\"Person\",\"@id\":\"https:\/\/www.welovecycling.com\/es\/#\/schema\/person\/deb61715b5812698ee79fb96f343ccd4\",\"name\":\"We Love Cycling Spain\",\"image\":{\"@type\":\"ImageObject\",\"inLanguage\":\"es-ES\",\"@id\":\"https:\/\/www.welovecycling.com\/es\/#\/schema\/person\/image\/\",\"url\":\"https:\/\/secure.gravatar.com\/avatar\/c824b04e6df0e37a03219d0b6481672889df542894588964102459e46513159c?s=96&d=mm&r=g\",\"contentUrl\":\"https:\/\/secure.gravatar.com\/avatar\/c824b04e6df0e37a03219d0b6481672889df542894588964102459e46513159c?s=96&d=mm&r=g\",\"caption\":\"We Love Cycling Spain\"},\"url\":\"https:\/\/www.welovecycling.com\/es\/author\/amunoz\/\"}]}<\/script>\n<!-- \/ Yoast SEO Premium plugin. -->","yoast_head_json":{"title":"Las E-Bikes superan en ventas a las bicicletas tradicionales en Holanda - \u0160koda We Love Cycling - Spain","description":"Las e-Bikes superan en ventas a las bicicletas tradicionales en Holanda. Las bicicletas el\u00e9ctricas ya son las m\u00e1s vendidas en los Paises Bajos.","robots":{"index":"index","follow":"follow","max-snippet":"max-snippet:-1","max-image-preview":"max-image-preview:large","max-video-preview":"max-video-preview:-1"},"canonical":"https:\/\/www.welovecycling.com\/es\/2019\/03\/18\/e-bikes-superan-ventas-bicicletas\/","og_locale":"es_ES","og_type":"article","og_title":"Las e-Bikes superan en ventas a las bicicletas tradicionales en Holanda.","og_description":"Las e-Bikes superan en ventas a las bicicletas tradicionales en Holanda. Las bicicletas el\u00e9ctricas ya son las m\u00e1s vendidas en los Paises Bajos.","og_url":"https:\/\/www.welovecycling.com\/es\/2019\/03\/18\/e-bikes-superan-ventas-bicicletas\/","og_site_name":"\u0160koda We Love Cycling - Spain","article_published_time":"2019-03-18T18:18:46+00:00","article_modified_time":"2019-03-18T18:21:13+00:00","og_image":[{"width":1366,"height":600,"url":"https:\/\/d2p6e6u75xmxt8.cloudfront.net\/6\/2019\/03\/Hovenring-profimedia-0279131958-CVR.jpg","type":"image\/jpeg"}],"author":"We Love Cycling Spain","twitter_card":"summary_large_image","twitter_title":"Las e-Bikes superan en ventas a las bicicletas tradicionales en Holanda.","twitter_description":"Las e-Bikes superan en ventas a las bicicletas tradicionales en Holanda. Las bicicletas el\u00e9ctricas ya son las m\u00e1s vendidas en los Paises Bajos.","twitter_misc":{"Written by":"Monica Buck","Est. reading time":"4"},"schema":{"@context":"https:\/\/schema.org","@graph":[{"@type":"WebPage","@id":"https:\/\/www.welovecycling.com\/es\/2019\/03\/18\/e-bikes-superan-ventas-bicicletas\/","url":"https:\/\/www.welovecycling.com\/es\/2019\/03\/18\/e-bikes-superan-ventas-bicicletas\/","name":"Las E-Bikes superan en ventas a las bicicletas tradicionales en Holanda - \u0160koda We Love Cycling - Spain","isPartOf":{"@id":"https:\/\/www.welovecycling.com\/es\/#website"},"primaryImageOfPage":{"@id":"https:\/\/www.welovecycling.com\/es\/2019\/03\/18\/e-bikes-superan-ventas-bicicletas\/#primaryimage"},"image":{"@id":"https:\/\/www.welovecycling.com\/es\/2019\/03\/18\/e-bikes-superan-ventas-bicicletas\/#primaryimage"},"thumbnailUrl":"https:\/\/d2p6e6u75xmxt8.cloudfront.net\/6\/2019\/03\/Hovenring-profimedia-0279131958-CVR.jpg","datePublished":"2019-03-18T18:18:46+00:00","dateModified":"2019-03-18T18:21:13+00:00","author":{"@id":"https:\/\/www.welovecycling.com\/es\/#\/schema\/person\/deb61715b5812698ee79fb96f343ccd4"},"description":"Las e-Bikes superan en ventas a las bicicletas tradicionales en Holanda. Las bicicletas el\u00e9ctricas ya son las m\u00e1s vendidas en los Paises Bajos.","breadcrumb":{"@id":"https:\/\/www.welovecycling.com\/es\/2019\/03\/18\/e-bikes-superan-ventas-bicicletas\/#breadcrumb"},"inLanguage":"es-ES","potentialAction":[{"@type":"ReadAction","target":["https:\/\/www.welovecycling.com\/es\/2019\/03\/18\/e-bikes-superan-ventas-bicicletas\/"]}]},{"@type":"ImageObject","inLanguage":"es-ES","@id":"https:\/\/www.welovecycling.com\/es\/2019\/03\/18\/e-bikes-superan-ventas-bicicletas\/#primaryimage","url":"https:\/\/d2p6e6u75xmxt8.cloudfront.net\/6\/2019\/03\/Hovenring-profimedia-0279131958-CVR.jpg","contentUrl":"https:\/\/d2p6e6u75xmxt8.cloudfront.net\/6\/2019\/03\/Hovenring-profimedia-0279131958-CVR.jpg","width":1366,"height":600},{"@type":"BreadcrumbList","@id":"https:\/\/www.welovecycling.com\/es\/2019\/03\/18\/e-bikes-superan-ventas-bicicletas\/#breadcrumb","itemListElement":[{"@type":"ListItem","position":1,"name":"Home","item":"https:\/\/www.welovecycling.com\/es\/"},{"@type":"ListItem","position":2,"name":"Las E-Bikes superan en ventas a las bicicletas tradicionales en Holanda"}]},{"@type":"WebSite","@id":"https:\/\/www.welovecycling.com\/es\/#website","url":"https:\/\/www.welovecycling.com\/es\/","name":"\u0160koda We Love Cycling - Spain","description":"\u0160koda WeLoveCycling Spain","potentialAction":[{"@type":"SearchAction","target":{"@type":"EntryPoint","urlTemplate":"https:\/\/www.welovecycling.com\/es\/?s={search_term_string}"},"query-input":{"@type":"PropertyValueSpecification","valueRequired":true,"valueName":"search_term_string"}}],"inLanguage":"es-ES"},{"@type":"Person","@id":"https:\/\/www.welovecycling.com\/es\/#\/schema\/person\/deb61715b5812698ee79fb96f343ccd4","name":"We Love Cycling Spain","image":{"@type":"ImageObject","inLanguage":"es-ES","@id":"https:\/\/www.welovecycling.com\/es\/#\/schema\/person\/image\/","url":"https:\/\/secure.gravatar.com\/avatar\/c824b04e6df0e37a03219d0b6481672889df542894588964102459e46513159c?s=96&d=mm&r=g","contentUrl":"https:\/\/secure.gravatar.com\/avatar\/c824b04e6df0e37a03219d0b6481672889df542894588964102459e46513159c?s=96&d=mm&r=g","caption":"We Love Cycling Spain"},"url":"https:\/\/www.welovecycling.com\/es\/author\/amunoz\/"}]}},"_links":{"self":[{"href":"https:\/\/www.welovecycling.com\/es\/wp-json\/wp\/v2\/posts\/4319","targetHints":{"allow":["GET"]}}],"collection":[{"href":"https:\/\/www.welovecycling.com\/es\/wp-json\/wp\/v2\/posts"}],"about":[{"href":"https:\/\/www.welovecycling.com\/es\/wp-json\/wp\/v2\/types\/post"}],"author":[{"embeddable":true,"href":"https:\/\/www.welovecycling.com\/es\/wp-json\/wp\/v2\/users\/29"}],"replies":[{"embeddable":true,"href":"https:\/\/www.welovecycling.com\/es\/wp-json\/wp\/v2\/comments?post=4319"}],"version-history":[{"count":2,"href":"https:\/\/www.welovecycling.com\/es\/wp-json\/wp\/v2\/posts\/4319\/revisions"}],"predecessor-version":[{"id":4330,"href":"https:\/\/www.welovecycling.com\/es\/wp-json\/wp\/v2\/posts\/4319\/revisions\/4330"}],"wp:featuredmedia":[{"embeddable":true,"href":"https:\/\/www.welovecycling.com\/es\/wp-json\/wp\/v2\/media\/4327"}],"wp:attachment":[{"href":"https:\/\/www.welovecycling.com\/es\/wp-json\/wp\/v2\/media?parent=4319"}],"wp:term":[{"taxonomy":"category","embeddable":true,"href":"https:\/\/www.welovecycling.com\/es\/wp-json\/wp\/v2\/categories?post=4319"},{"taxonomy":"post_tag","embeddable":true,"href":"https:\/\/www.welovecycling.com\/es\/wp-json\/wp\/v2\/tags?post=4319"},{"taxonomy":"global-categories","embeddable":true,"href":"https:\/\/www.welovecycling.com\/es\/wp-json\/wp\/v2\/global-categories?post=4319"}],"curies":[{"name":"wp","href":"https:\/\/api.w.org\/{rel}","templated":true}]}}