{"id":4313,"date":"2019-03-14T19:24:47","date_gmt":"2019-03-14T17:24:47","guid":{"rendered":"https:\/\/www.welovecycling.com\/es\/?p=4313"},"modified":"2019-03-14T19:24:47","modified_gmt":"2019-03-14T17:24:47","slug":"skoda-gran-fondo-priorat-2019","status":"publish","type":"post","link":"https:\/\/www.welovecycling.com\/es\/2019\/03\/14\/skoda-gran-fondo-priorat-2019\/","title":{"rendered":"El maillot oficial de \u0160koda Gran Fondo Priorat vestir\u00e1  a 3.000 bikers el 9 de junio"},"content":{"rendered":"<p><strong>La \u0160koda Gran Fondo Priorat contin\u00faa trabajando en la que ser\u00e1 su cuarta edici\u00f3n, prevista para el 9 de junio. La marcha cicloturista en bicicleta de monta\u00f1a, que est\u00e1 disponible en dos distancias (104 km y 59 km), cuenta con un recorrido 100% ciclable que se desarrolla entre los paisajes de la comarca del Priorat (Tarragona).<\/strong><br \/>\n<!--more--><br \/>\nUn a\u00f1o m\u00e1s, todos los participantes en <strong>\u0160koda Gran Fondo Priorat<\/strong>, formar\u00e1n parte por un d\u00eda de un mismo equipo. El punto de uni\u00f3n: su pasi\u00f3n y el maillot oficial, exclusivo y de uso obligatorio para los inscritos.<\/p>\n<p>La prenda de <strong>Santini, de edici\u00f3n limitada y dise\u00f1o conmemorativo,<\/strong> est\u00e1 realizada en poli\u00e9ster transpirable Energy delante y detr\u00e1s, con lados en red transpirable. La cremallera larga permite la abertura total del maillot para una ventilaci\u00f3n perfecta. Las mangas, realizadas con el innovador tejido &#8220;segunda piel&#8221;v BODYFIT, cortado al vivo, ofrece confort sin limitaciones.<\/p>\n<p><a href=\"https:\/\/d2p6e6u75xmxt8.cloudfront.net\/6\/2019\/03\/GF-Priorat.jpg\"><img loading=\"lazy\" decoding=\"async\" class=\"aligncenter size-large wp-image-4316\" src=\"https:\/\/d2p6e6u75xmxt8.cloudfront.net\/6\/2019\/03\/GF-Priorat-1024x683.jpg\" alt=\"\" width=\"1024\" height=\"683\" srcset=\"https:\/\/d2p6e6u75xmxt8.cloudfront.net\/6\/2019\/03\/GF-Priorat-1024x683.jpg 1024w, https:\/\/d2p6e6u75xmxt8.cloudfront.net\/6\/2019\/03\/GF-Priorat-300x200.jpg 300w, https:\/\/d2p6e6u75xmxt8.cloudfront.net\/6\/2019\/03\/GF-Priorat-768x512.jpg 768w, https:\/\/d2p6e6u75xmxt8.cloudfront.net\/6\/2019\/03\/GF-Priorat-1920x1280.jpg 1920w, https:\/\/d2p6e6u75xmxt8.cloudfront.net\/6\/2019\/03\/GF-Priorat-272x182.jpg 272w, https:\/\/d2p6e6u75xmxt8.cloudfront.net\/6\/2019\/03\/GF-Priorat-1920x1280.jpg 1920w\" sizes=\"auto, (max-width: 1024px) 100vw, 1024px\" \/><\/a><\/p>\n<h3><strong>Filosof\u00eda Gran Fondo Events<\/strong><\/h3>\n<p>Siguiendo la filosof\u00eda de <strong>GF Events, \u0160koda Gran Fondo Priora<\/strong>t es una marcha cicloturista que tiene como objetivo ofrecer una experiencia de alta calidad a los amantes de la bicicleta de monta\u00f1a. \u0160koda Gran Fondo Priorat pondr\u00e1 a disposici\u00f3n del participante una Expo Bike como centro neur\u00e1lgico con las mejores marcas del sector.<\/p>\n<p>Adem\u00e1s, ofrecer\u00e1 una amplia carta de servicios entre los que destacan la limpieza de bicicletas, los avituallamientos en carrera o un parking de bicicletas vigilado para que todos los participantes puedan guardar su bicicleta y disfrutar de la pasta party que se ofrece al finalizar la marcha.<\/p>\n<p>M\u00e1s informaci\u00f3n: <a href=\"https:\/\/www.skodagranfondopriorat.com\/\">www.skodagranfondopriorat.com<\/a><\/p>\n<p><a href=\"https:\/\/d2p6e6u75xmxt8.cloudfront.net\/6\/2019\/03\/Gf-Priorat-2.jpg\"><img loading=\"lazy\" decoding=\"async\" class=\"aligncenter size-large wp-image-4317\" src=\"https:\/\/d2p6e6u75xmxt8.cloudfront.net\/6\/2019\/03\/Gf-Priorat-2-720x1024.jpg\" alt=\"\" width=\"720\" height=\"1024\" srcset=\"https:\/\/d2p6e6u75xmxt8.cloudfront.net\/6\/2019\/03\/Gf-Priorat-2-720x1024.jpg 720w, https:\/\/d2p6e6u75xmxt8.cloudfront.net\/6\/2019\/03\/Gf-Priorat-2-211x300.jpg 211w, https:\/\/d2p6e6u75xmxt8.cloudfront.net\/6\/2019\/03\/Gf-Priorat-2-768x1093.jpg 768w, https:\/\/d2p6e6u75xmxt8.cloudfront.net\/6\/2019\/03\/Gf-Priorat-2-1349x1920.jpg 1349w, https:\/\/d2p6e6u75xmxt8.cloudfront.net\/6\/2019\/03\/Gf-Priorat-2.jpg 1757w, https:\/\/d2p6e6u75xmxt8.cloudfront.net\/6\/2019\/03\/Gf-Priorat-2-1349x1920.jpg 1349w\" sizes=\"auto, (max-width: 720px) 100vw, 720px\" \/><\/a><\/p>\n","protected":false},"excerpt":{"rendered":"<p>La \u0160koda Gran Fondo Priorat contin\u00faa trabajando en la que ser\u00e1 su cuarta edici\u00f3n, prevista para el 9 de junio. [&hellip;]<\/p>\n","protected":false},"author":29,"featured_media":4315,"comment_status":"open","ping_status":"open","sticky":false,"template":"","format":"standard","meta":{"footnotes":""},"categories":[9],"tags":[391,164],"global-categories":[],"class_list":["post-4313","post","type-post","status-publish","format-standard","has-post-thumbnail","hentry","category-mtb-aventura","tag-gf-priorat","tag-skoda-gf-priorat"],"yoast_head":"<!-- This site is optimized with the Yoast SEO Premium plugin v25.3 (Yoast SEO v25.9) - https:\/\/yoast.com\/wordpress\/plugins\/seo\/ -->\n<title>El maillot oficial de \u0160koda Gran Fondo Priorat vestir\u00e1 a 3.000 bikers el 9 de junio - \u0160koda We Love Cycling - Spain<\/title>\n<meta name=\"description\" content=\"El maillot oficial de \u0160koda Gran Fondo Priorat vestir\u00e1 a 3.000 bikers el 9 de junio. La marcha est\u00e1 disponible en dos distancias (104 km y 59 km).\" \/>\n<meta name=\"robots\" content=\"index, follow, max-snippet:-1, max-image-preview:large, max-video-preview:-1\" \/>\n<link rel=\"canonical\" href=\"https:\/\/www.welovecycling.com\/es\/2019\/03\/14\/skoda-gran-fondo-priorat-2019\/\" \/>\n<meta property=\"og:locale\" content=\"es_ES\" \/>\n<meta property=\"og:type\" content=\"article\" \/>\n<meta property=\"og:title\" content=\"El maillot oficial de \u0160koda Gran Fondo Priorat vestir\u00e1 a 3.000 bikers el 9 de junio.\" \/>\n<meta property=\"og:description\" content=\"El maillot oficial de \u0160koda Gran Fondo Priorat vestir\u00e1 a 3.000 bikers el 9 de junio. La marcha est\u00e1 disponible en dos distancias (104 km y 59 km).\" \/>\n<meta property=\"og:url\" content=\"https:\/\/www.welovecycling.com\/es\/2019\/03\/14\/skoda-gran-fondo-priorat-2019\/\" \/>\n<meta property=\"og:site_name\" content=\"\u0160koda We Love Cycling - Spain\" \/>\n<meta property=\"article:published_time\" content=\"2019-03-14T17:24:47+00:00\" \/>\n<meta property=\"og:image\" content=\"https:\/\/d2p6e6u75xmxt8.cloudfront.net\/6\/2019\/03\/maillot-oficial-granfondo-priorat-2019.png\" \/>\n\t<meta property=\"og:image:width\" content=\"1126\" \/>\n\t<meta property=\"og:image:height\" content=\"1014\" \/>\n\t<meta property=\"og:image:type\" content=\"image\/png\" \/>\n<meta name=\"author\" content=\"We Love Cycling Spain\" \/>\n<meta name=\"twitter:card\" content=\"summary_large_image\" \/>\n<meta name=\"twitter:title\" content=\"El maillot oficial de \u0160koda Gran Fondo Priorat vestir\u00e1 a 3.000 bikers el 9 de junio.\" \/>\n<meta name=\"twitter:description\" content=\"El maillot oficial de \u0160koda Gran Fondo Priorat vestir\u00e1 a 3.000 bikers el 9 de junio. La marcha est\u00e1 disponible en dos distancias (104 km y 59 km).\" \/>\n<meta name=\"twitter:label1\" content=\"Written by\" \/>\n\t<meta name=\"twitter:data1\" content=\"We Love Cycling Spain\" \/>\n\t<meta name=\"twitter:label2\" content=\"Est. reading time\" \/>\n\t<meta name=\"twitter:data2\" content=\"1 minute\" \/>\n<script type=\"application\/ld+json\" class=\"yoast-schema-graph\">{\"@context\":\"https:\/\/schema.org\",\"@graph\":[{\"@type\":\"WebPage\",\"@id\":\"https:\/\/www.welovecycling.com\/es\/2019\/03\/14\/skoda-gran-fondo-priorat-2019\/\",\"url\":\"https:\/\/www.welovecycling.com\/es\/2019\/03\/14\/skoda-gran-fondo-priorat-2019\/\",\"name\":\"El maillot oficial de \u0160koda Gran Fondo Priorat vestir\u00e1 a 3.000 bikers el 9 de junio - \u0160koda We Love Cycling - Spain\",\"isPartOf\":{\"@id\":\"https:\/\/www.welovecycling.com\/es\/#website\"},\"primaryImageOfPage\":{\"@id\":\"https:\/\/www.welovecycling.com\/es\/2019\/03\/14\/skoda-gran-fondo-priorat-2019\/#primaryimage\"},\"image\":{\"@id\":\"https:\/\/www.welovecycling.com\/es\/2019\/03\/14\/skoda-gran-fondo-priorat-2019\/#primaryimage\"},\"thumbnailUrl\":\"https:\/\/d2p6e6u75xmxt8.cloudfront.net\/6\/2019\/03\/maillot-oficial-granfondo-priorat-2019.png\",\"datePublished\":\"2019-03-14T17:24:47+00:00\",\"author\":{\"@id\":\"https:\/\/www.welovecycling.com\/es\/#\/schema\/person\/deb61715b5812698ee79fb96f343ccd4\"},\"description\":\"El maillot oficial de \u0160koda Gran Fondo Priorat vestir\u00e1 a 3.000 bikers el 9 de junio. La marcha est\u00e1 disponible en dos distancias (104 km y 59 km).\",\"breadcrumb\":{\"@id\":\"https:\/\/www.welovecycling.com\/es\/2019\/03\/14\/skoda-gran-fondo-priorat-2019\/#breadcrumb\"},\"inLanguage\":\"es-ES\",\"potentialAction\":[{\"@type\":\"ReadAction\",\"target\":[\"https:\/\/www.welovecycling.com\/es\/2019\/03\/14\/skoda-gran-fondo-priorat-2019\/\"]}]},{\"@type\":\"ImageObject\",\"inLanguage\":\"es-ES\",\"@id\":\"https:\/\/www.welovecycling.com\/es\/2019\/03\/14\/skoda-gran-fondo-priorat-2019\/#primaryimage\",\"url\":\"https:\/\/d2p6e6u75xmxt8.cloudfront.net\/6\/2019\/03\/maillot-oficial-granfondo-priorat-2019.png\",\"contentUrl\":\"https:\/\/d2p6e6u75xmxt8.cloudfront.net\/6\/2019\/03\/maillot-oficial-granfondo-priorat-2019.png\",\"width\":1126,\"height\":1014},{\"@type\":\"BreadcrumbList\",\"@id\":\"https:\/\/www.welovecycling.com\/es\/2019\/03\/14\/skoda-gran-fondo-priorat-2019\/#breadcrumb\",\"itemListElement\":[{\"@type\":\"ListItem\",\"position\":1,\"name\":\"Home\",\"item\":\"https:\/\/www.welovecycling.com\/es\/\"},{\"@type\":\"ListItem\",\"position\":2,\"name\":\"El maillot oficial de \u0160koda Gran Fondo Priorat vestir\u00e1 a 3.000 bikers el 9 de junio\"}]},{\"@type\":\"WebSite\",\"@id\":\"https:\/\/www.welovecycling.com\/es\/#website\",\"url\":\"https:\/\/www.welovecycling.com\/es\/\",\"name\":\"\u0160koda We Love Cycling - Spain\",\"description\":\"\u0160koda WeLoveCycling Spain\",\"potentialAction\":[{\"@type\":\"SearchAction\",\"target\":{\"@type\":\"EntryPoint\",\"urlTemplate\":\"https:\/\/www.welovecycling.com\/es\/?s={search_term_string}\"},\"query-input\":{\"@type\":\"PropertyValueSpecification\",\"valueRequired\":true,\"valueName\":\"search_term_string\"}}],\"inLanguage\":\"es-ES\"},{\"@type\":\"Person\",\"@id\":\"https:\/\/www.welovecycling.com\/es\/#\/schema\/person\/deb61715b5812698ee79fb96f343ccd4\",\"name\":\"We Love Cycling Spain\",\"image\":{\"@type\":\"ImageObject\",\"inLanguage\":\"es-ES\",\"@id\":\"https:\/\/www.welovecycling.com\/es\/#\/schema\/person\/image\/\",\"url\":\"https:\/\/secure.gravatar.com\/avatar\/c824b04e6df0e37a03219d0b6481672889df542894588964102459e46513159c?s=96&d=mm&r=g\",\"contentUrl\":\"https:\/\/secure.gravatar.com\/avatar\/c824b04e6df0e37a03219d0b6481672889df542894588964102459e46513159c?s=96&d=mm&r=g\",\"caption\":\"We Love Cycling Spain\"},\"url\":\"https:\/\/www.welovecycling.com\/es\/author\/amunoz\/\"}]}<\/script>\n<!-- \/ Yoast SEO Premium plugin. -->","yoast_head_json":{"title":"El maillot oficial de \u0160koda Gran Fondo Priorat vestir\u00e1 a 3.000 bikers el 9 de junio - \u0160koda We Love Cycling - Spain","description":"El maillot oficial de \u0160koda Gran Fondo Priorat vestir\u00e1 a 3.000 bikers el 9 de junio. La marcha est\u00e1 disponible en dos distancias (104 km y 59 km).","robots":{"index":"index","follow":"follow","max-snippet":"max-snippet:-1","max-image-preview":"max-image-preview:large","max-video-preview":"max-video-preview:-1"},"canonical":"https:\/\/www.welovecycling.com\/es\/2019\/03\/14\/skoda-gran-fondo-priorat-2019\/","og_locale":"es_ES","og_type":"article","og_title":"El maillot oficial de \u0160koda Gran Fondo Priorat vestir\u00e1 a 3.000 bikers el 9 de junio.","og_description":"El maillot oficial de \u0160koda Gran Fondo Priorat vestir\u00e1 a 3.000 bikers el 9 de junio. La marcha est\u00e1 disponible en dos distancias (104 km y 59 km).","og_url":"https:\/\/www.welovecycling.com\/es\/2019\/03\/14\/skoda-gran-fondo-priorat-2019\/","og_site_name":"\u0160koda We Love Cycling - Spain","article_published_time":"2019-03-14T17:24:47+00:00","og_image":[{"width":1126,"height":1014,"url":"https:\/\/d2p6e6u75xmxt8.cloudfront.net\/6\/2019\/03\/maillot-oficial-granfondo-priorat-2019.png","type":"image\/png"}],"author":"We Love Cycling Spain","twitter_card":"summary_large_image","twitter_title":"El maillot oficial de \u0160koda Gran Fondo Priorat vestir\u00e1 a 3.000 bikers el 9 de junio.","twitter_description":"El maillot oficial de \u0160koda Gran Fondo Priorat vestir\u00e1 a 3.000 bikers el 9 de junio. La marcha est\u00e1 disponible en dos distancias (104 km y 59 km).","twitter_misc":{"Written by":"We Love Cycling Spain","Est. reading time":"1 minute"},"schema":{"@context":"https:\/\/schema.org","@graph":[{"@type":"WebPage","@id":"https:\/\/www.welovecycling.com\/es\/2019\/03\/14\/skoda-gran-fondo-priorat-2019\/","url":"https:\/\/www.welovecycling.com\/es\/2019\/03\/14\/skoda-gran-fondo-priorat-2019\/","name":"El maillot oficial de \u0160koda Gran Fondo Priorat vestir\u00e1 a 3.000 bikers el 9 de junio - \u0160koda We Love Cycling - Spain","isPartOf":{"@id":"https:\/\/www.welovecycling.com\/es\/#website"},"primaryImageOfPage":{"@id":"https:\/\/www.welovecycling.com\/es\/2019\/03\/14\/skoda-gran-fondo-priorat-2019\/#primaryimage"},"image":{"@id":"https:\/\/www.welovecycling.com\/es\/2019\/03\/14\/skoda-gran-fondo-priorat-2019\/#primaryimage"},"thumbnailUrl":"https:\/\/d2p6e6u75xmxt8.cloudfront.net\/6\/2019\/03\/maillot-oficial-granfondo-priorat-2019.png","datePublished":"2019-03-14T17:24:47+00:00","author":{"@id":"https:\/\/www.welovecycling.com\/es\/#\/schema\/person\/deb61715b5812698ee79fb96f343ccd4"},"description":"El maillot oficial de \u0160koda Gran Fondo Priorat vestir\u00e1 a 3.000 bikers el 9 de junio. La marcha est\u00e1 disponible en dos distancias (104 km y 59 km).","breadcrumb":{"@id":"https:\/\/www.welovecycling.com\/es\/2019\/03\/14\/skoda-gran-fondo-priorat-2019\/#breadcrumb"},"inLanguage":"es-ES","potentialAction":[{"@type":"ReadAction","target":["https:\/\/www.welovecycling.com\/es\/2019\/03\/14\/skoda-gran-fondo-priorat-2019\/"]}]},{"@type":"ImageObject","inLanguage":"es-ES","@id":"https:\/\/www.welovecycling.com\/es\/2019\/03\/14\/skoda-gran-fondo-priorat-2019\/#primaryimage","url":"https:\/\/d2p6e6u75xmxt8.cloudfront.net\/6\/2019\/03\/maillot-oficial-granfondo-priorat-2019.png","contentUrl":"https:\/\/d2p6e6u75xmxt8.cloudfront.net\/6\/2019\/03\/maillot-oficial-granfondo-priorat-2019.png","width":1126,"height":1014},{"@type":"BreadcrumbList","@id":"https:\/\/www.welovecycling.com\/es\/2019\/03\/14\/skoda-gran-fondo-priorat-2019\/#breadcrumb","itemListElement":[{"@type":"ListItem","position":1,"name":"Home","item":"https:\/\/www.welovecycling.com\/es\/"},{"@type":"ListItem","position":2,"name":"El maillot oficial de \u0160koda Gran Fondo Priorat vestir\u00e1 a 3.000 bikers el 9 de junio"}]},{"@type":"WebSite","@id":"https:\/\/www.welovecycling.com\/es\/#website","url":"https:\/\/www.welovecycling.com\/es\/","name":"\u0160koda We Love Cycling - Spain","description":"\u0160koda WeLoveCycling Spain","potentialAction":[{"@type":"SearchAction","target":{"@type":"EntryPoint","urlTemplate":"https:\/\/www.welovecycling.com\/es\/?s={search_term_string}"},"query-input":{"@type":"PropertyValueSpecification","valueRequired":true,"valueName":"search_term_string"}}],"inLanguage":"es-ES"},{"@type":"Person","@id":"https:\/\/www.welovecycling.com\/es\/#\/schema\/person\/deb61715b5812698ee79fb96f343ccd4","name":"We Love Cycling Spain","image":{"@type":"ImageObject","inLanguage":"es-ES","@id":"https:\/\/www.welovecycling.com\/es\/#\/schema\/person\/image\/","url":"https:\/\/secure.gravatar.com\/avatar\/c824b04e6df0e37a03219d0b6481672889df542894588964102459e46513159c?s=96&d=mm&r=g","contentUrl":"https:\/\/secure.gravatar.com\/avatar\/c824b04e6df0e37a03219d0b6481672889df542894588964102459e46513159c?s=96&d=mm&r=g","caption":"We Love Cycling Spain"},"url":"https:\/\/www.welovecycling.com\/es\/author\/amunoz\/"}]}},"_links":{"self":[{"href":"https:\/\/www.welovecycling.com\/es\/wp-json\/wp\/v2\/posts\/4313","targetHints":{"allow":["GET"]}}],"collection":[{"href":"https:\/\/www.welovecycling.com\/es\/wp-json\/wp\/v2\/posts"}],"about":[{"href":"https:\/\/www.welovecycling.com\/es\/wp-json\/wp\/v2\/types\/post"}],"author":[{"embeddable":true,"href":"https:\/\/www.welovecycling.com\/es\/wp-json\/wp\/v2\/users\/29"}],"replies":[{"embeddable":true,"href":"https:\/\/www.welovecycling.com\/es\/wp-json\/wp\/v2\/comments?post=4313"}],"version-history":[{"count":1,"href":"https:\/\/www.welovecycling.com\/es\/wp-json\/wp\/v2\/posts\/4313\/revisions"}],"predecessor-version":[{"id":4318,"href":"https:\/\/www.welovecycling.com\/es\/wp-json\/wp\/v2\/posts\/4313\/revisions\/4318"}],"wp:featuredmedia":[{"embeddable":true,"href":"https:\/\/www.welovecycling.com\/es\/wp-json\/wp\/v2\/media\/4315"}],"wp:attachment":[{"href":"https:\/\/www.welovecycling.com\/es\/wp-json\/wp\/v2\/media?parent=4313"}],"wp:term":[{"taxonomy":"category","embeddable":true,"href":"https:\/\/www.welovecycling.com\/es\/wp-json\/wp\/v2\/categories?post=4313"},{"taxonomy":"post_tag","embeddable":true,"href":"https:\/\/www.welovecycling.com\/es\/wp-json\/wp\/v2\/tags?post=4313"},{"taxonomy":"global-categories","embeddable":true,"href":"https:\/\/www.welovecycling.com\/es\/wp-json\/wp\/v2\/global-categories?post=4313"}],"curies":[{"name":"wp","href":"https:\/\/api.w.org\/{rel}","templated":true}]}}