{"id":4306,"date":"2019-03-13T01:00:49","date_gmt":"2019-03-12T23:00:49","guid":{"rendered":"https:\/\/www.welovecycling.com\/es\/?p=4306"},"modified":"2019-03-13T01:01:26","modified_gmt":"2019-03-12T23:01:26","slug":"record-ciclista-femenino","status":"publish","type":"post","link":"https:\/\/www.welovecycling.com\/es\/2019\/03\/13\/record-ciclista-femenino\/","title":{"rendered":"Una hora de sue\u00f1o y un r\u00e9cord ciclista de 1400 km. La historia de Eileen Sheridan"},"content":{"rendered":"<p><strong>Rodando por Coventry, esta peque\u00f1a dama irradia alegr\u00eda. Sus piernas se mueven a tal velocidad que casi parece que se funden en una mancha borrosa. No hay multitudes animando, no es un gran espect\u00e1culo. Pero hay que tener en cuenta algo. Eileen Sheridan se dirige hacia una gran victoria..<\/strong><!--more--><\/p>\n<p>Su entrenador Frank Southall (quien, por cierto, hab\u00eda sido tutor de la famosa Marguerite Wilson) est\u00e1 all\u00ed junto con un par de voluntarios que dirigen los puestos de control. Todo el recorrido tiene que seguir una regla establecida en 1890: todos los intentos de batir r\u00e9cords tienen que hacerse en secreto. Cualquier publicidad previa est\u00e1 prohibida.<\/p>\n<p>Estamos en 1952 y Eileen ya es campeona nacional\u00a0 de 50 y 100 millas. Ahora tiene los ojos puestos en otro objetivo: hacer un r\u00e9cord de 287 millas desde Land&#8217;s End hasta Londres. Pero eso no sucedi\u00f3. Al llegar a la meta, le espera una multitud de gente que la anima. El r\u00e9cord de 16:45:47 nunca ser\u00e1 reconocido oficialmente, ya que se rompi\u00f3 la regla de 1890 de no publicidad. S\u00f3lo podemos adivinar qui\u00e9n fue la fuente de la informaci\u00f3n filtrada, lo que, como un efecto secundario afortunado, trajo a Eileen bastante publicidad.<\/p>\n<figure id=\"attachment_4307\" aria-describedby=\"caption-attachment-4307\" style=\"width: 1105px\" class=\"wp-caption alignnone\"><a href=\"https:\/\/d2p6e6u75xmxt8.cloudfront.net\/6\/2019\/03\/Eileen_Sheridan-1.jpg\"><img loading=\"lazy\" decoding=\"async\" class=\"size-full wp-image-4307\" src=\"https:\/\/d2p6e6u75xmxt8.cloudfront.net\/6\/2019\/03\/Eileen_Sheridan-1.jpg\" alt=\"\" width=\"1105\" height=\"910\" srcset=\"https:\/\/d2p6e6u75xmxt8.cloudfront.net\/6\/2019\/03\/Eileen_Sheridan-1.jpg 1105w, https:\/\/d2p6e6u75xmxt8.cloudfront.net\/6\/2019\/03\/Eileen_Sheridan-1-300x247.jpg 300w, https:\/\/d2p6e6u75xmxt8.cloudfront.net\/6\/2019\/03\/Eileen_Sheridan-1-768x632.jpg 768w, https:\/\/d2p6e6u75xmxt8.cloudfront.net\/6\/2019\/03\/Eileen_Sheridan-1-1024x843.jpg 1024w\" sizes=\"auto, (max-width: 1105px) 100vw, 1105px\" \/><\/a><figcaption id=\"caption-attachment-4307\" class=\"wp-caption-text\">Siempre con una sonrisa.<\/figcaption><\/figure>\n<p>Su mayor triunfo estaba, afortunadamente, a punto de llegar. Sucedi\u00f3 en 1954. Sheridan rod\u00f3 870 millas (1400 km) desde Land&#8217;s End hasta John o&#8217;Groats. Estamos hablando de un terreno de colinas escarpadas y del peor tiempo que uno pueda imaginar. Las primeras 470 millas Eileen pedale\u00f3 sin parar y s\u00f3lo despu\u00e9s de dos noches de insomnio la mujer decidida se permiti\u00f3 un descanso. Una hora de descanso. Luego lleg\u00f3 el \u00faltimo tramo y con \u00e9l la lucha contra un viento en contra cruel. Pero lo hizo: batiendo el r\u00e9cord establecido en 1939 en casi 12 horas.<\/p>\n<p><a href=\"https:\/\/d2p6e6u75xmxt8.cloudfront.net\/6\/2019\/03\/Eileen_Sheridan-2.jpg\"><img loading=\"lazy\" decoding=\"async\" class=\"alignnone size-full wp-image-4308\" src=\"https:\/\/d2p6e6u75xmxt8.cloudfront.net\/6\/2019\/03\/Eileen_Sheridan-2.jpg\" alt=\"\" width=\"1000\" height=\"709\" srcset=\"https:\/\/d2p6e6u75xmxt8.cloudfront.net\/6\/2019\/03\/Eileen_Sheridan-2.jpg 1000w, https:\/\/d2p6e6u75xmxt8.cloudfront.net\/6\/2019\/03\/Eileen_Sheridan-2-300x213.jpg 300w, https:\/\/d2p6e6u75xmxt8.cloudfront.net\/6\/2019\/03\/Eileen_Sheridan-2-768x545.jpg 768w\" sizes=\"auto, (max-width: 1000px) 100vw, 1000px\" \/><\/a><\/p>\n<p>Pero el Poderoso \u00c1tomo, como la llamaban los medios de comunicaci\u00f3n, no estaba satisfecho. Su objetivo era seguir adelante y batir el r\u00e9cord de 1.000 millas tambi\u00e9n. Un par de horas m\u00e1s de sue\u00f1o y Eileen estaba sobre las ruedas de nuevo. Cuando lo logr\u00f3, el tiempo estaba a s\u00f3lo dos horas del r\u00e9cord de los hombres. \u00bfQu\u00e9 le cost\u00f3 todo eso? Agotamiento total.<\/p>\n<p>Poco despu\u00e9s, Sheridan decidi\u00f3 poner fin a su carrera r\u00e9cord. Ella nunca dej\u00f3 de montar.<\/p>\n","protected":false},"excerpt":{"rendered":"<p>Rodando por Coventry, esta peque\u00f1a dama irradia alegr\u00eda. Sus piernas se mueven a tal velocidad que casi parece que se [&hellip;]<\/p>\n","protected":false},"author":29,"featured_media":4310,"comment_status":"open","ping_status":"open","sticky":false,"template":"","format":"standard","meta":{"footnotes":""},"categories":[7],"tags":[918,917,919],"global-categories":[],"class_list":["post-4306","post","type-post","status-publish","format-standard","has-post-thumbnail","hentry","category-carretera","tag-eileen-sheridan","tag-record-ciclista-femenino","tag-ultrafondo"],"yoast_head":"<!-- This site is optimized with the Yoast SEO Premium plugin v25.3 (Yoast SEO v25.9) - https:\/\/yoast.com\/wordpress\/plugins\/seo\/ -->\n<title>Una hora de sue\u00f1o y un r\u00e9cord ciclista de 1400 km. La historia de Eileen Sheridan - \u0160koda We Love Cycling - Spain<\/title>\n<meta name=\"description\" content=\"El r\u00e9cord ciclista femenino de Eileen Sheridan. La mujer que rod\u00f3 1.400 kil\u00f3metros seguidos y estuvo a solo dos horas del r\u00e9cord masculino\" \/>\n<meta name=\"robots\" content=\"index, follow, max-snippet:-1, max-image-preview:large, max-video-preview:-1\" \/>\n<link rel=\"canonical\" href=\"https:\/\/www.welovecycling.com\/es\/2019\/03\/13\/record-ciclista-femenino\/\" \/>\n<meta property=\"og:locale\" content=\"es_ES\" \/>\n<meta property=\"og:type\" content=\"article\" \/>\n<meta property=\"og:title\" content=\"El r\u00e9cord ciclista femenino de Eileen Sheridan\" \/>\n<meta property=\"og:description\" content=\"El r\u00e9cord ciclista femenino de Eileen Sheridan. La mujer que rod\u00f3 1.400 kil\u00f3metros seguidos y estuvo a solo dos horas del r\u00e9cord masculino\" \/>\n<meta property=\"og:url\" content=\"https:\/\/www.welovecycling.com\/es\/2019\/03\/13\/record-ciclista-femenino\/\" \/>\n<meta property=\"og:site_name\" content=\"\u0160koda We Love Cycling - Spain\" \/>\n<meta property=\"article:published_time\" content=\"2019-03-12T23:00:49+00:00\" \/>\n<meta property=\"article:modified_time\" content=\"2019-03-12T23:01:26+00:00\" \/>\n<meta property=\"og:image\" content=\"https:\/\/d2p6e6u75xmxt8.cloudfront.net\/6\/2019\/03\/Eileen-Sheridan-CVR-1.jpg\" \/>\n\t<meta property=\"og:image:width\" content=\"1366\" \/>\n\t<meta property=\"og:image:height\" content=\"600\" \/>\n\t<meta property=\"og:image:type\" content=\"image\/jpeg\" \/>\n<meta name=\"author\" content=\"We Love Cycling Spain\" \/>\n<meta name=\"twitter:card\" content=\"summary_large_image\" \/>\n<meta name=\"twitter:title\" content=\"El r\u00e9cord ciclista femenino de Eileen Sheridan\" \/>\n<meta name=\"twitter:description\" content=\"El r\u00e9cord ciclista femenino de Eileen Sheridan. La mujer que rod\u00f3 1.400 kil\u00f3metros seguidos y estuvo a solo dos horas del r\u00e9cord masculino\" \/>\n<meta name=\"twitter:label1\" content=\"Written by\" \/>\n\t<meta name=\"twitter:data1\" content=\"Tereza Antonov\u00e1\" \/>\n\t<meta name=\"twitter:label2\" content=\"Est. reading time\" \/>\n\t<meta name=\"twitter:data2\" content=\"4\" \/>\n<script type=\"application\/ld+json\" class=\"yoast-schema-graph\">{\"@context\":\"https:\/\/schema.org\",\"@graph\":[{\"@type\":\"WebPage\",\"@id\":\"https:\/\/www.welovecycling.com\/es\/2019\/03\/13\/record-ciclista-femenino\/\",\"url\":\"https:\/\/www.welovecycling.com\/es\/2019\/03\/13\/record-ciclista-femenino\/\",\"name\":\"Una hora de sue\u00f1o y un r\u00e9cord ciclista de 1400 km. La historia de Eileen Sheridan - \u0160koda We Love Cycling - Spain\",\"isPartOf\":{\"@id\":\"https:\/\/www.welovecycling.com\/es\/#website\"},\"primaryImageOfPage\":{\"@id\":\"https:\/\/www.welovecycling.com\/es\/2019\/03\/13\/record-ciclista-femenino\/#primaryimage\"},\"image\":{\"@id\":\"https:\/\/www.welovecycling.com\/es\/2019\/03\/13\/record-ciclista-femenino\/#primaryimage\"},\"thumbnailUrl\":\"https:\/\/d2p6e6u75xmxt8.cloudfront.net\/6\/2019\/03\/Eileen-Sheridan-CVR-1.jpg\",\"datePublished\":\"2019-03-12T23:00:49+00:00\",\"dateModified\":\"2019-03-12T23:01:26+00:00\",\"author\":{\"@id\":\"https:\/\/www.welovecycling.com\/es\/#\/schema\/person\/deb61715b5812698ee79fb96f343ccd4\"},\"description\":\"El r\u00e9cord ciclista femenino de Eileen Sheridan. La mujer que rod\u00f3 1.400 kil\u00f3metros seguidos y estuvo a solo dos horas del r\u00e9cord masculino\",\"breadcrumb\":{\"@id\":\"https:\/\/www.welovecycling.com\/es\/2019\/03\/13\/record-ciclista-femenino\/#breadcrumb\"},\"inLanguage\":\"es-ES\",\"potentialAction\":[{\"@type\":\"ReadAction\",\"target\":[\"https:\/\/www.welovecycling.com\/es\/2019\/03\/13\/record-ciclista-femenino\/\"]}]},{\"@type\":\"ImageObject\",\"inLanguage\":\"es-ES\",\"@id\":\"https:\/\/www.welovecycling.com\/es\/2019\/03\/13\/record-ciclista-femenino\/#primaryimage\",\"url\":\"https:\/\/d2p6e6u75xmxt8.cloudfront.net\/6\/2019\/03\/Eileen-Sheridan-CVR-1.jpg\",\"contentUrl\":\"https:\/\/d2p6e6u75xmxt8.cloudfront.net\/6\/2019\/03\/Eileen-Sheridan-CVR-1.jpg\",\"width\":1366,\"height\":600},{\"@type\":\"BreadcrumbList\",\"@id\":\"https:\/\/www.welovecycling.com\/es\/2019\/03\/13\/record-ciclista-femenino\/#breadcrumb\",\"itemListElement\":[{\"@type\":\"ListItem\",\"position\":1,\"name\":\"Home\",\"item\":\"https:\/\/www.welovecycling.com\/es\/\"},{\"@type\":\"ListItem\",\"position\":2,\"name\":\"Una hora de sue\u00f1o y un r\u00e9cord ciclista de 1400 km. La historia de Eileen Sheridan\"}]},{\"@type\":\"WebSite\",\"@id\":\"https:\/\/www.welovecycling.com\/es\/#website\",\"url\":\"https:\/\/www.welovecycling.com\/es\/\",\"name\":\"\u0160koda We Love Cycling - Spain\",\"description\":\"\u0160koda WeLoveCycling Spain\",\"potentialAction\":[{\"@type\":\"SearchAction\",\"target\":{\"@type\":\"EntryPoint\",\"urlTemplate\":\"https:\/\/www.welovecycling.com\/es\/?s={search_term_string}\"},\"query-input\":{\"@type\":\"PropertyValueSpecification\",\"valueRequired\":true,\"valueName\":\"search_term_string\"}}],\"inLanguage\":\"es-ES\"},{\"@type\":\"Person\",\"@id\":\"https:\/\/www.welovecycling.com\/es\/#\/schema\/person\/deb61715b5812698ee79fb96f343ccd4\",\"name\":\"We Love Cycling Spain\",\"image\":{\"@type\":\"ImageObject\",\"inLanguage\":\"es-ES\",\"@id\":\"https:\/\/www.welovecycling.com\/es\/#\/schema\/person\/image\/\",\"url\":\"https:\/\/secure.gravatar.com\/avatar\/c824b04e6df0e37a03219d0b6481672889df542894588964102459e46513159c?s=96&d=mm&r=g\",\"contentUrl\":\"https:\/\/secure.gravatar.com\/avatar\/c824b04e6df0e37a03219d0b6481672889df542894588964102459e46513159c?s=96&d=mm&r=g\",\"caption\":\"We Love Cycling Spain\"},\"url\":\"https:\/\/www.welovecycling.com\/es\/author\/amunoz\/\"}]}<\/script>\n<!-- \/ Yoast SEO Premium plugin. -->","yoast_head_json":{"title":"Una hora de sue\u00f1o y un r\u00e9cord ciclista de 1400 km. La historia de Eileen Sheridan - \u0160koda We Love Cycling - Spain","description":"El r\u00e9cord ciclista femenino de Eileen Sheridan. La mujer que rod\u00f3 1.400 kil\u00f3metros seguidos y estuvo a solo dos horas del r\u00e9cord masculino","robots":{"index":"index","follow":"follow","max-snippet":"max-snippet:-1","max-image-preview":"max-image-preview:large","max-video-preview":"max-video-preview:-1"},"canonical":"https:\/\/www.welovecycling.com\/es\/2019\/03\/13\/record-ciclista-femenino\/","og_locale":"es_ES","og_type":"article","og_title":"El r\u00e9cord ciclista femenino de Eileen Sheridan","og_description":"El r\u00e9cord ciclista femenino de Eileen Sheridan. La mujer que rod\u00f3 1.400 kil\u00f3metros seguidos y estuvo a solo dos horas del r\u00e9cord masculino","og_url":"https:\/\/www.welovecycling.com\/es\/2019\/03\/13\/record-ciclista-femenino\/","og_site_name":"\u0160koda We Love Cycling - Spain","article_published_time":"2019-03-12T23:00:49+00:00","article_modified_time":"2019-03-12T23:01:26+00:00","og_image":[{"width":1366,"height":600,"url":"https:\/\/d2p6e6u75xmxt8.cloudfront.net\/6\/2019\/03\/Eileen-Sheridan-CVR-1.jpg","type":"image\/jpeg"}],"author":"We Love Cycling Spain","twitter_card":"summary_large_image","twitter_title":"El r\u00e9cord ciclista femenino de Eileen Sheridan","twitter_description":"El r\u00e9cord ciclista femenino de Eileen Sheridan. La mujer que rod\u00f3 1.400 kil\u00f3metros seguidos y estuvo a solo dos horas del r\u00e9cord masculino","twitter_misc":{"Written by":"Tereza Antonov\u00e1","Est. reading time":"4"},"schema":{"@context":"https:\/\/schema.org","@graph":[{"@type":"WebPage","@id":"https:\/\/www.welovecycling.com\/es\/2019\/03\/13\/record-ciclista-femenino\/","url":"https:\/\/www.welovecycling.com\/es\/2019\/03\/13\/record-ciclista-femenino\/","name":"Una hora de sue\u00f1o y un r\u00e9cord ciclista de 1400 km. La historia de Eileen Sheridan - \u0160koda We Love Cycling - Spain","isPartOf":{"@id":"https:\/\/www.welovecycling.com\/es\/#website"},"primaryImageOfPage":{"@id":"https:\/\/www.welovecycling.com\/es\/2019\/03\/13\/record-ciclista-femenino\/#primaryimage"},"image":{"@id":"https:\/\/www.welovecycling.com\/es\/2019\/03\/13\/record-ciclista-femenino\/#primaryimage"},"thumbnailUrl":"https:\/\/d2p6e6u75xmxt8.cloudfront.net\/6\/2019\/03\/Eileen-Sheridan-CVR-1.jpg","datePublished":"2019-03-12T23:00:49+00:00","dateModified":"2019-03-12T23:01:26+00:00","author":{"@id":"https:\/\/www.welovecycling.com\/es\/#\/schema\/person\/deb61715b5812698ee79fb96f343ccd4"},"description":"El r\u00e9cord ciclista femenino de Eileen Sheridan. La mujer que rod\u00f3 1.400 kil\u00f3metros seguidos y estuvo a solo dos horas del r\u00e9cord masculino","breadcrumb":{"@id":"https:\/\/www.welovecycling.com\/es\/2019\/03\/13\/record-ciclista-femenino\/#breadcrumb"},"inLanguage":"es-ES","potentialAction":[{"@type":"ReadAction","target":["https:\/\/www.welovecycling.com\/es\/2019\/03\/13\/record-ciclista-femenino\/"]}]},{"@type":"ImageObject","inLanguage":"es-ES","@id":"https:\/\/www.welovecycling.com\/es\/2019\/03\/13\/record-ciclista-femenino\/#primaryimage","url":"https:\/\/d2p6e6u75xmxt8.cloudfront.net\/6\/2019\/03\/Eileen-Sheridan-CVR-1.jpg","contentUrl":"https:\/\/d2p6e6u75xmxt8.cloudfront.net\/6\/2019\/03\/Eileen-Sheridan-CVR-1.jpg","width":1366,"height":600},{"@type":"BreadcrumbList","@id":"https:\/\/www.welovecycling.com\/es\/2019\/03\/13\/record-ciclista-femenino\/#breadcrumb","itemListElement":[{"@type":"ListItem","position":1,"name":"Home","item":"https:\/\/www.welovecycling.com\/es\/"},{"@type":"ListItem","position":2,"name":"Una hora de sue\u00f1o y un r\u00e9cord ciclista de 1400 km. La historia de Eileen Sheridan"}]},{"@type":"WebSite","@id":"https:\/\/www.welovecycling.com\/es\/#website","url":"https:\/\/www.welovecycling.com\/es\/","name":"\u0160koda We Love Cycling - Spain","description":"\u0160koda WeLoveCycling Spain","potentialAction":[{"@type":"SearchAction","target":{"@type":"EntryPoint","urlTemplate":"https:\/\/www.welovecycling.com\/es\/?s={search_term_string}"},"query-input":{"@type":"PropertyValueSpecification","valueRequired":true,"valueName":"search_term_string"}}],"inLanguage":"es-ES"},{"@type":"Person","@id":"https:\/\/www.welovecycling.com\/es\/#\/schema\/person\/deb61715b5812698ee79fb96f343ccd4","name":"We Love Cycling Spain","image":{"@type":"ImageObject","inLanguage":"es-ES","@id":"https:\/\/www.welovecycling.com\/es\/#\/schema\/person\/image\/","url":"https:\/\/secure.gravatar.com\/avatar\/c824b04e6df0e37a03219d0b6481672889df542894588964102459e46513159c?s=96&d=mm&r=g","contentUrl":"https:\/\/secure.gravatar.com\/avatar\/c824b04e6df0e37a03219d0b6481672889df542894588964102459e46513159c?s=96&d=mm&r=g","caption":"We Love Cycling Spain"},"url":"https:\/\/www.welovecycling.com\/es\/author\/amunoz\/"}]}},"_links":{"self":[{"href":"https:\/\/www.welovecycling.com\/es\/wp-json\/wp\/v2\/posts\/4306","targetHints":{"allow":["GET"]}}],"collection":[{"href":"https:\/\/www.welovecycling.com\/es\/wp-json\/wp\/v2\/posts"}],"about":[{"href":"https:\/\/www.welovecycling.com\/es\/wp-json\/wp\/v2\/types\/post"}],"author":[{"embeddable":true,"href":"https:\/\/www.welovecycling.com\/es\/wp-json\/wp\/v2\/users\/29"}],"replies":[{"embeddable":true,"href":"https:\/\/www.welovecycling.com\/es\/wp-json\/wp\/v2\/comments?post=4306"}],"version-history":[{"count":2,"href":"https:\/\/www.welovecycling.com\/es\/wp-json\/wp\/v2\/posts\/4306\/revisions"}],"predecessor-version":[{"id":4312,"href":"https:\/\/www.welovecycling.com\/es\/wp-json\/wp\/v2\/posts\/4306\/revisions\/4312"}],"wp:featuredmedia":[{"embeddable":true,"href":"https:\/\/www.welovecycling.com\/es\/wp-json\/wp\/v2\/media\/4310"}],"wp:attachment":[{"href":"https:\/\/www.welovecycling.com\/es\/wp-json\/wp\/v2\/media?parent=4306"}],"wp:term":[{"taxonomy":"category","embeddable":true,"href":"https:\/\/www.welovecycling.com\/es\/wp-json\/wp\/v2\/categories?post=4306"},{"taxonomy":"post_tag","embeddable":true,"href":"https:\/\/www.welovecycling.com\/es\/wp-json\/wp\/v2\/tags?post=4306"},{"taxonomy":"global-categories","embeddable":true,"href":"https:\/\/www.welovecycling.com\/es\/wp-json\/wp\/v2\/global-categories?post=4306"}],"curies":[{"name":"wp","href":"https:\/\/api.w.org\/{rel}","templated":true}]}}