{"id":4272,"date":"2019-03-06T18:22:47","date_gmt":"2019-03-06T16:22:47","guid":{"rendered":"https:\/\/www.welovecycling.com\/es\/?p=4272"},"modified":"2019-03-06T18:23:59","modified_gmt":"2019-03-06T16:23:59","slug":"crimenes-esteticos-ciclistas","status":"publish","type":"post","link":"https:\/\/www.welovecycling.com\/es\/2019\/03\/06\/crimenes-esteticos-ciclistas\/","title":{"rendered":"Cintas de manillar y otros cr\u00edmenes est\u00e9ticos ciclistas. El antipostureo"},"content":{"rendered":"<p><strong>Hay algo bello en la simplicidad del ciclismo. Las l\u00edneas elegantes de un cuadro de bicicleta, el movimiento l\u00e1nguido de un ciclista que pedalea. Hay incontables p\u00e1ginas de ciclismo chic que celebran las elegantes elecciones diarias de los ciclistas y la cuesti\u00f3n del postureo. Pero, por hoy, vamos a buscar los cr\u00edmenes est\u00e9ticos ciclistas.<\/strong><!--more--><\/p>\n<h2><strong>Cintas de manillar<\/strong><\/h2>\n<p>Por favor utliza una cinta de manillar correcta, que seguro que Cinelli te est\u00e1 mirando. Cuando Dios cre\u00f3 las bicicletas las dej\u00f3 varias d\u00e9cadas antes de a\u00f1adir cinta de manillar a la mezcla. Claramente fue una idea tard\u00eda. Los a\u00f1os 80 fueron una \u00e9poca hedonista, como lo demuestra esta abominaci\u00f3n:<\/p>\n<p><a href=\"https:\/\/d2p6e6u75xmxt8.cloudfront.net\/6\/2019\/03\/Splash_Tape.jpg\"><img loading=\"lazy\" decoding=\"async\" class=\"alignnone size-full wp-image-4275\" src=\"https:\/\/d2p6e6u75xmxt8.cloudfront.net\/6\/2019\/03\/Splash_Tape.jpg\" alt=\"\" width=\"1024\" height=\"655\" srcset=\"https:\/\/d2p6e6u75xmxt8.cloudfront.net\/6\/2019\/03\/Splash_Tape.jpg 1024w, https:\/\/d2p6e6u75xmxt8.cloudfront.net\/6\/2019\/03\/Splash_Tape-300x192.jpg 300w, https:\/\/d2p6e6u75xmxt8.cloudfront.net\/6\/2019\/03\/Splash_Tape-768x491.jpg 768w\" sizes=\"auto, (max-width: 1024px) 100vw, 1024px\" \/><\/a><\/p>\n<p>Todo lo que ten\u00edan que hacer era elegir cinta negra y esta monstruosidad se habr\u00eda convertido en un cl\u00e1sico de estilo urbano. Pero en lugar de admirar el cuadro de acero, tus ojos gravitan hacia el v\u00f3rtice de estilo remolinante que es la cinta de manillar.<\/p>\n<p><a href=\"https:\/\/d2p6e6u75xmxt8.cloudfront.net\/6\/2019\/03\/Splash_Tape-1.jpg\"><img loading=\"lazy\" decoding=\"async\" class=\"size-full wp-image-4278\" src=\"https:\/\/d2p6e6u75xmxt8.cloudfront.net\/6\/2019\/03\/Splash_Tape-1.jpg\" alt=\"\" width=\"1024\" height=\"660\" srcset=\"https:\/\/d2p6e6u75xmxt8.cloudfront.net\/6\/2019\/03\/Splash_Tape-1.jpg 1024w, https:\/\/d2p6e6u75xmxt8.cloudfront.net\/6\/2019\/03\/Splash_Tape-1-300x193.jpg 300w, https:\/\/d2p6e6u75xmxt8.cloudfront.net\/6\/2019\/03\/Splash_Tape-1-768x495.jpg 768w\" sizes=\"auto, (max-width: 1024px) 100vw, 1024px\" \/><\/a><\/p>\n<h2><strong>Ignorar el envejecimiento<\/strong><\/h2>\n<p>Lee la etiqueta de cuidado de la prenda de su kit de ciclismo. Equivocarse puede arruinar su nuevo maillot o peor. Podr\u00edas caer en la trampa de las leyes locales de indecencia. Las fibras artificiales como la lycra y el poli\u00e9ster pueden ser debilitadas por algo tan inocuo como el uso de acondicionador de telas.<\/p>\n<figure id=\"attachment_4281\" aria-describedby=\"caption-attachment-4281\" style=\"width: 1024px\" class=\"wp-caption alignnone\"><a href=\"https:\/\/d2p6e6u75xmxt8.cloudfront.net\/6\/2019\/03\/Lycra_Fail.jpg\"><img loading=\"lazy\" decoding=\"async\" class=\"wp-image-4281 size-full\" src=\"https:\/\/d2p6e6u75xmxt8.cloudfront.net\/6\/2019\/03\/Lycra_Fail.jpg\" alt=\"\" width=\"1024\" height=\"768\" srcset=\"https:\/\/d2p6e6u75xmxt8.cloudfront.net\/6\/2019\/03\/Lycra_Fail.jpg 1024w, https:\/\/d2p6e6u75xmxt8.cloudfront.net\/6\/2019\/03\/Lycra_Fail-300x225.jpg 300w, https:\/\/d2p6e6u75xmxt8.cloudfront.net\/6\/2019\/03\/Lycra_Fail-768x576.jpg 768w\" sizes=\"auto, (max-width: 1024px) 100vw, 1024px\" \/><\/a><figcaption id=\"caption-attachment-4281\" class=\"wp-caption-text\">Consejo: Antes de dar un paseo, p\u00eddele a tu otra mitad que te mire agachado. Nadie quiere ver el puerto de escape en el paseo del club del domingo &#8211; las fibras artificiales tienen una fecha de caducidad. Aseg\u00farate de mirarla.<\/figcaption><\/figure>\n<h2><strong><br \/>\nReinventar el cuadro<\/strong><\/h2>\n<p>Desde los discos, los modelos aero, hasta los diferentes materiales de las llantas, la reinvenci\u00f3n de la rueda tiene una larga y honorable historia en el ciclismo. Pero reinventar el cuadro es una propuesta totalmente diferente. Les presento al Monocoque.<\/p>\n<p><a href=\"https:\/\/d2p6e6u75xmxt8.cloudfront.net\/6\/2019\/03\/Carbon_Frame-1.JPG.jpg\"><img loading=\"lazy\" decoding=\"async\" class=\"alignnone size-full wp-image-4283\" src=\"https:\/\/d2p6e6u75xmxt8.cloudfront.net\/6\/2019\/03\/Carbon_Frame-1.JPG.jpg\" alt=\"\" width=\"635\" height=\"635\" srcset=\"https:\/\/d2p6e6u75xmxt8.cloudfront.net\/6\/2019\/03\/Carbon_Frame-1.JPG.jpg 635w, https:\/\/d2p6e6u75xmxt8.cloudfront.net\/6\/2019\/03\/Carbon_Frame-1.JPG-150x150.jpg 150w, https:\/\/d2p6e6u75xmxt8.cloudfront.net\/6\/2019\/03\/Carbon_Frame-1.JPG-300x300.jpg 300w\" sizes=\"auto, (max-width: 635px) 100vw, 635px\" \/><\/a><\/p>\n<p>Se puede pensar que la imagen se ve muy bien. Supongo que si dejas las ruedas donde estaban y quitas ese cuadro, tendr\u00edas que admitir que la imagen se ve\u00eda mucho mejor. Eso no impide que la gente se atreva a eliminar el cuadro en forma de diamante como el actual. Tal vez alg\u00fan d\u00eda lo consigan.\u00a0 O tal vez no..<\/p>\n<p><a href=\"https:\/\/d2p6e6u75xmxt8.cloudfront.net\/6\/2019\/03\/Frame-2.jpg\"><img loading=\"lazy\" decoding=\"async\" class=\"alignnone size-full wp-image-4284\" src=\"https:\/\/d2p6e6u75xmxt8.cloudfront.net\/6\/2019\/03\/Frame-2.jpg\" alt=\"\" width=\"500\" height=\"333\" srcset=\"https:\/\/d2p6e6u75xmxt8.cloudfront.net\/6\/2019\/03\/Frame-2.jpg 500w, https:\/\/d2p6e6u75xmxt8.cloudfront.net\/6\/2019\/03\/Frame-2-300x200.jpg 300w, https:\/\/d2p6e6u75xmxt8.cloudfront.net\/6\/2019\/03\/Frame-2-272x182.jpg 272w\" sizes=\"auto, (max-width: 500px) 100vw, 500px\" \/><\/a><\/p>\n<h2><strong>El casco y su uso<\/strong><\/h2>\n<p>Hay muchas razones para usar casco y hay argumentos razonables para que sea una elecci\u00f3n individual. El debate puede volverse muy apasionado porque una de las partes aboga por la seguridad y la otra por la libertad, y ninguna de las dos cosas es mala. Pero ambas partes est\u00e1n de acuerdo en una cosa:<\/p>\n<p><a href=\"https:\/\/d2p6e6u75xmxt8.cloudfront.net\/6\/2019\/03\/Cyclist-2.jpg\"><img loading=\"lazy\" decoding=\"async\" class=\"alignnone size-full wp-image-4286\" src=\"https:\/\/d2p6e6u75xmxt8.cloudfront.net\/6\/2019\/03\/Cyclist-2.jpg\" alt=\"\" width=\"400\" height=\"349\" srcset=\"https:\/\/d2p6e6u75xmxt8.cloudfront.net\/6\/2019\/03\/Cyclist-2.jpg 400w, https:\/\/d2p6e6u75xmxt8.cloudfront.net\/6\/2019\/03\/Cyclist-2-300x262.jpg 300w\" sizes=\"auto, (max-width: 400px) 100vw, 400px\" \/><\/a><\/p>\n<p>Veo la l\u00f3gica en la decisi\u00f3n del ciclista de llevar el casco al rev\u00e9s. Hay m\u00e1s rejillas de ventilaci\u00f3n en la parte trasera que en la delantera, as\u00ed que si quieres mantenerte fresco, esta decisi\u00f3n tiene sentido. Pero es mejor que no lleve casco, ya que este m\u00e9todo no ofrece ninguna protecci\u00f3n en caso de salga volando por encima del manillar. Personalmente, si estuviera montando en bici, preferir\u00eda tener la cabeza sudorosa que arriesgar la cabeza.<\/p>\n<p>Nos encanta el ciclismo, no nos importa estar equivocados &#8211; si puedes encontrar ejemplos con estilo de cualquiera de los anteriores, por favor comp\u00e1rtelos en Facebook!<\/p>\n","protected":false},"excerpt":{"rendered":"<p>Hay algo bello en la simplicidad del ciclismo. Las l\u00edneas elegantes de un cuadro de bicicleta, el movimiento l\u00e1nguido de [&hellip;]<\/p>\n","protected":false},"author":29,"featured_media":4288,"comment_status":"open","ping_status":"open","sticky":false,"template":"","format":"standard","meta":{"footnotes":""},"categories":[7,8,9,6],"tags":[915,914,916],"global-categories":[],"class_list":["post-4272","post","type-post","status-publish","format-standard","has-post-thumbnail","hentry","category-carretera","category-life-style","category-mtb-aventura","category-urban","tag-cintas-de-manillar","tag-crimenes-esteticos-ciclistas","tag-cuadros-modernos"],"yoast_head":"<!-- This site is optimized with the Yoast SEO Premium plugin v25.3 (Yoast SEO v25.9) - https:\/\/yoast.com\/wordpress\/plugins\/seo\/ -->\n<title>Cintas de manillar y otros cr\u00edmenes est\u00e9ticos ciclistas. El antipostureo - \u0160koda We Love Cycling - Spain<\/title>\n<meta name=\"description\" content=\"Cr\u00edmenes est\u00e9ticos ciclistas. El antipostureo. Desde cintas de manillar de colorines a cuadros ultramodernos o culottes con fecha de caducidad.\" \/>\n<meta name=\"robots\" content=\"index, follow, max-snippet:-1, max-image-preview:large, max-video-preview:-1\" \/>\n<link rel=\"canonical\" href=\"https:\/\/www.welovecycling.com\/es\/2019\/03\/06\/crimenes-esteticos-ciclistas\/\" \/>\n<meta property=\"og:locale\" content=\"es_ES\" \/>\n<meta property=\"og:type\" content=\"article\" \/>\n<meta property=\"og:title\" content=\"Cr\u00edmenes est\u00e9ticos ciclistas. El antipostureo\" \/>\n<meta property=\"og:description\" content=\"Cr\u00edmenes est\u00e9ticos ciclistas. El antipostureo. Desde cintas de manillar de colorines a cuadros ultramodernos o culottes con fecha de caducidad.\" \/>\n<meta property=\"og:url\" content=\"https:\/\/www.welovecycling.com\/es\/2019\/03\/06\/crimenes-esteticos-ciclistas\/\" \/>\n<meta property=\"og:site_name\" content=\"\u0160koda We Love Cycling - Spain\" \/>\n<meta property=\"article:published_time\" content=\"2019-03-06T16:22:47+00:00\" \/>\n<meta property=\"article:modified_time\" content=\"2019-03-06T16:23:59+00:00\" \/>\n<meta property=\"og:image\" content=\"https:\/\/d2p6e6u75xmxt8.cloudfront.net\/6\/2019\/03\/Cycling-Crimes-CVR.jpg\" \/>\n\t<meta property=\"og:image:width\" content=\"1366\" \/>\n\t<meta property=\"og:image:height\" content=\"600\" \/>\n\t<meta property=\"og:image:type\" content=\"image\/jpeg\" \/>\n<meta name=\"author\" content=\"We Love Cycling Spain\" \/>\n<meta name=\"twitter:card\" content=\"summary_large_image\" \/>\n<meta name=\"twitter:title\" content=\"Cr\u00edmenes est\u00e9ticos ciclistas. El antipostureo\" \/>\n<meta name=\"twitter:description\" content=\"Cr\u00edmenes est\u00e9ticos ciclistas. El antipostureo. Desde cintas de manillar de colorines a cuadros ultramodernos o culottes con fecha de caducidad.\" \/>\n<meta name=\"twitter:label1\" content=\"Written by\" \/>\n\t<meta name=\"twitter:data1\" content=\"Christopher Ashley\" \/>\n\t<meta name=\"twitter:label2\" content=\"Est. reading time\" \/>\n\t<meta name=\"twitter:data2\" content=\"4\" \/>\n<script type=\"application\/ld+json\" class=\"yoast-schema-graph\">{\"@context\":\"https:\/\/schema.org\",\"@graph\":[{\"@type\":\"WebPage\",\"@id\":\"https:\/\/www.welovecycling.com\/es\/2019\/03\/06\/crimenes-esteticos-ciclistas\/\",\"url\":\"https:\/\/www.welovecycling.com\/es\/2019\/03\/06\/crimenes-esteticos-ciclistas\/\",\"name\":\"Cintas de manillar y otros cr\u00edmenes est\u00e9ticos ciclistas. El antipostureo - \u0160koda We Love Cycling - Spain\",\"isPartOf\":{\"@id\":\"https:\/\/www.welovecycling.com\/es\/#website\"},\"primaryImageOfPage\":{\"@id\":\"https:\/\/www.welovecycling.com\/es\/2019\/03\/06\/crimenes-esteticos-ciclistas\/#primaryimage\"},\"image\":{\"@id\":\"https:\/\/www.welovecycling.com\/es\/2019\/03\/06\/crimenes-esteticos-ciclistas\/#primaryimage\"},\"thumbnailUrl\":\"https:\/\/d2p6e6u75xmxt8.cloudfront.net\/6\/2019\/03\/Cycling-Crimes-CVR.jpg\",\"datePublished\":\"2019-03-06T16:22:47+00:00\",\"dateModified\":\"2019-03-06T16:23:59+00:00\",\"author\":{\"@id\":\"https:\/\/www.welovecycling.com\/es\/#\/schema\/person\/deb61715b5812698ee79fb96f343ccd4\"},\"description\":\"Cr\u00edmenes est\u00e9ticos ciclistas. El antipostureo. Desde cintas de manillar de colorines a cuadros ultramodernos o culottes con fecha de caducidad.\",\"breadcrumb\":{\"@id\":\"https:\/\/www.welovecycling.com\/es\/2019\/03\/06\/crimenes-esteticos-ciclistas\/#breadcrumb\"},\"inLanguage\":\"es-ES\",\"potentialAction\":[{\"@type\":\"ReadAction\",\"target\":[\"https:\/\/www.welovecycling.com\/es\/2019\/03\/06\/crimenes-esteticos-ciclistas\/\"]}]},{\"@type\":\"ImageObject\",\"inLanguage\":\"es-ES\",\"@id\":\"https:\/\/www.welovecycling.com\/es\/2019\/03\/06\/crimenes-esteticos-ciclistas\/#primaryimage\",\"url\":\"https:\/\/d2p6e6u75xmxt8.cloudfront.net\/6\/2019\/03\/Cycling-Crimes-CVR.jpg\",\"contentUrl\":\"https:\/\/d2p6e6u75xmxt8.cloudfront.net\/6\/2019\/03\/Cycling-Crimes-CVR.jpg\",\"width\":1366,\"height\":600},{\"@type\":\"BreadcrumbList\",\"@id\":\"https:\/\/www.welovecycling.com\/es\/2019\/03\/06\/crimenes-esteticos-ciclistas\/#breadcrumb\",\"itemListElement\":[{\"@type\":\"ListItem\",\"position\":1,\"name\":\"Home\",\"item\":\"https:\/\/www.welovecycling.com\/es\/\"},{\"@type\":\"ListItem\",\"position\":2,\"name\":\"Cintas de manillar y otros cr\u00edmenes est\u00e9ticos ciclistas. El antipostureo\"}]},{\"@type\":\"WebSite\",\"@id\":\"https:\/\/www.welovecycling.com\/es\/#website\",\"url\":\"https:\/\/www.welovecycling.com\/es\/\",\"name\":\"\u0160koda We Love Cycling - Spain\",\"description\":\"\u0160koda WeLoveCycling Spain\",\"potentialAction\":[{\"@type\":\"SearchAction\",\"target\":{\"@type\":\"EntryPoint\",\"urlTemplate\":\"https:\/\/www.welovecycling.com\/es\/?s={search_term_string}\"},\"query-input\":{\"@type\":\"PropertyValueSpecification\",\"valueRequired\":true,\"valueName\":\"search_term_string\"}}],\"inLanguage\":\"es-ES\"},{\"@type\":\"Person\",\"@id\":\"https:\/\/www.welovecycling.com\/es\/#\/schema\/person\/deb61715b5812698ee79fb96f343ccd4\",\"name\":\"We Love Cycling Spain\",\"image\":{\"@type\":\"ImageObject\",\"inLanguage\":\"es-ES\",\"@id\":\"https:\/\/www.welovecycling.com\/es\/#\/schema\/person\/image\/\",\"url\":\"https:\/\/secure.gravatar.com\/avatar\/c824b04e6df0e37a03219d0b6481672889df542894588964102459e46513159c?s=96&d=mm&r=g\",\"contentUrl\":\"https:\/\/secure.gravatar.com\/avatar\/c824b04e6df0e37a03219d0b6481672889df542894588964102459e46513159c?s=96&d=mm&r=g\",\"caption\":\"We Love Cycling Spain\"},\"url\":\"https:\/\/www.welovecycling.com\/es\/author\/amunoz\/\"}]}<\/script>\n<!-- \/ Yoast SEO Premium plugin. -->","yoast_head_json":{"title":"Cintas de manillar y otros cr\u00edmenes est\u00e9ticos ciclistas. El antipostureo - \u0160koda We Love Cycling - Spain","description":"Cr\u00edmenes est\u00e9ticos ciclistas. El antipostureo. Desde cintas de manillar de colorines a cuadros ultramodernos o culottes con fecha de caducidad.","robots":{"index":"index","follow":"follow","max-snippet":"max-snippet:-1","max-image-preview":"max-image-preview:large","max-video-preview":"max-video-preview:-1"},"canonical":"https:\/\/www.welovecycling.com\/es\/2019\/03\/06\/crimenes-esteticos-ciclistas\/","og_locale":"es_ES","og_type":"article","og_title":"Cr\u00edmenes est\u00e9ticos ciclistas. El antipostureo","og_description":"Cr\u00edmenes est\u00e9ticos ciclistas. El antipostureo. Desde cintas de manillar de colorines a cuadros ultramodernos o culottes con fecha de caducidad.","og_url":"https:\/\/www.welovecycling.com\/es\/2019\/03\/06\/crimenes-esteticos-ciclistas\/","og_site_name":"\u0160koda We Love Cycling - Spain","article_published_time":"2019-03-06T16:22:47+00:00","article_modified_time":"2019-03-06T16:23:59+00:00","og_image":[{"width":1366,"height":600,"url":"https:\/\/d2p6e6u75xmxt8.cloudfront.net\/6\/2019\/03\/Cycling-Crimes-CVR.jpg","type":"image\/jpeg"}],"author":"We Love Cycling Spain","twitter_card":"summary_large_image","twitter_title":"Cr\u00edmenes est\u00e9ticos ciclistas. El antipostureo","twitter_description":"Cr\u00edmenes est\u00e9ticos ciclistas. El antipostureo. Desde cintas de manillar de colorines a cuadros ultramodernos o culottes con fecha de caducidad.","twitter_misc":{"Written by":"Christopher Ashley","Est. reading time":"4"},"schema":{"@context":"https:\/\/schema.org","@graph":[{"@type":"WebPage","@id":"https:\/\/www.welovecycling.com\/es\/2019\/03\/06\/crimenes-esteticos-ciclistas\/","url":"https:\/\/www.welovecycling.com\/es\/2019\/03\/06\/crimenes-esteticos-ciclistas\/","name":"Cintas de manillar y otros cr\u00edmenes est\u00e9ticos ciclistas. El antipostureo - \u0160koda We Love Cycling - Spain","isPartOf":{"@id":"https:\/\/www.welovecycling.com\/es\/#website"},"primaryImageOfPage":{"@id":"https:\/\/www.welovecycling.com\/es\/2019\/03\/06\/crimenes-esteticos-ciclistas\/#primaryimage"},"image":{"@id":"https:\/\/www.welovecycling.com\/es\/2019\/03\/06\/crimenes-esteticos-ciclistas\/#primaryimage"},"thumbnailUrl":"https:\/\/d2p6e6u75xmxt8.cloudfront.net\/6\/2019\/03\/Cycling-Crimes-CVR.jpg","datePublished":"2019-03-06T16:22:47+00:00","dateModified":"2019-03-06T16:23:59+00:00","author":{"@id":"https:\/\/www.welovecycling.com\/es\/#\/schema\/person\/deb61715b5812698ee79fb96f343ccd4"},"description":"Cr\u00edmenes est\u00e9ticos ciclistas. El antipostureo. Desde cintas de manillar de colorines a cuadros ultramodernos o culottes con fecha de caducidad.","breadcrumb":{"@id":"https:\/\/www.welovecycling.com\/es\/2019\/03\/06\/crimenes-esteticos-ciclistas\/#breadcrumb"},"inLanguage":"es-ES","potentialAction":[{"@type":"ReadAction","target":["https:\/\/www.welovecycling.com\/es\/2019\/03\/06\/crimenes-esteticos-ciclistas\/"]}]},{"@type":"ImageObject","inLanguage":"es-ES","@id":"https:\/\/www.welovecycling.com\/es\/2019\/03\/06\/crimenes-esteticos-ciclistas\/#primaryimage","url":"https:\/\/d2p6e6u75xmxt8.cloudfront.net\/6\/2019\/03\/Cycling-Crimes-CVR.jpg","contentUrl":"https:\/\/d2p6e6u75xmxt8.cloudfront.net\/6\/2019\/03\/Cycling-Crimes-CVR.jpg","width":1366,"height":600},{"@type":"BreadcrumbList","@id":"https:\/\/www.welovecycling.com\/es\/2019\/03\/06\/crimenes-esteticos-ciclistas\/#breadcrumb","itemListElement":[{"@type":"ListItem","position":1,"name":"Home","item":"https:\/\/www.welovecycling.com\/es\/"},{"@type":"ListItem","position":2,"name":"Cintas de manillar y otros cr\u00edmenes est\u00e9ticos ciclistas. El antipostureo"}]},{"@type":"WebSite","@id":"https:\/\/www.welovecycling.com\/es\/#website","url":"https:\/\/www.welovecycling.com\/es\/","name":"\u0160koda We Love Cycling - Spain","description":"\u0160koda WeLoveCycling Spain","potentialAction":[{"@type":"SearchAction","target":{"@type":"EntryPoint","urlTemplate":"https:\/\/www.welovecycling.com\/es\/?s={search_term_string}"},"query-input":{"@type":"PropertyValueSpecification","valueRequired":true,"valueName":"search_term_string"}}],"inLanguage":"es-ES"},{"@type":"Person","@id":"https:\/\/www.welovecycling.com\/es\/#\/schema\/person\/deb61715b5812698ee79fb96f343ccd4","name":"We Love Cycling Spain","image":{"@type":"ImageObject","inLanguage":"es-ES","@id":"https:\/\/www.welovecycling.com\/es\/#\/schema\/person\/image\/","url":"https:\/\/secure.gravatar.com\/avatar\/c824b04e6df0e37a03219d0b6481672889df542894588964102459e46513159c?s=96&d=mm&r=g","contentUrl":"https:\/\/secure.gravatar.com\/avatar\/c824b04e6df0e37a03219d0b6481672889df542894588964102459e46513159c?s=96&d=mm&r=g","caption":"We Love Cycling Spain"},"url":"https:\/\/www.welovecycling.com\/es\/author\/amunoz\/"}]}},"_links":{"self":[{"href":"https:\/\/www.welovecycling.com\/es\/wp-json\/wp\/v2\/posts\/4272","targetHints":{"allow":["GET"]}}],"collection":[{"href":"https:\/\/www.welovecycling.com\/es\/wp-json\/wp\/v2\/posts"}],"about":[{"href":"https:\/\/www.welovecycling.com\/es\/wp-json\/wp\/v2\/types\/post"}],"author":[{"embeddable":true,"href":"https:\/\/www.welovecycling.com\/es\/wp-json\/wp\/v2\/users\/29"}],"replies":[{"embeddable":true,"href":"https:\/\/www.welovecycling.com\/es\/wp-json\/wp\/v2\/comments?post=4272"}],"version-history":[{"count":2,"href":"https:\/\/www.welovecycling.com\/es\/wp-json\/wp\/v2\/posts\/4272\/revisions"}],"predecessor-version":[{"id":4301,"href":"https:\/\/www.welovecycling.com\/es\/wp-json\/wp\/v2\/posts\/4272\/revisions\/4301"}],"wp:featuredmedia":[{"embeddable":true,"href":"https:\/\/www.welovecycling.com\/es\/wp-json\/wp\/v2\/media\/4288"}],"wp:attachment":[{"href":"https:\/\/www.welovecycling.com\/es\/wp-json\/wp\/v2\/media?parent=4272"}],"wp:term":[{"taxonomy":"category","embeddable":true,"href":"https:\/\/www.welovecycling.com\/es\/wp-json\/wp\/v2\/categories?post=4272"},{"taxonomy":"post_tag","embeddable":true,"href":"https:\/\/www.welovecycling.com\/es\/wp-json\/wp\/v2\/tags?post=4272"},{"taxonomy":"global-categories","embeddable":true,"href":"https:\/\/www.welovecycling.com\/es\/wp-json\/wp\/v2\/global-categories?post=4272"}],"curies":[{"name":"wp","href":"https:\/\/api.w.org\/{rel}","templated":true}]}}