{"id":4201,"date":"2019-02-27T12:33:04","date_gmt":"2019-02-27T10:33:04","guid":{"rendered":"https:\/\/www.welovecycling.com\/es\/?p=4201"},"modified":"2019-02-27T12:33:04","modified_gmt":"2019-02-27T10:33:04","slug":"10-reflexiones-de-un-ciclista-profesional","status":"publish","type":"post","link":"https:\/\/www.welovecycling.com\/es\/2019\/02\/27\/10-reflexiones-de-un-ciclista-profesional\/","title":{"rendered":"10 sorprendentes reflexiones de un ciclista profesional"},"content":{"rendered":"<p><strong>El ex ciclista profesional checo Michael Moure\u010dek, que form\u00f3 parte de un pu\u00f1ado de equipos italianos en los a\u00f1os 90 para acabar en su equipo de casa, el Dukla de Praga, nos explica como fue su vida de ciclista. Ahora es copropietario de la marca checa de bicicletas de alta gama Festka. Estas son sus 10 reflexiones sobre la vida de un ciclista profesional.<\/strong><br \/>\n<!--more--><\/p>\n<h2><strong>1. Es muy probable que (no) ocurra<\/strong><\/h2>\n<p>La primera sorpresa es la m\u00e1s decepcionante: tu sue\u00f1o de ser un profesional del ciclismo es muy probable que no se cumpla. La manera de convertirse en un ciclista profesional no es el resultado de una decisi\u00f3n interna, sino m\u00e1s bien una suma de muchas coincidencias. Tu deseo y voluntad iniciar\u00eda el proceso al principio, pero pronto te sorprender\u00e1s de lo exigente que es todo. Puedes ser incre\u00edblemente bueno ganando carreras locales, pero ascender al nivel profesional real es un paso tan complicado que s\u00f3lo los profesionales lo saben. Es muy similar al mundo de la m\u00fasica profesional. Puede que tengas una gran banda tocando con \u00e9xito, vi\u00e9ndote a ti mismo como un verdadero profesional, pero todav\u00eda habr\u00e1 una brecha sin esperanza entre t\u00fa y Metallica.<\/p>\n<p><a href=\"https:\/\/d2p6e6u75xmxt8.cloudfront.net\/6\/2019\/02\/profimedia-0342797202jpg.jpg\"><img loading=\"lazy\" decoding=\"async\" class=\"wp-image-4202 size-full\" src=\"https:\/\/d2p6e6u75xmxt8.cloudfront.net\/6\/2019\/02\/profimedia-0342797202jpg.jpg\" alt=\"\" width=\"1800\" height=\"785\" srcset=\"https:\/\/d2p6e6u75xmxt8.cloudfront.net\/6\/2019\/02\/profimedia-0342797202jpg.jpg 1800w, https:\/\/d2p6e6u75xmxt8.cloudfront.net\/6\/2019\/02\/profimedia-0342797202jpg-300x131.jpg 300w, https:\/\/d2p6e6u75xmxt8.cloudfront.net\/6\/2019\/02\/profimedia-0342797202jpg-768x335.jpg 768w, https:\/\/d2p6e6u75xmxt8.cloudfront.net\/6\/2019\/02\/profimedia-0342797202jpg-1024x447.jpg 1024w\" sizes=\"auto, (max-width: 1800px) 100vw, 1800px\" \/><\/a><\/p>\n<h2><strong>2. Desesperadamente ef\u00edmero<\/strong><\/h2>\n<p>Una vez que est\u00e1s en un equipo profesional, te sorprender\u00e1s de lo r\u00e1pido que se desvanecer\u00e1 tu carrera. Por t\u00e9rmino medio, los ciclistas participan en las grandes carreras alrededor de los 25 a\u00f1os, pero son pocos los que siguen corriendo a partir de los 33 a\u00f1os. Esto no es justo si lo comparamos con otras profesiones. Por ejemplo, es posible que los Rolling Stones no toquen tan a menudo a los sesenta a\u00f1os, pero a\u00fan as\u00ed dan la vuelta al mundo. Ciclistas como Alejandro Valverde, que gana etapas con casi\u00a0 cuarenta a\u00f1os, son una rara excepci\u00f3n. La carrera del ciclista, basada en su duraci\u00f3n, puede compararse con la de uno de los bailarines de ballet. Es precioso, es genial, pero tan pronto como la cortina toque el suelo, est\u00e1s acabado.<\/p>\n<h2><strong>3. Ganar es muy complicado<\/strong><\/h2>\n<p>Mientras que los aficionados ven el deporte en t\u00e9rminos de resultados, a algunos de los verdaderos profesionales se les paga por otros valores. Algunos de ellos son elogiados, buscados y bien pagados, sin haber ganado ni una sola carrera importante en toda su carrera. Se les asignan tareas espec\u00edficas dentro de la jerarqu\u00eda del equipo, como apoyar a otros ciclistas en sus intentos por ganar. No todo el mundo puede lidiar con ello, naturalmente, pero en el mundo del ciclismo profesional este comportamiento se considera normal. A los profesionales se les pregunta con frecuencia si les importa que la victoria vaya para otro ciclista del equipo, pero en realidad, esto es parte del trabajo como en cualquier otro lugar<\/p>\n<p><a href=\"https:\/\/d2p6e6u75xmxt8.cloudfront.net\/6\/2019\/02\/profimedia-0342457855.jpg\"><img loading=\"lazy\" decoding=\"async\" class=\"size-full wp-image-4203\" src=\"https:\/\/d2p6e6u75xmxt8.cloudfront.net\/6\/2019\/02\/profimedia-0342457855.jpg\" alt=\"\" width=\"1250\" height=\"833\" srcset=\"https:\/\/d2p6e6u75xmxt8.cloudfront.net\/6\/2019\/02\/profimedia-0342457855.jpg 1250w, https:\/\/d2p6e6u75xmxt8.cloudfront.net\/6\/2019\/02\/profimedia-0342457855-300x200.jpg 300w, https:\/\/d2p6e6u75xmxt8.cloudfront.net\/6\/2019\/02\/profimedia-0342457855-768x512.jpg 768w, https:\/\/d2p6e6u75xmxt8.cloudfront.net\/6\/2019\/02\/profimedia-0342457855-1024x682.jpg 1024w, https:\/\/d2p6e6u75xmxt8.cloudfront.net\/6\/2019\/02\/profimedia-0342457855-272x182.jpg 272w\" sizes=\"auto, (max-width: 1250px) 100vw, 1250px\" \/><\/a><\/p>\n<h2><strong>4. El entrenamiento ha acabado<\/strong><\/h2>\n<p>El ciclismo profesional son todo carreras. Simplemente no hay m\u00e1s tiempo para m\u00e1s entrenamiento. Mientras que los atletas del pentatl\u00f3n moderno normalmente participan en unos cinco eventos importantes al a\u00f1o, los ciclistas pueden tener hasta 100 d\u00edas de competici\u00f3n en una sola temporada. Los jugadores de tenis est\u00e1n un poco m\u00e1s cerca de este tipo de empleo, sin embargo, una vez que pierden en Roland Garros, simplemente guardan sus cosas y se van a casa. Los ciclistas tienen que luchar en cada etapa desde el principio hasta el final las tres semanas.<\/p>\n<h2><strong>5. Te sientes solo<\/strong><\/h2>\n<p>No te sientes literalmente solo ya que hay mucha gente a tu alrededor a cualquier hora del d\u00eda pero, al mismo tiempo, puedes sentirte triste cuando no ves a tu familia en a\u00f1os. Los ciclistas no tienen tiempo para estar con sus c\u00f3nyuges durante los eventos, por lo que es un h\u00e1bito que sus parejas se queden en casa. Aunque los futbolistas tambi\u00e9n pueden viajar por medio planeta para jugar el partido en Brasil, aparte de los Campeonatos Mundiales que se celebran una vez cada dos a\u00f1os, es probable que vuelvan a abrazar a sus seres queridos en un par de d\u00edas. Por el contrario, los grandes eventos ciclistas pueden tardar hasta 21 d\u00edas, lo que es bastante tiempo para considerar el divorcio.<\/p>\n<p><a href=\"https:\/\/d2p6e6u75xmxt8.cloudfront.net\/6\/2019\/02\/profimedia-0340369750jpg.jpg\"><img loading=\"lazy\" decoding=\"async\" class=\"size-full wp-image-4204\" src=\"https:\/\/d2p6e6u75xmxt8.cloudfront.net\/6\/2019\/02\/profimedia-0340369750jpg.jpg\" alt=\"\" width=\"1800\" height=\"785\" srcset=\"https:\/\/d2p6e6u75xmxt8.cloudfront.net\/6\/2019\/02\/profimedia-0340369750jpg.jpg 1800w, https:\/\/d2p6e6u75xmxt8.cloudfront.net\/6\/2019\/02\/profimedia-0340369750jpg-300x131.jpg 300w, https:\/\/d2p6e6u75xmxt8.cloudfront.net\/6\/2019\/02\/profimedia-0340369750jpg-768x335.jpg 768w, https:\/\/d2p6e6u75xmxt8.cloudfront.net\/6\/2019\/02\/profimedia-0340369750jpg-1024x447.jpg 1024w\" sizes=\"auto, (max-width: 1800px) 100vw, 1800px\" \/><\/a><\/p>\n<h2><strong><br \/>\n6. El sueldo no est\u00e1 acorde con el esfuerzo<\/strong><\/h2>\n<p>Aunque el ciclismo profesional es una experiencia maravillosa, s\u00f3lo unos pocos en una d\u00e9cada han nacido para ganar eventos como el Tour de Francia. Las posibilidades son tan bajas como si te decidieras a ser el segundo Michael Jackson o Madonna. Incluso si lo est\u00e1s haciendo bien y buscas la fama de la estrella del ciclismo, tu salario es comparable al que obtendr\u00edan los tenistas profesionales cuando sean eliminados en medio de un torneo provincial. Los ciclistas profesionales pueden ser talentosos y sobresalientes como Madonna, pero a\u00fan as\u00ed se les pagar\u00eda como cantantes de \u00f3pera. (No estamos hablando ni de Bocelli ni de Pavarotti.)<\/p>\n<h2><strong>7. Tienes que cuidar tu futuro<\/strong><\/h2>\n<p>Cuando eres un futbolista profesional, te aprecian desde todos los puntos de vista, incluso cuando te vuelves in\u00fatil, ya que tu equipo tiene que deshacerse de ti por una cantidad incre\u00edble de dinero. El ciclismo no es el caso. Normalmente, tienes\u00a0 un contrato por dos a\u00f1os y si no cumples con las expectativas, te despiden sin compensaci\u00f3n.<\/p>\n<p><a href=\"https:\/\/d2p6e6u75xmxt8.cloudfront.net\/6\/2018\/09\/cover1-1.jpg\"><img loading=\"lazy\" decoding=\"async\" class=\"wp-image-3507 size-full\" src=\"https:\/\/d2p6e6u75xmxt8.cloudfront.net\/6\/2018\/09\/cover1-1.jpg\" alt=\"\" width=\"1375\" height=\"600\" srcset=\"https:\/\/d2p6e6u75xmxt8.cloudfront.net\/6\/2018\/09\/cover1-1.jpg 1375w, https:\/\/d2p6e6u75xmxt8.cloudfront.net\/6\/2018\/09\/cover1-1-300x131.jpg 300w, https:\/\/d2p6e6u75xmxt8.cloudfront.net\/6\/2018\/09\/cover1-1-768x335.jpg 768w, https:\/\/d2p6e6u75xmxt8.cloudfront.net\/6\/2018\/09\/cover1-1-1024x447.jpg 1024w\" sizes=\"auto, (max-width: 1375px) 100vw, 1375px\" \/><\/a><\/p>\n<h2><strong><br \/>\n8. Tu no decides<\/strong><\/h2>\n<p>Mientras que los jugadores de tenis pueden decidir qu\u00e9 torneo jugar o si har\u00e1n el trato con Nike o Adidas, el director deportivo del equipo de ciclismo toma las decisiones y t\u00fa eres s\u00f3lo el soldado que obedece sus \u00f3rdenes.<\/p>\n<h2><strong>9. Y despu\u00e9s del ciclismo \u00bfqu\u00e9?<\/strong><\/h2>\n<p>Cuando terminas, est\u00e1s muerto, incluso si perteneces a los mejores. En otros deportes, puedes conseguir el trabajo de un entrenador juvenil o de un presidente en el comit\u00e9 deportivo, pero ese no es el caso con el ciclismo. Por otro lado, es com\u00fan que los ciclistas logren triunfar en sus otras carreras en negocios completamente diferentes.<\/p>\n<p><a href=\"https:\/\/d2p6e6u75xmxt8.cloudfront.net\/6\/2019\/02\/841285_10200345879717474_295645156_o.jpg\"><img loading=\"lazy\" decoding=\"async\" class=\"size-full wp-image-4205\" src=\"https:\/\/d2p6e6u75xmxt8.cloudfront.net\/6\/2019\/02\/841285_10200345879717474_295645156_o.jpg\" alt=\"\" width=\"1600\" height=\"1195\" srcset=\"https:\/\/d2p6e6u75xmxt8.cloudfront.net\/6\/2019\/02\/841285_10200345879717474_295645156_o.jpg 1600w, https:\/\/d2p6e6u75xmxt8.cloudfront.net\/6\/2019\/02\/841285_10200345879717474_295645156_o-300x224.jpg 300w, https:\/\/d2p6e6u75xmxt8.cloudfront.net\/6\/2019\/02\/841285_10200345879717474_295645156_o-768x574.jpg 768w, https:\/\/d2p6e6u75xmxt8.cloudfront.net\/6\/2019\/02\/841285_10200345879717474_295645156_o-1024x765.jpg 1024w\" sizes=\"auto, (max-width: 1600px) 100vw, 1600px\" \/><\/a><\/p>\n<h2><strong>10. Muy pocos se arrepienten<\/strong><\/h2>\n<p>Despu\u00e9s de todo lo que he dicho, s\u00f3lo hay unos pocos arrepentimientos. La mayor\u00eda de los ex ciclistas nunca habr\u00edan cambiado nada. Estar en el ciclismo profesional es un gran reto. Para aquellos que lo vivieron ha sido una parte maravillosa de la vida. Un viejo italiano me lo cont\u00f3 en una carrera, donde los aficionados dorm\u00edan en las carpas junto a la carretera: &#8220;Los aficionados no animan a los ciclistas, les rinden un homenaje. Y esta es la diferencia entre el ciclismo y otros deportes. Mientras que despu\u00e9s del partido de f\u00fatbol, siempre hay la mitad de la gente que sale del estadio con rabia y l\u00e1grimas, s\u00f3lo hay alegr\u00eda en el ciclismo. No importa la nacionalidad o el lugar al que pertenezca el equipo, la gente aplaude a todo el mundo. No ver\u00e1s esto en ning\u00fan otro deporte&#8221;.<\/p>\n","protected":false},"excerpt":{"rendered":"<p>El ex ciclista profesional checo Michael Moure\u010dek, que form\u00f3 parte de un pu\u00f1ado de equipos italianos en los a\u00f1os 90 [&hellip;]<\/p>\n","protected":false},"author":29,"featured_media":4207,"comment_status":"open","ping_status":"open","sticky":false,"template":"","format":"standard","meta":{"footnotes":""},"categories":[7],"tags":[902,904,903],"global-categories":[],"class_list":["post-4201","post","type-post","status-publish","format-standard","has-post-thumbnail","hentry","category-carretera","tag-ciclista-profesional","tag-reflexiones-ciclista-profesional","tag-vida-ciclista-profesional"],"yoast_head":"<!-- This site is optimized with the Yoast SEO Premium plugin v25.3 (Yoast SEO v25.9) - https:\/\/yoast.com\/wordpress\/plugins\/seo\/ -->\n<title>10 sorprendentes reflexiones de un ciclista profesional - \u0160koda We Love Cycling - Spain<\/title>\n<meta name=\"description\" content=\"10 sorprendentes reflexiones de un ciclista profesional. Aspectos de la vida del ciclismo profesional que no conoces si no has estado en el pelot\u00f3n.\" \/>\n<meta name=\"robots\" content=\"index, follow, max-snippet:-1, max-image-preview:large, max-video-preview:-1\" \/>\n<link rel=\"canonical\" href=\"https:\/\/www.welovecycling.com\/es\/2019\/02\/27\/10-reflexiones-de-un-ciclista-profesional\/\" \/>\n<meta property=\"og:locale\" content=\"es_ES\" \/>\n<meta property=\"og:type\" content=\"article\" \/>\n<meta property=\"og:title\" content=\"10 sorprendentes reflexiones de un ciclista profesional\" \/>\n<meta property=\"og:description\" content=\"10 sorprendentes reflexiones de un ciclista profesional. Aspectos de la vida del ciclismo profesional que no conoces si no has estado en el pelot\u00f3n.\" \/>\n<meta property=\"og:url\" content=\"https:\/\/www.welovecycling.com\/es\/2019\/02\/27\/10-reflexiones-de-un-ciclista-profesional\/\" \/>\n<meta property=\"og:site_name\" content=\"\u0160koda We Love Cycling - Spain\" \/>\n<meta property=\"article:published_time\" content=\"2019-02-27T10:33:04+00:00\" \/>\n<meta property=\"og:image\" content=\"https:\/\/d2p6e6u75xmxt8.cloudfront.net\/6\/2019\/02\/pelotn-CVR-profimedia-0253849200.jpg\" \/>\n\t<meta property=\"og:image:width\" content=\"1366\" \/>\n\t<meta property=\"og:image:height\" content=\"600\" \/>\n\t<meta property=\"og:image:type\" content=\"image\/jpeg\" \/>\n<meta name=\"author\" content=\"We Love Cycling Spain\" \/>\n<meta name=\"twitter:card\" content=\"summary_large_image\" \/>\n<meta name=\"twitter:title\" content=\"10 sorprendentes reflexiones de un ciclista profesional\" \/>\n<meta name=\"twitter:description\" content=\"10 sorprendentes reflexiones de un ciclista profesional. Aspectos de la vida del ciclismo profesional que no conoces si no has estado en el pelot\u00f3n.\" \/>\n<meta name=\"twitter:label1\" content=\"Written by\" \/>\n\t<meta name=\"twitter:data1\" content=\"Adam Marsal\" \/>\n\t<meta name=\"twitter:label2\" content=\"Est. reading time\" \/>\n\t<meta name=\"twitter:data2\" content=\"7\" \/>\n<script type=\"application\/ld+json\" class=\"yoast-schema-graph\">{\"@context\":\"https:\/\/schema.org\",\"@graph\":[{\"@type\":\"WebPage\",\"@id\":\"https:\/\/www.welovecycling.com\/es\/2019\/02\/27\/10-reflexiones-de-un-ciclista-profesional\/\",\"url\":\"https:\/\/www.welovecycling.com\/es\/2019\/02\/27\/10-reflexiones-de-un-ciclista-profesional\/\",\"name\":\"10 sorprendentes reflexiones de un ciclista profesional - \u0160koda We Love Cycling - Spain\",\"isPartOf\":{\"@id\":\"https:\/\/www.welovecycling.com\/es\/#website\"},\"primaryImageOfPage\":{\"@id\":\"https:\/\/www.welovecycling.com\/es\/2019\/02\/27\/10-reflexiones-de-un-ciclista-profesional\/#primaryimage\"},\"image\":{\"@id\":\"https:\/\/www.welovecycling.com\/es\/2019\/02\/27\/10-reflexiones-de-un-ciclista-profesional\/#primaryimage\"},\"thumbnailUrl\":\"https:\/\/d2p6e6u75xmxt8.cloudfront.net\/6\/2019\/02\/pelotn-CVR-profimedia-0253849200.jpg\",\"datePublished\":\"2019-02-27T10:33:04+00:00\",\"author\":{\"@id\":\"https:\/\/www.welovecycling.com\/es\/#\/schema\/person\/deb61715b5812698ee79fb96f343ccd4\"},\"description\":\"10 sorprendentes reflexiones de un ciclista profesional. Aspectos de la vida del ciclismo profesional que no conoces si no has estado en el pelot\u00f3n.\",\"breadcrumb\":{\"@id\":\"https:\/\/www.welovecycling.com\/es\/2019\/02\/27\/10-reflexiones-de-un-ciclista-profesional\/#breadcrumb\"},\"inLanguage\":\"es-ES\",\"potentialAction\":[{\"@type\":\"ReadAction\",\"target\":[\"https:\/\/www.welovecycling.com\/es\/2019\/02\/27\/10-reflexiones-de-un-ciclista-profesional\/\"]}]},{\"@type\":\"ImageObject\",\"inLanguage\":\"es-ES\",\"@id\":\"https:\/\/www.welovecycling.com\/es\/2019\/02\/27\/10-reflexiones-de-un-ciclista-profesional\/#primaryimage\",\"url\":\"https:\/\/d2p6e6u75xmxt8.cloudfront.net\/6\/2019\/02\/pelotn-CVR-profimedia-0253849200.jpg\",\"contentUrl\":\"https:\/\/d2p6e6u75xmxt8.cloudfront.net\/6\/2019\/02\/pelotn-CVR-profimedia-0253849200.jpg\",\"width\":1366,\"height\":600},{\"@type\":\"BreadcrumbList\",\"@id\":\"https:\/\/www.welovecycling.com\/es\/2019\/02\/27\/10-reflexiones-de-un-ciclista-profesional\/#breadcrumb\",\"itemListElement\":[{\"@type\":\"ListItem\",\"position\":1,\"name\":\"Home\",\"item\":\"https:\/\/www.welovecycling.com\/es\/\"},{\"@type\":\"ListItem\",\"position\":2,\"name\":\"10 sorprendentes reflexiones de un ciclista profesional\"}]},{\"@type\":\"WebSite\",\"@id\":\"https:\/\/www.welovecycling.com\/es\/#website\",\"url\":\"https:\/\/www.welovecycling.com\/es\/\",\"name\":\"\u0160koda We Love Cycling - Spain\",\"description\":\"\u0160koda WeLoveCycling Spain\",\"potentialAction\":[{\"@type\":\"SearchAction\",\"target\":{\"@type\":\"EntryPoint\",\"urlTemplate\":\"https:\/\/www.welovecycling.com\/es\/?s={search_term_string}\"},\"query-input\":{\"@type\":\"PropertyValueSpecification\",\"valueRequired\":true,\"valueName\":\"search_term_string\"}}],\"inLanguage\":\"es-ES\"},{\"@type\":\"Person\",\"@id\":\"https:\/\/www.welovecycling.com\/es\/#\/schema\/person\/deb61715b5812698ee79fb96f343ccd4\",\"name\":\"We Love Cycling Spain\",\"image\":{\"@type\":\"ImageObject\",\"inLanguage\":\"es-ES\",\"@id\":\"https:\/\/www.welovecycling.com\/es\/#\/schema\/person\/image\/\",\"url\":\"https:\/\/secure.gravatar.com\/avatar\/c824b04e6df0e37a03219d0b6481672889df542894588964102459e46513159c?s=96&d=mm&r=g\",\"contentUrl\":\"https:\/\/secure.gravatar.com\/avatar\/c824b04e6df0e37a03219d0b6481672889df542894588964102459e46513159c?s=96&d=mm&r=g\",\"caption\":\"We Love Cycling Spain\"},\"url\":\"https:\/\/www.welovecycling.com\/es\/author\/amunoz\/\"}]}<\/script>\n<!-- \/ Yoast SEO Premium plugin. -->","yoast_head_json":{"title":"10 sorprendentes reflexiones de un ciclista profesional - \u0160koda We Love Cycling - Spain","description":"10 sorprendentes reflexiones de un ciclista profesional. Aspectos de la vida del ciclismo profesional que no conoces si no has estado en el pelot\u00f3n.","robots":{"index":"index","follow":"follow","max-snippet":"max-snippet:-1","max-image-preview":"max-image-preview:large","max-video-preview":"max-video-preview:-1"},"canonical":"https:\/\/www.welovecycling.com\/es\/2019\/02\/27\/10-reflexiones-de-un-ciclista-profesional\/","og_locale":"es_ES","og_type":"article","og_title":"10 sorprendentes reflexiones de un ciclista profesional","og_description":"10 sorprendentes reflexiones de un ciclista profesional. Aspectos de la vida del ciclismo profesional que no conoces si no has estado en el pelot\u00f3n.","og_url":"https:\/\/www.welovecycling.com\/es\/2019\/02\/27\/10-reflexiones-de-un-ciclista-profesional\/","og_site_name":"\u0160koda We Love Cycling - Spain","article_published_time":"2019-02-27T10:33:04+00:00","og_image":[{"width":1366,"height":600,"url":"https:\/\/d2p6e6u75xmxt8.cloudfront.net\/6\/2019\/02\/pelotn-CVR-profimedia-0253849200.jpg","type":"image\/jpeg"}],"author":"We Love Cycling Spain","twitter_card":"summary_large_image","twitter_title":"10 sorprendentes reflexiones de un ciclista profesional","twitter_description":"10 sorprendentes reflexiones de un ciclista profesional. Aspectos de la vida del ciclismo profesional que no conoces si no has estado en el pelot\u00f3n.","twitter_misc":{"Written by":"Adam Marsal","Est. reading time":"7"},"schema":{"@context":"https:\/\/schema.org","@graph":[{"@type":"WebPage","@id":"https:\/\/www.welovecycling.com\/es\/2019\/02\/27\/10-reflexiones-de-un-ciclista-profesional\/","url":"https:\/\/www.welovecycling.com\/es\/2019\/02\/27\/10-reflexiones-de-un-ciclista-profesional\/","name":"10 sorprendentes reflexiones de un ciclista profesional - \u0160koda We Love Cycling - Spain","isPartOf":{"@id":"https:\/\/www.welovecycling.com\/es\/#website"},"primaryImageOfPage":{"@id":"https:\/\/www.welovecycling.com\/es\/2019\/02\/27\/10-reflexiones-de-un-ciclista-profesional\/#primaryimage"},"image":{"@id":"https:\/\/www.welovecycling.com\/es\/2019\/02\/27\/10-reflexiones-de-un-ciclista-profesional\/#primaryimage"},"thumbnailUrl":"https:\/\/d2p6e6u75xmxt8.cloudfront.net\/6\/2019\/02\/pelotn-CVR-profimedia-0253849200.jpg","datePublished":"2019-02-27T10:33:04+00:00","author":{"@id":"https:\/\/www.welovecycling.com\/es\/#\/schema\/person\/deb61715b5812698ee79fb96f343ccd4"},"description":"10 sorprendentes reflexiones de un ciclista profesional. Aspectos de la vida del ciclismo profesional que no conoces si no has estado en el pelot\u00f3n.","breadcrumb":{"@id":"https:\/\/www.welovecycling.com\/es\/2019\/02\/27\/10-reflexiones-de-un-ciclista-profesional\/#breadcrumb"},"inLanguage":"es-ES","potentialAction":[{"@type":"ReadAction","target":["https:\/\/www.welovecycling.com\/es\/2019\/02\/27\/10-reflexiones-de-un-ciclista-profesional\/"]}]},{"@type":"ImageObject","inLanguage":"es-ES","@id":"https:\/\/www.welovecycling.com\/es\/2019\/02\/27\/10-reflexiones-de-un-ciclista-profesional\/#primaryimage","url":"https:\/\/d2p6e6u75xmxt8.cloudfront.net\/6\/2019\/02\/pelotn-CVR-profimedia-0253849200.jpg","contentUrl":"https:\/\/d2p6e6u75xmxt8.cloudfront.net\/6\/2019\/02\/pelotn-CVR-profimedia-0253849200.jpg","width":1366,"height":600},{"@type":"BreadcrumbList","@id":"https:\/\/www.welovecycling.com\/es\/2019\/02\/27\/10-reflexiones-de-un-ciclista-profesional\/#breadcrumb","itemListElement":[{"@type":"ListItem","position":1,"name":"Home","item":"https:\/\/www.welovecycling.com\/es\/"},{"@type":"ListItem","position":2,"name":"10 sorprendentes reflexiones de un ciclista profesional"}]},{"@type":"WebSite","@id":"https:\/\/www.welovecycling.com\/es\/#website","url":"https:\/\/www.welovecycling.com\/es\/","name":"\u0160koda We Love Cycling - Spain","description":"\u0160koda WeLoveCycling Spain","potentialAction":[{"@type":"SearchAction","target":{"@type":"EntryPoint","urlTemplate":"https:\/\/www.welovecycling.com\/es\/?s={search_term_string}"},"query-input":{"@type":"PropertyValueSpecification","valueRequired":true,"valueName":"search_term_string"}}],"inLanguage":"es-ES"},{"@type":"Person","@id":"https:\/\/www.welovecycling.com\/es\/#\/schema\/person\/deb61715b5812698ee79fb96f343ccd4","name":"We Love Cycling Spain","image":{"@type":"ImageObject","inLanguage":"es-ES","@id":"https:\/\/www.welovecycling.com\/es\/#\/schema\/person\/image\/","url":"https:\/\/secure.gravatar.com\/avatar\/c824b04e6df0e37a03219d0b6481672889df542894588964102459e46513159c?s=96&d=mm&r=g","contentUrl":"https:\/\/secure.gravatar.com\/avatar\/c824b04e6df0e37a03219d0b6481672889df542894588964102459e46513159c?s=96&d=mm&r=g","caption":"We Love Cycling Spain"},"url":"https:\/\/www.welovecycling.com\/es\/author\/amunoz\/"}]}},"_links":{"self":[{"href":"https:\/\/www.welovecycling.com\/es\/wp-json\/wp\/v2\/posts\/4201","targetHints":{"allow":["GET"]}}],"collection":[{"href":"https:\/\/www.welovecycling.com\/es\/wp-json\/wp\/v2\/posts"}],"about":[{"href":"https:\/\/www.welovecycling.com\/es\/wp-json\/wp\/v2\/types\/post"}],"author":[{"embeddable":true,"href":"https:\/\/www.welovecycling.com\/es\/wp-json\/wp\/v2\/users\/29"}],"replies":[{"embeddable":true,"href":"https:\/\/www.welovecycling.com\/es\/wp-json\/wp\/v2\/comments?post=4201"}],"version-history":[{"count":2,"href":"https:\/\/www.welovecycling.com\/es\/wp-json\/wp\/v2\/posts\/4201\/revisions"}],"predecessor-version":[{"id":4208,"href":"https:\/\/www.welovecycling.com\/es\/wp-json\/wp\/v2\/posts\/4201\/revisions\/4208"}],"wp:featuredmedia":[{"embeddable":true,"href":"https:\/\/www.welovecycling.com\/es\/wp-json\/wp\/v2\/media\/4207"}],"wp:attachment":[{"href":"https:\/\/www.welovecycling.com\/es\/wp-json\/wp\/v2\/media?parent=4201"}],"wp:term":[{"taxonomy":"category","embeddable":true,"href":"https:\/\/www.welovecycling.com\/es\/wp-json\/wp\/v2\/categories?post=4201"},{"taxonomy":"post_tag","embeddable":true,"href":"https:\/\/www.welovecycling.com\/es\/wp-json\/wp\/v2\/tags?post=4201"},{"taxonomy":"global-categories","embeddable":true,"href":"https:\/\/www.welovecycling.com\/es\/wp-json\/wp\/v2\/global-categories?post=4201"}],"curies":[{"name":"wp","href":"https:\/\/api.w.org\/{rel}","templated":true}]}}