{"id":4193,"date":"2019-02-25T16:06:14","date_gmt":"2019-02-25T14:06:14","guid":{"rendered":"https:\/\/www.welovecycling.com\/es\/?p=4193"},"modified":"2020-01-18T20:59:17","modified_gmt":"2020-01-18T18:59:17","slug":"calendario-2019-uci-world-tour-femenino","status":"publish","type":"post","link":"https:\/\/www.welovecycling.com\/es\/2019\/02\/25\/calendario-2019-uci-world-tour-femenino\/","title":{"rendered":"Calendario 2019 del UCI World Tour Femenino"},"content":{"rendered":"<p><strong>Muchos aguantaron la respiraci\u00f3n mientras Annemiek van Vleuten iba hacia la victoria durante el angustioso final de La Course del a\u00f1o pasado. Fue la carrera femenina m\u00e1s emocionante de 2018. La pasada temporada las carreras femeninas profesionales demostraron una vez m\u00e1s que son un deporte emocionante a seguir, y que crecen en emoci\u00f3n cada a\u00f1o. Con la formaci\u00f3n de nuevos equipos, el surgimiento de j\u00f3venes estrellas y recorridos m\u00e1s ambiciosos que nunca, estamos seguros de que el pelot\u00f3n femenino seguir\u00e1 demostrando que puede ofrecer carreras espectaculares. Aqu\u00ed tienes el Calendario 2019 para seguir el UCI World Tour Femenino.<\/strong><\/p>\n<p><!--more--><\/p>\n<h2><strong>Comienzo en Strade Bianche<\/strong><\/h2>\n<p>La apertura oficial de la temporada para el calendario femenino de la UCI 2019 ser\u00e1 la Strade Bianche Donne, que tendr\u00e1 lugar el s\u00e1bado 9 de marzo. Desde sus inicios, la Strade Bianche ha atra\u00eddo la atenci\u00f3n por sus caminos de tierra, los sectores sin pavimentar caracterizados por superficies irregulares y grava. Provoca unas condiciones imprevisibles que le dan a est\u00e1 cl\u00e1sica un ambiente \u00fanico.<\/p>\n<lite-youtube videoid=nqrcieK4rdo params=\"enablejsapi=1\" style=\"background-image: url('https:\/\/i.ytimg.com\/vi_webp\/nqrcieK4rdo\/maxresdefault.webp');\"><\/lite-youtube>\n<p>Este a\u00f1o la Strade Bianche de las mujeres tiene 136 km, con 8 sectores y 31,4 km de sterrato. El recorrido discurre por los mismos caminos que la carrera masculina, y el final tambi\u00e9n tiene lugar en la eminente Piazza del Campo de Siena, tras una corta y empinada subida. El a\u00f1o pasado, Anna van der Breggen se estren\u00f3 en solitario en condiciones de fr\u00edo y agua y se llev\u00f3 el t\u00edtulo por delante a Kasia Niewiadoma y Elisa Longo Borghini. Esperemos que las ciclistas reciban algo de sol este a\u00f1o. All\u00ed veremos quien domina el sterrato y se lleva la primera gran victoria del calendario femenino 2019&#8230;<\/p>\n<h2><strong>M\u00edtica subida del Tour of California<\/strong><\/h2>\n<p>El recorrido del Amgen Tour of California Women&#8217;s Race 2019, una de las carreras m\u00e1s promocionadas del circuito femenino, durar\u00e1 tres d\u00edas, del 16 al 18 de mayo. La edici\u00f3n de este a\u00f1o ser\u00e1 las m\u00e1s larga hasta la fecha para un carrera de mujeres e incluye el dur\u00edsima subida al Monte Baldy.<\/p>\n<lite-youtube videoid=sg0GZ4tDIpc params=\"enablejsapi=1\" style=\"background-image: url('https:\/\/i.ytimg.com\/vi_webp\/sg0GZ4tDIpc\/maxresdefault.webp');\"><\/lite-youtube>\n<p>El 2019 marca la primera vez que la escalada se presenta en el evento femenino, haciendo que la etapa 2 sea una visita obligada para cualquiera que ame un buen final de alta monta\u00f1a. El ascenso es parte de los 6000 metros de desnivel acumulado en las 3 etapas de Tour de California, y se espera que la primera y la \u00faltima etapa sean al sprint.<\/p>\n<h2><strong>El unico, el inigualabla, el Giro<\/strong><\/h2>\n<p>Est\u00e1 claro que el calendario de carreras femeninas est\u00e1 marcado por el Giro Rosa.<\/p>\n<p>La 30\u00aa edici\u00f3n comienza el viernes 5 de julio con un crono por equipos\u00a0 y termina el domingo 14 en una subida empedrada al Castillo de Udine. Aunque la ruta est\u00e1 programada para ser presentada en su totalidad en marzo, seg\u00fan se informa, la etapa reina terminar\u00e1 en la cima del imponente Passo Gavia, que se encuentra a una altitud de 2.621 metros. Se dice que en Malga Montasio tendr\u00e1 lugar otro final de etapa, por lo que es probable que \u00e9sta sea dominada por las escaladoras.<\/p>\n<lite-youtube videoid=-nO11Pe1KdM params=\"enablejsapi=1\" style=\"background-image: url('https:\/\/i.ytimg.com\/vi_webp\/-nO11Pe1KdM\/maxresdefault.webp');\"><\/lite-youtube>\n<p>Y hablando de escaladoras, Annemiek van Vleuten fue la ganadora en 2018, con tres etapas, incluida una final en la cima del ilustre Monte Zoncolan. Al volver de una lesi\u00f3n ser\u00e1 interesante ver si puede o no defender maglia rosa en la carrera de este a\u00f1o.<\/p>\n<h2><strong>Women\u2019s Tour Britain a\u00f1ade una sexta etapa<\/strong><\/h2>\n<p>El Women&#8217;s Tour en Gran Breta\u00f1a aumentar\u00e1 a seis etapas de carrera para 2019. Lanzado en 2014, el Tour, ganado el a\u00f1o pasado por la estadounidense Coryn Rivera (la primera no europea en ganar), ya se ha disputado durante cinco etapas. Tambi\u00e9n en 2018, el fondo de premios es ahora igual al del Tour de Gran Breta\u00f1a masculino, aumentando significativamente de 35.000 euros (31.000 libras esterlinas) a 90.000 euros (80.000 libras esterlinas).<\/p>\n<div class=\"embed-controller-wrapper\">\n<blockquote class=\"twitter-tweet\" data-width=\"500\" data-dnt=\"true\">\n<p lang=\"en\" dir=\"ltr\">Nobody wants to watch women&#39;s sport, they said&#8230; \ud83d\ude48<a href=\"https:\/\/twitter.com\/hashtag\/ThrowbackThursday?src=hash&amp;ref_src=twsrc%5Etfw\">#ThrowbackThursday<\/a> to when thousands of people came out for last year&#39;s start in Atherstone!<a href=\"https:\/\/twitter.com\/hashtag\/OVOWT?src=hash&amp;ref_src=twsrc%5Etfw\">#OVOWT<\/a> <a href=\"https:\/\/twitter.com\/hashtag\/UCIWWT?src=hash&amp;ref_src=twsrc%5Etfw\">#UCIWWT<\/a> <a href=\"https:\/\/t.co\/zELVwi9gww\">pic.twitter.com\/zELVwi9gww<\/a><\/p>\n<p>&mdash; The Women&#39;s Tour (@thewomenstour) <a href=\"https:\/\/twitter.com\/thewomenstour\/status\/1098496301023412225?ref_src=twsrc%5Etfw\">February 21, 2019<\/a><\/p><\/blockquote>\n<p><script async data-src=\"https:\/\/platform.twitter.com\/widgets.js\" charset=\"utf-8\"><\/script><\/div>\n<p>Este a\u00f1o, el Tour tendr\u00e1 lugar del lunes 10 al s\u00e1bado 15 de junio y aunque a\u00fan no se ha anunciado el recorrido completo de la carrera, se puede decir con seguridad que \u00e9sta atraer\u00e1 a grandes multitudes. Las corredoras siempre destacan el impresionante n\u00famero de espectadores que acuden a ver las etapas, lo que aumenta la emoci\u00f3n y alimenta la que sin duda ser\u00e1 una de las carreras m\u00e1s emovionantes del a\u00f1o.<\/p>\n<p>Por supuesto, esto es s\u00f3lo una muestra de lo que nos espera. El programa completo se encuentra a continuaci\u00f3n, y nos aseguraremos de mantenerle informado a medida que se anuncien m\u00e1s vueltas y cl\u00e1sicas y se inicie la acci\u00f3n.<\/p>\n<h3><strong>Marzo<\/strong><\/h3>\n<p>9:\u00a0Strade Bianche (Italy).<br \/>\n17:\u00a0Ronde van Drenthe (Holland).<br \/>\n24:\u00a0Trofeo Alfredo Binda (Italy).<br \/>\n28:\u00a0Three Days of De Panne<br \/>\n31:\u00a0Ghent-Wevelgem (Belgium).<\/p>\n<h3><strong>Abril<\/strong><\/h3>\n<p>7:\u00a0Tour of Flanders (Belgium).<br \/>\n21:\u00a0Amstel Gold Race (Holland).<br \/>\n24:\u00a0Fl\u00e8che\u00a0Wallonne (Belgium).<br \/>\n28:\u00a0Li\u00e8ge-Bastogne-Li\u00e8ge (Belgium).<\/p>\n<h3><strong>Mayo<\/strong><\/h3>\n<p>3-4:\u00a0Tour de Yorkshire (not WorldTour)<br \/>\n9-11:\u00a0Tour of Chongming Island (China).<br \/>\n16-18:\u00a0Tour of California (US).<br \/>\n22-25:\u00a0Emakumeen Bira (Spain).<\/p>\n<h3><strong>Junio<\/strong><\/h3>\n<p>10-15: British Women\u2019s Tour .<br \/>\n27 &amp; 30:\u00a0British National Road Championships (Norfolk)<\/p>\n<h3><strong>Julio<\/strong><\/h3>\n<p>5-14: Giro Rosa (Italy).<br \/>\n23:\u00a0La Course by Le Tour de France (France).<\/p>\n<h3><strong>Agosto<\/strong><\/h3>\n<p>3:\u00a0 Prudential Ride London Classique (women).<br \/>\n16:\u00a0Crescent Vargarda TTT (Sweden).<br \/>\n18:\u00a0Crescent Vargarda road race (Sweden).<br \/>\n22-25:\u00a0Tour of Norway.<br \/>\n31:\u00a0GP Plouay (France).<\/p>\n<h3><strong>Septiembre<\/strong><\/h3>\n<p>3-8:\u00a0Boels Ladies Tour (Holland).<br \/>\n14-15:\u00a0Madrid Challenge by la Vuelta (Spain).<br \/>\n21-29:\u00a0Road World Championships (Yorkshire)<\/p>\n<h3><strong>Octubre<\/strong><\/h3>\n<p>20:\u00a0Tour of Guangxi (China).<\/p>\n","protected":false},"excerpt":{"rendered":"<p>Muchos aguantaron la respiraci\u00f3n mientras Annemiek van Vleuten iba hacia la victoria durante el angustioso final de La Course del [&hellip;]<\/p>\n","protected":false},"author":29,"featured_media":4198,"comment_status":"open","ping_status":"open","sticky":false,"template":"","format":"standard","meta":{"footnotes":""},"categories":[7],"tags":[899,898,901,900,897],"global-categories":[],"class_list":["post-4193","post","type-post","status-publish","format-standard","has-post-thumbnail","hentry","category-carretera","tag-calendario-ciclismo-2019","tag-calendario-ciclismo-femenino","tag-calendario-uci-world-tour-femenino","tag-calendario-world-tour-femenino","tag-giro-rosa"],"yoast_head":"<!-- This site is optimized with the Yoast SEO Premium plugin v25.3 (Yoast SEO v25.9) - https:\/\/yoast.com\/wordpress\/plugins\/seo\/ -->\n<title>Calendario 2019 del UCI World Tour Femenino - \u0160koda We Love Cycling - Spain<\/title>\n<meta name=\"description\" content=\"Calendario 2019 del UCI World Tour Femenino. Ls carreras m\u00e1s emocionantes de la temporada 2019 de ciclismo femenino. De Strade al Giro.\" \/>\n<meta name=\"robots\" content=\"index, follow, max-snippet:-1, max-image-preview:large, max-video-preview:-1\" \/>\n<link rel=\"canonical\" href=\"https:\/\/www.welovecycling.com\/es\/2019\/02\/25\/calendario-2019-uci-world-tour-femenino\/\" \/>\n<meta property=\"og:locale\" content=\"es_ES\" \/>\n<meta property=\"og:type\" content=\"article\" \/>\n<meta property=\"og:title\" content=\"Calendario 2019 del UCI World Tour Femenino\" \/>\n<meta property=\"og:description\" content=\"Calendario 2019 del UCI World Tour Femenino. Las carreras m\u00e1s emocionantes de la temporada 2019 de ciclismo femenino. De Strade al Giro.\" \/>\n<meta property=\"og:url\" content=\"https:\/\/www.welovecycling.com\/es\/2019\/02\/25\/calendario-2019-uci-world-tour-femenino\/\" \/>\n<meta property=\"og:site_name\" content=\"\u0160koda We Love Cycling - Spain\" \/>\n<meta property=\"article:published_time\" content=\"2019-02-25T14:06:14+00:00\" \/>\n<meta property=\"article:modified_time\" content=\"2020-01-18T18:59:17+00:00\" \/>\n<meta property=\"og:image\" content=\"https:\/\/d2p6e6u75xmxt8.cloudfront.net\/6\/2019\/02\/Annemiek-van-Vleuten-profimedia-0378089166.jpg\" \/>\n\t<meta property=\"og:image:width\" content=\"1366\" \/>\n\t<meta property=\"og:image:height\" content=\"600\" \/>\n\t<meta property=\"og:image:type\" content=\"image\/jpeg\" \/>\n<meta name=\"author\" content=\"We Love Cycling Spain\" \/>\n<meta name=\"twitter:card\" content=\"summary_large_image\" \/>\n<meta name=\"twitter:title\" content=\"Calendario 2019 del UCI World Tour Femenino\" \/>\n<meta name=\"twitter:description\" content=\"Calendario 2019 del UCI World Tour Femenino. Las carreras m\u00e1s emocionantes de la temporada 2019 de ciclismo femenino. De Strade al Giro.\" \/>\n<meta name=\"twitter:label1\" content=\"Written by\" \/>\n\t<meta name=\"twitter:data1\" content=\"Megan Flottorp\" \/>\n\t<meta name=\"twitter:label2\" content=\"Est. reading time\" \/>\n\t<meta name=\"twitter:data2\" content=\"7\" \/>\n<script type=\"application\/ld+json\" class=\"yoast-schema-graph\">{\"@context\":\"https:\/\/schema.org\",\"@graph\":[{\"@type\":\"WebPage\",\"@id\":\"https:\/\/www.welovecycling.com\/es\/2019\/02\/25\/calendario-2019-uci-world-tour-femenino\/\",\"url\":\"https:\/\/www.welovecycling.com\/es\/2019\/02\/25\/calendario-2019-uci-world-tour-femenino\/\",\"name\":\"Calendario 2019 del UCI World Tour Femenino - \u0160koda We Love Cycling - Spain\",\"isPartOf\":{\"@id\":\"https:\/\/www.welovecycling.com\/es\/#website\"},\"primaryImageOfPage\":{\"@id\":\"https:\/\/www.welovecycling.com\/es\/2019\/02\/25\/calendario-2019-uci-world-tour-femenino\/#primaryimage\"},\"image\":{\"@id\":\"https:\/\/www.welovecycling.com\/es\/2019\/02\/25\/calendario-2019-uci-world-tour-femenino\/#primaryimage\"},\"thumbnailUrl\":\"https:\/\/d2p6e6u75xmxt8.cloudfront.net\/6\/2019\/02\/Annemiek-van-Vleuten-profimedia-0378089166.jpg\",\"datePublished\":\"2019-02-25T14:06:14+00:00\",\"dateModified\":\"2020-01-18T18:59:17+00:00\",\"author\":{\"@id\":\"https:\/\/www.welovecycling.com\/es\/#\/schema\/person\/deb61715b5812698ee79fb96f343ccd4\"},\"description\":\"Calendario 2019 del UCI World Tour Femenino. Ls carreras m\u00e1s emocionantes de la temporada 2019 de ciclismo femenino. De Strade al Giro.\",\"breadcrumb\":{\"@id\":\"https:\/\/www.welovecycling.com\/es\/2019\/02\/25\/calendario-2019-uci-world-tour-femenino\/#breadcrumb\"},\"inLanguage\":\"es-ES\",\"potentialAction\":[{\"@type\":\"ReadAction\",\"target\":[\"https:\/\/www.welovecycling.com\/es\/2019\/02\/25\/calendario-2019-uci-world-tour-femenino\/\"]}]},{\"@type\":\"ImageObject\",\"inLanguage\":\"es-ES\",\"@id\":\"https:\/\/www.welovecycling.com\/es\/2019\/02\/25\/calendario-2019-uci-world-tour-femenino\/#primaryimage\",\"url\":\"https:\/\/d2p6e6u75xmxt8.cloudfront.net\/6\/2019\/02\/Annemiek-van-Vleuten-profimedia-0378089166.jpg\",\"contentUrl\":\"https:\/\/d2p6e6u75xmxt8.cloudfront.net\/6\/2019\/02\/Annemiek-van-Vleuten-profimedia-0378089166.jpg\",\"width\":1366,\"height\":600},{\"@type\":\"BreadcrumbList\",\"@id\":\"https:\/\/www.welovecycling.com\/es\/2019\/02\/25\/calendario-2019-uci-world-tour-femenino\/#breadcrumb\",\"itemListElement\":[{\"@type\":\"ListItem\",\"position\":1,\"name\":\"Home\",\"item\":\"https:\/\/www.welovecycling.com\/es\/\"},{\"@type\":\"ListItem\",\"position\":2,\"name\":\"Calendario 2019 del UCI World Tour Femenino\"}]},{\"@type\":\"WebSite\",\"@id\":\"https:\/\/www.welovecycling.com\/es\/#website\",\"url\":\"https:\/\/www.welovecycling.com\/es\/\",\"name\":\"\u0160koda We Love Cycling - Spain\",\"description\":\"\u0160koda WeLoveCycling Spain\",\"potentialAction\":[{\"@type\":\"SearchAction\",\"target\":{\"@type\":\"EntryPoint\",\"urlTemplate\":\"https:\/\/www.welovecycling.com\/es\/?s={search_term_string}\"},\"query-input\":{\"@type\":\"PropertyValueSpecification\",\"valueRequired\":true,\"valueName\":\"search_term_string\"}}],\"inLanguage\":\"es-ES\"},{\"@type\":\"Person\",\"@id\":\"https:\/\/www.welovecycling.com\/es\/#\/schema\/person\/deb61715b5812698ee79fb96f343ccd4\",\"name\":\"We Love Cycling Spain\",\"image\":{\"@type\":\"ImageObject\",\"inLanguage\":\"es-ES\",\"@id\":\"https:\/\/www.welovecycling.com\/es\/#\/schema\/person\/image\/\",\"url\":\"https:\/\/secure.gravatar.com\/avatar\/c824b04e6df0e37a03219d0b6481672889df542894588964102459e46513159c?s=96&d=mm&r=g\",\"contentUrl\":\"https:\/\/secure.gravatar.com\/avatar\/c824b04e6df0e37a03219d0b6481672889df542894588964102459e46513159c?s=96&d=mm&r=g\",\"caption\":\"We Love Cycling Spain\"},\"url\":\"https:\/\/www.welovecycling.com\/es\/author\/amunoz\/\"}]}<\/script>\n<!-- \/ Yoast SEO Premium plugin. -->","yoast_head_json":{"title":"Calendario 2019 del UCI World Tour Femenino - \u0160koda We Love Cycling - Spain","description":"Calendario 2019 del UCI World Tour Femenino. Ls carreras m\u00e1s emocionantes de la temporada 2019 de ciclismo femenino. De Strade al Giro.","robots":{"index":"index","follow":"follow","max-snippet":"max-snippet:-1","max-image-preview":"max-image-preview:large","max-video-preview":"max-video-preview:-1"},"canonical":"https:\/\/www.welovecycling.com\/es\/2019\/02\/25\/calendario-2019-uci-world-tour-femenino\/","og_locale":"es_ES","og_type":"article","og_title":"Calendario 2019 del UCI World Tour Femenino","og_description":"Calendario 2019 del UCI World Tour Femenino. Las carreras m\u00e1s emocionantes de la temporada 2019 de ciclismo femenino. De Strade al Giro.","og_url":"https:\/\/www.welovecycling.com\/es\/2019\/02\/25\/calendario-2019-uci-world-tour-femenino\/","og_site_name":"\u0160koda We Love Cycling - Spain","article_published_time":"2019-02-25T14:06:14+00:00","article_modified_time":"2020-01-18T18:59:17+00:00","og_image":[{"width":1366,"height":600,"url":"https:\/\/d2p6e6u75xmxt8.cloudfront.net\/6\/2019\/02\/Annemiek-van-Vleuten-profimedia-0378089166.jpg","type":"image\/jpeg"}],"author":"We Love Cycling Spain","twitter_card":"summary_large_image","twitter_title":"Calendario 2019 del UCI World Tour Femenino","twitter_description":"Calendario 2019 del UCI World Tour Femenino. Las carreras m\u00e1s emocionantes de la temporada 2019 de ciclismo femenino. De Strade al Giro.","twitter_misc":{"Written by":"Megan Flottorp","Est. reading time":"7"},"schema":{"@context":"https:\/\/schema.org","@graph":[{"@type":"WebPage","@id":"https:\/\/www.welovecycling.com\/es\/2019\/02\/25\/calendario-2019-uci-world-tour-femenino\/","url":"https:\/\/www.welovecycling.com\/es\/2019\/02\/25\/calendario-2019-uci-world-tour-femenino\/","name":"Calendario 2019 del UCI World Tour Femenino - \u0160koda We Love Cycling - Spain","isPartOf":{"@id":"https:\/\/www.welovecycling.com\/es\/#website"},"primaryImageOfPage":{"@id":"https:\/\/www.welovecycling.com\/es\/2019\/02\/25\/calendario-2019-uci-world-tour-femenino\/#primaryimage"},"image":{"@id":"https:\/\/www.welovecycling.com\/es\/2019\/02\/25\/calendario-2019-uci-world-tour-femenino\/#primaryimage"},"thumbnailUrl":"https:\/\/d2p6e6u75xmxt8.cloudfront.net\/6\/2019\/02\/Annemiek-van-Vleuten-profimedia-0378089166.jpg","datePublished":"2019-02-25T14:06:14+00:00","dateModified":"2020-01-18T18:59:17+00:00","author":{"@id":"https:\/\/www.welovecycling.com\/es\/#\/schema\/person\/deb61715b5812698ee79fb96f343ccd4"},"description":"Calendario 2019 del UCI World Tour Femenino. Ls carreras m\u00e1s emocionantes de la temporada 2019 de ciclismo femenino. De Strade al Giro.","breadcrumb":{"@id":"https:\/\/www.welovecycling.com\/es\/2019\/02\/25\/calendario-2019-uci-world-tour-femenino\/#breadcrumb"},"inLanguage":"es-ES","potentialAction":[{"@type":"ReadAction","target":["https:\/\/www.welovecycling.com\/es\/2019\/02\/25\/calendario-2019-uci-world-tour-femenino\/"]}]},{"@type":"ImageObject","inLanguage":"es-ES","@id":"https:\/\/www.welovecycling.com\/es\/2019\/02\/25\/calendario-2019-uci-world-tour-femenino\/#primaryimage","url":"https:\/\/d2p6e6u75xmxt8.cloudfront.net\/6\/2019\/02\/Annemiek-van-Vleuten-profimedia-0378089166.jpg","contentUrl":"https:\/\/d2p6e6u75xmxt8.cloudfront.net\/6\/2019\/02\/Annemiek-van-Vleuten-profimedia-0378089166.jpg","width":1366,"height":600},{"@type":"BreadcrumbList","@id":"https:\/\/www.welovecycling.com\/es\/2019\/02\/25\/calendario-2019-uci-world-tour-femenino\/#breadcrumb","itemListElement":[{"@type":"ListItem","position":1,"name":"Home","item":"https:\/\/www.welovecycling.com\/es\/"},{"@type":"ListItem","position":2,"name":"Calendario 2019 del UCI World Tour Femenino"}]},{"@type":"WebSite","@id":"https:\/\/www.welovecycling.com\/es\/#website","url":"https:\/\/www.welovecycling.com\/es\/","name":"\u0160koda We Love Cycling - Spain","description":"\u0160koda WeLoveCycling Spain","potentialAction":[{"@type":"SearchAction","target":{"@type":"EntryPoint","urlTemplate":"https:\/\/www.welovecycling.com\/es\/?s={search_term_string}"},"query-input":{"@type":"PropertyValueSpecification","valueRequired":true,"valueName":"search_term_string"}}],"inLanguage":"es-ES"},{"@type":"Person","@id":"https:\/\/www.welovecycling.com\/es\/#\/schema\/person\/deb61715b5812698ee79fb96f343ccd4","name":"We Love Cycling Spain","image":{"@type":"ImageObject","inLanguage":"es-ES","@id":"https:\/\/www.welovecycling.com\/es\/#\/schema\/person\/image\/","url":"https:\/\/secure.gravatar.com\/avatar\/c824b04e6df0e37a03219d0b6481672889df542894588964102459e46513159c?s=96&d=mm&r=g","contentUrl":"https:\/\/secure.gravatar.com\/avatar\/c824b04e6df0e37a03219d0b6481672889df542894588964102459e46513159c?s=96&d=mm&r=g","caption":"We Love Cycling Spain"},"url":"https:\/\/www.welovecycling.com\/es\/author\/amunoz\/"}]}},"_links":{"self":[{"href":"https:\/\/www.welovecycling.com\/es\/wp-json\/wp\/v2\/posts\/4193","targetHints":{"allow":["GET"]}}],"collection":[{"href":"https:\/\/www.welovecycling.com\/es\/wp-json\/wp\/v2\/posts"}],"about":[{"href":"https:\/\/www.welovecycling.com\/es\/wp-json\/wp\/v2\/types\/post"}],"author":[{"embeddable":true,"href":"https:\/\/www.welovecycling.com\/es\/wp-json\/wp\/v2\/users\/29"}],"replies":[{"embeddable":true,"href":"https:\/\/www.welovecycling.com\/es\/wp-json\/wp\/v2\/comments?post=4193"}],"version-history":[{"count":2,"href":"https:\/\/www.welovecycling.com\/es\/wp-json\/wp\/v2\/posts\/4193\/revisions"}],"predecessor-version":[{"id":4200,"href":"https:\/\/www.welovecycling.com\/es\/wp-json\/wp\/v2\/posts\/4193\/revisions\/4200"}],"wp:featuredmedia":[{"embeddable":true,"href":"https:\/\/www.welovecycling.com\/es\/wp-json\/wp\/v2\/media\/4198"}],"wp:attachment":[{"href":"https:\/\/www.welovecycling.com\/es\/wp-json\/wp\/v2\/media?parent=4193"}],"wp:term":[{"taxonomy":"category","embeddable":true,"href":"https:\/\/www.welovecycling.com\/es\/wp-json\/wp\/v2\/categories?post=4193"},{"taxonomy":"post_tag","embeddable":true,"href":"https:\/\/www.welovecycling.com\/es\/wp-json\/wp\/v2\/tags?post=4193"},{"taxonomy":"global-categories","embeddable":true,"href":"https:\/\/www.welovecycling.com\/es\/wp-json\/wp\/v2\/global-categories?post=4193"}],"curies":[{"name":"wp","href":"https:\/\/api.w.org\/{rel}","templated":true}]}}