{"id":4188,"date":"2019-02-21T20:41:04","date_gmt":"2019-02-21T18:41:04","guid":{"rendered":"https:\/\/www.welovecycling.com\/es\/?p=4188"},"modified":"2019-02-21T20:41:04","modified_gmt":"2019-02-21T18:41:04","slug":"britanicos-creian-nazis-organizaban-viajes-ciclistas-espias","status":"publish","type":"post","link":"https:\/\/www.welovecycling.com\/es\/2019\/02\/21\/britanicos-creian-nazis-organizaban-viajes-ciclistas-espias\/","title":{"rendered":"Cuando los brit\u00e1nicos cre\u00edan que los Nazis organizaban viajes ciclistas esp\u00edas"},"content":{"rendered":"<p><strong>Todo comenz\u00f3 con un art\u00edculo en un peri\u00f3dico escrito en alem\u00e1n para los alemanes que viv\u00edan en Praga. La pieza citaba consejos detallados dados por la Uni\u00f3n Nacional Alemana para la Cultura F\u00edsica. Estaba dirigido a ciclistas que iban de ruta por el extranjero, y en ellos se pod\u00edan observar las sospechas de los brit\u00e1nicos.<\/strong><br \/>\n<!--more--><\/p>\n<p>&#8220;<strong>Imprime en tu memoria los caminos y senderos, los pueblos y ciudades, las torres de las iglesias y otros lugares de inter\u00e9s para que no los olvides<\/strong>. Anote los nombres de lugares, r\u00edos, mares y monta\u00f1as. Tal vez puedas utilizarlos en alg\u00fan momento para el beneficio de la Patria. Si llega a un puente que le interese, examine la construcci\u00f3n y los materiales utilizados. Aprenda a medir y estimar el ancho de los arroyos. Vadea a trav\u00e9s de los vados para que puedas encontrarlos en la oscuridad.&#8221;<\/p>\n<p>&nbsp;<\/p>\n<p>As\u00ed es como el consejo fue impreso en el Daily Herald en mayo de 1937. El jefe del MI5 en ese momento, Vernon Kell, escribi\u00f3 al Ministerio del Interior el mismo mes sobre una ruta que las Hitlerjugend planeaban hacer en cooperaci\u00f3n con Boy Scouts en el sur de Inglaterra. La Inteligencia Brit\u00e1nica sigui\u00f3 de cerca a la Juventud Nazi ese verano, asegur\u00e1ndose de que todo trabajo e informaci\u00f3n posiblemente confidenciales fueran salvaguardados. Sin embargo, a diferencia del MI5, los anfitriones de Hitlerjugend no parec\u00edan preocupados por la posibilidad de espiar.<\/p>\n<figure id=\"attachment_4189\" aria-describedby=\"caption-attachment-4189\" style=\"width: 1250px\" class=\"wp-caption alignnone\"><a href=\"https:\/\/d2p6e6u75xmxt8.cloudfront.net\/6\/2019\/02\/profimedia-0189998460.jpg\"><img loading=\"lazy\" decoding=\"async\" class=\"size-full wp-image-4189\" src=\"https:\/\/d2p6e6u75xmxt8.cloudfront.net\/6\/2019\/02\/profimedia-0189998460.jpg\" alt=\"\" width=\"1250\" height=\"845\" srcset=\"https:\/\/d2p6e6u75xmxt8.cloudfront.net\/6\/2019\/02\/profimedia-0189998460.jpg 1250w, https:\/\/d2p6e6u75xmxt8.cloudfront.net\/6\/2019\/02\/profimedia-0189998460-300x203.jpg 300w, https:\/\/d2p6e6u75xmxt8.cloudfront.net\/6\/2019\/02\/profimedia-0189998460-768x519.jpg 768w, https:\/\/d2p6e6u75xmxt8.cloudfront.net\/6\/2019\/02\/profimedia-0189998460-1024x692.jpg 1024w\" sizes=\"auto, (max-width: 1250px) 100vw, 1250px\" \/><\/a><figcaption id=\"caption-attachment-4189\" class=\"wp-caption-text\">Hitler Youth, Germany, Circa 1933\u00a0\u00a9 Profimedia, Zuma Press &#8211; News<\/figcaption><\/figure>\n<p>&nbsp;<\/p>\n<p>&#8220;Se intent\u00f3 ense\u00f1arles f\u00fatbol y cr\u00edquet con diferentes grados de \u00e9xito&#8221;, afirma uno de los informes del MI5. &#8220;En una prueba atl\u00e9tica ganaron el lanzamiento de jabalina y de peso, pero los chicos de Rydal [la juventud brit\u00e1nica] tuvieron \u00e9xito en los dem\u00e1s eventos. Evidentemente, la cocina brit\u00e1nica les atrajo porque, seg\u00fan los informes, han hecho justicia a la comida de la escuela. &#8220;Hubo intercambio de regalos y muchas gorras negras alemanas descansan ahora sobre las desconocidas cabezas de Rydal&#8221;<\/p>\n<p>Como probablemente se puede adivinar por este tipo de informe, la juventud nazi no representaba una amenaza grave de espionaje para Gran Breta\u00f1a despu\u00e9s de todo. Como fue probablemente el caso de los ciclistas alemanes adultos. Sin embargo, la juguetona gente de pelo rubio que correteaba con un bal\u00f3n de f\u00fatbol no enga\u00f1\u00f3 a la Inteligencia Brit\u00e1nica. Siguieron monitoreando a los Hitlerjugend y hacia el final de la guerra, encontraron lo que les molestaba de ellos. Su escalofriante, pero acertada descripci\u00f3n del a\u00f1o 1944 sigue a continuaci\u00f3n.<\/p>\n<p>&#8220;La Juventud Hitleriana no es una organizaci\u00f3n de Boy Scouts o Gu\u00edas. No es comparable en ning\u00fan aspecto con ninguna organizaci\u00f3n para j\u00f3venes conocida en el mundo occidental. Es una formaci\u00f3n nazi obligatoria, que ha buscado conscientemente inculcar el odio, la traici\u00f3n y la crueldad en la mente y el alma de todos los ni\u00f1os alemanes. Es, en el verdadero sentido de la palabra,&#8217;educaci\u00f3n para la muerte'&#8221;.<\/p>\n","protected":false},"excerpt":{"rendered":"<p>Todo comenz\u00f3 con un art\u00edculo en un peri\u00f3dico escrito en alem\u00e1n para los alemanes que viv\u00edan en Praga. La pieza [&hellip;]<\/p>\n","protected":false},"author":29,"featured_media":4191,"comment_status":"open","ping_status":"open","sticky":false,"template":"","format":"standard","meta":{"footnotes":""},"categories":[8,9],"tags":[17,893,896,894,895],"global-categories":[],"class_list":["post-4188","post","type-post","status-publish","format-standard","has-post-thumbnail","hentry","category-life-style","category-mtb-aventura","tag-ciclismo","tag-historia","tag-hitler-ciclismo","tag-nazis","tag-viajes-historia"],"yoast_head":"<!-- This site is optimized with the Yoast SEO Premium plugin v25.3 (Yoast SEO v25.9) - https:\/\/yoast.com\/wordpress\/plugins\/seo\/ -->\n<title>Cuando los brit\u00e1nicos cre\u00edan que los Nazis organizaban viajes ciclistas esp\u00edas - \u0160koda We Love Cycling - Spain<\/title>\n<meta name=\"description\" content=\"Cuando los brit\u00e1nicos cre\u00edan que los nazis organizaban viajes ciclistas para espiarles. Sucedi\u00f3 en 1935 con una publicaci\u00f3n en un diario checho.\" \/>\n<meta name=\"robots\" content=\"index, follow, max-snippet:-1, max-image-preview:large, max-video-preview:-1\" \/>\n<link rel=\"canonical\" href=\"https:\/\/www.welovecycling.com\/es\/2019\/02\/21\/britanicos-creian-nazis-organizaban-viajes-ciclistas-espias\/\" \/>\n<meta property=\"og:locale\" content=\"es_ES\" \/>\n<meta property=\"og:type\" content=\"article\" \/>\n<meta property=\"og:title\" content=\"Cuando los brit\u00e1nicos cre\u00edan que los nazis organizaban viajes ciclistas para espiarles\" \/>\n<meta property=\"og:description\" content=\"Cuando los brit\u00e1nicos cre\u00edan que los nazis organizaban viajes ciclistas para espiarles. Sucedi\u00f3 en 1935 con una publicaci\u00f3n en un diario checho.\" \/>\n<meta property=\"og:url\" content=\"https:\/\/www.welovecycling.com\/es\/2019\/02\/21\/britanicos-creian-nazis-organizaban-viajes-ciclistas-espias\/\" \/>\n<meta property=\"og:site_name\" content=\"\u0160koda We Love Cycling - Spain\" \/>\n<meta property=\"article:published_time\" content=\"2019-02-21T18:41:04+00:00\" \/>\n<meta property=\"og:image\" content=\"https:\/\/d2p6e6u75xmxt8.cloudfront.net\/6\/2019\/02\/hitlerjugend-profimedia-0147327935.jpg\" \/>\n\t<meta property=\"og:image:width\" content=\"1366\" \/>\n\t<meta property=\"og:image:height\" content=\"600\" \/>\n\t<meta property=\"og:image:type\" content=\"image\/jpeg\" \/>\n<meta name=\"author\" content=\"We Love Cycling Spain\" \/>\n<meta name=\"twitter:card\" content=\"summary_large_image\" \/>\n<meta name=\"twitter:title\" content=\"Cuando los brit\u00e1nicos cre\u00edan que los nazis organizaban viajes ciclistas para espiarles\" \/>\n<meta name=\"twitter:description\" content=\"Cuando los brit\u00e1nicos cre\u00edan que los nazis organizaban viajes ciclistas para espiarles. Sucedi\u00f3 en 1935 con una publicaci\u00f3n en un diario checho.\" \/>\n<meta name=\"twitter:label1\" content=\"Written by\" \/>\n\t<meta name=\"twitter:data1\" content=\"Monica Buck\" \/>\n\t<meta name=\"twitter:label2\" content=\"Est. reading time\" \/>\n\t<meta name=\"twitter:data2\" content=\"5\" \/>\n<script type=\"application\/ld+json\" class=\"yoast-schema-graph\">{\"@context\":\"https:\/\/schema.org\",\"@graph\":[{\"@type\":\"WebPage\",\"@id\":\"https:\/\/www.welovecycling.com\/es\/2019\/02\/21\/britanicos-creian-nazis-organizaban-viajes-ciclistas-espias\/\",\"url\":\"https:\/\/www.welovecycling.com\/es\/2019\/02\/21\/britanicos-creian-nazis-organizaban-viajes-ciclistas-espias\/\",\"name\":\"Cuando los brit\u00e1nicos cre\u00edan que los Nazis organizaban viajes ciclistas esp\u00edas - \u0160koda We Love Cycling - Spain\",\"isPartOf\":{\"@id\":\"https:\/\/www.welovecycling.com\/es\/#website\"},\"primaryImageOfPage\":{\"@id\":\"https:\/\/www.welovecycling.com\/es\/2019\/02\/21\/britanicos-creian-nazis-organizaban-viajes-ciclistas-espias\/#primaryimage\"},\"image\":{\"@id\":\"https:\/\/www.welovecycling.com\/es\/2019\/02\/21\/britanicos-creian-nazis-organizaban-viajes-ciclistas-espias\/#primaryimage\"},\"thumbnailUrl\":\"https:\/\/d2p6e6u75xmxt8.cloudfront.net\/6\/2019\/02\/hitlerjugend-profimedia-0147327935.jpg\",\"datePublished\":\"2019-02-21T18:41:04+00:00\",\"author\":{\"@id\":\"https:\/\/www.welovecycling.com\/es\/#\/schema\/person\/deb61715b5812698ee79fb96f343ccd4\"},\"description\":\"Cuando los brit\u00e1nicos cre\u00edan que los nazis organizaban viajes ciclistas para espiarles. Sucedi\u00f3 en 1935 con una publicaci\u00f3n en un diario checho.\",\"breadcrumb\":{\"@id\":\"https:\/\/www.welovecycling.com\/es\/2019\/02\/21\/britanicos-creian-nazis-organizaban-viajes-ciclistas-espias\/#breadcrumb\"},\"inLanguage\":\"es-ES\",\"potentialAction\":[{\"@type\":\"ReadAction\",\"target\":[\"https:\/\/www.welovecycling.com\/es\/2019\/02\/21\/britanicos-creian-nazis-organizaban-viajes-ciclistas-espias\/\"]}]},{\"@type\":\"ImageObject\",\"inLanguage\":\"es-ES\",\"@id\":\"https:\/\/www.welovecycling.com\/es\/2019\/02\/21\/britanicos-creian-nazis-organizaban-viajes-ciclistas-espias\/#primaryimage\",\"url\":\"https:\/\/d2p6e6u75xmxt8.cloudfront.net\/6\/2019\/02\/hitlerjugend-profimedia-0147327935.jpg\",\"contentUrl\":\"https:\/\/d2p6e6u75xmxt8.cloudfront.net\/6\/2019\/02\/hitlerjugend-profimedia-0147327935.jpg\",\"width\":1366,\"height\":600},{\"@type\":\"BreadcrumbList\",\"@id\":\"https:\/\/www.welovecycling.com\/es\/2019\/02\/21\/britanicos-creian-nazis-organizaban-viajes-ciclistas-espias\/#breadcrumb\",\"itemListElement\":[{\"@type\":\"ListItem\",\"position\":1,\"name\":\"Home\",\"item\":\"https:\/\/www.welovecycling.com\/es\/\"},{\"@type\":\"ListItem\",\"position\":2,\"name\":\"Cuando los brit\u00e1nicos cre\u00edan que los Nazis organizaban viajes ciclistas esp\u00edas\"}]},{\"@type\":\"WebSite\",\"@id\":\"https:\/\/www.welovecycling.com\/es\/#website\",\"url\":\"https:\/\/www.welovecycling.com\/es\/\",\"name\":\"\u0160koda We Love Cycling - Spain\",\"description\":\"\u0160koda WeLoveCycling Spain\",\"potentialAction\":[{\"@type\":\"SearchAction\",\"target\":{\"@type\":\"EntryPoint\",\"urlTemplate\":\"https:\/\/www.welovecycling.com\/es\/?s={search_term_string}\"},\"query-input\":{\"@type\":\"PropertyValueSpecification\",\"valueRequired\":true,\"valueName\":\"search_term_string\"}}],\"inLanguage\":\"es-ES\"},{\"@type\":\"Person\",\"@id\":\"https:\/\/www.welovecycling.com\/es\/#\/schema\/person\/deb61715b5812698ee79fb96f343ccd4\",\"name\":\"We Love Cycling Spain\",\"image\":{\"@type\":\"ImageObject\",\"inLanguage\":\"es-ES\",\"@id\":\"https:\/\/www.welovecycling.com\/es\/#\/schema\/person\/image\/\",\"url\":\"https:\/\/secure.gravatar.com\/avatar\/c824b04e6df0e37a03219d0b6481672889df542894588964102459e46513159c?s=96&d=mm&r=g\",\"contentUrl\":\"https:\/\/secure.gravatar.com\/avatar\/c824b04e6df0e37a03219d0b6481672889df542894588964102459e46513159c?s=96&d=mm&r=g\",\"caption\":\"We Love Cycling Spain\"},\"url\":\"https:\/\/www.welovecycling.com\/es\/author\/amunoz\/\"}]}<\/script>\n<!-- \/ Yoast SEO Premium plugin. -->","yoast_head_json":{"title":"Cuando los brit\u00e1nicos cre\u00edan que los Nazis organizaban viajes ciclistas esp\u00edas - \u0160koda We Love Cycling - Spain","description":"Cuando los brit\u00e1nicos cre\u00edan que los nazis organizaban viajes ciclistas para espiarles. Sucedi\u00f3 en 1935 con una publicaci\u00f3n en un diario checho.","robots":{"index":"index","follow":"follow","max-snippet":"max-snippet:-1","max-image-preview":"max-image-preview:large","max-video-preview":"max-video-preview:-1"},"canonical":"https:\/\/www.welovecycling.com\/es\/2019\/02\/21\/britanicos-creian-nazis-organizaban-viajes-ciclistas-espias\/","og_locale":"es_ES","og_type":"article","og_title":"Cuando los brit\u00e1nicos cre\u00edan que los nazis organizaban viajes ciclistas para espiarles","og_description":"Cuando los brit\u00e1nicos cre\u00edan que los nazis organizaban viajes ciclistas para espiarles. Sucedi\u00f3 en 1935 con una publicaci\u00f3n en un diario checho.","og_url":"https:\/\/www.welovecycling.com\/es\/2019\/02\/21\/britanicos-creian-nazis-organizaban-viajes-ciclistas-espias\/","og_site_name":"\u0160koda We Love Cycling - Spain","article_published_time":"2019-02-21T18:41:04+00:00","og_image":[{"width":1366,"height":600,"url":"https:\/\/d2p6e6u75xmxt8.cloudfront.net\/6\/2019\/02\/hitlerjugend-profimedia-0147327935.jpg","type":"image\/jpeg"}],"author":"We Love Cycling Spain","twitter_card":"summary_large_image","twitter_title":"Cuando los brit\u00e1nicos cre\u00edan que los nazis organizaban viajes ciclistas para espiarles","twitter_description":"Cuando los brit\u00e1nicos cre\u00edan que los nazis organizaban viajes ciclistas para espiarles. Sucedi\u00f3 en 1935 con una publicaci\u00f3n en un diario checho.","twitter_misc":{"Written by":"Monica Buck","Est. reading time":"5"},"schema":{"@context":"https:\/\/schema.org","@graph":[{"@type":"WebPage","@id":"https:\/\/www.welovecycling.com\/es\/2019\/02\/21\/britanicos-creian-nazis-organizaban-viajes-ciclistas-espias\/","url":"https:\/\/www.welovecycling.com\/es\/2019\/02\/21\/britanicos-creian-nazis-organizaban-viajes-ciclistas-espias\/","name":"Cuando los brit\u00e1nicos cre\u00edan que los Nazis organizaban viajes ciclistas esp\u00edas - \u0160koda We Love Cycling - Spain","isPartOf":{"@id":"https:\/\/www.welovecycling.com\/es\/#website"},"primaryImageOfPage":{"@id":"https:\/\/www.welovecycling.com\/es\/2019\/02\/21\/britanicos-creian-nazis-organizaban-viajes-ciclistas-espias\/#primaryimage"},"image":{"@id":"https:\/\/www.welovecycling.com\/es\/2019\/02\/21\/britanicos-creian-nazis-organizaban-viajes-ciclistas-espias\/#primaryimage"},"thumbnailUrl":"https:\/\/d2p6e6u75xmxt8.cloudfront.net\/6\/2019\/02\/hitlerjugend-profimedia-0147327935.jpg","datePublished":"2019-02-21T18:41:04+00:00","author":{"@id":"https:\/\/www.welovecycling.com\/es\/#\/schema\/person\/deb61715b5812698ee79fb96f343ccd4"},"description":"Cuando los brit\u00e1nicos cre\u00edan que los nazis organizaban viajes ciclistas para espiarles. Sucedi\u00f3 en 1935 con una publicaci\u00f3n en un diario checho.","breadcrumb":{"@id":"https:\/\/www.welovecycling.com\/es\/2019\/02\/21\/britanicos-creian-nazis-organizaban-viajes-ciclistas-espias\/#breadcrumb"},"inLanguage":"es-ES","potentialAction":[{"@type":"ReadAction","target":["https:\/\/www.welovecycling.com\/es\/2019\/02\/21\/britanicos-creian-nazis-organizaban-viajes-ciclistas-espias\/"]}]},{"@type":"ImageObject","inLanguage":"es-ES","@id":"https:\/\/www.welovecycling.com\/es\/2019\/02\/21\/britanicos-creian-nazis-organizaban-viajes-ciclistas-espias\/#primaryimage","url":"https:\/\/d2p6e6u75xmxt8.cloudfront.net\/6\/2019\/02\/hitlerjugend-profimedia-0147327935.jpg","contentUrl":"https:\/\/d2p6e6u75xmxt8.cloudfront.net\/6\/2019\/02\/hitlerjugend-profimedia-0147327935.jpg","width":1366,"height":600},{"@type":"BreadcrumbList","@id":"https:\/\/www.welovecycling.com\/es\/2019\/02\/21\/britanicos-creian-nazis-organizaban-viajes-ciclistas-espias\/#breadcrumb","itemListElement":[{"@type":"ListItem","position":1,"name":"Home","item":"https:\/\/www.welovecycling.com\/es\/"},{"@type":"ListItem","position":2,"name":"Cuando los brit\u00e1nicos cre\u00edan que los Nazis organizaban viajes ciclistas esp\u00edas"}]},{"@type":"WebSite","@id":"https:\/\/www.welovecycling.com\/es\/#website","url":"https:\/\/www.welovecycling.com\/es\/","name":"\u0160koda We Love Cycling - Spain","description":"\u0160koda WeLoveCycling Spain","potentialAction":[{"@type":"SearchAction","target":{"@type":"EntryPoint","urlTemplate":"https:\/\/www.welovecycling.com\/es\/?s={search_term_string}"},"query-input":{"@type":"PropertyValueSpecification","valueRequired":true,"valueName":"search_term_string"}}],"inLanguage":"es-ES"},{"@type":"Person","@id":"https:\/\/www.welovecycling.com\/es\/#\/schema\/person\/deb61715b5812698ee79fb96f343ccd4","name":"We Love Cycling Spain","image":{"@type":"ImageObject","inLanguage":"es-ES","@id":"https:\/\/www.welovecycling.com\/es\/#\/schema\/person\/image\/","url":"https:\/\/secure.gravatar.com\/avatar\/c824b04e6df0e37a03219d0b6481672889df542894588964102459e46513159c?s=96&d=mm&r=g","contentUrl":"https:\/\/secure.gravatar.com\/avatar\/c824b04e6df0e37a03219d0b6481672889df542894588964102459e46513159c?s=96&d=mm&r=g","caption":"We Love Cycling Spain"},"url":"https:\/\/www.welovecycling.com\/es\/author\/amunoz\/"}]}},"_links":{"self":[{"href":"https:\/\/www.welovecycling.com\/es\/wp-json\/wp\/v2\/posts\/4188","targetHints":{"allow":["GET"]}}],"collection":[{"href":"https:\/\/www.welovecycling.com\/es\/wp-json\/wp\/v2\/posts"}],"about":[{"href":"https:\/\/www.welovecycling.com\/es\/wp-json\/wp\/v2\/types\/post"}],"author":[{"embeddable":true,"href":"https:\/\/www.welovecycling.com\/es\/wp-json\/wp\/v2\/users\/29"}],"replies":[{"embeddable":true,"href":"https:\/\/www.welovecycling.com\/es\/wp-json\/wp\/v2\/comments?post=4188"}],"version-history":[{"count":2,"href":"https:\/\/www.welovecycling.com\/es\/wp-json\/wp\/v2\/posts\/4188\/revisions"}],"predecessor-version":[{"id":4192,"href":"https:\/\/www.welovecycling.com\/es\/wp-json\/wp\/v2\/posts\/4188\/revisions\/4192"}],"wp:featuredmedia":[{"embeddable":true,"href":"https:\/\/www.welovecycling.com\/es\/wp-json\/wp\/v2\/media\/4191"}],"wp:attachment":[{"href":"https:\/\/www.welovecycling.com\/es\/wp-json\/wp\/v2\/media?parent=4188"}],"wp:term":[{"taxonomy":"category","embeddable":true,"href":"https:\/\/www.welovecycling.com\/es\/wp-json\/wp\/v2\/categories?post=4188"},{"taxonomy":"post_tag","embeddable":true,"href":"https:\/\/www.welovecycling.com\/es\/wp-json\/wp\/v2\/tags?post=4188"},{"taxonomy":"global-categories","embeddable":true,"href":"https:\/\/www.welovecycling.com\/es\/wp-json\/wp\/v2\/global-categories?post=4188"}],"curies":[{"name":"wp","href":"https:\/\/api.w.org\/{rel}","templated":true}]}}