{"id":4157,"date":"2019-02-19T10:46:17","date_gmt":"2019-02-19T08:46:17","guid":{"rendered":"https:\/\/www.welovecycling.com\/es\/?p=4157"},"modified":"2019-03-11T16:57:27","modified_gmt":"2019-03-11T14:57:27","slug":"bicicletas-equipos-profesionales","status":"publish","type":"post","link":"https:\/\/www.welovecycling.com\/es\/2019\/02\/19\/bicicletas-equipos-profesionales\/","title":{"rendered":"Las bicicletas de los equipos profesionales de La Vuelta a Murcia"},"content":{"rendered":"<p><strong>Estrenar temporada ciclista supone nuevo modelos de bicicletas tope gama. Los equipos y las marcas renuevan las bicis con las que van a correr este a\u00f1o. Y si estamos hablando de 2019 pues se comienzan a imponer algunas tendencias. Los frenos de disco y las bicicletas aero empiezan a ganar terreno en el pelot\u00f3n internacional, como pudimos ver en la pasada Vuelta a Murcia.<\/strong><\/p>\n<p><!--more--><\/p>\n<p>Y es que el futuro del ciclismo de carretera, por mucho que les pese a los m\u00e1s puristas, pasa por los frenos de disco. Desde que se levant\u00f3 la prohibici\u00f3n por parte de la UCI cada vez m\u00e1s equipos se han abonado a este tipo de frenos, sobre todo para etapas de perfil m\u00e1s o menos llanos, como fue la primera de la <strong>Vuelta a Murcia 2019, entre Yecla y San Javier,<\/strong> aunque si atendemos al resultado de la mismas y al nombre del ganador, Pello Bilbao, podr\u00edamos pensar que fue de alta monta\u00f1a.<\/p>\n<p>Lo cierto es que en la salida de Yecla hab\u00eda 18 equipos profesionales, 7 de ellos Pro Tour y una quincena de marcas diferentes de bicicletas cada una con sus diferentes versiones. Pero simplemente con echar un vistazo casi el 50% de los equipos ya vest\u00edan a sus monturas con frenos de disco para todos sus corredores y dejaban a la elecci\u00f3n del ciclista si escog\u00edan su versi\u00f3n m\u00e1s escaladora o aero. El ejemplo, el <strong>Kometa Cycling<\/strong> de Alberto Contador y Jes\u00fas Hern\u00e1ndez. <strong>Bicicletas Trek<\/strong> con freno de disco y modelos \u00c9monda para los m\u00e1s escaladores y Madone para los m\u00e1s rodadores. O el <strong>Burgos BH<\/strong>, en este caso todos con frenos de zapata pero con los modelos G7 o m\u00e1s ligero para elegir.<\/p>\n<p>Algo similar sucedi\u00f3 a los ciclistas de <strong>Movistar Team y Team Katusha<\/strong>. Los dos tienen como patrocinador a <strong>Canyon<\/strong> y ambos pudieron elegir entre la versi\u00f3n m\u00e1s r\u00e1pida, la Aeroad, o la m\u00e1s escaladora, la Ultimate. Pero no el tipo de frenado. Todos los &#8216;rusos&#8217; con discos y todos los del equipo espa\u00f1ol con zapata. Y tambi\u00e9n con los ciclistas de la<strong> Fundaci\u00f3n Euskadi y el Euskadi Murias<\/strong>. Los primeros, todos con la versi\u00f3n aero de la <strong>Orbea Orca<\/strong> y frenos de disco, los segundos con la versi\u00f3n escaladora de la Orbea Orca y frenos de zapata.<\/p>\n<p>Pero para complicar todo eso estaba el <strong>Mitchelton Scott<\/strong> australiano. Que si dio total libertad a sus ciclistas para elegir zapata o disco en el modelo de la Scott aero. El resultado, tres ciclistas con zapata (el veterano Albasini entre ellos) y cuatro con disco (incluido el velocista Trentin).<\/p>\n<p>En lo que ning\u00fan equipo dud\u00f3 fue en poner <strong>ruedas de m\u00e1s de 4o de perfil y carbono.<\/strong> Una tendencia cada vez mayor incluso para etapas de alta monta\u00f1a, donde incluso hay ciclistas que prefieren primar la aerodin\u00e1mica al peso.<\/p>\n<h2 style=\"text-align: center;\"><strong>TREK &#8211; KOMETA CYCLING<\/strong><\/h2>\n<p><a href=\"https:\/\/d2p6e6u75xmxt8.cloudfront.net\/6\/2019\/02\/VUELTA-A-MURCIA-1.JPG.jpg\"><img loading=\"lazy\" decoding=\"async\" class=\"aligncenter size-large wp-image-4158\" src=\"https:\/\/d2p6e6u75xmxt8.cloudfront.net\/6\/2019\/02\/VUELTA-A-MURCIA-1.JPG-1024x576.jpg\" alt=\"\" width=\"1024\" height=\"576\" srcset=\"https:\/\/d2p6e6u75xmxt8.cloudfront.net\/6\/2019\/02\/VUELTA-A-MURCIA-1.JPG.jpg 1024w, https:\/\/d2p6e6u75xmxt8.cloudfront.net\/6\/2019\/02\/VUELTA-A-MURCIA-1.JPG-300x169.jpg 300w, https:\/\/d2p6e6u75xmxt8.cloudfront.net\/6\/2019\/02\/VUELTA-A-MURCIA-1.JPG-768x432.jpg 768w\" sizes=\"auto, (max-width: 1024px) 100vw, 1024px\" \/><\/a><\/p>\n<h2 style=\"text-align: center;\"><strong>SPECIALIZED VENGE &#8211; BORA<\/strong><\/h2>\n<p><a href=\"https:\/\/d2p6e6u75xmxt8.cloudfront.net\/6\/2019\/02\/VUELTA-A-MURCIA-3.JPG.jpg\"><img loading=\"lazy\" decoding=\"async\" class=\"aligncenter size-large wp-image-4159\" src=\"https:\/\/d2p6e6u75xmxt8.cloudfront.net\/6\/2019\/02\/VUELTA-A-MURCIA-3.JPG-1024x462.jpg\" alt=\"\" width=\"1024\" height=\"462\" srcset=\"https:\/\/d2p6e6u75xmxt8.cloudfront.net\/6\/2019\/02\/VUELTA-A-MURCIA-3.JPG.jpg 1024w, https:\/\/d2p6e6u75xmxt8.cloudfront.net\/6\/2019\/02\/VUELTA-A-MURCIA-3.JPG-300x135.jpg 300w, https:\/\/d2p6e6u75xmxt8.cloudfront.net\/6\/2019\/02\/VUELTA-A-MURCIA-3.JPG-768x347.jpg 768w\" sizes=\"auto, (max-width: 1024px) 100vw, 1024px\" \/><\/a><\/p>\n<h2 style=\"text-align: center;\"><strong>DE ROSA PROTOS &#8211; TEAM CAJA RURAL RGA<\/strong><\/h2>\n<p><a href=\"https:\/\/d2p6e6u75xmxt8.cloudfront.net\/6\/2019\/02\/VUELTA-A-MURCIA-4.JPG.jpg\"><img loading=\"lazy\" decoding=\"async\" class=\"aligncenter size-large wp-image-4160\" src=\"https:\/\/d2p6e6u75xmxt8.cloudfront.net\/6\/2019\/02\/VUELTA-A-MURCIA-4.JPG-1024x576.jpg\" alt=\"\" width=\"1024\" height=\"576\" srcset=\"https:\/\/d2p6e6u75xmxt8.cloudfront.net\/6\/2019\/02\/VUELTA-A-MURCIA-4.JPG.jpg 1024w, https:\/\/d2p6e6u75xmxt8.cloudfront.net\/6\/2019\/02\/VUELTA-A-MURCIA-4.JPG-300x169.jpg 300w, https:\/\/d2p6e6u75xmxt8.cloudfront.net\/6\/2019\/02\/VUELTA-A-MURCIA-4.JPG-768x432.jpg 768w\" sizes=\"auto, (max-width: 1024px) 100vw, 1024px\" \/><\/a><\/p>\n<h2 style=\"text-align: center;\"><strong>FELT &#8211; TEAM RALLY<\/strong><\/h2>\n<p><a href=\"https:\/\/d2p6e6u75xmxt8.cloudfront.net\/6\/2019\/02\/VUELTA-A-MURCIA-5.JPG.jpg\"><img loading=\"lazy\" decoding=\"async\" class=\"aligncenter size-large wp-image-4161\" src=\"https:\/\/d2p6e6u75xmxt8.cloudfront.net\/6\/2019\/02\/VUELTA-A-MURCIA-5.JPG-1024x576.jpg\" alt=\"\" width=\"1024\" height=\"576\" srcset=\"https:\/\/d2p6e6u75xmxt8.cloudfront.net\/6\/2019\/02\/VUELTA-A-MURCIA-5.JPG.jpg 1024w, https:\/\/d2p6e6u75xmxt8.cloudfront.net\/6\/2019\/02\/VUELTA-A-MURCIA-5.JPG-300x169.jpg 300w, https:\/\/d2p6e6u75xmxt8.cloudfront.net\/6\/2019\/02\/VUELTA-A-MURCIA-5.JPG-768x432.jpg 768w\" sizes=\"auto, (max-width: 1024px) 100vw, 1024px\" \/><\/a><\/p>\n<h2 style=\"text-align: center;\"><strong>EDDY MERCKX &#8211; TOPSPORT VLAANDEREN<\/strong><\/h2>\n<p><a href=\"https:\/\/d2p6e6u75xmxt8.cloudfront.net\/6\/2019\/02\/VUELTA-A-MURCIA-6.JPG.jpg\"><img loading=\"lazy\" decoding=\"async\" class=\"aligncenter size-large wp-image-4162\" src=\"https:\/\/d2p6e6u75xmxt8.cloudfront.net\/6\/2019\/02\/VUELTA-A-MURCIA-6.JPG-1024x614.jpg\" alt=\"\" width=\"1024\" height=\"614\" srcset=\"https:\/\/d2p6e6u75xmxt8.cloudfront.net\/6\/2019\/02\/VUELTA-A-MURCIA-6.JPG.jpg 1024w, https:\/\/d2p6e6u75xmxt8.cloudfront.net\/6\/2019\/02\/VUELTA-A-MURCIA-6.JPG-300x180.jpg 300w, https:\/\/d2p6e6u75xmxt8.cloudfront.net\/6\/2019\/02\/VUELTA-A-MURCIA-6.JPG-768x461.jpg 768w\" sizes=\"auto, (max-width: 1024px) 100vw, 1024px\" \/><\/a><\/p>\n<p>&nbsp;<\/p>\n<h2 style=\"text-align: center;\"><strong>BH\u00a0 &#8211; TEAM BURGOS BH<\/strong><\/h2>\n<p><a href=\"https:\/\/d2p6e6u75xmxt8.cloudfront.net\/6\/2019\/02\/VUELTA-A-MURCIA-7.JPG.jpg\"><img loading=\"lazy\" decoding=\"async\" class=\"aligncenter size-large wp-image-4163\" src=\"https:\/\/d2p6e6u75xmxt8.cloudfront.net\/6\/2019\/02\/VUELTA-A-MURCIA-7.JPG-1024x648.jpg\" alt=\"\" width=\"1024\" height=\"648\" srcset=\"https:\/\/d2p6e6u75xmxt8.cloudfront.net\/6\/2019\/02\/VUELTA-A-MURCIA-7.JPG.jpg 1024w, https:\/\/d2p6e6u75xmxt8.cloudfront.net\/6\/2019\/02\/VUELTA-A-MURCIA-7.JPG-300x190.jpg 300w, https:\/\/d2p6e6u75xmxt8.cloudfront.net\/6\/2019\/02\/VUELTA-A-MURCIA-7.JPG-768x486.jpg 768w\" sizes=\"auto, (max-width: 1024px) 100vw, 1024px\" \/><\/a><\/p>\n<h2 style=\"text-align: center;\"><strong>WILIER &#8211; DIRECT ENERGIE<\/strong><\/h2>\n<p><a href=\"https:\/\/d2p6e6u75xmxt8.cloudfront.net\/6\/2019\/02\/VUELTA-A-MURCIA-9.JPG.jpg\"><img loading=\"lazy\" decoding=\"async\" class=\"aligncenter size-large wp-image-4164\" src=\"https:\/\/d2p6e6u75xmxt8.cloudfront.net\/6\/2019\/02\/VUELTA-A-MURCIA-9.JPG-1024x748.jpg\" alt=\"\" width=\"1024\" height=\"748\" srcset=\"https:\/\/d2p6e6u75xmxt8.cloudfront.net\/6\/2019\/02\/VUELTA-A-MURCIA-9.JPG.jpg 1024w, https:\/\/d2p6e6u75xmxt8.cloudfront.net\/6\/2019\/02\/VUELTA-A-MURCIA-9.JPG-300x219.jpg 300w, https:\/\/d2p6e6u75xmxt8.cloudfront.net\/6\/2019\/02\/VUELTA-A-MURCIA-9.JPG-768x561.jpg 768w\" sizes=\"auto, (max-width: 1024px) 100vw, 1024px\" \/><\/a><\/p>\n<h2 style=\"text-align: center;\"><strong>GIANT TCR &#8211; TEAM CCC<\/strong><\/h2>\n<p><a href=\"https:\/\/d2p6e6u75xmxt8.cloudfront.net\/6\/2019\/02\/VUELTA-A-MURCIA-10.JPG.jpg\"><img loading=\"lazy\" decoding=\"async\" class=\"aligncenter size-large wp-image-4165\" src=\"https:\/\/d2p6e6u75xmxt8.cloudfront.net\/6\/2019\/02\/VUELTA-A-MURCIA-10.JPG-1024x576.jpg\" alt=\"\" width=\"1024\" height=\"576\" srcset=\"https:\/\/d2p6e6u75xmxt8.cloudfront.net\/6\/2019\/02\/VUELTA-A-MURCIA-10.JPG.jpg 1024w, https:\/\/d2p6e6u75xmxt8.cloudfront.net\/6\/2019\/02\/VUELTA-A-MURCIA-10.JPG-300x169.jpg 300w, https:\/\/d2p6e6u75xmxt8.cloudfront.net\/6\/2019\/02\/VUELTA-A-MURCIA-10.JPG-768x432.jpg 768w\" sizes=\"auto, (max-width: 1024px) 100vw, 1024px\" \/><\/a><\/p>\n<h2 style=\"text-align: center;\"><strong>CANYON &#8211; TEAM KATUSHA<\/strong><\/h2>\n<p><a href=\"https:\/\/d2p6e6u75xmxt8.cloudfront.net\/6\/2019\/02\/VUELTA-A-MURCIA-11.JPG.jpg\"><img loading=\"lazy\" decoding=\"async\" class=\"aligncenter size-large wp-image-4166\" src=\"https:\/\/d2p6e6u75xmxt8.cloudfront.net\/6\/2019\/02\/VUELTA-A-MURCIA-11.JPG-1024x534.jpg\" alt=\"\" width=\"1024\" height=\"534\" srcset=\"https:\/\/d2p6e6u75xmxt8.cloudfront.net\/6\/2019\/02\/VUELTA-A-MURCIA-11.JPG.jpg 1024w, https:\/\/d2p6e6u75xmxt8.cloudfront.net\/6\/2019\/02\/VUELTA-A-MURCIA-11.JPG-300x156.jpg 300w, https:\/\/d2p6e6u75xmxt8.cloudfront.net\/6\/2019\/02\/VUELTA-A-MURCIA-11.JPG-768x401.jpg 768w\" sizes=\"auto, (max-width: 1024px) 100vw, 1024px\" \/><\/a><\/p>\n<h2 style=\"text-align: center;\"><strong>SCOTT RC &#8211; TEAM MITCHELTON SCOTT<\/strong><\/h2>\n<p><a href=\"https:\/\/d2p6e6u75xmxt8.cloudfront.net\/6\/2019\/02\/VUELTA-A-MURCIA-12.JPG.jpg\"><img loading=\"lazy\" decoding=\"async\" class=\"aligncenter size-large wp-image-4167\" src=\"https:\/\/d2p6e6u75xmxt8.cloudfront.net\/6\/2019\/02\/VUELTA-A-MURCIA-12.JPG-1024x714.jpg\" alt=\"\" width=\"1024\" height=\"714\" srcset=\"https:\/\/d2p6e6u75xmxt8.cloudfront.net\/6\/2019\/02\/VUELTA-A-MURCIA-12.JPG.jpg 1024w, https:\/\/d2p6e6u75xmxt8.cloudfront.net\/6\/2019\/02\/VUELTA-A-MURCIA-12.JPG-300x209.jpg 300w, https:\/\/d2p6e6u75xmxt8.cloudfront.net\/6\/2019\/02\/VUELTA-A-MURCIA-12.JPG-768x536.jpg 768w\" sizes=\"auto, (max-width: 1024px) 100vw, 1024px\" \/><\/a><\/p>\n<h2 style=\"text-align: center;\"><strong>KOUTA KHAN &#8211; TEAM COFIDIS<\/strong><\/h2>\n<p><a href=\"https:\/\/d2p6e6u75xmxt8.cloudfront.net\/6\/2019\/02\/VUELTA-A-MURCIA-14.JPG.jpg\"><img loading=\"lazy\" decoding=\"async\" class=\"aligncenter size-large wp-image-4168\" src=\"https:\/\/d2p6e6u75xmxt8.cloudfront.net\/6\/2019\/02\/VUELTA-A-MURCIA-14.JPG-1024x576.jpg\" alt=\"\" width=\"1024\" height=\"576\" srcset=\"https:\/\/d2p6e6u75xmxt8.cloudfront.net\/6\/2019\/02\/VUELTA-A-MURCIA-14.JPG.jpg 1024w, https:\/\/d2p6e6u75xmxt8.cloudfront.net\/6\/2019\/02\/VUELTA-A-MURCIA-14.JPG-300x169.jpg 300w, https:\/\/d2p6e6u75xmxt8.cloudfront.net\/6\/2019\/02\/VUELTA-A-MURCIA-14.JPG-768x432.jpg 768w\" sizes=\"auto, (max-width: 1024px) 100vw, 1024px\" \/><\/a><\/p>\n<h2 style=\"text-align: center;\"><strong>ORBEA &#8211; TEAM EUSKADI MURIAS<\/strong><\/h2>\n<p><a href=\"https:\/\/d2p6e6u75xmxt8.cloudfront.net\/6\/2019\/02\/VUELTA-A-MURCIA-15.JPG.jpg\"><img loading=\"lazy\" decoding=\"async\" class=\"aligncenter size-large wp-image-4169\" src=\"https:\/\/d2p6e6u75xmxt8.cloudfront.net\/6\/2019\/02\/VUELTA-A-MURCIA-15.JPG-1024x555.jpg\" alt=\"\" width=\"1024\" height=\"555\" srcset=\"https:\/\/d2p6e6u75xmxt8.cloudfront.net\/6\/2019\/02\/VUELTA-A-MURCIA-15.JPG.jpg 1024w, https:\/\/d2p6e6u75xmxt8.cloudfront.net\/6\/2019\/02\/VUELTA-A-MURCIA-15.JPG-300x163.jpg 300w, https:\/\/d2p6e6u75xmxt8.cloudfront.net\/6\/2019\/02\/VUELTA-A-MURCIA-15.JPG-768x416.jpg 768w\" sizes=\"auto, (max-width: 1024px) 100vw, 1024px\" \/><\/a><\/p>\n<h2 style=\"text-align: center;\"><strong>CUBE &#8211; TEAM WANTY<\/strong><\/h2>\n<p><a href=\"https:\/\/d2p6e6u75xmxt8.cloudfront.net\/6\/2019\/02\/VUELTA-A-MURCIA-16.JPG.jpg\"><img loading=\"lazy\" decoding=\"async\" class=\"aligncenter size-large wp-image-4170\" src=\"https:\/\/d2p6e6u75xmxt8.cloudfront.net\/6\/2019\/02\/VUELTA-A-MURCIA-16.JPG-1024x576.jpg\" alt=\"\" width=\"1024\" height=\"576\" srcset=\"https:\/\/d2p6e6u75xmxt8.cloudfront.net\/6\/2019\/02\/VUELTA-A-MURCIA-16.JPG.jpg 1024w, https:\/\/d2p6e6u75xmxt8.cloudfront.net\/6\/2019\/02\/VUELTA-A-MURCIA-16.JPG-300x169.jpg 300w, https:\/\/d2p6e6u75xmxt8.cloudfront.net\/6\/2019\/02\/VUELTA-A-MURCIA-16.JPG-768x432.jpg 768w\" sizes=\"auto, (max-width: 1024px) 100vw, 1024px\" \/><\/a><\/p>\n<h2 style=\"text-align: center;\"><strong>ORBEA &#8211; TEAM FUNDACI\u00d3N EUSKADI<\/strong><\/h2>\n<p><a href=\"https:\/\/d2p6e6u75xmxt8.cloudfront.net\/6\/2019\/02\/VUELTA-A-MURCIA-17.JPG.jpg\"><img loading=\"lazy\" decoding=\"async\" class=\"aligncenter size-large wp-image-4171\" src=\"https:\/\/d2p6e6u75xmxt8.cloudfront.net\/6\/2019\/02\/VUELTA-A-MURCIA-17.JPG-1024x688.jpg\" alt=\"\" width=\"1024\" height=\"688\" srcset=\"https:\/\/d2p6e6u75xmxt8.cloudfront.net\/6\/2019\/02\/VUELTA-A-MURCIA-17.JPG.jpg 1024w, https:\/\/d2p6e6u75xmxt8.cloudfront.net\/6\/2019\/02\/VUELTA-A-MURCIA-17.JPG-300x202.jpg 300w, https:\/\/d2p6e6u75xmxt8.cloudfront.net\/6\/2019\/02\/VUELTA-A-MURCIA-17.JPG-768x516.jpg 768w, https:\/\/d2p6e6u75xmxt8.cloudfront.net\/6\/2019\/02\/VUELTA-A-MURCIA-17.JPG-272x182.jpg 272w\" sizes=\"auto, (max-width: 1024px) 100vw, 1024px\" \/><\/a><\/p>\n<h2 style=\"text-align: center;\"><strong>COLNAGO &#8211; TEAM RUSVELO<\/strong><\/h2>\n<p><a href=\"https:\/\/d2p6e6u75xmxt8.cloudfront.net\/6\/2019\/02\/VUELTA-A-MURCIA-18.JPG.jpg\"><img loading=\"lazy\" decoding=\"async\" class=\"aligncenter size-large wp-image-4172\" src=\"https:\/\/d2p6e6u75xmxt8.cloudfront.net\/6\/2019\/02\/VUELTA-A-MURCIA-18.JPG-1024x610.jpg\" alt=\"\" width=\"1024\" height=\"610\" srcset=\"https:\/\/d2p6e6u75xmxt8.cloudfront.net\/6\/2019\/02\/VUELTA-A-MURCIA-18.JPG.jpg 1024w, https:\/\/d2p6e6u75xmxt8.cloudfront.net\/6\/2019\/02\/VUELTA-A-MURCIA-18.JPG-300x179.jpg 300w, https:\/\/d2p6e6u75xmxt8.cloudfront.net\/6\/2019\/02\/VUELTA-A-MURCIA-18.JPG-768x458.jpg 768w\" sizes=\"auto, (max-width: 1024px) 100vw, 1024px\" \/><\/a><\/p>\n<h2 style=\"text-align: center;\"><strong>ARGON 18 &#8211; TEAM ASTANA<\/strong><\/h2>\n<p><a href=\"https:\/\/d2p6e6u75xmxt8.cloudfront.net\/6\/2019\/02\/VUELTA-A-MURCIA-20.JPG.jpg\"><img loading=\"lazy\" decoding=\"async\" class=\"aligncenter size-large wp-image-4174\" src=\"https:\/\/d2p6e6u75xmxt8.cloudfront.net\/6\/2019\/02\/VUELTA-A-MURCIA-20.JPG-1024x576.jpg\" alt=\"\" width=\"1024\" height=\"576\" srcset=\"https:\/\/d2p6e6u75xmxt8.cloudfront.net\/6\/2019\/02\/VUELTA-A-MURCIA-20.JPG.jpg 1024w, https:\/\/d2p6e6u75xmxt8.cloudfront.net\/6\/2019\/02\/VUELTA-A-MURCIA-20.JPG-300x169.jpg 300w, https:\/\/d2p6e6u75xmxt8.cloudfront.net\/6\/2019\/02\/VUELTA-A-MURCIA-20.JPG-768x432.jpg 768w\" sizes=\"auto, (max-width: 1024px) 100vw, 1024px\" \/><\/a><\/p>\n<h2 style=\"text-align: center;\"><strong>CANYON &#8211; TEAM MOVISTAR<\/strong><\/h2>\n<p><a href=\"https:\/\/d2p6e6u75xmxt8.cloudfront.net\/6\/2019\/02\/VUELTA-A-MURCIA-21.JPG.jpg\"><img loading=\"lazy\" decoding=\"async\" class=\"aligncenter size-large wp-image-4175\" src=\"https:\/\/d2p6e6u75xmxt8.cloudfront.net\/6\/2019\/02\/VUELTA-A-MURCIA-21.JPG-1024x576.jpg\" alt=\"\" width=\"1024\" height=\"576\" srcset=\"https:\/\/d2p6e6u75xmxt8.cloudfront.net\/6\/2019\/02\/VUELTA-A-MURCIA-21.JPG.jpg 1024w, https:\/\/d2p6e6u75xmxt8.cloudfront.net\/6\/2019\/02\/VUELTA-A-MURCIA-21.JPG-300x169.jpg 300w, https:\/\/d2p6e6u75xmxt8.cloudfront.net\/6\/2019\/02\/VUELTA-A-MURCIA-21.JPG-768x432.jpg 768w\" sizes=\"auto, (max-width: 1024px) 100vw, 1024px\" \/><\/a><\/p>\n<h2 style=\"text-align: center;\"><strong>CANYON &#8211; TEAM MOVISTAR<\/strong><\/h2>\n<p><a href=\"https:\/\/d2p6e6u75xmxt8.cloudfront.net\/6\/2019\/02\/VUELTA-A-MURCIA-22.JPG.jpg\"><img loading=\"lazy\" decoding=\"async\" class=\"aligncenter size-large wp-image-4176\" src=\"https:\/\/d2p6e6u75xmxt8.cloudfront.net\/6\/2019\/02\/VUELTA-A-MURCIA-22.JPG-1024x576.jpg\" alt=\"\" width=\"1024\" height=\"576\" srcset=\"https:\/\/d2p6e6u75xmxt8.cloudfront.net\/6\/2019\/02\/VUELTA-A-MURCIA-22.JPG.jpg 1024w, https:\/\/d2p6e6u75xmxt8.cloudfront.net\/6\/2019\/02\/VUELTA-A-MURCIA-22.JPG-300x169.jpg 300w, https:\/\/d2p6e6u75xmxt8.cloudfront.net\/6\/2019\/02\/VUELTA-A-MURCIA-22.JPG-768x432.jpg 768w\" sizes=\"auto, (max-width: 1024px) 100vw, 1024px\" \/><\/a><\/p>\n<h2 style=\"text-align: center;\"><strong>FACTOR &#8211; TEAM ROOMPOT<\/strong><\/h2>\n<p><a href=\"https:\/\/d2p6e6u75xmxt8.cloudfront.net\/6\/2019\/02\/VUELTA-A-MURCIA-26.JPG.jpg\"><img loading=\"lazy\" decoding=\"async\" class=\"aligncenter size-large wp-image-4177\" src=\"https:\/\/d2p6e6u75xmxt8.cloudfront.net\/6\/2019\/02\/VUELTA-A-MURCIA-26.JPG-1024x738.jpg\" alt=\"\" width=\"1024\" height=\"738\" srcset=\"https:\/\/d2p6e6u75xmxt8.cloudfront.net\/6\/2019\/02\/VUELTA-A-MURCIA-26.JPG.jpg 1024w, https:\/\/d2p6e6u75xmxt8.cloudfront.net\/6\/2019\/02\/VUELTA-A-MURCIA-26.JPG-300x216.jpg 300w, https:\/\/d2p6e6u75xmxt8.cloudfront.net\/6\/2019\/02\/VUELTA-A-MURCIA-26.JPG-768x554.jpg 768w\" sizes=\"auto, (max-width: 1024px) 100vw, 1024px\" \/><\/a><\/p>\n","protected":false},"excerpt":{"rendered":"<p>Estrenar temporada ciclista supone nuevo modelos de bicicletas tope gama. Los equipos y las marcas renuevan las bicis con las [&hellip;]<\/p>\n","protected":false},"author":29,"featured_media":4178,"comment_status":"open","ping_status":"open","sticky":false,"template":"","format":"standard","meta":{"footnotes":""},"categories":[7],"tags":[885,874,875,876,881,883,879,886,884,882,880,888,878,877,887],"global-categories":[],"class_list":["post-4157","post","type-post","status-publish","format-standard","has-post-thumbnail","hentry","category-carretera","tag-argon-18-astana","tag-bicicletas-de-los-equipos-profesionales","tag-bicicletas-equipos-profesi","tag-bicicletas-equipos-profesionales-2019","tag-canyon-discos","tag-canyon-movistar","tag-factor-discos","tag-giant-tcr-ccc","tag-orbea-euskadi-murias","tag-orca-aero-discos","tag-scott-discos","tag-specialized-venge-disc","tag-trek-domane","tag-trek-madone","tag-wilier-direct-energie"],"yoast_head":"<!-- This site is optimized with the Yoast SEO Premium plugin v25.3 (Yoast SEO v25.9) - https:\/\/yoast.com\/wordpress\/plugins\/seo\/ -->\n<title>Las bicicletas de los equipos profesionales de La Vuelta a Murcia - \u0160koda We Love Cycling - Spain<\/title>\n<meta name=\"description\" content=\"Las bicicletas de los equipos profesionales de La Vuelta a Murcia. Unas bicicletas con disco, otras sin ellos. Unas m\u00e1s aero, otras m\u00e1s escaladoras...\" \/>\n<meta name=\"robots\" content=\"index, follow, max-snippet:-1, max-image-preview:large, max-video-preview:-1\" \/>\n<link rel=\"canonical\" href=\"https:\/\/www.welovecycling.com\/es\/2019\/02\/19\/bicicletas-equipos-profesionales\/\" \/>\n<meta property=\"og:locale\" content=\"es_ES\" \/>\n<meta property=\"og:type\" content=\"article\" \/>\n<meta property=\"og:title\" content=\"Las bicicletas de los equipos profesionales de La Vuelta a Murcia\" \/>\n<meta property=\"og:description\" content=\"Las bicicletas de los equipos profesionales de La Vuelta a Murcia. Unas bicicletas con disco, otras sin ellos. Unas m\u00e1s aero, otras m\u00e1s escaladoras...\" \/>\n<meta property=\"og:url\" content=\"https:\/\/www.welovecycling.com\/es\/2019\/02\/19\/bicicletas-equipos-profesionales\/\" \/>\n<meta property=\"og:site_name\" content=\"\u0160koda We Love Cycling - Spain\" \/>\n<meta property=\"article:published_time\" content=\"2019-02-19T08:46:17+00:00\" \/>\n<meta property=\"article:modified_time\" content=\"2019-03-11T14:57:27+00:00\" \/>\n<meta property=\"og:image\" content=\"https:\/\/d2p6e6u75xmxt8.cloudfront.net\/6\/2019\/02\/VUELTA-A-MURCIA-2.JPG.jpg\" \/>\n\t<meta property=\"og:image:width\" content=\"1024\" \/>\n\t<meta property=\"og:image:height\" content=\"576\" \/>\n\t<meta property=\"og:image:type\" content=\"image\/jpeg\" \/>\n<meta name=\"author\" content=\"We Love Cycling Spain\" \/>\n<meta name=\"twitter:card\" content=\"summary_large_image\" \/>\n<meta name=\"twitter:title\" content=\"Las bicicletas de los equipos profesionales de La Vuelta a Murcia\" \/>\n<meta name=\"twitter:description\" content=\"Las bicicletas de los equipos profesionales de La Vuelta a Murcia. Unas bicicletas con disco, otras sin ellos. Unas m\u00e1s aero, otras m\u00e1s escaladoras...\" \/>\n<meta name=\"twitter:label1\" content=\"Written by\" \/>\n\t<meta name=\"twitter:data1\" content=\"Luis Ortega @ciclored\" \/>\n\t<meta name=\"twitter:label2\" content=\"Est. reading time\" \/>\n\t<meta name=\"twitter:data2\" content=\"3 minutes\" \/>\n<script type=\"application\/ld+json\" class=\"yoast-schema-graph\">{\"@context\":\"https:\/\/schema.org\",\"@graph\":[{\"@type\":\"WebPage\",\"@id\":\"https:\/\/www.welovecycling.com\/es\/2019\/02\/19\/bicicletas-equipos-profesionales\/\",\"url\":\"https:\/\/www.welovecycling.com\/es\/2019\/02\/19\/bicicletas-equipos-profesionales\/\",\"name\":\"Las bicicletas de los equipos profesionales de La Vuelta a Murcia - \u0160koda We Love Cycling - Spain\",\"isPartOf\":{\"@id\":\"https:\/\/www.welovecycling.com\/es\/#website\"},\"primaryImageOfPage\":{\"@id\":\"https:\/\/www.welovecycling.com\/es\/2019\/02\/19\/bicicletas-equipos-profesionales\/#primaryimage\"},\"image\":{\"@id\":\"https:\/\/www.welovecycling.com\/es\/2019\/02\/19\/bicicletas-equipos-profesionales\/#primaryimage\"},\"thumbnailUrl\":\"https:\/\/d2p6e6u75xmxt8.cloudfront.net\/6\/2019\/02\/VUELTA-A-MURCIA-2.JPG.jpg\",\"datePublished\":\"2019-02-19T08:46:17+00:00\",\"dateModified\":\"2019-03-11T14:57:27+00:00\",\"author\":{\"@id\":\"https:\/\/www.welovecycling.com\/es\/#\/schema\/person\/deb61715b5812698ee79fb96f343ccd4\"},\"description\":\"Las bicicletas de los equipos profesionales de La Vuelta a Murcia. Unas bicicletas con disco, otras sin ellos. Unas m\u00e1s aero, otras m\u00e1s escaladoras...\",\"breadcrumb\":{\"@id\":\"https:\/\/www.welovecycling.com\/es\/2019\/02\/19\/bicicletas-equipos-profesionales\/#breadcrumb\"},\"inLanguage\":\"es-ES\",\"potentialAction\":[{\"@type\":\"ReadAction\",\"target\":[\"https:\/\/www.welovecycling.com\/es\/2019\/02\/19\/bicicletas-equipos-profesionales\/\"]}]},{\"@type\":\"ImageObject\",\"inLanguage\":\"es-ES\",\"@id\":\"https:\/\/www.welovecycling.com\/es\/2019\/02\/19\/bicicletas-equipos-profesionales\/#primaryimage\",\"url\":\"https:\/\/d2p6e6u75xmxt8.cloudfront.net\/6\/2019\/02\/VUELTA-A-MURCIA-2.JPG.jpg\",\"contentUrl\":\"https:\/\/d2p6e6u75xmxt8.cloudfront.net\/6\/2019\/02\/VUELTA-A-MURCIA-2.JPG.jpg\",\"width\":1024,\"height\":576},{\"@type\":\"BreadcrumbList\",\"@id\":\"https:\/\/www.welovecycling.com\/es\/2019\/02\/19\/bicicletas-equipos-profesionales\/#breadcrumb\",\"itemListElement\":[{\"@type\":\"ListItem\",\"position\":1,\"name\":\"Home\",\"item\":\"https:\/\/www.welovecycling.com\/es\/\"},{\"@type\":\"ListItem\",\"position\":2,\"name\":\"Las bicicletas de los equipos profesionales de La Vuelta a Murcia\"}]},{\"@type\":\"WebSite\",\"@id\":\"https:\/\/www.welovecycling.com\/es\/#website\",\"url\":\"https:\/\/www.welovecycling.com\/es\/\",\"name\":\"\u0160koda We Love Cycling - Spain\",\"description\":\"\u0160koda WeLoveCycling Spain\",\"potentialAction\":[{\"@type\":\"SearchAction\",\"target\":{\"@type\":\"EntryPoint\",\"urlTemplate\":\"https:\/\/www.welovecycling.com\/es\/?s={search_term_string}\"},\"query-input\":{\"@type\":\"PropertyValueSpecification\",\"valueRequired\":true,\"valueName\":\"search_term_string\"}}],\"inLanguage\":\"es-ES\"},{\"@type\":\"Person\",\"@id\":\"https:\/\/www.welovecycling.com\/es\/#\/schema\/person\/deb61715b5812698ee79fb96f343ccd4\",\"name\":\"We Love Cycling Spain\",\"image\":{\"@type\":\"ImageObject\",\"inLanguage\":\"es-ES\",\"@id\":\"https:\/\/www.welovecycling.com\/es\/#\/schema\/person\/image\/\",\"url\":\"https:\/\/secure.gravatar.com\/avatar\/c824b04e6df0e37a03219d0b6481672889df542894588964102459e46513159c?s=96&d=mm&r=g\",\"contentUrl\":\"https:\/\/secure.gravatar.com\/avatar\/c824b04e6df0e37a03219d0b6481672889df542894588964102459e46513159c?s=96&d=mm&r=g\",\"caption\":\"We Love Cycling Spain\"},\"url\":\"https:\/\/www.welovecycling.com\/es\/author\/amunoz\/\"}]}<\/script>\n<!-- \/ Yoast SEO Premium plugin. -->","yoast_head_json":{"title":"Las bicicletas de los equipos profesionales de La Vuelta a Murcia - \u0160koda We Love Cycling - Spain","description":"Las bicicletas de los equipos profesionales de La Vuelta a Murcia. Unas bicicletas con disco, otras sin ellos. Unas m\u00e1s aero, otras m\u00e1s escaladoras...","robots":{"index":"index","follow":"follow","max-snippet":"max-snippet:-1","max-image-preview":"max-image-preview:large","max-video-preview":"max-video-preview:-1"},"canonical":"https:\/\/www.welovecycling.com\/es\/2019\/02\/19\/bicicletas-equipos-profesionales\/","og_locale":"es_ES","og_type":"article","og_title":"Las bicicletas de los equipos profesionales de La Vuelta a Murcia","og_description":"Las bicicletas de los equipos profesionales de La Vuelta a Murcia. Unas bicicletas con disco, otras sin ellos. Unas m\u00e1s aero, otras m\u00e1s escaladoras...","og_url":"https:\/\/www.welovecycling.com\/es\/2019\/02\/19\/bicicletas-equipos-profesionales\/","og_site_name":"\u0160koda We Love Cycling - Spain","article_published_time":"2019-02-19T08:46:17+00:00","article_modified_time":"2019-03-11T14:57:27+00:00","og_image":[{"width":1024,"height":576,"url":"https:\/\/d2p6e6u75xmxt8.cloudfront.net\/6\/2019\/02\/VUELTA-A-MURCIA-2.JPG.jpg","type":"image\/jpeg"}],"author":"We Love Cycling Spain","twitter_card":"summary_large_image","twitter_title":"Las bicicletas de los equipos profesionales de La Vuelta a Murcia","twitter_description":"Las bicicletas de los equipos profesionales de La Vuelta a Murcia. Unas bicicletas con disco, otras sin ellos. Unas m\u00e1s aero, otras m\u00e1s escaladoras...","twitter_misc":{"Written by":"Luis Ortega @ciclored","Est. reading time":"3 minutes"},"schema":{"@context":"https:\/\/schema.org","@graph":[{"@type":"WebPage","@id":"https:\/\/www.welovecycling.com\/es\/2019\/02\/19\/bicicletas-equipos-profesionales\/","url":"https:\/\/www.welovecycling.com\/es\/2019\/02\/19\/bicicletas-equipos-profesionales\/","name":"Las bicicletas de los equipos profesionales de La Vuelta a Murcia - \u0160koda We Love Cycling - Spain","isPartOf":{"@id":"https:\/\/www.welovecycling.com\/es\/#website"},"primaryImageOfPage":{"@id":"https:\/\/www.welovecycling.com\/es\/2019\/02\/19\/bicicletas-equipos-profesionales\/#primaryimage"},"image":{"@id":"https:\/\/www.welovecycling.com\/es\/2019\/02\/19\/bicicletas-equipos-profesionales\/#primaryimage"},"thumbnailUrl":"https:\/\/d2p6e6u75xmxt8.cloudfront.net\/6\/2019\/02\/VUELTA-A-MURCIA-2.JPG.jpg","datePublished":"2019-02-19T08:46:17+00:00","dateModified":"2019-03-11T14:57:27+00:00","author":{"@id":"https:\/\/www.welovecycling.com\/es\/#\/schema\/person\/deb61715b5812698ee79fb96f343ccd4"},"description":"Las bicicletas de los equipos profesionales de La Vuelta a Murcia. Unas bicicletas con disco, otras sin ellos. Unas m\u00e1s aero, otras m\u00e1s escaladoras...","breadcrumb":{"@id":"https:\/\/www.welovecycling.com\/es\/2019\/02\/19\/bicicletas-equipos-profesionales\/#breadcrumb"},"inLanguage":"es-ES","potentialAction":[{"@type":"ReadAction","target":["https:\/\/www.welovecycling.com\/es\/2019\/02\/19\/bicicletas-equipos-profesionales\/"]}]},{"@type":"ImageObject","inLanguage":"es-ES","@id":"https:\/\/www.welovecycling.com\/es\/2019\/02\/19\/bicicletas-equipos-profesionales\/#primaryimage","url":"https:\/\/d2p6e6u75xmxt8.cloudfront.net\/6\/2019\/02\/VUELTA-A-MURCIA-2.JPG.jpg","contentUrl":"https:\/\/d2p6e6u75xmxt8.cloudfront.net\/6\/2019\/02\/VUELTA-A-MURCIA-2.JPG.jpg","width":1024,"height":576},{"@type":"BreadcrumbList","@id":"https:\/\/www.welovecycling.com\/es\/2019\/02\/19\/bicicletas-equipos-profesionales\/#breadcrumb","itemListElement":[{"@type":"ListItem","position":1,"name":"Home","item":"https:\/\/www.welovecycling.com\/es\/"},{"@type":"ListItem","position":2,"name":"Las bicicletas de los equipos profesionales de La Vuelta a Murcia"}]},{"@type":"WebSite","@id":"https:\/\/www.welovecycling.com\/es\/#website","url":"https:\/\/www.welovecycling.com\/es\/","name":"\u0160koda We Love Cycling - Spain","description":"\u0160koda WeLoveCycling Spain","potentialAction":[{"@type":"SearchAction","target":{"@type":"EntryPoint","urlTemplate":"https:\/\/www.welovecycling.com\/es\/?s={search_term_string}"},"query-input":{"@type":"PropertyValueSpecification","valueRequired":true,"valueName":"search_term_string"}}],"inLanguage":"es-ES"},{"@type":"Person","@id":"https:\/\/www.welovecycling.com\/es\/#\/schema\/person\/deb61715b5812698ee79fb96f343ccd4","name":"We Love Cycling Spain","image":{"@type":"ImageObject","inLanguage":"es-ES","@id":"https:\/\/www.welovecycling.com\/es\/#\/schema\/person\/image\/","url":"https:\/\/secure.gravatar.com\/avatar\/c824b04e6df0e37a03219d0b6481672889df542894588964102459e46513159c?s=96&d=mm&r=g","contentUrl":"https:\/\/secure.gravatar.com\/avatar\/c824b04e6df0e37a03219d0b6481672889df542894588964102459e46513159c?s=96&d=mm&r=g","caption":"We Love Cycling Spain"},"url":"https:\/\/www.welovecycling.com\/es\/author\/amunoz\/"}]}},"_links":{"self":[{"href":"https:\/\/www.welovecycling.com\/es\/wp-json\/wp\/v2\/posts\/4157","targetHints":{"allow":["GET"]}}],"collection":[{"href":"https:\/\/www.welovecycling.com\/es\/wp-json\/wp\/v2\/posts"}],"about":[{"href":"https:\/\/www.welovecycling.com\/es\/wp-json\/wp\/v2\/types\/post"}],"author":[{"embeddable":true,"href":"https:\/\/www.welovecycling.com\/es\/wp-json\/wp\/v2\/users\/29"}],"replies":[{"embeddable":true,"href":"https:\/\/www.welovecycling.com\/es\/wp-json\/wp\/v2\/comments?post=4157"}],"version-history":[{"count":2,"href":"https:\/\/www.welovecycling.com\/es\/wp-json\/wp\/v2\/posts\/4157\/revisions"}],"predecessor-version":[{"id":4305,"href":"https:\/\/www.welovecycling.com\/es\/wp-json\/wp\/v2\/posts\/4157\/revisions\/4305"}],"wp:featuredmedia":[{"embeddable":true,"href":"https:\/\/www.welovecycling.com\/es\/wp-json\/wp\/v2\/media\/4178"}],"wp:attachment":[{"href":"https:\/\/www.welovecycling.com\/es\/wp-json\/wp\/v2\/media?parent=4157"}],"wp:term":[{"taxonomy":"category","embeddable":true,"href":"https:\/\/www.welovecycling.com\/es\/wp-json\/wp\/v2\/categories?post=4157"},{"taxonomy":"post_tag","embeddable":true,"href":"https:\/\/www.welovecycling.com\/es\/wp-json\/wp\/v2\/tags?post=4157"},{"taxonomy":"global-categories","embeddable":true,"href":"https:\/\/www.welovecycling.com\/es\/wp-json\/wp\/v2\/global-categories?post=4157"}],"curies":[{"name":"wp","href":"https:\/\/api.w.org\/{rel}","templated":true}]}}