{"id":4150,"date":"2019-02-18T20:53:33","date_gmt":"2019-02-18T18:53:33","guid":{"rendered":"https:\/\/www.welovecycling.com\/es\/?p=4150"},"modified":"2019-02-18T20:53:33","modified_gmt":"2019-02-18T18:53:33","slug":"calendario-entrenamiento-peter-sagan","status":"publish","type":"post","link":"https:\/\/www.welovecycling.com\/es\/2019\/02\/18\/calendario-entrenamiento-peter-sagan\/","title":{"rendered":"Peter Sagan: As\u00ed es su calendario de entrenamiento"},"content":{"rendered":"<p><strong>No exageramos nada si decimos que Peter Sagan es uno de los mejores ciclistas de la historia que nunca ha peleado por la general de una gran vuelta por etapas. Pero, c\u00f3mo es su calendario de entrenamientos.<\/strong><!--more--><\/p>\n<p>Ha ganado el t\u00edtulo de clasificaci\u00f3n por puntos del Tour, o camiseta verde, en seis ocasiones, y ha ganado 11 etapas en la carrera en carretera m\u00e1s prestigiosa del mundo. Adem\u00e1s, gan\u00f3 tres campeonatos mundiales consecutivos, cuatro etapas en la Vuelta, 11 etapas y la clasificaci\u00f3n general en el Tour de California, 15 etapas del Tour de Suisse, adem\u00e1s de ganar el Paris-Roubaix y el Tour de Flandes. En total, ha ganado m\u00e1s de 100 carreras como profesional. El eslovaco de 29 a\u00f1os debe estar haciendo algo bien.<\/p>\n<figure id=\"attachment_4152\" aria-describedby=\"caption-attachment-4152\" style=\"width: 1800px\" class=\"wp-caption alignnone\"><a href=\"https:\/\/d2p6e6u75xmxt8.cloudfront.net\/6\/2019\/02\/profimedia-0328462551.jpg\"><img loading=\"lazy\" decoding=\"async\" class=\"size-full wp-image-4152\" src=\"https:\/\/d2p6e6u75xmxt8.cloudfront.net\/6\/2019\/02\/profimedia-0328462551.jpg\" alt=\"\" width=\"1800\" height=\"1200\" srcset=\"https:\/\/d2p6e6u75xmxt8.cloudfront.net\/6\/2019\/02\/profimedia-0328462551.jpg 1800w, https:\/\/d2p6e6u75xmxt8.cloudfront.net\/6\/2019\/02\/profimedia-0328462551-300x200.jpg 300w, https:\/\/d2p6e6u75xmxt8.cloudfront.net\/6\/2019\/02\/profimedia-0328462551-768x512.jpg 768w, https:\/\/d2p6e6u75xmxt8.cloudfront.net\/6\/2019\/02\/profimedia-0328462551-1024x683.jpg 1024w, https:\/\/d2p6e6u75xmxt8.cloudfront.net\/6\/2019\/02\/profimedia-0328462551-272x182.jpg 272w\" sizes=\"auto, (max-width: 1800px) 100vw, 1800px\" \/><\/a><figcaption id=\"caption-attachment-4152\" class=\"wp-caption-text\">Sagan y Zdenek Stybar en la Par\u00eds Roubaix., 2017. \u00a9 Profimedia, AFP<\/figcaption><\/figure>\n<p>&nbsp;<\/p>\n<p>Est\u00e1 claro que tiene condiciones y calidad. Pero eso no es suficiente para convertirse en un atleta superlativo de clase mundial. No es un velocista puro, sin embargo ha ganado muchos sprints; y aunque no va a ganar una etapa de alta monta\u00f1a, no se le dan mal las subidas cortas. Debe haber algo en su programa de entrenamiento que le d\u00e9 una ventaja sobre los dem\u00e1s y lo convierta en un ciclista poco com\u00fan que sobresale en todas las facetas de este deporte.<\/p>\n<p>En el invierno de 2017, el Cycling Weekly pas\u00f3 una semana con Sagan mientras reanudaba los entrenamientos con su entrenador, Paxti Vila, despu\u00e9s de sus vacaciones. El objetivo era empezar a construir una base de fuerza y acondicionamiento para la agotadora temporada que se avecinaba.<\/p>\n<p>El primer d\u00eda consisti\u00f3 en un f\u00e1cil paseo matutino de dos horas, seguido de una sesi\u00f3n de gimnasia m\u00e1s intensa y centrada en la velocidad.\u00a0Seg\u00fan Vila, director deportivo y entrenador del equipo Bora-Hansgrohe de Sagan, el objetivo del d\u00eda era hacer que sus fibras musculares funcionaran juntas. El martes, la ruta dur\u00f3 tres horas y media e incluy\u00f3 cuatro series de 10 minutos al 85 % de su umbral aer\u00f3bico m\u00e1ximo. La etapa del mi\u00e9rcoles fue de cuatro horas y media de duraci\u00f3n e incluy\u00f3 subir dos puertos<\/p>\n<figure id=\"attachment_4153\" aria-describedby=\"caption-attachment-4153\" style=\"width: 1250px\" class=\"wp-caption alignnone\"><a href=\"https:\/\/d2p6e6u75xmxt8.cloudfront.net\/6\/2019\/02\/profimedia-0340749192.jpg\"><img loading=\"lazy\" decoding=\"async\" class=\"size-full wp-image-4153\" src=\"https:\/\/d2p6e6u75xmxt8.cloudfront.net\/6\/2019\/02\/profimedia-0340749192.jpg\" alt=\"\" width=\"1250\" height=\"833\" srcset=\"https:\/\/d2p6e6u75xmxt8.cloudfront.net\/6\/2019\/02\/profimedia-0340749192.jpg 1250w, https:\/\/d2p6e6u75xmxt8.cloudfront.net\/6\/2019\/02\/profimedia-0340749192-300x200.jpg 300w, https:\/\/d2p6e6u75xmxt8.cloudfront.net\/6\/2019\/02\/profimedia-0340749192-768x512.jpg 768w, https:\/\/d2p6e6u75xmxt8.cloudfront.net\/6\/2019\/02\/profimedia-0340749192-1024x682.jpg 1024w, https:\/\/d2p6e6u75xmxt8.cloudfront.net\/6\/2019\/02\/profimedia-0340749192-272x182.jpg 272w\" sizes=\"auto, (max-width: 1250px) 100vw, 1250px\" \/><\/a><figcaption id=\"caption-attachment-4153\" class=\"wp-caption-text\">Sagan&#8217;s fan during the 2017 Tour de France \u00a9 Profimedia, AFP<\/figcaption><\/figure>\n<p>&nbsp;<\/p>\n<p><strong>Sagan<\/strong> usaba el jueves para recuperarse, con un programa de entrenamiento muy parecido al del lunes. El entrenamiento se hizo m\u00e1s intenso el viernes. La ruta del viernes de tres horas y media comprend\u00eda unas 30 repeticiones durante las cuales <strong>Sagan rodaba entre el 100 y el 105% de<\/strong> su capacidad aer\u00f3bica sobre las colinas, para aumentar su resistencia. El s\u00e1bado realiz\u00f3 la prueba de resistencia m\u00e1s larga de la semana, de 4 a 5 horas, montando con amigos y a\u00f1adiendo series de fuerza de tres minutos a 50-60 rpm alternando con dos minutos a 90 rpm, para aumentar la fuerza y la forma f\u00edsica. El domingo, descans\u00f3, viendo una pel\u00edcula, leyendo y jugando en Play Station.<\/p>\n<p>Respecto a su calendario de entrenamientos a medida que se acerca la temporada, <strong>Vila<\/strong> dijo a Cycling Weekly: &#8220;Normalmente, desde el 15 de noviembre hasta el Tour Down Under es nuestro per\u00edodo base, luego despu\u00e9s del Down Under empezamos a entrenar bloques trabajando en intensidad y velocidad antes de las Cl\u00e1sicas. <strong>Febrero es el mes de entrenamiento m\u00e1s importante del a\u00f1o para nosotros, cuando el volumen semanal alcanza su punto m\u00e1ximo a las 32-35 hora<\/strong>s, generalmente en la tercera semana de febrero&#8221;.<\/p>\n<p>El entrenamiento de Sagan tiene algunos elementos \u00fanicos. Por un lado, ha trabajado con especialistas en B\u00e9lgica para reducir el riesgo de lesiones y aumentar su fuerza central. Esto ha aumentado su<strong> fuerza as\u00ed como su flexibilidad,<\/strong> como lo ilustra este conocido video de Sagan en YouTube que combina el trabajo sobre las pesas con ejercicios b\u00e1sicos y de flexibilidad en el gimnasio.<\/p>\n<p>https:\/\/www.youtube.com\/watch?v=E1Ubo0LWB7s<\/p>\n<p>La mayor\u00eda de los corredores, y especialmente los velocistas, a menudo trabajan en el gimnasio para aumentar su fuerza en la temporada baja, pero rara vez lo hacen durante la temporada, prefiriendo concentrarse en el entrenamiento en carretera. Sagan es diferente, al igual que todos los corredores de <strong>Bora-Hansgrohe de Vila, porque su fuerza es importante para su capacidad de esprintar.<\/strong><\/p>\n<p>Seg\u00fan Vila, Sagan no es naturalmente r\u00e1pido. &#8220;Conseguimos su velocidad a trav\u00e9s de su frescura y su fuerza&#8221;, explic\u00f3. &#8220;Llegar a la meta fresco y ser m\u00e1s r\u00e1pido que los velocistas.&#8221;<\/p>\n<p>Sin embargo esto no resuelve del todo el misterio de la capacidad de Sagan para escalar y correr tan bien. Los dos ejercicios requieren diferentes tipos de fibra muscular en las piernas, contracci\u00f3n lenta (tipo 1) y contracci\u00f3n r\u00e1pida (tipo 2). Los corredores de marat\u00f3n tienen en su mayor\u00eda fibras musculares de cambio lento que se cansan lentamente pero no generan mucha energ\u00eda, mientras que las piernas de los velocistas consisten principalmente en fibras de cambio r\u00e1pido que se cansan r\u00e1pidamente pero producen mucha fuerza.<\/p>\n<figure id=\"attachment_3212\" aria-describedby=\"caption-attachment-3212\" style=\"width: 1250px\" class=\"wp-caption alignnone\"><a href=\"https:\/\/d2p6e6u75xmxt8.cloudfront.net\/6\/2018\/08\/profimedia-0378189092.jpg\"><img loading=\"lazy\" decoding=\"async\" class=\"size-full wp-image-3212\" src=\"https:\/\/d2p6e6u75xmxt8.cloudfront.net\/6\/2018\/08\/profimedia-0378189092.jpg\" alt=\"\" width=\"1250\" height=\"833\" srcset=\"https:\/\/d2p6e6u75xmxt8.cloudfront.net\/6\/2018\/08\/profimedia-0378189092.jpg 1250w, https:\/\/d2p6e6u75xmxt8.cloudfront.net\/6\/2018\/08\/profimedia-0378189092-300x200.jpg 300w, https:\/\/d2p6e6u75xmxt8.cloudfront.net\/6\/2018\/08\/profimedia-0378189092-768x512.jpg 768w, https:\/\/d2p6e6u75xmxt8.cloudfront.net\/6\/2018\/08\/profimedia-0378189092-1024x682.jpg 1024w, https:\/\/d2p6e6u75xmxt8.cloudfront.net\/6\/2018\/08\/profimedia-0378189092-272x182.jpg 272w\" sizes=\"auto, (max-width: 1250px) 100vw, 1250px\" \/><\/a><figcaption id=\"caption-attachment-3212\" class=\"wp-caption-text\">Sagan during the 2018 Tour de France (Stage 10, Annecy &#8211; le Grand Bornand)\u00a0\u00a9 Profimedia, AFP<\/figcaption><\/figure>\n<p><strong>Sagan fue campe\u00f3n del mundo junior de ciclismo de MTB en 2008, j<\/strong>usto antes de pasar a la carretera. La MTB requiere tanto velocidad como la capacidad de escalar colinas moderadas, y un tipo diferente de fibra muscular, la 2a, que produce m\u00e1s potencia que el tipo 1 y se cansa menos r\u00e1pido que el tipo 2. Te ayudan cuando corres y te dan energ\u00eda cuando subes. Esta es probablemente la raz\u00f3n por la que Sagan sobresale en las subidas moderadas y a menudo no gana sprints contra los mejores sprinters puros.<\/p>\n<p>En otras palabras, una parte vital del entrenamiento que diferencia a Sagan de todos los dem\u00e1s ciclistas se logr\u00f3 antes de que se dedicara a la\u00a0 carretera. Como resultado, nunca ganar\u00e1 la clasificaci\u00f3n general en el Giro, Vuelta o Tour de Francia, pero debido a que sube muy bien las monta\u00f1as medias y es r\u00e1pido, es casi seguro que ser\u00e1 uno de los favoritos para ganar la clasificaci\u00f3n de puntos del Tour 2019 por s\u00e9ptima vez y, dependiendo del recorrido, un cuarto campeonato mundial el a\u00f1o que viene.<\/p>\n<p>Y <strong>Sagan est\u00e1 muy contento con ello. Como explica en sus memorias My World<\/strong>: &#8220;Todos los entrenadores que he conocido me preguntan: `\u00bfQuieres ser mejor escalador? \u00bfUn mejor velocista? &#8220;\u00bfUn mejor contrarrelojista? \u00bfPor qu\u00e9 meterse con la naturaleza? Soy lo que soy. Yo voy bien. Si no est\u00e1 roto, no lo arregles. Creo que si haces un cambio dr\u00e1stico para mejorar una faceta de tu ciclismo, habr\u00e1 un precio que pagar en otra parte. Los ciclistas que han perdido peso para escalar mejor pierden su sprint. Las personas que han mejorado su resistencia se vuelven incapaces de esprintar. Volverse m\u00e1s aerodin\u00e1mico significa perder potencia. La lista es interminable&#8230;&#8221;<\/p>\n","protected":false},"excerpt":{"rendered":"<p>No exageramos nada si decimos que Peter Sagan es uno de los mejores ciclistas de la historia que nunca ha [&hellip;]<\/p>\n","protected":false},"author":29,"featured_media":4155,"comment_status":"open","ping_status":"open","sticky":false,"template":"","format":"standard","meta":{"footnotes":""},"categories":[7],"tags":[873,872,314],"global-categories":[],"class_list":["post-4150","post","type-post","status-publish","format-standard","has-post-thumbnail","hentry","category-carretera","tag-calendario-entrenamiento-peter-sagan","tag-entrenamiento-peter-sagan","tag-peter-sagan"],"yoast_head":"<!-- This site is optimized with the Yoast SEO Premium plugin v25.3 (Yoast SEO v25.9) - https:\/\/yoast.com\/wordpress\/plugins\/seo\/ -->\n<title>Peter Sagan: As\u00ed es su calendario de entrenamiento - \u0160koda We Love Cycling - Spain<\/title>\n<meta name=\"description\" content=\"El calendario de entrenamiento de Peter Sagan. Qu\u00e9 hace Sagan durante la semana para preparar la temporada. Sus trucos y los de Patxi Vila.\" \/>\n<meta name=\"robots\" content=\"index, follow, max-snippet:-1, max-image-preview:large, max-video-preview:-1\" \/>\n<link rel=\"canonical\" href=\"https:\/\/www.welovecycling.com\/es\/2019\/02\/18\/calendario-entrenamiento-peter-sagan\/\" \/>\n<meta property=\"og:locale\" content=\"es_ES\" \/>\n<meta property=\"og:type\" content=\"article\" \/>\n<meta property=\"og:title\" content=\"El calendario de entrenamiento de Peter Sagan.\" \/>\n<meta property=\"og:description\" content=\"El calendario de entrenamiento de Peter Sagan. Qu\u00e9 hace Sagan durante la semana para preparar la temporada. Sus trucos y los de Patxi Vila.\" \/>\n<meta property=\"og:url\" content=\"https:\/\/www.welovecycling.com\/es\/2019\/02\/18\/calendario-entrenamiento-peter-sagan\/\" \/>\n<meta property=\"og:site_name\" content=\"\u0160koda We Love Cycling - Spain\" \/>\n<meta property=\"article:published_time\" content=\"2019-02-18T18:53:33+00:00\" \/>\n<meta property=\"og:image\" content=\"https:\/\/d2p6e6u75xmxt8.cloudfront.net\/6\/2019\/02\/Peter-Sagan-profimedia-0411832566.jpg\" \/>\n\t<meta property=\"og:image:width\" content=\"1366\" \/>\n\t<meta property=\"og:image:height\" content=\"600\" \/>\n\t<meta property=\"og:image:type\" content=\"image\/jpeg\" \/>\n<meta name=\"author\" content=\"We Love Cycling Spain\" \/>\n<meta name=\"twitter:card\" content=\"summary_large_image\" \/>\n<meta name=\"twitter:title\" content=\"El calendario de entrenamiento de Peter Sagan.\" \/>\n<meta name=\"twitter:description\" content=\"El calendario de entrenamiento de Peter Sagan. Qu\u00e9 hace Sagan durante la semana para preparar la temporada. Sus trucos y los de Patxi Vila.\" \/>\n<meta name=\"twitter:label1\" content=\"Written by\" \/>\n\t<meta name=\"twitter:data1\" content=\"Siegfried Mortkowitz\" \/>\n\t<meta name=\"twitter:label2\" content=\"Est. reading time\" \/>\n\t<meta name=\"twitter:data2\" content=\"9\" \/>\n<script type=\"application\/ld+json\" class=\"yoast-schema-graph\">{\"@context\":\"https:\/\/schema.org\",\"@graph\":[{\"@type\":\"WebPage\",\"@id\":\"https:\/\/www.welovecycling.com\/es\/2019\/02\/18\/calendario-entrenamiento-peter-sagan\/\",\"url\":\"https:\/\/www.welovecycling.com\/es\/2019\/02\/18\/calendario-entrenamiento-peter-sagan\/\",\"name\":\"Peter Sagan: As\u00ed es su calendario de entrenamiento - \u0160koda We Love Cycling - Spain\",\"isPartOf\":{\"@id\":\"https:\/\/www.welovecycling.com\/es\/#website\"},\"primaryImageOfPage\":{\"@id\":\"https:\/\/www.welovecycling.com\/es\/2019\/02\/18\/calendario-entrenamiento-peter-sagan\/#primaryimage\"},\"image\":{\"@id\":\"https:\/\/www.welovecycling.com\/es\/2019\/02\/18\/calendario-entrenamiento-peter-sagan\/#primaryimage\"},\"thumbnailUrl\":\"https:\/\/d2p6e6u75xmxt8.cloudfront.net\/6\/2019\/02\/Peter-Sagan-profimedia-0411832566.jpg\",\"datePublished\":\"2019-02-18T18:53:33+00:00\",\"author\":{\"@id\":\"https:\/\/www.welovecycling.com\/es\/#\/schema\/person\/deb61715b5812698ee79fb96f343ccd4\"},\"description\":\"El calendario de entrenamiento de Peter Sagan. Qu\u00e9 hace Sagan durante la semana para preparar la temporada. Sus trucos y los de Patxi Vila.\",\"breadcrumb\":{\"@id\":\"https:\/\/www.welovecycling.com\/es\/2019\/02\/18\/calendario-entrenamiento-peter-sagan\/#breadcrumb\"},\"inLanguage\":\"es-ES\",\"potentialAction\":[{\"@type\":\"ReadAction\",\"target\":[\"https:\/\/www.welovecycling.com\/es\/2019\/02\/18\/calendario-entrenamiento-peter-sagan\/\"]}]},{\"@type\":\"ImageObject\",\"inLanguage\":\"es-ES\",\"@id\":\"https:\/\/www.welovecycling.com\/es\/2019\/02\/18\/calendario-entrenamiento-peter-sagan\/#primaryimage\",\"url\":\"https:\/\/d2p6e6u75xmxt8.cloudfront.net\/6\/2019\/02\/Peter-Sagan-profimedia-0411832566.jpg\",\"contentUrl\":\"https:\/\/d2p6e6u75xmxt8.cloudfront.net\/6\/2019\/02\/Peter-Sagan-profimedia-0411832566.jpg\",\"width\":1366,\"height\":600},{\"@type\":\"BreadcrumbList\",\"@id\":\"https:\/\/www.welovecycling.com\/es\/2019\/02\/18\/calendario-entrenamiento-peter-sagan\/#breadcrumb\",\"itemListElement\":[{\"@type\":\"ListItem\",\"position\":1,\"name\":\"Home\",\"item\":\"https:\/\/www.welovecycling.com\/es\/\"},{\"@type\":\"ListItem\",\"position\":2,\"name\":\"Peter Sagan: As\u00ed es su calendario de entrenamiento\"}]},{\"@type\":\"WebSite\",\"@id\":\"https:\/\/www.welovecycling.com\/es\/#website\",\"url\":\"https:\/\/www.welovecycling.com\/es\/\",\"name\":\"\u0160koda We Love Cycling - Spain\",\"description\":\"\u0160koda WeLoveCycling Spain\",\"potentialAction\":[{\"@type\":\"SearchAction\",\"target\":{\"@type\":\"EntryPoint\",\"urlTemplate\":\"https:\/\/www.welovecycling.com\/es\/?s={search_term_string}\"},\"query-input\":{\"@type\":\"PropertyValueSpecification\",\"valueRequired\":true,\"valueName\":\"search_term_string\"}}],\"inLanguage\":\"es-ES\"},{\"@type\":\"Person\",\"@id\":\"https:\/\/www.welovecycling.com\/es\/#\/schema\/person\/deb61715b5812698ee79fb96f343ccd4\",\"name\":\"We Love Cycling Spain\",\"image\":{\"@type\":\"ImageObject\",\"inLanguage\":\"es-ES\",\"@id\":\"https:\/\/www.welovecycling.com\/es\/#\/schema\/person\/image\/\",\"url\":\"https:\/\/secure.gravatar.com\/avatar\/c824b04e6df0e37a03219d0b6481672889df542894588964102459e46513159c?s=96&d=mm&r=g\",\"contentUrl\":\"https:\/\/secure.gravatar.com\/avatar\/c824b04e6df0e37a03219d0b6481672889df542894588964102459e46513159c?s=96&d=mm&r=g\",\"caption\":\"We Love Cycling Spain\"},\"url\":\"https:\/\/www.welovecycling.com\/es\/author\/amunoz\/\"}]}<\/script>\n<!-- \/ Yoast SEO Premium plugin. -->","yoast_head_json":{"title":"Peter Sagan: As\u00ed es su calendario de entrenamiento - \u0160koda We Love Cycling - Spain","description":"El calendario de entrenamiento de Peter Sagan. Qu\u00e9 hace Sagan durante la semana para preparar la temporada. Sus trucos y los de Patxi Vila.","robots":{"index":"index","follow":"follow","max-snippet":"max-snippet:-1","max-image-preview":"max-image-preview:large","max-video-preview":"max-video-preview:-1"},"canonical":"https:\/\/www.welovecycling.com\/es\/2019\/02\/18\/calendario-entrenamiento-peter-sagan\/","og_locale":"es_ES","og_type":"article","og_title":"El calendario de entrenamiento de Peter Sagan.","og_description":"El calendario de entrenamiento de Peter Sagan. Qu\u00e9 hace Sagan durante la semana para preparar la temporada. Sus trucos y los de Patxi Vila.","og_url":"https:\/\/www.welovecycling.com\/es\/2019\/02\/18\/calendario-entrenamiento-peter-sagan\/","og_site_name":"\u0160koda We Love Cycling - Spain","article_published_time":"2019-02-18T18:53:33+00:00","og_image":[{"width":1366,"height":600,"url":"https:\/\/d2p6e6u75xmxt8.cloudfront.net\/6\/2019\/02\/Peter-Sagan-profimedia-0411832566.jpg","type":"image\/jpeg"}],"author":"We Love Cycling Spain","twitter_card":"summary_large_image","twitter_title":"El calendario de entrenamiento de Peter Sagan.","twitter_description":"El calendario de entrenamiento de Peter Sagan. Qu\u00e9 hace Sagan durante la semana para preparar la temporada. Sus trucos y los de Patxi Vila.","twitter_misc":{"Written by":"Siegfried Mortkowitz","Est. reading time":"9"},"schema":{"@context":"https:\/\/schema.org","@graph":[{"@type":"WebPage","@id":"https:\/\/www.welovecycling.com\/es\/2019\/02\/18\/calendario-entrenamiento-peter-sagan\/","url":"https:\/\/www.welovecycling.com\/es\/2019\/02\/18\/calendario-entrenamiento-peter-sagan\/","name":"Peter Sagan: As\u00ed es su calendario de entrenamiento - \u0160koda We Love Cycling - Spain","isPartOf":{"@id":"https:\/\/www.welovecycling.com\/es\/#website"},"primaryImageOfPage":{"@id":"https:\/\/www.welovecycling.com\/es\/2019\/02\/18\/calendario-entrenamiento-peter-sagan\/#primaryimage"},"image":{"@id":"https:\/\/www.welovecycling.com\/es\/2019\/02\/18\/calendario-entrenamiento-peter-sagan\/#primaryimage"},"thumbnailUrl":"https:\/\/d2p6e6u75xmxt8.cloudfront.net\/6\/2019\/02\/Peter-Sagan-profimedia-0411832566.jpg","datePublished":"2019-02-18T18:53:33+00:00","author":{"@id":"https:\/\/www.welovecycling.com\/es\/#\/schema\/person\/deb61715b5812698ee79fb96f343ccd4"},"description":"El calendario de entrenamiento de Peter Sagan. Qu\u00e9 hace Sagan durante la semana para preparar la temporada. Sus trucos y los de Patxi Vila.","breadcrumb":{"@id":"https:\/\/www.welovecycling.com\/es\/2019\/02\/18\/calendario-entrenamiento-peter-sagan\/#breadcrumb"},"inLanguage":"es-ES","potentialAction":[{"@type":"ReadAction","target":["https:\/\/www.welovecycling.com\/es\/2019\/02\/18\/calendario-entrenamiento-peter-sagan\/"]}]},{"@type":"ImageObject","inLanguage":"es-ES","@id":"https:\/\/www.welovecycling.com\/es\/2019\/02\/18\/calendario-entrenamiento-peter-sagan\/#primaryimage","url":"https:\/\/d2p6e6u75xmxt8.cloudfront.net\/6\/2019\/02\/Peter-Sagan-profimedia-0411832566.jpg","contentUrl":"https:\/\/d2p6e6u75xmxt8.cloudfront.net\/6\/2019\/02\/Peter-Sagan-profimedia-0411832566.jpg","width":1366,"height":600},{"@type":"BreadcrumbList","@id":"https:\/\/www.welovecycling.com\/es\/2019\/02\/18\/calendario-entrenamiento-peter-sagan\/#breadcrumb","itemListElement":[{"@type":"ListItem","position":1,"name":"Home","item":"https:\/\/www.welovecycling.com\/es\/"},{"@type":"ListItem","position":2,"name":"Peter Sagan: As\u00ed es su calendario de entrenamiento"}]},{"@type":"WebSite","@id":"https:\/\/www.welovecycling.com\/es\/#website","url":"https:\/\/www.welovecycling.com\/es\/","name":"\u0160koda We Love Cycling - Spain","description":"\u0160koda WeLoveCycling Spain","potentialAction":[{"@type":"SearchAction","target":{"@type":"EntryPoint","urlTemplate":"https:\/\/www.welovecycling.com\/es\/?s={search_term_string}"},"query-input":{"@type":"PropertyValueSpecification","valueRequired":true,"valueName":"search_term_string"}}],"inLanguage":"es-ES"},{"@type":"Person","@id":"https:\/\/www.welovecycling.com\/es\/#\/schema\/person\/deb61715b5812698ee79fb96f343ccd4","name":"We Love Cycling Spain","image":{"@type":"ImageObject","inLanguage":"es-ES","@id":"https:\/\/www.welovecycling.com\/es\/#\/schema\/person\/image\/","url":"https:\/\/secure.gravatar.com\/avatar\/c824b04e6df0e37a03219d0b6481672889df542894588964102459e46513159c?s=96&d=mm&r=g","contentUrl":"https:\/\/secure.gravatar.com\/avatar\/c824b04e6df0e37a03219d0b6481672889df542894588964102459e46513159c?s=96&d=mm&r=g","caption":"We Love Cycling Spain"},"url":"https:\/\/www.welovecycling.com\/es\/author\/amunoz\/"}]}},"_links":{"self":[{"href":"https:\/\/www.welovecycling.com\/es\/wp-json\/wp\/v2\/posts\/4150","targetHints":{"allow":["GET"]}}],"collection":[{"href":"https:\/\/www.welovecycling.com\/es\/wp-json\/wp\/v2\/posts"}],"about":[{"href":"https:\/\/www.welovecycling.com\/es\/wp-json\/wp\/v2\/types\/post"}],"author":[{"embeddable":true,"href":"https:\/\/www.welovecycling.com\/es\/wp-json\/wp\/v2\/users\/29"}],"replies":[{"embeddable":true,"href":"https:\/\/www.welovecycling.com\/es\/wp-json\/wp\/v2\/comments?post=4150"}],"version-history":[{"count":2,"href":"https:\/\/www.welovecycling.com\/es\/wp-json\/wp\/v2\/posts\/4150\/revisions"}],"predecessor-version":[{"id":4156,"href":"https:\/\/www.welovecycling.com\/es\/wp-json\/wp\/v2\/posts\/4150\/revisions\/4156"}],"wp:featuredmedia":[{"embeddable":true,"href":"https:\/\/www.welovecycling.com\/es\/wp-json\/wp\/v2\/media\/4155"}],"wp:attachment":[{"href":"https:\/\/www.welovecycling.com\/es\/wp-json\/wp\/v2\/media?parent=4150"}],"wp:term":[{"taxonomy":"category","embeddable":true,"href":"https:\/\/www.welovecycling.com\/es\/wp-json\/wp\/v2\/categories?post=4150"},{"taxonomy":"post_tag","embeddable":true,"href":"https:\/\/www.welovecycling.com\/es\/wp-json\/wp\/v2\/tags?post=4150"},{"taxonomy":"global-categories","embeddable":true,"href":"https:\/\/www.welovecycling.com\/es\/wp-json\/wp\/v2\/global-categories?post=4150"}],"curies":[{"name":"wp","href":"https:\/\/api.w.org\/{rel}","templated":true}]}}