{"id":4132,"date":"2019-02-14T21:08:21","date_gmt":"2019-02-14T19:08:21","guid":{"rendered":"https:\/\/www.welovecycling.com\/es\/?p=4132"},"modified":"2019-02-14T21:08:21","modified_gmt":"2019-02-14T19:08:21","slug":"gravel","status":"publish","type":"post","link":"https:\/\/www.welovecycling.com\/es\/2019\/02\/14\/gravel\/","title":{"rendered":"Y el gravel \u00bfqu\u00e9 es?"},"content":{"rendered":"<p><strong>\u00bfQu\u00e9 es el gravel? Pues hasta hace un lustro el ciclismo se divid\u00eda, b\u00e1sicamente, en carretera y monta\u00f1a. Con una bici especial para cada modalidad. Tambi\u00e9n estaba el ciclocross, pero solo a nivel competitivo. Y luego las bicis h\u00edbridas, las de paseo, las de carga&#8230; Cada una ten\u00eda su terreno, sus desarrollos, sus amantes y sus detractores. Hasta que llegaron las bicis gravel, que mezclan un poco de todo. <a href=\"https:\/\/www.orbea.com\/es-es\/bicicletas\/carretera\/terra\/\">(Foto de portada Orbea Terra)<\/a><\/strong><br \/>\n<!--more--><br \/>\nEn apariencia la bicicleta de gravel es m\u00e1s similar a una de carretera convencional, de las dise\u00f1adas para ir r\u00e1pido, subir puertos y hacer etapas largas. <strong>Pero incorpora llantas en las que se pueden poner cubiertas de m\u00e1s de 30, frenos de disco, una apariencia m\u00e1s robusta y pesada, un solo plato, desarrollo m\u00e1s propio de bici de monta\u00f1<\/strong>a y todas las opciones para colocarle mochilas y bolsas para ir de viaje. As\u00ed que la gran ventaja es que una bicicleta de gravel se puede utilizar para casi todo, pero sin llegar a los extremos.<\/p>\n<p>Si planteas <strong>una ruta de bicicleta de carretera con cuatro puertos de monta\u00f1a<\/strong> o m\u00e1s de 100 kil\u00f3metros para ir r\u00e1pido te lastrar\u00e1 con respecto a los ciclistas que van con bicis de carretera al uso, pero te permitir\u00e1 hacerla. Si quieres ir un d\u00eda <strong>a rodar por caminos de tierra e intentar subir por sendas<\/strong> no demasiado complicadas podr\u00e1s hacerlo con la gente que lleva MTB, pero en cuanto te metas en trialeras y descensos t\u00e9cnicos tendr\u00e1s que echar pie a tierra.<\/p>\n<figure style=\"width: 676px\" class=\"wp-caption aligncenter\"><img loading=\"lazy\" decoding=\"async\" src=\"https:\/\/images.giant-bicycles.com\/b_white,c_pad,h_400,q_80\/wh4zb1fuzdrwghglewu4\/MY19RevoltADV2_ColorB.jpg\" alt=\"Foto. Giant Gravel\" width=\"676\" height=\"400\" \/><figcaption class=\"wp-caption-text\">Foto. Giant Gravel<\/figcaption><\/figure>\n<p>&nbsp;<\/p>\n<p>Ahora sus grandes beneficios. L<strong>a bicicleta de gravel es m\u00e1s r\u00e1pida y ligera que una MTB al uso y m\u00e1s c\u00f3moda y manejable que una bicicleta de carretera.<\/strong> Por eso el terreno ideal para sacar el m\u00e1ximo partido a este tipo de bicicletas son los viajes de largo recorrido, con mochilas y con libertad de itinerarios. O las salidas en grupo para buscar esos caminos y carreteras en mal estado por las que no te atreves a meter tu bicicleta de carretera con ruedas de carbono. Traduci\u00e9ndolo al lenguaje del cicloturista, ideal para hacer una <strong>Strade Bianche con tramos de sterrato, una Par\u00eds Roubaix con adoquines o para perderte una semana recorrido Pirineos, Alpes, Dolomitas o lo que tu quieras por carreteras y caminos sin coches.<\/strong><\/p>\n<p>Quiz\u00e1s esta sea<strong> la gran ventaja del gravel. Que te permite huir de la ciudad sin tener que pasar obligatoriamente por carreteras atestadas de coches<\/strong>. Puedes salir de casa con una bici c\u00f3moda que se adapta a la ciudad como una h\u00edbrida, rodar varios kil\u00f3metros por caminos y despu\u00e9s elegir carreteras sin tr\u00e1fico y retornar a la tierra cuando te apetezca y todo con la misma bicicleta. No es la mejor para batir un KOM de Strava, pero si para disfrutar del cicloturismo en su versi\u00f3n m\u00e1s amplia.<\/p>\n<h3><strong>CARACTER\u00cdSTICAS GRAVEL<\/strong><\/h3>\n<p>Las principales caracter\u00edsticas de las bicicletas de <strong>gravel pasan por las ruedas<\/strong>. Son llantas m\u00e1s anchas que las que utilizan las bicicletas de carreteras convencionales y en ellas se pueden montar secciones de m\u00e1s de 30 y hasta 42. Unido a los frenos de disco hacen que la conducci\u00f3n se m\u00e1s c\u00f3moda en caminos bacheados o incluso embarrados.<\/p>\n<p>Los<strong> manillares son similares a los de las bicicletas de carretera<\/strong>, pero la curvatura de abajo es mucho m\u00e1s abierta para tener margen de maniobra en terrenos especialmente dif\u00edciles. Incluso hay modelos, como el de Canyon, que ya tiene un manillar de doble altura que te permite ir en casi cualquier posici\u00f3n.<\/p>\n<figure style=\"width: 2560px\" class=\"wp-caption alignright\"><img loading=\"lazy\" decoding=\"async\" class=\"size-extra-large\" src=\"https:\/\/static.canyon.com\/road\/grail\/data\/images\/grail-microsite\/video\/grail-al-2019_2560_1440.jpg\" alt=\"Foto: Canyon Grail\" width=\"2560\" height=\"1440\" \/><figcaption class=\"wp-caption-text\">Foto: Canyon Grail<\/figcaption><\/figure>\n<p>Los <strong>cuadros son m\u00e1s largos que los de la bicicleta de carretera.<\/strong> Tienen mayor distancia entre ejes para hacerlos m\u00e1s c\u00f3modos y manejables. Tambi\u00e9n suelen incorporar todos los ojales posibles para colocar mochilas y portaequipajes para rutas de varios d\u00edas. En cuanto a los materiales, no solo se utiliza el carbono. Tambi\u00e9n aluminio y acero porque en este caso el peso no es lo m\u00e1s importante.<\/p>\n<p>En cuanto a los <strong>desarrollos hay un amplio margen de uso y de opciones.<\/strong> Hay marcas que ya han optado directamente por el modelo MTB de uniplato y juegan con una mayor amplitud en la pi\u00f1onera. Y otras siguen con el doble plato y un desarrollo m\u00e1s similar al de la bicicleta de carretera, aunque siempre con un margen m\u00e1s alto.<\/p>\n<div class=\"embed-controller-wrapper\">\n<div class=\"embed-wrapper\"><iframe title=\"Orbea Terra Carbon Gravel Bike - Long Term Review\" width=\"500\" height=\"281\" data-src=\"https:\/\/www.youtube.com\/embed\/KOomZvt9xUs?feature=oembed\" frameborder=\"0\" allow=\"accelerometer; autoplay; clipboard-write; encrypted-media; gyroscope; picture-in-picture; web-share\" referrerpolicy=\"strict-origin-when-cross-origin\" allowfullscreen><\/iframe><\/div>\n<\/div>\n","protected":false},"excerpt":{"rendered":"<p>\u00bfQu\u00e9 es el gravel? Pues hasta hace un lustro el ciclismo se divid\u00eda, b\u00e1sicamente, en carretera y monta\u00f1a. Con una [&hellip;]<\/p>\n","protected":false},"author":29,"featured_media":4133,"comment_status":"open","ping_status":"open","sticky":false,"template":"","format":"standard","meta":{"footnotes":""},"categories":[7,9],"tags":[868,869,867,870,871],"global-categories":[],"class_list":["post-4132","post","type-post","status-publish","format-standard","has-post-thumbnail","hentry","category-carretera","category-mtb-aventura","tag-bicis-gravel","tag-giant-gravel","tag-gravel","tag-orbea-gravel","tag-rutas-gravel"],"yoast_head":"<!-- This site is optimized with the Yoast SEO Premium plugin v25.3 (Yoast SEO v25.9) - https:\/\/yoast.com\/wordpress\/plugins\/seo\/ -->\n<title>Y el gravel \u00bfqu\u00e9 es? - \u0160koda We Love Cycling - Spain<\/title>\n<meta name=\"description\" content=\"\u00bfQu\u00e9 es el gravel? Te lo explicamos en un art\u00edculo. Bicicletas gravel que sirven para carretera, para MTB, para ciclocross y para viajar.\" \/>\n<meta name=\"robots\" content=\"index, follow, max-snippet:-1, max-image-preview:large, max-video-preview:-1\" \/>\n<link rel=\"canonical\" href=\"https:\/\/www.welovecycling.com\/es\/2019\/02\/14\/gravel\/\" \/>\n<meta property=\"og:locale\" content=\"es_ES\" \/>\n<meta property=\"og:type\" content=\"article\" \/>\n<meta property=\"og:title\" content=\"\u00bfQu\u00e9 es el gravel?\" \/>\n<meta property=\"og:description\" content=\"\u00bfQu\u00e9 es el gravel? Te lo explicamos en un art\u00edculo. Bicicletas gravel que sirven para carretera, para MTB, para ciclocross y para viajar.\" \/>\n<meta property=\"og:url\" content=\"https:\/\/www.welovecycling.com\/es\/2019\/02\/14\/gravel\/\" \/>\n<meta property=\"og:site_name\" content=\"\u0160koda We Love Cycling - Spain\" \/>\n<meta property=\"article:published_time\" content=\"2019-02-14T19:08:21+00:00\" \/>\n<meta property=\"og:image\" content=\"https:\/\/d2p6e6u75xmxt8.cloudfront.net\/6\/2019\/02\/orbea-1024x461.jpg\" \/>\n\t<meta property=\"og:image:width\" content=\"1024\" \/>\n\t<meta property=\"og:image:height\" content=\"461\" \/>\n\t<meta property=\"og:image:type\" content=\"image\/jpeg\" \/>\n<meta name=\"author\" content=\"We Love Cycling Spain\" \/>\n<meta name=\"twitter:card\" content=\"summary_large_image\" \/>\n<meta name=\"twitter:title\" content=\"\u00bfQu\u00e9 es el gravel?\" \/>\n<meta name=\"twitter:description\" content=\"\u00bfQu\u00e9 es el gravel? Te lo explicamos en un art\u00edculo. Bicicletas gravel que sirven para carretera, para MTB, para ciclocross y para viajar.\" \/>\n<meta name=\"twitter:label1\" content=\"Written by\" \/>\n\t<meta name=\"twitter:data1\" content=\"Luis Ortega @ciclored\" \/>\n\t<meta name=\"twitter:label2\" content=\"Est. reading time\" \/>\n\t<meta name=\"twitter:data2\" content=\"4 minutes\" \/>\n<script type=\"application\/ld+json\" class=\"yoast-schema-graph\">{\"@context\":\"https:\/\/schema.org\",\"@graph\":[{\"@type\":\"WebPage\",\"@id\":\"https:\/\/www.welovecycling.com\/es\/2019\/02\/14\/gravel\/\",\"url\":\"https:\/\/www.welovecycling.com\/es\/2019\/02\/14\/gravel\/\",\"name\":\"Y el gravel \u00bfqu\u00e9 es? - \u0160koda We Love Cycling - Spain\",\"isPartOf\":{\"@id\":\"https:\/\/www.welovecycling.com\/es\/#website\"},\"primaryImageOfPage\":{\"@id\":\"https:\/\/www.welovecycling.com\/es\/2019\/02\/14\/gravel\/#primaryimage\"},\"image\":{\"@id\":\"https:\/\/www.welovecycling.com\/es\/2019\/02\/14\/gravel\/#primaryimage\"},\"thumbnailUrl\":\"https:\/\/d2p6e6u75xmxt8.cloudfront.net\/6\/2019\/02\/orbea.jpg\",\"datePublished\":\"2019-02-14T19:08:21+00:00\",\"author\":{\"@id\":\"https:\/\/www.welovecycling.com\/es\/#\/schema\/person\/deb61715b5812698ee79fb96f343ccd4\"},\"description\":\"\u00bfQu\u00e9 es el gravel? Te lo explicamos en un art\u00edculo. Bicicletas gravel que sirven para carretera, para MTB, para ciclocross y para viajar.\",\"breadcrumb\":{\"@id\":\"https:\/\/www.welovecycling.com\/es\/2019\/02\/14\/gravel\/#breadcrumb\"},\"inLanguage\":\"es-ES\",\"potentialAction\":[{\"@type\":\"ReadAction\",\"target\":[\"https:\/\/www.welovecycling.com\/es\/2019\/02\/14\/gravel\/\"]}]},{\"@type\":\"ImageObject\",\"inLanguage\":\"es-ES\",\"@id\":\"https:\/\/www.welovecycling.com\/es\/2019\/02\/14\/gravel\/#primaryimage\",\"url\":\"https:\/\/d2p6e6u75xmxt8.cloudfront.net\/6\/2019\/02\/orbea.jpg\",\"contentUrl\":\"https:\/\/d2p6e6u75xmxt8.cloudfront.net\/6\/2019\/02\/orbea.jpg\",\"width\":2000,\"height\":900},{\"@type\":\"BreadcrumbList\",\"@id\":\"https:\/\/www.welovecycling.com\/es\/2019\/02\/14\/gravel\/#breadcrumb\",\"itemListElement\":[{\"@type\":\"ListItem\",\"position\":1,\"name\":\"Home\",\"item\":\"https:\/\/www.welovecycling.com\/es\/\"},{\"@type\":\"ListItem\",\"position\":2,\"name\":\"Y el gravel \u00bfqu\u00e9 es?\"}]},{\"@type\":\"WebSite\",\"@id\":\"https:\/\/www.welovecycling.com\/es\/#website\",\"url\":\"https:\/\/www.welovecycling.com\/es\/\",\"name\":\"\u0160koda We Love Cycling - Spain\",\"description\":\"\u0160koda WeLoveCycling Spain\",\"potentialAction\":[{\"@type\":\"SearchAction\",\"target\":{\"@type\":\"EntryPoint\",\"urlTemplate\":\"https:\/\/www.welovecycling.com\/es\/?s={search_term_string}\"},\"query-input\":{\"@type\":\"PropertyValueSpecification\",\"valueRequired\":true,\"valueName\":\"search_term_string\"}}],\"inLanguage\":\"es-ES\"},{\"@type\":\"Person\",\"@id\":\"https:\/\/www.welovecycling.com\/es\/#\/schema\/person\/deb61715b5812698ee79fb96f343ccd4\",\"name\":\"We Love Cycling Spain\",\"image\":{\"@type\":\"ImageObject\",\"inLanguage\":\"es-ES\",\"@id\":\"https:\/\/www.welovecycling.com\/es\/#\/schema\/person\/image\/\",\"url\":\"https:\/\/secure.gravatar.com\/avatar\/c824b04e6df0e37a03219d0b6481672889df542894588964102459e46513159c?s=96&d=mm&r=g\",\"contentUrl\":\"https:\/\/secure.gravatar.com\/avatar\/c824b04e6df0e37a03219d0b6481672889df542894588964102459e46513159c?s=96&d=mm&r=g\",\"caption\":\"We Love Cycling Spain\"},\"url\":\"https:\/\/www.welovecycling.com\/es\/author\/amunoz\/\"}]}<\/script>\n<!-- \/ Yoast SEO Premium plugin. -->","yoast_head_json":{"title":"Y el gravel \u00bfqu\u00e9 es? - \u0160koda We Love Cycling - Spain","description":"\u00bfQu\u00e9 es el gravel? Te lo explicamos en un art\u00edculo. Bicicletas gravel que sirven para carretera, para MTB, para ciclocross y para viajar.","robots":{"index":"index","follow":"follow","max-snippet":"max-snippet:-1","max-image-preview":"max-image-preview:large","max-video-preview":"max-video-preview:-1"},"canonical":"https:\/\/www.welovecycling.com\/es\/2019\/02\/14\/gravel\/","og_locale":"es_ES","og_type":"article","og_title":"\u00bfQu\u00e9 es el gravel?","og_description":"\u00bfQu\u00e9 es el gravel? Te lo explicamos en un art\u00edculo. Bicicletas gravel que sirven para carretera, para MTB, para ciclocross y para viajar.","og_url":"https:\/\/www.welovecycling.com\/es\/2019\/02\/14\/gravel\/","og_site_name":"\u0160koda We Love Cycling - Spain","article_published_time":"2019-02-14T19:08:21+00:00","og_image":[{"width":1024,"height":461,"url":"https:\/\/d2p6e6u75xmxt8.cloudfront.net\/6\/2019\/02\/orbea-1024x461.jpg","type":"image\/jpeg"}],"author":"We Love Cycling Spain","twitter_card":"summary_large_image","twitter_title":"\u00bfQu\u00e9 es el gravel?","twitter_description":"\u00bfQu\u00e9 es el gravel? Te lo explicamos en un art\u00edculo. Bicicletas gravel que sirven para carretera, para MTB, para ciclocross y para viajar.","twitter_misc":{"Written by":"Luis Ortega @ciclored","Est. reading time":"4 minutes"},"schema":{"@context":"https:\/\/schema.org","@graph":[{"@type":"WebPage","@id":"https:\/\/www.welovecycling.com\/es\/2019\/02\/14\/gravel\/","url":"https:\/\/www.welovecycling.com\/es\/2019\/02\/14\/gravel\/","name":"Y el gravel \u00bfqu\u00e9 es? - \u0160koda We Love Cycling - Spain","isPartOf":{"@id":"https:\/\/www.welovecycling.com\/es\/#website"},"primaryImageOfPage":{"@id":"https:\/\/www.welovecycling.com\/es\/2019\/02\/14\/gravel\/#primaryimage"},"image":{"@id":"https:\/\/www.welovecycling.com\/es\/2019\/02\/14\/gravel\/#primaryimage"},"thumbnailUrl":"https:\/\/d2p6e6u75xmxt8.cloudfront.net\/6\/2019\/02\/orbea.jpg","datePublished":"2019-02-14T19:08:21+00:00","author":{"@id":"https:\/\/www.welovecycling.com\/es\/#\/schema\/person\/deb61715b5812698ee79fb96f343ccd4"},"description":"\u00bfQu\u00e9 es el gravel? Te lo explicamos en un art\u00edculo. Bicicletas gravel que sirven para carretera, para MTB, para ciclocross y para viajar.","breadcrumb":{"@id":"https:\/\/www.welovecycling.com\/es\/2019\/02\/14\/gravel\/#breadcrumb"},"inLanguage":"es-ES","potentialAction":[{"@type":"ReadAction","target":["https:\/\/www.welovecycling.com\/es\/2019\/02\/14\/gravel\/"]}]},{"@type":"ImageObject","inLanguage":"es-ES","@id":"https:\/\/www.welovecycling.com\/es\/2019\/02\/14\/gravel\/#primaryimage","url":"https:\/\/d2p6e6u75xmxt8.cloudfront.net\/6\/2019\/02\/orbea.jpg","contentUrl":"https:\/\/d2p6e6u75xmxt8.cloudfront.net\/6\/2019\/02\/orbea.jpg","width":2000,"height":900},{"@type":"BreadcrumbList","@id":"https:\/\/www.welovecycling.com\/es\/2019\/02\/14\/gravel\/#breadcrumb","itemListElement":[{"@type":"ListItem","position":1,"name":"Home","item":"https:\/\/www.welovecycling.com\/es\/"},{"@type":"ListItem","position":2,"name":"Y el gravel \u00bfqu\u00e9 es?"}]},{"@type":"WebSite","@id":"https:\/\/www.welovecycling.com\/es\/#website","url":"https:\/\/www.welovecycling.com\/es\/","name":"\u0160koda We Love Cycling - Spain","description":"\u0160koda WeLoveCycling Spain","potentialAction":[{"@type":"SearchAction","target":{"@type":"EntryPoint","urlTemplate":"https:\/\/www.welovecycling.com\/es\/?s={search_term_string}"},"query-input":{"@type":"PropertyValueSpecification","valueRequired":true,"valueName":"search_term_string"}}],"inLanguage":"es-ES"},{"@type":"Person","@id":"https:\/\/www.welovecycling.com\/es\/#\/schema\/person\/deb61715b5812698ee79fb96f343ccd4","name":"We Love Cycling Spain","image":{"@type":"ImageObject","inLanguage":"es-ES","@id":"https:\/\/www.welovecycling.com\/es\/#\/schema\/person\/image\/","url":"https:\/\/secure.gravatar.com\/avatar\/c824b04e6df0e37a03219d0b6481672889df542894588964102459e46513159c?s=96&d=mm&r=g","contentUrl":"https:\/\/secure.gravatar.com\/avatar\/c824b04e6df0e37a03219d0b6481672889df542894588964102459e46513159c?s=96&d=mm&r=g","caption":"We Love Cycling Spain"},"url":"https:\/\/www.welovecycling.com\/es\/author\/amunoz\/"}]}},"_links":{"self":[{"href":"https:\/\/www.welovecycling.com\/es\/wp-json\/wp\/v2\/posts\/4132","targetHints":{"allow":["GET"]}}],"collection":[{"href":"https:\/\/www.welovecycling.com\/es\/wp-json\/wp\/v2\/posts"}],"about":[{"href":"https:\/\/www.welovecycling.com\/es\/wp-json\/wp\/v2\/types\/post"}],"author":[{"embeddable":true,"href":"https:\/\/www.welovecycling.com\/es\/wp-json\/wp\/v2\/users\/29"}],"replies":[{"embeddable":true,"href":"https:\/\/www.welovecycling.com\/es\/wp-json\/wp\/v2\/comments?post=4132"}],"version-history":[{"count":1,"href":"https:\/\/www.welovecycling.com\/es\/wp-json\/wp\/v2\/posts\/4132\/revisions"}],"predecessor-version":[{"id":4135,"href":"https:\/\/www.welovecycling.com\/es\/wp-json\/wp\/v2\/posts\/4132\/revisions\/4135"}],"wp:featuredmedia":[{"embeddable":true,"href":"https:\/\/www.welovecycling.com\/es\/wp-json\/wp\/v2\/media\/4133"}],"wp:attachment":[{"href":"https:\/\/www.welovecycling.com\/es\/wp-json\/wp\/v2\/media?parent=4132"}],"wp:term":[{"taxonomy":"category","embeddable":true,"href":"https:\/\/www.welovecycling.com\/es\/wp-json\/wp\/v2\/categories?post=4132"},{"taxonomy":"post_tag","embeddable":true,"href":"https:\/\/www.welovecycling.com\/es\/wp-json\/wp\/v2\/tags?post=4132"},{"taxonomy":"global-categories","embeddable":true,"href":"https:\/\/www.welovecycling.com\/es\/wp-json\/wp\/v2\/global-categories?post=4132"}],"curies":[{"name":"wp","href":"https:\/\/api.w.org\/{rel}","templated":true}]}}