{"id":4122,"date":"2019-02-14T11:05:01","date_gmt":"2019-02-14T09:05:01","guid":{"rendered":"https:\/\/www.welovecycling.com\/es\/?p=4122"},"modified":"2019-02-14T11:05:01","modified_gmt":"2019-02-14T09:05:01","slug":"invencion-tandem-ciclista","status":"publish","type":"post","link":"https:\/\/www.welovecycling.com\/es\/2019\/02\/14\/invencion-tandem-ciclista\/","title":{"rendered":"La rom\u00e1ntica historia de la invenci\u00f3n del tandem ciclista"},"content":{"rendered":"<p><strong>Como siempre que llega el D\u00eda de San Valent\u00edn hablas con tu pareja de la idea de pasar m\u00e1s tiempo juntos&#8230; y a ti se pasa algo por la cabeza&#8230; As\u00ed que, \u00bfpor qu\u00e9 no echar un vistazo a los libros de historia con un poco de ciclismo en t\u00e1ndem?<\/strong><br \/>\n<!--more--><\/p>\n<p>Desde los a\u00f1os 60 el ciclismo en t\u00e1ndem ha tenido un resurgimiento en su popularidad. En un extremo del espectro, son muy populares en el circuito de carreras. Por otro lado, son excelentes bicicletas familiares que permiten el entretenimiento al aire libre para todas las edades. Sin embargo, cuando las bicicletas t\u00e1ndem ganaron popularidad por primera vez en la d\u00e9cada de 1890. Se trataba de un romance y no es dif\u00edcil ver por qu\u00e9.<\/p>\n<p><strong>De la amante a las salas de m\u00fasica<\/strong><br \/>\n<em>Daisy, Daisy, dame tu respuesta,<\/em><br \/>\n<em>Estoy medio loco, todo por tu amor,<\/em><br \/>\n<em>No ser\u00e1 un matrimonio con estilo,<\/em><br \/>\n<em>No tengo carruaje,<\/em><br \/>\n<em>Pero te ver\u00e1s bien, en el asiento.<\/em><br \/>\n<em>De una bicicleta construida para dos!<\/em><\/p>\n<p>Esta popular canci\u00f3n, escrita por Harry Dacre en 1892, se cree que fue inspirada por Daisy Greville, Condesa de Warwick, y una de las amantes de Eduardo VII.<\/p>\n<p>Se dice que cuando Dacre viaj\u00f3 a los EE.UU. adquiri\u00f3 los derechos de importaci\u00f3n de la bicicleta que trajo consigo. Cuando un amigo coment\u00f3 que era mejor que no se construyera para dos, de lo contrario, le cobrar\u00edan el doble, Dacre qued\u00f3 encantado con la idea de una bicicleta `construida para dos&#8217;.<\/p>\n<p>La canci\u00f3n, que r\u00e1pidamente encontr\u00f3 su camino en las salas de m\u00fasica, fue muy oportuna. La d\u00e9cada de 1890 fue la primera vez que las bicicletas t\u00e1ndem se hicieron realmente populares. <strong>A un inventor dan\u00e9s, Mikael Pedersen, se le atribuye la creaci\u00f3n del primer t\u00e1ndem publicitado en 1898, con su bicicleta Pedersen<\/strong>. La tendencia se impuso r\u00e1pidamente y las primeras m\u00e1quinas inclu\u00edan nombres como el Humber, el Singer, el Rudge, el Raleigh, el Whitworth y el Chater Lea.<\/p>\n<p><a href=\"https:\/\/d2p6e6u75xmxt8.cloudfront.net\/6\/2019\/02\/Chater-Lea-Tandem-Bicycle.jpg\"><img loading=\"lazy\" decoding=\"async\" class=\"alignnone size-full wp-image-4123\" src=\"https:\/\/d2p6e6u75xmxt8.cloudfront.net\/6\/2019\/02\/Chater-Lea-Tandem-Bicycle.jpg\" alt=\"\" width=\"760\" height=\"507\" srcset=\"https:\/\/d2p6e6u75xmxt8.cloudfront.net\/6\/2019\/02\/Chater-Lea-Tandem-Bicycle.jpg 760w, https:\/\/d2p6e6u75xmxt8.cloudfront.net\/6\/2019\/02\/Chater-Lea-Tandem-Bicycle-300x200.jpg 300w, https:\/\/d2p6e6u75xmxt8.cloudfront.net\/6\/2019\/02\/Chater-Lea-Tandem-Bicycle-272x182.jpg 272w\" sizes=\"auto, (max-width: 760px) 100vw, 760px\" \/><\/a><\/p>\n<h4><strong>Bicicletas para ligar<\/strong><\/h4>\n<p>Dada la tentadora pero eminentemente respetable cercan\u00eda que una bicicleta t\u00e1ndem permit\u00eda entre los dos ciclistas, r\u00e1pidamente se ganaron el apodo de &#8220;bicicletas de cortejo&#8221;, popular entre las parejas que quer\u00edan pasar tiempo juntos. La idea era que el caballero cabalgara en el asiento trasero y condujera, mientras que la dama pod\u00eda sentarse en la parte delantera con suficiente espacio para sus faldas. Eso significaba que todos los controles estaban cargados para el pasajero trasero, la persona que iba delante pod\u00eda simplemente disfrutar del viaje.<\/p>\n<p>Alternativamente, tambi\u00e9n hubo la creaci\u00f3n de &#8220;lo sociable&#8221; para una variaci\u00f3n lado a lado del t\u00e1ndem. Tal vez una de las mayores formas de adulaci\u00f3n es la s\u00e1tira, y tal fue la popularidad tanto del t\u00e1ndem como de la canci\u00f3n de Dacre que ambos fueron objeto de versiones sat\u00edricas que tocaban en el v\u00ednculo simb\u00f3lico entre el t\u00e1ndem y el matrimonio.<\/p>\n<figure id=\"attachment_4124\" aria-describedby=\"caption-attachment-4124\" style=\"width: 1200px\" class=\"wp-caption alignnone\"><a href=\"https:\/\/d2p6e6u75xmxt8.cloudfront.net\/6\/2019\/02\/imgID133286625.jpg.gallery.jpg\"><img loading=\"lazy\" decoding=\"async\" class=\"wp-image-4124 size-full\" src=\"https:\/\/d2p6e6u75xmxt8.cloudfront.net\/6\/2019\/02\/imgID133286625.jpg.gallery.jpg\" alt=\"\" width=\"1200\" height=\"923\" srcset=\"https:\/\/d2p6e6u75xmxt8.cloudfront.net\/6\/2019\/02\/imgID133286625.jpg.gallery.jpg 1200w, https:\/\/d2p6e6u75xmxt8.cloudfront.net\/6\/2019\/02\/imgID133286625.jpg.gallery-300x231.jpg 300w, https:\/\/d2p6e6u75xmxt8.cloudfront.net\/6\/2019\/02\/imgID133286625.jpg.gallery-768x591.jpg 768w, https:\/\/d2p6e6u75xmxt8.cloudfront.net\/6\/2019\/02\/imgID133286625.jpg.gallery-1024x788.jpg 1024w\" sizes=\"auto, (max-width: 1200px) 100vw, 1200px\" \/><\/a><figcaption id=\"caption-attachment-4124\" class=\"wp-caption-text\">Disfrutar de la vida y estar saludable despu\u00e9s de cumplir 90 a\u00f1os es un logro en s\u00ed mismo, pero Betty Cox, que ahora tiene 91 a\u00f1os, no quer\u00eda detenerse ah\u00ed. Junto con su esposo Graham, de 86 a\u00f1os, compr\u00f3 una bicicleta t\u00e1ndem, para que pudieran seguir disfrutando de su pasi\u00f3n de toda la vida. Y despu\u00e9s de s\u00f3lo una temporada de entrenamiento, lograron acumular la asombrosa cantidad de 1.000 millas.<\/figcaption><\/figure>\n<h4><strong><br \/>\nConstruida para dos<\/strong><\/h4>\n<p>Con el tiempo, el t\u00e1ndem ha evolucionado. En alg\u00fan momento, el hecho de que las bicicletas de cortejo colocaran a las mujeres delante con grandes vestidos fue visto como un riesgo. Tambi\u00e9n a medida que la tendencia del ciclismo en t\u00e1ndem crec\u00eda, los hombres optaron por andar en bicicleta juntos, lo que requer\u00eda una mayor igualdad en el control de las bicicletas y se paso el control a la zona delantera.<\/p>\n<p>Hoy en d\u00eda, las bicicletas t\u00e1ndem son m\u00e1s sofisticadas que en los primeros tiempos, y ciertamente no hay un requisito de g\u00e9nero para quien toma la iniciativa o la responsabilidad de la direcci\u00f3n. Con eso establecido, sin embargo, una cosa no ha cambiado. Esos primeros ciclistas ten\u00edan raz\u00f3n en una cosa &#8211; dada una ubicaci\u00f3n hermosa, pocas cosas son m\u00e1s rom\u00e1nticas o proporcionan una mejor manera de pasar tiempo de calidad con alguien a quien amas. \u00bfQu\u00e9 podr\u00eda ser m\u00e1s rom\u00e1ntico que una bicicleta construida para dos?<\/p>\n","protected":false},"excerpt":{"rendered":"<p>Como siempre que llega el D\u00eda de San Valent\u00edn hablas con tu pareja de la idea de pasar m\u00e1s tiempo [&hellip;]<\/p>\n","protected":false},"author":29,"featured_media":4126,"comment_status":"open","ping_status":"open","sticky":false,"template":"","format":"standard","meta":{"footnotes":""},"categories":[7,8,9,6],"tags":[862,864,863,865,866,861],"global-categories":[],"class_list":["post-4122","post","type-post","status-publish","format-standard","has-post-thumbnail","hentry","category-carretera","category-life-style","category-mtb-aventura","category-urban","tag-ciclismo-romantico","tag-creacion-del-tandem","tag-historia-del-tandem","tag-invencion-del-tandem","tag-san-valentin-ciclista","tag-tandem"],"yoast_head":"<!-- This site is optimized with the Yoast SEO Premium plugin v25.3 (Yoast SEO v25.9) - https:\/\/yoast.com\/wordpress\/plugins\/seo\/ -->\n<title>La rom\u00e1ntica historia de la invenci\u00f3n del tandem ciclista - \u0160koda We Love Cycling - Spain<\/title>\n<meta name=\"description\" content=\"La invenci\u00f3n del tandem ciclista tambi\u00e9n tiene su parte rom\u00e1ntica. Y es que una bicicleta para dos en un primer momento fue creada para ligar.\" \/>\n<meta name=\"robots\" content=\"index, follow, max-snippet:-1, max-image-preview:large, max-video-preview:-1\" \/>\n<link rel=\"canonical\" href=\"https:\/\/www.welovecycling.com\/es\/2019\/02\/14\/invencion-tandem-ciclista\/\" \/>\n<meta property=\"og:locale\" content=\"es_ES\" \/>\n<meta property=\"og:type\" content=\"article\" \/>\n<meta property=\"og:title\" content=\"La invenci\u00f3n del tandem ciclista tambi\u00e9n tiene su parte rom\u00e1ntica\" \/>\n<meta property=\"og:description\" content=\"La invenci\u00f3n del tandem ciclista tambi\u00e9n tiene su parte rom\u00e1ntica. Y es que una bicicleta para dos en un primer momento fue creada para ligar.\" \/>\n<meta property=\"og:url\" content=\"https:\/\/www.welovecycling.com\/es\/2019\/02\/14\/invencion-tandem-ciclista\/\" \/>\n<meta property=\"og:site_name\" content=\"\u0160koda We Love Cycling - Spain\" \/>\n<meta property=\"article:published_time\" content=\"2019-02-14T09:05:01+00:00\" \/>\n<meta property=\"og:image\" content=\"https:\/\/d2p6e6u75xmxt8.cloudfront.net\/6\/2019\/02\/Tandem-Cycling-profimedia-0295669173.jpg\" \/>\n\t<meta property=\"og:image:width\" content=\"1366\" \/>\n\t<meta property=\"og:image:height\" content=\"600\" \/>\n\t<meta property=\"og:image:type\" content=\"image\/jpeg\" \/>\n<meta name=\"author\" content=\"We Love Cycling Spain\" \/>\n<meta name=\"twitter:card\" content=\"summary_large_image\" \/>\n<meta name=\"twitter:title\" content=\"La invenci\u00f3n del tandem ciclista tambi\u00e9n tiene su parte rom\u00e1ntica\" \/>\n<meta name=\"twitter:description\" content=\"La invenci\u00f3n del tandem ciclista tambi\u00e9n tiene su parte rom\u00e1ntica. Y es que una bicicleta para dos en un primer momento fue creada para ligar.\" \/>\n<meta name=\"twitter:label1\" content=\"Written by\" \/>\n\t<meta name=\"twitter:data1\" content=\"Bonnie Friend\" \/>\n\t<meta name=\"twitter:label2\" content=\"Est. reading time\" \/>\n\t<meta name=\"twitter:data2\" content=\"6\" \/>\n<script type=\"application\/ld+json\" class=\"yoast-schema-graph\">{\"@context\":\"https:\/\/schema.org\",\"@graph\":[{\"@type\":\"WebPage\",\"@id\":\"https:\/\/www.welovecycling.com\/es\/2019\/02\/14\/invencion-tandem-ciclista\/\",\"url\":\"https:\/\/www.welovecycling.com\/es\/2019\/02\/14\/invencion-tandem-ciclista\/\",\"name\":\"La rom\u00e1ntica historia de la invenci\u00f3n del tandem ciclista - \u0160koda We Love Cycling - Spain\",\"isPartOf\":{\"@id\":\"https:\/\/www.welovecycling.com\/es\/#website\"},\"primaryImageOfPage\":{\"@id\":\"https:\/\/www.welovecycling.com\/es\/2019\/02\/14\/invencion-tandem-ciclista\/#primaryimage\"},\"image\":{\"@id\":\"https:\/\/www.welovecycling.com\/es\/2019\/02\/14\/invencion-tandem-ciclista\/#primaryimage\"},\"thumbnailUrl\":\"https:\/\/d2p6e6u75xmxt8.cloudfront.net\/6\/2019\/02\/Tandem-Cycling-profimedia-0295669173.jpg\",\"datePublished\":\"2019-02-14T09:05:01+00:00\",\"author\":{\"@id\":\"https:\/\/www.welovecycling.com\/es\/#\/schema\/person\/deb61715b5812698ee79fb96f343ccd4\"},\"description\":\"La invenci\u00f3n del tandem ciclista tambi\u00e9n tiene su parte rom\u00e1ntica. Y es que una bicicleta para dos en un primer momento fue creada para ligar.\",\"breadcrumb\":{\"@id\":\"https:\/\/www.welovecycling.com\/es\/2019\/02\/14\/invencion-tandem-ciclista\/#breadcrumb\"},\"inLanguage\":\"es-ES\",\"potentialAction\":[{\"@type\":\"ReadAction\",\"target\":[\"https:\/\/www.welovecycling.com\/es\/2019\/02\/14\/invencion-tandem-ciclista\/\"]}]},{\"@type\":\"ImageObject\",\"inLanguage\":\"es-ES\",\"@id\":\"https:\/\/www.welovecycling.com\/es\/2019\/02\/14\/invencion-tandem-ciclista\/#primaryimage\",\"url\":\"https:\/\/d2p6e6u75xmxt8.cloudfront.net\/6\/2019\/02\/Tandem-Cycling-profimedia-0295669173.jpg\",\"contentUrl\":\"https:\/\/d2p6e6u75xmxt8.cloudfront.net\/6\/2019\/02\/Tandem-Cycling-profimedia-0295669173.jpg\",\"width\":1366,\"height\":600},{\"@type\":\"BreadcrumbList\",\"@id\":\"https:\/\/www.welovecycling.com\/es\/2019\/02\/14\/invencion-tandem-ciclista\/#breadcrumb\",\"itemListElement\":[{\"@type\":\"ListItem\",\"position\":1,\"name\":\"Home\",\"item\":\"https:\/\/www.welovecycling.com\/es\/\"},{\"@type\":\"ListItem\",\"position\":2,\"name\":\"La rom\u00e1ntica historia de la invenci\u00f3n del tandem ciclista\"}]},{\"@type\":\"WebSite\",\"@id\":\"https:\/\/www.welovecycling.com\/es\/#website\",\"url\":\"https:\/\/www.welovecycling.com\/es\/\",\"name\":\"\u0160koda We Love Cycling - Spain\",\"description\":\"\u0160koda WeLoveCycling Spain\",\"potentialAction\":[{\"@type\":\"SearchAction\",\"target\":{\"@type\":\"EntryPoint\",\"urlTemplate\":\"https:\/\/www.welovecycling.com\/es\/?s={search_term_string}\"},\"query-input\":{\"@type\":\"PropertyValueSpecification\",\"valueRequired\":true,\"valueName\":\"search_term_string\"}}],\"inLanguage\":\"es-ES\"},{\"@type\":\"Person\",\"@id\":\"https:\/\/www.welovecycling.com\/es\/#\/schema\/person\/deb61715b5812698ee79fb96f343ccd4\",\"name\":\"We Love Cycling Spain\",\"image\":{\"@type\":\"ImageObject\",\"inLanguage\":\"es-ES\",\"@id\":\"https:\/\/www.welovecycling.com\/es\/#\/schema\/person\/image\/\",\"url\":\"https:\/\/secure.gravatar.com\/avatar\/c824b04e6df0e37a03219d0b6481672889df542894588964102459e46513159c?s=96&d=mm&r=g\",\"contentUrl\":\"https:\/\/secure.gravatar.com\/avatar\/c824b04e6df0e37a03219d0b6481672889df542894588964102459e46513159c?s=96&d=mm&r=g\",\"caption\":\"We Love Cycling Spain\"},\"url\":\"https:\/\/www.welovecycling.com\/es\/author\/amunoz\/\"}]}<\/script>\n<!-- \/ Yoast SEO Premium plugin. -->","yoast_head_json":{"title":"La rom\u00e1ntica historia de la invenci\u00f3n del tandem ciclista - \u0160koda We Love Cycling - Spain","description":"La invenci\u00f3n del tandem ciclista tambi\u00e9n tiene su parte rom\u00e1ntica. Y es que una bicicleta para dos en un primer momento fue creada para ligar.","robots":{"index":"index","follow":"follow","max-snippet":"max-snippet:-1","max-image-preview":"max-image-preview:large","max-video-preview":"max-video-preview:-1"},"canonical":"https:\/\/www.welovecycling.com\/es\/2019\/02\/14\/invencion-tandem-ciclista\/","og_locale":"es_ES","og_type":"article","og_title":"La invenci\u00f3n del tandem ciclista tambi\u00e9n tiene su parte rom\u00e1ntica","og_description":"La invenci\u00f3n del tandem ciclista tambi\u00e9n tiene su parte rom\u00e1ntica. Y es que una bicicleta para dos en un primer momento fue creada para ligar.","og_url":"https:\/\/www.welovecycling.com\/es\/2019\/02\/14\/invencion-tandem-ciclista\/","og_site_name":"\u0160koda We Love Cycling - Spain","article_published_time":"2019-02-14T09:05:01+00:00","og_image":[{"width":1366,"height":600,"url":"https:\/\/d2p6e6u75xmxt8.cloudfront.net\/6\/2019\/02\/Tandem-Cycling-profimedia-0295669173.jpg","type":"image\/jpeg"}],"author":"We Love Cycling Spain","twitter_card":"summary_large_image","twitter_title":"La invenci\u00f3n del tandem ciclista tambi\u00e9n tiene su parte rom\u00e1ntica","twitter_description":"La invenci\u00f3n del tandem ciclista tambi\u00e9n tiene su parte rom\u00e1ntica. Y es que una bicicleta para dos en un primer momento fue creada para ligar.","twitter_misc":{"Written by":"Bonnie Friend","Est. reading time":"6"},"schema":{"@context":"https:\/\/schema.org","@graph":[{"@type":"WebPage","@id":"https:\/\/www.welovecycling.com\/es\/2019\/02\/14\/invencion-tandem-ciclista\/","url":"https:\/\/www.welovecycling.com\/es\/2019\/02\/14\/invencion-tandem-ciclista\/","name":"La rom\u00e1ntica historia de la invenci\u00f3n del tandem ciclista - \u0160koda We Love Cycling - Spain","isPartOf":{"@id":"https:\/\/www.welovecycling.com\/es\/#website"},"primaryImageOfPage":{"@id":"https:\/\/www.welovecycling.com\/es\/2019\/02\/14\/invencion-tandem-ciclista\/#primaryimage"},"image":{"@id":"https:\/\/www.welovecycling.com\/es\/2019\/02\/14\/invencion-tandem-ciclista\/#primaryimage"},"thumbnailUrl":"https:\/\/d2p6e6u75xmxt8.cloudfront.net\/6\/2019\/02\/Tandem-Cycling-profimedia-0295669173.jpg","datePublished":"2019-02-14T09:05:01+00:00","author":{"@id":"https:\/\/www.welovecycling.com\/es\/#\/schema\/person\/deb61715b5812698ee79fb96f343ccd4"},"description":"La invenci\u00f3n del tandem ciclista tambi\u00e9n tiene su parte rom\u00e1ntica. Y es que una bicicleta para dos en un primer momento fue creada para ligar.","breadcrumb":{"@id":"https:\/\/www.welovecycling.com\/es\/2019\/02\/14\/invencion-tandem-ciclista\/#breadcrumb"},"inLanguage":"es-ES","potentialAction":[{"@type":"ReadAction","target":["https:\/\/www.welovecycling.com\/es\/2019\/02\/14\/invencion-tandem-ciclista\/"]}]},{"@type":"ImageObject","inLanguage":"es-ES","@id":"https:\/\/www.welovecycling.com\/es\/2019\/02\/14\/invencion-tandem-ciclista\/#primaryimage","url":"https:\/\/d2p6e6u75xmxt8.cloudfront.net\/6\/2019\/02\/Tandem-Cycling-profimedia-0295669173.jpg","contentUrl":"https:\/\/d2p6e6u75xmxt8.cloudfront.net\/6\/2019\/02\/Tandem-Cycling-profimedia-0295669173.jpg","width":1366,"height":600},{"@type":"BreadcrumbList","@id":"https:\/\/www.welovecycling.com\/es\/2019\/02\/14\/invencion-tandem-ciclista\/#breadcrumb","itemListElement":[{"@type":"ListItem","position":1,"name":"Home","item":"https:\/\/www.welovecycling.com\/es\/"},{"@type":"ListItem","position":2,"name":"La rom\u00e1ntica historia de la invenci\u00f3n del tandem ciclista"}]},{"@type":"WebSite","@id":"https:\/\/www.welovecycling.com\/es\/#website","url":"https:\/\/www.welovecycling.com\/es\/","name":"\u0160koda We Love Cycling - Spain","description":"\u0160koda WeLoveCycling Spain","potentialAction":[{"@type":"SearchAction","target":{"@type":"EntryPoint","urlTemplate":"https:\/\/www.welovecycling.com\/es\/?s={search_term_string}"},"query-input":{"@type":"PropertyValueSpecification","valueRequired":true,"valueName":"search_term_string"}}],"inLanguage":"es-ES"},{"@type":"Person","@id":"https:\/\/www.welovecycling.com\/es\/#\/schema\/person\/deb61715b5812698ee79fb96f343ccd4","name":"We Love Cycling Spain","image":{"@type":"ImageObject","inLanguage":"es-ES","@id":"https:\/\/www.welovecycling.com\/es\/#\/schema\/person\/image\/","url":"https:\/\/secure.gravatar.com\/avatar\/c824b04e6df0e37a03219d0b6481672889df542894588964102459e46513159c?s=96&d=mm&r=g","contentUrl":"https:\/\/secure.gravatar.com\/avatar\/c824b04e6df0e37a03219d0b6481672889df542894588964102459e46513159c?s=96&d=mm&r=g","caption":"We Love Cycling Spain"},"url":"https:\/\/www.welovecycling.com\/es\/author\/amunoz\/"}]}},"_links":{"self":[{"href":"https:\/\/www.welovecycling.com\/es\/wp-json\/wp\/v2\/posts\/4122","targetHints":{"allow":["GET"]}}],"collection":[{"href":"https:\/\/www.welovecycling.com\/es\/wp-json\/wp\/v2\/posts"}],"about":[{"href":"https:\/\/www.welovecycling.com\/es\/wp-json\/wp\/v2\/types\/post"}],"author":[{"embeddable":true,"href":"https:\/\/www.welovecycling.com\/es\/wp-json\/wp\/v2\/users\/29"}],"replies":[{"embeddable":true,"href":"https:\/\/www.welovecycling.com\/es\/wp-json\/wp\/v2\/comments?post=4122"}],"version-history":[{"count":2,"href":"https:\/\/www.welovecycling.com\/es\/wp-json\/wp\/v2\/posts\/4122\/revisions"}],"predecessor-version":[{"id":4127,"href":"https:\/\/www.welovecycling.com\/es\/wp-json\/wp\/v2\/posts\/4122\/revisions\/4127"}],"wp:featuredmedia":[{"embeddable":true,"href":"https:\/\/www.welovecycling.com\/es\/wp-json\/wp\/v2\/media\/4126"}],"wp:attachment":[{"href":"https:\/\/www.welovecycling.com\/es\/wp-json\/wp\/v2\/media?parent=4122"}],"wp:term":[{"taxonomy":"category","embeddable":true,"href":"https:\/\/www.welovecycling.com\/es\/wp-json\/wp\/v2\/categories?post=4122"},{"taxonomy":"post_tag","embeddable":true,"href":"https:\/\/www.welovecycling.com\/es\/wp-json\/wp\/v2\/tags?post=4122"},{"taxonomy":"global-categories","embeddable":true,"href":"https:\/\/www.welovecycling.com\/es\/wp-json\/wp\/v2\/global-categories?post=4122"}],"curies":[{"name":"wp","href":"https:\/\/api.w.org\/{rel}","templated":true}]}}