{"id":4046,"date":"2019-01-29T20:41:02","date_gmt":"2019-01-29T18:41:02","guid":{"rendered":"https:\/\/www.welovecycling.com\/es\/?p=4046"},"modified":"2019-02-18T16:35:39","modified_gmt":"2019-02-18T14:35:39","slug":"finales-en-alto-de-la-vuelta","status":"publish","type":"post","link":"https:\/\/www.welovecycling.com\/es\/2019\/01\/29\/finales-en-alto-de-la-vuelta\/","title":{"rendered":"\u00bfC\u00f3mo se deciden los finales en alto de La Vuelta?"},"content":{"rendered":"<p><strong>Cada aficionado al ciclismo es un dise\u00f1ador de carreras en potencia. Traza perfiles y recorridos imaginarios. Muchos de ellos con finales explosivos, bellos y a veces incluso cerca de las rutas que suele hacer habitualmente. Y piensa. Este ser\u00eda un final en alto ideal para una etapa de La Vuelta. Pero pasar del pensamiento a la realidad no es sencillo. Este es el proceso habitual que sigue la organizaci\u00f3n de La Vuelta para decidir su finales de etapa.<\/strong><!--more--><\/p>\n<p>Lo primero es saber todo lo que <strong>ha cambiado el trabajo de los directores t\u00e9cnicos de La Vuelta desde hace 20 a\u00f1os hasta ahora. Internet y sobre todo la posibilidad de crear rutas online, perfiles de puertos de monta\u00f1a y visualizar lugares a trav\u00e9s de Google<\/strong> y otras aplicaciones ha resuelto muchas dudas que antes solo se pod\u00edan solucionar yendo<em> in situ<\/em> a ver el lugar. Entonces las peticiones llegaban por carta o por tel\u00e9fono a la organizaci\u00f3n y tocaba desplazarse para inspeccionar la subida. As\u00ed sucedi\u00f3 con uno de los primeros mitos de La Vuelta. <strong>El Angliru<\/strong>. Hasta que los lugare\u00f1os no informaron de su asfaltado y de su existencia permanec\u00eda &#8216;oculto&#8217; en Riosa. En 1999 hizo su debut y desde entonces se ha convertido en un s\u00edmbolo de la dureza que hay en muchos puertos espa\u00f1oles.<\/p>\n<p>La aparici\u00f3n del Angliru cambi\u00f3 la forma de dise\u00f1ar los recorridos de La Vuelta.<strong> En primer lugar porque la organizaci\u00f3n se &#8216;atrevi\u00f3&#8217; a retar a los ciclistas, pero tambi\u00e9n as\u00ed misma.<\/strong> Y es que las dificultades log\u00edsticas que suponen un puerto as\u00ed normalmente no son perceptibles por los aficionados, pero son una de las claves para decidir si se puede organizar all\u00ed una etapa de La Vuelta o no.<\/p>\n<p><a href=\"https:\/\/d2p6e6u75xmxt8.cloudfront.net\/6\/2019\/01\/la-vuelta-2018-43.JPG.jpg\"><img loading=\"lazy\" decoding=\"async\" class=\"aligncenter size-large wp-image-4048\" src=\"https:\/\/d2p6e6u75xmxt8.cloudfront.net\/6\/2019\/01\/la-vuelta-2018-43.JPG-1024x678.jpg\" alt=\"\" width=\"1024\" height=\"678\" srcset=\"https:\/\/d2p6e6u75xmxt8.cloudfront.net\/6\/2019\/01\/la-vuelta-2018-43.JPG.jpg 1024w, https:\/\/d2p6e6u75xmxt8.cloudfront.net\/6\/2019\/01\/la-vuelta-2018-43.JPG-300x199.jpg 300w, https:\/\/d2p6e6u75xmxt8.cloudfront.net\/6\/2019\/01\/la-vuelta-2018-43.JPG-768x509.jpg 768w\" sizes=\"auto, (max-width: 1024px) 100vw, 1024px\" \/><\/a><\/p>\n<p><strong>P\u00f3nganse en situaci\u00f3n. Para una l\u00ednea de llegada de La Vuelta se necesita, como m\u00ednimo. Espacio para un cami\u00f3n que transporta la l\u00ednea de meta<\/strong>, otro cami\u00f3n de podio, un cami\u00f3n de sala de prensa para radio y TV, un cami\u00f3n\/estudio de RTVE, un espacio para montar la carpa de prensa y otro cami\u00f3n para subirla, un cami\u00f3n con enlaces, conexiones y generadores, otro para transportar las vallas y de uno a tres camiones para la zona de invitados. A todo ello hay que unir al menos uno o dos coches de equipo (40 como m\u00ednimo) de los autobuses nos olvidamos claro, m\u00e1s coches de jueces, jurado t\u00e9cnico, organizaci\u00f3n, m\u00e9dicos, radio enlaces, prensa, televisi\u00f3n, medios de comunicaci\u00f3n, m\u00e1s las motos de organizaci\u00f3n, las de Guardia Civil&#8230;<\/p>\n<p>As\u00ed que en primer lugar<strong> lo m\u00ednimo que debe haber en la cima del puerto elegido para ser final de meta es espacio libre para colocar todo eso<\/strong>. Y no solo el espacio, sino que si es de titularidad privada se requieren permisos y pagos. Por eso muchas cimas con antenas alrededor dependen del due\u00f1o de la antena y del terreno. Despu\u00e9s siempre se puede reducir algunos aspectos. Por ejemplo en la meta <strong>de Les Praeres, en La Vuelta 2018, prescindieron del cami\u00f3n de podio y estuvo situado a ras de suelo<\/strong>. O en la meta de Lagos de Covadonga la zona de medios escritos y los coches de equipo aparcaron a un kil\u00f3metro de la l\u00ednea de llegada.<\/p>\n<p><a href=\"https:\/\/d2p6e6u75xmxt8.cloudfront.net\/6\/2019\/01\/la-vuelta-2018-47.JPG.jpg\"><img loading=\"lazy\" decoding=\"async\" class=\"aligncenter size-large wp-image-4049\" src=\"https:\/\/d2p6e6u75xmxt8.cloudfront.net\/6\/2019\/01\/la-vuelta-2018-47.JPG-1024x665.jpg\" alt=\"\" width=\"1024\" height=\"665\" srcset=\"https:\/\/d2p6e6u75xmxt8.cloudfront.net\/6\/2019\/01\/la-vuelta-2018-47.JPG.jpg 1024w, https:\/\/d2p6e6u75xmxt8.cloudfront.net\/6\/2019\/01\/la-vuelta-2018-47.JPG-300x195.jpg 300w, https:\/\/d2p6e6u75xmxt8.cloudfront.net\/6\/2019\/01\/la-vuelta-2018-47.JPG-768x499.jpg 768w\" sizes=\"auto, (max-width: 1024px) 100vw, 1024px\" \/><\/a><\/p>\n<p>Una <strong>vez que hay espacio suficiente (preferentemente plano),\u00a0 hay que pensar c\u00f3mo subir todo hasta ah\u00ed arriba. Porque carreteras como el Angliru, con rampas del 25%, o Les Praeres<\/strong>, que adem\u00e1s son estrechas, no son las mejores para subir un cami\u00f3n de varias toneladas. Y claro, tambi\u00e9n para bajar. Porque el proceso de evacuaci\u00f3n de una l\u00ednea de meta de La Vuelta tambi\u00e9n es esencial para decidir si es el lugar propicio. Lo ideal es que tenga <strong>carretera de subida y de bajada, como Calar Alto, Aubisque o Pajares<\/strong>. Y en el caso de que no la tenga, al menos que haya dos o tres opciones alternativas para subir, como ocurre en <strong>Sierra Nevada o La Pandera<\/strong>. Porque hay que tener en cuenta que toda esa infraestructura tendr\u00e1 que bajar e ir al siguiente puerto de monta\u00f1a al d\u00eda siguiente y en menos de 12 horas.<\/p>\n<p>Cuando todos estos aspectos est\u00e1n resueltos. Toca ponerse a buscar el trazado por donde vendr\u00e1 la etapa. <strong>Los puertos de paso, el estado de las carreteras, la posible l\u00ednea de salida y la distancia con respecto a la l\u00ednea de meta del d\u00eda anterior<\/strong>. Y claro, la infraestructura hotelera de los alrededores, porque La Vuelta mueve cada d\u00eda a m\u00e1s de 1.000 personas que necesitan un lugar para dormir, cenar y desayunar.<\/p>\n<p>Con todo esto aclarado la organizaci\u00f3n de La Vuelta y el lugar donde acabar\u00e1 la etapa, (municipio, provincia o comunidad aut\u00f3noma) se deben poner<strong> de acuerdo para gestionar el canon de meta<\/strong> y que para ambos resulte beneficioso.<\/p>\n<p><a href=\"https:\/\/d2p6e6u75xmxt8.cloudfront.net\/6\/2019\/01\/la-vuelta-2016-ciclored-4.JPG.jpg\"><img loading=\"lazy\" decoding=\"async\" class=\"aligncenter size-large wp-image-4050\" src=\"https:\/\/d2p6e6u75xmxt8.cloudfront.net\/6\/2019\/01\/la-vuelta-2016-ciclored-4.JPG-1024x768.jpg\" alt=\"\" width=\"1024\" height=\"768\" srcset=\"https:\/\/d2p6e6u75xmxt8.cloudfront.net\/6\/2019\/01\/la-vuelta-2016-ciclored-4.JPG.jpg 1024w, https:\/\/d2p6e6u75xmxt8.cloudfront.net\/6\/2019\/01\/la-vuelta-2016-ciclored-4.JPG-300x225.jpg 300w, https:\/\/d2p6e6u75xmxt8.cloudfront.net\/6\/2019\/01\/la-vuelta-2016-ciclored-4.JPG-768x576.jpg 768w\" sizes=\"auto, (max-width: 1024px) 100vw, 1024px\" \/><\/a><\/p>\n<p><strong>El Tour<\/strong>, que es la misma empresa que <strong>La Vuelta a Espa\u00f1a, A.S.O. suele utilizar la Dauphin\u00e9 Liber\u00e9 y la Par\u00eds Niza<\/strong>, dos carreras que tambi\u00e9n organizan ellos, para &#8216;probar&#8217; los lugares in\u00e9ditos que han elegido como l\u00ednea de meta para el Tour de Francia. Una forma de poner en situaci\u00f3n y a menor escala (la repercusi\u00f3n y la log\u00edstica de ambas no llegan ni a un tercio de lo que mueve la Grande Boucle) lo que ser\u00e1 la meta del Tour.<\/p>\n<p>En el caso de Espa\u00f1a es mucho m\u00e1s complicado porque las vueltas regionales, Itzulia, Volta, Vuelta a Andaluc\u00eda, Challenge de Mallorca, Vuelta a Valencia, Vuelta a Murcia, Vuelta a Burgos, Vuelta a Arag\u00f3n, Vuelta Asturias y Vuelta a Castilla y Le\u00f3n<strong> tienen organizaciones propias e independientes de La Vuelta a Espa\u00f1a.<\/strong> As\u00ed que el reto log\u00edstico ante un puerto nuevo, por muchas haza\u00f1as ciclistas que se puedan escribir en \u00e9l,<strong> puede ser incluso m\u00e1s grande para la organizaci\u00f3n que para el pelot\u00f3n.<\/strong><\/p>\n","protected":false},"excerpt":{"rendered":"<p>Cada aficionado al ciclismo es un dise\u00f1ador de carreras en potencia. Traza perfiles y recorridos imaginarios. Muchos de ellos con [&hellip;]<\/p>\n","protected":false},"author":29,"featured_media":4047,"comment_status":"open","ping_status":"open","sticky":false,"template":"","format":"standard","meta":{"footnotes":""},"categories":[7],"tags":[843,844,842,840,839,841],"global-categories":[],"class_list":["post-4046","post","type-post","status-publish","format-standard","has-post-thumbnail","hentry","category-carretera","tag-canon-meta-vuelta-a-espana","tag-como-se-decide-meta-vuelta","tag-etapa-vuelta-a-espana","tag-meta-vuelta-a-espana","tag-puerto-vuelta-a-espana","tag-vuelta-a-espana-2019"],"yoast_head":"<!-- This site is optimized with the Yoast SEO Premium plugin v25.3 (Yoast SEO v25.9) - https:\/\/yoast.com\/wordpress\/plugins\/seo\/ -->\n<title>\u00bfC\u00f3mo se deciden los finales en alto de La Vuelta? - \u0160koda We Love Cycling - Spain<\/title>\n<meta name=\"description\" content=\"C\u00f3mo se deciden los finales en alto de La Vuelta. Qui\u00e9n dise\u00f1as las etapas de monta\u00f1a de La Vuelta a Espa\u00f1a. Porque La Vuelta llega a ciertos puertos.\" \/>\n<meta name=\"robots\" content=\"index, follow, max-snippet:-1, max-image-preview:large, max-video-preview:-1\" \/>\n<link rel=\"canonical\" href=\"https:\/\/www.welovecycling.com\/es\/2019\/01\/29\/finales-en-alto-de-la-vuelta\/\" \/>\n<meta property=\"og:locale\" content=\"es_ES\" \/>\n<meta property=\"og:type\" content=\"article\" \/>\n<meta property=\"og:title\" content=\"\u00bfC\u00f3mo se deciden los finales en alto de La Vuelta?\" \/>\n<meta property=\"og:description\" content=\"Cada aficionado al ciclismo es un dise\u00f1ador de carreras en potencia. Traza perfiles y recorridos imaginarios. Muchos de ellos con finales explosivos, bellos y a veces incluso cerca de las rutas que suele hacer habitualmente. Y piensa. Este ser\u00eda un final en alto ideal para una etapa de La Vuelta. Pero pasar del pensamiento a la realidad no es sencillo. Este es el proceso habitual que sigue la organizaci\u00f3n de La Vuelta para decidir su finales de etapa.\" \/>\n<meta property=\"og:url\" content=\"https:\/\/www.welovecycling.com\/es\/2019\/01\/29\/finales-en-alto-de-la-vuelta\/\" \/>\n<meta property=\"og:site_name\" content=\"\u0160koda We Love Cycling - Spain\" \/>\n<meta property=\"article:published_time\" content=\"2019-01-29T18:41:02+00:00\" \/>\n<meta property=\"article:modified_time\" content=\"2019-02-18T14:35:39+00:00\" \/>\n<meta property=\"og:image\" content=\"https:\/\/d2p6e6u75xmxt8.cloudfront.net\/6\/2019\/01\/la-vuelta-2018-1.JPG.jpg\" \/>\n\t<meta property=\"og:image:width\" content=\"1024\" \/>\n\t<meta property=\"og:image:height\" content=\"494\" \/>\n\t<meta property=\"og:image:type\" content=\"image\/jpeg\" \/>\n<meta name=\"author\" content=\"We Love Cycling Spain\" \/>\n<meta name=\"twitter:card\" content=\"summary_large_image\" \/>\n<meta name=\"twitter:title\" content=\"\u00bfC\u00f3mo se deciden los finales en alto de La Vuelta?\" \/>\n<meta name=\"twitter:description\" content=\"Cada aficionado al ciclismo es un dise\u00f1ador de carreras en potencia. Traza perfiles y recorridos imaginarios. Muchos de ellos con finales explosivos, bellos y a veces incluso cerca de las rutas que suele hacer habitualmente. Y piensa. Este ser\u00eda un final en alto ideal para una etapa de La Vuelta. Pero pasar del pensamiento a la realidad no es sencillo. Este es el proceso habitual que sigue la organizaci\u00f3n de La Vuelta para decidir su finales de etapa.\" \/>\n<meta name=\"twitter:label1\" content=\"Written by\" \/>\n\t<meta name=\"twitter:data1\" content=\"Luis @Ciclored\" \/>\n\t<meta name=\"twitter:label2\" content=\"Est. reading time\" \/>\n\t<meta name=\"twitter:data2\" content=\"5 minutes\" \/>\n<script type=\"application\/ld+json\" class=\"yoast-schema-graph\">{\"@context\":\"https:\/\/schema.org\",\"@graph\":[{\"@type\":\"WebPage\",\"@id\":\"https:\/\/www.welovecycling.com\/es\/2019\/01\/29\/finales-en-alto-de-la-vuelta\/\",\"url\":\"https:\/\/www.welovecycling.com\/es\/2019\/01\/29\/finales-en-alto-de-la-vuelta\/\",\"name\":\"\u00bfC\u00f3mo se deciden los finales en alto de La Vuelta? - \u0160koda We Love Cycling - Spain\",\"isPartOf\":{\"@id\":\"https:\/\/www.welovecycling.com\/es\/#website\"},\"primaryImageOfPage\":{\"@id\":\"https:\/\/www.welovecycling.com\/es\/2019\/01\/29\/finales-en-alto-de-la-vuelta\/#primaryimage\"},\"image\":{\"@id\":\"https:\/\/www.welovecycling.com\/es\/2019\/01\/29\/finales-en-alto-de-la-vuelta\/#primaryimage\"},\"thumbnailUrl\":\"https:\/\/d2p6e6u75xmxt8.cloudfront.net\/6\/2019\/01\/la-vuelta-2018-1.JPG.jpg\",\"datePublished\":\"2019-01-29T18:41:02+00:00\",\"dateModified\":\"2019-02-18T14:35:39+00:00\",\"author\":{\"@id\":\"https:\/\/www.welovecycling.com\/es\/#\/schema\/person\/deb61715b5812698ee79fb96f343ccd4\"},\"description\":\"C\u00f3mo se deciden los finales en alto de La Vuelta. Qui\u00e9n dise\u00f1as las etapas de monta\u00f1a de La Vuelta a Espa\u00f1a. Porque La Vuelta llega a ciertos puertos.\",\"breadcrumb\":{\"@id\":\"https:\/\/www.welovecycling.com\/es\/2019\/01\/29\/finales-en-alto-de-la-vuelta\/#breadcrumb\"},\"inLanguage\":\"es-ES\",\"potentialAction\":[{\"@type\":\"ReadAction\",\"target\":[\"https:\/\/www.welovecycling.com\/es\/2019\/01\/29\/finales-en-alto-de-la-vuelta\/\"]}]},{\"@type\":\"ImageObject\",\"inLanguage\":\"es-ES\",\"@id\":\"https:\/\/www.welovecycling.com\/es\/2019\/01\/29\/finales-en-alto-de-la-vuelta\/#primaryimage\",\"url\":\"https:\/\/d2p6e6u75xmxt8.cloudfront.net\/6\/2019\/01\/la-vuelta-2018-1.JPG.jpg\",\"contentUrl\":\"https:\/\/d2p6e6u75xmxt8.cloudfront.net\/6\/2019\/01\/la-vuelta-2018-1.JPG.jpg\",\"width\":1024,\"height\":494},{\"@type\":\"BreadcrumbList\",\"@id\":\"https:\/\/www.welovecycling.com\/es\/2019\/01\/29\/finales-en-alto-de-la-vuelta\/#breadcrumb\",\"itemListElement\":[{\"@type\":\"ListItem\",\"position\":1,\"name\":\"Home\",\"item\":\"https:\/\/www.welovecycling.com\/es\/\"},{\"@type\":\"ListItem\",\"position\":2,\"name\":\"\u00bfC\u00f3mo se deciden los finales en alto de La Vuelta?\"}]},{\"@type\":\"WebSite\",\"@id\":\"https:\/\/www.welovecycling.com\/es\/#website\",\"url\":\"https:\/\/www.welovecycling.com\/es\/\",\"name\":\"\u0160koda We Love Cycling - Spain\",\"description\":\"\u0160koda WeLoveCycling Spain\",\"potentialAction\":[{\"@type\":\"SearchAction\",\"target\":{\"@type\":\"EntryPoint\",\"urlTemplate\":\"https:\/\/www.welovecycling.com\/es\/?s={search_term_string}\"},\"query-input\":{\"@type\":\"PropertyValueSpecification\",\"valueRequired\":true,\"valueName\":\"search_term_string\"}}],\"inLanguage\":\"es-ES\"},{\"@type\":\"Person\",\"@id\":\"https:\/\/www.welovecycling.com\/es\/#\/schema\/person\/deb61715b5812698ee79fb96f343ccd4\",\"name\":\"We Love Cycling Spain\",\"image\":{\"@type\":\"ImageObject\",\"inLanguage\":\"es-ES\",\"@id\":\"https:\/\/www.welovecycling.com\/es\/#\/schema\/person\/image\/\",\"url\":\"https:\/\/secure.gravatar.com\/avatar\/c824b04e6df0e37a03219d0b6481672889df542894588964102459e46513159c?s=96&d=mm&r=g\",\"contentUrl\":\"https:\/\/secure.gravatar.com\/avatar\/c824b04e6df0e37a03219d0b6481672889df542894588964102459e46513159c?s=96&d=mm&r=g\",\"caption\":\"We Love Cycling Spain\"},\"url\":\"https:\/\/www.welovecycling.com\/es\/author\/amunoz\/\"}]}<\/script>\n<!-- \/ Yoast SEO Premium plugin. -->","yoast_head_json":{"title":"\u00bfC\u00f3mo se deciden los finales en alto de La Vuelta? - \u0160koda We Love Cycling - Spain","description":"C\u00f3mo se deciden los finales en alto de La Vuelta. Qui\u00e9n dise\u00f1as las etapas de monta\u00f1a de La Vuelta a Espa\u00f1a. Porque La Vuelta llega a ciertos puertos.","robots":{"index":"index","follow":"follow","max-snippet":"max-snippet:-1","max-image-preview":"max-image-preview:large","max-video-preview":"max-video-preview:-1"},"canonical":"https:\/\/www.welovecycling.com\/es\/2019\/01\/29\/finales-en-alto-de-la-vuelta\/","og_locale":"es_ES","og_type":"article","og_title":"\u00bfC\u00f3mo se deciden los finales en alto de La Vuelta?","og_description":"Cada aficionado al ciclismo es un dise\u00f1ador de carreras en potencia. Traza perfiles y recorridos imaginarios. Muchos de ellos con finales explosivos, bellos y a veces incluso cerca de las rutas que suele hacer habitualmente. Y piensa. Este ser\u00eda un final en alto ideal para una etapa de La Vuelta. Pero pasar del pensamiento a la realidad no es sencillo. Este es el proceso habitual que sigue la organizaci\u00f3n de La Vuelta para decidir su finales de etapa.","og_url":"https:\/\/www.welovecycling.com\/es\/2019\/01\/29\/finales-en-alto-de-la-vuelta\/","og_site_name":"\u0160koda We Love Cycling - Spain","article_published_time":"2019-01-29T18:41:02+00:00","article_modified_time":"2019-02-18T14:35:39+00:00","og_image":[{"width":1024,"height":494,"url":"https:\/\/d2p6e6u75xmxt8.cloudfront.net\/6\/2019\/01\/la-vuelta-2018-1.JPG.jpg","type":"image\/jpeg"}],"author":"We Love Cycling Spain","twitter_card":"summary_large_image","twitter_title":"\u00bfC\u00f3mo se deciden los finales en alto de La Vuelta?","twitter_description":"Cada aficionado al ciclismo es un dise\u00f1ador de carreras en potencia. Traza perfiles y recorridos imaginarios. Muchos de ellos con finales explosivos, bellos y a veces incluso cerca de las rutas que suele hacer habitualmente. Y piensa. Este ser\u00eda un final en alto ideal para una etapa de La Vuelta. Pero pasar del pensamiento a la realidad no es sencillo. Este es el proceso habitual que sigue la organizaci\u00f3n de La Vuelta para decidir su finales de etapa.","twitter_misc":{"Written by":"Luis @Ciclored","Est. reading time":"5 minutes"},"schema":{"@context":"https:\/\/schema.org","@graph":[{"@type":"WebPage","@id":"https:\/\/www.welovecycling.com\/es\/2019\/01\/29\/finales-en-alto-de-la-vuelta\/","url":"https:\/\/www.welovecycling.com\/es\/2019\/01\/29\/finales-en-alto-de-la-vuelta\/","name":"\u00bfC\u00f3mo se deciden los finales en alto de La Vuelta? - \u0160koda We Love Cycling - Spain","isPartOf":{"@id":"https:\/\/www.welovecycling.com\/es\/#website"},"primaryImageOfPage":{"@id":"https:\/\/www.welovecycling.com\/es\/2019\/01\/29\/finales-en-alto-de-la-vuelta\/#primaryimage"},"image":{"@id":"https:\/\/www.welovecycling.com\/es\/2019\/01\/29\/finales-en-alto-de-la-vuelta\/#primaryimage"},"thumbnailUrl":"https:\/\/d2p6e6u75xmxt8.cloudfront.net\/6\/2019\/01\/la-vuelta-2018-1.JPG.jpg","datePublished":"2019-01-29T18:41:02+00:00","dateModified":"2019-02-18T14:35:39+00:00","author":{"@id":"https:\/\/www.welovecycling.com\/es\/#\/schema\/person\/deb61715b5812698ee79fb96f343ccd4"},"description":"C\u00f3mo se deciden los finales en alto de La Vuelta. Qui\u00e9n dise\u00f1as las etapas de monta\u00f1a de La Vuelta a Espa\u00f1a. Porque La Vuelta llega a ciertos puertos.","breadcrumb":{"@id":"https:\/\/www.welovecycling.com\/es\/2019\/01\/29\/finales-en-alto-de-la-vuelta\/#breadcrumb"},"inLanguage":"es-ES","potentialAction":[{"@type":"ReadAction","target":["https:\/\/www.welovecycling.com\/es\/2019\/01\/29\/finales-en-alto-de-la-vuelta\/"]}]},{"@type":"ImageObject","inLanguage":"es-ES","@id":"https:\/\/www.welovecycling.com\/es\/2019\/01\/29\/finales-en-alto-de-la-vuelta\/#primaryimage","url":"https:\/\/d2p6e6u75xmxt8.cloudfront.net\/6\/2019\/01\/la-vuelta-2018-1.JPG.jpg","contentUrl":"https:\/\/d2p6e6u75xmxt8.cloudfront.net\/6\/2019\/01\/la-vuelta-2018-1.JPG.jpg","width":1024,"height":494},{"@type":"BreadcrumbList","@id":"https:\/\/www.welovecycling.com\/es\/2019\/01\/29\/finales-en-alto-de-la-vuelta\/#breadcrumb","itemListElement":[{"@type":"ListItem","position":1,"name":"Home","item":"https:\/\/www.welovecycling.com\/es\/"},{"@type":"ListItem","position":2,"name":"\u00bfC\u00f3mo se deciden los finales en alto de La Vuelta?"}]},{"@type":"WebSite","@id":"https:\/\/www.welovecycling.com\/es\/#website","url":"https:\/\/www.welovecycling.com\/es\/","name":"\u0160koda We Love Cycling - Spain","description":"\u0160koda WeLoveCycling Spain","potentialAction":[{"@type":"SearchAction","target":{"@type":"EntryPoint","urlTemplate":"https:\/\/www.welovecycling.com\/es\/?s={search_term_string}"},"query-input":{"@type":"PropertyValueSpecification","valueRequired":true,"valueName":"search_term_string"}}],"inLanguage":"es-ES"},{"@type":"Person","@id":"https:\/\/www.welovecycling.com\/es\/#\/schema\/person\/deb61715b5812698ee79fb96f343ccd4","name":"We Love Cycling Spain","image":{"@type":"ImageObject","inLanguage":"es-ES","@id":"https:\/\/www.welovecycling.com\/es\/#\/schema\/person\/image\/","url":"https:\/\/secure.gravatar.com\/avatar\/c824b04e6df0e37a03219d0b6481672889df542894588964102459e46513159c?s=96&d=mm&r=g","contentUrl":"https:\/\/secure.gravatar.com\/avatar\/c824b04e6df0e37a03219d0b6481672889df542894588964102459e46513159c?s=96&d=mm&r=g","caption":"We Love Cycling Spain"},"url":"https:\/\/www.welovecycling.com\/es\/author\/amunoz\/"}]}},"_links":{"self":[{"href":"https:\/\/www.welovecycling.com\/es\/wp-json\/wp\/v2\/posts\/4046","targetHints":{"allow":["GET"]}}],"collection":[{"href":"https:\/\/www.welovecycling.com\/es\/wp-json\/wp\/v2\/posts"}],"about":[{"href":"https:\/\/www.welovecycling.com\/es\/wp-json\/wp\/v2\/types\/post"}],"author":[{"embeddable":true,"href":"https:\/\/www.welovecycling.com\/es\/wp-json\/wp\/v2\/users\/29"}],"replies":[{"embeddable":true,"href":"https:\/\/www.welovecycling.com\/es\/wp-json\/wp\/v2\/comments?post=4046"}],"version-history":[{"count":2,"href":"https:\/\/www.welovecycling.com\/es\/wp-json\/wp\/v2\/posts\/4046\/revisions"}],"predecessor-version":[{"id":4144,"href":"https:\/\/www.welovecycling.com\/es\/wp-json\/wp\/v2\/posts\/4046\/revisions\/4144"}],"wp:featuredmedia":[{"embeddable":true,"href":"https:\/\/www.welovecycling.com\/es\/wp-json\/wp\/v2\/media\/4047"}],"wp:attachment":[{"href":"https:\/\/www.welovecycling.com\/es\/wp-json\/wp\/v2\/media?parent=4046"}],"wp:term":[{"taxonomy":"category","embeddable":true,"href":"https:\/\/www.welovecycling.com\/es\/wp-json\/wp\/v2\/categories?post=4046"},{"taxonomy":"post_tag","embeddable":true,"href":"https:\/\/www.welovecycling.com\/es\/wp-json\/wp\/v2\/tags?post=4046"},{"taxonomy":"global-categories","embeddable":true,"href":"https:\/\/www.welovecycling.com\/es\/wp-json\/wp\/v2\/global-categories?post=4046"}],"curies":[{"name":"wp","href":"https:\/\/api.w.org\/{rel}","templated":true}]}}