{"id":4040,"date":"2019-01-25T19:24:14","date_gmt":"2019-01-25T17:24:14","guid":{"rendered":"https:\/\/www.welovecycling.com\/es\/?p=4040"},"modified":"2019-02-13T16:25:05","modified_gmt":"2019-02-13T14:25:05","slug":"alberto-contador","status":"publish","type":"post","link":"https:\/\/www.welovecycling.com\/es\/2019\/01\/25\/alberto-contador\/","title":{"rendered":"Alberto Contador: &#8220;Echo de menos la competici\u00f3n, pero no las ca\u00eddas y la dieta&#8221;"},"content":{"rendered":"<p><strong>Alberto Contador admiti\u00f3 en una entrevista para La Gazzetta dello Sport que echa de menos el sabor de la competici\u00f3n por ser un deportista. Hay, sin embargo, algunas cosas que no le gustaban en sus d\u00edas de profesional. El espa\u00f1ol se cay\u00f3 varias veces en las vueltas de tres semanas. El r\u00e9cord, las tres del Tour 2011. Sin embargo, Contador logr\u00f3 ganar 7 Grand Tours en total. No es de extra\u00f1ar, por tanto, que el peri\u00f3dico italiano le preguntase por los favoritos para 2019<\/strong><!--more--><\/p>\n<p>&#8220;S\u00ed, puede&#8221;, dijo Contador despu\u00e9s de que le preguntaran si <strong>Froome<\/strong> puede ganar un quinto t\u00edtulo del Tour. &#8220;Lo tiene en las piernas, adem\u00e1s de tener un equipo como Sky que imagino que estar\u00e1 a su lado despu\u00e9s de que Thomas aprovechara su oportunidad el a\u00f1o pasado. Chris tiene muchas posibilidades&#8221;.<\/p>\n<p>Como Froome se salta el Giro este a\u00f1o para centrarse \u00fanicamente en el Tour de Francia, el Giro de Italia est\u00e1 en juego para el resto del Team Sky. Entonces, \u00bfQui\u00e9n va a ser el l\u00edder del equipo brit\u00e1nico? Contador cree que Bernal por encima de Thomas.<\/p>\n<div class=\"embed-controller-wrapper\">\n<blockquote class=\"twitter-tweet\" data-width=\"500\" data-dnt=\"true\">\n<p lang=\"en\" dir=\"ltr\">Massive thank you to <a href=\"https:\/\/twitter.com\/Eganbernal?ref_src=twsrc%5Etfw\">@eganbernal<\/a> today, he\u2019s got an amazing future ahead of him \ud83c\udde8\ud83c\uddf4\ud83d\ude4c\ud83c\udde8\ud83c\uddf4 <a href=\"https:\/\/twitter.com\/hashtag\/TDF2018?src=hash&amp;ref_src=twsrc%5Etfw\">#TDF2018<\/a> <br \/>\ud83d\udcf8 <a href=\"https:\/\/twitter.com\/therussellellis?ref_src=twsrc%5Etfw\">@therussellellis<\/a> <a href=\"https:\/\/t.co\/XQvzSRcBMQ\">pic.twitter.com\/XQvzSRcBMQ<\/a><\/p>\n<p>&mdash; Chris Froome (@chrisfroome) <a href=\"https:\/\/twitter.com\/chrisfroome\/status\/1022878958524747781?ref_src=twsrc%5Etfw\">July 27, 2018<\/a><\/p><\/blockquote>\n<p><script async data-src=\"https:\/\/platform.twitter.com\/widgets.js\" charset=\"utf-8\"><\/script><\/div>\n<p>&#8220;\u00a1Para m\u00ed, \u00e9l [Bernal] es realmente fuerte! Su potencial y capacidad son aterradores&#8221;.<\/p>\n<p>\u00bfAcaso a El Pistolero le apetece volver a lanzarse al ring del ciclismo profesional? Sorprendentemente, no.<\/p>\n<div class=\"embed-controller-wrapper\">\n<blockquote class=\"twitter-tweet\" data-width=\"500\" data-dnt=\"true\">\n<p lang=\"und\" dir=\"ltr\">2009\/2019 <a href=\"https:\/\/twitter.com\/hashtag\/TenYearChallenge?src=hash&amp;ref_src=twsrc%5Etfw\">#TenYearChallenge<\/a> \ud83d\ude09\ud83d\udc49 <a href=\"https:\/\/t.co\/9wRSQqMBxE\">pic.twitter.com\/9wRSQqMBxE<\/a><\/p>\n<p>&mdash; Alberto Contador (@albertocontador) <a href=\"https:\/\/twitter.com\/albertocontador\/status\/1085548392783196160?ref_src=twsrc%5Etfw\">January 16, 2019<\/a><\/p><\/blockquote>\n<p><script async data-src=\"https:\/\/platform.twitter.com\/widgets.js\" charset=\"utf-8\"><\/script><\/div>\n<p>&#8220;Me fui en el momento perfecto. Todav\u00eda en la cima. Guardo grandes recuerdos incluso de los \u00faltimos d\u00edas. Podr\u00eda haber continuado durante dos o tres a\u00f1os. Ten\u00eda buenas opciones&#8230;. <strong>Pero los proyectos en la vida personal, como el de ser padre, exig\u00edan su espacio<\/strong>&#8220;.<\/p>\n<p>Sin embargo, no abandon\u00f3 el deporte por completo. Dirige un equipo de ciclismo en su tiempo libre y sale con frecuencia en televisi\u00f3n para comentar las grandes carreras.<\/p>\n","protected":false},"excerpt":{"rendered":"<p>Alberto Contador admiti\u00f3 en una entrevista para La Gazzetta dello Sport que echa de menos el sabor de la competici\u00f3n [&hellip;]<\/p>\n","protected":false},"author":29,"featured_media":4043,"comment_status":"open","ping_status":"open","sticky":false,"template":"","format":"standard","meta":{"footnotes":""},"categories":[7],"tags":[84,838,837,836],"global-categories":[],"class_list":["post-4040","post","type-post","status-publish","format-standard","has-post-thumbnail","hentry","category-carretera","tag-alberto-contador","tag-contador-giro","tag-contador-tour","tag-entrevista-alberto-contador"],"yoast_head":"<!-- This site is optimized with the Yoast SEO Premium plugin v25.3 (Yoast SEO v25.9) - https:\/\/yoast.com\/wordpress\/plugins\/seo\/ -->\n<title>Alberto Contador: &quot;Echo de menos la competici\u00f3n, pero no las ca\u00eddas y la dieta&quot; - \u0160koda We Love Cycling - Spain<\/title>\n<meta name=\"description\" content=\"Contador: &quot;Echo de menos la competici\u00f3n, pero no las ca\u00eddas y la dieta&quot;. La entrevista de Alberto Contador en la Gazzetta dello Sport.\" \/>\n<meta name=\"robots\" content=\"index, follow, max-snippet:-1, max-image-preview:large, max-video-preview:-1\" \/>\n<link rel=\"canonical\" href=\"https:\/\/www.welovecycling.com\/es\/2019\/01\/25\/alberto-contador\/\" \/>\n<meta property=\"og:locale\" content=\"es_ES\" \/>\n<meta property=\"og:type\" content=\"article\" \/>\n<meta property=\"og:title\" content=\"Contador: &quot;Echo de menos la competici\u00f3n, pero no las ca\u00eddas y la dieta&quot;\" \/>\n<meta property=\"og:description\" content=\"Contador: &quot;Echo de menos la competici\u00f3n, pero no las ca\u00eddas y la dieta&quot;. La entrevista de Alberto Contador en la Gazzetta dello Sport.\" \/>\n<meta property=\"og:url\" content=\"https:\/\/www.welovecycling.com\/es\/2019\/01\/25\/alberto-contador\/\" \/>\n<meta property=\"og:site_name\" content=\"\u0160koda We Love Cycling - Spain\" \/>\n<meta property=\"article:published_time\" content=\"2019-01-25T17:24:14+00:00\" \/>\n<meta property=\"article:modified_time\" content=\"2019-02-13T14:25:05+00:00\" \/>\n<meta property=\"og:image\" content=\"https:\/\/d2p6e6u75xmxt8.cloudfront.net\/6\/2019\/01\/alberto-contador-profimedia-0390983245.jpg\" \/>\n\t<meta property=\"og:image:width\" content=\"1366\" \/>\n\t<meta property=\"og:image:height\" content=\"600\" \/>\n\t<meta property=\"og:image:type\" content=\"image\/jpeg\" \/>\n<meta name=\"author\" content=\"We Love Cycling Spain\" \/>\n<meta name=\"twitter:card\" content=\"summary_large_image\" \/>\n<meta name=\"twitter:title\" content=\"Contador: &quot;Echo de menos la competici\u00f3n, pero no las ca\u00eddas y la dieta&quot;\" \/>\n<meta name=\"twitter:description\" content=\"Contador: &quot;Echo de menos la competici\u00f3n, pero no las ca\u00eddas y la dieta&quot;. La entrevista de Alberto Contador en la Gazzetta dello Sport.\" \/>\n<meta name=\"twitter:label1\" content=\"Written by\" \/>\n\t<meta name=\"twitter:data1\" content=\"Monica Buck\" \/>\n\t<meta name=\"twitter:label2\" content=\"Est. reading time\" \/>\n\t<meta name=\"twitter:data2\" content=\"3\" \/>\n<script type=\"application\/ld+json\" class=\"yoast-schema-graph\">{\"@context\":\"https:\/\/schema.org\",\"@graph\":[{\"@type\":\"WebPage\",\"@id\":\"https:\/\/www.welovecycling.com\/es\/2019\/01\/25\/alberto-contador\/\",\"url\":\"https:\/\/www.welovecycling.com\/es\/2019\/01\/25\/alberto-contador\/\",\"name\":\"Alberto Contador: \\\"Echo de menos la competici\u00f3n, pero no las ca\u00eddas y la dieta\\\" - \u0160koda We Love Cycling - Spain\",\"isPartOf\":{\"@id\":\"https:\/\/www.welovecycling.com\/es\/#website\"},\"primaryImageOfPage\":{\"@id\":\"https:\/\/www.welovecycling.com\/es\/2019\/01\/25\/alberto-contador\/#primaryimage\"},\"image\":{\"@id\":\"https:\/\/www.welovecycling.com\/es\/2019\/01\/25\/alberto-contador\/#primaryimage\"},\"thumbnailUrl\":\"https:\/\/d2p6e6u75xmxt8.cloudfront.net\/6\/2019\/01\/alberto-contador-profimedia-0390983245.jpg\",\"datePublished\":\"2019-01-25T17:24:14+00:00\",\"dateModified\":\"2019-02-13T14:25:05+00:00\",\"author\":{\"@id\":\"https:\/\/www.welovecycling.com\/es\/#\/schema\/person\/deb61715b5812698ee79fb96f343ccd4\"},\"description\":\"Contador: \\\"Echo de menos la competici\u00f3n, pero no las ca\u00eddas y la dieta\\\". La entrevista de Alberto Contador en la Gazzetta dello Sport.\",\"breadcrumb\":{\"@id\":\"https:\/\/www.welovecycling.com\/es\/2019\/01\/25\/alberto-contador\/#breadcrumb\"},\"inLanguage\":\"es-ES\",\"potentialAction\":[{\"@type\":\"ReadAction\",\"target\":[\"https:\/\/www.welovecycling.com\/es\/2019\/01\/25\/alberto-contador\/\"]}]},{\"@type\":\"ImageObject\",\"inLanguage\":\"es-ES\",\"@id\":\"https:\/\/www.welovecycling.com\/es\/2019\/01\/25\/alberto-contador\/#primaryimage\",\"url\":\"https:\/\/d2p6e6u75xmxt8.cloudfront.net\/6\/2019\/01\/alberto-contador-profimedia-0390983245.jpg\",\"contentUrl\":\"https:\/\/d2p6e6u75xmxt8.cloudfront.net\/6\/2019\/01\/alberto-contador-profimedia-0390983245.jpg\",\"width\":1366,\"height\":600},{\"@type\":\"BreadcrumbList\",\"@id\":\"https:\/\/www.welovecycling.com\/es\/2019\/01\/25\/alberto-contador\/#breadcrumb\",\"itemListElement\":[{\"@type\":\"ListItem\",\"position\":1,\"name\":\"Home\",\"item\":\"https:\/\/www.welovecycling.com\/es\/\"},{\"@type\":\"ListItem\",\"position\":2,\"name\":\"Alberto Contador: &#8220;Echo de menos la competici\u00f3n, pero no las ca\u00eddas y la dieta&#8221;\"}]},{\"@type\":\"WebSite\",\"@id\":\"https:\/\/www.welovecycling.com\/es\/#website\",\"url\":\"https:\/\/www.welovecycling.com\/es\/\",\"name\":\"\u0160koda We Love Cycling - Spain\",\"description\":\"\u0160koda WeLoveCycling Spain\",\"potentialAction\":[{\"@type\":\"SearchAction\",\"target\":{\"@type\":\"EntryPoint\",\"urlTemplate\":\"https:\/\/www.welovecycling.com\/es\/?s={search_term_string}\"},\"query-input\":{\"@type\":\"PropertyValueSpecification\",\"valueRequired\":true,\"valueName\":\"search_term_string\"}}],\"inLanguage\":\"es-ES\"},{\"@type\":\"Person\",\"@id\":\"https:\/\/www.welovecycling.com\/es\/#\/schema\/person\/deb61715b5812698ee79fb96f343ccd4\",\"name\":\"We Love Cycling Spain\",\"image\":{\"@type\":\"ImageObject\",\"inLanguage\":\"es-ES\",\"@id\":\"https:\/\/www.welovecycling.com\/es\/#\/schema\/person\/image\/\",\"url\":\"https:\/\/secure.gravatar.com\/avatar\/c824b04e6df0e37a03219d0b6481672889df542894588964102459e46513159c?s=96&d=mm&r=g\",\"contentUrl\":\"https:\/\/secure.gravatar.com\/avatar\/c824b04e6df0e37a03219d0b6481672889df542894588964102459e46513159c?s=96&d=mm&r=g\",\"caption\":\"We Love Cycling Spain\"},\"url\":\"https:\/\/www.welovecycling.com\/es\/author\/amunoz\/\"}]}<\/script>\n<!-- \/ Yoast SEO Premium plugin. -->","yoast_head_json":{"title":"Alberto Contador: \"Echo de menos la competici\u00f3n, pero no las ca\u00eddas y la dieta\" - \u0160koda We Love Cycling - Spain","description":"Contador: \"Echo de menos la competici\u00f3n, pero no las ca\u00eddas y la dieta\". La entrevista de Alberto Contador en la Gazzetta dello Sport.","robots":{"index":"index","follow":"follow","max-snippet":"max-snippet:-1","max-image-preview":"max-image-preview:large","max-video-preview":"max-video-preview:-1"},"canonical":"https:\/\/www.welovecycling.com\/es\/2019\/01\/25\/alberto-contador\/","og_locale":"es_ES","og_type":"article","og_title":"Contador: \"Echo de menos la competici\u00f3n, pero no las ca\u00eddas y la dieta\"","og_description":"Contador: \"Echo de menos la competici\u00f3n, pero no las ca\u00eddas y la dieta\". La entrevista de Alberto Contador en la Gazzetta dello Sport.","og_url":"https:\/\/www.welovecycling.com\/es\/2019\/01\/25\/alberto-contador\/","og_site_name":"\u0160koda We Love Cycling - Spain","article_published_time":"2019-01-25T17:24:14+00:00","article_modified_time":"2019-02-13T14:25:05+00:00","og_image":[{"width":1366,"height":600,"url":"https:\/\/d2p6e6u75xmxt8.cloudfront.net\/6\/2019\/01\/alberto-contador-profimedia-0390983245.jpg","type":"image\/jpeg"}],"author":"We Love Cycling Spain","twitter_card":"summary_large_image","twitter_title":"Contador: \"Echo de menos la competici\u00f3n, pero no las ca\u00eddas y la dieta\"","twitter_description":"Contador: \"Echo de menos la competici\u00f3n, pero no las ca\u00eddas y la dieta\". La entrevista de Alberto Contador en la Gazzetta dello Sport.","twitter_misc":{"Written by":"Monica Buck","Est. reading time":"3"},"schema":{"@context":"https:\/\/schema.org","@graph":[{"@type":"WebPage","@id":"https:\/\/www.welovecycling.com\/es\/2019\/01\/25\/alberto-contador\/","url":"https:\/\/www.welovecycling.com\/es\/2019\/01\/25\/alberto-contador\/","name":"Alberto Contador: \"Echo de menos la competici\u00f3n, pero no las ca\u00eddas y la dieta\" - \u0160koda We Love Cycling - Spain","isPartOf":{"@id":"https:\/\/www.welovecycling.com\/es\/#website"},"primaryImageOfPage":{"@id":"https:\/\/www.welovecycling.com\/es\/2019\/01\/25\/alberto-contador\/#primaryimage"},"image":{"@id":"https:\/\/www.welovecycling.com\/es\/2019\/01\/25\/alberto-contador\/#primaryimage"},"thumbnailUrl":"https:\/\/d2p6e6u75xmxt8.cloudfront.net\/6\/2019\/01\/alberto-contador-profimedia-0390983245.jpg","datePublished":"2019-01-25T17:24:14+00:00","dateModified":"2019-02-13T14:25:05+00:00","author":{"@id":"https:\/\/www.welovecycling.com\/es\/#\/schema\/person\/deb61715b5812698ee79fb96f343ccd4"},"description":"Contador: \"Echo de menos la competici\u00f3n, pero no las ca\u00eddas y la dieta\". La entrevista de Alberto Contador en la Gazzetta dello Sport.","breadcrumb":{"@id":"https:\/\/www.welovecycling.com\/es\/2019\/01\/25\/alberto-contador\/#breadcrumb"},"inLanguage":"es-ES","potentialAction":[{"@type":"ReadAction","target":["https:\/\/www.welovecycling.com\/es\/2019\/01\/25\/alberto-contador\/"]}]},{"@type":"ImageObject","inLanguage":"es-ES","@id":"https:\/\/www.welovecycling.com\/es\/2019\/01\/25\/alberto-contador\/#primaryimage","url":"https:\/\/d2p6e6u75xmxt8.cloudfront.net\/6\/2019\/01\/alberto-contador-profimedia-0390983245.jpg","contentUrl":"https:\/\/d2p6e6u75xmxt8.cloudfront.net\/6\/2019\/01\/alberto-contador-profimedia-0390983245.jpg","width":1366,"height":600},{"@type":"BreadcrumbList","@id":"https:\/\/www.welovecycling.com\/es\/2019\/01\/25\/alberto-contador\/#breadcrumb","itemListElement":[{"@type":"ListItem","position":1,"name":"Home","item":"https:\/\/www.welovecycling.com\/es\/"},{"@type":"ListItem","position":2,"name":"Alberto Contador: &#8220;Echo de menos la competici\u00f3n, pero no las ca\u00eddas y la dieta&#8221;"}]},{"@type":"WebSite","@id":"https:\/\/www.welovecycling.com\/es\/#website","url":"https:\/\/www.welovecycling.com\/es\/","name":"\u0160koda We Love Cycling - Spain","description":"\u0160koda WeLoveCycling Spain","potentialAction":[{"@type":"SearchAction","target":{"@type":"EntryPoint","urlTemplate":"https:\/\/www.welovecycling.com\/es\/?s={search_term_string}"},"query-input":{"@type":"PropertyValueSpecification","valueRequired":true,"valueName":"search_term_string"}}],"inLanguage":"es-ES"},{"@type":"Person","@id":"https:\/\/www.welovecycling.com\/es\/#\/schema\/person\/deb61715b5812698ee79fb96f343ccd4","name":"We Love Cycling Spain","image":{"@type":"ImageObject","inLanguage":"es-ES","@id":"https:\/\/www.welovecycling.com\/es\/#\/schema\/person\/image\/","url":"https:\/\/secure.gravatar.com\/avatar\/c824b04e6df0e37a03219d0b6481672889df542894588964102459e46513159c?s=96&d=mm&r=g","contentUrl":"https:\/\/secure.gravatar.com\/avatar\/c824b04e6df0e37a03219d0b6481672889df542894588964102459e46513159c?s=96&d=mm&r=g","caption":"We Love Cycling Spain"},"url":"https:\/\/www.welovecycling.com\/es\/author\/amunoz\/"}]}},"_links":{"self":[{"href":"https:\/\/www.welovecycling.com\/es\/wp-json\/wp\/v2\/posts\/4040","targetHints":{"allow":["GET"]}}],"collection":[{"href":"https:\/\/www.welovecycling.com\/es\/wp-json\/wp\/v2\/posts"}],"about":[{"href":"https:\/\/www.welovecycling.com\/es\/wp-json\/wp\/v2\/types\/post"}],"author":[{"embeddable":true,"href":"https:\/\/www.welovecycling.com\/es\/wp-json\/wp\/v2\/users\/29"}],"replies":[{"embeddable":true,"href":"https:\/\/www.welovecycling.com\/es\/wp-json\/wp\/v2\/comments?post=4040"}],"version-history":[{"count":2,"href":"https:\/\/www.welovecycling.com\/es\/wp-json\/wp\/v2\/posts\/4040\/revisions"}],"predecessor-version":[{"id":4109,"href":"https:\/\/www.welovecycling.com\/es\/wp-json\/wp\/v2\/posts\/4040\/revisions\/4109"}],"wp:featuredmedia":[{"embeddable":true,"href":"https:\/\/www.welovecycling.com\/es\/wp-json\/wp\/v2\/media\/4043"}],"wp:attachment":[{"href":"https:\/\/www.welovecycling.com\/es\/wp-json\/wp\/v2\/media?parent=4040"}],"wp:term":[{"taxonomy":"category","embeddable":true,"href":"https:\/\/www.welovecycling.com\/es\/wp-json\/wp\/v2\/categories?post=4040"},{"taxonomy":"post_tag","embeddable":true,"href":"https:\/\/www.welovecycling.com\/es\/wp-json\/wp\/v2\/tags?post=4040"},{"taxonomy":"global-categories","embeddable":true,"href":"https:\/\/www.welovecycling.com\/es\/wp-json\/wp\/v2\/global-categories?post=4040"}],"curies":[{"name":"wp","href":"https:\/\/api.w.org\/{rel}","templated":true}]}}