{"id":4032,"date":"2019-01-22T20:23:27","date_gmt":"2019-01-22T18:23:27","guid":{"rendered":"https:\/\/www.welovecycling.com\/es\/?p=4032"},"modified":"2019-02-13T16:35:49","modified_gmt":"2019-02-13T14:35:49","slug":"las-bicicletas-2019","status":"publish","type":"post","link":"https:\/\/www.welovecycling.com\/es\/2019\/01\/22\/las-bicicletas-2019\/","title":{"rendered":"Las 5 claves de las bicicletas de 2019"},"content":{"rendered":"<p><strong>Justo cuando piensas que la industria de las bicicletas se est\u00e1 quedando sin innovaci\u00f3n, echamos un vistazo a algunas tendencias para 2019 que creemos que te van a encantar tanto como a nosotros.<\/strong><br \/>\n<!--more--><\/p>\n<h2><strong>Una bicicleta para dominarlas a todas<\/strong><\/h2>\n<p>Un par de mis amigos que recientemente compraron bicicletas nuevas han tomado una visi\u00f3n mucho m\u00e1s seria de lo que realmente van a hacer en su bicicleta. Refleja un creciente sentido de realismo sobre cu\u00e1ntas bicicletas necesitas.<\/p>\n<lite-youtube videoid=YBYZQUa9SNk params=\"enablejsapi=1\" style=\"background-image: url('https:\/\/i.ytimg.com\/vi_webp\/YBYZQUa9SNk\/maxresdefault.webp');\"><\/lite-youtube>\n<p>Los fabricantes de bicicletas han mejorado mucho en la fabricaci\u00f3n de bicicletas adecuadas para m\u00e1s de una disciplina. El Trek Checkpoint, como se puede ver en el v\u00eddeo de arriba, se comercializa como una bicicleta de gravel, pero el peso reducido te invita a escalar, as\u00ed como a cruzar un continente por senderos. Si vas a comprar una bicicleta en 2019, aseg\u00farate de que haga TODO lo que necesites hacer. Despu\u00e9s de todo, s\u00f3lo puedes llevarte una bicicleta contigo.<\/p>\n<h2><strong>DIY Telemetr\u00eda<\/strong><\/h2>\n<p>\u00bfEs 2019 el a\u00f1o en que la telemetr\u00eda llegar\u00e1 a las masas? Si est\u00e1s contento con tu bicicleta pero crees que puedes sacar m\u00e1s provecho de ella con una puesta a punto decente, entonces la telemetr\u00eda puede ser la soluci\u00f3n tecnol\u00f3gica que est\u00e1s buscando. Y puedes asegurarte de llegar all\u00ed primero gracias a la p\u00e1gina de BYB Kickstarter.<\/p>\n<p>https:\/\/www.youtube.com\/watch?v=h9ZjI5P2kyY&#038;t=72s<\/p>\n<p>Sin duda, se trata de una tecnolog\u00eda costosa, pero independientemente de la gama de precios de tu bicicleta, la telemetr\u00eda te dir\u00e1 algo importante acerca de tu ruta que puede que no hayas considerado antes. Y los beneficios de afinar bien tu bicicleta suelen ser proporcionales al dinero que hayas gastado en ella en primer lugar.<\/p>\n<h2><strong>El alquiler de bicis se hace el\u00e9ctrico<\/strong><\/h2>\n<p>El siguiente paso l\u00f3gico en los servicios de alquiler de bicicletas en la ciudad es hacerlos el\u00e9ctricos, y Uber est\u00e1 deseando cruzar el Atl\u00e1ntico y llevar su servicio de Jump a Europa. Estas bicicletas electr\u00f3nicas con pedaleo asistido pueden resultar populares entre los turistas y los residentes por igual, especialmente para aquellos que no quieren llegar sudados.<\/p>\n<div class=\"embed-controller-wrapper\">\n<div class=\"embed-wrapper\"><iframe title=\"Chargin\u2019 at San Francisco Hills with electric Jump Bikes\" width=\"500\" height=\"281\" data-src=\"https:\/\/www.youtube.com\/embed\/_KwJD2XzP4Q?feature=oembed\" frameborder=\"0\" allow=\"accelerometer; autoplay; clipboard-write; encrypted-media; gyroscope; picture-in-picture; web-share\" referrerpolicy=\"strict-origin-when-cross-origin\" allowfullscreen><\/iframe><\/div>\n<\/div>\n<p>Parece probable que el servicio se ponga en marcha en Berl\u00edn antes de ser introducido en otras ciudades, y est\u00e1 dise\u00f1ado para mejorar el flujo de tr\u00e1fico, lo que, a su vez, ayudar\u00e1 tambi\u00e9n a los servicios de autom\u00f3viles de Uber. Es bueno ver que la nueva CEO de Uber, Dara Khosrowshahi, est\u00e1 pensando en c\u00f3mo complementar las estrategias de viaje de las ciudades modernas.<\/p>\n<h2><strong>Proceso de aceptaci\u00f3n de las e-bikes<\/strong><\/h2>\n<p>Es justo decir que hasta hace muy poco, las e-bikes carec\u00edan de glamour o incluso de un factor <em>cool<\/em>. Tener una bater\u00eda atada a su bicicleta con un soporte de pedalier del tama\u00f1o de una bola de bolera no era un buen aspecto. Pero mira lo sexy que se han vuelto las e-bikes.<\/p>\n<lite-youtube videoid=uX2T7rFaJmM params=\"enablejsapi=1\" style=\"background-image: url('https:\/\/i.ytimg.com\/vi_webp\/uX2T7rFaJmM\/maxresdefault.webp');\"><\/lite-youtube>\n<p>La mayor\u00eda de nosotros vamos en bicicleta para hacer ejercicio y para divertirnos, as\u00ed que las bicicletas electr\u00f3nicas tienen un aura de pereza. \u00bfPor qu\u00e9 no ser un hombre y andar en bicicleta normalmente? Ser\u00e1s r\u00e1pido y estar\u00e1s en forma en un par de meses de duro trabajo. Tal vez 2019 es el a\u00f1o en el que dejamos de juzgar a los ciclistas de e-bike.<\/p>\n<h2><strong>Get smart &#8211; Integraci\u00f3n electr\u00f3nica<\/strong><\/h2>\n<p>Al comprar una nueva bici en 2019 deber\u00edas estar considerando cualquier cosa, desde medidores de potencia integrados como los que ves en el nuevo y hermoso Giant Defy Advanced Pro 0, hasta cabinas de BTT inal\u00e1mbricas personalizadas, postes de&#8230;.<\/p>\n<lite-youtube videoid=k4z4SnHDCpo params=\"enablejsapi=1\" style=\"background-image: url('https:\/\/i.ytimg.com\/vi_webp\/k4z4SnHDCpo\/maxresdefault.webp');\"><\/lite-youtube>\n","protected":false},"excerpt":{"rendered":"<p>Justo cuando piensas que la industria de las bicicletas se est\u00e1 quedando sin innovaci\u00f3n, echamos un vistazo a algunas tendencias [&hellip;]<\/p>\n","protected":false},"author":29,"featured_media":4038,"comment_status":"open","ping_status":"open","sticky":false,"template":"","format":"standard","meta":{"footnotes":""},"categories":[7,8,9,6],"tags":[831,832,833,834,835],"global-categories":[],"class_list":["post-4032","post","type-post","status-publish","format-standard","has-post-thumbnail","hentry","category-carretera","category-life-style","category-mtb-aventura","category-urban","tag-bicicletas-2019","tag-bicicletas-e-bikes","tag-bicicletas-gravel","tag-novedades-bicicletas-2019","tag-telemetria-bicicleta"],"yoast_head":"<!-- This site is optimized with the Yoast SEO Premium plugin v25.3 (Yoast SEO v25.9) - https:\/\/yoast.com\/wordpress\/plugins\/seo\/ -->\n<title>Las 5 claves de las bicicletas de 2019 - \u0160koda We Love Cycling - Spain<\/title>\n<meta name=\"description\" content=\"Las bicicletas de 2019. Las cinco claves de hacia donde va el mercado de las bicicletas. Electr\u00f3nica, e bikes, gravel, telemetr\u00eda o integracion electr\u00f3nica.\" \/>\n<meta name=\"robots\" content=\"index, follow, max-snippet:-1, max-image-preview:large, max-video-preview:-1\" \/>\n<link rel=\"canonical\" href=\"https:\/\/www.welovecycling.com\/es\/2019\/01\/22\/las-bicicletas-2019\/\" \/>\n<meta property=\"og:locale\" content=\"es_ES\" \/>\n<meta property=\"og:type\" content=\"article\" \/>\n<meta property=\"og:title\" content=\"Las 5 claves de las bicicletas de 2019\" \/>\n<meta property=\"og:description\" content=\"Las bicicletas de 2019. Las cinco claves de hacia donde va el mercado de las bicicletas. Electr\u00f3nica, e bikes, gravel, telemetr\u00eda o integracion electr\u00f3nica.\" \/>\n<meta property=\"og:url\" content=\"https:\/\/www.welovecycling.com\/es\/2019\/01\/22\/las-bicicletas-2019\/\" \/>\n<meta property=\"og:site_name\" content=\"\u0160koda We Love Cycling - Spain\" \/>\n<meta property=\"article:published_time\" content=\"2019-01-22T18:23:27+00:00\" \/>\n<meta property=\"article:modified_time\" content=\"2019-02-13T14:35:49+00:00\" \/>\n<meta property=\"og:image\" content=\"https:\/\/d2p6e6u75xmxt8.cloudfront.net\/6\/2019\/01\/BYB-Telemetry-CVR.jpg\" \/>\n\t<meta property=\"og:image:width\" content=\"1366\" \/>\n\t<meta property=\"og:image:height\" content=\"600\" \/>\n\t<meta property=\"og:image:type\" content=\"image\/jpeg\" \/>\n<meta name=\"author\" content=\"We Love Cycling Spain\" \/>\n<meta name=\"twitter:card\" content=\"summary_large_image\" \/>\n<meta name=\"twitter:title\" content=\"Las 5 claves de las bicicletas de 2019\" \/>\n<meta name=\"twitter:description\" content=\"Las bicicletas de 2019. Las cinco claves de hacia donde va el mercado de las bicicletas. Electr\u00f3nica, e bikes, gravel, telemetr\u00eda o integracion electr\u00f3nica.\" \/>\n<meta name=\"twitter:label1\" content=\"Written by\" \/>\n\t<meta name=\"twitter:data1\" content=\"Christopher Ashley\" \/>\n\t<meta name=\"twitter:label2\" content=\"Est. reading time\" \/>\n\t<meta name=\"twitter:data2\" content=\"7\" \/>\n<script type=\"application\/ld+json\" class=\"yoast-schema-graph\">{\"@context\":\"https:\/\/schema.org\",\"@graph\":[{\"@type\":\"WebPage\",\"@id\":\"https:\/\/www.welovecycling.com\/es\/2019\/01\/22\/las-bicicletas-2019\/\",\"url\":\"https:\/\/www.welovecycling.com\/es\/2019\/01\/22\/las-bicicletas-2019\/\",\"name\":\"Las 5 claves de las bicicletas de 2019 - \u0160koda We Love Cycling - Spain\",\"isPartOf\":{\"@id\":\"https:\/\/www.welovecycling.com\/es\/#website\"},\"primaryImageOfPage\":{\"@id\":\"https:\/\/www.welovecycling.com\/es\/2019\/01\/22\/las-bicicletas-2019\/#primaryimage\"},\"image\":{\"@id\":\"https:\/\/www.welovecycling.com\/es\/2019\/01\/22\/las-bicicletas-2019\/#primaryimage\"},\"thumbnailUrl\":\"https:\/\/d2p6e6u75xmxt8.cloudfront.net\/6\/2019\/01\/BYB-Telemetry-CVR.jpg\",\"datePublished\":\"2019-01-22T18:23:27+00:00\",\"dateModified\":\"2019-02-13T14:35:49+00:00\",\"author\":{\"@id\":\"https:\/\/www.welovecycling.com\/es\/#\/schema\/person\/deb61715b5812698ee79fb96f343ccd4\"},\"description\":\"Las bicicletas de 2019. Las cinco claves de hacia donde va el mercado de las bicicletas. Electr\u00f3nica, e bikes, gravel, telemetr\u00eda o integracion electr\u00f3nica.\",\"breadcrumb\":{\"@id\":\"https:\/\/www.welovecycling.com\/es\/2019\/01\/22\/las-bicicletas-2019\/#breadcrumb\"},\"inLanguage\":\"es-ES\",\"potentialAction\":[{\"@type\":\"ReadAction\",\"target\":[\"https:\/\/www.welovecycling.com\/es\/2019\/01\/22\/las-bicicletas-2019\/\"]}]},{\"@type\":\"ImageObject\",\"inLanguage\":\"es-ES\",\"@id\":\"https:\/\/www.welovecycling.com\/es\/2019\/01\/22\/las-bicicletas-2019\/#primaryimage\",\"url\":\"https:\/\/d2p6e6u75xmxt8.cloudfront.net\/6\/2019\/01\/BYB-Telemetry-CVR.jpg\",\"contentUrl\":\"https:\/\/d2p6e6u75xmxt8.cloudfront.net\/6\/2019\/01\/BYB-Telemetry-CVR.jpg\",\"width\":1366,\"height\":600},{\"@type\":\"BreadcrumbList\",\"@id\":\"https:\/\/www.welovecycling.com\/es\/2019\/01\/22\/las-bicicletas-2019\/#breadcrumb\",\"itemListElement\":[{\"@type\":\"ListItem\",\"position\":1,\"name\":\"Home\",\"item\":\"https:\/\/www.welovecycling.com\/es\/\"},{\"@type\":\"ListItem\",\"position\":2,\"name\":\"Las 5 claves de las bicicletas de 2019\"}]},{\"@type\":\"WebSite\",\"@id\":\"https:\/\/www.welovecycling.com\/es\/#website\",\"url\":\"https:\/\/www.welovecycling.com\/es\/\",\"name\":\"\u0160koda We Love Cycling - Spain\",\"description\":\"\u0160koda WeLoveCycling Spain\",\"potentialAction\":[{\"@type\":\"SearchAction\",\"target\":{\"@type\":\"EntryPoint\",\"urlTemplate\":\"https:\/\/www.welovecycling.com\/es\/?s={search_term_string}\"},\"query-input\":{\"@type\":\"PropertyValueSpecification\",\"valueRequired\":true,\"valueName\":\"search_term_string\"}}],\"inLanguage\":\"es-ES\"},{\"@type\":\"Person\",\"@id\":\"https:\/\/www.welovecycling.com\/es\/#\/schema\/person\/deb61715b5812698ee79fb96f343ccd4\",\"name\":\"We Love Cycling Spain\",\"image\":{\"@type\":\"ImageObject\",\"inLanguage\":\"es-ES\",\"@id\":\"https:\/\/www.welovecycling.com\/es\/#\/schema\/person\/image\/\",\"url\":\"https:\/\/secure.gravatar.com\/avatar\/c824b04e6df0e37a03219d0b6481672889df542894588964102459e46513159c?s=96&d=mm&r=g\",\"contentUrl\":\"https:\/\/secure.gravatar.com\/avatar\/c824b04e6df0e37a03219d0b6481672889df542894588964102459e46513159c?s=96&d=mm&r=g\",\"caption\":\"We Love Cycling Spain\"},\"url\":\"https:\/\/www.welovecycling.com\/es\/author\/amunoz\/\"}]}<\/script>\n<!-- \/ Yoast SEO Premium plugin. -->","yoast_head_json":{"title":"Las 5 claves de las bicicletas de 2019 - \u0160koda We Love Cycling - Spain","description":"Las bicicletas de 2019. Las cinco claves de hacia donde va el mercado de las bicicletas. Electr\u00f3nica, e bikes, gravel, telemetr\u00eda o integracion electr\u00f3nica.","robots":{"index":"index","follow":"follow","max-snippet":"max-snippet:-1","max-image-preview":"max-image-preview:large","max-video-preview":"max-video-preview:-1"},"canonical":"https:\/\/www.welovecycling.com\/es\/2019\/01\/22\/las-bicicletas-2019\/","og_locale":"es_ES","og_type":"article","og_title":"Las 5 claves de las bicicletas de 2019","og_description":"Las bicicletas de 2019. Las cinco claves de hacia donde va el mercado de las bicicletas. Electr\u00f3nica, e bikes, gravel, telemetr\u00eda o integracion electr\u00f3nica.","og_url":"https:\/\/www.welovecycling.com\/es\/2019\/01\/22\/las-bicicletas-2019\/","og_site_name":"\u0160koda We Love Cycling - Spain","article_published_time":"2019-01-22T18:23:27+00:00","article_modified_time":"2019-02-13T14:35:49+00:00","og_image":[{"width":1366,"height":600,"url":"https:\/\/d2p6e6u75xmxt8.cloudfront.net\/6\/2019\/01\/BYB-Telemetry-CVR.jpg","type":"image\/jpeg"}],"author":"We Love Cycling Spain","twitter_card":"summary_large_image","twitter_title":"Las 5 claves de las bicicletas de 2019","twitter_description":"Las bicicletas de 2019. Las cinco claves de hacia donde va el mercado de las bicicletas. Electr\u00f3nica, e bikes, gravel, telemetr\u00eda o integracion electr\u00f3nica.","twitter_misc":{"Written by":"Christopher Ashley","Est. reading time":"7"},"schema":{"@context":"https:\/\/schema.org","@graph":[{"@type":"WebPage","@id":"https:\/\/www.welovecycling.com\/es\/2019\/01\/22\/las-bicicletas-2019\/","url":"https:\/\/www.welovecycling.com\/es\/2019\/01\/22\/las-bicicletas-2019\/","name":"Las 5 claves de las bicicletas de 2019 - \u0160koda We Love Cycling - Spain","isPartOf":{"@id":"https:\/\/www.welovecycling.com\/es\/#website"},"primaryImageOfPage":{"@id":"https:\/\/www.welovecycling.com\/es\/2019\/01\/22\/las-bicicletas-2019\/#primaryimage"},"image":{"@id":"https:\/\/www.welovecycling.com\/es\/2019\/01\/22\/las-bicicletas-2019\/#primaryimage"},"thumbnailUrl":"https:\/\/d2p6e6u75xmxt8.cloudfront.net\/6\/2019\/01\/BYB-Telemetry-CVR.jpg","datePublished":"2019-01-22T18:23:27+00:00","dateModified":"2019-02-13T14:35:49+00:00","author":{"@id":"https:\/\/www.welovecycling.com\/es\/#\/schema\/person\/deb61715b5812698ee79fb96f343ccd4"},"description":"Las bicicletas de 2019. Las cinco claves de hacia donde va el mercado de las bicicletas. Electr\u00f3nica, e bikes, gravel, telemetr\u00eda o integracion electr\u00f3nica.","breadcrumb":{"@id":"https:\/\/www.welovecycling.com\/es\/2019\/01\/22\/las-bicicletas-2019\/#breadcrumb"},"inLanguage":"es-ES","potentialAction":[{"@type":"ReadAction","target":["https:\/\/www.welovecycling.com\/es\/2019\/01\/22\/las-bicicletas-2019\/"]}]},{"@type":"ImageObject","inLanguage":"es-ES","@id":"https:\/\/www.welovecycling.com\/es\/2019\/01\/22\/las-bicicletas-2019\/#primaryimage","url":"https:\/\/d2p6e6u75xmxt8.cloudfront.net\/6\/2019\/01\/BYB-Telemetry-CVR.jpg","contentUrl":"https:\/\/d2p6e6u75xmxt8.cloudfront.net\/6\/2019\/01\/BYB-Telemetry-CVR.jpg","width":1366,"height":600},{"@type":"BreadcrumbList","@id":"https:\/\/www.welovecycling.com\/es\/2019\/01\/22\/las-bicicletas-2019\/#breadcrumb","itemListElement":[{"@type":"ListItem","position":1,"name":"Home","item":"https:\/\/www.welovecycling.com\/es\/"},{"@type":"ListItem","position":2,"name":"Las 5 claves de las bicicletas de 2019"}]},{"@type":"WebSite","@id":"https:\/\/www.welovecycling.com\/es\/#website","url":"https:\/\/www.welovecycling.com\/es\/","name":"\u0160koda We Love Cycling - Spain","description":"\u0160koda WeLoveCycling Spain","potentialAction":[{"@type":"SearchAction","target":{"@type":"EntryPoint","urlTemplate":"https:\/\/www.welovecycling.com\/es\/?s={search_term_string}"},"query-input":{"@type":"PropertyValueSpecification","valueRequired":true,"valueName":"search_term_string"}}],"inLanguage":"es-ES"},{"@type":"Person","@id":"https:\/\/www.welovecycling.com\/es\/#\/schema\/person\/deb61715b5812698ee79fb96f343ccd4","name":"We Love Cycling Spain","image":{"@type":"ImageObject","inLanguage":"es-ES","@id":"https:\/\/www.welovecycling.com\/es\/#\/schema\/person\/image\/","url":"https:\/\/secure.gravatar.com\/avatar\/c824b04e6df0e37a03219d0b6481672889df542894588964102459e46513159c?s=96&d=mm&r=g","contentUrl":"https:\/\/secure.gravatar.com\/avatar\/c824b04e6df0e37a03219d0b6481672889df542894588964102459e46513159c?s=96&d=mm&r=g","caption":"We Love Cycling Spain"},"url":"https:\/\/www.welovecycling.com\/es\/author\/amunoz\/"}]}},"_links":{"self":[{"href":"https:\/\/www.welovecycling.com\/es\/wp-json\/wp\/v2\/posts\/4032","targetHints":{"allow":["GET"]}}],"collection":[{"href":"https:\/\/www.welovecycling.com\/es\/wp-json\/wp\/v2\/posts"}],"about":[{"href":"https:\/\/www.welovecycling.com\/es\/wp-json\/wp\/v2\/types\/post"}],"author":[{"embeddable":true,"href":"https:\/\/www.welovecycling.com\/es\/wp-json\/wp\/v2\/users\/29"}],"replies":[{"embeddable":true,"href":"https:\/\/www.welovecycling.com\/es\/wp-json\/wp\/v2\/comments?post=4032"}],"version-history":[{"count":2,"href":"https:\/\/www.welovecycling.com\/es\/wp-json\/wp\/v2\/posts\/4032\/revisions"}],"predecessor-version":[{"id":4111,"href":"https:\/\/www.welovecycling.com\/es\/wp-json\/wp\/v2\/posts\/4032\/revisions\/4111"}],"wp:featuredmedia":[{"embeddable":true,"href":"https:\/\/www.welovecycling.com\/es\/wp-json\/wp\/v2\/media\/4038"}],"wp:attachment":[{"href":"https:\/\/www.welovecycling.com\/es\/wp-json\/wp\/v2\/media?parent=4032"}],"wp:term":[{"taxonomy":"category","embeddable":true,"href":"https:\/\/www.welovecycling.com\/es\/wp-json\/wp\/v2\/categories?post=4032"},{"taxonomy":"post_tag","embeddable":true,"href":"https:\/\/www.welovecycling.com\/es\/wp-json\/wp\/v2\/tags?post=4032"},{"taxonomy":"global-categories","embeddable":true,"href":"https:\/\/www.welovecycling.com\/es\/wp-json\/wp\/v2\/global-categories?post=4032"}],"curies":[{"name":"wp","href":"https:\/\/api.w.org\/{rel}","templated":true}]}}