{"id":4025,"date":"2019-01-21T21:38:59","date_gmt":"2019-01-21T19:38:59","guid":{"rendered":"https:\/\/www.welovecycling.com\/es\/?p=4025"},"modified":"2019-02-13T16:44:25","modified_gmt":"2019-02-13T14:44:25","slug":"historias-de-la-vuelta","status":"publish","type":"post","link":"https:\/\/www.welovecycling.com\/es\/2019\/01\/21\/historias-de-la-vuelta\/","title":{"rendered":"Historias de La Vuelta"},"content":{"rendered":"<p><strong>Las leyendas del ciclismo siempre ocurrieron en el Tour y en el Giro. Al menos eran las \u00fanicas que ten\u00edan literatura escrita. De La Vuelta sab\u00edamos el d\u00eda de Hinault y Gorospe o el de Perico y Millar, pero porque ya hab\u00eda televisi\u00f3n. <a href=\"https:\/\/www.librosderuta.com\/historia\/811-historias-de-la-vuelta-9788415448358.html\">Historias de La Vuelta, de \u00c1lvaro Calleja (JC Ediciones)<\/a>, recoge algunas de las leyendas perdidas de La Vuelta a Espa\u00f1a en sus m\u00e1s de 80 a\u00f1os de vida.<br \/>\n<\/strong><!--more--><\/p>\n<p>Y es que de los tiempos pret\u00e9ritos de La Vuelta se sabe y se ha escrito muy poco. Hac\u00eda falta un libro as\u00ed para rememorar c\u00f3mo naci\u00f3 la ronda espa\u00f1ola en 1935 y los problemas que pas\u00f3 en sus primeras ediciones, con la Guerra Civil y la Posguerra como intermedio del sue\u00f1o de <strong>Clemente L\u00f3pez Doriga<\/strong> que justo acababa de nacer con la ayuda de Juan Pujol, director del peri\u00f3dico Informaciones. Una f\u00f3rmula que ya hab\u00eda funcionado en Francia con el Tour y en Italia con el Giro.<\/p>\n<p>De esas dos primeras Vueltas que gan\u00f3 el belga <a href=\"https:\/\/www.librosderuta.com\/blog\/la-obra-gustaf-deloor-de-la-vuelta-a-la-luna-del-periodista-juanfran-de-la-cruz-es-la-obra-premiada-en-el-ii-certamen-de-literatura-ciclista-un-libro-en-ruta\/\">Deloor ya hab\u00eda escrito Juanfran de La Cruz<\/a> en su libro sobre el vencedor. Pero faltaba saber la lucha de Mariano Ca\u00f1ardo, el primer \u00eddolo nacional, o las posteriores de Juli\u00e1n Berrendero y las crisis por las que tuvo que pasar La Vuelta hasta que consigui\u00f3 asentarse.<\/p>\n<p>Y es que el libro es una mezcla de las haza\u00f1as desde 1945 a 1980 de los <strong>Bahamontes, Loro\u00f1o, L\u00f3pez Carril, Oca\u00f1a,<\/strong> Fuente, Manzaneque o Perurena contra los extranjeros invitados por la organizaci\u00f3n, <strong>Poulidor, Merckx, Anquetil, Gimondi o Thevenet<\/strong>. Son los a\u00f1os en que no hab\u00eda c\u00e1maras grabando y todo quedaba a expensas de lo que viera o le contaran a la prensa escrita, porque seguir una etapa nunca ha sido sencillo para la prensa, que se las ten\u00eda que ingeniar para ir en alg\u00fan coche de carrera o estar &#8216;enchufado&#8217; a Radio Vuelta para saber lo que estaba sucediendo.<\/p>\n<p>Pero no solamente de ciclismo puro habla Calleja en la primera parte del libro. Tambi\u00e9n del interior de La Vuelta, una carrera que tuvo como organizadores al<strong> Diario Informaciones, al Diario Ya y al Correo Espa\u00f1ol\/El Pueblo Vasco<\/strong> antes de 1979 y que estuvo a un paso de desaparecer hasta en media docena de ocasiones, que sufri\u00f3 atentados terroristas,\u00a0 problemas con los pueblos por donde pasaba la carrera o alguna que otra pol\u00e9mica con los ciclistas fuera del pelot\u00f3n.<\/p>\n<p><a href=\"https:\/\/d2p6e6u75xmxt8.cloudfront.net\/6\/2019\/01\/la-vuelta-2016-ciclored-11.JPG.jpg\"><img loading=\"lazy\" decoding=\"async\" class=\"aligncenter size-large wp-image-4029\" src=\"https:\/\/d2p6e6u75xmxt8.cloudfront.net\/6\/2019\/01\/la-vuelta-2016-ciclored-11.JPG-1024x768.jpg\" alt=\"\" width=\"1024\" height=\"768\" srcset=\"https:\/\/d2p6e6u75xmxt8.cloudfront.net\/6\/2019\/01\/la-vuelta-2016-ciclored-11.JPG.jpg 1024w, https:\/\/d2p6e6u75xmxt8.cloudfront.net\/6\/2019\/01\/la-vuelta-2016-ciclored-11.JPG-300x225.jpg 300w, https:\/\/d2p6e6u75xmxt8.cloudfront.net\/6\/2019\/01\/la-vuelta-2016-ciclored-11.JPG-768x576.jpg 768w\" sizes=\"auto, (max-width: 1024px) 100vw, 1024px\" \/><\/a><\/p>\n<p>A partir de los a\u00f1os 80 cambia la concepci\u00f3n de la carrera con la entrada de Unipublic y la llegada de la televisi\u00f3n. Tambi\u00e9n del libro, que cuenta muchas de las \u00e9picas que se vieron por televisi\u00f3n. La Vuelta que perdi\u00f3 <strong>Alberto Fern\u00e1ndez con Caritoux o la de Indurain con Mauri, las de Rominger, la edici\u00f3n de Ullrich, las exhibiciones del Chava Jim\u00e9nez y los cabreos de Olano. La p\u00e1jara de Beloki en Andorra<\/strong> o los &#8216;acuerdos&#8217; de la banda de La Covatilla para desbancar a Roberto Heras. Y alguna otra en que no hab\u00eda directo, como el ataque de <strong>Alberto Contador<\/strong> el a\u00f1o que dej\u00f3 sin carrera a Purito Rodr\u00edguez o el debut del Angliru, que estuvo &#8216;tapado&#8217; por la niebla. Adem\u00e1s, es precisamente el de Pinto el que prologa el libro y cuenta su experiencia en la &#8216;ronda de casa&#8217;.<\/p>\n<p>Tambi\u00e9n las vicisitudes de la organizaci\u00f3n, que pasa a buscar un calendario m\u00e1s acorde cambi\u00e1ndola a septiembre y tiene problemas con el <strong>Banesto e Indurain, antes con Perico<\/strong> y despu\u00e9s con algunos de los equipos extranjeros que ven\u00edan de &#8216;vacaciones&#8217; a una carrera que desde 2010 cogi\u00f3 su propia idiosincrasia con puertos duros y cortos, etapas menos largas, maillot rojo y la entrada de A.S.O., creador del Tour, en la organizaci\u00f3n.<\/p>\n<p>Todo eso forma parte de Historias de La Vuelta, adem\u00e1s de un apartado central con fotograf\u00edas que si eres amante del ciclismo te har\u00e1n recordar momentos vividos y otros que solo imagin\u00f3 durante la lectura del libro.<\/p>\n","protected":false},"excerpt":{"rendered":"<p>Las leyendas del ciclismo siempre ocurrieron en el Tour y en el Giro. Al menos eran las \u00fanicas que ten\u00edan [&hellip;]<\/p>\n","protected":false},"author":29,"featured_media":4028,"comment_status":"open","ping_status":"open","sticky":false,"template":"","format":"standard","meta":{"footnotes":""},"categories":[7],"tags":[827,830,829,828],"global-categories":[],"class_list":["post-4025","post","type-post","status-publish","format-standard","has-post-thumbnail","hentry","category-carretera","tag-historias-de-la-vuelta","tag-historias-de-la-vuelta-alvaro-calleja","tag-libro-de-la-vuelta","tag-libros-de-ciclismo"],"yoast_head":"<!-- This site is optimized with the Yoast SEO Premium plugin v25.3 (Yoast SEO v25.9) - https:\/\/yoast.com\/wordpress\/plugins\/seo\/ -->\n<title>Historias de La Vuelta - \u0160koda We Love Cycling - Spain<\/title>\n<meta name=\"description\" content=\"Historias de la Vuelta, de \u00c1lvaro Calleja. El libro que recoge la historia y las an\u00e9cdotas de La Vuelta a Espa\u00f1a en sus m\u00e1s de 80 a\u00f1os de vida.\" \/>\n<meta name=\"robots\" content=\"index, follow, max-snippet:-1, max-image-preview:large, max-video-preview:-1\" \/>\n<link rel=\"canonical\" href=\"https:\/\/www.welovecycling.com\/es\/2019\/01\/21\/historias-de-la-vuelta\/\" \/>\n<meta property=\"og:locale\" content=\"es_ES\" \/>\n<meta property=\"og:type\" content=\"article\" \/>\n<meta property=\"og:title\" content=\"Historias de la Vuelta, de \u00c1lvaro Calleja\" \/>\n<meta property=\"og:description\" content=\"Historias de la Vuelta, de \u00c1lvaro Calleja. El libro que recoge la historia y las an\u00e9cdotas de La Vuelta a Espa\u00f1a en sus m\u00e1s de 80 a\u00f1os de vida.\" \/>\n<meta property=\"og:url\" content=\"https:\/\/www.welovecycling.com\/es\/2019\/01\/21\/historias-de-la-vuelta\/\" \/>\n<meta property=\"og:site_name\" content=\"\u0160koda We Love Cycling - Spain\" \/>\n<meta property=\"article:published_time\" content=\"2019-01-21T19:38:59+00:00\" \/>\n<meta property=\"article:modified_time\" content=\"2019-02-13T14:44:25+00:00\" \/>\n<meta property=\"og:image\" content=\"https:\/\/d2p6e6u75xmxt8.cloudfront.net\/6\/2019\/01\/historias-de-La-Vuelta.jpg\" \/>\n\t<meta property=\"og:image:width\" content=\"1160\" \/>\n\t<meta property=\"og:image:height\" content=\"674\" \/>\n\t<meta property=\"og:image:type\" content=\"image\/jpeg\" \/>\n<meta name=\"author\" content=\"We Love Cycling Spain\" \/>\n<meta name=\"twitter:card\" content=\"summary_large_image\" \/>\n<meta name=\"twitter:title\" content=\"Historias de la Vuelta, de \u00c1lvaro Calleja.\" \/>\n<meta name=\"twitter:description\" content=\"Historias de la Vuelta, de \u00c1lvaro Calleja. El libro que recoge la historia y las an\u00e9cdotas de La Vuelta a Espa\u00f1a en sus m\u00e1s de 80 a\u00f1os de vida.\" \/>\n<meta name=\"twitter:label1\" content=\"Written by\" \/>\n\t<meta name=\"twitter:data1\" content=\"Luis @ciclored\" \/>\n\t<meta name=\"twitter:label2\" content=\"Est. reading time\" \/>\n\t<meta name=\"twitter:data2\" content=\"3 minutes\" \/>\n<script type=\"application\/ld+json\" class=\"yoast-schema-graph\">{\"@context\":\"https:\/\/schema.org\",\"@graph\":[{\"@type\":\"WebPage\",\"@id\":\"https:\/\/www.welovecycling.com\/es\/2019\/01\/21\/historias-de-la-vuelta\/\",\"url\":\"https:\/\/www.welovecycling.com\/es\/2019\/01\/21\/historias-de-la-vuelta\/\",\"name\":\"Historias de La Vuelta - \u0160koda We Love Cycling - Spain\",\"isPartOf\":{\"@id\":\"https:\/\/www.welovecycling.com\/es\/#website\"},\"primaryImageOfPage\":{\"@id\":\"https:\/\/www.welovecycling.com\/es\/2019\/01\/21\/historias-de-la-vuelta\/#primaryimage\"},\"image\":{\"@id\":\"https:\/\/www.welovecycling.com\/es\/2019\/01\/21\/historias-de-la-vuelta\/#primaryimage\"},\"thumbnailUrl\":\"https:\/\/d2p6e6u75xmxt8.cloudfront.net\/6\/2019\/01\/historias-de-La-Vuelta.jpg\",\"datePublished\":\"2019-01-21T19:38:59+00:00\",\"dateModified\":\"2019-02-13T14:44:25+00:00\",\"author\":{\"@id\":\"https:\/\/www.welovecycling.com\/es\/#\/schema\/person\/deb61715b5812698ee79fb96f343ccd4\"},\"description\":\"Historias de la Vuelta, de \u00c1lvaro Calleja. El libro que recoge la historia y las an\u00e9cdotas de La Vuelta a Espa\u00f1a en sus m\u00e1s de 80 a\u00f1os de vida.\",\"breadcrumb\":{\"@id\":\"https:\/\/www.welovecycling.com\/es\/2019\/01\/21\/historias-de-la-vuelta\/#breadcrumb\"},\"inLanguage\":\"es-ES\",\"potentialAction\":[{\"@type\":\"ReadAction\",\"target\":[\"https:\/\/www.welovecycling.com\/es\/2019\/01\/21\/historias-de-la-vuelta\/\"]}]},{\"@type\":\"ImageObject\",\"inLanguage\":\"es-ES\",\"@id\":\"https:\/\/www.welovecycling.com\/es\/2019\/01\/21\/historias-de-la-vuelta\/#primaryimage\",\"url\":\"https:\/\/d2p6e6u75xmxt8.cloudfront.net\/6\/2019\/01\/historias-de-La-Vuelta.jpg\",\"contentUrl\":\"https:\/\/d2p6e6u75xmxt8.cloudfront.net\/6\/2019\/01\/historias-de-La-Vuelta.jpg\",\"width\":1160,\"height\":674},{\"@type\":\"BreadcrumbList\",\"@id\":\"https:\/\/www.welovecycling.com\/es\/2019\/01\/21\/historias-de-la-vuelta\/#breadcrumb\",\"itemListElement\":[{\"@type\":\"ListItem\",\"position\":1,\"name\":\"Home\",\"item\":\"https:\/\/www.welovecycling.com\/es\/\"},{\"@type\":\"ListItem\",\"position\":2,\"name\":\"Historias de La Vuelta\"}]},{\"@type\":\"WebSite\",\"@id\":\"https:\/\/www.welovecycling.com\/es\/#website\",\"url\":\"https:\/\/www.welovecycling.com\/es\/\",\"name\":\"\u0160koda We Love Cycling - Spain\",\"description\":\"\u0160koda WeLoveCycling Spain\",\"potentialAction\":[{\"@type\":\"SearchAction\",\"target\":{\"@type\":\"EntryPoint\",\"urlTemplate\":\"https:\/\/www.welovecycling.com\/es\/?s={search_term_string}\"},\"query-input\":{\"@type\":\"PropertyValueSpecification\",\"valueRequired\":true,\"valueName\":\"search_term_string\"}}],\"inLanguage\":\"es-ES\"},{\"@type\":\"Person\",\"@id\":\"https:\/\/www.welovecycling.com\/es\/#\/schema\/person\/deb61715b5812698ee79fb96f343ccd4\",\"name\":\"We Love Cycling Spain\",\"image\":{\"@type\":\"ImageObject\",\"inLanguage\":\"es-ES\",\"@id\":\"https:\/\/www.welovecycling.com\/es\/#\/schema\/person\/image\/\",\"url\":\"https:\/\/secure.gravatar.com\/avatar\/c824b04e6df0e37a03219d0b6481672889df542894588964102459e46513159c?s=96&d=mm&r=g\",\"contentUrl\":\"https:\/\/secure.gravatar.com\/avatar\/c824b04e6df0e37a03219d0b6481672889df542894588964102459e46513159c?s=96&d=mm&r=g\",\"caption\":\"We Love Cycling Spain\"},\"url\":\"https:\/\/www.welovecycling.com\/es\/author\/amunoz\/\"}]}<\/script>\n<!-- \/ Yoast SEO Premium plugin. -->","yoast_head_json":{"title":"Historias de La Vuelta - \u0160koda We Love Cycling - Spain","description":"Historias de la Vuelta, de \u00c1lvaro Calleja. El libro que recoge la historia y las an\u00e9cdotas de La Vuelta a Espa\u00f1a en sus m\u00e1s de 80 a\u00f1os de vida.","robots":{"index":"index","follow":"follow","max-snippet":"max-snippet:-1","max-image-preview":"max-image-preview:large","max-video-preview":"max-video-preview:-1"},"canonical":"https:\/\/www.welovecycling.com\/es\/2019\/01\/21\/historias-de-la-vuelta\/","og_locale":"es_ES","og_type":"article","og_title":"Historias de la Vuelta, de \u00c1lvaro Calleja","og_description":"Historias de la Vuelta, de \u00c1lvaro Calleja. El libro que recoge la historia y las an\u00e9cdotas de La Vuelta a Espa\u00f1a en sus m\u00e1s de 80 a\u00f1os de vida.","og_url":"https:\/\/www.welovecycling.com\/es\/2019\/01\/21\/historias-de-la-vuelta\/","og_site_name":"\u0160koda We Love Cycling - Spain","article_published_time":"2019-01-21T19:38:59+00:00","article_modified_time":"2019-02-13T14:44:25+00:00","og_image":[{"width":1160,"height":674,"url":"https:\/\/d2p6e6u75xmxt8.cloudfront.net\/6\/2019\/01\/historias-de-La-Vuelta.jpg","type":"image\/jpeg"}],"author":"We Love Cycling Spain","twitter_card":"summary_large_image","twitter_title":"Historias de la Vuelta, de \u00c1lvaro Calleja.","twitter_description":"Historias de la Vuelta, de \u00c1lvaro Calleja. El libro que recoge la historia y las an\u00e9cdotas de La Vuelta a Espa\u00f1a en sus m\u00e1s de 80 a\u00f1os de vida.","twitter_misc":{"Written by":"Luis @ciclored","Est. reading time":"3 minutes"},"schema":{"@context":"https:\/\/schema.org","@graph":[{"@type":"WebPage","@id":"https:\/\/www.welovecycling.com\/es\/2019\/01\/21\/historias-de-la-vuelta\/","url":"https:\/\/www.welovecycling.com\/es\/2019\/01\/21\/historias-de-la-vuelta\/","name":"Historias de La Vuelta - \u0160koda We Love Cycling - Spain","isPartOf":{"@id":"https:\/\/www.welovecycling.com\/es\/#website"},"primaryImageOfPage":{"@id":"https:\/\/www.welovecycling.com\/es\/2019\/01\/21\/historias-de-la-vuelta\/#primaryimage"},"image":{"@id":"https:\/\/www.welovecycling.com\/es\/2019\/01\/21\/historias-de-la-vuelta\/#primaryimage"},"thumbnailUrl":"https:\/\/d2p6e6u75xmxt8.cloudfront.net\/6\/2019\/01\/historias-de-La-Vuelta.jpg","datePublished":"2019-01-21T19:38:59+00:00","dateModified":"2019-02-13T14:44:25+00:00","author":{"@id":"https:\/\/www.welovecycling.com\/es\/#\/schema\/person\/deb61715b5812698ee79fb96f343ccd4"},"description":"Historias de la Vuelta, de \u00c1lvaro Calleja. El libro que recoge la historia y las an\u00e9cdotas de La Vuelta a Espa\u00f1a en sus m\u00e1s de 80 a\u00f1os de vida.","breadcrumb":{"@id":"https:\/\/www.welovecycling.com\/es\/2019\/01\/21\/historias-de-la-vuelta\/#breadcrumb"},"inLanguage":"es-ES","potentialAction":[{"@type":"ReadAction","target":["https:\/\/www.welovecycling.com\/es\/2019\/01\/21\/historias-de-la-vuelta\/"]}]},{"@type":"ImageObject","inLanguage":"es-ES","@id":"https:\/\/www.welovecycling.com\/es\/2019\/01\/21\/historias-de-la-vuelta\/#primaryimage","url":"https:\/\/d2p6e6u75xmxt8.cloudfront.net\/6\/2019\/01\/historias-de-La-Vuelta.jpg","contentUrl":"https:\/\/d2p6e6u75xmxt8.cloudfront.net\/6\/2019\/01\/historias-de-La-Vuelta.jpg","width":1160,"height":674},{"@type":"BreadcrumbList","@id":"https:\/\/www.welovecycling.com\/es\/2019\/01\/21\/historias-de-la-vuelta\/#breadcrumb","itemListElement":[{"@type":"ListItem","position":1,"name":"Home","item":"https:\/\/www.welovecycling.com\/es\/"},{"@type":"ListItem","position":2,"name":"Historias de La Vuelta"}]},{"@type":"WebSite","@id":"https:\/\/www.welovecycling.com\/es\/#website","url":"https:\/\/www.welovecycling.com\/es\/","name":"\u0160koda We Love Cycling - Spain","description":"\u0160koda WeLoveCycling Spain","potentialAction":[{"@type":"SearchAction","target":{"@type":"EntryPoint","urlTemplate":"https:\/\/www.welovecycling.com\/es\/?s={search_term_string}"},"query-input":{"@type":"PropertyValueSpecification","valueRequired":true,"valueName":"search_term_string"}}],"inLanguage":"es-ES"},{"@type":"Person","@id":"https:\/\/www.welovecycling.com\/es\/#\/schema\/person\/deb61715b5812698ee79fb96f343ccd4","name":"We Love Cycling Spain","image":{"@type":"ImageObject","inLanguage":"es-ES","@id":"https:\/\/www.welovecycling.com\/es\/#\/schema\/person\/image\/","url":"https:\/\/secure.gravatar.com\/avatar\/c824b04e6df0e37a03219d0b6481672889df542894588964102459e46513159c?s=96&d=mm&r=g","contentUrl":"https:\/\/secure.gravatar.com\/avatar\/c824b04e6df0e37a03219d0b6481672889df542894588964102459e46513159c?s=96&d=mm&r=g","caption":"We Love Cycling Spain"},"url":"https:\/\/www.welovecycling.com\/es\/author\/amunoz\/"}]}},"_links":{"self":[{"href":"https:\/\/www.welovecycling.com\/es\/wp-json\/wp\/v2\/posts\/4025","targetHints":{"allow":["GET"]}}],"collection":[{"href":"https:\/\/www.welovecycling.com\/es\/wp-json\/wp\/v2\/posts"}],"about":[{"href":"https:\/\/www.welovecycling.com\/es\/wp-json\/wp\/v2\/types\/post"}],"author":[{"embeddable":true,"href":"https:\/\/www.welovecycling.com\/es\/wp-json\/wp\/v2\/users\/29"}],"replies":[{"embeddable":true,"href":"https:\/\/www.welovecycling.com\/es\/wp-json\/wp\/v2\/comments?post=4025"}],"version-history":[{"count":2,"href":"https:\/\/www.welovecycling.com\/es\/wp-json\/wp\/v2\/posts\/4025\/revisions"}],"predecessor-version":[{"id":4113,"href":"https:\/\/www.welovecycling.com\/es\/wp-json\/wp\/v2\/posts\/4025\/revisions\/4113"}],"wp:featuredmedia":[{"embeddable":true,"href":"https:\/\/www.welovecycling.com\/es\/wp-json\/wp\/v2\/media\/4028"}],"wp:attachment":[{"href":"https:\/\/www.welovecycling.com\/es\/wp-json\/wp\/v2\/media?parent=4025"}],"wp:term":[{"taxonomy":"category","embeddable":true,"href":"https:\/\/www.welovecycling.com\/es\/wp-json\/wp\/v2\/categories?post=4025"},{"taxonomy":"post_tag","embeddable":true,"href":"https:\/\/www.welovecycling.com\/es\/wp-json\/wp\/v2\/tags?post=4025"},{"taxonomy":"global-categories","embeddable":true,"href":"https:\/\/www.welovecycling.com\/es\/wp-json\/wp\/v2\/global-categories?post=4025"}],"curies":[{"name":"wp","href":"https:\/\/api.w.org\/{rel}","templated":true}]}}