{"id":4001,"date":"2019-01-16T19:27:35","date_gmt":"2019-01-16T17:27:35","guid":{"rendered":"https:\/\/www.welovecycling.com\/es\/?p=4001"},"modified":"2019-02-13T19:05:57","modified_gmt":"2019-02-13T17:05:57","slug":"uci-prohibe-el-tramadol","status":"publish","type":"post","link":"https:\/\/www.welovecycling.com\/es\/2019\/01\/16\/uci-prohibe-el-tramadol\/","title":{"rendered":"La UCI proh\u00edbe el Tramadol, el analg\u00e9sico del pelot\u00f3n"},"content":{"rendered":"<p><strong>Mientras que la Agencia Mundial Antidopaje permite su uso, la Uni\u00f3n Ciclista Internacional (UCI) teme los efectos secundarios de la medicaci\u00f3n. El Tramadol es un analg\u00e9sico a base de opi\u00e1ceos que puede causar n\u00e1useas, somnolencia y p\u00e9rdida de concentraci\u00f3n. Una combinaci\u00f3n muy arriesgada en cualquier pelot\u00f3n. Y como muestra el estudio realizado por la AMA en 2017, el uso del Tramadol por parte de los ciclistas es m\u00e1s com\u00fan de lo que uno podr\u00eda pensar. El 68% de las muestras de orina que conten\u00edan el medicamento, tomadas de atletas de 35 deportes ol\u00edmpicos, proced\u00edan de ciclistas profesionales.<\/strong><!--more--><\/p>\n<p>El Tramadol ha estado en las conversaciones durante casi una d\u00e9cada y muchos pidieron la prohibici\u00f3n de la AMA. Un estudio reciente ha demostrado que, en determinadas condiciones, puede mejorar la potencia de los ciclistas. Sin embargo, es muy peligroso ya que los usuarios regulares se enfrentan, adem\u00e1s de a los efectos secundarios, tambi\u00e9n a la posibilidad de adicci\u00f3n.<\/p>\n<p>&#8220;A la luz de los riesgos asociados a su uso en el ciclismo de competici\u00f3n, y de acuerdo con la decisi\u00f3n del Comit\u00e9 de Direcci\u00f3n de la UCI de junio de 2018, el Reglamento M\u00e9dico de la UCI prohibir\u00e1 el uso de Tramadol durante la competici\u00f3n&#8221;, dice la declaraci\u00f3n de la UCI.<\/p>\n<figure id=\"attachment_4003\" aria-describedby=\"caption-attachment-4003\" style=\"width: 2121px\" class=\"wp-caption alignnone\"><a href=\"https:\/\/d2p6e6u75xmxt8.cloudfront.net\/6\/2019\/01\/TramadolOpioid.jpg\"><img loading=\"lazy\" decoding=\"async\" class=\"size-full wp-image-4003\" src=\"https:\/\/d2p6e6u75xmxt8.cloudfront.net\/6\/2019\/01\/TramadolOpioid.jpg\" alt=\"\" width=\"2121\" height=\"1414\" srcset=\"https:\/\/d2p6e6u75xmxt8.cloudfront.net\/6\/2019\/01\/TramadolOpioid.jpg 2121w, https:\/\/d2p6e6u75xmxt8.cloudfront.net\/6\/2019\/01\/TramadolOpioid-300x200.jpg 300w, https:\/\/d2p6e6u75xmxt8.cloudfront.net\/6\/2019\/01\/TramadolOpioid-768x512.jpg 768w, https:\/\/d2p6e6u75xmxt8.cloudfront.net\/6\/2019\/01\/TramadolOpioid-1024x683.jpg 1024w, https:\/\/d2p6e6u75xmxt8.cloudfront.net\/6\/2019\/01\/TramadolOpioid-1920x1280.jpg 1920w, https:\/\/d2p6e6u75xmxt8.cloudfront.net\/6\/2019\/01\/TramadolOpioid-272x182.jpg 272w, https:\/\/d2p6e6u75xmxt8.cloudfront.net\/6\/2019\/01\/TramadolOpioid-1920x1280.jpg 1920w\" sizes=\"auto, (max-width: 2121px) 100vw, 2121px\" \/><\/a><figcaption id=\"caption-attachment-4003\" class=\"wp-caption-text\">Tramadol act\u00faa sobre los receptores de opi\u00e1ceos y se utiliza principalmente para el alivio del dolor y la anestesia<\/figcaption><\/figure>\n<p>&nbsp;<\/p>\n<p>Las medidas preventivas entrar\u00e1n en vigor el 1 de marzo de este a\u00f1o. Los controles se llevar\u00e1n a cabo durante las competiciones, pero no como parte del cl\u00e1sico procedimiento antidopaje posterior a la competici\u00f3n. Se extraer\u00e1 una peque\u00f1a cantidad de sangre de la yema del dedo del ciclista. Los resultados ser\u00e1n enviados al director m\u00e9dico de la UCI en menos de una semana.<\/p>\n<p>Tanto los corredores como los equipos ser\u00e1n castigados en caso de un test positivo. La primera infracci\u00f3n ser\u00e1 &#8220;s\u00f3lo&#8221; con la descalificaci\u00f3n de la carrera y una multa de 5.000 francos suizos. Un tercer delito dar\u00e1 lugar a una sanci\u00f3n de 9 meses. Si tres corredores de un equipo dan positivo en una prueba dentro de un a\u00f1o, todo el equipo ser\u00e1 expulsado por un per\u00edodo de entre uno y doce meses.<\/p>\n","protected":false},"excerpt":{"rendered":"<p>Mientras que la Agencia Mundial Antidopaje permite su uso, la Uni\u00f3n Ciclista Internacional (UCI) teme los efectos secundarios de la [&hellip;]<\/p>\n","protected":false},"author":29,"featured_media":4007,"comment_status":"open","ping_status":"open","sticky":false,"template":"","format":"standard","meta":{"footnotes":""},"categories":[7],"tags":[818,821,819,820],"global-categories":[],"class_list":["post-4001","post","type-post","status-publish","format-standard","has-post-thumbnail","hentry","category-carretera","tag-tramadol","tag-tramadol-ciclismo","tag-uci","tag-uci-prohibe-tramadol"],"yoast_head":"<!-- This site is optimized with the Yoast SEO Premium plugin v25.3 (Yoast SEO v25.9) - https:\/\/yoast.com\/wordpress\/plugins\/seo\/ -->\n<title>La UCI proh\u00edbe el Tramadol, el analg\u00e9sico del pelot\u00f3n - \u0160koda We Love Cycling - Spain<\/title>\n<meta name=\"description\" content=\"La uci proh\u00edbe el tramadol. La Uni\u00f3n ciclista internacional ha proh\u00edbido el uso del analg\u00e9sico tramadol entre los ciclistas del pelot\u00f3n a partir del 1 de marzo de 2019.\" \/>\n<meta name=\"robots\" content=\"index, follow, max-snippet:-1, max-image-preview:large, max-video-preview:-1\" \/>\n<link rel=\"canonical\" href=\"https:\/\/www.welovecycling.com\/es\/2019\/01\/16\/uci-prohibe-el-tramadol\/\" \/>\n<meta property=\"og:locale\" content=\"es_ES\" \/>\n<meta property=\"og:type\" content=\"article\" \/>\n<meta property=\"og:title\" content=\"La uci proh\u00edbe el tramadol\" \/>\n<meta property=\"og:description\" content=\"La uci proh\u00edbe el tramadol. La Uni\u00f3n ciclista internacional ha proh\u00edbido el uso del analg\u00e9sico tramadol entre los ciclistas del pelot\u00f3n a partir del 1 de marzo de 2019.\" \/>\n<meta property=\"og:url\" content=\"https:\/\/www.welovecycling.com\/es\/2019\/01\/16\/uci-prohibe-el-tramadol\/\" \/>\n<meta property=\"og:site_name\" content=\"\u0160koda We Love Cycling - Spain\" \/>\n<meta property=\"article:published_time\" content=\"2019-01-16T17:27:35+00:00\" \/>\n<meta property=\"article:modified_time\" content=\"2019-02-13T17:05:57+00:00\" \/>\n<meta property=\"og:image\" content=\"https:\/\/d2p6e6u75xmxt8.cloudfront.net\/6\/2019\/01\/profimedia-0392144895-1.jpg\" \/>\n\t<meta property=\"og:image:width\" content=\"1366\" \/>\n\t<meta property=\"og:image:height\" content=\"600\" \/>\n\t<meta property=\"og:image:type\" content=\"image\/jpeg\" \/>\n<meta name=\"author\" content=\"We Love Cycling Spain\" \/>\n<meta name=\"twitter:card\" content=\"summary_large_image\" \/>\n<meta name=\"twitter:title\" content=\"La uci proh\u00edbe el tramadol\" \/>\n<meta name=\"twitter:description\" content=\"La uci proh\u00edbe el tramadol. La Uni\u00f3n ciclista internacional ha proh\u00edbido el uso del analg\u00e9sico tramadol entre los ciclistas del pelot\u00f3n a partir del 1 de marzo de 2019.\" \/>\n<meta name=\"twitter:label1\" content=\"Written by\" \/>\n\t<meta name=\"twitter:data1\" content=\"Monica Buck\" \/>\n\t<meta name=\"twitter:label2\" content=\"Est. reading time\" \/>\n\t<meta name=\"twitter:data2\" content=\"3\" \/>\n<script type=\"application\/ld+json\" class=\"yoast-schema-graph\">{\"@context\":\"https:\/\/schema.org\",\"@graph\":[{\"@type\":\"WebPage\",\"@id\":\"https:\/\/www.welovecycling.com\/es\/2019\/01\/16\/uci-prohibe-el-tramadol\/\",\"url\":\"https:\/\/www.welovecycling.com\/es\/2019\/01\/16\/uci-prohibe-el-tramadol\/\",\"name\":\"La UCI proh\u00edbe el Tramadol, el analg\u00e9sico del pelot\u00f3n - \u0160koda We Love Cycling - Spain\",\"isPartOf\":{\"@id\":\"https:\/\/www.welovecycling.com\/es\/#website\"},\"primaryImageOfPage\":{\"@id\":\"https:\/\/www.welovecycling.com\/es\/2019\/01\/16\/uci-prohibe-el-tramadol\/#primaryimage\"},\"image\":{\"@id\":\"https:\/\/www.welovecycling.com\/es\/2019\/01\/16\/uci-prohibe-el-tramadol\/#primaryimage\"},\"thumbnailUrl\":\"https:\/\/d2p6e6u75xmxt8.cloudfront.net\/6\/2019\/01\/profimedia-0392144895-1.jpg\",\"datePublished\":\"2019-01-16T17:27:35+00:00\",\"dateModified\":\"2019-02-13T17:05:57+00:00\",\"author\":{\"@id\":\"https:\/\/www.welovecycling.com\/es\/#\/schema\/person\/deb61715b5812698ee79fb96f343ccd4\"},\"description\":\"La uci proh\u00edbe el tramadol. La Uni\u00f3n ciclista internacional ha proh\u00edbido el uso del analg\u00e9sico tramadol entre los ciclistas del pelot\u00f3n a partir del 1 de marzo de 2019.\",\"breadcrumb\":{\"@id\":\"https:\/\/www.welovecycling.com\/es\/2019\/01\/16\/uci-prohibe-el-tramadol\/#breadcrumb\"},\"inLanguage\":\"es-ES\",\"potentialAction\":[{\"@type\":\"ReadAction\",\"target\":[\"https:\/\/www.welovecycling.com\/es\/2019\/01\/16\/uci-prohibe-el-tramadol\/\"]}]},{\"@type\":\"ImageObject\",\"inLanguage\":\"es-ES\",\"@id\":\"https:\/\/www.welovecycling.com\/es\/2019\/01\/16\/uci-prohibe-el-tramadol\/#primaryimage\",\"url\":\"https:\/\/d2p6e6u75xmxt8.cloudfront.net\/6\/2019\/01\/profimedia-0392144895-1.jpg\",\"contentUrl\":\"https:\/\/d2p6e6u75xmxt8.cloudfront.net\/6\/2019\/01\/profimedia-0392144895-1.jpg\",\"width\":1366,\"height\":600},{\"@type\":\"BreadcrumbList\",\"@id\":\"https:\/\/www.welovecycling.com\/es\/2019\/01\/16\/uci-prohibe-el-tramadol\/#breadcrumb\",\"itemListElement\":[{\"@type\":\"ListItem\",\"position\":1,\"name\":\"Home\",\"item\":\"https:\/\/www.welovecycling.com\/es\/\"},{\"@type\":\"ListItem\",\"position\":2,\"name\":\"La UCI proh\u00edbe el Tramadol, el analg\u00e9sico del pelot\u00f3n\"}]},{\"@type\":\"WebSite\",\"@id\":\"https:\/\/www.welovecycling.com\/es\/#website\",\"url\":\"https:\/\/www.welovecycling.com\/es\/\",\"name\":\"\u0160koda We Love Cycling - Spain\",\"description\":\"\u0160koda WeLoveCycling Spain\",\"potentialAction\":[{\"@type\":\"SearchAction\",\"target\":{\"@type\":\"EntryPoint\",\"urlTemplate\":\"https:\/\/www.welovecycling.com\/es\/?s={search_term_string}\"},\"query-input\":{\"@type\":\"PropertyValueSpecification\",\"valueRequired\":true,\"valueName\":\"search_term_string\"}}],\"inLanguage\":\"es-ES\"},{\"@type\":\"Person\",\"@id\":\"https:\/\/www.welovecycling.com\/es\/#\/schema\/person\/deb61715b5812698ee79fb96f343ccd4\",\"name\":\"We Love Cycling Spain\",\"image\":{\"@type\":\"ImageObject\",\"inLanguage\":\"es-ES\",\"@id\":\"https:\/\/www.welovecycling.com\/es\/#\/schema\/person\/image\/\",\"url\":\"https:\/\/secure.gravatar.com\/avatar\/c824b04e6df0e37a03219d0b6481672889df542894588964102459e46513159c?s=96&d=mm&r=g\",\"contentUrl\":\"https:\/\/secure.gravatar.com\/avatar\/c824b04e6df0e37a03219d0b6481672889df542894588964102459e46513159c?s=96&d=mm&r=g\",\"caption\":\"We Love Cycling Spain\"},\"url\":\"https:\/\/www.welovecycling.com\/es\/author\/amunoz\/\"}]}<\/script>\n<!-- \/ Yoast SEO Premium plugin. -->","yoast_head_json":{"title":"La UCI proh\u00edbe el Tramadol, el analg\u00e9sico del pelot\u00f3n - \u0160koda We Love Cycling - Spain","description":"La uci proh\u00edbe el tramadol. La Uni\u00f3n ciclista internacional ha proh\u00edbido el uso del analg\u00e9sico tramadol entre los ciclistas del pelot\u00f3n a partir del 1 de marzo de 2019.","robots":{"index":"index","follow":"follow","max-snippet":"max-snippet:-1","max-image-preview":"max-image-preview:large","max-video-preview":"max-video-preview:-1"},"canonical":"https:\/\/www.welovecycling.com\/es\/2019\/01\/16\/uci-prohibe-el-tramadol\/","og_locale":"es_ES","og_type":"article","og_title":"La uci proh\u00edbe el tramadol","og_description":"La uci proh\u00edbe el tramadol. La Uni\u00f3n ciclista internacional ha proh\u00edbido el uso del analg\u00e9sico tramadol entre los ciclistas del pelot\u00f3n a partir del 1 de marzo de 2019.","og_url":"https:\/\/www.welovecycling.com\/es\/2019\/01\/16\/uci-prohibe-el-tramadol\/","og_site_name":"\u0160koda We Love Cycling - Spain","article_published_time":"2019-01-16T17:27:35+00:00","article_modified_time":"2019-02-13T17:05:57+00:00","og_image":[{"width":1366,"height":600,"url":"https:\/\/d2p6e6u75xmxt8.cloudfront.net\/6\/2019\/01\/profimedia-0392144895-1.jpg","type":"image\/jpeg"}],"author":"We Love Cycling Spain","twitter_card":"summary_large_image","twitter_title":"La uci proh\u00edbe el tramadol","twitter_description":"La uci proh\u00edbe el tramadol. La Uni\u00f3n ciclista internacional ha proh\u00edbido el uso del analg\u00e9sico tramadol entre los ciclistas del pelot\u00f3n a partir del 1 de marzo de 2019.","twitter_misc":{"Written by":"Monica Buck","Est. reading time":"3"},"schema":{"@context":"https:\/\/schema.org","@graph":[{"@type":"WebPage","@id":"https:\/\/www.welovecycling.com\/es\/2019\/01\/16\/uci-prohibe-el-tramadol\/","url":"https:\/\/www.welovecycling.com\/es\/2019\/01\/16\/uci-prohibe-el-tramadol\/","name":"La UCI proh\u00edbe el Tramadol, el analg\u00e9sico del pelot\u00f3n - \u0160koda We Love Cycling - Spain","isPartOf":{"@id":"https:\/\/www.welovecycling.com\/es\/#website"},"primaryImageOfPage":{"@id":"https:\/\/www.welovecycling.com\/es\/2019\/01\/16\/uci-prohibe-el-tramadol\/#primaryimage"},"image":{"@id":"https:\/\/www.welovecycling.com\/es\/2019\/01\/16\/uci-prohibe-el-tramadol\/#primaryimage"},"thumbnailUrl":"https:\/\/d2p6e6u75xmxt8.cloudfront.net\/6\/2019\/01\/profimedia-0392144895-1.jpg","datePublished":"2019-01-16T17:27:35+00:00","dateModified":"2019-02-13T17:05:57+00:00","author":{"@id":"https:\/\/www.welovecycling.com\/es\/#\/schema\/person\/deb61715b5812698ee79fb96f343ccd4"},"description":"La uci proh\u00edbe el tramadol. La Uni\u00f3n ciclista internacional ha proh\u00edbido el uso del analg\u00e9sico tramadol entre los ciclistas del pelot\u00f3n a partir del 1 de marzo de 2019.","breadcrumb":{"@id":"https:\/\/www.welovecycling.com\/es\/2019\/01\/16\/uci-prohibe-el-tramadol\/#breadcrumb"},"inLanguage":"es-ES","potentialAction":[{"@type":"ReadAction","target":["https:\/\/www.welovecycling.com\/es\/2019\/01\/16\/uci-prohibe-el-tramadol\/"]}]},{"@type":"ImageObject","inLanguage":"es-ES","@id":"https:\/\/www.welovecycling.com\/es\/2019\/01\/16\/uci-prohibe-el-tramadol\/#primaryimage","url":"https:\/\/d2p6e6u75xmxt8.cloudfront.net\/6\/2019\/01\/profimedia-0392144895-1.jpg","contentUrl":"https:\/\/d2p6e6u75xmxt8.cloudfront.net\/6\/2019\/01\/profimedia-0392144895-1.jpg","width":1366,"height":600},{"@type":"BreadcrumbList","@id":"https:\/\/www.welovecycling.com\/es\/2019\/01\/16\/uci-prohibe-el-tramadol\/#breadcrumb","itemListElement":[{"@type":"ListItem","position":1,"name":"Home","item":"https:\/\/www.welovecycling.com\/es\/"},{"@type":"ListItem","position":2,"name":"La UCI proh\u00edbe el Tramadol, el analg\u00e9sico del pelot\u00f3n"}]},{"@type":"WebSite","@id":"https:\/\/www.welovecycling.com\/es\/#website","url":"https:\/\/www.welovecycling.com\/es\/","name":"\u0160koda We Love Cycling - Spain","description":"\u0160koda WeLoveCycling Spain","potentialAction":[{"@type":"SearchAction","target":{"@type":"EntryPoint","urlTemplate":"https:\/\/www.welovecycling.com\/es\/?s={search_term_string}"},"query-input":{"@type":"PropertyValueSpecification","valueRequired":true,"valueName":"search_term_string"}}],"inLanguage":"es-ES"},{"@type":"Person","@id":"https:\/\/www.welovecycling.com\/es\/#\/schema\/person\/deb61715b5812698ee79fb96f343ccd4","name":"We Love Cycling Spain","image":{"@type":"ImageObject","inLanguage":"es-ES","@id":"https:\/\/www.welovecycling.com\/es\/#\/schema\/person\/image\/","url":"https:\/\/secure.gravatar.com\/avatar\/c824b04e6df0e37a03219d0b6481672889df542894588964102459e46513159c?s=96&d=mm&r=g","contentUrl":"https:\/\/secure.gravatar.com\/avatar\/c824b04e6df0e37a03219d0b6481672889df542894588964102459e46513159c?s=96&d=mm&r=g","caption":"We Love Cycling Spain"},"url":"https:\/\/www.welovecycling.com\/es\/author\/amunoz\/"}]}},"_links":{"self":[{"href":"https:\/\/www.welovecycling.com\/es\/wp-json\/wp\/v2\/posts\/4001","targetHints":{"allow":["GET"]}}],"collection":[{"href":"https:\/\/www.welovecycling.com\/es\/wp-json\/wp\/v2\/posts"}],"about":[{"href":"https:\/\/www.welovecycling.com\/es\/wp-json\/wp\/v2\/types\/post"}],"author":[{"embeddable":true,"href":"https:\/\/www.welovecycling.com\/es\/wp-json\/wp\/v2\/users\/29"}],"replies":[{"embeddable":true,"href":"https:\/\/www.welovecycling.com\/es\/wp-json\/wp\/v2\/comments?post=4001"}],"version-history":[{"count":2,"href":"https:\/\/www.welovecycling.com\/es\/wp-json\/wp\/v2\/posts\/4001\/revisions"}],"predecessor-version":[{"id":4121,"href":"https:\/\/www.welovecycling.com\/es\/wp-json\/wp\/v2\/posts\/4001\/revisions\/4121"}],"wp:featuredmedia":[{"embeddable":true,"href":"https:\/\/www.welovecycling.com\/es\/wp-json\/wp\/v2\/media\/4007"}],"wp:attachment":[{"href":"https:\/\/www.welovecycling.com\/es\/wp-json\/wp\/v2\/media?parent=4001"}],"wp:term":[{"taxonomy":"category","embeddable":true,"href":"https:\/\/www.welovecycling.com\/es\/wp-json\/wp\/v2\/categories?post=4001"},{"taxonomy":"post_tag","embeddable":true,"href":"https:\/\/www.welovecycling.com\/es\/wp-json\/wp\/v2\/tags?post=4001"},{"taxonomy":"global-categories","embeddable":true,"href":"https:\/\/www.welovecycling.com\/es\/wp-json\/wp\/v2\/global-categories?post=4001"}],"curies":[{"name":"wp","href":"https:\/\/api.w.org\/{rel}","templated":true}]}}