{"id":3937,"date":"2018-12-21T23:22:53","date_gmt":"2018-12-21T21:22:53","guid":{"rendered":"https:\/\/www.welovecycling.com\/es\/?p=3937"},"modified":"2018-12-21T23:26:24","modified_gmt":"2018-12-21T21:26:24","slug":"vuelta-2019","status":"publish","type":"post","link":"https:\/\/www.welovecycling.com\/es\/2018\/12\/21\/vuelta-2019\/","title":{"rendered":"Una Vuelta 2019 diferente"},"content":{"rendered":"<p><strong>La Vuelta ha conseguido consolidar un modelo de carrera diferente. Hace a\u00f1os se decant\u00f3 por buscar la espectacularidad de llegadas en cuestas imposibles para buscar la repercusi\u00f3n. Recibi\u00f3 cr\u00edticas de los m\u00e1s puristas. Pero tuvo resultados efectivos entre el gran p\u00fablico. Ahora La Vuelta 2019 es diferente. Asentada y con la seguridad de A.S.O. a sus espaldas puede jugar y arriesgar con nuevos puertos y etapas diferentes a las que nos ten\u00eda acostumbrados.<\/strong><!--more--><\/p>\n<p>Lo mejor de La Vuelta 2019 es echar un vistazo a los perfiles de las etapas y so\u00f1ar. Jugar a director deportivo y a ciclista desde la visi\u00f3n del aficionado al que tambi\u00e9n se le ocurre dar pedales. Ya solo en la segunda etapa en l\u00ednea con la monta\u00f1a alicantina y el<strong> Puig Lorenza (media Cumbres del Sol)<\/strong> antes de la meta de Calpe se puede jugar a ciclistas e imaginar emboscadas. El terreno previo a <strong>Javalambre<\/strong> y su llegada a casi 2000 metros en Teruel, donde muy pocos cicloturistas suelen ir. La nueva vuelta de tuerca a <strong>Andorra<\/strong> (solo Purito es capaz de sacar jugo a un pa\u00eds tan peque\u00f1o) con otra etapa corta y extremadamente dura. El d\u00eda de <strong>Bilbao<\/strong>, con un final digno de cl\u00e1sica de las Ardenas. La etapa de Los <strong>Machucos<\/strong>, con m\u00e1s monta\u00f1a antes y un final tan bestia que dej\u00f3 fuera de juego a Froome en uno de sus peores d\u00edas como l\u00edder de una gran vuelta.<\/p>\n<div class=\"embed-controller-wrapper\">\n<div class=\"embed-wrapper\"><iframe title=\"Recorrido La Vuelta 19\" width=\"500\" height=\"281\" data-src=\"https:\/\/www.youtube.com\/embed\/8wFVtdlI5kw?feature=oembed\" frameborder=\"0\" allow=\"accelerometer; autoplay; clipboard-write; encrypted-media; gyroscope; picture-in-picture; web-share\" referrerpolicy=\"strict-origin-when-cross-origin\" allowfullscreen><\/iframe><\/div>\n<\/div>\n<p>O el nuevo doblete asturiano. Con <strong>El Acebo,<\/strong> que suena a todos los ciclistas pero que nunca se hab\u00eda visitado en La Vuelta o <strong>La Cubilla<\/strong>, que lleva durante a\u00f1os siendo reivindicada en redes sociales (y con<strong> La Cobertoria y Marabio<\/strong> antes).<\/p>\n<p>Las dos etapas de las sierras del centro. Que son las t\u00edpicas, pero sin llegar a serlo. Tres d\u00edas antes del final en Madrid por <strong>Navacerrada, Morcuera y Cotos<\/strong> en una jornada que ten\u00eda el mito de no decidir nada y que hace solo tres a\u00f1os dej\u00f3 a Dumoulin sin su primera grande. Y otro recuerdo a la historia del ciclismo en <strong>\u00c1vila. Pedro Bernardo, Serranillos, Pe\u00f1a Negra y Gredos.<\/strong> Recuerda a Hinault en su d\u00eda de gloria en La Vuelta. Pero tambi\u00e9n a una etapa final diferente en la que pueden suceder muchas cosas si hay fuerzas y directores y ciclistas valientes.<\/p>\n<p><img loading=\"lazy\" decoding=\"async\" class=\"alignnone size-extra-large\" src=\"https:\/\/img.aso.fr\/core_app\/img-cycling-vue-jpg\/e20\/2436\/0:0,4911:2713-960-0-70\/2b433\" width=\"960\" height=\"530\" \/><\/p>\n<p>Y en mitad de la traca final la llegada a <strong>Toledo en homenaje a Bahamontes<\/strong>. Con un perfil m\u00e1s accesible de lo que se pod\u00eda hacer pero un final con <strong>adoquines, en cuesta y meta cerca del Alc\u00e1zar<\/strong>. Meta con reclamo tur\u00edstico que nada tiene que envidiar a la Via Santa Caterina de la Strade Bianche de Siena.<\/p>\n<p>Pero es que por el camino queda una crono individual en <strong>Pau con m\u00e1s cuestas de las que aparecen en el perfil y que es id\u00e9ntica a la que habr\u00e1 un mes antes en el Tour de Francia<\/strong> (habr\u00e1 que poner relojes y comparar resultados en algo que no hab\u00eda sucedido hasta ahora). Y una llegada peligrosa en <strong>Ares de Maestrat<\/strong> con terreno rompepiernas el sexto d\u00eda. Y el final explosivo y para escaladores de poco peso en <strong>Mas de la Costa<\/strong> al d\u00eda siguiente. La duda de qu\u00e9 puede deparar el Pa\u00eds Vasco franc\u00e9s con el final en Urdax, un mill\u00f3n de repechos y puertos cortos antes y el recuerdo de la etapa nefasta de 2016.<\/p>\n<p>Y tambi\u00e9n qu\u00e9 <strong>velocistas<\/strong> se atrever\u00e1n con una Vuelta que no tendr\u00e1 m\u00e1s de cuatro o cinco finales puros al sprint. <strong>Alicante, El Puig, Igualada, Oviedo, Guadalajara y Madrid.<\/strong> Y siempre que tengan un equipo con fuerza para controlar, porque terreno hay de sobra para montar emboscadas.<\/p>\n<h2><strong>Protagonistas<\/strong><\/h2>\n<p>Y despu\u00e9s de ver a <strong>Pedro Delgado y Carlos de Andr\u00e9s<\/strong> poner en im\u00e1genes el recorrido de una Vuelta que ya muchos intu\u00edamos puedes preguntar los que van a ser los protagonistas. All\u00ed estaba el podio del a\u00f1o pasado. <strong>Simon Yates<\/strong>, que no sabe si repetir\u00e1 participaci\u00f3n pero que ya se ha apuntado al Giro y eso quiere decir que tiene muchas papeletas para volver a una carrera que se le ajusta bien. Tampoco le desagrada a <strong>Enric M\u00e1s<\/strong>. A \u00e9l nadie le esperaba en el segundo caj\u00f3n en 2018 pero su exhibici\u00f3n le ha dado &#8216;galones&#8217; en la estructura de Levefere y podr\u00e1 elegir destino &#8216;Espa\u00f1a&#8217;. Algo parecido le sucede a <strong>Miguel \u00c1ngel L\u00f3pez<\/strong>, que tambi\u00e9n es ya &#8216;capo&#8217; de Astan\u00e1 y despu\u00e9s del Giro se apuntar\u00e1 a una Vuelta que ve con buenos argumentos para sus piernas (sobre todo porque solo hay una crono y no demasiado larga y muchos puertos de cierta longitud y altitud).<\/p>\n<p><a href=\"https:\/\/d2p6e6u75xmxt8.cloudfront.net\/6\/2018\/12\/IMG_20181219_204113-e1545426849603.jpg\"><img loading=\"lazy\" decoding=\"async\" class=\"aligncenter size-large wp-image-3940\" src=\"https:\/\/d2p6e6u75xmxt8.cloudfront.net\/6\/2018\/12\/IMG_20181219_204113-1024x768.jpg\" alt=\"\" width=\"1024\" height=\"768\" \/><\/a><\/p>\n<p>Tampoco falt\u00f3 <strong>Alejandro Valverde<\/strong>, la gran esperanza de los aficionados espa\u00f1oles hasta casi el final de La Vuelta 2018 y que en 2019 sumar\u00e1 otra participaci\u00f3n m\u00e1s. Tendr\u00e1 ya 39 a\u00f1os, pero ni el mismo se pone l\u00edmites con un recorrido como el anunciado. Respeta mucho la etapa de Andorra, quiz\u00e1s por el sufrimiento de 2018. Eso s\u00ed, no le rest\u00f3 energ\u00edas para ganar el Mundial de Innsbruck. La Vuelta tuvo un homenaje para \u00e9l en forma de v\u00eddeo y otro en la entrega del Velo dOr (el Bal\u00f3n de Oro del ciclismo). No ser\u00e1n los \u00fanico. RTVE anunci\u00f3 un amplio reportaje que emitir\u00e1 en los pr\u00f3ximos d\u00edas.<\/p>\n<p>Tambi\u00e9n estuvieron <strong>Izaguirre y Fraile por Astana, Nieve por Sky y Mat\u00e9 y Jes\u00fas Herrada por Cofidis<\/strong>, que fueron otros dos de los que brillaron en la edici\u00f3n de 2018. Y directores y t\u00e9cnicos. Jon Odriozola de Euskadi Murias, Eusebio Unzu\u00e9 de Movistar, Joxean Fern\u00e1ndez Matxin de UAE, Josu Larraz\u00e1bal de Trek&#8230;<\/p>\n<p>Y como no, los ex profesionales que trabajan con La Vuelta.<strong> Purito<\/strong>, &#8216;culpable&#8217; de las etapas andorranas y que ve la edici\u00f3n de 2019 propicia para sus condiciones si siguiera en esto de dar pedales de forma profesional. Y <strong>Carlos Sastre,<\/strong> que dise\u00f1\u00f3 la \u00faltima etapa de monta\u00f1a por sus &#8216;terrenos&#8217; abulenses y pese a no tener grandes desniveles acumula 4.000 metros de subida. Y <strong>Alberto Contador<\/strong>, que siempre acapara focos y micr\u00f3fonos a cada lugar que acude y que tambi\u00e9n ve una Vuelta diferente a la de ediciones anteriores, pero que coincide con Valverde en que Andorra ser\u00e1 clave.<\/p>\n<div class=\"embed-controller-wrapper\">\n<div class=\"embed-wrapper\"><iframe title=\"Best of La Vuelta 18\" width=\"500\" height=\"281\" data-src=\"https:\/\/www.youtube.com\/embed\/MLU-EtNIFxc?feature=oembed\" frameborder=\"0\" allow=\"accelerometer; autoplay; clipboard-write; encrypted-media; gyroscope; picture-in-picture; web-share\" referrerpolicy=\"strict-origin-when-cross-origin\" allowfullscreen><\/iframe><\/div>\n<\/div>\n<p>&nbsp;<\/p>\n","protected":false},"excerpt":{"rendered":"<p>La Vuelta ha conseguido consolidar un modelo de carrera diferente. Hace a\u00f1os se decant\u00f3 por buscar la espectacularidad de llegadas [&hellip;]<\/p>\n","protected":false},"author":29,"featured_media":3943,"comment_status":"open","ping_status":"open","sticky":false,"template":"","format":"standard","meta":{"footnotes":""},"categories":[7],"tags":[788,787,785,786,789],"global-categories":[],"class_list":["post-3937","post","type-post","status-publish","format-standard","has-post-thumbnail","hentry","category-carretera","tag-etapa-andorra-la-vuelta-2019","tag-etapas-la-vuelta-2019","tag-la-vuelta-2019","tag-recorrido-la-vuelta-2019","tag-sterrato-andorra-2019"],"yoast_head":"<!-- This site is optimized with the Yoast SEO Premium plugin v25.3 (Yoast SEO v25.9) - https:\/\/yoast.com\/wordpress\/plugins\/seo\/ -->\n<title>Una Vuelta 2019 diferente - \u0160koda We Love Cycling - Spain<\/title>\n<meta name=\"description\" content=\"La Vuelta 2019 es diferente. Asentada y con la seguridad de ASO a sus espaldas puede jugar y arriesgar con nuevos puertos y etapas diferentes.\" \/>\n<meta name=\"robots\" content=\"index, follow, max-snippet:-1, max-image-preview:large, max-video-preview:-1\" \/>\n<link rel=\"canonical\" href=\"https:\/\/www.welovecycling.com\/es\/2018\/12\/21\/vuelta-2019\/\" \/>\n<meta property=\"og:locale\" content=\"es_ES\" \/>\n<meta property=\"og:type\" content=\"article\" \/>\n<meta property=\"og:title\" content=\"Una Vuelta 2019 diferente\" \/>\n<meta property=\"og:description\" content=\"La Vuelta 2019 es diferente. Asentada y con la seguridad de ASO a sus espaldas puede jugar y arriesgar con nuevos puertos y etapas diferentes.\" \/>\n<meta property=\"og:url\" content=\"https:\/\/www.welovecycling.com\/es\/2018\/12\/21\/vuelta-2019\/\" \/>\n<meta property=\"og:site_name\" content=\"\u0160koda We Love Cycling - Spain\" \/>\n<meta property=\"article:published_time\" content=\"2018-12-21T21:22:53+00:00\" \/>\n<meta property=\"article:modified_time\" content=\"2018-12-21T21:26:24+00:00\" \/>\n<meta property=\"og:image\" content=\"https:\/\/d2p6e6u75xmxt8.cloudfront.net\/6\/2018\/12\/la-vuelta-2019.jpg\" \/>\n\t<meta property=\"og:image:width\" content=\"1600\" \/>\n\t<meta property=\"og:image:height\" content=\"1506\" \/>\n\t<meta property=\"og:image:type\" content=\"image\/jpeg\" \/>\n<meta name=\"author\" content=\"We Love Cycling Spain\" \/>\n<meta name=\"twitter:card\" content=\"summary_large_image\" \/>\n<meta name=\"twitter:label1\" content=\"Written by\" \/>\n\t<meta name=\"twitter:data1\" content=\"Luis Ortega @Ciclored\" \/>\n\t<meta name=\"twitter:label2\" content=\"Est. reading time\" \/>\n\t<meta name=\"twitter:data2\" content=\"6 minutes\" \/>\n<script type=\"application\/ld+json\" class=\"yoast-schema-graph\">{\"@context\":\"https:\/\/schema.org\",\"@graph\":[{\"@type\":\"WebPage\",\"@id\":\"https:\/\/www.welovecycling.com\/es\/2018\/12\/21\/vuelta-2019\/\",\"url\":\"https:\/\/www.welovecycling.com\/es\/2018\/12\/21\/vuelta-2019\/\",\"name\":\"Una Vuelta 2019 diferente - \u0160koda We Love Cycling - Spain\",\"isPartOf\":{\"@id\":\"https:\/\/www.welovecycling.com\/es\/#website\"},\"primaryImageOfPage\":{\"@id\":\"https:\/\/www.welovecycling.com\/es\/2018\/12\/21\/vuelta-2019\/#primaryimage\"},\"image\":{\"@id\":\"https:\/\/www.welovecycling.com\/es\/2018\/12\/21\/vuelta-2019\/#primaryimage\"},\"thumbnailUrl\":\"https:\/\/d2p6e6u75xmxt8.cloudfront.net\/6\/2018\/12\/la-vuelta-2019.jpg\",\"datePublished\":\"2018-12-21T21:22:53+00:00\",\"dateModified\":\"2018-12-21T21:26:24+00:00\",\"author\":{\"@id\":\"https:\/\/www.welovecycling.com\/es\/#\/schema\/person\/deb61715b5812698ee79fb96f343ccd4\"},\"description\":\"La Vuelta 2019 es diferente. Asentada y con la seguridad de ASO a sus espaldas puede jugar y arriesgar con nuevos puertos y etapas diferentes.\",\"breadcrumb\":{\"@id\":\"https:\/\/www.welovecycling.com\/es\/2018\/12\/21\/vuelta-2019\/#breadcrumb\"},\"inLanguage\":\"es-ES\",\"potentialAction\":[{\"@type\":\"ReadAction\",\"target\":[\"https:\/\/www.welovecycling.com\/es\/2018\/12\/21\/vuelta-2019\/\"]}]},{\"@type\":\"ImageObject\",\"inLanguage\":\"es-ES\",\"@id\":\"https:\/\/www.welovecycling.com\/es\/2018\/12\/21\/vuelta-2019\/#primaryimage\",\"url\":\"https:\/\/d2p6e6u75xmxt8.cloudfront.net\/6\/2018\/12\/la-vuelta-2019.jpg\",\"contentUrl\":\"https:\/\/d2p6e6u75xmxt8.cloudfront.net\/6\/2018\/12\/la-vuelta-2019.jpg\",\"width\":1600,\"height\":1506},{\"@type\":\"BreadcrumbList\",\"@id\":\"https:\/\/www.welovecycling.com\/es\/2018\/12\/21\/vuelta-2019\/#breadcrumb\",\"itemListElement\":[{\"@type\":\"ListItem\",\"position\":1,\"name\":\"Home\",\"item\":\"https:\/\/www.welovecycling.com\/es\/\"},{\"@type\":\"ListItem\",\"position\":2,\"name\":\"Una Vuelta 2019 diferente\"}]},{\"@type\":\"WebSite\",\"@id\":\"https:\/\/www.welovecycling.com\/es\/#website\",\"url\":\"https:\/\/www.welovecycling.com\/es\/\",\"name\":\"\u0160koda We Love Cycling - Spain\",\"description\":\"\u0160koda WeLoveCycling Spain\",\"potentialAction\":[{\"@type\":\"SearchAction\",\"target\":{\"@type\":\"EntryPoint\",\"urlTemplate\":\"https:\/\/www.welovecycling.com\/es\/?s={search_term_string}\"},\"query-input\":{\"@type\":\"PropertyValueSpecification\",\"valueRequired\":true,\"valueName\":\"search_term_string\"}}],\"inLanguage\":\"es-ES\"},{\"@type\":\"Person\",\"@id\":\"https:\/\/www.welovecycling.com\/es\/#\/schema\/person\/deb61715b5812698ee79fb96f343ccd4\",\"name\":\"We Love Cycling Spain\",\"image\":{\"@type\":\"ImageObject\",\"inLanguage\":\"es-ES\",\"@id\":\"https:\/\/www.welovecycling.com\/es\/#\/schema\/person\/image\/\",\"url\":\"https:\/\/secure.gravatar.com\/avatar\/c824b04e6df0e37a03219d0b6481672889df542894588964102459e46513159c?s=96&d=mm&r=g\",\"contentUrl\":\"https:\/\/secure.gravatar.com\/avatar\/c824b04e6df0e37a03219d0b6481672889df542894588964102459e46513159c?s=96&d=mm&r=g\",\"caption\":\"We Love Cycling Spain\"},\"url\":\"https:\/\/www.welovecycling.com\/es\/author\/amunoz\/\"}]}<\/script>\n<!-- \/ Yoast SEO Premium plugin. -->","yoast_head_json":{"title":"Una Vuelta 2019 diferente - \u0160koda We Love Cycling - Spain","description":"La Vuelta 2019 es diferente. Asentada y con la seguridad de ASO a sus espaldas puede jugar y arriesgar con nuevos puertos y etapas diferentes.","robots":{"index":"index","follow":"follow","max-snippet":"max-snippet:-1","max-image-preview":"max-image-preview:large","max-video-preview":"max-video-preview:-1"},"canonical":"https:\/\/www.welovecycling.com\/es\/2018\/12\/21\/vuelta-2019\/","og_locale":"es_ES","og_type":"article","og_title":"Una Vuelta 2019 diferente","og_description":"La Vuelta 2019 es diferente. Asentada y con la seguridad de ASO a sus espaldas puede jugar y arriesgar con nuevos puertos y etapas diferentes.","og_url":"https:\/\/www.welovecycling.com\/es\/2018\/12\/21\/vuelta-2019\/","og_site_name":"\u0160koda We Love Cycling - Spain","article_published_time":"2018-12-21T21:22:53+00:00","article_modified_time":"2018-12-21T21:26:24+00:00","og_image":[{"width":1600,"height":1506,"url":"https:\/\/d2p6e6u75xmxt8.cloudfront.net\/6\/2018\/12\/la-vuelta-2019.jpg","type":"image\/jpeg"}],"author":"We Love Cycling Spain","twitter_card":"summary_large_image","twitter_misc":{"Written by":"Luis Ortega @Ciclored","Est. reading time":"6 minutes"},"schema":{"@context":"https:\/\/schema.org","@graph":[{"@type":"WebPage","@id":"https:\/\/www.welovecycling.com\/es\/2018\/12\/21\/vuelta-2019\/","url":"https:\/\/www.welovecycling.com\/es\/2018\/12\/21\/vuelta-2019\/","name":"Una Vuelta 2019 diferente - \u0160koda We Love Cycling - Spain","isPartOf":{"@id":"https:\/\/www.welovecycling.com\/es\/#website"},"primaryImageOfPage":{"@id":"https:\/\/www.welovecycling.com\/es\/2018\/12\/21\/vuelta-2019\/#primaryimage"},"image":{"@id":"https:\/\/www.welovecycling.com\/es\/2018\/12\/21\/vuelta-2019\/#primaryimage"},"thumbnailUrl":"https:\/\/d2p6e6u75xmxt8.cloudfront.net\/6\/2018\/12\/la-vuelta-2019.jpg","datePublished":"2018-12-21T21:22:53+00:00","dateModified":"2018-12-21T21:26:24+00:00","author":{"@id":"https:\/\/www.welovecycling.com\/es\/#\/schema\/person\/deb61715b5812698ee79fb96f343ccd4"},"description":"La Vuelta 2019 es diferente. Asentada y con la seguridad de ASO a sus espaldas puede jugar y arriesgar con nuevos puertos y etapas diferentes.","breadcrumb":{"@id":"https:\/\/www.welovecycling.com\/es\/2018\/12\/21\/vuelta-2019\/#breadcrumb"},"inLanguage":"es-ES","potentialAction":[{"@type":"ReadAction","target":["https:\/\/www.welovecycling.com\/es\/2018\/12\/21\/vuelta-2019\/"]}]},{"@type":"ImageObject","inLanguage":"es-ES","@id":"https:\/\/www.welovecycling.com\/es\/2018\/12\/21\/vuelta-2019\/#primaryimage","url":"https:\/\/d2p6e6u75xmxt8.cloudfront.net\/6\/2018\/12\/la-vuelta-2019.jpg","contentUrl":"https:\/\/d2p6e6u75xmxt8.cloudfront.net\/6\/2018\/12\/la-vuelta-2019.jpg","width":1600,"height":1506},{"@type":"BreadcrumbList","@id":"https:\/\/www.welovecycling.com\/es\/2018\/12\/21\/vuelta-2019\/#breadcrumb","itemListElement":[{"@type":"ListItem","position":1,"name":"Home","item":"https:\/\/www.welovecycling.com\/es\/"},{"@type":"ListItem","position":2,"name":"Una Vuelta 2019 diferente"}]},{"@type":"WebSite","@id":"https:\/\/www.welovecycling.com\/es\/#website","url":"https:\/\/www.welovecycling.com\/es\/","name":"\u0160koda We Love Cycling - Spain","description":"\u0160koda WeLoveCycling Spain","potentialAction":[{"@type":"SearchAction","target":{"@type":"EntryPoint","urlTemplate":"https:\/\/www.welovecycling.com\/es\/?s={search_term_string}"},"query-input":{"@type":"PropertyValueSpecification","valueRequired":true,"valueName":"search_term_string"}}],"inLanguage":"es-ES"},{"@type":"Person","@id":"https:\/\/www.welovecycling.com\/es\/#\/schema\/person\/deb61715b5812698ee79fb96f343ccd4","name":"We Love Cycling Spain","image":{"@type":"ImageObject","inLanguage":"es-ES","@id":"https:\/\/www.welovecycling.com\/es\/#\/schema\/person\/image\/","url":"https:\/\/secure.gravatar.com\/avatar\/c824b04e6df0e37a03219d0b6481672889df542894588964102459e46513159c?s=96&d=mm&r=g","contentUrl":"https:\/\/secure.gravatar.com\/avatar\/c824b04e6df0e37a03219d0b6481672889df542894588964102459e46513159c?s=96&d=mm&r=g","caption":"We Love Cycling Spain"},"url":"https:\/\/www.welovecycling.com\/es\/author\/amunoz\/"}]}},"_links":{"self":[{"href":"https:\/\/www.welovecycling.com\/es\/wp-json\/wp\/v2\/posts\/3937","targetHints":{"allow":["GET"]}}],"collection":[{"href":"https:\/\/www.welovecycling.com\/es\/wp-json\/wp\/v2\/posts"}],"about":[{"href":"https:\/\/www.welovecycling.com\/es\/wp-json\/wp\/v2\/types\/post"}],"author":[{"embeddable":true,"href":"https:\/\/www.welovecycling.com\/es\/wp-json\/wp\/v2\/users\/29"}],"replies":[{"embeddable":true,"href":"https:\/\/www.welovecycling.com\/es\/wp-json\/wp\/v2\/comments?post=3937"}],"version-history":[{"count":2,"href":"https:\/\/www.welovecycling.com\/es\/wp-json\/wp\/v2\/posts\/3937\/revisions"}],"predecessor-version":[{"id":3944,"href":"https:\/\/www.welovecycling.com\/es\/wp-json\/wp\/v2\/posts\/3937\/revisions\/3944"}],"wp:featuredmedia":[{"embeddable":true,"href":"https:\/\/www.welovecycling.com\/es\/wp-json\/wp\/v2\/media\/3943"}],"wp:attachment":[{"href":"https:\/\/www.welovecycling.com\/es\/wp-json\/wp\/v2\/media?parent=3937"}],"wp:term":[{"taxonomy":"category","embeddable":true,"href":"https:\/\/www.welovecycling.com\/es\/wp-json\/wp\/v2\/categories?post=3937"},{"taxonomy":"post_tag","embeddable":true,"href":"https:\/\/www.welovecycling.com\/es\/wp-json\/wp\/v2\/tags?post=3937"},{"taxonomy":"global-categories","embeddable":true,"href":"https:\/\/www.welovecycling.com\/es\/wp-json\/wp\/v2\/global-categories?post=3937"}],"curies":[{"name":"wp","href":"https:\/\/api.w.org\/{rel}","templated":true}]}}