{"id":3922,"date":"2018-12-18T13:22:20","date_gmt":"2018-12-18T11:22:20","guid":{"rendered":"https:\/\/www.welovecycling.com\/es\/?p=3922"},"modified":"2018-12-18T13:22:20","modified_gmt":"2018-12-18T11:22:20","slug":"bicicletas-mas-caras-del-mundo","status":"publish","type":"post","link":"https:\/\/www.welovecycling.com\/es\/2018\/12\/18\/bicicletas-mas-caras-del-mundo\/","title":{"rendered":"Las 5 bicicletas m\u00e1s caras del mundo"},"content":{"rendered":"<p><strong>No importa lo que haya en tu lista de deseos navide\u00f1os este a\u00f1o, lo m\u00e1s probable es que incluso los amantes de las bicicletas m\u00e1s lujosas solo puedan mirar estas desde lejos Echando un vistazo a algunas de las bicicletas m\u00e1s caras del mercado, tenemos que preguntarnos, \u00bfcu\u00e1nto estar\u00edas dispuesto a gastar??<\/strong><!--more--><\/p>\n<h2><strong>Trek Butterfly Madone<\/strong><\/h2>\n<p>Incluso los modelos m\u00e1s econ\u00f3micos de la Trek Madone se venden al por menor a precios que van de los 4.000 a los 11.000 euros, pero el que utiliz\u00f3 Lance Armstrong en el Tour de Francia 2009 fue a una subasta para recaudar fondos para una organizaci\u00f3n ben\u00e9fica contra el c\u00e1ncer en Sotheby&#8217;s, junto con un peque\u00f1o toque de arte de Damien Hirst, que coloc\u00f3 alas de mariposa de verdad en la llanta, alcanz\u00f3 los 500.000 d\u00f3lares. La obra de arte provoc\u00f3 una gran indignaci\u00f3n por la crueldad infligida a la mariposa, pero al menos todo fue por una buena causa.<\/p>\n<p><a href=\"https:\/\/d2p6e6u75xmxt8.cloudfront.net\/6\/2018\/12\/trek-butterfly-madone.jpg\"><img loading=\"lazy\" decoding=\"async\" class=\"alignnone size-full wp-image-3923\" src=\"https:\/\/d2p6e6u75xmxt8.cloudfront.net\/6\/2018\/12\/trek-butterfly-madone.jpg\" alt=\"\" width=\"1200\" height=\"1200\" srcset=\"https:\/\/d2p6e6u75xmxt8.cloudfront.net\/6\/2018\/12\/trek-butterfly-madone.jpg 1200w, https:\/\/d2p6e6u75xmxt8.cloudfront.net\/6\/2018\/12\/trek-butterfly-madone-150x150.jpg 150w, https:\/\/d2p6e6u75xmxt8.cloudfront.net\/6\/2018\/12\/trek-butterfly-madone-300x300.jpg 300w, https:\/\/d2p6e6u75xmxt8.cloudfront.net\/6\/2018\/12\/trek-butterfly-madone-768x768.jpg 768w, https:\/\/d2p6e6u75xmxt8.cloudfront.net\/6\/2018\/12\/trek-butterfly-madone-1024x1024.jpg 1024w\" sizes=\"auto, (max-width: 1200px) 100vw, 1200px\" \/><\/a><\/p>\n<h2><strong>Trek Yoshimoto Nara<\/strong><\/h2>\n<p>Un conjunto \u00fanico de accesorios personalizados, as\u00ed como la excelencia t\u00e9cnica de una bicicleta parece ser un requisito previo para un precio incre\u00edble y tal fue el caso de la Trek Yoshimoto Nara. La bici fue decorada por el renombrado artista pop japon\u00e9s, Yoshitomo Nara, y una vez m\u00e1s Sotheby&#8217;s hizo su magia, vendiendola por 200.000 d\u00f3lares en ayuda de la fundaci\u00f3n Live Strong de Lance Armstrong en 2009.<\/p>\n<p><a href=\"https:\/\/d2p6e6u75xmxt8.cloudfront.net\/6\/2018\/12\/Trek-Yoshitomo-Nara-Speed-Concept.png\"><img loading=\"lazy\" decoding=\"async\" class=\"alignnone size-full wp-image-3924\" src=\"https:\/\/d2p6e6u75xmxt8.cloudfront.net\/6\/2018\/12\/Trek-Yoshitomo-Nara-Speed-Concept.png\" alt=\"\" width=\"506\" height=\"330\" srcset=\"https:\/\/d2p6e6u75xmxt8.cloudfront.net\/6\/2018\/12\/Trek-Yoshitomo-Nara-Speed-Concept.png 506w, https:\/\/d2p6e6u75xmxt8.cloudfront.net\/6\/2018\/12\/Trek-Yoshitomo-Nara-Speed-Concept-300x196.png 300w\" sizes=\"auto, (max-width: 506px) 100vw, 506px\" \/><\/a><\/p>\n<h2><strong>Auramania Crystal Edition Gold Bike<\/strong><\/h2>\n<p>Una ganga en comparaci\u00f3n con las dos primeras en esta lista, la Auramania Crystal Edition Gold Bike es la primera en esta lista en conseguir un alto precio por s\u00ed sola y no por la participaci\u00f3n de una celebridad. Dicho esto, no est\u00e1 exento de trucos. Con todas las partes visibles de la bicicleta chapadas en oro de 24 quilates, tambi\u00e9n ten\u00eda 600 cristales Swarovski y un codiciado sill\u00edn Brooks. Afortunadamente, a un precio impresionante de 103.000 d\u00f3lares, la\u00a0 edici\u00f3n limitada tambi\u00e9n ven\u00eda con una garant\u00eda de 10 a\u00f1os.<\/p>\n<p><a href=\"https:\/\/d2p6e6u75xmxt8.cloudfront.net\/6\/2018\/12\/aurumania-bike-1.jpg\"><img loading=\"lazy\" decoding=\"async\" class=\"alignnone size-full wp-image-3925\" src=\"https:\/\/d2p6e6u75xmxt8.cloudfront.net\/6\/2018\/12\/aurumania-bike-1.jpg\" alt=\"\" width=\"1140\" height=\"713\" srcset=\"https:\/\/d2p6e6u75xmxt8.cloudfront.net\/6\/2018\/12\/aurumania-bike-1.jpg 1140w, https:\/\/d2p6e6u75xmxt8.cloudfront.net\/6\/2018\/12\/aurumania-bike-1-300x188.jpg 300w, https:\/\/d2p6e6u75xmxt8.cloudfront.net\/6\/2018\/12\/aurumania-bike-1-768x480.jpg 768w, https:\/\/d2p6e6u75xmxt8.cloudfront.net\/6\/2018\/12\/aurumania-bike-1-1024x640.jpg 1024w\" sizes=\"auto, (max-width: 1140px) 100vw, 1140px\" \/><\/a><\/p>\n<h2><strong>Chrome Hearts X Cervelo\u00a0<\/strong><\/h2>\n<p>Algo as\u00ed como un trekking en la vieja Cerv\u00e9lo P4 TT, que cuesta alrededor de 6.000 d\u00f3lares, esta edici\u00f3n de Corazones de Cromo, restaurada con obras de arte, un asiento de cuero, strass, una cruz de plata y el ic\u00f3nico motivo Corazones de Cromo, sali\u00f3 a la venta en 2010 por 60.000 d\u00f3lares. Esa es una buena declaraci\u00f3n.<\/p>\n<div id='gallery-1' class='gallery galleryid-3922 gallery-columns-3 gallery-size-large'><figure class='gallery-item'>\n\t\t\t<div class='gallery-icon '>\n\t\t\t\t<a href='https:\/\/d2p6e6u75xmxt8.cloudfront.net\/6\/2018\/12\/ChromeHeartsBike4.0.jpg'><img loading=\"lazy\" decoding=\"async\" width=\"1\" height=\"1\" src=\"https:\/\/d2p6e6u75xmxt8.cloudfront.net\/6\/2018\/12\/ChromeHeartsBike4.0.jpg\" class=\"attachment-large size-large\" alt=\"\" \/><\/a>\n\t\t\t<\/div><\/figure><figure class='gallery-item'>\n\t\t\t<div class='gallery-icon '>\n\t\t\t\t<a href='https:\/\/d2p6e6u75xmxt8.cloudfront.net\/6\/2018\/12\/ChromeHeartsBike2.0.jpg'><img loading=\"lazy\" decoding=\"async\" width=\"1\" height=\"1\" src=\"https:\/\/d2p6e6u75xmxt8.cloudfront.net\/6\/2018\/12\/ChromeHeartsBike2.0.jpg\" class=\"attachment-large size-large\" alt=\"\" \/><\/a>\n\t\t\t<\/div><\/figure><figure class='gallery-item'>\n\t\t\t<div class='gallery-icon landscape'>\n\t\t\t\t<a href='https:\/\/d2p6e6u75xmxt8.cloudfront.net\/6\/2018\/12\/ChromeHeartsBike1.0.jpg'><img loading=\"lazy\" decoding=\"async\" width=\"1024\" height=\"683\" src=\"https:\/\/d2p6e6u75xmxt8.cloudfront.net\/6\/2018\/12\/ChromeHeartsBike1.0-1024x683.jpg\" class=\"attachment-large size-large\" alt=\"\" srcset=\"https:\/\/d2p6e6u75xmxt8.cloudfront.net\/6\/2018\/12\/ChromeHeartsBike1.0-1024x683.jpg 1024w, https:\/\/d2p6e6u75xmxt8.cloudfront.net\/6\/2018\/12\/ChromeHeartsBike1.0-300x200.jpg 300w, https:\/\/d2p6e6u75xmxt8.cloudfront.net\/6\/2018\/12\/ChromeHeartsBike1.0-768x512.jpg 768w, https:\/\/d2p6e6u75xmxt8.cloudfront.net\/6\/2018\/12\/ChromeHeartsBike1.0-272x182.jpg 272w, https:\/\/d2p6e6u75xmxt8.cloudfront.net\/6\/2018\/12\/ChromeHeartsBike1.0.jpg 1200w\" sizes=\"auto, (max-width: 1024px) 100vw, 1024px\" \/><\/a>\n\t\t\t<\/div><\/figure>\n\t\t<\/div>\n\n<h2><strong>eRockit&#8217;s Electric Assist Bicycle<\/strong><\/h2>\n<p>En 2008 eRockit introdujo lo que era la bicicleta el\u00e9ctrica m\u00e1s cara del mundo. Accesible en t\u00e9rminos de uso, pero no en t\u00e9rminos de precio. Subiendo a 70 kil\u00f3metros hora era r\u00e1pida, aerodin\u00e1mica y delgada, aunque con un aspecto ligeramente extra\u00f1o. En esa \u00e9poca, las bicicletas el\u00e9ctricas eran una novedad y generalmente se vend\u00edan al por menor entre 1.000 y 5.000 d\u00f3lares, pero \u00e9sta se describ\u00eda como un &#8220;h\u00edbrido humano&#8221; -en referencia a la combinaci\u00f3n del motor el\u00e9ctrico y el rendimiento de su piloto humano- y costaba 44.000 d\u00f3lares de los EE.UU. por su elegante tecnolog\u00eda.<\/p>\n<p><a href=\"https:\/\/d2p6e6u75xmxt8.cloudfront.net\/6\/2018\/12\/erockit1.jpg\"><img loading=\"lazy\" decoding=\"async\" class=\"alignnone size-full wp-image-3926\" src=\"https:\/\/d2p6e6u75xmxt8.cloudfront.net\/6\/2018\/12\/erockit1.jpg\" alt=\"\" width=\"585\" height=\"400\" srcset=\"https:\/\/d2p6e6u75xmxt8.cloudfront.net\/6\/2018\/12\/erockit1.jpg 585w, https:\/\/d2p6e6u75xmxt8.cloudfront.net\/6\/2018\/12\/erockit1-300x205.jpg 300w\" sizes=\"auto, (max-width: 585px) 100vw, 585px\" \/><\/a><\/p>\n","protected":false},"excerpt":{"rendered":"<p>No importa lo que haya en tu lista de deseos navide\u00f1os este a\u00f1o, lo m\u00e1s probable es que incluso los [&hellip;]<\/p>\n","protected":false},"author":29,"featured_media":3928,"comment_status":"open","ping_status":"open","sticky":false,"template":"","format":"standard","meta":{"footnotes":""},"categories":[7,9,6],"tags":[781,778,776,777,782,780,779],"global-categories":[],"class_list":["post-3922","post","type-post","status-publish","format-standard","has-post-thumbnail","hentry","category-carretera","category-mtb-aventura","category-urban","tag-auramania-crystal-edition-gold-bike","tag-bicicleta-mas-cara-del-mundo","tag-bicicletas-caras","tag-bicicletas-exclusivas","tag-chrome-hearts-x-cervelo-mountain-bike","tag-trek-butterfly-madone","tag-trek-yoshimoto-nara"],"yoast_head":"<!-- This site is optimized with the Yoast SEO Premium plugin v25.3 (Yoast SEO v25.9) - https:\/\/yoast.com\/wordpress\/plugins\/seo\/ -->\n<title>Las 5 bicicletas m\u00e1s caras del mundo - \u0160koda We Love Cycling - Spain<\/title>\n<meta name=\"description\" content=\"Las cinco bicicletas m\u00e1s caras del mundo. Un repaso a los modelos de bicicleta que han alcanzado precios superiores a los 100.000 euros.\" \/>\n<meta name=\"robots\" content=\"index, follow, max-snippet:-1, max-image-preview:large, max-video-preview:-1\" \/>\n<link rel=\"canonical\" href=\"https:\/\/www.welovecycling.com\/es\/2018\/12\/18\/bicicletas-mas-caras-del-mundo\/\" \/>\n<meta property=\"og:locale\" content=\"es_ES\" \/>\n<meta property=\"og:type\" content=\"article\" \/>\n<meta property=\"og:title\" content=\"Las cinco bicicletas m\u00e1s caras del mundo.\" \/>\n<meta property=\"og:description\" content=\"Las cinco bicicletas m\u00e1s caras del mundo. Un repaso a los modelos de bicicleta que han alcanzado precios superiores a los 100.000 euros.\" \/>\n<meta property=\"og:url\" content=\"https:\/\/www.welovecycling.com\/es\/2018\/12\/18\/bicicletas-mas-caras-del-mundo\/\" \/>\n<meta property=\"og:site_name\" content=\"\u0160koda We Love Cycling - Spain\" \/>\n<meta property=\"article:published_time\" content=\"2018-12-18T11:22:20+00:00\" \/>\n<meta property=\"og:image\" content=\"https:\/\/d2p6e6u75xmxt8.cloudfront.net\/6\/2018\/12\/5Bikes-1.jpg\" \/>\n\t<meta property=\"og:image:width\" content=\"1366\" \/>\n\t<meta property=\"og:image:height\" content=\"600\" \/>\n\t<meta property=\"og:image:type\" content=\"image\/jpeg\" \/>\n<meta name=\"author\" content=\"We Love Cycling Spain\" \/>\n<meta name=\"twitter:card\" content=\"summary_large_image\" \/>\n<meta name=\"twitter:title\" content=\"Las cinco bicicletas m\u00e1s caras del mundo.\" \/>\n<meta name=\"twitter:description\" content=\"Las cinco bicicletas m\u00e1s caras del mundo. Un repaso a los modelos de bicicleta que han alcanzado precios superiores a los 100.000 euros.\" \/>\n<meta name=\"twitter:label1\" content=\"Written by\" \/>\n\t<meta name=\"twitter:data1\" content=\"Bonnie Friend\" \/>\n\t<meta name=\"twitter:label2\" content=\"Est. reading time\" \/>\n\t<meta name=\"twitter:data2\" content=\"5\" \/>\n<script type=\"application\/ld+json\" class=\"yoast-schema-graph\">{\"@context\":\"https:\/\/schema.org\",\"@graph\":[{\"@type\":\"WebPage\",\"@id\":\"https:\/\/www.welovecycling.com\/es\/2018\/12\/18\/bicicletas-mas-caras-del-mundo\/\",\"url\":\"https:\/\/www.welovecycling.com\/es\/2018\/12\/18\/bicicletas-mas-caras-del-mundo\/\",\"name\":\"Las 5 bicicletas m\u00e1s caras del mundo - \u0160koda We Love Cycling - Spain\",\"isPartOf\":{\"@id\":\"https:\/\/www.welovecycling.com\/es\/#website\"},\"primaryImageOfPage\":{\"@id\":\"https:\/\/www.welovecycling.com\/es\/2018\/12\/18\/bicicletas-mas-caras-del-mundo\/#primaryimage\"},\"image\":{\"@id\":\"https:\/\/www.welovecycling.com\/es\/2018\/12\/18\/bicicletas-mas-caras-del-mundo\/#primaryimage\"},\"thumbnailUrl\":\"https:\/\/d2p6e6u75xmxt8.cloudfront.net\/6\/2018\/12\/5Bikes-1.jpg\",\"datePublished\":\"2018-12-18T11:22:20+00:00\",\"author\":{\"@id\":\"https:\/\/www.welovecycling.com\/es\/#\/schema\/person\/deb61715b5812698ee79fb96f343ccd4\"},\"description\":\"Las cinco bicicletas m\u00e1s caras del mundo. Un repaso a los modelos de bicicleta que han alcanzado precios superiores a los 100.000 euros.\",\"breadcrumb\":{\"@id\":\"https:\/\/www.welovecycling.com\/es\/2018\/12\/18\/bicicletas-mas-caras-del-mundo\/#breadcrumb\"},\"inLanguage\":\"es-ES\",\"potentialAction\":[{\"@type\":\"ReadAction\",\"target\":[\"https:\/\/www.welovecycling.com\/es\/2018\/12\/18\/bicicletas-mas-caras-del-mundo\/\"]}]},{\"@type\":\"ImageObject\",\"inLanguage\":\"es-ES\",\"@id\":\"https:\/\/www.welovecycling.com\/es\/2018\/12\/18\/bicicletas-mas-caras-del-mundo\/#primaryimage\",\"url\":\"https:\/\/d2p6e6u75xmxt8.cloudfront.net\/6\/2018\/12\/5Bikes-1.jpg\",\"contentUrl\":\"https:\/\/d2p6e6u75xmxt8.cloudfront.net\/6\/2018\/12\/5Bikes-1.jpg\",\"width\":1366,\"height\":600},{\"@type\":\"BreadcrumbList\",\"@id\":\"https:\/\/www.welovecycling.com\/es\/2018\/12\/18\/bicicletas-mas-caras-del-mundo\/#breadcrumb\",\"itemListElement\":[{\"@type\":\"ListItem\",\"position\":1,\"name\":\"Home\",\"item\":\"https:\/\/www.welovecycling.com\/es\/\"},{\"@type\":\"ListItem\",\"position\":2,\"name\":\"Las 5 bicicletas m\u00e1s caras del mundo\"}]},{\"@type\":\"WebSite\",\"@id\":\"https:\/\/www.welovecycling.com\/es\/#website\",\"url\":\"https:\/\/www.welovecycling.com\/es\/\",\"name\":\"\u0160koda We Love Cycling - Spain\",\"description\":\"\u0160koda WeLoveCycling Spain\",\"potentialAction\":[{\"@type\":\"SearchAction\",\"target\":{\"@type\":\"EntryPoint\",\"urlTemplate\":\"https:\/\/www.welovecycling.com\/es\/?s={search_term_string}\"},\"query-input\":{\"@type\":\"PropertyValueSpecification\",\"valueRequired\":true,\"valueName\":\"search_term_string\"}}],\"inLanguage\":\"es-ES\"},{\"@type\":\"Person\",\"@id\":\"https:\/\/www.welovecycling.com\/es\/#\/schema\/person\/deb61715b5812698ee79fb96f343ccd4\",\"name\":\"We Love Cycling Spain\",\"image\":{\"@type\":\"ImageObject\",\"inLanguage\":\"es-ES\",\"@id\":\"https:\/\/www.welovecycling.com\/es\/#\/schema\/person\/image\/\",\"url\":\"https:\/\/secure.gravatar.com\/avatar\/c824b04e6df0e37a03219d0b6481672889df542894588964102459e46513159c?s=96&d=mm&r=g\",\"contentUrl\":\"https:\/\/secure.gravatar.com\/avatar\/c824b04e6df0e37a03219d0b6481672889df542894588964102459e46513159c?s=96&d=mm&r=g\",\"caption\":\"We Love Cycling Spain\"},\"url\":\"https:\/\/www.welovecycling.com\/es\/author\/amunoz\/\"}]}<\/script>\n<!-- \/ Yoast SEO Premium plugin. -->","yoast_head_json":{"title":"Las 5 bicicletas m\u00e1s caras del mundo - \u0160koda We Love Cycling - Spain","description":"Las cinco bicicletas m\u00e1s caras del mundo. Un repaso a los modelos de bicicleta que han alcanzado precios superiores a los 100.000 euros.","robots":{"index":"index","follow":"follow","max-snippet":"max-snippet:-1","max-image-preview":"max-image-preview:large","max-video-preview":"max-video-preview:-1"},"canonical":"https:\/\/www.welovecycling.com\/es\/2018\/12\/18\/bicicletas-mas-caras-del-mundo\/","og_locale":"es_ES","og_type":"article","og_title":"Las cinco bicicletas m\u00e1s caras del mundo.","og_description":"Las cinco bicicletas m\u00e1s caras del mundo. Un repaso a los modelos de bicicleta que han alcanzado precios superiores a los 100.000 euros.","og_url":"https:\/\/www.welovecycling.com\/es\/2018\/12\/18\/bicicletas-mas-caras-del-mundo\/","og_site_name":"\u0160koda We Love Cycling - Spain","article_published_time":"2018-12-18T11:22:20+00:00","og_image":[{"width":1366,"height":600,"url":"https:\/\/d2p6e6u75xmxt8.cloudfront.net\/6\/2018\/12\/5Bikes-1.jpg","type":"image\/jpeg"}],"author":"We Love Cycling Spain","twitter_card":"summary_large_image","twitter_title":"Las cinco bicicletas m\u00e1s caras del mundo.","twitter_description":"Las cinco bicicletas m\u00e1s caras del mundo. Un repaso a los modelos de bicicleta que han alcanzado precios superiores a los 100.000 euros.","twitter_misc":{"Written by":"Bonnie Friend","Est. reading time":"5"},"schema":{"@context":"https:\/\/schema.org","@graph":[{"@type":"WebPage","@id":"https:\/\/www.welovecycling.com\/es\/2018\/12\/18\/bicicletas-mas-caras-del-mundo\/","url":"https:\/\/www.welovecycling.com\/es\/2018\/12\/18\/bicicletas-mas-caras-del-mundo\/","name":"Las 5 bicicletas m\u00e1s caras del mundo - \u0160koda We Love Cycling - Spain","isPartOf":{"@id":"https:\/\/www.welovecycling.com\/es\/#website"},"primaryImageOfPage":{"@id":"https:\/\/www.welovecycling.com\/es\/2018\/12\/18\/bicicletas-mas-caras-del-mundo\/#primaryimage"},"image":{"@id":"https:\/\/www.welovecycling.com\/es\/2018\/12\/18\/bicicletas-mas-caras-del-mundo\/#primaryimage"},"thumbnailUrl":"https:\/\/d2p6e6u75xmxt8.cloudfront.net\/6\/2018\/12\/5Bikes-1.jpg","datePublished":"2018-12-18T11:22:20+00:00","author":{"@id":"https:\/\/www.welovecycling.com\/es\/#\/schema\/person\/deb61715b5812698ee79fb96f343ccd4"},"description":"Las cinco bicicletas m\u00e1s caras del mundo. Un repaso a los modelos de bicicleta que han alcanzado precios superiores a los 100.000 euros.","breadcrumb":{"@id":"https:\/\/www.welovecycling.com\/es\/2018\/12\/18\/bicicletas-mas-caras-del-mundo\/#breadcrumb"},"inLanguage":"es-ES","potentialAction":[{"@type":"ReadAction","target":["https:\/\/www.welovecycling.com\/es\/2018\/12\/18\/bicicletas-mas-caras-del-mundo\/"]}]},{"@type":"ImageObject","inLanguage":"es-ES","@id":"https:\/\/www.welovecycling.com\/es\/2018\/12\/18\/bicicletas-mas-caras-del-mundo\/#primaryimage","url":"https:\/\/d2p6e6u75xmxt8.cloudfront.net\/6\/2018\/12\/5Bikes-1.jpg","contentUrl":"https:\/\/d2p6e6u75xmxt8.cloudfront.net\/6\/2018\/12\/5Bikes-1.jpg","width":1366,"height":600},{"@type":"BreadcrumbList","@id":"https:\/\/www.welovecycling.com\/es\/2018\/12\/18\/bicicletas-mas-caras-del-mundo\/#breadcrumb","itemListElement":[{"@type":"ListItem","position":1,"name":"Home","item":"https:\/\/www.welovecycling.com\/es\/"},{"@type":"ListItem","position":2,"name":"Las 5 bicicletas m\u00e1s caras del mundo"}]},{"@type":"WebSite","@id":"https:\/\/www.welovecycling.com\/es\/#website","url":"https:\/\/www.welovecycling.com\/es\/","name":"\u0160koda We Love Cycling - Spain","description":"\u0160koda WeLoveCycling Spain","potentialAction":[{"@type":"SearchAction","target":{"@type":"EntryPoint","urlTemplate":"https:\/\/www.welovecycling.com\/es\/?s={search_term_string}"},"query-input":{"@type":"PropertyValueSpecification","valueRequired":true,"valueName":"search_term_string"}}],"inLanguage":"es-ES"},{"@type":"Person","@id":"https:\/\/www.welovecycling.com\/es\/#\/schema\/person\/deb61715b5812698ee79fb96f343ccd4","name":"We Love Cycling Spain","image":{"@type":"ImageObject","inLanguage":"es-ES","@id":"https:\/\/www.welovecycling.com\/es\/#\/schema\/person\/image\/","url":"https:\/\/secure.gravatar.com\/avatar\/c824b04e6df0e37a03219d0b6481672889df542894588964102459e46513159c?s=96&d=mm&r=g","contentUrl":"https:\/\/secure.gravatar.com\/avatar\/c824b04e6df0e37a03219d0b6481672889df542894588964102459e46513159c?s=96&d=mm&r=g","caption":"We Love Cycling Spain"},"url":"https:\/\/www.welovecycling.com\/es\/author\/amunoz\/"}]}},"_links":{"self":[{"href":"https:\/\/www.welovecycling.com\/es\/wp-json\/wp\/v2\/posts\/3922","targetHints":{"allow":["GET"]}}],"collection":[{"href":"https:\/\/www.welovecycling.com\/es\/wp-json\/wp\/v2\/posts"}],"about":[{"href":"https:\/\/www.welovecycling.com\/es\/wp-json\/wp\/v2\/types\/post"}],"author":[{"embeddable":true,"href":"https:\/\/www.welovecycling.com\/es\/wp-json\/wp\/v2\/users\/29"}],"replies":[{"embeddable":true,"href":"https:\/\/www.welovecycling.com\/es\/wp-json\/wp\/v2\/comments?post=3922"}],"version-history":[{"count":2,"href":"https:\/\/www.welovecycling.com\/es\/wp-json\/wp\/v2\/posts\/3922\/revisions"}],"predecessor-version":[{"id":3929,"href":"https:\/\/www.welovecycling.com\/es\/wp-json\/wp\/v2\/posts\/3922\/revisions\/3929"}],"wp:featuredmedia":[{"embeddable":true,"href":"https:\/\/www.welovecycling.com\/es\/wp-json\/wp\/v2\/media\/3928"}],"wp:attachment":[{"href":"https:\/\/www.welovecycling.com\/es\/wp-json\/wp\/v2\/media?parent=3922"}],"wp:term":[{"taxonomy":"category","embeddable":true,"href":"https:\/\/www.welovecycling.com\/es\/wp-json\/wp\/v2\/categories?post=3922"},{"taxonomy":"post_tag","embeddable":true,"href":"https:\/\/www.welovecycling.com\/es\/wp-json\/wp\/v2\/tags?post=3922"},{"taxonomy":"global-categories","embeddable":true,"href":"https:\/\/www.welovecycling.com\/es\/wp-json\/wp\/v2\/global-categories?post=3922"}],"curies":[{"name":"wp","href":"https:\/\/api.w.org\/{rel}","templated":true}]}}