{"id":3909,"date":"2018-12-13T12:02:06","date_gmt":"2018-12-13T10:02:06","guid":{"rendered":"https:\/\/www.welovecycling.com\/es\/?p=3909"},"modified":"2018-12-13T12:02:06","modified_gmt":"2018-12-13T10:02:06","slug":"regalos-de-navidad-para-amantes-del-ciclismo","status":"publish","type":"post","link":"https:\/\/www.welovecycling.com\/es\/2018\/12\/13\/regalos-de-navidad-para-amantes-del-ciclismo\/","title":{"rendered":"Regalos de navidad para amantes del ciclismo"},"content":{"rendered":"<p><strong>Se acerca la Navidad, as\u00ed que ahora es el momento de hacer esa lista y hacerlo bien porque hay un mundo de regalos y artilugios por ah\u00ed que todos los ciclistas est\u00e1n esperando encontrar envueltos bajo el \u00e1rbol este a\u00f1o.<\/strong><!--more--><\/p>\n<h2><strong>Ciclismo y reciclaje. Gemelos de cadena de bici \u2013 20 euros<\/strong><\/h2>\n<p>Ll\u00e9vese un pedacito de su pasi\u00f3n por el ciclismo a donde quiera que vaya con <a href=\"http:\/\/www.wiggle.co.uk\/recycle-and-bicycle-recycled-bike-chain-cufflinks\/\">gemelos hechos de eslabones de cadena reciclados<\/a>. Con la creciente concienciaci\u00f3n sobre la fabricaci\u00f3n y el reciclaje \u00e9tico de los productos (ver lo que hicimos all\u00ed), esto no s\u00f3lo hace que las piezas de bicicleta viejas se utilicen de manera excelente, sino que tambi\u00e9n vienen en una caja reciclada para su buen uso.<\/p>\n<p><a href=\"https:\/\/d2p6e6u75xmxt8.cloudfront.net\/6\/2018\/12\/Bike-Chain-Cufflinks-2.jpg\"><img loading=\"lazy\" decoding=\"async\" class=\"alignnone size-full wp-image-3910\" src=\"https:\/\/d2p6e6u75xmxt8.cloudfront.net\/6\/2018\/12\/Bike-Chain-Cufflinks-2.jpg\" alt=\"\" width=\"800\" height=\"800\" srcset=\"https:\/\/d2p6e6u75xmxt8.cloudfront.net\/6\/2018\/12\/Bike-Chain-Cufflinks-2.jpg 800w, https:\/\/d2p6e6u75xmxt8.cloudfront.net\/6\/2018\/12\/Bike-Chain-Cufflinks-2-150x150.jpg 150w, https:\/\/d2p6e6u75xmxt8.cloudfront.net\/6\/2018\/12\/Bike-Chain-Cufflinks-2-300x300.jpg 300w, https:\/\/d2p6e6u75xmxt8.cloudfront.net\/6\/2018\/12\/Bike-Chain-Cufflinks-2-768x768.jpg 768w\" sizes=\"auto, (max-width: 800px) 100vw, 800px\" \/><\/a><\/p>\n<h2><strong>Bolsa de cuero para el sill\u00edn &#8211; 50 euros<\/strong><\/h2>\n<p>Llevando un poco de estilo de la vieja escuela a cada d\u00eda del ciclista que viaja al trabajo, esta\u00a0<a href=\"https:\/\/www.notonthehighstreet.com\/vidavida\/product\/leather-bike-saddle-bag\">bolsa de cuero para debajo del sill\u00edn<\/a> es a la vez pr\u00e1ctico y maravillosamente hecho. Hecho de una piel de b\u00fafalo resistente, es bonito y duradero, y es lo suficientemente grande como para llevar todos esos elementos imprescindibles, incluyendo un tel\u00e9fono, un kit de reparaci\u00f3n de pinchazos, una bomba y una billetera. Para colmo, puede incluso personalizarlo.<\/p>\n<p><a href=\"https:\/\/d2p6e6u75xmxt8.cloudfront.net\/6\/2018\/12\/original_leather-bike-saddle-bag.jpg\"><img loading=\"lazy\" decoding=\"async\" class=\"alignnone size-full wp-image-3911\" src=\"https:\/\/d2p6e6u75xmxt8.cloudfront.net\/6\/2018\/12\/original_leather-bike-saddle-bag.jpg\" alt=\"\" width=\"1024\" height=\"1024\" srcset=\"https:\/\/d2p6e6u75xmxt8.cloudfront.net\/6\/2018\/12\/original_leather-bike-saddle-bag.jpg 1024w, https:\/\/d2p6e6u75xmxt8.cloudfront.net\/6\/2018\/12\/original_leather-bike-saddle-bag-150x150.jpg 150w, https:\/\/d2p6e6u75xmxt8.cloudfront.net\/6\/2018\/12\/original_leather-bike-saddle-bag-300x300.jpg 300w, https:\/\/d2p6e6u75xmxt8.cloudfront.net\/6\/2018\/12\/original_leather-bike-saddle-bag-768x768.jpg 768w\" sizes=\"auto, (max-width: 1024px) 100vw, 1024px\" \/><\/a><\/p>\n<h2><strong>Cintur\u00f3n de cuero con ciclistas &#8211; 40 euros<\/strong><\/h2>\n<p>Vers\u00e1til y elegante, este <a href=\"https:\/\/www.etsy.com\/uk\/listing\/482911596\/engraved-cyclists-brown-leather-belt\">cintur\u00f3n de cuero grabado con ciclistas<\/a> es muy f\u00e1cil de llevar. Disponible en una variedad de tama\u00f1os, tambi\u00e9n puede ser entregado en una caja de regalo con una cinta de marfil y una etiqueta de regalo.<\/p>\n<p><a href=\"https:\/\/d2p6e6u75xmxt8.cloudfront.net\/6\/2018\/12\/Engraved-Cyclists-Brown-Leather-Belt.jpg\"><img loading=\"lazy\" decoding=\"async\" class=\"alignnone size-full wp-image-3912\" src=\"https:\/\/d2p6e6u75xmxt8.cloudfront.net\/6\/2018\/12\/Engraved-Cyclists-Brown-Leather-Belt.jpg\" alt=\"\" width=\"1500\" height=\"1125\" srcset=\"https:\/\/d2p6e6u75xmxt8.cloudfront.net\/6\/2018\/12\/Engraved-Cyclists-Brown-Leather-Belt.jpg 1500w, https:\/\/d2p6e6u75xmxt8.cloudfront.net\/6\/2018\/12\/Engraved-Cyclists-Brown-Leather-Belt-300x225.jpg 300w, https:\/\/d2p6e6u75xmxt8.cloudfront.net\/6\/2018\/12\/Engraved-Cyclists-Brown-Leather-Belt-768x576.jpg 768w, https:\/\/d2p6e6u75xmxt8.cloudfront.net\/6\/2018\/12\/Engraved-Cyclists-Brown-Leather-Belt-1024x768.jpg 1024w\" sizes=\"auto, (max-width: 1500px) 100vw, 1500px\" \/><\/a><\/p>\n<h2><strong>Casco Fox&#8217;s Proframe &#8211; 300 euros<\/strong><\/h2>\n<p>Para los apasionados de la BTT, el <a href=\"https:\/\/www.evanscycles.com\/fox-clothing-proframe-moth-full-face-helmet-EV295242\">casco Proframe de Fox<\/a> es lo \u00faltimo en protecci\u00f3n moderna y ligera. Obviamente, todos los ciclistas deber\u00edan llevar casco, pero cuando no est\u00e1 en la carretera es algo completamente nuevo. Este es uno de los nuevos tipos de cascos integrales que ofrece protecci\u00f3n y ventilaci\u00f3n &#8211; perfecto para largas etapas en grandes monta\u00f1as.<\/p>\n<p><a href=\"https:\/\/d2p6e6u75xmxt8.cloudfront.net\/6\/2018\/12\/fox-clothing-proframe-moth-full-face-helmet-black-silver-EV295242-8575-18.jpg\"><img loading=\"lazy\" decoding=\"async\" class=\"alignnone size-full wp-image-3913\" src=\"https:\/\/d2p6e6u75xmxt8.cloudfront.net\/6\/2018\/12\/fox-clothing-proframe-moth-full-face-helmet-black-silver-EV295242-8575-18.jpg\" alt=\"\" width=\"969\" height=\"638\" srcset=\"https:\/\/d2p6e6u75xmxt8.cloudfront.net\/6\/2018\/12\/fox-clothing-proframe-moth-full-face-helmet-black-silver-EV295242-8575-18.jpg 969w, https:\/\/d2p6e6u75xmxt8.cloudfront.net\/6\/2018\/12\/fox-clothing-proframe-moth-full-face-helmet-black-silver-EV295242-8575-18-300x198.jpg 300w, https:\/\/d2p6e6u75xmxt8.cloudfront.net\/6\/2018\/12\/fox-clothing-proframe-moth-full-face-helmet-black-silver-EV295242-8575-18-768x506.jpg 768w\" sizes=\"auto, (max-width: 969px) 100vw, 969px\" \/><\/a><\/p>\n<h2><strong>Calcetines ciclistas animados &#8211; 15 euros<\/strong><\/h2>\n<p>\u00bfRealmente es Navidad si no consigues un par de calcetines? Los calcetines de ciclismo no son cosa de risa y la marca brit\u00e1nica Morvelo est\u00e1 muy orgullosa de ello. Disponibles en una gran variedad de modelos, proporcionan calor y protecci\u00f3n en la parte inferior de las piernas con refuerzos en los talones y en los dedos de los pies &#8211; <a href=\"https:\/\/www.morvelo.com\/bluegrass-3-season-socks.html\">perfecto para el ciclismo invernal<\/a>.<\/p>\n<p><a href=\"https:\/\/d2p6e6u75xmxt8.cloudfront.net\/6\/2018\/12\/bluegrass_three_season_front_1.jpg\"><img loading=\"lazy\" decoding=\"async\" class=\"alignnone size-full wp-image-3914\" src=\"https:\/\/d2p6e6u75xmxt8.cloudfront.net\/6\/2018\/12\/bluegrass_three_season_front_1.jpg\" alt=\"\" width=\"1000\" height=\"1000\" srcset=\"https:\/\/d2p6e6u75xmxt8.cloudfront.net\/6\/2018\/12\/bluegrass_three_season_front_1.jpg 1000w, https:\/\/d2p6e6u75xmxt8.cloudfront.net\/6\/2018\/12\/bluegrass_three_season_front_1-150x150.jpg 150w, https:\/\/d2p6e6u75xmxt8.cloudfront.net\/6\/2018\/12\/bluegrass_three_season_front_1-300x300.jpg 300w, https:\/\/d2p6e6u75xmxt8.cloudfront.net\/6\/2018\/12\/bluegrass_three_season_front_1-768x768.jpg 768w\" sizes=\"auto, (max-width: 1000px) 100vw, 1000px\" \/><\/a><\/p>\n<h2><strong>Multiherramienta Crankbrothers Y15 &#8211; 45 euros<\/strong><\/h2>\n<p>El mejor amigo de cada ciclista, esta <a href=\"https:\/\/www.amazon.co.uk\/Crank-Brothers-Y15-Bicycle-Multi-Tool\/dp\/B014C7MF8Q?tag=skim1x148391-21\">inteligente y compacta multiherramienta<\/a> tiene todo lo que necesitas para reparaciones en carretera o en mtb. Incluye llaves hexagonales de diferentes tama\u00f1os, destornilladores de cabeza plana, llaves Torx, llaves de radios, un kit de parcheo y una herramienta para cadenas. \u00bfQu\u00e9 m\u00e1s se puede pedir?<\/p>\n<p><a href=\"https:\/\/d2p6e6u75xmxt8.cloudfront.net\/6\/2018\/12\/Crankbrothers-15938-Bicycle-Multi-Function-Tool-Silver.jpg\"><img loading=\"lazy\" decoding=\"async\" class=\"alignnone size-full wp-image-3915\" src=\"https:\/\/d2p6e6u75xmxt8.cloudfront.net\/6\/2018\/12\/Crankbrothers-15938-Bicycle-Multi-Function-Tool-Silver.jpg\" alt=\"\" width=\"1500\" height=\"1106\" srcset=\"https:\/\/d2p6e6u75xmxt8.cloudfront.net\/6\/2018\/12\/Crankbrothers-15938-Bicycle-Multi-Function-Tool-Silver.jpg 1500w, https:\/\/d2p6e6u75xmxt8.cloudfront.net\/6\/2018\/12\/Crankbrothers-15938-Bicycle-Multi-Function-Tool-Silver-300x221.jpg 300w, https:\/\/d2p6e6u75xmxt8.cloudfront.net\/6\/2018\/12\/Crankbrothers-15938-Bicycle-Multi-Function-Tool-Silver-768x566.jpg 768w, https:\/\/d2p6e6u75xmxt8.cloudfront.net\/6\/2018\/12\/Crankbrothers-15938-Bicycle-Multi-Function-Tool-Silver-1024x755.jpg 1024w\" sizes=\"auto, (max-width: 1500px) 100vw, 1500px\" \/><\/a><\/p>\n","protected":false},"excerpt":{"rendered":"<p>Se acerca la Navidad, as\u00ed que ahora es el momento de hacer esa lista y hacerlo bien porque hay un [&hellip;]<\/p>\n","protected":false},"author":29,"featured_media":3917,"comment_status":"open","ping_status":"open","sticky":false,"template":"","format":"standard","meta":{"footnotes":""},"categories":[7,8,9,6],"tags":[207,687,774,775],"global-categories":[],"class_list":["post-3909","post","type-post","status-publish","format-standard","has-post-thumbnail","hentry","category-carretera","category-life-style","category-mtb-aventura","category-urban","tag-navidad-para-ciclistas","tag-regalos-ciclistas","tag-regalos-de-navidad-ciclistas","tag-regalos-navidenos"],"yoast_head":"<!-- This site is optimized with the Yoast SEO Premium plugin v25.3 (Yoast SEO v25.9) - https:\/\/yoast.com\/wordpress\/plugins\/seo\/ -->\n<title>Regalos de navidad para amantes del ciclismo - \u0160koda We Love Cycling - Spain<\/title>\n<meta name=\"description\" content=\"Regalos de navidad para amantes del ciclismo. Desde unos gemelos hechos con trozos de cadena reciclados a unos calcetines ciclistas. Regalos originales.\" \/>\n<meta name=\"robots\" content=\"index, follow, max-snippet:-1, max-image-preview:large, max-video-preview:-1\" \/>\n<link rel=\"canonical\" href=\"https:\/\/www.welovecycling.com\/es\/2018\/12\/13\/regalos-de-navidad-para-amantes-del-ciclismo\/\" \/>\n<meta property=\"og:locale\" content=\"es_ES\" \/>\n<meta property=\"og:type\" content=\"article\" \/>\n<meta property=\"og:title\" content=\"Regalos de navidad para amantes del ciclismo\" \/>\n<meta property=\"og:description\" content=\"Regalos de navidad para amantes del ciclismo. Desde unos gemelos hechos con trozos de cadena reciclados a unos calcetines ciclistas. Regalos originales.\" \/>\n<meta property=\"og:url\" content=\"https:\/\/www.welovecycling.com\/es\/2018\/12\/13\/regalos-de-navidad-para-amantes-del-ciclismo\/\" \/>\n<meta property=\"og:site_name\" content=\"\u0160koda We Love Cycling - Spain\" \/>\n<meta property=\"article:published_time\" content=\"2018-12-13T10:02:06+00:00\" \/>\n<meta property=\"og:image\" content=\"https:\/\/d2p6e6u75xmxt8.cloudfront.net\/6\/2018\/12\/Christmas-Gifts-Cover.jpg\" \/>\n\t<meta property=\"og:image:width\" content=\"1366\" \/>\n\t<meta property=\"og:image:height\" content=\"600\" \/>\n\t<meta property=\"og:image:type\" content=\"image\/jpeg\" \/>\n<meta name=\"author\" content=\"We Love Cycling Spain\" \/>\n<meta name=\"twitter:card\" content=\"summary_large_image\" \/>\n<meta name=\"twitter:title\" content=\"Regalos de navidad para amantes del ciclismo\" \/>\n<meta name=\"twitter:description\" content=\"Regalos de navidad para amantes del ciclismo. Desde unos gemelos hechos con trozos de cadena reciclados a unos calcetines ciclistas. Regalos originales.\" \/>\n<meta name=\"twitter:label1\" content=\"Written by\" \/>\n\t<meta name=\"twitter:data1\" content=\"Bonnie Friend\" \/>\n\t<meta name=\"twitter:label2\" content=\"Est. reading time\" \/>\n\t<meta name=\"twitter:data2\" content=\"5\" \/>\n<script type=\"application\/ld+json\" class=\"yoast-schema-graph\">{\"@context\":\"https:\/\/schema.org\",\"@graph\":[{\"@type\":\"WebPage\",\"@id\":\"https:\/\/www.welovecycling.com\/es\/2018\/12\/13\/regalos-de-navidad-para-amantes-del-ciclismo\/\",\"url\":\"https:\/\/www.welovecycling.com\/es\/2018\/12\/13\/regalos-de-navidad-para-amantes-del-ciclismo\/\",\"name\":\"Regalos de navidad para amantes del ciclismo - \u0160koda We Love Cycling - Spain\",\"isPartOf\":{\"@id\":\"https:\/\/www.welovecycling.com\/es\/#website\"},\"primaryImageOfPage\":{\"@id\":\"https:\/\/www.welovecycling.com\/es\/2018\/12\/13\/regalos-de-navidad-para-amantes-del-ciclismo\/#primaryimage\"},\"image\":{\"@id\":\"https:\/\/www.welovecycling.com\/es\/2018\/12\/13\/regalos-de-navidad-para-amantes-del-ciclismo\/#primaryimage\"},\"thumbnailUrl\":\"https:\/\/d2p6e6u75xmxt8.cloudfront.net\/6\/2018\/12\/Christmas-Gifts-Cover.jpg\",\"datePublished\":\"2018-12-13T10:02:06+00:00\",\"author\":{\"@id\":\"https:\/\/www.welovecycling.com\/es\/#\/schema\/person\/deb61715b5812698ee79fb96f343ccd4\"},\"description\":\"Regalos de navidad para amantes del ciclismo. Desde unos gemelos hechos con trozos de cadena reciclados a unos calcetines ciclistas. Regalos originales.\",\"breadcrumb\":{\"@id\":\"https:\/\/www.welovecycling.com\/es\/2018\/12\/13\/regalos-de-navidad-para-amantes-del-ciclismo\/#breadcrumb\"},\"inLanguage\":\"es-ES\",\"potentialAction\":[{\"@type\":\"ReadAction\",\"target\":[\"https:\/\/www.welovecycling.com\/es\/2018\/12\/13\/regalos-de-navidad-para-amantes-del-ciclismo\/\"]}]},{\"@type\":\"ImageObject\",\"inLanguage\":\"es-ES\",\"@id\":\"https:\/\/www.welovecycling.com\/es\/2018\/12\/13\/regalos-de-navidad-para-amantes-del-ciclismo\/#primaryimage\",\"url\":\"https:\/\/d2p6e6u75xmxt8.cloudfront.net\/6\/2018\/12\/Christmas-Gifts-Cover.jpg\",\"contentUrl\":\"https:\/\/d2p6e6u75xmxt8.cloudfront.net\/6\/2018\/12\/Christmas-Gifts-Cover.jpg\",\"width\":1366,\"height\":600},{\"@type\":\"BreadcrumbList\",\"@id\":\"https:\/\/www.welovecycling.com\/es\/2018\/12\/13\/regalos-de-navidad-para-amantes-del-ciclismo\/#breadcrumb\",\"itemListElement\":[{\"@type\":\"ListItem\",\"position\":1,\"name\":\"Home\",\"item\":\"https:\/\/www.welovecycling.com\/es\/\"},{\"@type\":\"ListItem\",\"position\":2,\"name\":\"Regalos de navidad para amantes del ciclismo\"}]},{\"@type\":\"WebSite\",\"@id\":\"https:\/\/www.welovecycling.com\/es\/#website\",\"url\":\"https:\/\/www.welovecycling.com\/es\/\",\"name\":\"\u0160koda We Love Cycling - Spain\",\"description\":\"\u0160koda WeLoveCycling Spain\",\"potentialAction\":[{\"@type\":\"SearchAction\",\"target\":{\"@type\":\"EntryPoint\",\"urlTemplate\":\"https:\/\/www.welovecycling.com\/es\/?s={search_term_string}\"},\"query-input\":{\"@type\":\"PropertyValueSpecification\",\"valueRequired\":true,\"valueName\":\"search_term_string\"}}],\"inLanguage\":\"es-ES\"},{\"@type\":\"Person\",\"@id\":\"https:\/\/www.welovecycling.com\/es\/#\/schema\/person\/deb61715b5812698ee79fb96f343ccd4\",\"name\":\"We Love Cycling Spain\",\"image\":{\"@type\":\"ImageObject\",\"inLanguage\":\"es-ES\",\"@id\":\"https:\/\/www.welovecycling.com\/es\/#\/schema\/person\/image\/\",\"url\":\"https:\/\/secure.gravatar.com\/avatar\/c824b04e6df0e37a03219d0b6481672889df542894588964102459e46513159c?s=96&d=mm&r=g\",\"contentUrl\":\"https:\/\/secure.gravatar.com\/avatar\/c824b04e6df0e37a03219d0b6481672889df542894588964102459e46513159c?s=96&d=mm&r=g\",\"caption\":\"We Love Cycling Spain\"},\"url\":\"https:\/\/www.welovecycling.com\/es\/author\/amunoz\/\"}]}<\/script>\n<!-- \/ Yoast SEO Premium plugin. -->","yoast_head_json":{"title":"Regalos de navidad para amantes del ciclismo - \u0160koda We Love Cycling - Spain","description":"Regalos de navidad para amantes del ciclismo. Desde unos gemelos hechos con trozos de cadena reciclados a unos calcetines ciclistas. Regalos originales.","robots":{"index":"index","follow":"follow","max-snippet":"max-snippet:-1","max-image-preview":"max-image-preview:large","max-video-preview":"max-video-preview:-1"},"canonical":"https:\/\/www.welovecycling.com\/es\/2018\/12\/13\/regalos-de-navidad-para-amantes-del-ciclismo\/","og_locale":"es_ES","og_type":"article","og_title":"Regalos de navidad para amantes del ciclismo","og_description":"Regalos de navidad para amantes del ciclismo. Desde unos gemelos hechos con trozos de cadena reciclados a unos calcetines ciclistas. Regalos originales.","og_url":"https:\/\/www.welovecycling.com\/es\/2018\/12\/13\/regalos-de-navidad-para-amantes-del-ciclismo\/","og_site_name":"\u0160koda We Love Cycling - Spain","article_published_time":"2018-12-13T10:02:06+00:00","og_image":[{"width":1366,"height":600,"url":"https:\/\/d2p6e6u75xmxt8.cloudfront.net\/6\/2018\/12\/Christmas-Gifts-Cover.jpg","type":"image\/jpeg"}],"author":"We Love Cycling Spain","twitter_card":"summary_large_image","twitter_title":"Regalos de navidad para amantes del ciclismo","twitter_description":"Regalos de navidad para amantes del ciclismo. Desde unos gemelos hechos con trozos de cadena reciclados a unos calcetines ciclistas. Regalos originales.","twitter_misc":{"Written by":"Bonnie Friend","Est. reading time":"5"},"schema":{"@context":"https:\/\/schema.org","@graph":[{"@type":"WebPage","@id":"https:\/\/www.welovecycling.com\/es\/2018\/12\/13\/regalos-de-navidad-para-amantes-del-ciclismo\/","url":"https:\/\/www.welovecycling.com\/es\/2018\/12\/13\/regalos-de-navidad-para-amantes-del-ciclismo\/","name":"Regalos de navidad para amantes del ciclismo - \u0160koda We Love Cycling - Spain","isPartOf":{"@id":"https:\/\/www.welovecycling.com\/es\/#website"},"primaryImageOfPage":{"@id":"https:\/\/www.welovecycling.com\/es\/2018\/12\/13\/regalos-de-navidad-para-amantes-del-ciclismo\/#primaryimage"},"image":{"@id":"https:\/\/www.welovecycling.com\/es\/2018\/12\/13\/regalos-de-navidad-para-amantes-del-ciclismo\/#primaryimage"},"thumbnailUrl":"https:\/\/d2p6e6u75xmxt8.cloudfront.net\/6\/2018\/12\/Christmas-Gifts-Cover.jpg","datePublished":"2018-12-13T10:02:06+00:00","author":{"@id":"https:\/\/www.welovecycling.com\/es\/#\/schema\/person\/deb61715b5812698ee79fb96f343ccd4"},"description":"Regalos de navidad para amantes del ciclismo. Desde unos gemelos hechos con trozos de cadena reciclados a unos calcetines ciclistas. Regalos originales.","breadcrumb":{"@id":"https:\/\/www.welovecycling.com\/es\/2018\/12\/13\/regalos-de-navidad-para-amantes-del-ciclismo\/#breadcrumb"},"inLanguage":"es-ES","potentialAction":[{"@type":"ReadAction","target":["https:\/\/www.welovecycling.com\/es\/2018\/12\/13\/regalos-de-navidad-para-amantes-del-ciclismo\/"]}]},{"@type":"ImageObject","inLanguage":"es-ES","@id":"https:\/\/www.welovecycling.com\/es\/2018\/12\/13\/regalos-de-navidad-para-amantes-del-ciclismo\/#primaryimage","url":"https:\/\/d2p6e6u75xmxt8.cloudfront.net\/6\/2018\/12\/Christmas-Gifts-Cover.jpg","contentUrl":"https:\/\/d2p6e6u75xmxt8.cloudfront.net\/6\/2018\/12\/Christmas-Gifts-Cover.jpg","width":1366,"height":600},{"@type":"BreadcrumbList","@id":"https:\/\/www.welovecycling.com\/es\/2018\/12\/13\/regalos-de-navidad-para-amantes-del-ciclismo\/#breadcrumb","itemListElement":[{"@type":"ListItem","position":1,"name":"Home","item":"https:\/\/www.welovecycling.com\/es\/"},{"@type":"ListItem","position":2,"name":"Regalos de navidad para amantes del ciclismo"}]},{"@type":"WebSite","@id":"https:\/\/www.welovecycling.com\/es\/#website","url":"https:\/\/www.welovecycling.com\/es\/","name":"\u0160koda We Love Cycling - Spain","description":"\u0160koda WeLoveCycling Spain","potentialAction":[{"@type":"SearchAction","target":{"@type":"EntryPoint","urlTemplate":"https:\/\/www.welovecycling.com\/es\/?s={search_term_string}"},"query-input":{"@type":"PropertyValueSpecification","valueRequired":true,"valueName":"search_term_string"}}],"inLanguage":"es-ES"},{"@type":"Person","@id":"https:\/\/www.welovecycling.com\/es\/#\/schema\/person\/deb61715b5812698ee79fb96f343ccd4","name":"We Love Cycling Spain","image":{"@type":"ImageObject","inLanguage":"es-ES","@id":"https:\/\/www.welovecycling.com\/es\/#\/schema\/person\/image\/","url":"https:\/\/secure.gravatar.com\/avatar\/c824b04e6df0e37a03219d0b6481672889df542894588964102459e46513159c?s=96&d=mm&r=g","contentUrl":"https:\/\/secure.gravatar.com\/avatar\/c824b04e6df0e37a03219d0b6481672889df542894588964102459e46513159c?s=96&d=mm&r=g","caption":"We Love Cycling Spain"},"url":"https:\/\/www.welovecycling.com\/es\/author\/amunoz\/"}]}},"_links":{"self":[{"href":"https:\/\/www.welovecycling.com\/es\/wp-json\/wp\/v2\/posts\/3909","targetHints":{"allow":["GET"]}}],"collection":[{"href":"https:\/\/www.welovecycling.com\/es\/wp-json\/wp\/v2\/posts"}],"about":[{"href":"https:\/\/www.welovecycling.com\/es\/wp-json\/wp\/v2\/types\/post"}],"author":[{"embeddable":true,"href":"https:\/\/www.welovecycling.com\/es\/wp-json\/wp\/v2\/users\/29"}],"replies":[{"embeddable":true,"href":"https:\/\/www.welovecycling.com\/es\/wp-json\/wp\/v2\/comments?post=3909"}],"version-history":[{"count":2,"href":"https:\/\/www.welovecycling.com\/es\/wp-json\/wp\/v2\/posts\/3909\/revisions"}],"predecessor-version":[{"id":3918,"href":"https:\/\/www.welovecycling.com\/es\/wp-json\/wp\/v2\/posts\/3909\/revisions\/3918"}],"wp:featuredmedia":[{"embeddable":true,"href":"https:\/\/www.welovecycling.com\/es\/wp-json\/wp\/v2\/media\/3917"}],"wp:attachment":[{"href":"https:\/\/www.welovecycling.com\/es\/wp-json\/wp\/v2\/media?parent=3909"}],"wp:term":[{"taxonomy":"category","embeddable":true,"href":"https:\/\/www.welovecycling.com\/es\/wp-json\/wp\/v2\/categories?post=3909"},{"taxonomy":"post_tag","embeddable":true,"href":"https:\/\/www.welovecycling.com\/es\/wp-json\/wp\/v2\/tags?post=3909"},{"taxonomy":"global-categories","embeddable":true,"href":"https:\/\/www.welovecycling.com\/es\/wp-json\/wp\/v2\/global-categories?post=3909"}],"curies":[{"name":"wp","href":"https:\/\/api.w.org\/{rel}","templated":true}]}}