{"id":3899,"date":"2018-12-09T21:35:36","date_gmt":"2018-12-09T19:35:36","guid":{"rendered":"https:\/\/www.welovecycling.com\/es\/?p=3899"},"modified":"2018-12-09T21:35:36","modified_gmt":"2018-12-09T19:35:36","slug":"gran-canaria-bike-week","status":"publish","type":"post","link":"https:\/\/www.welovecycling.com\/es\/2018\/12\/09\/gran-canaria-bike-week\/","title":{"rendered":"Gran Canaria Bike Week, ciclismo al sol de diciembre"},"content":{"rendered":"<p><strong>Sol, calor, m\u00e1s de 600 kil\u00f3metros en bici, casi 15.000 metros de desnivel, dos competiciones y cinco etapas m\u00e1s para disfrutar del ciclismo. El plan, para ser principios de diciembre no est\u00e1 nada mal. Pues todo esto es lo que vivimos en la 30 edici\u00f3n de la Gran Canaria Bike Week, en la que \u0160koda\u00a0 fue el veh\u00edculo oficial de la prueba.<\/strong><!--more--><\/p>\n<p>La <a href=\"http:\/\/lacicloturista.com\/?p=859\">Gran Canaria Bike Week<\/a> logr\u00f3 reunir a m\u00e1s de 8o0 ciclistas de 20 pa\u00edses diferentes para pedalear por una de las islas que mejor se adaptan al ciclismo. En diciembre pudimos rodar entre los 20 y 25 grados, subir puertos de 40 kil\u00f3metros y acumular el mismo desnivel que en Alpes, Pirineos o Dolomitas pero en pleno invierno, y, lo mejor, con unos paisajes que justifican cualquier esfuerzo.<\/p>\n<p><strong>LA TIT\u00c1NICA<\/strong><\/p>\n<p>El men\u00fa de la Gran Canaria Bike Week arranc\u00f3 el domingo 2 de diciembre con una de las jornadas m\u00e1s celebradas. <a href=\"http:\/\/lacicloturista.com\/?p=874\">La Tit\u00e1nica propon\u00eda 100 kil\u00f3metros y m\u00e1s de 3.000 metros de desnivel<\/a> con tres tramos cronometrados y la posibilidad de competir. La salida, el Faro de Maspalomas, que se convirti\u00f3 en el centro de reuni\u00f3n de los ciclistas d\u00eda a d\u00eda.<\/p>\n<p>Llaneo por la costa hasta Arguinegu\u00edn con tiempo para charlar y conocer al resto de ciclistas y a partir de ah\u00ed a probar las piernas en la ascensi\u00f3n al <strong>Barranquillo de Andr\u00e9s por la Presa de Soria<\/strong>. Cada uno pod\u00eda elegir su ritmo, pero por muy lento que quisieras ir las rampas del 16% hac\u00edan da\u00f1o. En la cima tiempo para hacer grupetta y bajar tranquilos por los tornantis del Piccolo Stelvio (denominaci\u00f3n propia) hasta Pie de la Cuesta. Nuevo tramo libre hasta la cima de Tasarte y otro descenso sin prisas hasta la Aldea de San Nicol\u00e1s, donde estaba el primer avituallamiento.<\/p>\n<p><a href=\"https:\/\/d2p6e6u75xmxt8.cloudfront.net\/6\/2018\/12\/WhatsApp-Image-2018-12-05-at-08.37.42.jpeg\"><img loading=\"lazy\" decoding=\"async\" class=\"aligncenter size-full wp-image-3902\" src=\"https:\/\/d2p6e6u75xmxt8.cloudfront.net\/6\/2018\/12\/WhatsApp-Image-2018-12-05-at-08.37.42.jpeg\" alt=\"\" width=\"720\" height=\"480\" srcset=\"https:\/\/d2p6e6u75xmxt8.cloudfront.net\/6\/2018\/12\/WhatsApp-Image-2018-12-05-at-08.37.42.jpeg 720w, https:\/\/d2p6e6u75xmxt8.cloudfront.net\/6\/2018\/12\/WhatsApp-Image-2018-12-05-at-08.37.42-300x200.jpeg 300w, https:\/\/d2p6e6u75xmxt8.cloudfront.net\/6\/2018\/12\/WhatsApp-Image-2018-12-05-at-08.37.42-272x182.jpeg 272w\" sizes=\"auto, (max-width: 720px) 100vw, 720px\" \/><\/a><\/p>\n<p>Con 25 grados las paradas se agradecen porque sirven para recuperar el aliento y sacar tiempo para ir conociendo a los casi dos centenares de ciclistas que se hab\u00edan reunido para la primera etapa. Ademas, desde all\u00ed quedaba la parte clave de la jornada, un tramo cronometrado de m\u00e1s de <strong>30 kil\u00f3metros cuesta arriba desde la Aldea de San Nicol\u00e1s a Artenara y casi 1.500 metros de desnivel<\/strong>. Un aut\u00e9ntico reto al que se un\u00eda el calor y la carretera botosa de las primeras zonas.<\/p>\n<p>V\u00eda libre y a sudar. Vatios a las bielas por la zona de las presas, con paisajes dignos del Far West. Rampas del 1<strong>6% y descansillos que ayudaban a sobrevellar la ascensi\u00f3n. El cartel de 10 kil\u00f3metros a la cima en Candaleria<\/strong> marcaba el \u00fanico tramo asequible, aunque guardaba un kil\u00f3metro con mas del 12% de media. Meta, descanso y camino de Artenara para recuperar con arroz y caldo canario. Y desde all\u00ed, pues cada uno pod\u00eda elegir, retorno a Maspalomas en bicicleta con un &#8216;descenso&#8217; de 900 metros de desnivel positivo, o en la guagua (como se llama al autob\u00fas en Canarias) que hab\u00eda puesto la organizaci\u00f3n.<\/p>\n<p><a href=\"https:\/\/d2p6e6u75xmxt8.cloudfront.net\/6\/2018\/12\/45444771044_9bba415755_k.jpg\"><img loading=\"lazy\" decoding=\"async\" class=\"aligncenter size-large wp-image-3903\" src=\"https:\/\/d2p6e6u75xmxt8.cloudfront.net\/6\/2018\/12\/45444771044_9bba415755_k-1024x683.jpg\" alt=\"\" width=\"1024\" height=\"683\" srcset=\"https:\/\/d2p6e6u75xmxt8.cloudfront.net\/6\/2018\/12\/45444771044_9bba415755_k-1024x683.jpg 1024w, https:\/\/d2p6e6u75xmxt8.cloudfront.net\/6\/2018\/12\/45444771044_9bba415755_k-300x200.jpg 300w, https:\/\/d2p6e6u75xmxt8.cloudfront.net\/6\/2018\/12\/45444771044_9bba415755_k-768x512.jpg 768w, https:\/\/d2p6e6u75xmxt8.cloudfront.net\/6\/2018\/12\/45444771044_9bba415755_k-1920x1280.jpg 1920w, https:\/\/d2p6e6u75xmxt8.cloudfront.net\/6\/2018\/12\/45444771044_9bba415755_k-272x182.jpg 272w, https:\/\/d2p6e6u75xmxt8.cloudfront.net\/6\/2018\/12\/45444771044_9bba415755_k.jpg 2048w, https:\/\/d2p6e6u75xmxt8.cloudfront.net\/6\/2018\/12\/45444771044_9bba415755_k-1920x1280.jpg 1920w\" sizes=\"auto, (max-width: 1024px) 100vw, 1024px\" \/><\/a><\/p>\n<p><strong>D\u00cdA DEL CLUB, DUNAS SANTA LUC\u00cdA Y PICO DE LAS NIEVES<\/strong><\/p>\n<p>Para el lunes las piernas ped\u00edan playa y descanso, as\u00ed que una etapa corta de 35 kil\u00f3metros para recuperar, pero con dureza y las vistas m\u00e1s que <a href=\"http:\/\/lacicloturista.com\/?p=880\">interesantes de Ayagaures, la cima Pedro Gonz\u00e1lez<\/a>. Uno de esos d\u00edas que el ciclista agradece para recargar pilas y disfrutar de lo que quedaba de semana.<\/p>\n<p>Y es que el martes los encargados de dar nombre a la etapa eran los Hoteles Dunas. La salida desde el Faro de Maspalomas, justo al lado de las dunas. <a href=\"http:\/\/lacicloturista.com\/?p=883\">Por delante hab\u00eda casi 80 kil\u00f3metros, los primeros con el viento en contra y pr\u00e1cticamente llanos hacia Vecindario.<\/a> Desde all\u00ed la largu\u00edsima subida por el Barranco de las Tirajanas hasta San Bartolom\u00e9 previo paso por Santa Luc\u00eda. Avituallamiento y descenso por Fataga y el Mirador de la Degollada de las Yeguas, donde nadie puede pasar sin hacer una foto.<\/p>\n<p><a href=\"https:\/\/d2p6e6u75xmxt8.cloudfront.net\/6\/2018\/12\/RUW4000.jpg\"><img loading=\"lazy\" decoding=\"async\" class=\"aligncenter size-large wp-image-3904\" src=\"https:\/\/d2p6e6u75xmxt8.cloudfront.net\/6\/2018\/12\/RUW4000-1024x683.jpg\" alt=\"\" width=\"1024\" height=\"683\" srcset=\"https:\/\/d2p6e6u75xmxt8.cloudfront.net\/6\/2018\/12\/RUW4000-1024x683.jpg 1024w, https:\/\/d2p6e6u75xmxt8.cloudfront.net\/6\/2018\/12\/RUW4000-300x200.jpg 300w, https:\/\/d2p6e6u75xmxt8.cloudfront.net\/6\/2018\/12\/RUW4000-768x513.jpg 768w, https:\/\/d2p6e6u75xmxt8.cloudfront.net\/6\/2018\/12\/RUW4000-1920x1281.jpg 1920w, https:\/\/d2p6e6u75xmxt8.cloudfront.net\/6\/2018\/12\/RUW4000-272x182.jpg 272w, https:\/\/d2p6e6u75xmxt8.cloudfront.net\/6\/2018\/12\/RUW4000-1920x1281.jpg 1920w\" sizes=\"auto, (max-width: 1024px) 100vw, 1024px\" \/><\/a><\/p>\n<p>A\u00fan as\u00ed la mente de casi todos estaba puesta en la Cronoescalada al Pico de las Nieves del mi\u00e9rcoles. Era la segunda jornada competitiva y cronometrada. Para este 2018 adem\u00e1s a\u00f1ad\u00eda un extra de dureza, ya que la salida era en la misma arena de la <a href=\"http:\/\/lacicloturista.com\/?p=887\">Playa del Burrero y la meta en el Pico de las Nieves, a 1750 metros de altitud<\/a>. En total se sumaban 30 kil\u00f3metros y 1.900 metros de desnivel acumulado. Una crono digna del Tour o del Giro.<\/p>\n<p>Tramo neutralizado hasta Ingenio y desde all\u00ed, a fuego. Las peculiaridades del Pico de las Nieves pasan por un tramo central que se llama<strong> La Pasadilla y que se resume en 4 kil\u00f3metros con una media del 14% y rampas que alcanzan el 23%<\/strong>. Un infierno que puso a prueba nuestro estado de forma. Despu\u00e9s 12 kil\u00f3metros m\u00e1s por Cazadores y la Caldera de los Marteles hasta el punto m\u00e1s alto de la isla. Cansancio extremo si decid\u00edas tomarte en modo competitivo la ascensi\u00f3n. El premio, las vistas de un d\u00eda sin una sola nube, el Roque Nublo y al fondo la isla de Tenerife con el Teide.<\/p>\n<p><strong>GRAN TOUR LA VUELTA A LA ISLA<\/strong><\/p>\n<p>Despu\u00e9s de los esfuerzos y los cron\u00f3metros de la Cronoescalada al Pico de las Nieves quedaba el placer ciclista en forma de tres etapas con los que conocer toda la isla de Gran Canaria. La organizaci\u00f3n hab\u00eda innovado con respecto a ediciones anteriores y propon\u00eda rodear todo Gran Canaria y conocer los contrastes de un territorio que nada tiene que ver entre el norte y el sur.<\/p>\n<p><img loading=\"lazy\" decoding=\"async\" class=\"alignnone size-extra-large\" src=\"http:\/\/lacicloturista.com\/wp-content\/uploads\/2018\/12\/Gran-Tour.jpg\" width=\"1023\" height=\"682\" \/><\/p>\n<p>As\u00ed que el jueves, y todav\u00eda con el dolor en las piernas de la jornada anterior, hab\u00eda que ponerse en marcha. Los 25 grados de las 09.00 ayudaban a partir desde el<a href=\"http:\/\/lacicloturista.com\/?p=891\"> Faro de Maspalomas con destino a Arucas,<\/a> justo en el v\u00e9rtice norte de la isla. Carreteras conocidas hasta Vecindario y a partir de ah\u00ed un mill\u00f3n de repechos por zonas con muy poco tr\u00e1fico. Aguimes, Telde, la Caldera de Tamadaba, el puerto de Santa Br\u00edgida y llegada a la Catedral de Arucas, con tramo de adoquines incluido. En total m\u00e1s de 90 kil\u00f3metros y 2.300 metros de desnivel acumulado.<\/p>\n<p>Al d\u00eda siguiente, y despu\u00e9s de que la organizaci\u00f3n pusiera una &#8216;guagua&#8217; tanto para llevar a los ciclistas a Maspalomas como para devolverlos a Arucas, arrancaba quiz\u00e1 la etapa m\u00e1s bella de la Gran Canaria Bike Week. Primero paralelos a la costa norte hasta Gu\u00eda y Galdar, y desde ah\u00ed por el Risco y las<a href=\"http:\/\/lacicloturista.com\/?p=894\"> rampas del And\u00e9n Verde<\/a>, una carretera que suele estar cortada al tr\u00e1fico, hasta la Aldea de San Nicol\u00e1s, donde estaba el avituallamiento (con pasta incluida). Ascensi\u00f3n dura hasta Veneguera y final con repechos por Arguinegu\u00edn y Taurito para acabar en Maspalomas. Los n\u00fameros daban m\u00e1s de 125 kil\u00f3metros y casi 3.000 metros de desnivel.<\/p>\n<p><img loading=\"lazy\" decoding=\"async\" class=\"alignnone size-extra-large\" src=\"http:\/\/lacicloturista.com\/wp-content\/uploads\/2018\/12\/Gran-Tour-2-1023x480.jpg\" width=\"1023\" height=\"480\" \/><\/p>\n<p>Para el s\u00e1bado quedaba completar los esfuerzos y despedirse de los amigos hasta la edici\u00f3n de 2019. Casi 60 kil\u00f3metros y 900 metros de desnivel entre el<a href=\"http:\/\/lacicloturista.com\/?p=898\"> Faro de Maspalomas y Taurito<\/a> con las vistas de la costa y un agradable sol. Proleg\u00f3meno de comida fin de fiesta en el Hotel Dunas Villas Resort (buffet de alta calidad) y la entrega de premios. Lo peor, que el retorno al fr\u00edo de la pen\u00ednsula se hace m\u00e1s que duro, lo mejor, que para 2019 todav\u00eda quedan muchos rincones de la isla por conocer.<\/p>\n","protected":false},"excerpt":{"rendered":"<p>Sol, calor, m\u00e1s de 600 kil\u00f3metros en bici, casi 15.000 metros de desnivel, dos competiciones y cinco etapas m\u00e1s para [&hellip;]<\/p>\n","protected":false},"author":29,"featured_media":3900,"comment_status":"open","ping_status":"open","sticky":false,"template":"","format":"standard","meta":{"footnotes":""},"categories":[7],"tags":[768,770,767,769],"global-categories":[],"class_list":["post-3899","post","type-post","status-publish","format-standard","has-post-thumbnail","hentry","category-carretera","tag-ciclismo-gran-canaria","tag-cronoescalada-pico-de-las-nieves","tag-gran-canaria-bike-week","tag-la-titanica"],"yoast_head":"<!-- This site is optimized with the Yoast SEO Premium plugin v25.3 (Yoast SEO v25.9) - https:\/\/yoast.com\/wordpress\/plugins\/seo\/ -->\n<title>Gran Canaria Bike Week, ciclismo al sol de diciembre - \u0160koda We Love Cycling - Spain<\/title>\n<meta name=\"description\" content=\"Gran Canaria Bike Week, ciclismo al sol de diciembre. M\u00e1s de 600 kil\u00f3metros de entrenamientos en la prueba donde \u0160koda\u00a0 fue el veh\u00edculo oficial.\" \/>\n<meta name=\"robots\" content=\"index, follow, max-snippet:-1, max-image-preview:large, max-video-preview:-1\" \/>\n<link rel=\"canonical\" href=\"https:\/\/www.welovecycling.com\/es\/2018\/12\/09\/gran-canaria-bike-week\/\" \/>\n<meta property=\"og:locale\" content=\"es_ES\" \/>\n<meta property=\"og:type\" content=\"article\" \/>\n<meta property=\"og:title\" content=\"Gran Canaria Bike Week, ciclismo al sol de diciembre\" \/>\n<meta property=\"og:description\" content=\"Gran Canaria Bike Week, ciclismo al sol de diciembre. M\u00e1s de 600 kil\u00f3metros de entrenamientos en la prueba donde \u0160koda\u00a0 fue el veh\u00edculo oficial.\" \/>\n<meta property=\"og:url\" content=\"https:\/\/www.welovecycling.com\/es\/2018\/12\/09\/gran-canaria-bike-week\/\" \/>\n<meta property=\"og:site_name\" content=\"\u0160koda We Love Cycling - Spain\" \/>\n<meta property=\"article:published_time\" content=\"2018-12-09T19:35:36+00:00\" \/>\n<meta property=\"og:image\" content=\"https:\/\/d2p6e6u75xmxt8.cloudfront.net\/6\/2018\/12\/46196661281_22881581f8_k.jpg\" \/>\n\t<meta property=\"og:image:width\" content=\"2048\" \/>\n\t<meta property=\"og:image:height\" content=\"1366\" \/>\n\t<meta property=\"og:image:type\" content=\"image\/jpeg\" \/>\n<meta name=\"author\" content=\"We Love Cycling Spain\" \/>\n<meta name=\"twitter:card\" content=\"summary_large_image\" \/>\n<meta name=\"twitter:title\" content=\"Gran Canaria Bike Week, ciclismo al sol de diciembre\" \/>\n<meta name=\"twitter:description\" content=\"Gran Canaria Bike Week, ciclismo al sol de diciembre. M\u00e1s de 600 kil\u00f3metros de entrenamientos en la prueba donde \u0160koda\u00a0 fue el veh\u00edculo oficial.\" \/>\n<meta name=\"twitter:label1\" content=\"Written by\" \/>\n\t<meta name=\"twitter:data1\" content=\"Luis Ortega @ciclored\" \/>\n\t<meta name=\"twitter:label2\" content=\"Est. reading time\" \/>\n\t<meta name=\"twitter:data2\" content=\"6 minutes\" \/>\n<script type=\"application\/ld+json\" class=\"yoast-schema-graph\">{\"@context\":\"https:\/\/schema.org\",\"@graph\":[{\"@type\":\"WebPage\",\"@id\":\"https:\/\/www.welovecycling.com\/es\/2018\/12\/09\/gran-canaria-bike-week\/\",\"url\":\"https:\/\/www.welovecycling.com\/es\/2018\/12\/09\/gran-canaria-bike-week\/\",\"name\":\"Gran Canaria Bike Week, ciclismo al sol de diciembre - \u0160koda We Love Cycling - Spain\",\"isPartOf\":{\"@id\":\"https:\/\/www.welovecycling.com\/es\/#website\"},\"primaryImageOfPage\":{\"@id\":\"https:\/\/www.welovecycling.com\/es\/2018\/12\/09\/gran-canaria-bike-week\/#primaryimage\"},\"image\":{\"@id\":\"https:\/\/www.welovecycling.com\/es\/2018\/12\/09\/gran-canaria-bike-week\/#primaryimage\"},\"thumbnailUrl\":\"https:\/\/d2p6e6u75xmxt8.cloudfront.net\/6\/2018\/12\/46196661281_22881581f8_k.jpg\",\"datePublished\":\"2018-12-09T19:35:36+00:00\",\"author\":{\"@id\":\"https:\/\/www.welovecycling.com\/es\/#\/schema\/person\/deb61715b5812698ee79fb96f343ccd4\"},\"description\":\"Gran Canaria Bike Week, ciclismo al sol de diciembre. M\u00e1s de 600 kil\u00f3metros de entrenamientos en la prueba donde \u0160koda\u00a0 fue el veh\u00edculo oficial.\",\"breadcrumb\":{\"@id\":\"https:\/\/www.welovecycling.com\/es\/2018\/12\/09\/gran-canaria-bike-week\/#breadcrumb\"},\"inLanguage\":\"es-ES\",\"potentialAction\":[{\"@type\":\"ReadAction\",\"target\":[\"https:\/\/www.welovecycling.com\/es\/2018\/12\/09\/gran-canaria-bike-week\/\"]}]},{\"@type\":\"ImageObject\",\"inLanguage\":\"es-ES\",\"@id\":\"https:\/\/www.welovecycling.com\/es\/2018\/12\/09\/gran-canaria-bike-week\/#primaryimage\",\"url\":\"https:\/\/d2p6e6u75xmxt8.cloudfront.net\/6\/2018\/12\/46196661281_22881581f8_k.jpg\",\"contentUrl\":\"https:\/\/d2p6e6u75xmxt8.cloudfront.net\/6\/2018\/12\/46196661281_22881581f8_k.jpg\",\"width\":2048,\"height\":1366},{\"@type\":\"BreadcrumbList\",\"@id\":\"https:\/\/www.welovecycling.com\/es\/2018\/12\/09\/gran-canaria-bike-week\/#breadcrumb\",\"itemListElement\":[{\"@type\":\"ListItem\",\"position\":1,\"name\":\"Home\",\"item\":\"https:\/\/www.welovecycling.com\/es\/\"},{\"@type\":\"ListItem\",\"position\":2,\"name\":\"Gran Canaria Bike Week, ciclismo al sol de diciembre\"}]},{\"@type\":\"WebSite\",\"@id\":\"https:\/\/www.welovecycling.com\/es\/#website\",\"url\":\"https:\/\/www.welovecycling.com\/es\/\",\"name\":\"\u0160koda We Love Cycling - Spain\",\"description\":\"\u0160koda WeLoveCycling Spain\",\"potentialAction\":[{\"@type\":\"SearchAction\",\"target\":{\"@type\":\"EntryPoint\",\"urlTemplate\":\"https:\/\/www.welovecycling.com\/es\/?s={search_term_string}\"},\"query-input\":{\"@type\":\"PropertyValueSpecification\",\"valueRequired\":true,\"valueName\":\"search_term_string\"}}],\"inLanguage\":\"es-ES\"},{\"@type\":\"Person\",\"@id\":\"https:\/\/www.welovecycling.com\/es\/#\/schema\/person\/deb61715b5812698ee79fb96f343ccd4\",\"name\":\"We Love Cycling Spain\",\"image\":{\"@type\":\"ImageObject\",\"inLanguage\":\"es-ES\",\"@id\":\"https:\/\/www.welovecycling.com\/es\/#\/schema\/person\/image\/\",\"url\":\"https:\/\/secure.gravatar.com\/avatar\/c824b04e6df0e37a03219d0b6481672889df542894588964102459e46513159c?s=96&d=mm&r=g\",\"contentUrl\":\"https:\/\/secure.gravatar.com\/avatar\/c824b04e6df0e37a03219d0b6481672889df542894588964102459e46513159c?s=96&d=mm&r=g\",\"caption\":\"We Love Cycling Spain\"},\"url\":\"https:\/\/www.welovecycling.com\/es\/author\/amunoz\/\"}]}<\/script>\n<!-- \/ Yoast SEO Premium plugin. -->","yoast_head_json":{"title":"Gran Canaria Bike Week, ciclismo al sol de diciembre - \u0160koda We Love Cycling - Spain","description":"Gran Canaria Bike Week, ciclismo al sol de diciembre. M\u00e1s de 600 kil\u00f3metros de entrenamientos en la prueba donde \u0160koda\u00a0 fue el veh\u00edculo oficial.","robots":{"index":"index","follow":"follow","max-snippet":"max-snippet:-1","max-image-preview":"max-image-preview:large","max-video-preview":"max-video-preview:-1"},"canonical":"https:\/\/www.welovecycling.com\/es\/2018\/12\/09\/gran-canaria-bike-week\/","og_locale":"es_ES","og_type":"article","og_title":"Gran Canaria Bike Week, ciclismo al sol de diciembre","og_description":"Gran Canaria Bike Week, ciclismo al sol de diciembre. M\u00e1s de 600 kil\u00f3metros de entrenamientos en la prueba donde \u0160koda\u00a0 fue el veh\u00edculo oficial.","og_url":"https:\/\/www.welovecycling.com\/es\/2018\/12\/09\/gran-canaria-bike-week\/","og_site_name":"\u0160koda We Love Cycling - Spain","article_published_time":"2018-12-09T19:35:36+00:00","og_image":[{"width":2048,"height":1366,"url":"https:\/\/d2p6e6u75xmxt8.cloudfront.net\/6\/2018\/12\/46196661281_22881581f8_k.jpg","type":"image\/jpeg"}],"author":"We Love Cycling Spain","twitter_card":"summary_large_image","twitter_title":"Gran Canaria Bike Week, ciclismo al sol de diciembre","twitter_description":"Gran Canaria Bike Week, ciclismo al sol de diciembre. M\u00e1s de 600 kil\u00f3metros de entrenamientos en la prueba donde \u0160koda\u00a0 fue el veh\u00edculo oficial.","twitter_misc":{"Written by":"Luis Ortega @ciclored","Est. reading time":"6 minutes"},"schema":{"@context":"https:\/\/schema.org","@graph":[{"@type":"WebPage","@id":"https:\/\/www.welovecycling.com\/es\/2018\/12\/09\/gran-canaria-bike-week\/","url":"https:\/\/www.welovecycling.com\/es\/2018\/12\/09\/gran-canaria-bike-week\/","name":"Gran Canaria Bike Week, ciclismo al sol de diciembre - \u0160koda We Love Cycling - Spain","isPartOf":{"@id":"https:\/\/www.welovecycling.com\/es\/#website"},"primaryImageOfPage":{"@id":"https:\/\/www.welovecycling.com\/es\/2018\/12\/09\/gran-canaria-bike-week\/#primaryimage"},"image":{"@id":"https:\/\/www.welovecycling.com\/es\/2018\/12\/09\/gran-canaria-bike-week\/#primaryimage"},"thumbnailUrl":"https:\/\/d2p6e6u75xmxt8.cloudfront.net\/6\/2018\/12\/46196661281_22881581f8_k.jpg","datePublished":"2018-12-09T19:35:36+00:00","author":{"@id":"https:\/\/www.welovecycling.com\/es\/#\/schema\/person\/deb61715b5812698ee79fb96f343ccd4"},"description":"Gran Canaria Bike Week, ciclismo al sol de diciembre. M\u00e1s de 600 kil\u00f3metros de entrenamientos en la prueba donde \u0160koda\u00a0 fue el veh\u00edculo oficial.","breadcrumb":{"@id":"https:\/\/www.welovecycling.com\/es\/2018\/12\/09\/gran-canaria-bike-week\/#breadcrumb"},"inLanguage":"es-ES","potentialAction":[{"@type":"ReadAction","target":["https:\/\/www.welovecycling.com\/es\/2018\/12\/09\/gran-canaria-bike-week\/"]}]},{"@type":"ImageObject","inLanguage":"es-ES","@id":"https:\/\/www.welovecycling.com\/es\/2018\/12\/09\/gran-canaria-bike-week\/#primaryimage","url":"https:\/\/d2p6e6u75xmxt8.cloudfront.net\/6\/2018\/12\/46196661281_22881581f8_k.jpg","contentUrl":"https:\/\/d2p6e6u75xmxt8.cloudfront.net\/6\/2018\/12\/46196661281_22881581f8_k.jpg","width":2048,"height":1366},{"@type":"BreadcrumbList","@id":"https:\/\/www.welovecycling.com\/es\/2018\/12\/09\/gran-canaria-bike-week\/#breadcrumb","itemListElement":[{"@type":"ListItem","position":1,"name":"Home","item":"https:\/\/www.welovecycling.com\/es\/"},{"@type":"ListItem","position":2,"name":"Gran Canaria Bike Week, ciclismo al sol de diciembre"}]},{"@type":"WebSite","@id":"https:\/\/www.welovecycling.com\/es\/#website","url":"https:\/\/www.welovecycling.com\/es\/","name":"\u0160koda We Love Cycling - Spain","description":"\u0160koda WeLoveCycling Spain","potentialAction":[{"@type":"SearchAction","target":{"@type":"EntryPoint","urlTemplate":"https:\/\/www.welovecycling.com\/es\/?s={search_term_string}"},"query-input":{"@type":"PropertyValueSpecification","valueRequired":true,"valueName":"search_term_string"}}],"inLanguage":"es-ES"},{"@type":"Person","@id":"https:\/\/www.welovecycling.com\/es\/#\/schema\/person\/deb61715b5812698ee79fb96f343ccd4","name":"We Love Cycling Spain","image":{"@type":"ImageObject","inLanguage":"es-ES","@id":"https:\/\/www.welovecycling.com\/es\/#\/schema\/person\/image\/","url":"https:\/\/secure.gravatar.com\/avatar\/c824b04e6df0e37a03219d0b6481672889df542894588964102459e46513159c?s=96&d=mm&r=g","contentUrl":"https:\/\/secure.gravatar.com\/avatar\/c824b04e6df0e37a03219d0b6481672889df542894588964102459e46513159c?s=96&d=mm&r=g","caption":"We Love Cycling Spain"},"url":"https:\/\/www.welovecycling.com\/es\/author\/amunoz\/"}]}},"_links":{"self":[{"href":"https:\/\/www.welovecycling.com\/es\/wp-json\/wp\/v2\/posts\/3899","targetHints":{"allow":["GET"]}}],"collection":[{"href":"https:\/\/www.welovecycling.com\/es\/wp-json\/wp\/v2\/posts"}],"about":[{"href":"https:\/\/www.welovecycling.com\/es\/wp-json\/wp\/v2\/types\/post"}],"author":[{"embeddable":true,"href":"https:\/\/www.welovecycling.com\/es\/wp-json\/wp\/v2\/users\/29"}],"replies":[{"embeddable":true,"href":"https:\/\/www.welovecycling.com\/es\/wp-json\/wp\/v2\/comments?post=3899"}],"version-history":[{"count":1,"href":"https:\/\/www.welovecycling.com\/es\/wp-json\/wp\/v2\/posts\/3899\/revisions"}],"predecessor-version":[{"id":3905,"href":"https:\/\/www.welovecycling.com\/es\/wp-json\/wp\/v2\/posts\/3899\/revisions\/3905"}],"wp:featuredmedia":[{"embeddable":true,"href":"https:\/\/www.welovecycling.com\/es\/wp-json\/wp\/v2\/media\/3900"}],"wp:attachment":[{"href":"https:\/\/www.welovecycling.com\/es\/wp-json\/wp\/v2\/media?parent=3899"}],"wp:term":[{"taxonomy":"category","embeddable":true,"href":"https:\/\/www.welovecycling.com\/es\/wp-json\/wp\/v2\/categories?post=3899"},{"taxonomy":"post_tag","embeddable":true,"href":"https:\/\/www.welovecycling.com\/es\/wp-json\/wp\/v2\/tags?post=3899"},{"taxonomy":"global-categories","embeddable":true,"href":"https:\/\/www.welovecycling.com\/es\/wp-json\/wp\/v2\/global-categories?post=3899"}],"curies":[{"name":"wp","href":"https:\/\/api.w.org\/{rel}","templated":true}]}}