{"id":3836,"date":"2018-11-29T10:51:11","date_gmt":"2018-11-29T08:51:11","guid":{"rendered":"https:\/\/www.welovecycling.com\/es\/?p=3836"},"modified":"2018-11-29T10:51:11","modified_gmt":"2018-11-29T08:51:11","slug":"bicicletas-tuneadas","status":"publish","type":"post","link":"https:\/\/www.welovecycling.com\/es\/2018\/11\/29\/bicicletas-tuneadas\/","title":{"rendered":"Las bicicletas tuneadas de Sicilia"},"content":{"rendered":"<p><strong>La palabra &#8220;tuning&#8221; suele asociarse a los coches. Estos j\u00f3venes sicilianos, sin embargo, decidieron aplicar el mismo concepto y hacer sus bicicletas tuneadas. Gastan hasta 1.300 euros en personalizar sus bicicletas. Poniendo sistemas de sonido estruendosos conectados a bater\u00edas de coche, organizan fiestas semanales en las calles de Palermo.<\/strong><br \/>\n<!--more--><\/p>\n<p>https:\/\/www.facebook.com\/artetv\/videos\/192924318315772\/<\/p>\n<p>La polic\u00eda no est\u00e1 particularmente impresionada con sus esfuerzos. Los lugare\u00f1os se quejan a menudo porque los sistemas de sonido sacuden el cristal de sus ventanas cuando pasa la &#8220;banda&#8221;. Es por eso que las reuniones del grupo en las afueras del centro comercial Brancaccio de Palermo a menudo son interrumpidas. Los agentes de polic\u00eda suelen amenazar con confiscar los sistemas de sonido, por lo que los ciclistas se dispersan. S\u00f3lo para volver a reunirse al otro lado de la ciudad.<\/p>\n<p>&nbsp;<\/p>\n<figure id=\"attachment_3838\" aria-describedby=\"caption-attachment-3838\" style=\"width: 1010px\" class=\"wp-caption alignnone\"><a href=\"https:\/\/d2p6e6u75xmxt8.cloudfront.net\/6\/2018\/11\/Bici-Palermo-Tuning.jpg\"><img loading=\"lazy\" decoding=\"async\" class=\"size-full wp-image-3838\" src=\"https:\/\/d2p6e6u75xmxt8.cloudfront.net\/6\/2018\/11\/Bici-Palermo-Tuning.jpg\" alt=\"\" width=\"1010\" height=\"755\" srcset=\"https:\/\/d2p6e6u75xmxt8.cloudfront.net\/6\/2018\/11\/Bici-Palermo-Tuning.jpg 1010w, https:\/\/d2p6e6u75xmxt8.cloudfront.net\/6\/2018\/11\/Bici-Palermo-Tuning-300x224.jpg 300w, https:\/\/d2p6e6u75xmxt8.cloudfront.net\/6\/2018\/11\/Bici-Palermo-Tuning-768x574.jpg 768w\" sizes=\"auto, (max-width: 1010px) 100vw, 1010px\" \/><\/a><figcaption id=\"caption-attachment-3838\" class=\"wp-caption-text\">\u00a9 Matteo de Mayda<\/figcaption><\/figure>\n<figure id=\"attachment_3839\" aria-describedby=\"caption-attachment-3839\" style=\"width: 1010px\" class=\"wp-caption alignnone\"><a href=\"https:\/\/d2p6e6u75xmxt8.cloudfront.net\/6\/2018\/11\/Bici-Palermo-Tuning1.jpg\"><img loading=\"lazy\" decoding=\"async\" class=\"size-full wp-image-3839\" src=\"https:\/\/d2p6e6u75xmxt8.cloudfront.net\/6\/2018\/11\/Bici-Palermo-Tuning1.jpg\" alt=\"\" width=\"1010\" height=\"755\" srcset=\"https:\/\/d2p6e6u75xmxt8.cloudfront.net\/6\/2018\/11\/Bici-Palermo-Tuning1.jpg 1010w, https:\/\/d2p6e6u75xmxt8.cloudfront.net\/6\/2018\/11\/Bici-Palermo-Tuning1-300x224.jpg 300w, https:\/\/d2p6e6u75xmxt8.cloudfront.net\/6\/2018\/11\/Bici-Palermo-Tuning1-768x574.jpg 768w\" sizes=\"auto, (max-width: 1010px) 100vw, 1010px\" \/><\/a><figcaption id=\"caption-attachment-3839\" class=\"wp-caption-text\">\u00a9 Matteo de Mayda<\/figcaption><\/figure>\n<figure id=\"attachment_3840\" aria-describedby=\"caption-attachment-3840\" style=\"width: 1010px\" class=\"wp-caption alignnone\"><a href=\"https:\/\/d2p6e6u75xmxt8.cloudfront.net\/6\/2018\/11\/Bici-Palermo-Tuning2.jpg\"><img loading=\"lazy\" decoding=\"async\" class=\"size-full wp-image-3840\" src=\"https:\/\/d2p6e6u75xmxt8.cloudfront.net\/6\/2018\/11\/Bici-Palermo-Tuning2.jpg\" alt=\"\" width=\"1010\" height=\"755\" srcset=\"https:\/\/d2p6e6u75xmxt8.cloudfront.net\/6\/2018\/11\/Bici-Palermo-Tuning2.jpg 1010w, https:\/\/d2p6e6u75xmxt8.cloudfront.net\/6\/2018\/11\/Bici-Palermo-Tuning2-300x224.jpg 300w, https:\/\/d2p6e6u75xmxt8.cloudfront.net\/6\/2018\/11\/Bici-Palermo-Tuning2-768x574.jpg 768w\" sizes=\"auto, (max-width: 1010px) 100vw, 1010px\" \/><\/a><figcaption id=\"caption-attachment-3840\" class=\"wp-caption-text\">\u00a9 Matteo de Mayda<\/figcaption><\/figure>\n<figure id=\"attachment_3841\" aria-describedby=\"caption-attachment-3841\" style=\"width: 1010px\" class=\"wp-caption alignnone\"><a href=\"https:\/\/d2p6e6u75xmxt8.cloudfront.net\/6\/2018\/11\/Bici-Palermo-Tuning9.jpg\"><img loading=\"lazy\" decoding=\"async\" class=\"size-full wp-image-3841\" src=\"https:\/\/d2p6e6u75xmxt8.cloudfront.net\/6\/2018\/11\/Bici-Palermo-Tuning9.jpg\" alt=\"\" width=\"1010\" height=\"755\" srcset=\"https:\/\/d2p6e6u75xmxt8.cloudfront.net\/6\/2018\/11\/Bici-Palermo-Tuning9.jpg 1010w, https:\/\/d2p6e6u75xmxt8.cloudfront.net\/6\/2018\/11\/Bici-Palermo-Tuning9-300x224.jpg 300w, https:\/\/d2p6e6u75xmxt8.cloudfront.net\/6\/2018\/11\/Bici-Palermo-Tuning9-768x574.jpg 768w\" sizes=\"auto, (max-width: 1010px) 100vw, 1010px\" \/><\/a><figcaption id=\"caption-attachment-3841\" class=\"wp-caption-text\">\u00a9 Matteo de Mayda<\/figcaption><\/figure>\n<figure id=\"attachment_3842\" aria-describedby=\"caption-attachment-3842\" style=\"width: 1010px\" class=\"wp-caption alignnone\"><a href=\"https:\/\/d2p6e6u75xmxt8.cloudfront.net\/6\/2018\/11\/Bici-Palermo-Tuning6.jpg\"><img loading=\"lazy\" decoding=\"async\" class=\"size-full wp-image-3842\" src=\"https:\/\/d2p6e6u75xmxt8.cloudfront.net\/6\/2018\/11\/Bici-Palermo-Tuning6.jpg\" alt=\"\" width=\"1010\" height=\"755\" srcset=\"https:\/\/d2p6e6u75xmxt8.cloudfront.net\/6\/2018\/11\/Bici-Palermo-Tuning6.jpg 1010w, https:\/\/d2p6e6u75xmxt8.cloudfront.net\/6\/2018\/11\/Bici-Palermo-Tuning6-300x224.jpg 300w, https:\/\/d2p6e6u75xmxt8.cloudfront.net\/6\/2018\/11\/Bici-Palermo-Tuning6-768x574.jpg 768w\" sizes=\"auto, (max-width: 1010px) 100vw, 1010px\" \/><\/a><figcaption id=\"caption-attachment-3842\" class=\"wp-caption-text\">\u00a9 Matteo de Mayda<\/figcaption><\/figure>\n<figure id=\"attachment_3843\" aria-describedby=\"caption-attachment-3843\" style=\"width: 1440px\" class=\"wp-caption alignnone\"><a href=\"https:\/\/d2p6e6u75xmxt8.cloudfront.net\/6\/2018\/11\/Bici-Palermo-Tuning5.jpg\"><img loading=\"lazy\" decoding=\"async\" class=\"size-full wp-image-3843\" src=\"https:\/\/d2p6e6u75xmxt8.cloudfront.net\/6\/2018\/11\/Bici-Palermo-Tuning5.jpg\" alt=\"\" width=\"1440\" height=\"800\" srcset=\"https:\/\/d2p6e6u75xmxt8.cloudfront.net\/6\/2018\/11\/Bici-Palermo-Tuning5.jpg 1440w, https:\/\/d2p6e6u75xmxt8.cloudfront.net\/6\/2018\/11\/Bici-Palermo-Tuning5-300x167.jpg 300w, https:\/\/d2p6e6u75xmxt8.cloudfront.net\/6\/2018\/11\/Bici-Palermo-Tuning5-768x427.jpg 768w, https:\/\/d2p6e6u75xmxt8.cloudfront.net\/6\/2018\/11\/Bici-Palermo-Tuning5-1024x569.jpg 1024w\" sizes=\"auto, (max-width: 1440px) 100vw, 1440px\" \/><\/a><figcaption id=\"caption-attachment-3843\" class=\"wp-caption-text\">\u00a9 Bici Palermo Tuning<\/figcaption><\/figure>\n<figure id=\"attachment_3844\" aria-describedby=\"caption-attachment-3844\" style=\"width: 1010px\" class=\"wp-caption alignnone\"><a href=\"https:\/\/d2p6e6u75xmxt8.cloudfront.net\/6\/2018\/11\/Bici-Palermo-Tuning4.jpg\"><img loading=\"lazy\" decoding=\"async\" class=\"size-full wp-image-3844\" src=\"https:\/\/d2p6e6u75xmxt8.cloudfront.net\/6\/2018\/11\/Bici-Palermo-Tuning4.jpg\" alt=\"\" width=\"1010\" height=\"755\" srcset=\"https:\/\/d2p6e6u75xmxt8.cloudfront.net\/6\/2018\/11\/Bici-Palermo-Tuning4.jpg 1010w, https:\/\/d2p6e6u75xmxt8.cloudfront.net\/6\/2018\/11\/Bici-Palermo-Tuning4-300x224.jpg 300w, https:\/\/d2p6e6u75xmxt8.cloudfront.net\/6\/2018\/11\/Bici-Palermo-Tuning4-768x574.jpg 768w\" sizes=\"auto, (max-width: 1010px) 100vw, 1010px\" \/><\/a><figcaption id=\"caption-attachment-3844\" class=\"wp-caption-text\">\u00a9 Matteo de Mayda<\/figcaption><\/figure>\n<figure id=\"attachment_3845\" aria-describedby=\"caption-attachment-3845\" style=\"width: 1010px\" class=\"wp-caption alignnone\"><a href=\"https:\/\/d2p6e6u75xmxt8.cloudfront.net\/6\/2018\/11\/Bici-Palermo-Tuning3.jpg\"><img loading=\"lazy\" decoding=\"async\" class=\"size-full wp-image-3845\" src=\"https:\/\/d2p6e6u75xmxt8.cloudfront.net\/6\/2018\/11\/Bici-Palermo-Tuning3.jpg\" alt=\"\" width=\"1010\" height=\"755\" srcset=\"https:\/\/d2p6e6u75xmxt8.cloudfront.net\/6\/2018\/11\/Bici-Palermo-Tuning3.jpg 1010w, https:\/\/d2p6e6u75xmxt8.cloudfront.net\/6\/2018\/11\/Bici-Palermo-Tuning3-300x224.jpg 300w, https:\/\/d2p6e6u75xmxt8.cloudfront.net\/6\/2018\/11\/Bici-Palermo-Tuning3-768x574.jpg 768w\" sizes=\"auto, (max-width: 1010px) 100vw, 1010px\" \/><\/a><figcaption id=\"caption-attachment-3845\" class=\"wp-caption-text\">\u00a9 Matteo de Mayda<\/figcaption><\/figure>\n","protected":false},"excerpt":{"rendered":"<p>La palabra &#8220;tuning&#8221; suele asociarse a los coches. Estos j\u00f3venes sicilianos, sin embargo, decidieron aplicar el mismo concepto y hacer [&hellip;]<\/p>\n","protected":false},"author":29,"featured_media":3847,"comment_status":"open","ping_status":"open","sticky":false,"template":"","format":"standard","meta":{"footnotes":""},"categories":[8,6],"tags":[755,754,756],"global-categories":[],"class_list":["post-3836","post","type-post","status-publish","format-standard","has-post-thumbnail","hentry","category-life-style","category-urban","tag-bicicleta-con-musica","tag-bicicleta-tuneada","tag-equipo-de-sonido-para-bicicleta"],"yoast_head":"<!-- This site is optimized with the Yoast SEO Premium plugin v25.3 (Yoast SEO v25.9) - https:\/\/yoast.com\/wordpress\/plugins\/seo\/ -->\n<title>Las bicicletas tuneadas de Sicilia - \u0160koda We Love Cycling - Spain<\/title>\n<meta name=\"description\" content=\"Las bicicletas tuneadas de Sicilia. Los ciclistas urbanos de Palermo han tuneado sus bicicletas para montarles sistema de sonido de 1.500 euros.\" \/>\n<meta name=\"robots\" content=\"index, follow, max-snippet:-1, max-image-preview:large, max-video-preview:-1\" \/>\n<link rel=\"canonical\" href=\"https:\/\/www.welovecycling.com\/es\/2018\/11\/29\/bicicletas-tuneadas\/\" \/>\n<meta property=\"og:locale\" content=\"es_ES\" \/>\n<meta property=\"og:type\" content=\"article\" \/>\n<meta property=\"og:title\" content=\"Las bicicletas tuneadas de Sicilia\" \/>\n<meta property=\"og:description\" content=\"Las bicicletas tuneadas de Sicilia. Los ciclistas urbanos de Palermo han tuneado sus bicicletas para montarles sistema de sonido de 1.500 euros.\" \/>\n<meta property=\"og:url\" content=\"https:\/\/www.welovecycling.com\/es\/2018\/11\/29\/bicicletas-tuneadas\/\" \/>\n<meta property=\"og:site_name\" content=\"\u0160koda We Love Cycling - Spain\" \/>\n<meta property=\"article:published_time\" content=\"2018-11-29T08:51:11+00:00\" \/>\n<meta property=\"og:image\" content=\"https:\/\/d2p6e6u75xmxt8.cloudfront.net\/6\/2018\/11\/Bici-Palermo-Tuning-1.jpg\" \/>\n\t<meta property=\"og:image:width\" content=\"1366\" \/>\n\t<meta property=\"og:image:height\" content=\"600\" \/>\n\t<meta property=\"og:image:type\" content=\"image\/jpeg\" \/>\n<meta name=\"author\" content=\"We Love Cycling Spain\" \/>\n<meta name=\"twitter:card\" content=\"summary_large_image\" \/>\n<meta name=\"twitter:title\" content=\"Las bicicletas tuneadas de Sicilia\" \/>\n<meta name=\"twitter:description\" content=\"Las bicicletas tuneadas de Sicilia. Los ciclistas urbanos de Palermo han tuneado sus bicicletas para montarles sistema de sonido de 1.500 euros.\" \/>\n<meta name=\"twitter:label1\" content=\"Written by\" \/>\n\t<meta name=\"twitter:data1\" content=\"Monica Buck\" \/>\n\t<meta name=\"twitter:label2\" content=\"Est. reading time\" \/>\n\t<meta name=\"twitter:data2\" content=\"4\" \/>\n<script type=\"application\/ld+json\" class=\"yoast-schema-graph\">{\"@context\":\"https:\/\/schema.org\",\"@graph\":[{\"@type\":\"WebPage\",\"@id\":\"https:\/\/www.welovecycling.com\/es\/2018\/11\/29\/bicicletas-tuneadas\/\",\"url\":\"https:\/\/www.welovecycling.com\/es\/2018\/11\/29\/bicicletas-tuneadas\/\",\"name\":\"Las bicicletas tuneadas de Sicilia - \u0160koda We Love Cycling - Spain\",\"isPartOf\":{\"@id\":\"https:\/\/www.welovecycling.com\/es\/#website\"},\"primaryImageOfPage\":{\"@id\":\"https:\/\/www.welovecycling.com\/es\/2018\/11\/29\/bicicletas-tuneadas\/#primaryimage\"},\"image\":{\"@id\":\"https:\/\/www.welovecycling.com\/es\/2018\/11\/29\/bicicletas-tuneadas\/#primaryimage\"},\"thumbnailUrl\":\"https:\/\/d2p6e6u75xmxt8.cloudfront.net\/6\/2018\/11\/Bici-Palermo-Tuning-1.jpg\",\"datePublished\":\"2018-11-29T08:51:11+00:00\",\"author\":{\"@id\":\"https:\/\/www.welovecycling.com\/es\/#\/schema\/person\/deb61715b5812698ee79fb96f343ccd4\"},\"description\":\"Las bicicletas tuneadas de Sicilia. Los ciclistas urbanos de Palermo han tuneado sus bicicletas para montarles sistema de sonido de 1.500 euros.\",\"breadcrumb\":{\"@id\":\"https:\/\/www.welovecycling.com\/es\/2018\/11\/29\/bicicletas-tuneadas\/#breadcrumb\"},\"inLanguage\":\"es-ES\",\"potentialAction\":[{\"@type\":\"ReadAction\",\"target\":[\"https:\/\/www.welovecycling.com\/es\/2018\/11\/29\/bicicletas-tuneadas\/\"]}]},{\"@type\":\"ImageObject\",\"inLanguage\":\"es-ES\",\"@id\":\"https:\/\/www.welovecycling.com\/es\/2018\/11\/29\/bicicletas-tuneadas\/#primaryimage\",\"url\":\"https:\/\/d2p6e6u75xmxt8.cloudfront.net\/6\/2018\/11\/Bici-Palermo-Tuning-1.jpg\",\"contentUrl\":\"https:\/\/d2p6e6u75xmxt8.cloudfront.net\/6\/2018\/11\/Bici-Palermo-Tuning-1.jpg\",\"width\":1366,\"height\":600},{\"@type\":\"BreadcrumbList\",\"@id\":\"https:\/\/www.welovecycling.com\/es\/2018\/11\/29\/bicicletas-tuneadas\/#breadcrumb\",\"itemListElement\":[{\"@type\":\"ListItem\",\"position\":1,\"name\":\"Home\",\"item\":\"https:\/\/www.welovecycling.com\/es\/\"},{\"@type\":\"ListItem\",\"position\":2,\"name\":\"Las bicicletas tuneadas de Sicilia\"}]},{\"@type\":\"WebSite\",\"@id\":\"https:\/\/www.welovecycling.com\/es\/#website\",\"url\":\"https:\/\/www.welovecycling.com\/es\/\",\"name\":\"\u0160koda We Love Cycling - Spain\",\"description\":\"\u0160koda WeLoveCycling Spain\",\"potentialAction\":[{\"@type\":\"SearchAction\",\"target\":{\"@type\":\"EntryPoint\",\"urlTemplate\":\"https:\/\/www.welovecycling.com\/es\/?s={search_term_string}\"},\"query-input\":{\"@type\":\"PropertyValueSpecification\",\"valueRequired\":true,\"valueName\":\"search_term_string\"}}],\"inLanguage\":\"es-ES\"},{\"@type\":\"Person\",\"@id\":\"https:\/\/www.welovecycling.com\/es\/#\/schema\/person\/deb61715b5812698ee79fb96f343ccd4\",\"name\":\"We Love Cycling Spain\",\"image\":{\"@type\":\"ImageObject\",\"inLanguage\":\"es-ES\",\"@id\":\"https:\/\/www.welovecycling.com\/es\/#\/schema\/person\/image\/\",\"url\":\"https:\/\/secure.gravatar.com\/avatar\/c824b04e6df0e37a03219d0b6481672889df542894588964102459e46513159c?s=96&d=mm&r=g\",\"contentUrl\":\"https:\/\/secure.gravatar.com\/avatar\/c824b04e6df0e37a03219d0b6481672889df542894588964102459e46513159c?s=96&d=mm&r=g\",\"caption\":\"We Love Cycling Spain\"},\"url\":\"https:\/\/www.welovecycling.com\/es\/author\/amunoz\/\"}]}<\/script>\n<!-- \/ Yoast SEO Premium plugin. -->","yoast_head_json":{"title":"Las bicicletas tuneadas de Sicilia - \u0160koda We Love Cycling - Spain","description":"Las bicicletas tuneadas de Sicilia. Los ciclistas urbanos de Palermo han tuneado sus bicicletas para montarles sistema de sonido de 1.500 euros.","robots":{"index":"index","follow":"follow","max-snippet":"max-snippet:-1","max-image-preview":"max-image-preview:large","max-video-preview":"max-video-preview:-1"},"canonical":"https:\/\/www.welovecycling.com\/es\/2018\/11\/29\/bicicletas-tuneadas\/","og_locale":"es_ES","og_type":"article","og_title":"Las bicicletas tuneadas de Sicilia","og_description":"Las bicicletas tuneadas de Sicilia. Los ciclistas urbanos de Palermo han tuneado sus bicicletas para montarles sistema de sonido de 1.500 euros.","og_url":"https:\/\/www.welovecycling.com\/es\/2018\/11\/29\/bicicletas-tuneadas\/","og_site_name":"\u0160koda We Love Cycling - Spain","article_published_time":"2018-11-29T08:51:11+00:00","og_image":[{"width":1366,"height":600,"url":"https:\/\/d2p6e6u75xmxt8.cloudfront.net\/6\/2018\/11\/Bici-Palermo-Tuning-1.jpg","type":"image\/jpeg"}],"author":"We Love Cycling Spain","twitter_card":"summary_large_image","twitter_title":"Las bicicletas tuneadas de Sicilia","twitter_description":"Las bicicletas tuneadas de Sicilia. Los ciclistas urbanos de Palermo han tuneado sus bicicletas para montarles sistema de sonido de 1.500 euros.","twitter_misc":{"Written by":"Monica Buck","Est. reading time":"4"},"schema":{"@context":"https:\/\/schema.org","@graph":[{"@type":"WebPage","@id":"https:\/\/www.welovecycling.com\/es\/2018\/11\/29\/bicicletas-tuneadas\/","url":"https:\/\/www.welovecycling.com\/es\/2018\/11\/29\/bicicletas-tuneadas\/","name":"Las bicicletas tuneadas de Sicilia - \u0160koda We Love Cycling - Spain","isPartOf":{"@id":"https:\/\/www.welovecycling.com\/es\/#website"},"primaryImageOfPage":{"@id":"https:\/\/www.welovecycling.com\/es\/2018\/11\/29\/bicicletas-tuneadas\/#primaryimage"},"image":{"@id":"https:\/\/www.welovecycling.com\/es\/2018\/11\/29\/bicicletas-tuneadas\/#primaryimage"},"thumbnailUrl":"https:\/\/d2p6e6u75xmxt8.cloudfront.net\/6\/2018\/11\/Bici-Palermo-Tuning-1.jpg","datePublished":"2018-11-29T08:51:11+00:00","author":{"@id":"https:\/\/www.welovecycling.com\/es\/#\/schema\/person\/deb61715b5812698ee79fb96f343ccd4"},"description":"Las bicicletas tuneadas de Sicilia. Los ciclistas urbanos de Palermo han tuneado sus bicicletas para montarles sistema de sonido de 1.500 euros.","breadcrumb":{"@id":"https:\/\/www.welovecycling.com\/es\/2018\/11\/29\/bicicletas-tuneadas\/#breadcrumb"},"inLanguage":"es-ES","potentialAction":[{"@type":"ReadAction","target":["https:\/\/www.welovecycling.com\/es\/2018\/11\/29\/bicicletas-tuneadas\/"]}]},{"@type":"ImageObject","inLanguage":"es-ES","@id":"https:\/\/www.welovecycling.com\/es\/2018\/11\/29\/bicicletas-tuneadas\/#primaryimage","url":"https:\/\/d2p6e6u75xmxt8.cloudfront.net\/6\/2018\/11\/Bici-Palermo-Tuning-1.jpg","contentUrl":"https:\/\/d2p6e6u75xmxt8.cloudfront.net\/6\/2018\/11\/Bici-Palermo-Tuning-1.jpg","width":1366,"height":600},{"@type":"BreadcrumbList","@id":"https:\/\/www.welovecycling.com\/es\/2018\/11\/29\/bicicletas-tuneadas\/#breadcrumb","itemListElement":[{"@type":"ListItem","position":1,"name":"Home","item":"https:\/\/www.welovecycling.com\/es\/"},{"@type":"ListItem","position":2,"name":"Las bicicletas tuneadas de Sicilia"}]},{"@type":"WebSite","@id":"https:\/\/www.welovecycling.com\/es\/#website","url":"https:\/\/www.welovecycling.com\/es\/","name":"\u0160koda We Love Cycling - Spain","description":"\u0160koda WeLoveCycling Spain","potentialAction":[{"@type":"SearchAction","target":{"@type":"EntryPoint","urlTemplate":"https:\/\/www.welovecycling.com\/es\/?s={search_term_string}"},"query-input":{"@type":"PropertyValueSpecification","valueRequired":true,"valueName":"search_term_string"}}],"inLanguage":"es-ES"},{"@type":"Person","@id":"https:\/\/www.welovecycling.com\/es\/#\/schema\/person\/deb61715b5812698ee79fb96f343ccd4","name":"We Love Cycling Spain","image":{"@type":"ImageObject","inLanguage":"es-ES","@id":"https:\/\/www.welovecycling.com\/es\/#\/schema\/person\/image\/","url":"https:\/\/secure.gravatar.com\/avatar\/c824b04e6df0e37a03219d0b6481672889df542894588964102459e46513159c?s=96&d=mm&r=g","contentUrl":"https:\/\/secure.gravatar.com\/avatar\/c824b04e6df0e37a03219d0b6481672889df542894588964102459e46513159c?s=96&d=mm&r=g","caption":"We Love Cycling Spain"},"url":"https:\/\/www.welovecycling.com\/es\/author\/amunoz\/"}]}},"_links":{"self":[{"href":"https:\/\/www.welovecycling.com\/es\/wp-json\/wp\/v2\/posts\/3836","targetHints":{"allow":["GET"]}}],"collection":[{"href":"https:\/\/www.welovecycling.com\/es\/wp-json\/wp\/v2\/posts"}],"about":[{"href":"https:\/\/www.welovecycling.com\/es\/wp-json\/wp\/v2\/types\/post"}],"author":[{"embeddable":true,"href":"https:\/\/www.welovecycling.com\/es\/wp-json\/wp\/v2\/users\/29"}],"replies":[{"embeddable":true,"href":"https:\/\/www.welovecycling.com\/es\/wp-json\/wp\/v2\/comments?post=3836"}],"version-history":[{"count":2,"href":"https:\/\/www.welovecycling.com\/es\/wp-json\/wp\/v2\/posts\/3836\/revisions"}],"predecessor-version":[{"id":3848,"href":"https:\/\/www.welovecycling.com\/es\/wp-json\/wp\/v2\/posts\/3836\/revisions\/3848"}],"wp:featuredmedia":[{"embeddable":true,"href":"https:\/\/www.welovecycling.com\/es\/wp-json\/wp\/v2\/media\/3847"}],"wp:attachment":[{"href":"https:\/\/www.welovecycling.com\/es\/wp-json\/wp\/v2\/media?parent=3836"}],"wp:term":[{"taxonomy":"category","embeddable":true,"href":"https:\/\/www.welovecycling.com\/es\/wp-json\/wp\/v2\/categories?post=3836"},{"taxonomy":"post_tag","embeddable":true,"href":"https:\/\/www.welovecycling.com\/es\/wp-json\/wp\/v2\/tags?post=3836"},{"taxonomy":"global-categories","embeddable":true,"href":"https:\/\/www.welovecycling.com\/es\/wp-json\/wp\/v2\/global-categories?post=3836"}],"curies":[{"name":"wp","href":"https:\/\/api.w.org\/{rel}","templated":true}]}}