{"id":3830,"date":"2018-11-28T11:47:12","date_gmt":"2018-11-28T09:47:12","guid":{"rendered":"https:\/\/www.welovecycling.com\/es\/?p=3830"},"modified":"2018-11-28T11:47:12","modified_gmt":"2018-11-28T09:47:12","slug":"ciclocross-en-espana","status":"publish","type":"post","link":"https:\/\/www.welovecycling.com\/es\/2018\/11\/28\/ciclocross-en-espana\/","title":{"rendered":"El Ciclocross en Espa\u00f1a. De vintage a moda"},"content":{"rendered":"<p><strong>De estar en peligro de extinci\u00f3n, a convertirse en una nueva moda. El Ciclocross en Espa\u00f1a ha dado un salto de calidad en los \u00faltimos a\u00f1os gracias a su olor antiguo. Lo que era un modalidad minoritaria a punto de desaparecer por la entrada del MTB a revitalizarse gracias al sentido vintage que siempre ha tenido el ciclocross.<\/strong><br \/>\n<!--more--><\/p>\n<p>El ciclocross siempre ha sido una modalidad dominada por los ciclistas del norte y el centro de Europa. Es l\u00f3gico. La temporada alta es entre septiembre y febrero. En Espa\u00f1a todav\u00eda se pueden encontrar lugares para rodar con sol y a salvo del barro. En <strong>B\u00e9lgica, Holanda o la Rep\u00fablica Checa<\/strong> te tienes que acostumbrar a mojarte para poder entrenar. As\u00ed que dar el paso y meterse en un barrizal no es tan complicado. No en vano, nunca un ciclista espa\u00f1ol ha estado el podio de un Mundial absoluto de Ciclocross.<\/p>\n<div class=\"embed-controller-wrapper\">\n<div class=\"embed-wrapper\"><iframe title=\"Ciclo-cross: Beasain 1965 eta 1966\" width=\"500\" height=\"281\" data-src=\"https:\/\/www.youtube.com\/embed\/pWevHh5-3vQ?feature=oembed\" frameborder=\"0\" allow=\"accelerometer; autoplay; clipboard-write; encrypted-media; gyroscope; picture-in-picture; web-share\" referrerpolicy=\"strict-origin-when-cross-origin\" allowfullscreen><\/iframe><\/div>\n<\/div>\n<p>El mismo razonamiento lo podemos hacer sin salirnos de los l\u00edmites de Espa\u00f1a. El ciclocross siempre se ha practicado m\u00e1s los lugares m\u00e1s fr\u00edo y lluviosos. <strong>Galicia, Cantabria, Asturias y sobre todo el Pa\u00eds Vasco.<\/strong> No en vano de los<strong> 75 Campeonatos Absolutos Masculinos<\/strong> que ha habido hasta ahora, en 53 de ellos el campe\u00f3n fue vasco y de los restantes ediciones, seis fueron para el burgal\u00e9s <strong>Talamillo<\/strong>.<\/p>\n<p>Eso s\u00ed, es complicado encontrar en el podio absoluto a corredores que luego hayan brillado en la carretera. Solo <strong>Juli\u00e1n Berrendero en los inicios de la modalidad all\u00e1 por los a\u00f1os 40 y Jokin M\u00fajika<\/strong>, que incluso roz\u00f3 un top ten en el Giro de Italia del 87. Aunque su camino fue a la inversa, porque solo brill\u00f3 en el ciclocross cuando dej\u00f3 la carretera a mediados de los 90.<\/p>\n<p>Lo que s\u00ed es m\u00e1s sencillo es ver a buenos corredores de ciclocross que despu\u00e9s, cuando dejaron el barro y se centraron en la carretera, consiguieron buenos resultados.<strong> Pereiro, Astarloa, Iban Mayo. Ion y Gorka Izaguirre o Zubeldia<\/strong> subieron al podio en j\u00fanior o sub 23 y brillaron en la carretera. Los sueldos y el rendimiento de los ciclistas espa\u00f1oles de ciclocross nada tiene que ver con los de belgas y holandeses, donde es una religi\u00f3n y algunos incluso jam\u00e1s dan el salto a la carretera o lo hacen de manera marginal, como Sven Nijs.<\/p>\n<h2><strong>El boom<\/strong><\/h2>\n<p>Quiz\u00e1s la gran crisis del ciclocross en Espa\u00f1a lleg\u00f3 a finales de los <strong>90 y en la primera d\u00e9cada de siglo XXI<\/strong>. Su rival el MTB, que aportaba carreras muy similares pero no solo en la \u00e9poca de invierno, sino durante toda la temporada. Hubo trasvase y ciclistas que abandonaron el ciclocross y su peso se hizo incluso m\u00e1s residual. Sobre todo por razones <strong>econ\u00f3micas y de patrocinios<\/strong>, que se pasaron a la bicicleta de monta\u00f1a, m\u00e1s &#8216;vendible&#8217; a cualquier ciclista que la de ciclocross. Las consecuencias de este descenso se ejemplifica con el <a href=\"http:\/\/www.ziklokrossigorre.com\/\"><strong>Ciclocross de Igorre<\/strong><\/a>, la referencia durante a\u00f1os y que lleg\u00f3 a ser parte de la Copa del Mundo para descender de categor\u00eda en 2012.<\/p>\n<p>Justo ha sido a partir de <strong>2010 cuando el <a href=\"https:\/\/rfec.com\/index.php\/es\/smartweb\/seccion\/seccion\/rfec\/ciclocross\/calendario_cx\">ciclocross<\/a> ha empezado a rejuvenecer y las pruebas y la relevancia de las mismas se ha multiplicado<\/strong>. Sirva como ejemplo el Campeonato regional de Madrid, que ha multiplicado sus pruebas de 6 en 2010 a las 12 de esta edici\u00f3n de 2018. Lo mismo ha ocurrido en Valencia. Otro de los lugares que no era habitual de Ciclocross y que ha dado al primer ciclista capaz de llevarse una medalla en los Mundiales, Felipe Orts, que fue plata en Sub 23 en 2017. Adem\u00e1s de los \u00faltimos siete campeonatos de Espa\u00f1a, tres de ellos se han disputado en la Comunidad Valencia, Gandia, Segorbe y Valencia.<\/p>\n<div class=\"embed-controller-wrapper\">\n<div class=\"embed-wrapper\"><iframe title=\"Resumen completo del Campeonato de Espa\u00f1a Ciclocross Loter\u00edas 2017 \/ Valencia.\" width=\"500\" height=\"281\" data-src=\"https:\/\/www.youtube.com\/embed\/waIW4ZblNow?feature=oembed\" frameborder=\"0\" allow=\"accelerometer; autoplay; clipboard-write; encrypted-media; gyroscope; picture-in-picture; web-share\" referrerpolicy=\"strict-origin-when-cross-origin\" allowfullscreen><\/iframe><\/div>\n<\/div>\n<p>Las causas del aumento, sobre todo en regiones donde no es habitual el ciclocross, son diversas. Por un lado la incorporaci\u00f3n a la disciplina de la <strong>categor\u00eda m\u00e1ster, mayores de 30 a\u00f1os,<\/strong> que al igual que en el resto de las disciplinas ciclistas es la que est\u00e1 llenando y duplicando las inscripciones en marchas cicloturistas y carreras de MTB.<\/p>\n<p>Por otro la moda de lo vintage y del ciclismo urbano que lleg\u00f3 a <strong>Espa\u00f1a en el a\u00f1o 2010.<\/strong> La est\u00e9tica y las condiciones en las que desarrolla una carrera de Ciclocross recuerdan a muchos los a\u00f1os pret\u00e9ritos del ciclismo, cuando solo hab\u00eda carreteras de tierra y todo estaba en blanco y negro. Adem\u00e1s son pruebas de poco m\u00e1s de una hora de duraci\u00f3n y similares a otra moda actual, los Red Hook de bicicletas fixie.<\/p>\n<p>Y, por qu\u00e9 no, tambi\u00e9n la proliferaci\u00f3n de las redes sociales. Lo que antes era una disciplina con poca visibilidad en televisi\u00f3n y casi nula en medios escritos ha pasado a aparecer en el <strong>timeline de Facebook, Instagram y Twitter de ciclistas<\/strong> que jam\u00e1s hab\u00edan sentido inter\u00e9s por el ciclocross y, sobre todo <strong>Youtube,<\/strong> donde pueden ver c\u00f3mo se desarrollan las pruebas. Todo suma puntos. Todav\u00eda no para alcanzar a otros pa\u00edses donde es una fiesta, pero por ahora ha recobrado el buen camino.<\/p>\n","protected":false},"excerpt":{"rendered":"<p>De estar en peligro de extinci\u00f3n, a convertirse en una nueva moda. El Ciclocross en Espa\u00f1a ha dado un salto [&hellip;]<\/p>\n","protected":false},"author":29,"featured_media":3834,"comment_status":"open","ping_status":"open","sticky":false,"template":"","format":"standard","meta":{"footnotes":""},"categories":[7,9,6],"tags":[751,752,753],"global-categories":[],"class_list":["post-3830","post","type-post","status-publish","format-standard","has-post-thumbnail","hentry","category-carretera","category-mtb-aventura","category-urban","tag-ciclocross","tag-ciclocross-espana","tag-ciclocross-vintage"],"yoast_head":"<!-- This site is optimized with the Yoast SEO Premium plugin v25.3 (Yoast SEO v25.9) - https:\/\/yoast.com\/wordpress\/plugins\/seo\/ -->\n<title>El Ciclocross en Espa\u00f1a. De vintage a moda - \u0160koda We Love Cycling - Spain<\/title>\n<meta name=\"description\" content=\"De estar en peligro de extinci\u00f3n, a convertirse en una nueva moda. El Ciclocross en Espa\u00f1a ha dado un salto de calidad gracias a su olor antiguo.\" \/>\n<meta name=\"robots\" content=\"index, follow, max-snippet:-1, max-image-preview:large, max-video-preview:-1\" \/>\n<link rel=\"canonical\" href=\"https:\/\/www.welovecycling.com\/es\/2018\/11\/28\/ciclocross-en-espana\/\" \/>\n<meta property=\"og:locale\" content=\"es_ES\" \/>\n<meta property=\"og:type\" content=\"article\" \/>\n<meta property=\"og:title\" content=\"El Ciclocross en Espa\u00f1a. De vintage a moda\" \/>\n<meta property=\"og:description\" content=\"De estar en peligro de extinci\u00f3n, a convertirse en una nueva moda. El Ciclocross en Espa\u00f1a ha dado un salto de calidad gracias a su olor antiguo.\" \/>\n<meta property=\"og:url\" content=\"https:\/\/www.welovecycling.com\/es\/2018\/11\/28\/ciclocross-en-espana\/\" \/>\n<meta property=\"og:site_name\" content=\"\u0160koda We Love Cycling - Spain\" \/>\n<meta property=\"article:published_time\" content=\"2018-11-28T09:47:12+00:00\" \/>\n<meta property=\"og:image\" content=\"https:\/\/d2p6e6u75xmxt8.cloudfront.net\/6\/2018\/11\/ciclocross.jpg\" \/>\n\t<meta property=\"og:image:width\" content=\"855\" \/>\n\t<meta property=\"og:image:height\" content=\"481\" \/>\n\t<meta property=\"og:image:type\" content=\"image\/jpeg\" \/>\n<meta name=\"author\" content=\"We Love Cycling Spain\" \/>\n<meta name=\"twitter:card\" content=\"summary_large_image\" \/>\n<meta name=\"twitter:title\" content=\"El Ciclocross en Espa\u00f1a. De vintage a moda\" \/>\n<meta name=\"twitter:description\" content=\"De estar en peligro de extinci\u00f3n, a convertirse en una nueva moda. El Ciclocross en Espa\u00f1a ha dado un salto de calidad gracias a su olor antiguo.\" \/>\n<meta name=\"twitter:label1\" content=\"Written by\" \/>\n\t<meta name=\"twitter:data1\" content=\"Luis Ortega\" \/>\n\t<meta name=\"twitter:label2\" content=\"Est. reading time\" \/>\n\t<meta name=\"twitter:data2\" content=\"4 minutes\" \/>\n<script type=\"application\/ld+json\" class=\"yoast-schema-graph\">{\"@context\":\"https:\/\/schema.org\",\"@graph\":[{\"@type\":\"WebPage\",\"@id\":\"https:\/\/www.welovecycling.com\/es\/2018\/11\/28\/ciclocross-en-espana\/\",\"url\":\"https:\/\/www.welovecycling.com\/es\/2018\/11\/28\/ciclocross-en-espana\/\",\"name\":\"El Ciclocross en Espa\u00f1a. De vintage a moda - \u0160koda We Love Cycling - Spain\",\"isPartOf\":{\"@id\":\"https:\/\/www.welovecycling.com\/es\/#website\"},\"primaryImageOfPage\":{\"@id\":\"https:\/\/www.welovecycling.com\/es\/2018\/11\/28\/ciclocross-en-espana\/#primaryimage\"},\"image\":{\"@id\":\"https:\/\/www.welovecycling.com\/es\/2018\/11\/28\/ciclocross-en-espana\/#primaryimage\"},\"thumbnailUrl\":\"https:\/\/d2p6e6u75xmxt8.cloudfront.net\/6\/2018\/11\/ciclocross.jpg\",\"datePublished\":\"2018-11-28T09:47:12+00:00\",\"author\":{\"@id\":\"https:\/\/www.welovecycling.com\/es\/#\/schema\/person\/deb61715b5812698ee79fb96f343ccd4\"},\"description\":\"De estar en peligro de extinci\u00f3n, a convertirse en una nueva moda. El Ciclocross en Espa\u00f1a ha dado un salto de calidad gracias a su olor antiguo.\",\"breadcrumb\":{\"@id\":\"https:\/\/www.welovecycling.com\/es\/2018\/11\/28\/ciclocross-en-espana\/#breadcrumb\"},\"inLanguage\":\"es-ES\",\"potentialAction\":[{\"@type\":\"ReadAction\",\"target\":[\"https:\/\/www.welovecycling.com\/es\/2018\/11\/28\/ciclocross-en-espana\/\"]}]},{\"@type\":\"ImageObject\",\"inLanguage\":\"es-ES\",\"@id\":\"https:\/\/www.welovecycling.com\/es\/2018\/11\/28\/ciclocross-en-espana\/#primaryimage\",\"url\":\"https:\/\/d2p6e6u75xmxt8.cloudfront.net\/6\/2018\/11\/ciclocross.jpg\",\"contentUrl\":\"https:\/\/d2p6e6u75xmxt8.cloudfront.net\/6\/2018\/11\/ciclocross.jpg\",\"width\":855,\"height\":481},{\"@type\":\"BreadcrumbList\",\"@id\":\"https:\/\/www.welovecycling.com\/es\/2018\/11\/28\/ciclocross-en-espana\/#breadcrumb\",\"itemListElement\":[{\"@type\":\"ListItem\",\"position\":1,\"name\":\"Home\",\"item\":\"https:\/\/www.welovecycling.com\/es\/\"},{\"@type\":\"ListItem\",\"position\":2,\"name\":\"El Ciclocross en Espa\u00f1a. De vintage a moda\"}]},{\"@type\":\"WebSite\",\"@id\":\"https:\/\/www.welovecycling.com\/es\/#website\",\"url\":\"https:\/\/www.welovecycling.com\/es\/\",\"name\":\"\u0160koda We Love Cycling - Spain\",\"description\":\"\u0160koda WeLoveCycling Spain\",\"potentialAction\":[{\"@type\":\"SearchAction\",\"target\":{\"@type\":\"EntryPoint\",\"urlTemplate\":\"https:\/\/www.welovecycling.com\/es\/?s={search_term_string}\"},\"query-input\":{\"@type\":\"PropertyValueSpecification\",\"valueRequired\":true,\"valueName\":\"search_term_string\"}}],\"inLanguage\":\"es-ES\"},{\"@type\":\"Person\",\"@id\":\"https:\/\/www.welovecycling.com\/es\/#\/schema\/person\/deb61715b5812698ee79fb96f343ccd4\",\"name\":\"We Love Cycling Spain\",\"image\":{\"@type\":\"ImageObject\",\"inLanguage\":\"es-ES\",\"@id\":\"https:\/\/www.welovecycling.com\/es\/#\/schema\/person\/image\/\",\"url\":\"https:\/\/secure.gravatar.com\/avatar\/c824b04e6df0e37a03219d0b6481672889df542894588964102459e46513159c?s=96&d=mm&r=g\",\"contentUrl\":\"https:\/\/secure.gravatar.com\/avatar\/c824b04e6df0e37a03219d0b6481672889df542894588964102459e46513159c?s=96&d=mm&r=g\",\"caption\":\"We Love Cycling Spain\"},\"url\":\"https:\/\/www.welovecycling.com\/es\/author\/amunoz\/\"}]}<\/script>\n<!-- \/ Yoast SEO Premium plugin. -->","yoast_head_json":{"title":"El Ciclocross en Espa\u00f1a. De vintage a moda - \u0160koda We Love Cycling - Spain","description":"De estar en peligro de extinci\u00f3n, a convertirse en una nueva moda. El Ciclocross en Espa\u00f1a ha dado un salto de calidad gracias a su olor antiguo.","robots":{"index":"index","follow":"follow","max-snippet":"max-snippet:-1","max-image-preview":"max-image-preview:large","max-video-preview":"max-video-preview:-1"},"canonical":"https:\/\/www.welovecycling.com\/es\/2018\/11\/28\/ciclocross-en-espana\/","og_locale":"es_ES","og_type":"article","og_title":"El Ciclocross en Espa\u00f1a. De vintage a moda","og_description":"De estar en peligro de extinci\u00f3n, a convertirse en una nueva moda. El Ciclocross en Espa\u00f1a ha dado un salto de calidad gracias a su olor antiguo.","og_url":"https:\/\/www.welovecycling.com\/es\/2018\/11\/28\/ciclocross-en-espana\/","og_site_name":"\u0160koda We Love Cycling - Spain","article_published_time":"2018-11-28T09:47:12+00:00","og_image":[{"width":855,"height":481,"url":"https:\/\/d2p6e6u75xmxt8.cloudfront.net\/6\/2018\/11\/ciclocross.jpg","type":"image\/jpeg"}],"author":"We Love Cycling Spain","twitter_card":"summary_large_image","twitter_title":"El Ciclocross en Espa\u00f1a. De vintage a moda","twitter_description":"De estar en peligro de extinci\u00f3n, a convertirse en una nueva moda. El Ciclocross en Espa\u00f1a ha dado un salto de calidad gracias a su olor antiguo.","twitter_misc":{"Written by":"Luis Ortega","Est. reading time":"4 minutes"},"schema":{"@context":"https:\/\/schema.org","@graph":[{"@type":"WebPage","@id":"https:\/\/www.welovecycling.com\/es\/2018\/11\/28\/ciclocross-en-espana\/","url":"https:\/\/www.welovecycling.com\/es\/2018\/11\/28\/ciclocross-en-espana\/","name":"El Ciclocross en Espa\u00f1a. De vintage a moda - \u0160koda We Love Cycling - Spain","isPartOf":{"@id":"https:\/\/www.welovecycling.com\/es\/#website"},"primaryImageOfPage":{"@id":"https:\/\/www.welovecycling.com\/es\/2018\/11\/28\/ciclocross-en-espana\/#primaryimage"},"image":{"@id":"https:\/\/www.welovecycling.com\/es\/2018\/11\/28\/ciclocross-en-espana\/#primaryimage"},"thumbnailUrl":"https:\/\/d2p6e6u75xmxt8.cloudfront.net\/6\/2018\/11\/ciclocross.jpg","datePublished":"2018-11-28T09:47:12+00:00","author":{"@id":"https:\/\/www.welovecycling.com\/es\/#\/schema\/person\/deb61715b5812698ee79fb96f343ccd4"},"description":"De estar en peligro de extinci\u00f3n, a convertirse en una nueva moda. El Ciclocross en Espa\u00f1a ha dado un salto de calidad gracias a su olor antiguo.","breadcrumb":{"@id":"https:\/\/www.welovecycling.com\/es\/2018\/11\/28\/ciclocross-en-espana\/#breadcrumb"},"inLanguage":"es-ES","potentialAction":[{"@type":"ReadAction","target":["https:\/\/www.welovecycling.com\/es\/2018\/11\/28\/ciclocross-en-espana\/"]}]},{"@type":"ImageObject","inLanguage":"es-ES","@id":"https:\/\/www.welovecycling.com\/es\/2018\/11\/28\/ciclocross-en-espana\/#primaryimage","url":"https:\/\/d2p6e6u75xmxt8.cloudfront.net\/6\/2018\/11\/ciclocross.jpg","contentUrl":"https:\/\/d2p6e6u75xmxt8.cloudfront.net\/6\/2018\/11\/ciclocross.jpg","width":855,"height":481},{"@type":"BreadcrumbList","@id":"https:\/\/www.welovecycling.com\/es\/2018\/11\/28\/ciclocross-en-espana\/#breadcrumb","itemListElement":[{"@type":"ListItem","position":1,"name":"Home","item":"https:\/\/www.welovecycling.com\/es\/"},{"@type":"ListItem","position":2,"name":"El Ciclocross en Espa\u00f1a. De vintage a moda"}]},{"@type":"WebSite","@id":"https:\/\/www.welovecycling.com\/es\/#website","url":"https:\/\/www.welovecycling.com\/es\/","name":"\u0160koda We Love Cycling - Spain","description":"\u0160koda WeLoveCycling Spain","potentialAction":[{"@type":"SearchAction","target":{"@type":"EntryPoint","urlTemplate":"https:\/\/www.welovecycling.com\/es\/?s={search_term_string}"},"query-input":{"@type":"PropertyValueSpecification","valueRequired":true,"valueName":"search_term_string"}}],"inLanguage":"es-ES"},{"@type":"Person","@id":"https:\/\/www.welovecycling.com\/es\/#\/schema\/person\/deb61715b5812698ee79fb96f343ccd4","name":"We Love Cycling Spain","image":{"@type":"ImageObject","inLanguage":"es-ES","@id":"https:\/\/www.welovecycling.com\/es\/#\/schema\/person\/image\/","url":"https:\/\/secure.gravatar.com\/avatar\/c824b04e6df0e37a03219d0b6481672889df542894588964102459e46513159c?s=96&d=mm&r=g","contentUrl":"https:\/\/secure.gravatar.com\/avatar\/c824b04e6df0e37a03219d0b6481672889df542894588964102459e46513159c?s=96&d=mm&r=g","caption":"We Love Cycling Spain"},"url":"https:\/\/www.welovecycling.com\/es\/author\/amunoz\/"}]}},"_links":{"self":[{"href":"https:\/\/www.welovecycling.com\/es\/wp-json\/wp\/v2\/posts\/3830","targetHints":{"allow":["GET"]}}],"collection":[{"href":"https:\/\/www.welovecycling.com\/es\/wp-json\/wp\/v2\/posts"}],"about":[{"href":"https:\/\/www.welovecycling.com\/es\/wp-json\/wp\/v2\/types\/post"}],"author":[{"embeddable":true,"href":"https:\/\/www.welovecycling.com\/es\/wp-json\/wp\/v2\/users\/29"}],"replies":[{"embeddable":true,"href":"https:\/\/www.welovecycling.com\/es\/wp-json\/wp\/v2\/comments?post=3830"}],"version-history":[{"count":2,"href":"https:\/\/www.welovecycling.com\/es\/wp-json\/wp\/v2\/posts\/3830\/revisions"}],"predecessor-version":[{"id":3835,"href":"https:\/\/www.welovecycling.com\/es\/wp-json\/wp\/v2\/posts\/3830\/revisions\/3835"}],"wp:featuredmedia":[{"embeddable":true,"href":"https:\/\/www.welovecycling.com\/es\/wp-json\/wp\/v2\/media\/3834"}],"wp:attachment":[{"href":"https:\/\/www.welovecycling.com\/es\/wp-json\/wp\/v2\/media?parent=3830"}],"wp:term":[{"taxonomy":"category","embeddable":true,"href":"https:\/\/www.welovecycling.com\/es\/wp-json\/wp\/v2\/categories?post=3830"},{"taxonomy":"post_tag","embeddable":true,"href":"https:\/\/www.welovecycling.com\/es\/wp-json\/wp\/v2\/tags?post=3830"},{"taxonomy":"global-categories","embeddable":true,"href":"https:\/\/www.welovecycling.com\/es\/wp-json\/wp\/v2\/global-categories?post=3830"}],"curies":[{"name":"wp","href":"https:\/\/api.w.org\/{rel}","templated":true}]}}