{"id":3820,"date":"2018-11-22T20:05:00","date_gmt":"2018-11-22T18:05:00","guid":{"rendered":"https:\/\/www.welovecycling.com\/es\/?p=3820"},"modified":"2018-11-22T20:05:00","modified_gmt":"2018-11-22T18:05:00","slug":"como-guardar-tu-bici-en-invierno","status":"publish","type":"post","link":"https:\/\/www.welovecycling.com\/es\/2018\/11\/22\/como-guardar-tu-bici-en-invierno\/","title":{"rendered":"C\u00f3mo guardar tu bici en invierno"},"content":{"rendered":"<p><strong>Ahora que has decidido comprar una bicicleta de invierno, tienes que pensar en guardar tus bicicletas de verano para los pr\u00f3ximos meses.\u00a0 Aqu\u00ed est\u00e1 c\u00f3mo hacerlo.<\/strong><!--more--><\/p>\n<h2><strong>Lave la bici<\/strong><\/h2>\n<p>Antes de que haga demasiado fr\u00edo, lave su bicicleta.\u00a0 Aproveche la oportunidad ahora mientras todav\u00eda hay movimiento en el lubricante de grado estival, y antes de que su cadena de transmisi\u00f3n reciba cualquier abuso del barro y la suciedad del invierno &#8211; especialmente con las de carretera.<\/p>\n<lite-youtube videoid=B2sKhSDrugE params=\"enablejsapi=1\" style=\"background-image: url('https:\/\/i.ytimg.com\/vi_webp\/B2sKhSDrugE\/maxresdefault.webp');\"><\/lite-youtube>\n<p>Retire la cadena de su bicicleta y gu\u00e1rdela para su propio tratamiento especial.\u00a0 Con la cadena retirada, puedes asegurarte de que vas a limpiar a fondo la bicicleta.\u00a0 Es bonito despedirse ritualmente de la bici, pero cuando llegue la primavera, te alegrar\u00e1s de haber hecho el esfuerzo.<\/p>\n<h2><strong>Limpie a fondo la cadena<\/strong><\/h2>\n<p>Ahora puedes ocuparte de tu cadena.\u00a0 Deshacerse de la suciedad, los minerales y la mugre que se acumula es esencial, no s\u00f3lo para la cadena, sino tambi\u00e9n para las otras partes contra las que se roza.\u00a0 Su cassette se lo agradecer\u00e1.\u00a0 Echa un vistazo a este v\u00eddeo para ver nuestro m\u00e9todo favorito de desengrasar la cadena de tu bicicleta.<\/p>\n<lite-youtube videoid=8JxtMu2W_u0 params=\"enablejsapi=1\" style=\"background-image: url('https:\/\/i.ytimg.com\/vi_webp\/8JxtMu2W_u0\/maxresdefault.webp');\"><\/lite-youtube>\n<p>Incluso si no est\u00e1 guardada, recomiendo el sistema de rotaci\u00f3n de 3 cadenas &#8211; mantenga una cadena en su bicicleta, una cadena desengrasada, y otra cadena seca en su taller.\u00a0 Cada cadena durar\u00e1 3 veces m\u00e1s y ahorrar\u00e1 desgaste en su casete.<\/p>\n<h2><strong>Cuide neum\u00e1ticos y c\u00e1maras<\/strong><\/h2>\n<p>Lo ideal es que usted quiera colgar su bicicleta de su cuadro mientras no la est\u00e9 utilizando durante per\u00edodos prolongados.\u00a0 Pero si esto no es una opci\u00f3n, bombee sus neum\u00e1ticos a presi\u00f3n completa, y d\u00e9les un apret\u00f3n r\u00e1pido una vez a la semana para comprobar si se han desinflado significativamente.<\/p>\n<p>Si se desinflan lo suficiente como para que la llanta est\u00e9 a punto de pellizcar el neum\u00e1tico y la c\u00e1mara contra el suelo, bombearlas hasta alcanzar la presi\u00f3n m\u00e1xima.\u00a0 Aunque es poco probable que cause mordeduras de serpiente, incluso una bicicleta de carbono ligera que descansa directamente sobre c\u00e1maras desinfladas puede hacer que los c\u00e1maras se debiliten en ese punto.\u00a0 \u00bfPor qu\u00e9 arriesgarse?<\/p>\n<h2><strong>C\u00fabrala<\/strong><\/h2>\n<p>Ahora que ha pasado todo ese tiempo preparando su bicicleta para guardarla, querr\u00e1 cubrirla para evitar que coja polvo.\u00a0 Las fundas completas para bicicletas son fant\u00e1sticas, pero aseg\u00farate de conseguir una que te permita acceder f\u00e1cilmente a los neum\u00e1ticos en caso de que necesites bombearlos.<\/p>\n<lite-youtube videoid=-Ff9GciIKRc params=\"enablejsapi=1\" style=\"background-image: url('https:\/\/i.ytimg.com\/vi_webp\/-Ff9GciIKRc\/maxresdefault.webp');\"><\/lite-youtube>\n<p>Considere el entorno en el que est\u00e1 guardando su bicicleta.\u00a0 Si est\u00e1s trabajando mucho la madera y hay mucho polvo, una de las bolsas espec\u00edficas para bicicletas funcionar\u00e1 para ti.\u00a0 Si usted est\u00e1 almacenando su bicicleta en un espacio s\u00f3lo para veh\u00edculos, como un garaje dom\u00e9stico, una simple salvapolvos probablemente funcionar\u00e1 bien.<\/p>\n","protected":false},"excerpt":{"rendered":"<p>Ahora que has decidido comprar una bicicleta de invierno, tienes que pensar en guardar tus bicicletas de verano para los [&hellip;]<\/p>\n","protected":false},"author":29,"featured_media":3825,"comment_status":"open","ping_status":"open","sticky":false,"template":"","format":"standard","meta":{"footnotes":""},"categories":[7,9],"tags":[747,746,748,745],"global-categories":[],"class_list":["post-3820","post","type-post","status-publish","format-standard","has-post-thumbnail","hentry","category-carretera","category-mtb-aventura","tag-almacen-bicis","tag-almacenar-bici","tag-guardar-bicicletas","tag-guardar-tu-bici-en-invierno"],"yoast_head":"<!-- This site is optimized with the Yoast SEO Premium plugin v25.3 (Yoast SEO v25.9) - https:\/\/yoast.com\/wordpress\/plugins\/seo\/ -->\n<title>C\u00f3mo guardar tu bici en invierno - \u0160koda We Love Cycling - Spain<\/title>\n<meta name=\"description\" content=\"C\u00f3mo guardar tu bici en invierno ?. Consejos para guardar tu bicicleta en invierno y que est\u00e9 correctamente almacenada para la primavera.\" \/>\n<meta name=\"robots\" content=\"index, follow, max-snippet:-1, max-image-preview:large, max-video-preview:-1\" \/>\n<link rel=\"canonical\" href=\"https:\/\/www.welovecycling.com\/es\/2018\/11\/22\/como-guardar-tu-bici-en-invierno\/\" \/>\n<meta property=\"og:locale\" content=\"es_ES\" \/>\n<meta property=\"og:type\" content=\"article\" \/>\n<meta property=\"og:title\" content=\"C\u00f3mo guardar tu bici en invierno\" \/>\n<meta property=\"og:description\" content=\"C\u00f3mo guardar tu bici en invierno ?. Consejos para guardar tu bicicleta en invierno y que est\u00e9 correctamente almacenada para la primavera.\" \/>\n<meta property=\"og:url\" content=\"https:\/\/www.welovecycling.com\/es\/2018\/11\/22\/como-guardar-tu-bici-en-invierno\/\" \/>\n<meta property=\"og:site_name\" content=\"\u0160koda We Love Cycling - Spain\" \/>\n<meta property=\"article:published_time\" content=\"2018-11-22T18:05:00+00:00\" \/>\n<meta property=\"og:image\" content=\"https:\/\/d2p6e6u75xmxt8.cloudfront.net\/6\/2018\/11\/Frozen-Bicycle-Winter-profimedia-0395647250.jpg\" \/>\n\t<meta property=\"og:image:width\" content=\"1366\" \/>\n\t<meta property=\"og:image:height\" content=\"600\" \/>\n\t<meta property=\"og:image:type\" content=\"image\/jpeg\" \/>\n<meta name=\"author\" content=\"We Love Cycling Spain\" \/>\n<meta name=\"twitter:card\" content=\"summary_large_image\" \/>\n<meta name=\"twitter:title\" content=\"C\u00f3mo guardar tu bici en invierno\" \/>\n<meta name=\"twitter:description\" content=\"C\u00f3mo guardar tu bici en invierno ?. Consejos para guardar tu bicicleta en invierno y que est\u00e9 correctamente almacenada para la primavera.\" \/>\n<meta name=\"twitter:label1\" content=\"Written by\" \/>\n\t<meta name=\"twitter:data1\" content=\"Christopher Ashley\" \/>\n\t<meta name=\"twitter:label2\" content=\"Est. reading time\" \/>\n\t<meta name=\"twitter:data2\" content=\"5\" \/>\n<script type=\"application\/ld+json\" class=\"yoast-schema-graph\">{\"@context\":\"https:\/\/schema.org\",\"@graph\":[{\"@type\":\"WebPage\",\"@id\":\"https:\/\/www.welovecycling.com\/es\/2018\/11\/22\/como-guardar-tu-bici-en-invierno\/\",\"url\":\"https:\/\/www.welovecycling.com\/es\/2018\/11\/22\/como-guardar-tu-bici-en-invierno\/\",\"name\":\"C\u00f3mo guardar tu bici en invierno - \u0160koda We Love Cycling - Spain\",\"isPartOf\":{\"@id\":\"https:\/\/www.welovecycling.com\/es\/#website\"},\"primaryImageOfPage\":{\"@id\":\"https:\/\/www.welovecycling.com\/es\/2018\/11\/22\/como-guardar-tu-bici-en-invierno\/#primaryimage\"},\"image\":{\"@id\":\"https:\/\/www.welovecycling.com\/es\/2018\/11\/22\/como-guardar-tu-bici-en-invierno\/#primaryimage\"},\"thumbnailUrl\":\"https:\/\/d2p6e6u75xmxt8.cloudfront.net\/6\/2018\/11\/Frozen-Bicycle-Winter-profimedia-0395647250.jpg\",\"datePublished\":\"2018-11-22T18:05:00+00:00\",\"author\":{\"@id\":\"https:\/\/www.welovecycling.com\/es\/#\/schema\/person\/deb61715b5812698ee79fb96f343ccd4\"},\"description\":\"C\u00f3mo guardar tu bici en invierno ?. Consejos para guardar tu bicicleta en invierno y que est\u00e9 correctamente almacenada para la primavera.\",\"breadcrumb\":{\"@id\":\"https:\/\/www.welovecycling.com\/es\/2018\/11\/22\/como-guardar-tu-bici-en-invierno\/#breadcrumb\"},\"inLanguage\":\"es-ES\",\"potentialAction\":[{\"@type\":\"ReadAction\",\"target\":[\"https:\/\/www.welovecycling.com\/es\/2018\/11\/22\/como-guardar-tu-bici-en-invierno\/\"]}]},{\"@type\":\"ImageObject\",\"inLanguage\":\"es-ES\",\"@id\":\"https:\/\/www.welovecycling.com\/es\/2018\/11\/22\/como-guardar-tu-bici-en-invierno\/#primaryimage\",\"url\":\"https:\/\/d2p6e6u75xmxt8.cloudfront.net\/6\/2018\/11\/Frozen-Bicycle-Winter-profimedia-0395647250.jpg\",\"contentUrl\":\"https:\/\/d2p6e6u75xmxt8.cloudfront.net\/6\/2018\/11\/Frozen-Bicycle-Winter-profimedia-0395647250.jpg\",\"width\":1366,\"height\":600},{\"@type\":\"BreadcrumbList\",\"@id\":\"https:\/\/www.welovecycling.com\/es\/2018\/11\/22\/como-guardar-tu-bici-en-invierno\/#breadcrumb\",\"itemListElement\":[{\"@type\":\"ListItem\",\"position\":1,\"name\":\"Home\",\"item\":\"https:\/\/www.welovecycling.com\/es\/\"},{\"@type\":\"ListItem\",\"position\":2,\"name\":\"C\u00f3mo guardar tu bici en invierno\"}]},{\"@type\":\"WebSite\",\"@id\":\"https:\/\/www.welovecycling.com\/es\/#website\",\"url\":\"https:\/\/www.welovecycling.com\/es\/\",\"name\":\"\u0160koda We Love Cycling - Spain\",\"description\":\"\u0160koda WeLoveCycling Spain\",\"potentialAction\":[{\"@type\":\"SearchAction\",\"target\":{\"@type\":\"EntryPoint\",\"urlTemplate\":\"https:\/\/www.welovecycling.com\/es\/?s={search_term_string}\"},\"query-input\":{\"@type\":\"PropertyValueSpecification\",\"valueRequired\":true,\"valueName\":\"search_term_string\"}}],\"inLanguage\":\"es-ES\"},{\"@type\":\"Person\",\"@id\":\"https:\/\/www.welovecycling.com\/es\/#\/schema\/person\/deb61715b5812698ee79fb96f343ccd4\",\"name\":\"We Love Cycling Spain\",\"image\":{\"@type\":\"ImageObject\",\"inLanguage\":\"es-ES\",\"@id\":\"https:\/\/www.welovecycling.com\/es\/#\/schema\/person\/image\/\",\"url\":\"https:\/\/secure.gravatar.com\/avatar\/c824b04e6df0e37a03219d0b6481672889df542894588964102459e46513159c?s=96&d=mm&r=g\",\"contentUrl\":\"https:\/\/secure.gravatar.com\/avatar\/c824b04e6df0e37a03219d0b6481672889df542894588964102459e46513159c?s=96&d=mm&r=g\",\"caption\":\"We Love Cycling Spain\"},\"url\":\"https:\/\/www.welovecycling.com\/es\/author\/amunoz\/\"}]}<\/script>\n<!-- \/ Yoast SEO Premium plugin. -->","yoast_head_json":{"title":"C\u00f3mo guardar tu bici en invierno - \u0160koda We Love Cycling - Spain","description":"C\u00f3mo guardar tu bici en invierno ?. Consejos para guardar tu bicicleta en invierno y que est\u00e9 correctamente almacenada para la primavera.","robots":{"index":"index","follow":"follow","max-snippet":"max-snippet:-1","max-image-preview":"max-image-preview:large","max-video-preview":"max-video-preview:-1"},"canonical":"https:\/\/www.welovecycling.com\/es\/2018\/11\/22\/como-guardar-tu-bici-en-invierno\/","og_locale":"es_ES","og_type":"article","og_title":"C\u00f3mo guardar tu bici en invierno","og_description":"C\u00f3mo guardar tu bici en invierno ?. Consejos para guardar tu bicicleta en invierno y que est\u00e9 correctamente almacenada para la primavera.","og_url":"https:\/\/www.welovecycling.com\/es\/2018\/11\/22\/como-guardar-tu-bici-en-invierno\/","og_site_name":"\u0160koda We Love Cycling - Spain","article_published_time":"2018-11-22T18:05:00+00:00","og_image":[{"width":1366,"height":600,"url":"https:\/\/d2p6e6u75xmxt8.cloudfront.net\/6\/2018\/11\/Frozen-Bicycle-Winter-profimedia-0395647250.jpg","type":"image\/jpeg"}],"author":"We Love Cycling Spain","twitter_card":"summary_large_image","twitter_title":"C\u00f3mo guardar tu bici en invierno","twitter_description":"C\u00f3mo guardar tu bici en invierno ?. Consejos para guardar tu bicicleta en invierno y que est\u00e9 correctamente almacenada para la primavera.","twitter_misc":{"Written by":"Christopher Ashley","Est. reading time":"5"},"schema":{"@context":"https:\/\/schema.org","@graph":[{"@type":"WebPage","@id":"https:\/\/www.welovecycling.com\/es\/2018\/11\/22\/como-guardar-tu-bici-en-invierno\/","url":"https:\/\/www.welovecycling.com\/es\/2018\/11\/22\/como-guardar-tu-bici-en-invierno\/","name":"C\u00f3mo guardar tu bici en invierno - \u0160koda We Love Cycling - Spain","isPartOf":{"@id":"https:\/\/www.welovecycling.com\/es\/#website"},"primaryImageOfPage":{"@id":"https:\/\/www.welovecycling.com\/es\/2018\/11\/22\/como-guardar-tu-bici-en-invierno\/#primaryimage"},"image":{"@id":"https:\/\/www.welovecycling.com\/es\/2018\/11\/22\/como-guardar-tu-bici-en-invierno\/#primaryimage"},"thumbnailUrl":"https:\/\/d2p6e6u75xmxt8.cloudfront.net\/6\/2018\/11\/Frozen-Bicycle-Winter-profimedia-0395647250.jpg","datePublished":"2018-11-22T18:05:00+00:00","author":{"@id":"https:\/\/www.welovecycling.com\/es\/#\/schema\/person\/deb61715b5812698ee79fb96f343ccd4"},"description":"C\u00f3mo guardar tu bici en invierno ?. Consejos para guardar tu bicicleta en invierno y que est\u00e9 correctamente almacenada para la primavera.","breadcrumb":{"@id":"https:\/\/www.welovecycling.com\/es\/2018\/11\/22\/como-guardar-tu-bici-en-invierno\/#breadcrumb"},"inLanguage":"es-ES","potentialAction":[{"@type":"ReadAction","target":["https:\/\/www.welovecycling.com\/es\/2018\/11\/22\/como-guardar-tu-bici-en-invierno\/"]}]},{"@type":"ImageObject","inLanguage":"es-ES","@id":"https:\/\/www.welovecycling.com\/es\/2018\/11\/22\/como-guardar-tu-bici-en-invierno\/#primaryimage","url":"https:\/\/d2p6e6u75xmxt8.cloudfront.net\/6\/2018\/11\/Frozen-Bicycle-Winter-profimedia-0395647250.jpg","contentUrl":"https:\/\/d2p6e6u75xmxt8.cloudfront.net\/6\/2018\/11\/Frozen-Bicycle-Winter-profimedia-0395647250.jpg","width":1366,"height":600},{"@type":"BreadcrumbList","@id":"https:\/\/www.welovecycling.com\/es\/2018\/11\/22\/como-guardar-tu-bici-en-invierno\/#breadcrumb","itemListElement":[{"@type":"ListItem","position":1,"name":"Home","item":"https:\/\/www.welovecycling.com\/es\/"},{"@type":"ListItem","position":2,"name":"C\u00f3mo guardar tu bici en invierno"}]},{"@type":"WebSite","@id":"https:\/\/www.welovecycling.com\/es\/#website","url":"https:\/\/www.welovecycling.com\/es\/","name":"\u0160koda We Love Cycling - Spain","description":"\u0160koda WeLoveCycling Spain","potentialAction":[{"@type":"SearchAction","target":{"@type":"EntryPoint","urlTemplate":"https:\/\/www.welovecycling.com\/es\/?s={search_term_string}"},"query-input":{"@type":"PropertyValueSpecification","valueRequired":true,"valueName":"search_term_string"}}],"inLanguage":"es-ES"},{"@type":"Person","@id":"https:\/\/www.welovecycling.com\/es\/#\/schema\/person\/deb61715b5812698ee79fb96f343ccd4","name":"We Love Cycling Spain","image":{"@type":"ImageObject","inLanguage":"es-ES","@id":"https:\/\/www.welovecycling.com\/es\/#\/schema\/person\/image\/","url":"https:\/\/secure.gravatar.com\/avatar\/c824b04e6df0e37a03219d0b6481672889df542894588964102459e46513159c?s=96&d=mm&r=g","contentUrl":"https:\/\/secure.gravatar.com\/avatar\/c824b04e6df0e37a03219d0b6481672889df542894588964102459e46513159c?s=96&d=mm&r=g","caption":"We Love Cycling Spain"},"url":"https:\/\/www.welovecycling.com\/es\/author\/amunoz\/"}]}},"_links":{"self":[{"href":"https:\/\/www.welovecycling.com\/es\/wp-json\/wp\/v2\/posts\/3820","targetHints":{"allow":["GET"]}}],"collection":[{"href":"https:\/\/www.welovecycling.com\/es\/wp-json\/wp\/v2\/posts"}],"about":[{"href":"https:\/\/www.welovecycling.com\/es\/wp-json\/wp\/v2\/types\/post"}],"author":[{"embeddable":true,"href":"https:\/\/www.welovecycling.com\/es\/wp-json\/wp\/v2\/users\/29"}],"replies":[{"embeddable":true,"href":"https:\/\/www.welovecycling.com\/es\/wp-json\/wp\/v2\/comments?post=3820"}],"version-history":[{"count":1,"href":"https:\/\/www.welovecycling.com\/es\/wp-json\/wp\/v2\/posts\/3820\/revisions"}],"predecessor-version":[{"id":3828,"href":"https:\/\/www.welovecycling.com\/es\/wp-json\/wp\/v2\/posts\/3820\/revisions\/3828"}],"wp:featuredmedia":[{"embeddable":true,"href":"https:\/\/www.welovecycling.com\/es\/wp-json\/wp\/v2\/media\/3825"}],"wp:attachment":[{"href":"https:\/\/www.welovecycling.com\/es\/wp-json\/wp\/v2\/media?parent=3820"}],"wp:term":[{"taxonomy":"category","embeddable":true,"href":"https:\/\/www.welovecycling.com\/es\/wp-json\/wp\/v2\/categories?post=3820"},{"taxonomy":"post_tag","embeddable":true,"href":"https:\/\/www.welovecycling.com\/es\/wp-json\/wp\/v2\/tags?post=3820"},{"taxonomy":"global-categories","embeddable":true,"href":"https:\/\/www.welovecycling.com\/es\/wp-json\/wp\/v2\/global-categories?post=3820"}],"curies":[{"name":"wp","href":"https:\/\/api.w.org\/{rel}","templated":true}]}}