{"id":3814,"date":"2018-11-21T17:09:00","date_gmt":"2018-11-21T15:09:00","guid":{"rendered":"https:\/\/www.welovecycling.com\/es\/?p=3814"},"modified":"2018-11-21T17:10:44","modified_gmt":"2018-11-21T15:10:44","slug":"polar-gran-fondo-la-mussara-2019","status":"publish","type":"post","link":"https:\/\/www.welovecycling.com\/es\/2018\/11\/21\/polar-gran-fondo-la-mussara-2019\/","title":{"rendered":"La Polar Gran Fondo La Mussara 2019 vuelve a mayo y abre inscripciones"},"content":{"rendered":"<p><strong>La Polar Gran Fondo La Mussara 2019 retorna al mes de mayo. En\u00a0una presentaci\u00f3n que por primera vez cont\u00f3 con la presencia de 150 participantes que se inscribieron a trav\u00e9s de las redes sociales enun a\u00f1o en el que la marcha presenta un proyecto dedicado a generar comunidad entre sus seguidores.\u00a0La marcha, que espera volver a te\u00f1ir de rosa las carreteras del Parc Natural del Montsant, aspira a reunir 1.000 mujeres en la l\u00ednea de salida.<\/strong><!--more--><\/p>\n<p>Tras superar los 27.000 ciclistas en cinco ediciones, la Marea Rosa se prepara para una nueva edici\u00f3n. Ser\u00e1 el pr\u00f3ximo 19 de mayo, fecha en la que Polar Gran Fondo La Mussara albergar\u00e1 a 7.000 participantes con el objetivo de seguir siendo la marcha cicloturista que ofrece mejores servicios al participante.<\/p>\n<p>En este sentido, Fernando Del Corral, director de Polar Gran Fondo La Mussara, ha explicado que \u201cnuestra meta nunca ha sido ser los m\u00e1s grandes en cantidad, sino en calidad. Lograr ofrecer a\u00f1o tras a\u00f1o nuestra mejor versi\u00f3n para que el participante, que es el aut\u00e9ntico protagonista, disfrute de una experiencia \u00f3ptima con todo tipo de servicios a su disposici\u00f3n\u201d.<\/p>\n<p><strong>Pasi\u00f3n por el ciclismo<br \/>\n<\/strong><br \/>\nPolar particip\u00f3 en la presentaci\u00f3n respaldando el proyecto de 2019. Manu Lafora, Managing Director de Polar, ha afirmado que \u201cpara Polar es un orgullo formar parte de la gran fiesta del ciclismo que es Polar Gran Fondo La Mussara donde todos, con el mismo maillot, por un d\u00eda, somos uno y somos todos. Cada a\u00f1o tenemos el reto de mejorar la experiencia del participante y este es el principal objetivo cuando empezamos cada edici\u00f3n, junto con el<br \/>\nfocus en disfrutar de un d\u00eda sobre ruedas\u201d.<\/p>\n<p>\u201cEn esta sexta edici\u00f3n queremos seguir apoyando y liderando en participaci\u00f3n femenina y conseguir escribir una nueva p\u00e1gina de nuestra leyenda y la del cicloturismo\u201d.<\/p>\n<p><a href=\"https:\/\/d2p6e6u75xmxt8.cloudfront.net\/6\/2018\/11\/MMC_6975.jpg\"><img loading=\"lazy\" decoding=\"async\" class=\"aligncenter size-large wp-image-3816\" src=\"https:\/\/d2p6e6u75xmxt8.cloudfront.net\/6\/2018\/11\/MMC_6975-1024x683.jpg\" alt=\"\" width=\"1024\" height=\"683\" srcset=\"https:\/\/d2p6e6u75xmxt8.cloudfront.net\/6\/2018\/11\/MMC_6975-1024x683.jpg 1024w, https:\/\/d2p6e6u75xmxt8.cloudfront.net\/6\/2018\/11\/MMC_6975-300x200.jpg 300w, https:\/\/d2p6e6u75xmxt8.cloudfront.net\/6\/2018\/11\/MMC_6975-768x512.jpg 768w, https:\/\/d2p6e6u75xmxt8.cloudfront.net\/6\/2018\/11\/MMC_6975-1920x1280.jpg 1920w, https:\/\/d2p6e6u75xmxt8.cloudfront.net\/6\/2018\/11\/MMC_6975-272x182.jpg 272w, https:\/\/d2p6e6u75xmxt8.cloudfront.net\/6\/2018\/11\/MMC_6975-1920x1280.jpg 1920w\" sizes=\"auto, (max-width: 1024px) 100vw, 1024px\" \/><\/a><\/p>\n<p><strong>GF Live powered by STRAVA<\/strong><\/p>\n<p>Durante el evento de lanzamiento de Polar Gran Fondo La Mussara, Fernando Del Corral ha repasado las novedades que se lanzar\u00e1n en 2019, \u201ca\u00f1o en el que daremos un paso m\u00e1s en la consolidaci\u00f3n de la marca GF para que vaya mucho m\u00e1s all\u00e1 del concepto actual de prueba deportiva\u201d.<\/p>\n<p>Una de las novedades que presenta Polar Gran Fondo La Mussara es GF Live. Polar Gran Fondo La Mussara es una marcha cicloturista no competitiva y como tal no contar\u00e1 con un sistema tradicional de cronometraje. Se est\u00e1 desarrollando un nuevo proyecto que lanzaremos en el primer trimestre de 2019: GF Live. Una plataforma asociada a STRAVA que nos permitir\u00e1 que Gran Fondo est\u00e9 vivo. Que no se limite a una marcha de un d\u00eda, sino que refleje el d\u00eda a d\u00eda de los amantes del ciclismo a trav\u00e9s de experiencias, retos y premios durante todo el a\u00f1o. Y que, por supuesto, permita a los participantes de Polar Gran Fondo La Mussara acceder a sus tiempos en la marcha.<\/p>\n<p><strong>Campa\u00f1a Convive<br \/>\n<\/strong><br \/>\nConscientes de la importancia de disminuir los accidentes en las carreteras, Polar Gran Fondo La Mussara lanza una campa\u00f1a para potenciar la buena convivencia entre coches y bicicletas. A trav\u00e9s de sus canales de comunicaci\u00f3n y con el eslogan \u201cCon Bici, Con Coche, Convive\u201d, Polar Gran Fondo La Mussara ayudar\u00e1 a transmitir los mensajes de<br \/>\nbuena conducta en las carreteras tanto para ciclistas como para conductores.<\/p>\n<p><a href=\"https:\/\/d2p6e6u75xmxt8.cloudfront.net\/6\/2018\/11\/MMC_6803.jpg\"><img loading=\"lazy\" decoding=\"async\" class=\"aligncenter size-large wp-image-3817\" src=\"https:\/\/d2p6e6u75xmxt8.cloudfront.net\/6\/2018\/11\/MMC_6803-1024x682.jpg\" alt=\"\" width=\"1024\" height=\"682\" srcset=\"https:\/\/d2p6e6u75xmxt8.cloudfront.net\/6\/2018\/11\/MMC_6803-1024x682.jpg 1024w, https:\/\/d2p6e6u75xmxt8.cloudfront.net\/6\/2018\/11\/MMC_6803-300x200.jpg 300w, https:\/\/d2p6e6u75xmxt8.cloudfront.net\/6\/2018\/11\/MMC_6803-768x512.jpg 768w, https:\/\/d2p6e6u75xmxt8.cloudfront.net\/6\/2018\/11\/MMC_6803-1920x1279.jpg 1920w, https:\/\/d2p6e6u75xmxt8.cloudfront.net\/6\/2018\/11\/MMC_6803-272x182.jpg 272w, https:\/\/d2p6e6u75xmxt8.cloudfront.net\/6\/2018\/11\/MMC_6803-1920x1279.jpg 1920w\" sizes=\"auto, (max-width: 1024px) 100vw, 1024px\" \/><\/a><\/p>\n<p><strong>Votaci\u00f3n del maillot y apertura de inscripciones<br \/>\n<\/strong><br \/>\nElemento representativo de Polar Gran Fondo La Mussara, el maillot oficial es una prenda de Santini de alta calidad con dise\u00f1o exclusivo para cada edici\u00f3n. Un maillot que ha sido\u00a0 elegido este fin de semana \u00a0por los seguidores de Polar Gran Fondo La Mussara mediante las redes sociales.<\/p>\n<p>Una vez presentado el maillot oficial de la sexta edici\u00f3n las inscripciones se abrieron el pasad0 20 de noviembre.<\/p>\n<p><strong>Novedades en el recorrido<br \/>\n<\/strong><br \/>\nLa sexta edici\u00f3n consolida el formato de tres distancias (188 km, 135 km y 95km) que tanto \u00e9xito obtuvo en la pasada edici\u00f3n y que se presenta con un cambio en el tramo final del recorrido para conseguir que tanto la salida como la llegada de la marcha sean en el recinto de Fira Reus.<\/p>\n<p>Polar Gran Fondo La Mussara se distingue por poner en escena una marcha que ofrece a los participantes la oportunidad de sentirse, por un d\u00eda, aut\u00e9nticos profesionales. Una organizaci\u00f3n que pone a la disposici\u00f3n del participante una Expo Bike como centro neur\u00e1lgico con las mejores marca, servicio mec\u00e1nico en carrera, servicio de limpieza de bicicletas, avituallamientos en carrera donde no falta detalle y un parking de bicicletas amplio y vigilado para que todos los participantes puedan guardar su bicicleta y disfrutar de la pasta party que se ofrece al finalizar la marcha.<\/p>\n<p><strong>M\u00e1s informaci\u00f3n e inscripciones en: <a href=\"https:\/\/www.polargranfondolamussara.com\/\">www.polargranfondolamussara.com<\/a><\/strong><\/p>\n","protected":false},"excerpt":{"rendered":"<p>La Polar Gran Fondo La Mussara 2019 retorna al mes de mayo. En\u00a0una presentaci\u00f3n que por primera vez cont\u00f3 con [&hellip;]<\/p>\n","protected":false},"author":29,"featured_media":3815,"comment_status":"open","ping_status":"open","sticky":false,"template":"","format":"standard","meta":{"footnotes":""},"categories":[7],"tags":[743,744],"global-categories":[],"class_list":["post-3814","post","type-post","status-publish","format-standard","has-post-thumbnail","hentry","category-carretera","tag-la-mussara-2019","tag-polar-gran-fondo-la-mussara-2019"],"yoast_head":"<!-- This site is optimized with the Yoast SEO Premium plugin v25.3 (Yoast SEO v25.9) - https:\/\/yoast.com\/wordpress\/plugins\/seo\/ -->\n<title>La Polar Gran Fondo La Mussara 2019 vuelve a mayo y abre inscripciones - \u0160koda We Love Cycling - Spain<\/title>\n<meta name=\"description\" content=\"La Polar Gran Fondo La Mussara 2019 vuelve a mayo y abre inscripciones. Ser\u00e1 el pr\u00f3ximo 19 y recibira a m\u00e1s de 7.000 ciclistas que ya pueden inscribirse.\" \/>\n<meta name=\"robots\" content=\"index, follow, max-snippet:-1, max-image-preview:large, max-video-preview:-1\" \/>\n<link rel=\"canonical\" href=\"https:\/\/www.welovecycling.com\/es\/2018\/11\/21\/polar-gran-fondo-la-mussara-2019\/\" \/>\n<meta property=\"og:locale\" content=\"es_ES\" \/>\n<meta property=\"og:type\" content=\"article\" \/>\n<meta property=\"og:title\" content=\"La Polar Gran Fondo La Mussara 2019 vuelve a mayo y abre inscripciones\" \/>\n<meta property=\"og:description\" content=\"La Polar Gran Fondo La Mussara 2019 vuelve a mayo y abre inscripciones. Ser\u00e1 el pr\u00f3ximo 19 y recibira a m\u00e1s de 7.000 ciclistas que ya pueden inscribirse.\" \/>\n<meta property=\"og:url\" content=\"https:\/\/www.welovecycling.com\/es\/2018\/11\/21\/polar-gran-fondo-la-mussara-2019\/\" \/>\n<meta property=\"og:site_name\" content=\"\u0160koda We Love Cycling - Spain\" \/>\n<meta property=\"article:published_time\" content=\"2018-11-21T15:09:00+00:00\" \/>\n<meta property=\"article:modified_time\" content=\"2018-11-21T15:10:44+00:00\" \/>\n<meta property=\"og:image\" content=\"https:\/\/d2p6e6u75xmxt8.cloudfront.net\/6\/2018\/11\/MMC_0062.jpg\" \/>\n\t<meta property=\"og:image:width\" content=\"2500\" \/>\n\t<meta property=\"og:image:height\" content=\"1667\" \/>\n\t<meta property=\"og:image:type\" content=\"image\/jpeg\" \/>\n<meta name=\"author\" content=\"We Love Cycling Spain\" \/>\n<meta name=\"twitter:card\" content=\"summary_large_image\" \/>\n<meta name=\"twitter:title\" content=\"La Polar Gran Fondo La Mussara 2019 vuelve a mayo y abre inscripciones\" \/>\n<meta name=\"twitter:description\" content=\"La Polar Gran Fondo La Mussara 2019 vuelve a mayo y abre inscripciones. Ser\u00e1 el pr\u00f3ximo 19 y recibira a m\u00e1s de 7.000 ciclistas que ya pueden inscribirse.\" \/>\n<meta name=\"twitter:label1\" content=\"Written by\" \/>\n\t<meta name=\"twitter:data1\" content=\"We Love Cycling Spain\" \/>\n\t<meta name=\"twitter:label2\" content=\"Est. reading time\" \/>\n\t<meta name=\"twitter:data2\" content=\"4 minutes\" \/>\n<script type=\"application\/ld+json\" class=\"yoast-schema-graph\">{\"@context\":\"https:\/\/schema.org\",\"@graph\":[{\"@type\":\"WebPage\",\"@id\":\"https:\/\/www.welovecycling.com\/es\/2018\/11\/21\/polar-gran-fondo-la-mussara-2019\/\",\"url\":\"https:\/\/www.welovecycling.com\/es\/2018\/11\/21\/polar-gran-fondo-la-mussara-2019\/\",\"name\":\"La Polar Gran Fondo La Mussara 2019 vuelve a mayo y abre inscripciones - \u0160koda We Love Cycling - Spain\",\"isPartOf\":{\"@id\":\"https:\/\/www.welovecycling.com\/es\/#website\"},\"primaryImageOfPage\":{\"@id\":\"https:\/\/www.welovecycling.com\/es\/2018\/11\/21\/polar-gran-fondo-la-mussara-2019\/#primaryimage\"},\"image\":{\"@id\":\"https:\/\/www.welovecycling.com\/es\/2018\/11\/21\/polar-gran-fondo-la-mussara-2019\/#primaryimage\"},\"thumbnailUrl\":\"https:\/\/d2p6e6u75xmxt8.cloudfront.net\/6\/2018\/11\/MMC_0062.jpg\",\"datePublished\":\"2018-11-21T15:09:00+00:00\",\"dateModified\":\"2018-11-21T15:10:44+00:00\",\"author\":{\"@id\":\"https:\/\/www.welovecycling.com\/es\/#\/schema\/person\/deb61715b5812698ee79fb96f343ccd4\"},\"description\":\"La Polar Gran Fondo La Mussara 2019 vuelve a mayo y abre inscripciones. Ser\u00e1 el pr\u00f3ximo 19 y recibira a m\u00e1s de 7.000 ciclistas que ya pueden inscribirse.\",\"breadcrumb\":{\"@id\":\"https:\/\/www.welovecycling.com\/es\/2018\/11\/21\/polar-gran-fondo-la-mussara-2019\/#breadcrumb\"},\"inLanguage\":\"es-ES\",\"potentialAction\":[{\"@type\":\"ReadAction\",\"target\":[\"https:\/\/www.welovecycling.com\/es\/2018\/11\/21\/polar-gran-fondo-la-mussara-2019\/\"]}]},{\"@type\":\"ImageObject\",\"inLanguage\":\"es-ES\",\"@id\":\"https:\/\/www.welovecycling.com\/es\/2018\/11\/21\/polar-gran-fondo-la-mussara-2019\/#primaryimage\",\"url\":\"https:\/\/d2p6e6u75xmxt8.cloudfront.net\/6\/2018\/11\/MMC_0062.jpg\",\"contentUrl\":\"https:\/\/d2p6e6u75xmxt8.cloudfront.net\/6\/2018\/11\/MMC_0062.jpg\",\"width\":2500,\"height\":1667},{\"@type\":\"BreadcrumbList\",\"@id\":\"https:\/\/www.welovecycling.com\/es\/2018\/11\/21\/polar-gran-fondo-la-mussara-2019\/#breadcrumb\",\"itemListElement\":[{\"@type\":\"ListItem\",\"position\":1,\"name\":\"Home\",\"item\":\"https:\/\/www.welovecycling.com\/es\/\"},{\"@type\":\"ListItem\",\"position\":2,\"name\":\"La Polar Gran Fondo La Mussara 2019 vuelve a mayo y abre inscripciones\"}]},{\"@type\":\"WebSite\",\"@id\":\"https:\/\/www.welovecycling.com\/es\/#website\",\"url\":\"https:\/\/www.welovecycling.com\/es\/\",\"name\":\"\u0160koda We Love Cycling - Spain\",\"description\":\"\u0160koda WeLoveCycling Spain\",\"potentialAction\":[{\"@type\":\"SearchAction\",\"target\":{\"@type\":\"EntryPoint\",\"urlTemplate\":\"https:\/\/www.welovecycling.com\/es\/?s={search_term_string}\"},\"query-input\":{\"@type\":\"PropertyValueSpecification\",\"valueRequired\":true,\"valueName\":\"search_term_string\"}}],\"inLanguage\":\"es-ES\"},{\"@type\":\"Person\",\"@id\":\"https:\/\/www.welovecycling.com\/es\/#\/schema\/person\/deb61715b5812698ee79fb96f343ccd4\",\"name\":\"We Love Cycling Spain\",\"image\":{\"@type\":\"ImageObject\",\"inLanguage\":\"es-ES\",\"@id\":\"https:\/\/www.welovecycling.com\/es\/#\/schema\/person\/image\/\",\"url\":\"https:\/\/secure.gravatar.com\/avatar\/c824b04e6df0e37a03219d0b6481672889df542894588964102459e46513159c?s=96&d=mm&r=g\",\"contentUrl\":\"https:\/\/secure.gravatar.com\/avatar\/c824b04e6df0e37a03219d0b6481672889df542894588964102459e46513159c?s=96&d=mm&r=g\",\"caption\":\"We Love Cycling Spain\"},\"url\":\"https:\/\/www.welovecycling.com\/es\/author\/amunoz\/\"}]}<\/script>\n<!-- \/ Yoast SEO Premium plugin. -->","yoast_head_json":{"title":"La Polar Gran Fondo La Mussara 2019 vuelve a mayo y abre inscripciones - \u0160koda We Love Cycling - Spain","description":"La Polar Gran Fondo La Mussara 2019 vuelve a mayo y abre inscripciones. Ser\u00e1 el pr\u00f3ximo 19 y recibira a m\u00e1s de 7.000 ciclistas que ya pueden inscribirse.","robots":{"index":"index","follow":"follow","max-snippet":"max-snippet:-1","max-image-preview":"max-image-preview:large","max-video-preview":"max-video-preview:-1"},"canonical":"https:\/\/www.welovecycling.com\/es\/2018\/11\/21\/polar-gran-fondo-la-mussara-2019\/","og_locale":"es_ES","og_type":"article","og_title":"La Polar Gran Fondo La Mussara 2019 vuelve a mayo y abre inscripciones","og_description":"La Polar Gran Fondo La Mussara 2019 vuelve a mayo y abre inscripciones. Ser\u00e1 el pr\u00f3ximo 19 y recibira a m\u00e1s de 7.000 ciclistas que ya pueden inscribirse.","og_url":"https:\/\/www.welovecycling.com\/es\/2018\/11\/21\/polar-gran-fondo-la-mussara-2019\/","og_site_name":"\u0160koda We Love Cycling - Spain","article_published_time":"2018-11-21T15:09:00+00:00","article_modified_time":"2018-11-21T15:10:44+00:00","og_image":[{"width":2500,"height":1667,"url":"https:\/\/d2p6e6u75xmxt8.cloudfront.net\/6\/2018\/11\/MMC_0062.jpg","type":"image\/jpeg"}],"author":"We Love Cycling Spain","twitter_card":"summary_large_image","twitter_title":"La Polar Gran Fondo La Mussara 2019 vuelve a mayo y abre inscripciones","twitter_description":"La Polar Gran Fondo La Mussara 2019 vuelve a mayo y abre inscripciones. Ser\u00e1 el pr\u00f3ximo 19 y recibira a m\u00e1s de 7.000 ciclistas que ya pueden inscribirse.","twitter_misc":{"Written by":"We Love Cycling Spain","Est. reading time":"4 minutes"},"schema":{"@context":"https:\/\/schema.org","@graph":[{"@type":"WebPage","@id":"https:\/\/www.welovecycling.com\/es\/2018\/11\/21\/polar-gran-fondo-la-mussara-2019\/","url":"https:\/\/www.welovecycling.com\/es\/2018\/11\/21\/polar-gran-fondo-la-mussara-2019\/","name":"La Polar Gran Fondo La Mussara 2019 vuelve a mayo y abre inscripciones - \u0160koda We Love Cycling - Spain","isPartOf":{"@id":"https:\/\/www.welovecycling.com\/es\/#website"},"primaryImageOfPage":{"@id":"https:\/\/www.welovecycling.com\/es\/2018\/11\/21\/polar-gran-fondo-la-mussara-2019\/#primaryimage"},"image":{"@id":"https:\/\/www.welovecycling.com\/es\/2018\/11\/21\/polar-gran-fondo-la-mussara-2019\/#primaryimage"},"thumbnailUrl":"https:\/\/d2p6e6u75xmxt8.cloudfront.net\/6\/2018\/11\/MMC_0062.jpg","datePublished":"2018-11-21T15:09:00+00:00","dateModified":"2018-11-21T15:10:44+00:00","author":{"@id":"https:\/\/www.welovecycling.com\/es\/#\/schema\/person\/deb61715b5812698ee79fb96f343ccd4"},"description":"La Polar Gran Fondo La Mussara 2019 vuelve a mayo y abre inscripciones. Ser\u00e1 el pr\u00f3ximo 19 y recibira a m\u00e1s de 7.000 ciclistas que ya pueden inscribirse.","breadcrumb":{"@id":"https:\/\/www.welovecycling.com\/es\/2018\/11\/21\/polar-gran-fondo-la-mussara-2019\/#breadcrumb"},"inLanguage":"es-ES","potentialAction":[{"@type":"ReadAction","target":["https:\/\/www.welovecycling.com\/es\/2018\/11\/21\/polar-gran-fondo-la-mussara-2019\/"]}]},{"@type":"ImageObject","inLanguage":"es-ES","@id":"https:\/\/www.welovecycling.com\/es\/2018\/11\/21\/polar-gran-fondo-la-mussara-2019\/#primaryimage","url":"https:\/\/d2p6e6u75xmxt8.cloudfront.net\/6\/2018\/11\/MMC_0062.jpg","contentUrl":"https:\/\/d2p6e6u75xmxt8.cloudfront.net\/6\/2018\/11\/MMC_0062.jpg","width":2500,"height":1667},{"@type":"BreadcrumbList","@id":"https:\/\/www.welovecycling.com\/es\/2018\/11\/21\/polar-gran-fondo-la-mussara-2019\/#breadcrumb","itemListElement":[{"@type":"ListItem","position":1,"name":"Home","item":"https:\/\/www.welovecycling.com\/es\/"},{"@type":"ListItem","position":2,"name":"La Polar Gran Fondo La Mussara 2019 vuelve a mayo y abre inscripciones"}]},{"@type":"WebSite","@id":"https:\/\/www.welovecycling.com\/es\/#website","url":"https:\/\/www.welovecycling.com\/es\/","name":"\u0160koda We Love Cycling - Spain","description":"\u0160koda WeLoveCycling Spain","potentialAction":[{"@type":"SearchAction","target":{"@type":"EntryPoint","urlTemplate":"https:\/\/www.welovecycling.com\/es\/?s={search_term_string}"},"query-input":{"@type":"PropertyValueSpecification","valueRequired":true,"valueName":"search_term_string"}}],"inLanguage":"es-ES"},{"@type":"Person","@id":"https:\/\/www.welovecycling.com\/es\/#\/schema\/person\/deb61715b5812698ee79fb96f343ccd4","name":"We Love Cycling Spain","image":{"@type":"ImageObject","inLanguage":"es-ES","@id":"https:\/\/www.welovecycling.com\/es\/#\/schema\/person\/image\/","url":"https:\/\/secure.gravatar.com\/avatar\/c824b04e6df0e37a03219d0b6481672889df542894588964102459e46513159c?s=96&d=mm&r=g","contentUrl":"https:\/\/secure.gravatar.com\/avatar\/c824b04e6df0e37a03219d0b6481672889df542894588964102459e46513159c?s=96&d=mm&r=g","caption":"We Love Cycling Spain"},"url":"https:\/\/www.welovecycling.com\/es\/author\/amunoz\/"}]}},"_links":{"self":[{"href":"https:\/\/www.welovecycling.com\/es\/wp-json\/wp\/v2\/posts\/3814","targetHints":{"allow":["GET"]}}],"collection":[{"href":"https:\/\/www.welovecycling.com\/es\/wp-json\/wp\/v2\/posts"}],"about":[{"href":"https:\/\/www.welovecycling.com\/es\/wp-json\/wp\/v2\/types\/post"}],"author":[{"embeddable":true,"href":"https:\/\/www.welovecycling.com\/es\/wp-json\/wp\/v2\/users\/29"}],"replies":[{"embeddable":true,"href":"https:\/\/www.welovecycling.com\/es\/wp-json\/wp\/v2\/comments?post=3814"}],"version-history":[{"count":2,"href":"https:\/\/www.welovecycling.com\/es\/wp-json\/wp\/v2\/posts\/3814\/revisions"}],"predecessor-version":[{"id":3819,"href":"https:\/\/www.welovecycling.com\/es\/wp-json\/wp\/v2\/posts\/3814\/revisions\/3819"}],"wp:featuredmedia":[{"embeddable":true,"href":"https:\/\/www.welovecycling.com\/es\/wp-json\/wp\/v2\/media\/3815"}],"wp:attachment":[{"href":"https:\/\/www.welovecycling.com\/es\/wp-json\/wp\/v2\/media?parent=3814"}],"wp:term":[{"taxonomy":"category","embeddable":true,"href":"https:\/\/www.welovecycling.com\/es\/wp-json\/wp\/v2\/categories?post=3814"},{"taxonomy":"post_tag","embeddable":true,"href":"https:\/\/www.welovecycling.com\/es\/wp-json\/wp\/v2\/tags?post=3814"},{"taxonomy":"global-categories","embeddable":true,"href":"https:\/\/www.welovecycling.com\/es\/wp-json\/wp\/v2\/global-categories?post=3814"}],"curies":[{"name":"wp","href":"https:\/\/api.w.org\/{rel}","templated":true}]}}