{"id":3803,"date":"2018-11-18T19:13:04","date_gmt":"2018-11-18T17:13:04","guid":{"rendered":"https:\/\/www.welovecycling.com\/es\/?p=3803"},"modified":"2018-11-18T19:13:04","modified_gmt":"2018-11-18T17:13:04","slug":"strava-garmin-polar-y-potenciometros","status":"publish","type":"post","link":"https:\/\/www.welovecycling.com\/es\/2018\/11\/18\/strava-garmin-polar-y-potenciometros\/","title":{"rendered":"Strava, Garmin, Polar y potenci\u00f3metros. La tecnolog\u00eda en el ciclismo"},"content":{"rendered":"<p><b>Hace tiempo tu bicicleta\u00a0<\/b><strong>era todo lo que necesitabas para mantenerte en forma. Si hac\u00edas un programa de entrenamiento sistem\u00e1tico, es posible que haya agregado un reloj y\/o un puls\u00f3metro para controlar su progreso. Pero eso fue antes de que Internet y la llamada Revoluci\u00f3n Digital permitieran que cualquier persona apasionada por las dos ruedas y el fitness siguiera una agenda de entrenamiento tan detallada y precisa como la dise\u00f1ada para los atletas profesionales<\/strong>.<\/p>\n<p><!--more--><\/p>\n<p>Las mejores cosas en la vida son gratis, dicen, y la popular aplicaci\u00f3n<strong> Strava, para iOS y Android, pertenece definitivamente a esa categor\u00eda<\/strong>. Utiliza el tel\u00e9fono o los sensores de vigilancia GPS para realizar un seguimiento de su entrenamiento mientras mide la velocidad, la distancia, la cadencia de pedaleo, la potencia y la frecuencia card\u00edaca. Adem\u00e1s, incluye caracter\u00edsticas que te hacen parte de una comunidad ciclista global usando mapas de calor para mostrar las rutas m\u00e1s populares en bicicleta en el mundo. Tambi\u00e9n permite a los ciclistas mostrar sus tiempos en las subidas y bajadas m\u00e1s populares, creando as\u00ed un marcador de tiempos con el que medir su fuerza ciclista.<\/p>\n<figure id=\"attachment_3804\" aria-describedby=\"caption-attachment-3804\" style=\"width: 1375px\" class=\"wp-caption alignnone\"><a href=\"https:\/\/d2p6e6u75xmxt8.cloudfront.net\/6\/2018\/11\/profimedia-0344282731-1.jpg\"><img loading=\"lazy\" decoding=\"async\" class=\"wp-image-3804 size-full\" src=\"https:\/\/d2p6e6u75xmxt8.cloudfront.net\/6\/2018\/11\/profimedia-0344282731-1.jpg\" alt=\"\" width=\"1375\" height=\"600\" srcset=\"https:\/\/d2p6e6u75xmxt8.cloudfront.net\/6\/2018\/11\/profimedia-0344282731-1.jpg 1375w, https:\/\/d2p6e6u75xmxt8.cloudfront.net\/6\/2018\/11\/profimedia-0344282731-1-300x131.jpg 300w, https:\/\/d2p6e6u75xmxt8.cloudfront.net\/6\/2018\/11\/profimedia-0344282731-1-768x335.jpg 768w, https:\/\/d2p6e6u75xmxt8.cloudfront.net\/6\/2018\/11\/profimedia-0344282731-1-1024x447.jpg 1024w\" sizes=\"auto, (max-width: 1375px) 100vw, 1375px\" \/><\/a><figcaption id=\"caption-attachment-3804\" class=\"wp-caption-text\">Las mejores cosas de la vida son gratis.<\/figcaption><\/figure>\n<p>&nbsp;<\/p>\n<p>Si eso no es suficiente, puede ascender a Strava Summit por una cuota mensual de 2,87 euros por uno de los tres paquetes especiales. El paquete incluye entrenamientos personalizados y le permite establecer objetivos de entrenamiento, as\u00ed como competir con los ciclistas en su categor\u00eda de edad y peso. El paquete de an\u00e1lisis recopila y analiza datos de dispositivos GPS, monitores de frecuencia card\u00edaca y medidores de potencia para proporcionar an\u00e1lisis de rendimiento granular, lo que le permite controlar su estado f\u00edsico a lo largo del tiempo. Tambi\u00e9n hay un Paquete de Seguridad que proporciona su ubicaci\u00f3n a otros mientras usted est\u00e1 en un entrenamiento. Una ventaja adicional es que el <strong>Strava es compatible con un gran n\u00famero de dispositivos, incluidos el Polar M460 y el Garmin Edge 1030.<\/strong> Los paquetes tambi\u00e9n est\u00e1n disponibles por una cuota anual.<\/p>\n<p>El\u00a0<strong>Polar M460<\/strong> realiza un seguimiento de la velocidad, la distancia, la altitud y la pendiente con GPS y bar\u00f3metro, y se conecta con la funci\u00f3n Strava Live Segments para proporcionar datos en tiempo real sobre su rendimiento despu\u00e9s de terminar de conducir en el segmento. El M460 tambi\u00e9n puede conectarse a medidores de potencia Bluetooth Smart y a un sensor de frecuencia card\u00edaca Polar si desea datos de rendimiento m\u00e1s detallados. Su bater\u00eda proporciona hasta 16 horas de entrenamiento con una sola carga. Su precio de 250 euros lo convierte en una opci\u00f3n asequible para aquellos que quieren un dispositivo fiable, pero sin algunas de los extras profesionales.<\/p>\n<figure id=\"attachment_3805\" aria-describedby=\"caption-attachment-3805\" style=\"width: 600px\" class=\"wp-caption alignnone\"><a href=\"https:\/\/d2p6e6u75xmxt8.cloudfront.net\/6\/2018\/11\/POLAR-M460-HR.jpg\"><img loading=\"lazy\" decoding=\"async\" class=\"size-full wp-image-3805\" src=\"https:\/\/d2p6e6u75xmxt8.cloudfront.net\/6\/2018\/11\/POLAR-M460-HR.jpg\" alt=\"\" width=\"600\" height=\"394\" srcset=\"https:\/\/d2p6e6u75xmxt8.cloudfront.net\/6\/2018\/11\/POLAR-M460-HR.jpg 600w, https:\/\/d2p6e6u75xmxt8.cloudfront.net\/6\/2018\/11\/POLAR-M460-HR-300x197.jpg 300w\" sizes=\"auto, (max-width: 600px) 100vw, 600px\" \/><\/a><figcaption id=\"caption-attachment-3805\" class=\"wp-caption-text\">Polar M460 parece una opci\u00f3n asequible.<\/figcaption><\/figure>\n<p>Tendr\u00e1s que desembolsar alrededor de 500 euros por el realmente profesional Garmin Edge 1030, que utiliza Strava para las carreras de ruta y de vuelta y se conecta a todos los sensores necesarios, como monitores de frecuencia card\u00edaca, sensores de cadencia y medidores de potencia. Tambi\u00e9n ofrece un mapa actualizado que incluye navegaci\u00f3n paso a paso y alertas de navegaci\u00f3n que le notifican de los pr\u00f3ximos giros bruscos, as\u00ed como una ruta de ida y vuelta que le sugerir\u00e1 una ruta para usted o le dar\u00e1 la opci\u00f3n de elegir hasta 3 rutas.<\/p>\n<p>La funci\u00f3n <strong>Best Bike Split te permite ver como los cambios en el peso, la potencia y la resistencia afectan al tiempo<\/strong> de carrera objetivo, mientras que una funci\u00f3n de estado de entrenamiento eval\u00faa autom\u00e1ticamente tu historial de ejercicio reciente y los indicadores de rendimiento para saber si est\u00e1s entrenando de forma productiva, alcanzando tu punto m\u00e1ximo o sobrepasando tus objetivos. Una m\u00e9trica anaer\u00f3bica del efecto del entrenamiento le muestra c\u00f3mo su entrenamiento est\u00e1 mejorando su capacidad para superar los l\u00edmites, y otra m\u00e9trica realiza un seguimiento del volumen de ejercicio de los \u00faltimos siete d\u00edas y lo compara con el rango \u00f3ptimo para su estado f\u00edsico y su historial de entrenamiento reciente. Hace de todo menos montar en bicicleta por ti. Pero eso no es todo lo que hace.<\/p>\n<figure id=\"attachment_3727\" aria-describedby=\"caption-attachment-3727\" style=\"width: 1024px\" class=\"wp-caption alignnone\"><a href=\"https:\/\/d2p6e6u75xmxt8.cloudfront.net\/6\/2018\/10\/GARMIN1030.jpg\"><img loading=\"lazy\" decoding=\"async\" class=\"wp-image-3727 size-full\" src=\"https:\/\/d2p6e6u75xmxt8.cloudfront.net\/6\/2018\/10\/GARMIN1030.jpg\" alt=\"\" width=\"1024\" height=\"683\" srcset=\"https:\/\/d2p6e6u75xmxt8.cloudfront.net\/6\/2018\/10\/GARMIN1030.jpg 1024w, https:\/\/d2p6e6u75xmxt8.cloudfront.net\/6\/2018\/10\/GARMIN1030-300x200.jpg 300w, https:\/\/d2p6e6u75xmxt8.cloudfront.net\/6\/2018\/10\/GARMIN1030-768x512.jpg 768w, https:\/\/d2p6e6u75xmxt8.cloudfront.net\/6\/2018\/10\/GARMIN1030-272x182.jpg 272w\" sizes=\"auto, (max-width: 1024px) 100vw, 1024px\" \/><\/a><figcaption id=\"caption-attachment-3727\" class=\"wp-caption-text\">El Garmin ofrece casi todo lo que puedas necesitar. \u00a9 Martin Roman<\/figcaption><\/figure>\n<p>&nbsp;<\/p>\n<p>El <strong>Edge 1030 tambi\u00e9n tiene una conexi\u00f3n de tel\u00e9fono inteligente<\/strong> para que puedas ver todas tus notificaciones, y ofrece una funci\u00f3n de mensajer\u00eda de ciclista a ciclista que te permite enviar mensajes preescritos a otros ciclistas de tu grupo utilizando Garmin y, cuando se conecta con el tel\u00e9fono, te permite encontrar a los otros ciclistas, o viceversa, en caso de que te separes. La bater\u00eda ofrece hasta 20 horas de energ\u00eda con una carga, y hasta el doble si recibes el paquete de bater\u00edas integrado de Garmin Charge. Al igual que el M460, se monta f\u00e1cilmente en el manillar.<\/p>\n<p>Si el dinero no es un problema cuando se trata de la bicicleta y de tu salud, entonces puedes gastar m\u00e1s de 1000 euros en el medidor de potencia <strong>Verve InfoCrank,<\/strong> que es utilizado por British Cycling, por lo que debe valer la pena gastarlo. Ofrece una forma muy clara de ver cu\u00e1nta potencia est\u00e1 usando en cada pierna, para que pueda adaptar su estilo de pedalear y eliminar los desequilibrios para convertirse en un ciclista m\u00e1s eficiente<\/p>\n<figure id=\"attachment_3806\" aria-describedby=\"caption-attachment-3806\" style=\"width: 700px\" class=\"wp-caption alignnone\"><a href=\"https:\/\/d2p6e6u75xmxt8.cloudfront.net\/6\/2018\/11\/Infocrank.png\"><img loading=\"lazy\" decoding=\"async\" class=\"size-full wp-image-3806\" src=\"https:\/\/d2p6e6u75xmxt8.cloudfront.net\/6\/2018\/11\/Infocrank.png\" alt=\"\" width=\"700\" height=\"378\" srcset=\"https:\/\/d2p6e6u75xmxt8.cloudfront.net\/6\/2018\/11\/Infocrank.png 700w, https:\/\/d2p6e6u75xmxt8.cloudfront.net\/6\/2018\/11\/Infocrank-300x162.png 300w\" sizes=\"auto, (max-width: 700px) 100vw, 700px\" \/><\/a><figcaption id=\"caption-attachment-3806\" class=\"wp-caption-text\">British Cycling elige a InfoCrank por su innegable precisi\u00f3n y durabilidad<\/figcaption><\/figure>\n<p>&nbsp;<\/p>\n<p>El <strong>InfoCrank es f\u00e1cil de conectar a una amplia gama de ordenadores para ciclismo, a trav\u00e9s de ANT+, y proporciona m\u00e9tricas como la cadencia,<\/strong> la suavidad del pedal y la eficacia del par, a la vez que ofrece unas incre\u00edbles 500 horas con las econ\u00f3micas bater\u00edas de \u00f3xido de plata SR44. Las mediciones son extremadamente precisas, +\/- 1%, lo que significa que usted puede confiar en la precisi\u00f3n de la medici\u00f3n.\u00a0El dispositivo a\u00f1ade s\u00f3lo unos 690 gramos al peso de su bicicleta, por lo que dif\u00edcilmente sabr\u00e1 que est\u00e1 ah\u00ed.<\/p>\n<p>Todav\u00eda es pronto para que los ciclistas optimicen sus bicicletas y las conviertan en gimnasios m\u00f3viles. Los dispositivos ser\u00e1n m\u00e1s peque\u00f1os, m\u00e1s potentes y, probablemente, menos caros, y no hace falta mucha imaginaci\u00f3n para prever un d\u00eda en el que podr\u00e1s comprar una bicicleta preequipada con la mayor\u00eda de las funciones que ahora ofrecen estos complementos de \u00faltima generaci\u00f3n.<\/p>\n","protected":false},"excerpt":{"rendered":"<p>Hace tiempo tu bicicleta\u00a0era todo lo que necesitabas para mantenerte en forma. Si hac\u00edas un programa de entrenamiento sistem\u00e1tico, es [&hellip;]<\/p>\n","protected":false},"author":29,"featured_media":3808,"comment_status":"open","ping_status":"open","sticky":false,"template":"","format":"standard","meta":{"footnotes":""},"categories":[7,9],"tags":[227,739,742,740,738,741],"global-categories":[],"class_list":["post-3803","post","type-post","status-publish","format-standard","has-post-thumbnail","hentry","category-carretera","category-mtb-aventura","tag-entrenamiento-ciclista","tag-garmin-edge-1030","tag-polar-m460","tag-strava","tag-strava-summit","tag-verve-infocrank"],"yoast_head":"<!-- This site is optimized with the Yoast SEO Premium plugin v25.3 (Yoast SEO v25.9) - https:\/\/yoast.com\/wordpress\/plugins\/seo\/ -->\n<title>Strava, Garmin, Polar y potenci\u00f3metros. La tecnolog\u00eda en el ciclismo - \u0160koda We Love Cycling - Spain<\/title>\n<meta name=\"description\" content=\"Strava, Garmin, Polar y potenci\u00f3metros. La tecnolog\u00eda en el ciclismo. C\u00f3mo mejorar tus entrenamientos confiando en la tecnolog\u00eda ciclista.\" \/>\n<meta name=\"robots\" content=\"index, follow, max-snippet:-1, max-image-preview:large, max-video-preview:-1\" \/>\n<link rel=\"canonical\" href=\"https:\/\/www.welovecycling.com\/es\/2018\/11\/18\/strava-garmin-polar-y-potenciometros\/\" \/>\n<meta property=\"og:locale\" content=\"es_ES\" \/>\n<meta property=\"og:type\" content=\"article\" \/>\n<meta property=\"og:title\" content=\"Strava, Garmin, Polar y potenci\u00f3metros. La tecnolog\u00eda en el ciclismo\" \/>\n<meta property=\"og:description\" content=\"Strava, Garmin, Polar y potenci\u00f3metros. La tecnolog\u00eda en el ciclismo. C\u00f3mo mejorar tus entrenamientos confiando en la tecnolog\u00eda ciclista.\" \/>\n<meta property=\"og:url\" content=\"https:\/\/www.welovecycling.com\/es\/2018\/11\/18\/strava-garmin-polar-y-potenciometros\/\" \/>\n<meta property=\"og:site_name\" content=\"\u0160koda We Love Cycling - Spain\" \/>\n<meta property=\"article:published_time\" content=\"2018-11-18T17:13:04+00:00\" \/>\n<meta property=\"og:image\" content=\"https:\/\/d2p6e6u75xmxt8.cloudfront.net\/6\/2018\/11\/Tour-de-France-Time-Trial-Stage-KRISTIJAN-KOREN-Team-Cannondale-Garmin-0252151371.jpg\" \/>\n\t<meta property=\"og:image:width\" content=\"1366\" \/>\n\t<meta property=\"og:image:height\" content=\"600\" \/>\n\t<meta property=\"og:image:type\" content=\"image\/jpeg\" \/>\n<meta name=\"author\" content=\"We Love Cycling Spain\" \/>\n<meta name=\"twitter:card\" content=\"summary_large_image\" \/>\n<meta name=\"twitter:title\" content=\"Strava, Garmin, Polar y potenci\u00f3metros. La tecnolog\u00eda en el ciclismo\" \/>\n<meta name=\"twitter:description\" content=\"Strava, Garmin, Polar y potenci\u00f3metros. La tecnolog\u00eda en el ciclismo. C\u00f3mo mejorar tus entrenamientos confiando en la tecnolog\u00eda ciclista.\" \/>\n<meta name=\"twitter:label1\" content=\"Written by\" \/>\n\t<meta name=\"twitter:data1\" content=\"Siegfried Mortkowitz\" \/>\n\t<meta name=\"twitter:label2\" content=\"Est. reading time\" \/>\n\t<meta name=\"twitter:data2\" content=\"5\" \/>\n<script type=\"application\/ld+json\" class=\"yoast-schema-graph\">{\"@context\":\"https:\/\/schema.org\",\"@graph\":[{\"@type\":\"WebPage\",\"@id\":\"https:\/\/www.welovecycling.com\/es\/2018\/11\/18\/strava-garmin-polar-y-potenciometros\/\",\"url\":\"https:\/\/www.welovecycling.com\/es\/2018\/11\/18\/strava-garmin-polar-y-potenciometros\/\",\"name\":\"Strava, Garmin, Polar y potenci\u00f3metros. La tecnolog\u00eda en el ciclismo - \u0160koda We Love Cycling - Spain\",\"isPartOf\":{\"@id\":\"https:\/\/www.welovecycling.com\/es\/#website\"},\"primaryImageOfPage\":{\"@id\":\"https:\/\/www.welovecycling.com\/es\/2018\/11\/18\/strava-garmin-polar-y-potenciometros\/#primaryimage\"},\"image\":{\"@id\":\"https:\/\/www.welovecycling.com\/es\/2018\/11\/18\/strava-garmin-polar-y-potenciometros\/#primaryimage\"},\"thumbnailUrl\":\"https:\/\/d2p6e6u75xmxt8.cloudfront.net\/6\/2018\/11\/Tour-de-France-Time-Trial-Stage-KRISTIJAN-KOREN-Team-Cannondale-Garmin-0252151371.jpg\",\"datePublished\":\"2018-11-18T17:13:04+00:00\",\"author\":{\"@id\":\"https:\/\/www.welovecycling.com\/es\/#\/schema\/person\/deb61715b5812698ee79fb96f343ccd4\"},\"description\":\"Strava, Garmin, Polar y potenci\u00f3metros. La tecnolog\u00eda en el ciclismo. C\u00f3mo mejorar tus entrenamientos confiando en la tecnolog\u00eda ciclista.\",\"breadcrumb\":{\"@id\":\"https:\/\/www.welovecycling.com\/es\/2018\/11\/18\/strava-garmin-polar-y-potenciometros\/#breadcrumb\"},\"inLanguage\":\"es-ES\",\"potentialAction\":[{\"@type\":\"ReadAction\",\"target\":[\"https:\/\/www.welovecycling.com\/es\/2018\/11\/18\/strava-garmin-polar-y-potenciometros\/\"]}]},{\"@type\":\"ImageObject\",\"inLanguage\":\"es-ES\",\"@id\":\"https:\/\/www.welovecycling.com\/es\/2018\/11\/18\/strava-garmin-polar-y-potenciometros\/#primaryimage\",\"url\":\"https:\/\/d2p6e6u75xmxt8.cloudfront.net\/6\/2018\/11\/Tour-de-France-Time-Trial-Stage-KRISTIJAN-KOREN-Team-Cannondale-Garmin-0252151371.jpg\",\"contentUrl\":\"https:\/\/d2p6e6u75xmxt8.cloudfront.net\/6\/2018\/11\/Tour-de-France-Time-Trial-Stage-KRISTIJAN-KOREN-Team-Cannondale-Garmin-0252151371.jpg\",\"width\":1366,\"height\":600},{\"@type\":\"BreadcrumbList\",\"@id\":\"https:\/\/www.welovecycling.com\/es\/2018\/11\/18\/strava-garmin-polar-y-potenciometros\/#breadcrumb\",\"itemListElement\":[{\"@type\":\"ListItem\",\"position\":1,\"name\":\"Home\",\"item\":\"https:\/\/www.welovecycling.com\/es\/\"},{\"@type\":\"ListItem\",\"position\":2,\"name\":\"Strava, Garmin, Polar y potenci\u00f3metros. La tecnolog\u00eda en el ciclismo\"}]},{\"@type\":\"WebSite\",\"@id\":\"https:\/\/www.welovecycling.com\/es\/#website\",\"url\":\"https:\/\/www.welovecycling.com\/es\/\",\"name\":\"\u0160koda We Love Cycling - Spain\",\"description\":\"\u0160koda WeLoveCycling Spain\",\"potentialAction\":[{\"@type\":\"SearchAction\",\"target\":{\"@type\":\"EntryPoint\",\"urlTemplate\":\"https:\/\/www.welovecycling.com\/es\/?s={search_term_string}\"},\"query-input\":{\"@type\":\"PropertyValueSpecification\",\"valueRequired\":true,\"valueName\":\"search_term_string\"}}],\"inLanguage\":\"es-ES\"},{\"@type\":\"Person\",\"@id\":\"https:\/\/www.welovecycling.com\/es\/#\/schema\/person\/deb61715b5812698ee79fb96f343ccd4\",\"name\":\"We Love Cycling Spain\",\"image\":{\"@type\":\"ImageObject\",\"inLanguage\":\"es-ES\",\"@id\":\"https:\/\/www.welovecycling.com\/es\/#\/schema\/person\/image\/\",\"url\":\"https:\/\/secure.gravatar.com\/avatar\/c824b04e6df0e37a03219d0b6481672889df542894588964102459e46513159c?s=96&d=mm&r=g\",\"contentUrl\":\"https:\/\/secure.gravatar.com\/avatar\/c824b04e6df0e37a03219d0b6481672889df542894588964102459e46513159c?s=96&d=mm&r=g\",\"caption\":\"We Love Cycling Spain\"},\"url\":\"https:\/\/www.welovecycling.com\/es\/author\/amunoz\/\"}]}<\/script>\n<!-- \/ Yoast SEO Premium plugin. -->","yoast_head_json":{"title":"Strava, Garmin, Polar y potenci\u00f3metros. La tecnolog\u00eda en el ciclismo - \u0160koda We Love Cycling - Spain","description":"Strava, Garmin, Polar y potenci\u00f3metros. La tecnolog\u00eda en el ciclismo. C\u00f3mo mejorar tus entrenamientos confiando en la tecnolog\u00eda ciclista.","robots":{"index":"index","follow":"follow","max-snippet":"max-snippet:-1","max-image-preview":"max-image-preview:large","max-video-preview":"max-video-preview:-1"},"canonical":"https:\/\/www.welovecycling.com\/es\/2018\/11\/18\/strava-garmin-polar-y-potenciometros\/","og_locale":"es_ES","og_type":"article","og_title":"Strava, Garmin, Polar y potenci\u00f3metros. La tecnolog\u00eda en el ciclismo","og_description":"Strava, Garmin, Polar y potenci\u00f3metros. La tecnolog\u00eda en el ciclismo. C\u00f3mo mejorar tus entrenamientos confiando en la tecnolog\u00eda ciclista.","og_url":"https:\/\/www.welovecycling.com\/es\/2018\/11\/18\/strava-garmin-polar-y-potenciometros\/","og_site_name":"\u0160koda We Love Cycling - Spain","article_published_time":"2018-11-18T17:13:04+00:00","og_image":[{"width":1366,"height":600,"url":"https:\/\/d2p6e6u75xmxt8.cloudfront.net\/6\/2018\/11\/Tour-de-France-Time-Trial-Stage-KRISTIJAN-KOREN-Team-Cannondale-Garmin-0252151371.jpg","type":"image\/jpeg"}],"author":"We Love Cycling Spain","twitter_card":"summary_large_image","twitter_title":"Strava, Garmin, Polar y potenci\u00f3metros. La tecnolog\u00eda en el ciclismo","twitter_description":"Strava, Garmin, Polar y potenci\u00f3metros. La tecnolog\u00eda en el ciclismo. C\u00f3mo mejorar tus entrenamientos confiando en la tecnolog\u00eda ciclista.","twitter_misc":{"Written by":"Siegfried Mortkowitz","Est. reading time":"5"},"schema":{"@context":"https:\/\/schema.org","@graph":[{"@type":"WebPage","@id":"https:\/\/www.welovecycling.com\/es\/2018\/11\/18\/strava-garmin-polar-y-potenciometros\/","url":"https:\/\/www.welovecycling.com\/es\/2018\/11\/18\/strava-garmin-polar-y-potenciometros\/","name":"Strava, Garmin, Polar y potenci\u00f3metros. La tecnolog\u00eda en el ciclismo - \u0160koda We Love Cycling - Spain","isPartOf":{"@id":"https:\/\/www.welovecycling.com\/es\/#website"},"primaryImageOfPage":{"@id":"https:\/\/www.welovecycling.com\/es\/2018\/11\/18\/strava-garmin-polar-y-potenciometros\/#primaryimage"},"image":{"@id":"https:\/\/www.welovecycling.com\/es\/2018\/11\/18\/strava-garmin-polar-y-potenciometros\/#primaryimage"},"thumbnailUrl":"https:\/\/d2p6e6u75xmxt8.cloudfront.net\/6\/2018\/11\/Tour-de-France-Time-Trial-Stage-KRISTIJAN-KOREN-Team-Cannondale-Garmin-0252151371.jpg","datePublished":"2018-11-18T17:13:04+00:00","author":{"@id":"https:\/\/www.welovecycling.com\/es\/#\/schema\/person\/deb61715b5812698ee79fb96f343ccd4"},"description":"Strava, Garmin, Polar y potenci\u00f3metros. La tecnolog\u00eda en el ciclismo. C\u00f3mo mejorar tus entrenamientos confiando en la tecnolog\u00eda ciclista.","breadcrumb":{"@id":"https:\/\/www.welovecycling.com\/es\/2018\/11\/18\/strava-garmin-polar-y-potenciometros\/#breadcrumb"},"inLanguage":"es-ES","potentialAction":[{"@type":"ReadAction","target":["https:\/\/www.welovecycling.com\/es\/2018\/11\/18\/strava-garmin-polar-y-potenciometros\/"]}]},{"@type":"ImageObject","inLanguage":"es-ES","@id":"https:\/\/www.welovecycling.com\/es\/2018\/11\/18\/strava-garmin-polar-y-potenciometros\/#primaryimage","url":"https:\/\/d2p6e6u75xmxt8.cloudfront.net\/6\/2018\/11\/Tour-de-France-Time-Trial-Stage-KRISTIJAN-KOREN-Team-Cannondale-Garmin-0252151371.jpg","contentUrl":"https:\/\/d2p6e6u75xmxt8.cloudfront.net\/6\/2018\/11\/Tour-de-France-Time-Trial-Stage-KRISTIJAN-KOREN-Team-Cannondale-Garmin-0252151371.jpg","width":1366,"height":600},{"@type":"BreadcrumbList","@id":"https:\/\/www.welovecycling.com\/es\/2018\/11\/18\/strava-garmin-polar-y-potenciometros\/#breadcrumb","itemListElement":[{"@type":"ListItem","position":1,"name":"Home","item":"https:\/\/www.welovecycling.com\/es\/"},{"@type":"ListItem","position":2,"name":"Strava, Garmin, Polar y potenci\u00f3metros. La tecnolog\u00eda en el ciclismo"}]},{"@type":"WebSite","@id":"https:\/\/www.welovecycling.com\/es\/#website","url":"https:\/\/www.welovecycling.com\/es\/","name":"\u0160koda We Love Cycling - Spain","description":"\u0160koda WeLoveCycling Spain","potentialAction":[{"@type":"SearchAction","target":{"@type":"EntryPoint","urlTemplate":"https:\/\/www.welovecycling.com\/es\/?s={search_term_string}"},"query-input":{"@type":"PropertyValueSpecification","valueRequired":true,"valueName":"search_term_string"}}],"inLanguage":"es-ES"},{"@type":"Person","@id":"https:\/\/www.welovecycling.com\/es\/#\/schema\/person\/deb61715b5812698ee79fb96f343ccd4","name":"We Love Cycling Spain","image":{"@type":"ImageObject","inLanguage":"es-ES","@id":"https:\/\/www.welovecycling.com\/es\/#\/schema\/person\/image\/","url":"https:\/\/secure.gravatar.com\/avatar\/c824b04e6df0e37a03219d0b6481672889df542894588964102459e46513159c?s=96&d=mm&r=g","contentUrl":"https:\/\/secure.gravatar.com\/avatar\/c824b04e6df0e37a03219d0b6481672889df542894588964102459e46513159c?s=96&d=mm&r=g","caption":"We Love Cycling Spain"},"url":"https:\/\/www.welovecycling.com\/es\/author\/amunoz\/"}]}},"_links":{"self":[{"href":"https:\/\/www.welovecycling.com\/es\/wp-json\/wp\/v2\/posts\/3803","targetHints":{"allow":["GET"]}}],"collection":[{"href":"https:\/\/www.welovecycling.com\/es\/wp-json\/wp\/v2\/posts"}],"about":[{"href":"https:\/\/www.welovecycling.com\/es\/wp-json\/wp\/v2\/types\/post"}],"author":[{"embeddable":true,"href":"https:\/\/www.welovecycling.com\/es\/wp-json\/wp\/v2\/users\/29"}],"replies":[{"embeddable":true,"href":"https:\/\/www.welovecycling.com\/es\/wp-json\/wp\/v2\/comments?post=3803"}],"version-history":[{"count":2,"href":"https:\/\/www.welovecycling.com\/es\/wp-json\/wp\/v2\/posts\/3803\/revisions"}],"predecessor-version":[{"id":3809,"href":"https:\/\/www.welovecycling.com\/es\/wp-json\/wp\/v2\/posts\/3803\/revisions\/3809"}],"wp:featuredmedia":[{"embeddable":true,"href":"https:\/\/www.welovecycling.com\/es\/wp-json\/wp\/v2\/media\/3808"}],"wp:attachment":[{"href":"https:\/\/www.welovecycling.com\/es\/wp-json\/wp\/v2\/media?parent=3803"}],"wp:term":[{"taxonomy":"category","embeddable":true,"href":"https:\/\/www.welovecycling.com\/es\/wp-json\/wp\/v2\/categories?post=3803"},{"taxonomy":"post_tag","embeddable":true,"href":"https:\/\/www.welovecycling.com\/es\/wp-json\/wp\/v2\/tags?post=3803"},{"taxonomy":"global-categories","embeddable":true,"href":"https:\/\/www.welovecycling.com\/es\/wp-json\/wp\/v2\/global-categories?post=3803"}],"curies":[{"name":"wp","href":"https:\/\/api.w.org\/{rel}","templated":true}]}}