{"id":3794,"date":"2018-11-16T12:09:53","date_gmt":"2018-11-16T10:09:53","guid":{"rendered":"https:\/\/www.welovecycling.com\/es\/?p=3794"},"modified":"2018-11-16T12:11:09","modified_gmt":"2018-11-16T10:11:09","slug":"bicicleta-para-invierno","status":"publish","type":"post","link":"https:\/\/www.welovecycling.com\/es\/2018\/11\/16\/bicicleta-para-invierno\/","title":{"rendered":"C\u00f3mo elegir una bicicleta para invierno"},"content":{"rendered":"<p><strong>Con la llegada del invierno, y especialmente en los lugares que hace m\u00e1s fr\u00edo y nieva, conviene dejar aparcada la bicicleta tope gama de carbono y pensar en otras opciones m\u00e1s econ\u00f3micas y s\u00f3lidas Aqu\u00ed te damos consejos de c\u00f3mo elegir una bicicleta para invierno.<\/strong><!--more--><\/p>\n<h2><strong>Simplicidad<\/strong><\/h2>\n<p>Independientemente de si usted va en bicicleta de monta\u00f1a, BMX, o carretera, una bicicleta de invierno debe ser simple. Las bicis fixies no tienen mala pinta &#8211; la aceleraci\u00f3n lenta y la deceleraci\u00f3n medida deber\u00edan mitigar el riesgo de derrape en condiciones de hielo. Pero, \u00bfrealmente quieres estar resoplando y resoplando y con las piernas duras todo el d\u00eda? Considere el hub de SRAM Automatix:<\/p>\n<p>:<\/p>\n<lite-youtube videoid=LlItzt879SA params=\"enablejsapi=1\" style=\"background-image: url('https:\/\/i.ytimg.com\/vi_webp\/LlItzt879SA\/maxresdefault.webp');\"><\/lite-youtube>\n<p>As\u00ed que, no te pongas una bicicleta muy simple. Menor n\u00famero de marchas y ruedas de liberaci\u00f3n r\u00e1pida. Nada que signifique pasar demasiado tiempo en el fr\u00edo helado tratando de arreglarla. Una bicicleta con un buje interno significa menos mantenimiento, especialmente si tiene un cambio de marchas autom\u00e1tico.<\/p>\n<h2><strong>Desarrollos<\/strong><\/h2>\n<p>Si una gama de marchas es imprescindible en sus rutas de invierno, entonces opte por una mayor relaci\u00f3n de marchas. La marcha m\u00e1s baja, incluso en un buje de 3 velocidades, le permitir\u00e1 girar m\u00e1s r\u00e1pido que un fijador, pero una marcha m\u00e1s baja en un casete de 11 velocidades podr\u00eda ser peligrosa en el hielo, a menos que opte por una relaci\u00f3n alta.<\/p>\n<p><a href=\"https:\/\/d2p6e6u75xmxt8.cloudfront.net\/6\/2018\/11\/coverwinter.jpg\"><img loading=\"lazy\" decoding=\"async\" class=\"alignnone size-full wp-image-3798\" src=\"https:\/\/d2p6e6u75xmxt8.cloudfront.net\/6\/2018\/11\/coverwinter.jpg\" alt=\"\" width=\"1366\" height=\"600\" srcset=\"https:\/\/d2p6e6u75xmxt8.cloudfront.net\/6\/2018\/11\/coverwinter.jpg 1366w, https:\/\/d2p6e6u75xmxt8.cloudfront.net\/6\/2018\/11\/coverwinter-300x132.jpg 300w, https:\/\/d2p6e6u75xmxt8.cloudfront.net\/6\/2018\/11\/coverwinter-768x337.jpg 768w, https:\/\/d2p6e6u75xmxt8.cloudfront.net\/6\/2018\/11\/coverwinter-1024x450.jpg 1024w\" sizes=\"auto, (max-width: 1366px) 100vw, 1366px\" \/><\/a><\/p>\n<p>Es el mismo principio en un coche o una furgoneta &#8211; salir en condiciones resbaladizas funciona mejor en 2\u00aa marcha. Reduce el riesgo de que las ruedas patinen. He hecho girar la rueda de una bicicleta de carretera en 8\u00aa marcha, alej\u00e1ndome de un ciclista que estaba adelant\u00e1ndome. Adem\u00e1s, los desarrollos m\u00e1s altos te entrenar\u00e1n muy bien para la primavera.<\/p>\n<h2><strong>Elige un cuadro de aluminio<\/strong><\/h2>\n<p>No hay nada que le impida montar en un cuadro de carbono en invierno &#8211; no notar\u00e1 ninguna disminuci\u00f3n en el rendimiento de su bicicleta para condiciones meteorol\u00f3gicas adversas. Y lo mismo se aplica a una bicicleta de acero,\u00a0 Hay razones de peso para elegir un cuadro de aluminio.<\/p>\n<lite-youtube videoid=4JBIJM8YpY0 params=\"enablejsapi=1\" style=\"background-image: url('https:\/\/i.ytimg.com\/vi_webp\/4JBIJM8YpY0\/maxresdefault.webp');\"><\/lite-youtube>\n<p>El aluminio es barato, robusto, ligero y puede soportar algunos golpes, y mientras que el acero puede soportar alg\u00fan castigo m\u00e1s duro, \u00bfPero quieres golpear y ara\u00f1ar tu hermoso y restaurado cuadro? Porque despu\u00e9s de tus 25 kil\u00f3metros de viaje, revolviendo sal en su parte inferior, con la cara y los dedos congelados, la vas a tirar contra una pared m\u00e1s r\u00e1pido de lo que Trump puede decir, &#8220;\u00bfte apetece una partida de golf?<\/p>\n<h2><strong>Frenos y cambios<\/strong><\/h2>\n<p>Si va a pedalear en un clima de -15\u00b0c, es posible que desee evitar los sistemas hidr\u00e1ulicos con aceites minerales; en su lugar, opte por los frenos DOT. Esto se debe al mejor rendimiento de los materiales de sellado utilizados en los sistemas DOT, m\u00e1s que a cualquier diferencia en el rendimiento de los l\u00edquidos. Es una distinci\u00f3n sutil pero importante &#8211; s\u00f3lo aseg\u00farese de saber c\u00f3mo reparar sus frenos:<\/p>\n<lite-youtube videoid=39kX85XEXIA params=\"enablejsapi=1\" style=\"background-image: url('https:\/\/i.ytimg.com\/vi_webp\/39kX85XEXIA\/maxresdefault.webp');\"><\/lite-youtube>\n<p>Sin embargo, si usted deja una bicicleta con un sistema de aceite mineral en un pasillo trasero de suave a c\u00e1lido, y sus viajes son cortos, la diferencia en el rendimiento es imperceptible.\u00a0 Pero si le apetece una ruta de 4 horas por un sendero de monta\u00f1a &#8211; DOT igualar\u00e1 su entusiasmo por el fr\u00edo.\u00a0 Elija la bicicleta de invierno que mejor se adapte a sus necesidades.<\/p>\n","protected":false},"excerpt":{"rendered":"<p>Con la llegada del invierno, y especialmente en los lugares que hace m\u00e1s fr\u00edo y nieva, conviene dejar aparcada la [&hellip;]<\/p>\n","protected":false},"author":29,"featured_media":3800,"comment_status":"open","ping_status":"open","sticky":false,"template":"","format":"standard","meta":{"footnotes":""},"categories":[7,9,6],"tags":[735,737,189,736],"global-categories":[],"class_list":["post-3794","post","type-post","status-publish","format-standard","has-post-thumbnail","hentry","category-carretera","category-mtb-aventura","category-urban","tag-bicicleta-para-invierno","tag-bicicleta-para-nieve","tag-ciclismo-en-invierno","tag-consejos-para-adaptar-tu-bicicleta-al-invierno"],"yoast_head":"<!-- This site is optimized with the Yoast SEO Premium plugin v25.3 (Yoast SEO v25.9) - https:\/\/yoast.com\/wordpress\/plugins\/seo\/ -->\n<title>C\u00f3mo elegir una bicicleta para invierno - \u0160koda We Love Cycling - Spain<\/title>\n<meta name=\"description\" content=\"Como elegir una bicicleta para invierno: Deja aparcada la bicicleta tope gama de carbono y piensa en otras opciones m\u00e1s econ\u00f3micas y s\u00f3lidas.\" \/>\n<meta name=\"robots\" content=\"index, follow, max-snippet:-1, max-image-preview:large, max-video-preview:-1\" \/>\n<link rel=\"canonical\" href=\"https:\/\/www.welovecycling.com\/es\/2018\/11\/16\/bicicleta-para-invierno\/\" \/>\n<meta property=\"og:locale\" content=\"es_ES\" \/>\n<meta property=\"og:type\" content=\"article\" \/>\n<meta property=\"og:title\" content=\"Como elegir una bicicleta para invierno\" \/>\n<meta property=\"og:description\" content=\"Como elegir una bicicleta para invierno: Deja aparcada la bicicleta tope gama de carbono y piensa en otras opciones m\u00e1s econ\u00f3micas y s\u00f3lidas.\" \/>\n<meta property=\"og:url\" content=\"https:\/\/www.welovecycling.com\/es\/2018\/11\/16\/bicicleta-para-invierno\/\" \/>\n<meta property=\"og:site_name\" content=\"\u0160koda We Love Cycling - Spain\" \/>\n<meta property=\"article:published_time\" content=\"2018-11-16T10:09:53+00:00\" \/>\n<meta property=\"article:modified_time\" content=\"2018-11-16T10:11:09+00:00\" \/>\n<meta property=\"og:image\" content=\"https:\/\/d2p6e6u75xmxt8.cloudfront.net\/6\/2018\/11\/Extreme-Winter-Bike-Race-0391240496.jpg\" \/>\n\t<meta property=\"og:image:width\" content=\"1366\" \/>\n\t<meta property=\"og:image:height\" content=\"600\" \/>\n\t<meta property=\"og:image:type\" content=\"image\/jpeg\" \/>\n<meta name=\"author\" content=\"We Love Cycling Spain\" \/>\n<meta name=\"twitter:card\" content=\"summary_large_image\" \/>\n<meta name=\"twitter:title\" content=\"Como elegir una bicicleta para invierno\" \/>\n<meta name=\"twitter:description\" content=\"Como elegir una bicicleta para invierno: Deja aparcada la bicicleta tope gama de carbono y piensa en otras opciones m\u00e1s econ\u00f3micas y s\u00f3lidas.\" \/>\n<meta name=\"twitter:label1\" content=\"Written by\" \/>\n\t<meta name=\"twitter:data1\" content=\"Christopher Ashley\" \/>\n\t<meta name=\"twitter:label2\" content=\"Est. reading time\" \/>\n\t<meta name=\"twitter:data2\" content=\"5\" \/>\n<script type=\"application\/ld+json\" class=\"yoast-schema-graph\">{\"@context\":\"https:\/\/schema.org\",\"@graph\":[{\"@type\":\"WebPage\",\"@id\":\"https:\/\/www.welovecycling.com\/es\/2018\/11\/16\/bicicleta-para-invierno\/\",\"url\":\"https:\/\/www.welovecycling.com\/es\/2018\/11\/16\/bicicleta-para-invierno\/\",\"name\":\"C\u00f3mo elegir una bicicleta para invierno - \u0160koda We Love Cycling - Spain\",\"isPartOf\":{\"@id\":\"https:\/\/www.welovecycling.com\/es\/#website\"},\"primaryImageOfPage\":{\"@id\":\"https:\/\/www.welovecycling.com\/es\/2018\/11\/16\/bicicleta-para-invierno\/#primaryimage\"},\"image\":{\"@id\":\"https:\/\/www.welovecycling.com\/es\/2018\/11\/16\/bicicleta-para-invierno\/#primaryimage\"},\"thumbnailUrl\":\"https:\/\/d2p6e6u75xmxt8.cloudfront.net\/6\/2018\/11\/Extreme-Winter-Bike-Race-0391240496.jpg\",\"datePublished\":\"2018-11-16T10:09:53+00:00\",\"dateModified\":\"2018-11-16T10:11:09+00:00\",\"author\":{\"@id\":\"https:\/\/www.welovecycling.com\/es\/#\/schema\/person\/deb61715b5812698ee79fb96f343ccd4\"},\"description\":\"Como elegir una bicicleta para invierno: Deja aparcada la bicicleta tope gama de carbono y piensa en otras opciones m\u00e1s econ\u00f3micas y s\u00f3lidas.\",\"breadcrumb\":{\"@id\":\"https:\/\/www.welovecycling.com\/es\/2018\/11\/16\/bicicleta-para-invierno\/#breadcrumb\"},\"inLanguage\":\"es-ES\",\"potentialAction\":[{\"@type\":\"ReadAction\",\"target\":[\"https:\/\/www.welovecycling.com\/es\/2018\/11\/16\/bicicleta-para-invierno\/\"]}]},{\"@type\":\"ImageObject\",\"inLanguage\":\"es-ES\",\"@id\":\"https:\/\/www.welovecycling.com\/es\/2018\/11\/16\/bicicleta-para-invierno\/#primaryimage\",\"url\":\"https:\/\/d2p6e6u75xmxt8.cloudfront.net\/6\/2018\/11\/Extreme-Winter-Bike-Race-0391240496.jpg\",\"contentUrl\":\"https:\/\/d2p6e6u75xmxt8.cloudfront.net\/6\/2018\/11\/Extreme-Winter-Bike-Race-0391240496.jpg\",\"width\":1366,\"height\":600},{\"@type\":\"BreadcrumbList\",\"@id\":\"https:\/\/www.welovecycling.com\/es\/2018\/11\/16\/bicicleta-para-invierno\/#breadcrumb\",\"itemListElement\":[{\"@type\":\"ListItem\",\"position\":1,\"name\":\"Home\",\"item\":\"https:\/\/www.welovecycling.com\/es\/\"},{\"@type\":\"ListItem\",\"position\":2,\"name\":\"C\u00f3mo elegir una bicicleta para invierno\"}]},{\"@type\":\"WebSite\",\"@id\":\"https:\/\/www.welovecycling.com\/es\/#website\",\"url\":\"https:\/\/www.welovecycling.com\/es\/\",\"name\":\"\u0160koda We Love Cycling - Spain\",\"description\":\"\u0160koda WeLoveCycling Spain\",\"potentialAction\":[{\"@type\":\"SearchAction\",\"target\":{\"@type\":\"EntryPoint\",\"urlTemplate\":\"https:\/\/www.welovecycling.com\/es\/?s={search_term_string}\"},\"query-input\":{\"@type\":\"PropertyValueSpecification\",\"valueRequired\":true,\"valueName\":\"search_term_string\"}}],\"inLanguage\":\"es-ES\"},{\"@type\":\"Person\",\"@id\":\"https:\/\/www.welovecycling.com\/es\/#\/schema\/person\/deb61715b5812698ee79fb96f343ccd4\",\"name\":\"We Love Cycling Spain\",\"image\":{\"@type\":\"ImageObject\",\"inLanguage\":\"es-ES\",\"@id\":\"https:\/\/www.welovecycling.com\/es\/#\/schema\/person\/image\/\",\"url\":\"https:\/\/secure.gravatar.com\/avatar\/c824b04e6df0e37a03219d0b6481672889df542894588964102459e46513159c?s=96&d=mm&r=g\",\"contentUrl\":\"https:\/\/secure.gravatar.com\/avatar\/c824b04e6df0e37a03219d0b6481672889df542894588964102459e46513159c?s=96&d=mm&r=g\",\"caption\":\"We Love Cycling Spain\"},\"url\":\"https:\/\/www.welovecycling.com\/es\/author\/amunoz\/\"}]}<\/script>\n<!-- \/ Yoast SEO Premium plugin. -->","yoast_head_json":{"title":"C\u00f3mo elegir una bicicleta para invierno - \u0160koda We Love Cycling - Spain","description":"Como elegir una bicicleta para invierno: Deja aparcada la bicicleta tope gama de carbono y piensa en otras opciones m\u00e1s econ\u00f3micas y s\u00f3lidas.","robots":{"index":"index","follow":"follow","max-snippet":"max-snippet:-1","max-image-preview":"max-image-preview:large","max-video-preview":"max-video-preview:-1"},"canonical":"https:\/\/www.welovecycling.com\/es\/2018\/11\/16\/bicicleta-para-invierno\/","og_locale":"es_ES","og_type":"article","og_title":"Como elegir una bicicleta para invierno","og_description":"Como elegir una bicicleta para invierno: Deja aparcada la bicicleta tope gama de carbono y piensa en otras opciones m\u00e1s econ\u00f3micas y s\u00f3lidas.","og_url":"https:\/\/www.welovecycling.com\/es\/2018\/11\/16\/bicicleta-para-invierno\/","og_site_name":"\u0160koda We Love Cycling - Spain","article_published_time":"2018-11-16T10:09:53+00:00","article_modified_time":"2018-11-16T10:11:09+00:00","og_image":[{"width":1366,"height":600,"url":"https:\/\/d2p6e6u75xmxt8.cloudfront.net\/6\/2018\/11\/Extreme-Winter-Bike-Race-0391240496.jpg","type":"image\/jpeg"}],"author":"We Love Cycling Spain","twitter_card":"summary_large_image","twitter_title":"Como elegir una bicicleta para invierno","twitter_description":"Como elegir una bicicleta para invierno: Deja aparcada la bicicleta tope gama de carbono y piensa en otras opciones m\u00e1s econ\u00f3micas y s\u00f3lidas.","twitter_misc":{"Written by":"Christopher Ashley","Est. reading time":"5"},"schema":{"@context":"https:\/\/schema.org","@graph":[{"@type":"WebPage","@id":"https:\/\/www.welovecycling.com\/es\/2018\/11\/16\/bicicleta-para-invierno\/","url":"https:\/\/www.welovecycling.com\/es\/2018\/11\/16\/bicicleta-para-invierno\/","name":"C\u00f3mo elegir una bicicleta para invierno - \u0160koda We Love Cycling - Spain","isPartOf":{"@id":"https:\/\/www.welovecycling.com\/es\/#website"},"primaryImageOfPage":{"@id":"https:\/\/www.welovecycling.com\/es\/2018\/11\/16\/bicicleta-para-invierno\/#primaryimage"},"image":{"@id":"https:\/\/www.welovecycling.com\/es\/2018\/11\/16\/bicicleta-para-invierno\/#primaryimage"},"thumbnailUrl":"https:\/\/d2p6e6u75xmxt8.cloudfront.net\/6\/2018\/11\/Extreme-Winter-Bike-Race-0391240496.jpg","datePublished":"2018-11-16T10:09:53+00:00","dateModified":"2018-11-16T10:11:09+00:00","author":{"@id":"https:\/\/www.welovecycling.com\/es\/#\/schema\/person\/deb61715b5812698ee79fb96f343ccd4"},"description":"Como elegir una bicicleta para invierno: Deja aparcada la bicicleta tope gama de carbono y piensa en otras opciones m\u00e1s econ\u00f3micas y s\u00f3lidas.","breadcrumb":{"@id":"https:\/\/www.welovecycling.com\/es\/2018\/11\/16\/bicicleta-para-invierno\/#breadcrumb"},"inLanguage":"es-ES","potentialAction":[{"@type":"ReadAction","target":["https:\/\/www.welovecycling.com\/es\/2018\/11\/16\/bicicleta-para-invierno\/"]}]},{"@type":"ImageObject","inLanguage":"es-ES","@id":"https:\/\/www.welovecycling.com\/es\/2018\/11\/16\/bicicleta-para-invierno\/#primaryimage","url":"https:\/\/d2p6e6u75xmxt8.cloudfront.net\/6\/2018\/11\/Extreme-Winter-Bike-Race-0391240496.jpg","contentUrl":"https:\/\/d2p6e6u75xmxt8.cloudfront.net\/6\/2018\/11\/Extreme-Winter-Bike-Race-0391240496.jpg","width":1366,"height":600},{"@type":"BreadcrumbList","@id":"https:\/\/www.welovecycling.com\/es\/2018\/11\/16\/bicicleta-para-invierno\/#breadcrumb","itemListElement":[{"@type":"ListItem","position":1,"name":"Home","item":"https:\/\/www.welovecycling.com\/es\/"},{"@type":"ListItem","position":2,"name":"C\u00f3mo elegir una bicicleta para invierno"}]},{"@type":"WebSite","@id":"https:\/\/www.welovecycling.com\/es\/#website","url":"https:\/\/www.welovecycling.com\/es\/","name":"\u0160koda We Love Cycling - Spain","description":"\u0160koda WeLoveCycling Spain","potentialAction":[{"@type":"SearchAction","target":{"@type":"EntryPoint","urlTemplate":"https:\/\/www.welovecycling.com\/es\/?s={search_term_string}"},"query-input":{"@type":"PropertyValueSpecification","valueRequired":true,"valueName":"search_term_string"}}],"inLanguage":"es-ES"},{"@type":"Person","@id":"https:\/\/www.welovecycling.com\/es\/#\/schema\/person\/deb61715b5812698ee79fb96f343ccd4","name":"We Love Cycling Spain","image":{"@type":"ImageObject","inLanguage":"es-ES","@id":"https:\/\/www.welovecycling.com\/es\/#\/schema\/person\/image\/","url":"https:\/\/secure.gravatar.com\/avatar\/c824b04e6df0e37a03219d0b6481672889df542894588964102459e46513159c?s=96&d=mm&r=g","contentUrl":"https:\/\/secure.gravatar.com\/avatar\/c824b04e6df0e37a03219d0b6481672889df542894588964102459e46513159c?s=96&d=mm&r=g","caption":"We Love Cycling Spain"},"url":"https:\/\/www.welovecycling.com\/es\/author\/amunoz\/"}]}},"_links":{"self":[{"href":"https:\/\/www.welovecycling.com\/es\/wp-json\/wp\/v2\/posts\/3794","targetHints":{"allow":["GET"]}}],"collection":[{"href":"https:\/\/www.welovecycling.com\/es\/wp-json\/wp\/v2\/posts"}],"about":[{"href":"https:\/\/www.welovecycling.com\/es\/wp-json\/wp\/v2\/types\/post"}],"author":[{"embeddable":true,"href":"https:\/\/www.welovecycling.com\/es\/wp-json\/wp\/v2\/users\/29"}],"replies":[{"embeddable":true,"href":"https:\/\/www.welovecycling.com\/es\/wp-json\/wp\/v2\/comments?post=3794"}],"version-history":[{"count":2,"href":"https:\/\/www.welovecycling.com\/es\/wp-json\/wp\/v2\/posts\/3794\/revisions"}],"predecessor-version":[{"id":3802,"href":"https:\/\/www.welovecycling.com\/es\/wp-json\/wp\/v2\/posts\/3794\/revisions\/3802"}],"wp:featuredmedia":[{"embeddable":true,"href":"https:\/\/www.welovecycling.com\/es\/wp-json\/wp\/v2\/media\/3800"}],"wp:attachment":[{"href":"https:\/\/www.welovecycling.com\/es\/wp-json\/wp\/v2\/media?parent=3794"}],"wp:term":[{"taxonomy":"category","embeddable":true,"href":"https:\/\/www.welovecycling.com\/es\/wp-json\/wp\/v2\/categories?post=3794"},{"taxonomy":"post_tag","embeddable":true,"href":"https:\/\/www.welovecycling.com\/es\/wp-json\/wp\/v2\/tags?post=3794"},{"taxonomy":"global-categories","embeddable":true,"href":"https:\/\/www.welovecycling.com\/es\/wp-json\/wp\/v2\/global-categories?post=3794"}],"curies":[{"name":"wp","href":"https:\/\/api.w.org\/{rel}","templated":true}]}}