{"id":3788,"date":"2018-11-19T10:30:13","date_gmt":"2018-11-19T08:30:13","guid":{"rendered":"https:\/\/www.welovecycling.com\/es\/?p=3788"},"modified":"2018-11-19T10:30:13","modified_gmt":"2018-11-19T08:30:13","slug":"entrenar-en-invierno-sol-y-calor","status":"publish","type":"post","link":"https:\/\/www.welovecycling.com\/es\/2018\/11\/19\/entrenar-en-invierno-sol-y-calor\/","title":{"rendered":"\u00bfDonde entrenar en invierno con sol y calor?"},"content":{"rendered":"<p><strong>El fr\u00edo y la lluvia no son lo m\u00e1s c\u00f3modo para entrenar en invierno en bicicleta. Sin embargo en Europa y a pocas horas de vuelo de su casa existen regiones en las que es verano casi siempre y son aprovechadas por los ciclistas para disfrutar de unos entrenamiento invernales con sol y calor. Apunte: Canarias, Madeira, Mallorca y Sicilia.\u00a0<\/strong><br \/>\n<!--more--><\/p>\n<h2><strong>Canarias<\/strong><\/h2>\n<p>El sobrenombre de Islas Afortunadas no viene por casualidad a Canarias. En el <strong>m\u00e1s crudo invierno en Europa all\u00ed se registran temperaturas m\u00ednimas de 18 grados y m\u00e1xima de 25.<\/strong> Ideal para cualquier ciclista que quiera entrenar y no estar preocupado por vestirse con media docena de capas. Adem\u00e1s, en el sur de la mayor\u00eda de las Islas es raro que aparezca la lluvia. Poco m\u00e1s se puede pedir.<\/p>\n<p>Pues aunque crea que no tienen mucho m\u00e1s. Las dos islas m\u00e1s grandes y con m\u00e1s vuelos directos,<strong> Gran Canaria y Tenerife, son las m\u00e1s accidentadas<\/strong>. Tambi\u00e9n <strong>La Palma y La Gomera<\/strong>, aunque tienen peores conexiones en avi\u00f3n. As\u00ed que adem\u00e1s de entrenar con calor puede subir puertos de alta monta\u00f1a como si estuviera en Alpes, Pirineos o Dolomitas, aunque el pleno invierno. No en vano en 2017 los <strong>hermanos Yates<\/strong> utilizaron las carreteras de Gran Canaria para empezar su temporada de entrenamientos.<\/p>\n<p><strong>Lanzarote y Fuerteventura son los destinos elegidos por los triatletas<\/strong> porque son bastante m\u00e1s planos que sus vecinos.<\/p>\n<p><a href=\"https:\/\/d2p6e6u75xmxt8.cloudfront.net\/6\/2018\/11\/La-Cicloturista-2017-32.jpg\"><img loading=\"lazy\" decoding=\"async\" class=\"aligncenter size-large wp-image-3789\" src=\"https:\/\/d2p6e6u75xmxt8.cloudfront.net\/6\/2018\/11\/La-Cicloturista-2017-32-1024x576.jpg\" alt=\"\" width=\"1024\" height=\"576\" srcset=\"https:\/\/d2p6e6u75xmxt8.cloudfront.net\/6\/2018\/11\/La-Cicloturista-2017-32-1024x576.jpg 1024w, https:\/\/d2p6e6u75xmxt8.cloudfront.net\/6\/2018\/11\/La-Cicloturista-2017-32-300x169.jpg 300w, https:\/\/d2p6e6u75xmxt8.cloudfront.net\/6\/2018\/11\/La-Cicloturista-2017-32-768x432.jpg 768w, https:\/\/d2p6e6u75xmxt8.cloudfront.net\/6\/2018\/11\/La-Cicloturista-2017-32.jpg 1600w\" sizes=\"auto, (max-width: 1024px) 100vw, 1024px\" \/><\/a><\/p>\n<p>En los \u00faltimos a\u00f1os la <strong>oferta hotelera del sur de Tenerife y Gran Canaria se ha adaptado al perfil del ciclista<\/strong> y ya son muchos los que facilitan incluso el alquiler de bicicletas para sus clientes. Tampoco es dif\u00edcil encontrar a <a href=\"http:\/\/puntorosso.wilier.it\/en\/bicisport-wilier-canarias\/shop\">empresas que alquilan bicicletas de calidad (carretera y MTB)<\/a> y evitan el engorro de tener que llevarse su propia bicicleta en el avi\u00f3n. Incluso tambi\u00e9n organizan rutas para que pueda conocer las islas.<\/p>\n<p>Y si no quiere pedelear solo siempre puede apuntarse a alguno de los eventos ciclistas que se organizan en las islas, como la <a href=\"https:\/\/ciclored.com\/events\/la-cicloturista-2018\/\">Gran Canaria Bike Week<\/a> o <a href=\"https:\/\/www.vueltaalteide.com\/\">La Vuelta al Teide<\/a>.<\/p>\n<h2><strong>Mallorca<\/strong><\/h2>\n<p>Fue el primer gran destino cicloturista de invierno. <strong>Desde hace una d\u00e9cada la isla de Mallorca ha conseguido desestacionalizar su turismo y en los meses de noviembre a abril muchos de sus hoteles est\u00e1n llenos de ciclistas<\/strong>. La zona norte, de Alcudia y Playa de Muro es el destino habitual de los m\u00e1s de 100.000 ciclistas alemanes y suizos que acuden cada invierno en busca del calor que no tienen en sus pa\u00edses.<\/p>\n<p>No son los \u00fanicos. En los \u00faltimos a\u00f1os <strong>ingleses, belgas, holandeses<\/strong> tambi\u00e9n se han unido a las bondades del clima mallorqu\u00edn, que, si no bien no es tan agradable en invierno como el canario, si mejora y en muchos grados al del resto de Europa.<\/p>\n<p>La infraestructura hotelera de Mallorca se ha adaptado al turismo ciclista y ya no hay hotel en invierno que no tenga un gui\u00f1o a los amantes del pedal. Los hay que incluso tienen una amplia oferta de bicicletas de alquiler en sus instalaciones y que organizan rutas ciclistas para sus clientes divididas en diversos niveles.<\/p>\n<p><a href=\"https:\/\/d2p6e6u75xmxt8.cloudfront.net\/6\/2018\/11\/sportograf-76630570_lowres.jpg\"><img loading=\"lazy\" decoding=\"async\" class=\"aligncenter size-large wp-image-3790\" src=\"https:\/\/d2p6e6u75xmxt8.cloudfront.net\/6\/2018\/11\/sportograf-76630570_lowres-1024x683.jpg\" alt=\"\" width=\"1024\" height=\"683\" srcset=\"https:\/\/d2p6e6u75xmxt8.cloudfront.net\/6\/2018\/11\/sportograf-76630570_lowres.jpg 1024w, https:\/\/d2p6e6u75xmxt8.cloudfront.net\/6\/2018\/11\/sportograf-76630570_lowres-300x200.jpg 300w, https:\/\/d2p6e6u75xmxt8.cloudfront.net\/6\/2018\/11\/sportograf-76630570_lowres-768x512.jpg 768w, https:\/\/d2p6e6u75xmxt8.cloudfront.net\/6\/2018\/11\/sportograf-76630570_lowres-272x182.jpg 272w\" sizes=\"auto, (max-width: 1024px) 100vw, 1024px\" \/><\/a><\/p>\n<p>Adem\u00e1s de la zona norte tambi\u00e9n se han adaptado al ciclismo los hoteles de la Playa de Palma y el Arenal, m\u00e1s cercanos a Palma de Mallorca, e incluso uno de los personajes m\u00e1s ilustres Mallorca, <a href=\"https:\/\/ciclored.com\/events\/entrenamiento-ciclista-en-mallorca-rafa-nadal\/\">Rafa Nadal, que en su Centro de Entrenamiento en Manacor ofrece opciones para ciclistas<\/a>.<\/p>\n<p>Tal es el grado de evoluci\u00f3n del cicloturismo en Mallorca que es sencillo encontrar rutas y hoteles para ciclistas a trav\u00e9s de sus p\u00e1ginas <a href=\"https:\/\/www.cycling-friendly.com\/\">web especializadas<\/a> e incluso sus <a href=\"http:\/\/www.eatandcheckcycling.com\/\">app para m\u00f3viles<\/a>.<\/p>\n<p>Los atractivos de la isla van desde los perfiles llanos de la costa de Alcudia, Playa de Palma o Manacor a la posibilidad de subir los puertos de la <strong>Sierra de Tramuntana o ascensiones tan ic\u00f3nicas como la de Sa Calobra<\/strong>. Para conocer gran parte de la isla el evento ideal es la <a href=\"http:\/\/www.mallorca312.com\/\">Mallorca 312<\/a>.<\/p>\n<p>Est\u00e1 claro que los &#8216;beneficios&#8217; de Mallorca no han escapado tampoco a los equipos de ciclismo profesionales, que desde a\u00f1os utilizan sus carreteras en los meses de diciembre, enero y febrero para entrenar. Es m\u00e1s, la Challenge de Mallorca, en enero, siempre ha sido la prueba tradicional de apertura de la temporada ciclista en Europa.<\/p>\n<h2><strong>Madeira<\/strong><\/h2>\n<p>Aunque algo m\u00e1s fresca en invierno, las condiciones de Madeira son muy similares a las de Gran Canaria. No en vano est\u00e1 a no demasiados kil\u00f3metros al norte de las islas espa\u00f1olas. As\u00ed que las buenas temperaturas est\u00e1n aseguradas, pero si es cierto que hay m\u00e1s riesgo de lluvias.<\/p>\n<p>Lo que no cambia es la posibilidad de hacer etapas con muchos metros de desnivel. La Isla de Madeira es realmente una monta\u00f1a en la que se alcanzan los 1.500 metros sobre el nivel del mar. As\u00ed que cualquier ruta que<strong> salga de su capital, Funchal, o de sus zonas tur\u00edsticas, Porto da Cruz y Porto Moniz, asegura dureza porque en la isla no hay ni un kil\u00f3metro llano<\/strong>.<\/p>\n<p><img loading=\"lazy\" decoding=\"async\" class=\"alignnone size-extra-large\" src=\"https:\/\/farm1.staticflickr.com\/928\/41871551300_c259049403_b.jpg\" width=\"1024\" height=\"683\" \/><\/p>\n<p>En los \u00faltimos a\u00f1os Madeira se ha adaptado al ciclismo y ya no es complicado encontrar empresas de alquiler de bicicletas y organizadoras de rutas (aunque la isla es tan peque\u00f1a que no es dif\u00edcil conocerla en pocos d\u00edas). Y no solo para la bicicleta de carretera. Madeira tambi\u00e9n ha abierto centros BTT. Toda la informaci\u00f3n de eventos y rutas la puedes encontrar en la web de la <a href=\"https:\/\/www.acmadeira.pt\/\">Federaci\u00f3n ciclista<\/a>.<\/p>\n<h2><strong>Sicilia<\/strong><\/h2>\n<p>Es el lugar m\u00e1s al sur de Italia y por tanto el m\u00e1s c\u00e1lido, aunque no al nivel de Gran Canaria. S<strong>icilia ha sido durante muchos a\u00f1os el sitio elegido por los equipos italianos para hacer sus entrenamientos de invierno antes de conocer la Costa Blanca<\/strong>. A\u00fan as\u00ed todav\u00eda en las pasadas pretemporadas se han concentrado all\u00ed el Tinkoff o el Bahrein M\u00e9rida.<\/p>\n<p>Y es que Sicilia tiene muchos atractivos para el ciclista en invierno. No solo el m\u00e1s ic\u00f3nico, <strong>el Etna, que incluso en la \u00e9poca invernal se puede ascender,<\/strong> sino la multitud de carreteras quebradas que surcan toda la isla de norte a sur. Y sobre todo por los pueblos del interior. Las etapas del<strong> Giro de Italia en Sicilia<\/strong> siempre han dejado claro la belleza y las dificultades monta\u00f1osas que tiene la isla, en la que puedes encontrar recorridos adaptados a todos los niveles.<\/p>\n<p><img loading=\"lazy\" decoding=\"async\" class=\"alignnone size-extra-large\" src=\"https:\/\/www.elespectador.com\/sites\/default\/files\/may10_deportes_nota1_Drupal%20Main%20Image.var_1525902079.jpg\" width=\"984\" height=\"655\" \/><\/p>\n<p>La gran ventaja de<strong> Sicilia es que tiene hasta tres aeropuertos para llegar. Palermo, Trapani y Catania<\/strong>, aunque es este \u00faltimo el m\u00e1s utilizado y el que ofrece m\u00e1s opciones al ciclista. No en vano est\u00e1 al pie del Etna y planificar una etapa para subir al volc\u00e1n no es demasiado complicado. Eso s\u00ed, en Italia siempre hay que ir con cuidado con la forma de conducir y m\u00e1s en la zona sur.\u00a0 Por eso es m\u00e1s que aconsejable al llegar contratar alg\u00fan servicio de <a href=\"https:\/\/www.sicilycycling.com\/\">gu\u00edas en bicicleta<\/a> para que le puedan llevar por las carreteras con menos tr\u00e1fico.<\/p>\n<p>Otro de los grandes atractivos de Sicilia es que adem\u00e1s de dar pedales te puedes sumergir en la historia de la regi\u00f3n y visitar ciudades como <strong>Agrigento o Siracusa<\/strong>, con alto atractivo tur\u00edstico e hist\u00f3rico.<\/p>\n","protected":false},"excerpt":{"rendered":"<p>El fr\u00edo y la lluvia no son lo m\u00e1s c\u00f3modo para entrenar en invierno en bicicleta. Sin embargo en Europa [&hellip;]<\/p>\n","protected":false},"author":29,"featured_media":3792,"comment_status":"open","ping_status":"open","sticky":false,"template":"","format":"standard","meta":{"footnotes":""},"categories":[7,9],"tags":[732,730,729,731,733,734],"global-categories":[],"class_list":["post-3788","post","type-post","status-publish","format-standard","has-post-thumbnail","hentry","category-carretera","category-mtb-aventura","tag-canarias-ciclismo","tag-destinos-ciclistas-invierno","tag-entrenar-en-invierno","tag-madeira-ciclismo","tag-mallorca-ciclismo","tag-sicilia-ciclismo"],"yoast_head":"<!-- This site is optimized with the Yoast SEO Premium plugin v25.3 (Yoast SEO v25.9) - https:\/\/yoast.com\/wordpress\/plugins\/seo\/ -->\n<title>\u00bfDonde entrenar en invierno con sol y calor? - \u0160koda We Love Cycling - Spain<\/title>\n<meta name=\"description\" content=\"Donde entrenar en invierno con sol y calor. Gran Canaria, Mallorca, Madeira y Sicilia, los destinos preferidos por los ciclistas para entrenar en invierno.\" \/>\n<meta name=\"robots\" content=\"index, follow, max-snippet:-1, max-image-preview:large, max-video-preview:-1\" \/>\n<link rel=\"canonical\" href=\"https:\/\/www.welovecycling.com\/es\/2018\/11\/19\/entrenar-en-invierno-sol-y-calor\/\" \/>\n<meta property=\"og:locale\" content=\"es_ES\" \/>\n<meta property=\"og:type\" content=\"article\" \/>\n<meta property=\"og:title\" content=\"\u00bfDonde entrenar en invierno con sol y calor?\" \/>\n<meta property=\"og:description\" content=\"Donde entrenar en invierno con sol y calor. Gran Canaria, Mallorca, Madeira y Sicilia, los destinos preferidos por los ciclistas para entrenar en invierno.\" \/>\n<meta property=\"og:url\" content=\"https:\/\/www.welovecycling.com\/es\/2018\/11\/19\/entrenar-en-invierno-sol-y-calor\/\" \/>\n<meta property=\"og:site_name\" content=\"\u0160koda We Love Cycling - Spain\" \/>\n<meta property=\"article:published_time\" content=\"2018-11-19T08:30:13+00:00\" \/>\n<meta property=\"og:image\" content=\"https:\/\/d2p6e6u75xmxt8.cloudfront.net\/6\/2018\/11\/la-cicloturista-2016-ciclored.jpg\" \/>\n\t<meta property=\"og:image:width\" content=\"1024\" \/>\n\t<meta property=\"og:image:height\" content=\"550\" \/>\n\t<meta property=\"og:image:type\" content=\"image\/jpeg\" \/>\n<meta name=\"author\" content=\"We Love Cycling Spain\" \/>\n<meta name=\"twitter:card\" content=\"summary_large_image\" \/>\n<meta name=\"twitter:title\" content=\"\u00bfDonde entrenar en invierno con sol y calor?\" \/>\n<meta name=\"twitter:description\" content=\"Donde entrenar en invierno con sol y calor. Gran Canaria, Mallorca, Madeira y Sicilia, los destinos preferidos por los ciclistas para entrenar en invierno.\" \/>\n<meta name=\"twitter:label1\" content=\"Written by\" \/>\n\t<meta name=\"twitter:data1\" content=\"Luis Ortega @ciclored\" \/>\n\t<meta name=\"twitter:label2\" content=\"Est. reading time\" \/>\n\t<meta name=\"twitter:data2\" content=\"6 minutes\" \/>\n<script type=\"application\/ld+json\" class=\"yoast-schema-graph\">{\"@context\":\"https:\/\/schema.org\",\"@graph\":[{\"@type\":\"WebPage\",\"@id\":\"https:\/\/www.welovecycling.com\/es\/2018\/11\/19\/entrenar-en-invierno-sol-y-calor\/\",\"url\":\"https:\/\/www.welovecycling.com\/es\/2018\/11\/19\/entrenar-en-invierno-sol-y-calor\/\",\"name\":\"\u00bfDonde entrenar en invierno con sol y calor? - \u0160koda We Love Cycling - Spain\",\"isPartOf\":{\"@id\":\"https:\/\/www.welovecycling.com\/es\/#website\"},\"primaryImageOfPage\":{\"@id\":\"https:\/\/www.welovecycling.com\/es\/2018\/11\/19\/entrenar-en-invierno-sol-y-calor\/#primaryimage\"},\"image\":{\"@id\":\"https:\/\/www.welovecycling.com\/es\/2018\/11\/19\/entrenar-en-invierno-sol-y-calor\/#primaryimage\"},\"thumbnailUrl\":\"https:\/\/d2p6e6u75xmxt8.cloudfront.net\/6\/2018\/11\/la-cicloturista-2016-ciclored.jpg\",\"datePublished\":\"2018-11-19T08:30:13+00:00\",\"author\":{\"@id\":\"https:\/\/www.welovecycling.com\/es\/#\/schema\/person\/deb61715b5812698ee79fb96f343ccd4\"},\"description\":\"Donde entrenar en invierno con sol y calor. Gran Canaria, Mallorca, Madeira y Sicilia, los destinos preferidos por los ciclistas para entrenar en invierno.\",\"breadcrumb\":{\"@id\":\"https:\/\/www.welovecycling.com\/es\/2018\/11\/19\/entrenar-en-invierno-sol-y-calor\/#breadcrumb\"},\"inLanguage\":\"es-ES\",\"potentialAction\":[{\"@type\":\"ReadAction\",\"target\":[\"https:\/\/www.welovecycling.com\/es\/2018\/11\/19\/entrenar-en-invierno-sol-y-calor\/\"]}]},{\"@type\":\"ImageObject\",\"inLanguage\":\"es-ES\",\"@id\":\"https:\/\/www.welovecycling.com\/es\/2018\/11\/19\/entrenar-en-invierno-sol-y-calor\/#primaryimage\",\"url\":\"https:\/\/d2p6e6u75xmxt8.cloudfront.net\/6\/2018\/11\/la-cicloturista-2016-ciclored.jpg\",\"contentUrl\":\"https:\/\/d2p6e6u75xmxt8.cloudfront.net\/6\/2018\/11\/la-cicloturista-2016-ciclored.jpg\",\"width\":1024,\"height\":550},{\"@type\":\"BreadcrumbList\",\"@id\":\"https:\/\/www.welovecycling.com\/es\/2018\/11\/19\/entrenar-en-invierno-sol-y-calor\/#breadcrumb\",\"itemListElement\":[{\"@type\":\"ListItem\",\"position\":1,\"name\":\"Home\",\"item\":\"https:\/\/www.welovecycling.com\/es\/\"},{\"@type\":\"ListItem\",\"position\":2,\"name\":\"\u00bfDonde entrenar en invierno con sol y calor?\"}]},{\"@type\":\"WebSite\",\"@id\":\"https:\/\/www.welovecycling.com\/es\/#website\",\"url\":\"https:\/\/www.welovecycling.com\/es\/\",\"name\":\"\u0160koda We Love Cycling - Spain\",\"description\":\"\u0160koda WeLoveCycling Spain\",\"potentialAction\":[{\"@type\":\"SearchAction\",\"target\":{\"@type\":\"EntryPoint\",\"urlTemplate\":\"https:\/\/www.welovecycling.com\/es\/?s={search_term_string}\"},\"query-input\":{\"@type\":\"PropertyValueSpecification\",\"valueRequired\":true,\"valueName\":\"search_term_string\"}}],\"inLanguage\":\"es-ES\"},{\"@type\":\"Person\",\"@id\":\"https:\/\/www.welovecycling.com\/es\/#\/schema\/person\/deb61715b5812698ee79fb96f343ccd4\",\"name\":\"We Love Cycling Spain\",\"image\":{\"@type\":\"ImageObject\",\"inLanguage\":\"es-ES\",\"@id\":\"https:\/\/www.welovecycling.com\/es\/#\/schema\/person\/image\/\",\"url\":\"https:\/\/secure.gravatar.com\/avatar\/c824b04e6df0e37a03219d0b6481672889df542894588964102459e46513159c?s=96&d=mm&r=g\",\"contentUrl\":\"https:\/\/secure.gravatar.com\/avatar\/c824b04e6df0e37a03219d0b6481672889df542894588964102459e46513159c?s=96&d=mm&r=g\",\"caption\":\"We Love Cycling Spain\"},\"url\":\"https:\/\/www.welovecycling.com\/es\/author\/amunoz\/\"}]}<\/script>\n<!-- \/ Yoast SEO Premium plugin. -->","yoast_head_json":{"title":"\u00bfDonde entrenar en invierno con sol y calor? - \u0160koda We Love Cycling - Spain","description":"Donde entrenar en invierno con sol y calor. Gran Canaria, Mallorca, Madeira y Sicilia, los destinos preferidos por los ciclistas para entrenar en invierno.","robots":{"index":"index","follow":"follow","max-snippet":"max-snippet:-1","max-image-preview":"max-image-preview:large","max-video-preview":"max-video-preview:-1"},"canonical":"https:\/\/www.welovecycling.com\/es\/2018\/11\/19\/entrenar-en-invierno-sol-y-calor\/","og_locale":"es_ES","og_type":"article","og_title":"\u00bfDonde entrenar en invierno con sol y calor?","og_description":"Donde entrenar en invierno con sol y calor. Gran Canaria, Mallorca, Madeira y Sicilia, los destinos preferidos por los ciclistas para entrenar en invierno.","og_url":"https:\/\/www.welovecycling.com\/es\/2018\/11\/19\/entrenar-en-invierno-sol-y-calor\/","og_site_name":"\u0160koda We Love Cycling - Spain","article_published_time":"2018-11-19T08:30:13+00:00","og_image":[{"width":1024,"height":550,"url":"https:\/\/d2p6e6u75xmxt8.cloudfront.net\/6\/2018\/11\/la-cicloturista-2016-ciclored.jpg","type":"image\/jpeg"}],"author":"We Love Cycling Spain","twitter_card":"summary_large_image","twitter_title":"\u00bfDonde entrenar en invierno con sol y calor?","twitter_description":"Donde entrenar en invierno con sol y calor. Gran Canaria, Mallorca, Madeira y Sicilia, los destinos preferidos por los ciclistas para entrenar en invierno.","twitter_misc":{"Written by":"Luis Ortega @ciclored","Est. reading time":"6 minutes"},"schema":{"@context":"https:\/\/schema.org","@graph":[{"@type":"WebPage","@id":"https:\/\/www.welovecycling.com\/es\/2018\/11\/19\/entrenar-en-invierno-sol-y-calor\/","url":"https:\/\/www.welovecycling.com\/es\/2018\/11\/19\/entrenar-en-invierno-sol-y-calor\/","name":"\u00bfDonde entrenar en invierno con sol y calor? - \u0160koda We Love Cycling - Spain","isPartOf":{"@id":"https:\/\/www.welovecycling.com\/es\/#website"},"primaryImageOfPage":{"@id":"https:\/\/www.welovecycling.com\/es\/2018\/11\/19\/entrenar-en-invierno-sol-y-calor\/#primaryimage"},"image":{"@id":"https:\/\/www.welovecycling.com\/es\/2018\/11\/19\/entrenar-en-invierno-sol-y-calor\/#primaryimage"},"thumbnailUrl":"https:\/\/d2p6e6u75xmxt8.cloudfront.net\/6\/2018\/11\/la-cicloturista-2016-ciclored.jpg","datePublished":"2018-11-19T08:30:13+00:00","author":{"@id":"https:\/\/www.welovecycling.com\/es\/#\/schema\/person\/deb61715b5812698ee79fb96f343ccd4"},"description":"Donde entrenar en invierno con sol y calor. Gran Canaria, Mallorca, Madeira y Sicilia, los destinos preferidos por los ciclistas para entrenar en invierno.","breadcrumb":{"@id":"https:\/\/www.welovecycling.com\/es\/2018\/11\/19\/entrenar-en-invierno-sol-y-calor\/#breadcrumb"},"inLanguage":"es-ES","potentialAction":[{"@type":"ReadAction","target":["https:\/\/www.welovecycling.com\/es\/2018\/11\/19\/entrenar-en-invierno-sol-y-calor\/"]}]},{"@type":"ImageObject","inLanguage":"es-ES","@id":"https:\/\/www.welovecycling.com\/es\/2018\/11\/19\/entrenar-en-invierno-sol-y-calor\/#primaryimage","url":"https:\/\/d2p6e6u75xmxt8.cloudfront.net\/6\/2018\/11\/la-cicloturista-2016-ciclored.jpg","contentUrl":"https:\/\/d2p6e6u75xmxt8.cloudfront.net\/6\/2018\/11\/la-cicloturista-2016-ciclored.jpg","width":1024,"height":550},{"@type":"BreadcrumbList","@id":"https:\/\/www.welovecycling.com\/es\/2018\/11\/19\/entrenar-en-invierno-sol-y-calor\/#breadcrumb","itemListElement":[{"@type":"ListItem","position":1,"name":"Home","item":"https:\/\/www.welovecycling.com\/es\/"},{"@type":"ListItem","position":2,"name":"\u00bfDonde entrenar en invierno con sol y calor?"}]},{"@type":"WebSite","@id":"https:\/\/www.welovecycling.com\/es\/#website","url":"https:\/\/www.welovecycling.com\/es\/","name":"\u0160koda We Love Cycling - Spain","description":"\u0160koda WeLoveCycling Spain","potentialAction":[{"@type":"SearchAction","target":{"@type":"EntryPoint","urlTemplate":"https:\/\/www.welovecycling.com\/es\/?s={search_term_string}"},"query-input":{"@type":"PropertyValueSpecification","valueRequired":true,"valueName":"search_term_string"}}],"inLanguage":"es-ES"},{"@type":"Person","@id":"https:\/\/www.welovecycling.com\/es\/#\/schema\/person\/deb61715b5812698ee79fb96f343ccd4","name":"We Love Cycling Spain","image":{"@type":"ImageObject","inLanguage":"es-ES","@id":"https:\/\/www.welovecycling.com\/es\/#\/schema\/person\/image\/","url":"https:\/\/secure.gravatar.com\/avatar\/c824b04e6df0e37a03219d0b6481672889df542894588964102459e46513159c?s=96&d=mm&r=g","contentUrl":"https:\/\/secure.gravatar.com\/avatar\/c824b04e6df0e37a03219d0b6481672889df542894588964102459e46513159c?s=96&d=mm&r=g","caption":"We Love Cycling Spain"},"url":"https:\/\/www.welovecycling.com\/es\/author\/amunoz\/"}]}},"_links":{"self":[{"href":"https:\/\/www.welovecycling.com\/es\/wp-json\/wp\/v2\/posts\/3788","targetHints":{"allow":["GET"]}}],"collection":[{"href":"https:\/\/www.welovecycling.com\/es\/wp-json\/wp\/v2\/posts"}],"about":[{"href":"https:\/\/www.welovecycling.com\/es\/wp-json\/wp\/v2\/types\/post"}],"author":[{"embeddable":true,"href":"https:\/\/www.welovecycling.com\/es\/wp-json\/wp\/v2\/users\/29"}],"replies":[{"embeddable":true,"href":"https:\/\/www.welovecycling.com\/es\/wp-json\/wp\/v2\/comments?post=3788"}],"version-history":[{"count":2,"href":"https:\/\/www.welovecycling.com\/es\/wp-json\/wp\/v2\/posts\/3788\/revisions"}],"predecessor-version":[{"id":3810,"href":"https:\/\/www.welovecycling.com\/es\/wp-json\/wp\/v2\/posts\/3788\/revisions\/3810"}],"wp:featuredmedia":[{"embeddable":true,"href":"https:\/\/www.welovecycling.com\/es\/wp-json\/wp\/v2\/media\/3792"}],"wp:attachment":[{"href":"https:\/\/www.welovecycling.com\/es\/wp-json\/wp\/v2\/media?parent=3788"}],"wp:term":[{"taxonomy":"category","embeddable":true,"href":"https:\/\/www.welovecycling.com\/es\/wp-json\/wp\/v2\/categories?post=3788"},{"taxonomy":"post_tag","embeddable":true,"href":"https:\/\/www.welovecycling.com\/es\/wp-json\/wp\/v2\/tags?post=3788"},{"taxonomy":"global-categories","embeddable":true,"href":"https:\/\/www.welovecycling.com\/es\/wp-json\/wp\/v2\/global-categories?post=3788"}],"curies":[{"name":"wp","href":"https:\/\/api.w.org\/{rel}","templated":true}]}}