{"id":3781,"date":"2018-11-15T10:59:31","date_gmt":"2018-11-15T08:59:31","guid":{"rendered":"https:\/\/www.welovecycling.com\/es\/?p=3781"},"modified":"2018-11-15T10:59:31","modified_gmt":"2018-11-15T08:59:31","slug":"ciclista-urbano-en-invierno","status":"publish","type":"post","link":"https:\/\/www.welovecycling.com\/es\/2018\/11\/15\/ciclista-urbano-en-invierno\/","title":{"rendered":"Equipaci\u00f3n esencial para el ciclista urbano en invierno"},"content":{"rendered":"<p><strong>Si usted ha pasado por un invierno fr\u00edo y bajo cero, probablemente ha fantaseado con alguien inventando un calentador de dientes o un <a href=\"http:\/\/www.nosewarmer.com\/shop.html#!\/Blue-Marble-Nose-Warmer\/p\/11216436\/category=2567227\">calentador de nariz<\/a> que no le haga parecer en bici un b\u00faho trastornado. \u00a0Mientras esperas a que lleguen estos inventos, aqu\u00ed tienes algunas cosas para hacer la vida m\u00e1s f\u00e1cil al ciclista urbano en invierno.<\/strong><!--more--><\/p>\n<h2><strong>Neumaticos m\u00e1s duros<\/strong><\/h2>\n<p>Su bicicleta de invierno debe tener neum\u00e1ticos m\u00e1s duros, idealmente con un compuesto de goma m\u00e1s suave, y protecci\u00f3n adicional contra pinchazos para compensar el mayor riesgo de cortes profundos. \u00a0Echa un vistazo a la gama <a href=\"https:\/\/www.tredz.co.uk\/.Continental-Top-Contact-Winter-II-Premium-Reflective-700c-Hybrid-Folding-Tyre_103357.htm?sku=378005&amp;utm_source=google&amp;utm_medium=cpc&amp;utm_campaign=google_shopping&amp;gclid=CjwKCAiA5qTfBRAoEiwAwQy-6YogMldD4Jio33HSRaHzubg3z_IntdcwvS5RvdYc2EU6GLzOeBU4DRoCAnMQAvD_BwE\">Winter II de Continental<\/a>, que son neum\u00e1ticos de carretera, pero tambi\u00e9n los fabrican para una amplia gama para\u00a0 BTT.<\/p>\n<p><a href=\"https:\/\/d2p6e6u75xmxt8.cloudfront.net\/6\/2018\/11\/Continental-CONTACT-Winter-II.jpg\"><img loading=\"lazy\" decoding=\"async\" class=\"alignnone size-full wp-image-3783\" src=\"https:\/\/d2p6e6u75xmxt8.cloudfront.net\/6\/2018\/11\/Continental-CONTACT-Winter-II.jpg\" alt=\"\" width=\"700\" height=\"433\" srcset=\"https:\/\/d2p6e6u75xmxt8.cloudfront.net\/6\/2018\/11\/Continental-CONTACT-Winter-II.jpg 700w, https:\/\/d2p6e6u75xmxt8.cloudfront.net\/6\/2018\/11\/Continental-CONTACT-Winter-II-300x186.jpg 300w\" sizes=\"auto, (max-width: 700px) 100vw, 700px\" \/><\/a><\/p>\n<p>Pueden parecer caros, pero no querr\u00e1s estar atrapado en temperaturas de -5 \u00b0C cambiando la cubierta porque se te ha rajado. \u00a0El compuesto de goma blanda de los neum\u00e1ticos de invierno se endurece a bajas temperaturas y proporciona el agarre de los neum\u00e1ticos de verano. \u00a0Vale la pena el dinero.<\/p>\n<h2><strong>Cubrebotas<\/strong><\/h2>\n<p>Incluso si no llevas zapatillas con calas, el uso de cubrebotas es una buena idea para el ciclismo urbano, aunque s\u00f3lo sea para proteger a las zapatillas que le dijiste a tu esposa que s\u00f3lo cuestan 50 libras esterlinas. \u00a0Algo como <a href=\"https:\/\/lusso.bike\/product\/windtex-stealth-over-boots\/\">Lusso Stealth Winter Overboot<\/a>s no s\u00f3lo proteger\u00e1 sus zapatillas, sino que mantendr\u00e1 sus pies calientes.<\/p>\n<p><a href=\"https:\/\/d2p6e6u75xmxt8.cloudfront.net\/6\/2018\/11\/lusso-windtex-stealth-over-boots.jpg\"><img loading=\"lazy\" decoding=\"async\" class=\"alignnone size-full wp-image-3784\" src=\"https:\/\/d2p6e6u75xmxt8.cloudfront.net\/6\/2018\/11\/lusso-windtex-stealth-over-boots.jpg\" alt=\"\" width=\"880\" height=\"587\" srcset=\"https:\/\/d2p6e6u75xmxt8.cloudfront.net\/6\/2018\/11\/lusso-windtex-stealth-over-boots.jpg 880w, https:\/\/d2p6e6u75xmxt8.cloudfront.net\/6\/2018\/11\/lusso-windtex-stealth-over-boots-300x200.jpg 300w, https:\/\/d2p6e6u75xmxt8.cloudfront.net\/6\/2018\/11\/lusso-windtex-stealth-over-boots-768x512.jpg 768w, https:\/\/d2p6e6u75xmxt8.cloudfront.net\/6\/2018\/11\/lusso-windtex-stealth-over-boots-272x182.jpg 272w\" sizes=\"auto, (max-width: 880px) 100vw, 880px\" \/><\/a><\/p>\n<p>Aunque Lusso afirma que el material Windtex te mantendr\u00e1 caliente a cero grados, creo que esto subestima su efectividad. \u00a0Por supuesto, esto depende de los zapatos que lleves debajo de ellos &#8211; as\u00ed que un par de Common Projects de cuero con calcetines merino puede ser justo lo que necesitas.<\/p>\n<h2><strong>Guantes para el manillar<\/strong><\/h2>\n<p>Nos encanta <a href=\"http:\/\/barmitts.com\/products.php?page=external\">este producto<\/a> por varias razones, entre ellas, porque puedes salir con un guante menos voluminoso, para que no pierdas destreza en los dedos: los frenos y los cambios de marcha pueden ser r\u00e1pidos durante todo el a\u00f1o.<\/p>\n<lite-youtube videoid=fFexERJh_sc params=\"enablejsapi=1\" style=\"background-image: url('https:\/\/i.ytimg.com\/vi_webp\/fFexERJh_sc\/maxresdefault.webp');\"><\/lite-youtube>\n<p>Debido a que usted est\u00e1 usando guantes m\u00e1s delgados, puede bajarse de su bicicleta, cerrarla con llave y salir del fr\u00edo sin tener que arrancar primero sus guantes de invierno m\u00e1s gruesos. \u00a0Tu amor por los guantes de manillar s\u00f3lo crecer\u00e1 durante el invierno.<\/p>\n<h2><strong>Para la cabeza<\/strong><\/h2>\n<p>Giro se ha dado cuenta de que a la gente le gusta andar en bicicleta en invierno, y ha dise\u00f1ado un casco espec\u00edfico para bicicletas que es lo suficientemente chic para el ciclista urbano que se preocupa por la moda. \u00a0El <a href=\"https:\/\/www.giro.com\/eu_en\/timberwolftm.html\/\">Timberwolf<\/a> es vers\u00e1til &#8211; su aislamiento extra\u00edble hace que este casco sea perfecto para el invierno, as\u00ed como para el invierno m\u00e1s fr\u00edo.<\/p>\n<div id='gallery-1' class='gallery galleryid-3781 gallery-columns-2 gallery-size-large'><figure class='gallery-item'>\n\t\t\t<div class='gallery-icon landscape'>\n\t\t\t\t<a href='https:\/\/d2p6e6u75xmxt8.cloudfront.net\/6\/2018\/11\/giro_h_timberwolf_matteblack_34.jpg'><img loading=\"lazy\" decoding=\"async\" width=\"479\" height=\"479\" src=\"https:\/\/d2p6e6u75xmxt8.cloudfront.net\/6\/2018\/11\/giro_h_timberwolf_matteblack_34.jpg\" class=\"attachment-large size-large\" alt=\"\" srcset=\"https:\/\/d2p6e6u75xmxt8.cloudfront.net\/6\/2018\/11\/giro_h_timberwolf_matteblack_34.jpg 479w, https:\/\/d2p6e6u75xmxt8.cloudfront.net\/6\/2018\/11\/giro_h_timberwolf_matteblack_34-150x150.jpg 150w, https:\/\/d2p6e6u75xmxt8.cloudfront.net\/6\/2018\/11\/giro_h_timberwolf_matteblack_34-300x300.jpg 300w\" sizes=\"auto, (max-width: 479px) 100vw, 479px\" \/><\/a>\n\t\t\t<\/div><\/figure><figure class='gallery-item'>\n\t\t\t<div class='gallery-icon landscape'>\n\t\t\t\t<a href='https:\/\/d2p6e6u75xmxt8.cloudfront.net\/6\/2018\/11\/Giro_H_Timberwolf_MatteBlack_profile.jpg'><img loading=\"lazy\" decoding=\"async\" width=\"479\" height=\"479\" src=\"https:\/\/d2p6e6u75xmxt8.cloudfront.net\/6\/2018\/11\/Giro_H_Timberwolf_MatteBlack_profile.jpg\" class=\"attachment-large size-large\" alt=\"\" srcset=\"https:\/\/d2p6e6u75xmxt8.cloudfront.net\/6\/2018\/11\/Giro_H_Timberwolf_MatteBlack_profile.jpg 479w, https:\/\/d2p6e6u75xmxt8.cloudfront.net\/6\/2018\/11\/Giro_H_Timberwolf_MatteBlack_profile-150x150.jpg 150w, https:\/\/d2p6e6u75xmxt8.cloudfront.net\/6\/2018\/11\/Giro_H_Timberwolf_MatteBlack_profile-300x300.jpg 300w\" sizes=\"auto, (max-width: 479px) 100vw, 479px\" \/><\/a>\n\t\t\t<\/div><\/figure>\n\t\t<\/div>\n\n<p>El casco est\u00e1 dise\u00f1ado para que se adapte a la cara de tal manera que puedas combinarlo con la gama de gafas de invierno de Giro: \u00a1no m\u00e1s l\u00e1grimas de hielo por las ma\u00f1anas! \u00a0Creemos que ya es hora de que los ciclistas urbanos celebren sus excentricidades y<a href=\"https:\/\/youtu.be\/qQ9w1Q-4eBw?t=165\"> canalicen sus emociones<\/a>.<\/p>\n","protected":false},"excerpt":{"rendered":"<p>Si usted ha pasado por un invierno fr\u00edo y bajo cero, probablemente ha fantaseado con alguien inventando un calentador de [&hellip;]<\/p>\n","protected":false},"author":29,"featured_media":3786,"comment_status":"open","ping_status":"open","sticky":false,"template":"","format":"standard","meta":{"footnotes":""},"categories":[8,6],"tags":[728,201,726,727],"global-categories":[],"class_list":["post-3781","post","type-post","status-publish","format-standard","has-post-thumbnail","hentry","category-life-style","category-urban","tag-casco-ciclismo-invierno","tag-ropa-ciclista-urbano-invierno","tag-ropa-invierno-ciclista-urbano","tag-ruedas-invierno-bicicleta-urbana"],"yoast_head":"<!-- This site is optimized with the Yoast SEO Premium plugin v25.3 (Yoast SEO v25.9) - https:\/\/yoast.com\/wordpress\/plugins\/seo\/ -->\n<title>Equipaci\u00f3n esencial para el ciclista urbano en invierno - \u0160koda We Love Cycling - Spain<\/title>\n<meta name=\"description\" content=\"Equipaci\u00f3n esencial para el ciclista urbano en invierno. Consejos sobre ropa, ruedas, cascos y todo lo esencial par que no pases fr\u00edo en bici.\" \/>\n<meta name=\"robots\" content=\"index, follow, max-snippet:-1, max-image-preview:large, max-video-preview:-1\" \/>\n<link rel=\"canonical\" href=\"https:\/\/www.welovecycling.com\/es\/2018\/11\/15\/ciclista-urbano-en-invierno\/\" \/>\n<meta property=\"og:locale\" content=\"es_ES\" \/>\n<meta property=\"og:type\" content=\"article\" \/>\n<meta property=\"og:title\" content=\"Equipaci\u00f3n esencial para el ciclista urbano en invierno\" \/>\n<meta property=\"og:description\" content=\"Equipaci\u00f3n esencial para el ciclista urbano en invierno. Consejos sobre ropa, ruedas, cascos y todo lo esencial par que no pases fr\u00edo en bici.\" \/>\n<meta property=\"og:url\" content=\"https:\/\/www.welovecycling.com\/es\/2018\/11\/15\/ciclista-urbano-en-invierno\/\" \/>\n<meta property=\"og:site_name\" content=\"\u0160koda We Love Cycling - Spain\" \/>\n<meta property=\"article:published_time\" content=\"2018-11-15T08:59:31+00:00\" \/>\n<meta property=\"og:image\" content=\"https:\/\/d2p6e6u75xmxt8.cloudfront.net\/6\/2018\/11\/Cycling-in-Moscow-profimedia-0310535670.jpg\" \/>\n\t<meta property=\"og:image:width\" content=\"1366\" \/>\n\t<meta property=\"og:image:height\" content=\"600\" \/>\n\t<meta property=\"og:image:type\" content=\"image\/jpeg\" \/>\n<meta name=\"author\" content=\"We Love Cycling Spain\" \/>\n<meta name=\"twitter:card\" content=\"summary_large_image\" \/>\n<meta name=\"twitter:title\" content=\"Equipaci\u00f3n esencial para el ciclista urbano en invierno\" \/>\n<meta name=\"twitter:description\" content=\"Equipaci\u00f3n esencial para el ciclista urbano en invierno. Consejos sobre ropa, ruedas, cascos y todo lo esencial par que no pases fr\u00edo en bici.\" \/>\n<meta name=\"twitter:label1\" content=\"Written by\" \/>\n\t<meta name=\"twitter:data1\" content=\"Christopher Ashley\" \/>\n\t<meta name=\"twitter:label2\" content=\"Est. reading time\" \/>\n\t<meta name=\"twitter:data2\" content=\"4\" \/>\n<script type=\"application\/ld+json\" class=\"yoast-schema-graph\">{\"@context\":\"https:\/\/schema.org\",\"@graph\":[{\"@type\":\"WebPage\",\"@id\":\"https:\/\/www.welovecycling.com\/es\/2018\/11\/15\/ciclista-urbano-en-invierno\/\",\"url\":\"https:\/\/www.welovecycling.com\/es\/2018\/11\/15\/ciclista-urbano-en-invierno\/\",\"name\":\"Equipaci\u00f3n esencial para el ciclista urbano en invierno - \u0160koda We Love Cycling - Spain\",\"isPartOf\":{\"@id\":\"https:\/\/www.welovecycling.com\/es\/#website\"},\"primaryImageOfPage\":{\"@id\":\"https:\/\/www.welovecycling.com\/es\/2018\/11\/15\/ciclista-urbano-en-invierno\/#primaryimage\"},\"image\":{\"@id\":\"https:\/\/www.welovecycling.com\/es\/2018\/11\/15\/ciclista-urbano-en-invierno\/#primaryimage\"},\"thumbnailUrl\":\"https:\/\/d2p6e6u75xmxt8.cloudfront.net\/6\/2018\/11\/Cycling-in-Moscow-profimedia-0310535670.jpg\",\"datePublished\":\"2018-11-15T08:59:31+00:00\",\"author\":{\"@id\":\"https:\/\/www.welovecycling.com\/es\/#\/schema\/person\/deb61715b5812698ee79fb96f343ccd4\"},\"description\":\"Equipaci\u00f3n esencial para el ciclista urbano en invierno. Consejos sobre ropa, ruedas, cascos y todo lo esencial par que no pases fr\u00edo en bici.\",\"breadcrumb\":{\"@id\":\"https:\/\/www.welovecycling.com\/es\/2018\/11\/15\/ciclista-urbano-en-invierno\/#breadcrumb\"},\"inLanguage\":\"es-ES\",\"potentialAction\":[{\"@type\":\"ReadAction\",\"target\":[\"https:\/\/www.welovecycling.com\/es\/2018\/11\/15\/ciclista-urbano-en-invierno\/\"]}]},{\"@type\":\"ImageObject\",\"inLanguage\":\"es-ES\",\"@id\":\"https:\/\/www.welovecycling.com\/es\/2018\/11\/15\/ciclista-urbano-en-invierno\/#primaryimage\",\"url\":\"https:\/\/d2p6e6u75xmxt8.cloudfront.net\/6\/2018\/11\/Cycling-in-Moscow-profimedia-0310535670.jpg\",\"contentUrl\":\"https:\/\/d2p6e6u75xmxt8.cloudfront.net\/6\/2018\/11\/Cycling-in-Moscow-profimedia-0310535670.jpg\",\"width\":1366,\"height\":600},{\"@type\":\"BreadcrumbList\",\"@id\":\"https:\/\/www.welovecycling.com\/es\/2018\/11\/15\/ciclista-urbano-en-invierno\/#breadcrumb\",\"itemListElement\":[{\"@type\":\"ListItem\",\"position\":1,\"name\":\"Home\",\"item\":\"https:\/\/www.welovecycling.com\/es\/\"},{\"@type\":\"ListItem\",\"position\":2,\"name\":\"Equipaci\u00f3n esencial para el ciclista urbano en invierno\"}]},{\"@type\":\"WebSite\",\"@id\":\"https:\/\/www.welovecycling.com\/es\/#website\",\"url\":\"https:\/\/www.welovecycling.com\/es\/\",\"name\":\"\u0160koda We Love Cycling - Spain\",\"description\":\"\u0160koda WeLoveCycling Spain\",\"potentialAction\":[{\"@type\":\"SearchAction\",\"target\":{\"@type\":\"EntryPoint\",\"urlTemplate\":\"https:\/\/www.welovecycling.com\/es\/?s={search_term_string}\"},\"query-input\":{\"@type\":\"PropertyValueSpecification\",\"valueRequired\":true,\"valueName\":\"search_term_string\"}}],\"inLanguage\":\"es-ES\"},{\"@type\":\"Person\",\"@id\":\"https:\/\/www.welovecycling.com\/es\/#\/schema\/person\/deb61715b5812698ee79fb96f343ccd4\",\"name\":\"We Love Cycling Spain\",\"image\":{\"@type\":\"ImageObject\",\"inLanguage\":\"es-ES\",\"@id\":\"https:\/\/www.welovecycling.com\/es\/#\/schema\/person\/image\/\",\"url\":\"https:\/\/secure.gravatar.com\/avatar\/c824b04e6df0e37a03219d0b6481672889df542894588964102459e46513159c?s=96&d=mm&r=g\",\"contentUrl\":\"https:\/\/secure.gravatar.com\/avatar\/c824b04e6df0e37a03219d0b6481672889df542894588964102459e46513159c?s=96&d=mm&r=g\",\"caption\":\"We Love Cycling Spain\"},\"url\":\"https:\/\/www.welovecycling.com\/es\/author\/amunoz\/\"}]}<\/script>\n<!-- \/ Yoast SEO Premium plugin. -->","yoast_head_json":{"title":"Equipaci\u00f3n esencial para el ciclista urbano en invierno - \u0160koda We Love Cycling - Spain","description":"Equipaci\u00f3n esencial para el ciclista urbano en invierno. Consejos sobre ropa, ruedas, cascos y todo lo esencial par que no pases fr\u00edo en bici.","robots":{"index":"index","follow":"follow","max-snippet":"max-snippet:-1","max-image-preview":"max-image-preview:large","max-video-preview":"max-video-preview:-1"},"canonical":"https:\/\/www.welovecycling.com\/es\/2018\/11\/15\/ciclista-urbano-en-invierno\/","og_locale":"es_ES","og_type":"article","og_title":"Equipaci\u00f3n esencial para el ciclista urbano en invierno","og_description":"Equipaci\u00f3n esencial para el ciclista urbano en invierno. Consejos sobre ropa, ruedas, cascos y todo lo esencial par que no pases fr\u00edo en bici.","og_url":"https:\/\/www.welovecycling.com\/es\/2018\/11\/15\/ciclista-urbano-en-invierno\/","og_site_name":"\u0160koda We Love Cycling - Spain","article_published_time":"2018-11-15T08:59:31+00:00","og_image":[{"width":1366,"height":600,"url":"https:\/\/d2p6e6u75xmxt8.cloudfront.net\/6\/2018\/11\/Cycling-in-Moscow-profimedia-0310535670.jpg","type":"image\/jpeg"}],"author":"We Love Cycling Spain","twitter_card":"summary_large_image","twitter_title":"Equipaci\u00f3n esencial para el ciclista urbano en invierno","twitter_description":"Equipaci\u00f3n esencial para el ciclista urbano en invierno. Consejos sobre ropa, ruedas, cascos y todo lo esencial par que no pases fr\u00edo en bici.","twitter_misc":{"Written by":"Christopher Ashley","Est. reading time":"4"},"schema":{"@context":"https:\/\/schema.org","@graph":[{"@type":"WebPage","@id":"https:\/\/www.welovecycling.com\/es\/2018\/11\/15\/ciclista-urbano-en-invierno\/","url":"https:\/\/www.welovecycling.com\/es\/2018\/11\/15\/ciclista-urbano-en-invierno\/","name":"Equipaci\u00f3n esencial para el ciclista urbano en invierno - \u0160koda We Love Cycling - Spain","isPartOf":{"@id":"https:\/\/www.welovecycling.com\/es\/#website"},"primaryImageOfPage":{"@id":"https:\/\/www.welovecycling.com\/es\/2018\/11\/15\/ciclista-urbano-en-invierno\/#primaryimage"},"image":{"@id":"https:\/\/www.welovecycling.com\/es\/2018\/11\/15\/ciclista-urbano-en-invierno\/#primaryimage"},"thumbnailUrl":"https:\/\/d2p6e6u75xmxt8.cloudfront.net\/6\/2018\/11\/Cycling-in-Moscow-profimedia-0310535670.jpg","datePublished":"2018-11-15T08:59:31+00:00","author":{"@id":"https:\/\/www.welovecycling.com\/es\/#\/schema\/person\/deb61715b5812698ee79fb96f343ccd4"},"description":"Equipaci\u00f3n esencial para el ciclista urbano en invierno. Consejos sobre ropa, ruedas, cascos y todo lo esencial par que no pases fr\u00edo en bici.","breadcrumb":{"@id":"https:\/\/www.welovecycling.com\/es\/2018\/11\/15\/ciclista-urbano-en-invierno\/#breadcrumb"},"inLanguage":"es-ES","potentialAction":[{"@type":"ReadAction","target":["https:\/\/www.welovecycling.com\/es\/2018\/11\/15\/ciclista-urbano-en-invierno\/"]}]},{"@type":"ImageObject","inLanguage":"es-ES","@id":"https:\/\/www.welovecycling.com\/es\/2018\/11\/15\/ciclista-urbano-en-invierno\/#primaryimage","url":"https:\/\/d2p6e6u75xmxt8.cloudfront.net\/6\/2018\/11\/Cycling-in-Moscow-profimedia-0310535670.jpg","contentUrl":"https:\/\/d2p6e6u75xmxt8.cloudfront.net\/6\/2018\/11\/Cycling-in-Moscow-profimedia-0310535670.jpg","width":1366,"height":600},{"@type":"BreadcrumbList","@id":"https:\/\/www.welovecycling.com\/es\/2018\/11\/15\/ciclista-urbano-en-invierno\/#breadcrumb","itemListElement":[{"@type":"ListItem","position":1,"name":"Home","item":"https:\/\/www.welovecycling.com\/es\/"},{"@type":"ListItem","position":2,"name":"Equipaci\u00f3n esencial para el ciclista urbano en invierno"}]},{"@type":"WebSite","@id":"https:\/\/www.welovecycling.com\/es\/#website","url":"https:\/\/www.welovecycling.com\/es\/","name":"\u0160koda We Love Cycling - Spain","description":"\u0160koda WeLoveCycling Spain","potentialAction":[{"@type":"SearchAction","target":{"@type":"EntryPoint","urlTemplate":"https:\/\/www.welovecycling.com\/es\/?s={search_term_string}"},"query-input":{"@type":"PropertyValueSpecification","valueRequired":true,"valueName":"search_term_string"}}],"inLanguage":"es-ES"},{"@type":"Person","@id":"https:\/\/www.welovecycling.com\/es\/#\/schema\/person\/deb61715b5812698ee79fb96f343ccd4","name":"We Love Cycling Spain","image":{"@type":"ImageObject","inLanguage":"es-ES","@id":"https:\/\/www.welovecycling.com\/es\/#\/schema\/person\/image\/","url":"https:\/\/secure.gravatar.com\/avatar\/c824b04e6df0e37a03219d0b6481672889df542894588964102459e46513159c?s=96&d=mm&r=g","contentUrl":"https:\/\/secure.gravatar.com\/avatar\/c824b04e6df0e37a03219d0b6481672889df542894588964102459e46513159c?s=96&d=mm&r=g","caption":"We Love Cycling Spain"},"url":"https:\/\/www.welovecycling.com\/es\/author\/amunoz\/"}]}},"_links":{"self":[{"href":"https:\/\/www.welovecycling.com\/es\/wp-json\/wp\/v2\/posts\/3781","targetHints":{"allow":["GET"]}}],"collection":[{"href":"https:\/\/www.welovecycling.com\/es\/wp-json\/wp\/v2\/posts"}],"about":[{"href":"https:\/\/www.welovecycling.com\/es\/wp-json\/wp\/v2\/types\/post"}],"author":[{"embeddable":true,"href":"https:\/\/www.welovecycling.com\/es\/wp-json\/wp\/v2\/users\/29"}],"replies":[{"embeddable":true,"href":"https:\/\/www.welovecycling.com\/es\/wp-json\/wp\/v2\/comments?post=3781"}],"version-history":[{"count":2,"href":"https:\/\/www.welovecycling.com\/es\/wp-json\/wp\/v2\/posts\/3781\/revisions"}],"predecessor-version":[{"id":3787,"href":"https:\/\/www.welovecycling.com\/es\/wp-json\/wp\/v2\/posts\/3781\/revisions\/3787"}],"wp:featuredmedia":[{"embeddable":true,"href":"https:\/\/www.welovecycling.com\/es\/wp-json\/wp\/v2\/media\/3786"}],"wp:attachment":[{"href":"https:\/\/www.welovecycling.com\/es\/wp-json\/wp\/v2\/media?parent=3781"}],"wp:term":[{"taxonomy":"category","embeddable":true,"href":"https:\/\/www.welovecycling.com\/es\/wp-json\/wp\/v2\/categories?post=3781"},{"taxonomy":"post_tag","embeddable":true,"href":"https:\/\/www.welovecycling.com\/es\/wp-json\/wp\/v2\/tags?post=3781"},{"taxonomy":"global-categories","embeddable":true,"href":"https:\/\/www.welovecycling.com\/es\/wp-json\/wp\/v2\/global-categories?post=3781"}],"curies":[{"name":"wp","href":"https:\/\/api.w.org\/{rel}","templated":true}]}}