{"id":3765,"date":"2018-11-12T19:48:47","date_gmt":"2018-11-12T17:48:47","guid":{"rendered":"https:\/\/www.welovecycling.com\/es\/?p=3765"},"modified":"2018-11-12T19:48:47","modified_gmt":"2018-11-12T17:48:47","slug":"consejos-para-planificar-tu-temporada-ciclista","status":"publish","type":"post","link":"https:\/\/www.welovecycling.com\/es\/2018\/11\/12\/consejos-para-planificar-tu-temporada-ciclista\/","title":{"rendered":"Consejos para planificar tu temporada ciclista"},"content":{"rendered":"<p><strong>Noviembre es el mes habitual de descanso del ciclista y cuando se dedica a pensar en la pr\u00f3xima temporada. Te empiezas a poner metas, destinos y eventos en los que te gustar\u00eda pedalear. O retos que te gustar\u00eda superar. Para todos ellos hace falta entrenar, pero, ojo, no es para todos igual. Cada uno tiene su m\u00e9todo o necesita aprender un nuevo. Aqu\u00ed te vamos a dar algunos consejos de c\u00f3mo aplicar el sentido com\u00fan.<\/strong><br \/>\n<!--more--><\/p>\n<h2><strong>S\u00e9 realista<\/strong><\/h2>\n<p>Lo primero que debes pensar es el <strong>estado de forma actual que tienes, la edad, el tiempo libre que dispones, el lugar en el que vives y su climatolog\u00eda, los sacrificios que est\u00e1s dispuesto a hacer y despu\u00e9s comenzar a so\u00f1ar con un reto u otro.<\/strong> De un a\u00f1o para otro se puede mejorar mucho en bicicleta, sobre todo poniendo los medios de entrenamiento adecuados, pero ese margen de progresi\u00f3n depende de todos esos factores y alguno m\u00e1s.<\/p>\n<p>As\u00ed que por lo pronto lo primero que debes hacer es analizar donde est\u00e1s y que vas a poder hacer en los pr\u00f3ximos meses para mejorar. <strong>No tiene sentido marcarse metas muy altas<\/strong> cuando es casi imposible llegar a alcanzarlas en pocos meses si no tienes tiempo para entrenar.<\/p>\n<p><a href=\"https:\/\/d2p6e6u75xmxt8.cloudfront.net\/6\/2018\/11\/Campus-Ciclored-2018-258.jpg\"><img loading=\"lazy\" decoding=\"async\" class=\"aligncenter size-large wp-image-3767\" src=\"https:\/\/d2p6e6u75xmxt8.cloudfront.net\/6\/2018\/11\/Campus-Ciclored-2018-258-1024x684.jpg\" alt=\"\" width=\"1024\" height=\"684\" srcset=\"https:\/\/d2p6e6u75xmxt8.cloudfront.net\/6\/2018\/11\/Campus-Ciclored-2018-258-1024x684.jpg 1024w, https:\/\/d2p6e6u75xmxt8.cloudfront.net\/6\/2018\/11\/Campus-Ciclored-2018-258-300x200.jpg 300w, https:\/\/d2p6e6u75xmxt8.cloudfront.net\/6\/2018\/11\/Campus-Ciclored-2018-258-768x513.jpg 768w, https:\/\/d2p6e6u75xmxt8.cloudfront.net\/6\/2018\/11\/Campus-Ciclored-2018-258-1920x1282.jpg 1920w, https:\/\/d2p6e6u75xmxt8.cloudfront.net\/6\/2018\/11\/Campus-Ciclored-2018-258-272x182.jpg 272w, https:\/\/d2p6e6u75xmxt8.cloudfront.net\/6\/2018\/11\/Campus-Ciclored-2018-258-1920x1282.jpg 1920w\" sizes=\"auto, (max-width: 1024px) 100vw, 1024px\" \/><\/a><\/p>\n<h2><strong>Conf\u00eda en los profesionales<\/strong><\/h2>\n<p>Si <strong>nunca has seguido un m\u00e9todo de entrenamiento o no tienes estudios y conocimientos espec\u00edficos sobre c\u00f3mo entrenar lo mejor es que te pongas en manos de alg\u00fan entrenador especializado en ciclismo.<\/strong> Puede ser que siguiendo los pasos que te marca un libro o un entrenamiento que has encontrado en internet te funcione, pero tambi\u00e9n que te pase todo lo contrario y acabes frustrado y echando un a\u00f1o a la basura. Lo \u00fanico positivo que sacar\u00e1s de eso ser\u00e1 la experiencia y c\u00f3mo no debes hacer las cosas.<\/p>\n<p>Si estas en una fase muy inicial en el mundo de la bicicleta con salir a entrenar y no hacer demasiadas barbaridades ver\u00e1s que muy pronto comienzas a mejorar tu estado de forma y tus prestaciones. Es l\u00f3gico. <strong>El problema es cuando ya tienes un cierto nivel y lo quieres mejorar<\/strong>. Entonces no vale con seguir haciendo lo mismo en las salidas o con ir algo m\u00e1s deprisa. Una temporada con un entrenador te servir\u00e1 para aprender de cara al futuro.<\/p>\n<h2><strong>Se previsor<\/strong><\/h2>\n<p>Planificar tu temporada significa precisamente eso. <strong>Preveer lo que puede pasar a lo largo del a\u00f1o y poner los medios adecuados para que todo funcione<\/strong>. Parece obvio, pero a veces no nos damos cuenta y nos establecemos retos para los que llegar a tiempo suponen algunos sacrificios que no estamos dispuestos a asumir.<\/p>\n<p>Si te has puesto como objetivo llegar en buena forma e ir r\u00e1pido en la<strong> Strade Bianche,<\/strong> una marcha que se hace en Italia en el mes de marzo, est\u00e1 claro que vas a tener que empezar antes a entrenar y rodar en d\u00edas de fr\u00edo, agua y mal tiempo (a no ser que residas en Canarias) y\/o sustituirlo por horas de rodillo. Si para ti todo esto suponen un sacrificio quiz\u00e1s lo m\u00e1s l\u00f3gico es tomarse la Strade Bianche a un ritmo m\u00e1s tranquilo o buscar objetivos para los meses de julio y agosto.<\/p>\n<p><a href=\"https:\/\/d2p6e6u75xmxt8.cloudfront.net\/6\/2018\/11\/TOUR-2018-5.JPG.jpg\"><img loading=\"lazy\" decoding=\"async\" class=\"aligncenter size-large wp-image-3768\" src=\"https:\/\/d2p6e6u75xmxt8.cloudfront.net\/6\/2018\/11\/TOUR-2018-5.JPG-1024x717.jpg\" alt=\"\" width=\"1024\" height=\"717\" srcset=\"https:\/\/d2p6e6u75xmxt8.cloudfront.net\/6\/2018\/11\/TOUR-2018-5.JPG.jpg 1024w, https:\/\/d2p6e6u75xmxt8.cloudfront.net\/6\/2018\/11\/TOUR-2018-5.JPG-300x210.jpg 300w, https:\/\/d2p6e6u75xmxt8.cloudfront.net\/6\/2018\/11\/TOUR-2018-5.JPG-768x538.jpg 768w\" sizes=\"auto, (max-width: 1024px) 100vw, 1024px\" \/><\/a><\/p>\n<h2><strong>Progresividad<\/strong><\/h2>\n<p>Seguramente habr\u00e1s o\u00eddo eso de <strong>&#8220;entrenas dos d\u00edas conmigo y vuelves echo un toro&#8221; dicho por alg\u00fan compa\u00f1ero de la grupeta. Pues bien, no hay nada m\u00e1s lejos de la realidad.<\/strong> Si las pretemporadas ciclistas suelen empezar en noviembre y diciembre es porque sueles buscar el pico de forma a partir de abril o mayo, incluso en julio o agosto. Como ves por el camino han pasado varios meses. As\u00ed que lo que hagas en dos d\u00edas o lo que no hagas en dos d\u00edas no va a suponer demasiado en todo el desarrollo de la temporada.<\/p>\n<p>Si tienes claro el concepto de la <strong>progresividad en el entrenamiento ciclista no te llegar\u00e1s a desesperar<\/strong>. La evoluci\u00f3n llega muy poco a poco y a veces es incluso bueno parar y descansar un poco para luego dar un salto de calidad.<\/p>\n<h2><strong>Piensa en disfrutar<\/strong><\/h2>\n<p>Vale. Ya m\u00e1s o menos sabes lo que quieres hacer el pr\u00f3ximo a\u00f1o. Ahora planteate algo. \u00bf<strong>Es realmente lo que m\u00e1s te gusta? \u00bfTe sentir\u00e1s satisfecho cuando lo consigas?<\/strong> \u00bfPodr\u00edas pasar sin ello y ser\u00edas igualmente feliz montando en bicicleta?<\/p>\n<p>Si hay algo que siempre debes tener claro al mirar hacia la pr\u00f3xima temporada es que <strong>este deporte en la forma en que lo practicamos est\u00e1 pensado para disfrutarlo y ser feliz, no para crearte frustraciones ni estres.<\/strong> Si tu objetivo es no sufrir demasiado en los 280 kil\u00f3metros y 4.300 metros de la Lieja Bastogne Lieja, o bajar 20 minutos en la QH, o disfrutar una semana pedaleando por los puertos del Tour de Francia en julio. Adelante. Trabaja para conseguirlo. Pero si llegado el d\u00eda no lo has conseguido evita la frustraci\u00f3n. <strong>Piensa en lo que has aprendido durante el camino y como lo vas a poder aplicar para el futuro. As\u00ed estar\u00e1s planificando ya la pr\u00f3xima temporada.<\/p>\n<p><a href=\"https:\/\/d2p6e6u75xmxt8.cloudfront.net\/6\/2018\/11\/PARIS-ROUBAIX-2018-11.JPG.jpg\"><img loading=\"lazy\" decoding=\"async\" class=\"aligncenter size-large wp-image-3769\" src=\"https:\/\/d2p6e6u75xmxt8.cloudfront.net\/6\/2018\/11\/PARIS-ROUBAIX-2018-11.JPG-1024x768.jpg\" alt=\"\" width=\"1024\" height=\"768\" srcset=\"https:\/\/d2p6e6u75xmxt8.cloudfront.net\/6\/2018\/11\/PARIS-ROUBAIX-2018-11.JPG.jpg 1024w, https:\/\/d2p6e6u75xmxt8.cloudfront.net\/6\/2018\/11\/PARIS-ROUBAIX-2018-11.JPG-300x225.jpg 300w, https:\/\/d2p6e6u75xmxt8.cloudfront.net\/6\/2018\/11\/PARIS-ROUBAIX-2018-11.JPG-768x576.jpg 768w\" sizes=\"auto, (max-width: 1024px) 100vw, 1024px\" \/><\/a><br \/>\n<\/strong><\/p>\n","protected":false},"excerpt":{"rendered":"<p>Noviembre es el mes habitual de descanso del ciclista y cuando se dedica a pensar en la pr\u00f3xima temporada. Te [&hellip;]<\/p>\n","protected":false},"author":29,"featured_media":3766,"comment_status":"open","ping_status":"open","sticky":false,"template":"","format":"standard","meta":{"footnotes":""},"categories":[7,9],"tags":[717,227,251,716,715],"global-categories":[],"class_list":["post-3765","post","type-post","status-publish","format-standard","has-post-thumbnail","hentry","category-carretera","category-mtb-aventura","tag-consejos-entrenamiento-ciclista","tag-entrenamiento-ciclista","tag-entrenamiento-ciclista-en-invierno","tag-planificar-temporada-ciclista","tag-temporada-ciclista"],"yoast_head":"<!-- This site is optimized with the Yoast SEO Premium plugin v25.3 (Yoast SEO v25.9) - https:\/\/yoast.com\/wordpress\/plugins\/seo\/ -->\n<title>Consejos para planificar tu temporada ciclista - \u0160koda We Love Cycling - Spain<\/title>\n<meta name=\"description\" content=\"Consejos para planificar tu temporada ciclista. Qu\u00e9 debes hacer para llegar en forma al evento ciclista. Entrenamiento, planificaci\u00f3n y psicolog\u00eda.\" \/>\n<meta name=\"robots\" content=\"index, follow, max-snippet:-1, max-image-preview:large, max-video-preview:-1\" \/>\n<link rel=\"canonical\" href=\"https:\/\/www.welovecycling.com\/es\/2018\/11\/12\/consejos-para-planificar-tu-temporada-ciclista\/\" \/>\n<meta property=\"og:locale\" content=\"es_ES\" \/>\n<meta property=\"og:type\" content=\"article\" \/>\n<meta property=\"og:title\" content=\"Consejos para planificar tu temporada ciclista\" \/>\n<meta property=\"og:description\" content=\"Consejos para planificar tu temporada ciclista. Qu\u00e9 debes hacer para llegar en forma al evento ciclista. Entrenamiento, planificaci\u00f3n y psicolog\u00eda.\" \/>\n<meta property=\"og:url\" content=\"https:\/\/www.welovecycling.com\/es\/2018\/11\/12\/consejos-para-planificar-tu-temporada-ciclista\/\" \/>\n<meta property=\"og:site_name\" content=\"\u0160koda We Love Cycling - Spain\" \/>\n<meta property=\"article:published_time\" content=\"2018-11-12T17:48:47+00:00\" \/>\n<meta property=\"og:image\" content=\"https:\/\/d2p6e6u75xmxt8.cloudfront.net\/6\/2018\/11\/La-Cicloturista-2017.-Promo.JPG.jpg\" \/>\n\t<meta property=\"og:image:width\" content=\"1600\" \/>\n\t<meta property=\"og:image:height\" content=\"1067\" \/>\n\t<meta property=\"og:image:type\" content=\"image\/jpeg\" \/>\n<meta name=\"author\" content=\"We Love Cycling Spain\" \/>\n<meta name=\"twitter:card\" content=\"summary_large_image\" \/>\n<meta name=\"twitter:title\" content=\"Consejos para planificar tu temporada ciclista\" \/>\n<meta name=\"twitter:description\" content=\"Consejos para planificar tu temporada ciclista. Qu\u00e9 debes hacer para llegar en forma al evento ciclista. Entrenamiento, planificaci\u00f3n y psicolog\u00eda.\" \/>\n<meta name=\"twitter:label1\" content=\"Written by\" \/>\n\t<meta name=\"twitter:data1\" content=\"Luis Ortega @ciclored\" \/>\n\t<meta name=\"twitter:label2\" content=\"Est. reading time\" \/>\n\t<meta name=\"twitter:data2\" content=\"6\" \/>\n<script type=\"application\/ld+json\" class=\"yoast-schema-graph\">{\"@context\":\"https:\/\/schema.org\",\"@graph\":[{\"@type\":\"WebPage\",\"@id\":\"https:\/\/www.welovecycling.com\/es\/2018\/11\/12\/consejos-para-planificar-tu-temporada-ciclista\/\",\"url\":\"https:\/\/www.welovecycling.com\/es\/2018\/11\/12\/consejos-para-planificar-tu-temporada-ciclista\/\",\"name\":\"Consejos para planificar tu temporada ciclista - \u0160koda We Love Cycling - Spain\",\"isPartOf\":{\"@id\":\"https:\/\/www.welovecycling.com\/es\/#website\"},\"primaryImageOfPage\":{\"@id\":\"https:\/\/www.welovecycling.com\/es\/2018\/11\/12\/consejos-para-planificar-tu-temporada-ciclista\/#primaryimage\"},\"image\":{\"@id\":\"https:\/\/www.welovecycling.com\/es\/2018\/11\/12\/consejos-para-planificar-tu-temporada-ciclista\/#primaryimage\"},\"thumbnailUrl\":\"https:\/\/d2p6e6u75xmxt8.cloudfront.net\/6\/2018\/11\/La-Cicloturista-2017.-Promo.JPG.jpg\",\"datePublished\":\"2018-11-12T17:48:47+00:00\",\"author\":{\"@id\":\"https:\/\/www.welovecycling.com\/es\/#\/schema\/person\/deb61715b5812698ee79fb96f343ccd4\"},\"description\":\"Consejos para planificar tu temporada ciclista. Qu\u00e9 debes hacer para llegar en forma al evento ciclista. Entrenamiento, planificaci\u00f3n y psicolog\u00eda.\",\"breadcrumb\":{\"@id\":\"https:\/\/www.welovecycling.com\/es\/2018\/11\/12\/consejos-para-planificar-tu-temporada-ciclista\/#breadcrumb\"},\"inLanguage\":\"es-ES\",\"potentialAction\":[{\"@type\":\"ReadAction\",\"target\":[\"https:\/\/www.welovecycling.com\/es\/2018\/11\/12\/consejos-para-planificar-tu-temporada-ciclista\/\"]}]},{\"@type\":\"ImageObject\",\"inLanguage\":\"es-ES\",\"@id\":\"https:\/\/www.welovecycling.com\/es\/2018\/11\/12\/consejos-para-planificar-tu-temporada-ciclista\/#primaryimage\",\"url\":\"https:\/\/d2p6e6u75xmxt8.cloudfront.net\/6\/2018\/11\/La-Cicloturista-2017.-Promo.JPG.jpg\",\"contentUrl\":\"https:\/\/d2p6e6u75xmxt8.cloudfront.net\/6\/2018\/11\/La-Cicloturista-2017.-Promo.JPG.jpg\",\"width\":1600,\"height\":1067},{\"@type\":\"BreadcrumbList\",\"@id\":\"https:\/\/www.welovecycling.com\/es\/2018\/11\/12\/consejos-para-planificar-tu-temporada-ciclista\/#breadcrumb\",\"itemListElement\":[{\"@type\":\"ListItem\",\"position\":1,\"name\":\"Home\",\"item\":\"https:\/\/www.welovecycling.com\/es\/\"},{\"@type\":\"ListItem\",\"position\":2,\"name\":\"Consejos para planificar tu temporada ciclista\"}]},{\"@type\":\"WebSite\",\"@id\":\"https:\/\/www.welovecycling.com\/es\/#website\",\"url\":\"https:\/\/www.welovecycling.com\/es\/\",\"name\":\"\u0160koda We Love Cycling - Spain\",\"description\":\"\u0160koda WeLoveCycling Spain\",\"potentialAction\":[{\"@type\":\"SearchAction\",\"target\":{\"@type\":\"EntryPoint\",\"urlTemplate\":\"https:\/\/www.welovecycling.com\/es\/?s={search_term_string}\"},\"query-input\":{\"@type\":\"PropertyValueSpecification\",\"valueRequired\":true,\"valueName\":\"search_term_string\"}}],\"inLanguage\":\"es-ES\"},{\"@type\":\"Person\",\"@id\":\"https:\/\/www.welovecycling.com\/es\/#\/schema\/person\/deb61715b5812698ee79fb96f343ccd4\",\"name\":\"We Love Cycling Spain\",\"image\":{\"@type\":\"ImageObject\",\"inLanguage\":\"es-ES\",\"@id\":\"https:\/\/www.welovecycling.com\/es\/#\/schema\/person\/image\/\",\"url\":\"https:\/\/secure.gravatar.com\/avatar\/c824b04e6df0e37a03219d0b6481672889df542894588964102459e46513159c?s=96&d=mm&r=g\",\"contentUrl\":\"https:\/\/secure.gravatar.com\/avatar\/c824b04e6df0e37a03219d0b6481672889df542894588964102459e46513159c?s=96&d=mm&r=g\",\"caption\":\"We Love Cycling Spain\"},\"url\":\"https:\/\/www.welovecycling.com\/es\/author\/amunoz\/\"}]}<\/script>\n<!-- \/ Yoast SEO Premium plugin. -->","yoast_head_json":{"title":"Consejos para planificar tu temporada ciclista - \u0160koda We Love Cycling - Spain","description":"Consejos para planificar tu temporada ciclista. Qu\u00e9 debes hacer para llegar en forma al evento ciclista. Entrenamiento, planificaci\u00f3n y psicolog\u00eda.","robots":{"index":"index","follow":"follow","max-snippet":"max-snippet:-1","max-image-preview":"max-image-preview:large","max-video-preview":"max-video-preview:-1"},"canonical":"https:\/\/www.welovecycling.com\/es\/2018\/11\/12\/consejos-para-planificar-tu-temporada-ciclista\/","og_locale":"es_ES","og_type":"article","og_title":"Consejos para planificar tu temporada ciclista","og_description":"Consejos para planificar tu temporada ciclista. Qu\u00e9 debes hacer para llegar en forma al evento ciclista. Entrenamiento, planificaci\u00f3n y psicolog\u00eda.","og_url":"https:\/\/www.welovecycling.com\/es\/2018\/11\/12\/consejos-para-planificar-tu-temporada-ciclista\/","og_site_name":"\u0160koda We Love Cycling - Spain","article_published_time":"2018-11-12T17:48:47+00:00","og_image":[{"width":1600,"height":1067,"url":"https:\/\/d2p6e6u75xmxt8.cloudfront.net\/6\/2018\/11\/La-Cicloturista-2017.-Promo.JPG.jpg","type":"image\/jpeg"}],"author":"We Love Cycling Spain","twitter_card":"summary_large_image","twitter_title":"Consejos para planificar tu temporada ciclista","twitter_description":"Consejos para planificar tu temporada ciclista. Qu\u00e9 debes hacer para llegar en forma al evento ciclista. Entrenamiento, planificaci\u00f3n y psicolog\u00eda.","twitter_misc":{"Written by":"Luis Ortega @ciclored","Est. reading time":"6"},"schema":{"@context":"https:\/\/schema.org","@graph":[{"@type":"WebPage","@id":"https:\/\/www.welovecycling.com\/es\/2018\/11\/12\/consejos-para-planificar-tu-temporada-ciclista\/","url":"https:\/\/www.welovecycling.com\/es\/2018\/11\/12\/consejos-para-planificar-tu-temporada-ciclista\/","name":"Consejos para planificar tu temporada ciclista - \u0160koda We Love Cycling - Spain","isPartOf":{"@id":"https:\/\/www.welovecycling.com\/es\/#website"},"primaryImageOfPage":{"@id":"https:\/\/www.welovecycling.com\/es\/2018\/11\/12\/consejos-para-planificar-tu-temporada-ciclista\/#primaryimage"},"image":{"@id":"https:\/\/www.welovecycling.com\/es\/2018\/11\/12\/consejos-para-planificar-tu-temporada-ciclista\/#primaryimage"},"thumbnailUrl":"https:\/\/d2p6e6u75xmxt8.cloudfront.net\/6\/2018\/11\/La-Cicloturista-2017.-Promo.JPG.jpg","datePublished":"2018-11-12T17:48:47+00:00","author":{"@id":"https:\/\/www.welovecycling.com\/es\/#\/schema\/person\/deb61715b5812698ee79fb96f343ccd4"},"description":"Consejos para planificar tu temporada ciclista. Qu\u00e9 debes hacer para llegar en forma al evento ciclista. Entrenamiento, planificaci\u00f3n y psicolog\u00eda.","breadcrumb":{"@id":"https:\/\/www.welovecycling.com\/es\/2018\/11\/12\/consejos-para-planificar-tu-temporada-ciclista\/#breadcrumb"},"inLanguage":"es-ES","potentialAction":[{"@type":"ReadAction","target":["https:\/\/www.welovecycling.com\/es\/2018\/11\/12\/consejos-para-planificar-tu-temporada-ciclista\/"]}]},{"@type":"ImageObject","inLanguage":"es-ES","@id":"https:\/\/www.welovecycling.com\/es\/2018\/11\/12\/consejos-para-planificar-tu-temporada-ciclista\/#primaryimage","url":"https:\/\/d2p6e6u75xmxt8.cloudfront.net\/6\/2018\/11\/La-Cicloturista-2017.-Promo.JPG.jpg","contentUrl":"https:\/\/d2p6e6u75xmxt8.cloudfront.net\/6\/2018\/11\/La-Cicloturista-2017.-Promo.JPG.jpg","width":1600,"height":1067},{"@type":"BreadcrumbList","@id":"https:\/\/www.welovecycling.com\/es\/2018\/11\/12\/consejos-para-planificar-tu-temporada-ciclista\/#breadcrumb","itemListElement":[{"@type":"ListItem","position":1,"name":"Home","item":"https:\/\/www.welovecycling.com\/es\/"},{"@type":"ListItem","position":2,"name":"Consejos para planificar tu temporada ciclista"}]},{"@type":"WebSite","@id":"https:\/\/www.welovecycling.com\/es\/#website","url":"https:\/\/www.welovecycling.com\/es\/","name":"\u0160koda We Love Cycling - Spain","description":"\u0160koda WeLoveCycling Spain","potentialAction":[{"@type":"SearchAction","target":{"@type":"EntryPoint","urlTemplate":"https:\/\/www.welovecycling.com\/es\/?s={search_term_string}"},"query-input":{"@type":"PropertyValueSpecification","valueRequired":true,"valueName":"search_term_string"}}],"inLanguage":"es-ES"},{"@type":"Person","@id":"https:\/\/www.welovecycling.com\/es\/#\/schema\/person\/deb61715b5812698ee79fb96f343ccd4","name":"We Love Cycling Spain","image":{"@type":"ImageObject","inLanguage":"es-ES","@id":"https:\/\/www.welovecycling.com\/es\/#\/schema\/person\/image\/","url":"https:\/\/secure.gravatar.com\/avatar\/c824b04e6df0e37a03219d0b6481672889df542894588964102459e46513159c?s=96&d=mm&r=g","contentUrl":"https:\/\/secure.gravatar.com\/avatar\/c824b04e6df0e37a03219d0b6481672889df542894588964102459e46513159c?s=96&d=mm&r=g","caption":"We Love Cycling Spain"},"url":"https:\/\/www.welovecycling.com\/es\/author\/amunoz\/"}]}},"_links":{"self":[{"href":"https:\/\/www.welovecycling.com\/es\/wp-json\/wp\/v2\/posts\/3765","targetHints":{"allow":["GET"]}}],"collection":[{"href":"https:\/\/www.welovecycling.com\/es\/wp-json\/wp\/v2\/posts"}],"about":[{"href":"https:\/\/www.welovecycling.com\/es\/wp-json\/wp\/v2\/types\/post"}],"author":[{"embeddable":true,"href":"https:\/\/www.welovecycling.com\/es\/wp-json\/wp\/v2\/users\/29"}],"replies":[{"embeddable":true,"href":"https:\/\/www.welovecycling.com\/es\/wp-json\/wp\/v2\/comments?post=3765"}],"version-history":[{"count":2,"href":"https:\/\/www.welovecycling.com\/es\/wp-json\/wp\/v2\/posts\/3765\/revisions"}],"predecessor-version":[{"id":3773,"href":"https:\/\/www.welovecycling.com\/es\/wp-json\/wp\/v2\/posts\/3765\/revisions\/3773"}],"wp:featuredmedia":[{"embeddable":true,"href":"https:\/\/www.welovecycling.com\/es\/wp-json\/wp\/v2\/media\/3766"}],"wp:attachment":[{"href":"https:\/\/www.welovecycling.com\/es\/wp-json\/wp\/v2\/media?parent=3765"}],"wp:term":[{"taxonomy":"category","embeddable":true,"href":"https:\/\/www.welovecycling.com\/es\/wp-json\/wp\/v2\/categories?post=3765"},{"taxonomy":"post_tag","embeddable":true,"href":"https:\/\/www.welovecycling.com\/es\/wp-json\/wp\/v2\/tags?post=3765"},{"taxonomy":"global-categories","embeddable":true,"href":"https:\/\/www.welovecycling.com\/es\/wp-json\/wp\/v2\/global-categories?post=3765"}],"curies":[{"name":"wp","href":"https:\/\/api.w.org\/{rel}","templated":true}]}}