{"id":3742,"date":"2018-11-09T20:46:02","date_gmt":"2018-11-09T18:46:02","guid":{"rendered":"https:\/\/www.welovecycling.com\/es\/?p=3742"},"modified":"2018-11-09T20:46:02","modified_gmt":"2018-11-09T18:46:02","slug":"bicicletas-aero-2019","status":"publish","type":"post","link":"https:\/\/www.welovecycling.com\/es\/2018\/11\/09\/bicicletas-aero-2019\/","title":{"rendered":"Las bicicletas aero 2019"},"content":{"rendered":"<p><strong>Si usted es un gran fabricante de bicicletas y ha desarrollado una nueva tecnolog\u00eda para hacer su producto m\u00e1s r\u00e1pido &#8211; y por lo tanto m\u00e1s atractivo para los ciclistas aficionados serios &#8211; no hay mejor&#8217;cartelera&#8217; en el mundo que el Tour de Francia. En el Tour de este a\u00f1o, la palabra en boca de todos fue aero, porque las principales marcas, como Cannondale, Trek y Specialized, presentaron sus nuevos cuadros aeroframe en la carrera. Aqu\u00ed tienes las bicicletas aero 2019.<\/strong><!--more--><\/p>\n<p>Las bicicletas de carretera Aero no son nuevas &#8211; han estado disponibles por m\u00e1s de una d\u00e9cada. Su objetivo original era ir lo m\u00e1s r\u00e1pido posible en l\u00ednea recta, sacrificando as\u00ed, sin embargo, el control y la comodidad. Pero con un peso m\u00ednimo de 6,8 kg, los corredores y las empresas que construyen sus bicicletas ten\u00edan que mirar m\u00e1s all\u00e1 de la reducci\u00f3n de gramos para ganar velocidad adicional, lo que significaba producir una bicicleta de carreras que integrara la aerodin\u00e1mica con el manejo y la facilidad de uso. En cualquier caso, existe una creencia cada vez mayor en el deporte de hoy en d\u00eda de que reducir la resistencia al viento es m\u00e1s importante que perder peso.<\/p>\n<figure id=\"attachment_3748\" aria-describedby=\"caption-attachment-3748\" style=\"width: 1500px\" class=\"wp-caption alignnone\"><a href=\"https:\/\/d2p6e6u75xmxt8.cloudfront.net\/6\/2018\/11\/Specialized-Venge.jpg\"><img loading=\"lazy\" decoding=\"async\" class=\"wp-image-3748 size-full\" src=\"https:\/\/d2p6e6u75xmxt8.cloudfront.net\/6\/2018\/11\/Specialized-Venge.jpg\" alt=\"\" width=\"1500\" height=\"918\" srcset=\"https:\/\/d2p6e6u75xmxt8.cloudfront.net\/6\/2018\/11\/Specialized-Venge.jpg 1500w, https:\/\/d2p6e6u75xmxt8.cloudfront.net\/6\/2018\/11\/Specialized-Venge-300x184.jpg 300w, https:\/\/d2p6e6u75xmxt8.cloudfront.net\/6\/2018\/11\/Specialized-Venge-768x470.jpg 768w, https:\/\/d2p6e6u75xmxt8.cloudfront.net\/6\/2018\/11\/Specialized-Venge-1024x627.jpg 1024w\" sizes=\"auto, (max-width: 1500px) 100vw, 1500px\" \/><\/a><figcaption id=\"caption-attachment-3748\" class=\"wp-caption-text\">Specialized Venge 2019<\/figcaption><\/figure>\n<p>&nbsp;<\/p>\n<p>El hecho de que el vigente campe\u00f3n del mundo y cinco veces ganador del maillot verde del Tour, Peter Sagan montase la nueva Specialized Venge 2019 en el Tour llam\u00f3 mucho la atenci\u00f3n. Specialiazed asegura que &#8220;la optimizaci\u00f3n aerodin\u00e1mica es lo m\u00e1s importante que podemos hacer para que usted sea m\u00e1s r\u00e1pido&#8221;. Para ello, dice que utiliz\u00f3 un software de optimizaci\u00f3n para crear una&#8217;biblioteca&#8217; de &#8220;miles de formas de tubos y analizarlas en funci\u00f3n de la aerodin\u00e1mica, la superficie y la rigidez&#8221;, lo que dio como resultado el Venge 2019.<\/p>\n<p>El nuevo cuadro y la cabina modular de la Venge fueron redise\u00f1ados para reducir la resistencia, con una nueva potencia, una abrazadera de manillar abatible y cables ocultos debajo de la potencia y ocultos del viento por el manillar. Adem\u00e1s, el tubo de direcci\u00f3n y la horquilla de la bicicleta tambi\u00e9n se redise\u00f1aron para mejorar la aerodin\u00e1mica, sin sacrificar -seg\u00fan la compa\u00f1\u00eda- la rigidez en el manejo. Y la bici es 460 gramos m\u00e1s ligera que su versi\u00f3n anterior. Por lo tanto, no fue ninguna sorpresa que Sagan ganara tres etapas del Tour y se llevara f\u00e1cilmente una sexta camiseta verde, para empatar al alem\u00e1n Erik Zabel en la clasificaci\u00f3n con la mayor cantidad de puntos ganados en la historia del Tour de Francia.<\/p>\n<figure id=\"attachment_3751\" aria-describedby=\"caption-attachment-3751\" style=\"width: 904px\" class=\"wp-caption alignnone\"><a href=\"https:\/\/d2p6e6u75xmxt8.cloudfront.net\/6\/2018\/11\/Canonndale-SYSTEMSIX-HI-MOD-DURA-ACE-DI2.JPG.jpg\"><img loading=\"lazy\" decoding=\"async\" class=\"wp-image-3751 size-full\" src=\"https:\/\/d2p6e6u75xmxt8.cloudfront.net\/6\/2018\/11\/Canonndale-SYSTEMSIX-HI-MOD-DURA-ACE-DI2.JPG.jpg\" alt=\"\" width=\"904\" height=\"513\" srcset=\"https:\/\/d2p6e6u75xmxt8.cloudfront.net\/6\/2018\/11\/Canonndale-SYSTEMSIX-HI-MOD-DURA-ACE-DI2.JPG.jpg 904w, https:\/\/d2p6e6u75xmxt8.cloudfront.net\/6\/2018\/11\/Canonndale-SYSTEMSIX-HI-MOD-DURA-ACE-DI2.JPG-300x170.jpg 300w, https:\/\/d2p6e6u75xmxt8.cloudfront.net\/6\/2018\/11\/Canonndale-SYSTEMSIX-HI-MOD-DURA-ACE-DI2.JPG-768x436.jpg 768w\" sizes=\"auto, (max-width: 904px) 100vw, 904px\" \/><\/a><figcaption id=\"caption-attachment-3751\" class=\"wp-caption-text\">Cannondale SystemSix with\u00a0HollowGram KN\u00d8T64s<\/figcaption><\/figure>\n<p>&nbsp;<\/p>\n<p>La Cannondale SystemSix tambi\u00e9n fue lanzada oficialmente en el Tour de Francia, con la compa\u00f1\u00eda afirmando que es la bici carretera m\u00e1s r\u00e1pida del mundo con homologaci\u00f3n UCI. Al igual que el Venge, el SystemSix s\u00f3lo utiliza frenos de disco y presenta algunas caracter\u00edsticas aerodin\u00e1micas cl\u00e1sicas, como varillas de asiento rebajadas, tubos aerodin\u00e1micos m\u00e1s cortos y una horquilla que se integra pr\u00e1cticamente sin fisuras en el tubo inferior. El SystemSix tambi\u00e9n tiene una espina en el tubo inferior que, seg\u00fan Cannondale, redirige un flujo de aire hacia arriba desde la parte posterior de la horquilla y lo canaliza hacia abajo, evitando que interfiera con el flujo sobre la corona de la horquilla y el tubo de direcci\u00f3n.<\/p>\n<p>Cannondale tambi\u00e9n invirti\u00f3 mucho en la investigaci\u00f3n de las ruedas. Como dice la empresa: &#8220;Puesto que la rueda delantera es el borde de ataque de toda la bicicleta, ve el flujo de aire m\u00e1s limpio. Por lo tanto, es un punto de partida importante para la optimizaci\u00f3n aerodin\u00e1mica&#8221;. El perfil ancho de su rueda HollowGram KN\u00d8T64 permite que el flujo de aire de un neum\u00e1tico ancho &#8220;se vuelva a acoplar&#8221; limpiamente a la llanta, reduciendo as\u00ed la resistencia. La forma de la llanta de la rueda permite a los ciclistas utilizar un neum\u00e1tico grande de 28 mm, con un aumento m\u00ednimo de resistencia en comparaci\u00f3n con un neum\u00e1tico m\u00e1s peque\u00f1o de 26 mm.<\/p>\n<lite-youtube videoid=1ucLQvza7WE params=\"enablejsapi=1\" style=\"background-image: url('https:\/\/i.ytimg.com\/vi_webp\/1ucLQvza7WE\/maxresdefault.webp');\"><\/lite-youtube>\n<p>Aunque cuenta con un modelo de bici aerodin\u00e1micamente avanzado, la Propel Advanced Disc 2019, el mayor fabricante de bicicletas del mundo, Giant, no lo present\u00f3 en el Tour de Francia 2018. La compa\u00f1\u00eda dice que las formas de los tubos de Propel fueron dise\u00f1adas usando datos de t\u00faneles de viento y din\u00e1mica de fluidos computacional (CFD), que emplea an\u00e1lisis num\u00e9rico para resolver problemas de flujo de fluidos y simular la interacci\u00f3n de l\u00edquidos y gases con superficies definidas por l\u00edmites.<\/p>\n<p>Una caracter\u00edstica aerodin\u00e1mica importante de la propulsi\u00f3n es la forma truncada de un perfil aerodin\u00e1mico de elipse que est\u00e1 dise\u00f1ado para reducir la resistencia a una gama m\u00e1s amplia de \u00e1ngulos de viento que la tuber\u00eda tradicional de cuadro. Adem\u00e1s, el sistema compuesto SLR AeroWheelSystem de la bicicleta presenta diferentes profundidades de llanta en sus ruedas delanteras y traseras &#8220;para minimizar la resistencia sin comprometer la estabilidad&#8221;, dice la compa\u00f1\u00eda. Las ganancias aerodin\u00e1micas tambi\u00e9n fueron una prioridad en el dise\u00f1o de la tija de sill\u00edn, el manillar y la potencia de la bici. Para cualquier persona interesada en la investigaci\u00f3n que va a dise\u00f1ar una superbike del Tour de Francia, una mirada al &#8220;Libro Blanco de SystemSix&#8221; en el sitio <a href=\"https:\/\/www.cannondale.com\/en\/USA\/Products\/ProductCategory.aspx?nid=47a6eea4-9f6e-486a-9c2a-2a4cac8e7b38\">web de la marca<\/a> deber\u00eda ser esclarecedora &#8211; y explicar en gran medida por qu\u00e9 estas bicicletas de carreras tienen un precio de 11.500 euros y m\u00e1s.<\/p>\n","protected":false},"excerpt":{"rendered":"<p>Si usted es un gran fabricante de bicicletas y ha desarrollado una nueva tecnolog\u00eda para hacer su producto m\u00e1s r\u00e1pido [&hellip;]<\/p>\n","protected":false},"author":29,"featured_media":3755,"comment_status":"open","ping_status":"open","sticky":false,"template":"","format":"standard","meta":{"footnotes":""},"categories":[7],"tags":[707,710,708,709],"global-categories":[],"class_list":["post-3742","post","type-post","status-publish","format-standard","has-post-thumbnail","hentry","category-carretera","tag-bicicletas-aero-2019","tag-cannondale-systemsix","tag-specialized-venge-2019","tag-specialized-venge-peter-sagan"],"yoast_head":"<!-- This site is optimized with the Yoast SEO Premium plugin v25.3 (Yoast SEO v25.9) - https:\/\/yoast.com\/wordpress\/plugins\/seo\/ -->\n<title>Las bicicletas aero 2019 - \u0160koda We Love Cycling - Spain<\/title>\n<meta name=\"description\" content=\"Las bicicletas aero 2019. Specialized Venge 2019, Giant Propel 2019 y Cannondale SystemSix. Las bicicletas aerodin\u00e1micas de carretera para 2019.\" \/>\n<meta name=\"robots\" content=\"index, follow, max-snippet:-1, max-image-preview:large, max-video-preview:-1\" \/>\n<link rel=\"canonical\" href=\"https:\/\/www.welovecycling.com\/es\/2018\/11\/09\/bicicletas-aero-2019\/\" \/>\n<meta property=\"og:locale\" content=\"es_ES\" \/>\n<meta property=\"og:type\" content=\"article\" \/>\n<meta property=\"og:title\" content=\"Las bicicletas aero 2019.\" \/>\n<meta property=\"og:description\" content=\"Las bicicletas aero 2019. Specialized Venge 2019, Giant Propel 2019 y Cannondale SystemSix. Las bicicletas aerodin\u00e1micas de carretera para 2019.\" \/>\n<meta property=\"og:url\" content=\"https:\/\/www.welovecycling.com\/es\/2018\/11\/09\/bicicletas-aero-2019\/\" \/>\n<meta property=\"og:site_name\" content=\"\u0160koda We Love Cycling - Spain\" \/>\n<meta property=\"article:published_time\" content=\"2018-11-09T18:46:02+00:00\" \/>\n<meta property=\"og:image\" content=\"https:\/\/d2p6e6u75xmxt8.cloudfront.net\/6\/2018\/11\/Peter-Sagan-Tour-de-France-profimedia-0378888679-1.jpg\" \/>\n\t<meta property=\"og:image:width\" content=\"1366\" \/>\n\t<meta property=\"og:image:height\" content=\"600\" \/>\n\t<meta property=\"og:image:type\" content=\"image\/jpeg\" \/>\n<meta name=\"author\" content=\"We Love Cycling Spain\" \/>\n<meta name=\"twitter:card\" content=\"summary_large_image\" \/>\n<meta name=\"twitter:title\" content=\"Las bicicletas aero 2019.\" \/>\n<meta name=\"twitter:description\" content=\"Las bicicletas aero 2019. Specialized Venge 2019, Giant Propel 2019 y Cannondale SystemSix. Las bicicletas aerodin\u00e1micas de carretera para 2019.\" \/>\n<meta name=\"twitter:label1\" content=\"Written by\" \/>\n\t<meta name=\"twitter:data1\" content=\"Siegfried Mortkowitz\" \/>\n\t<meta name=\"twitter:label2\" content=\"Est. reading time\" \/>\n\t<meta name=\"twitter:data2\" content=\"6\" \/>\n<script type=\"application\/ld+json\" class=\"yoast-schema-graph\">{\"@context\":\"https:\/\/schema.org\",\"@graph\":[{\"@type\":\"WebPage\",\"@id\":\"https:\/\/www.welovecycling.com\/es\/2018\/11\/09\/bicicletas-aero-2019\/\",\"url\":\"https:\/\/www.welovecycling.com\/es\/2018\/11\/09\/bicicletas-aero-2019\/\",\"name\":\"Las bicicletas aero 2019 - \u0160koda We Love Cycling - Spain\",\"isPartOf\":{\"@id\":\"https:\/\/www.welovecycling.com\/es\/#website\"},\"primaryImageOfPage\":{\"@id\":\"https:\/\/www.welovecycling.com\/es\/2018\/11\/09\/bicicletas-aero-2019\/#primaryimage\"},\"image\":{\"@id\":\"https:\/\/www.welovecycling.com\/es\/2018\/11\/09\/bicicletas-aero-2019\/#primaryimage\"},\"thumbnailUrl\":\"https:\/\/d2p6e6u75xmxt8.cloudfront.net\/6\/2018\/11\/Peter-Sagan-Tour-de-France-profimedia-0378888679-1.jpg\",\"datePublished\":\"2018-11-09T18:46:02+00:00\",\"author\":{\"@id\":\"https:\/\/www.welovecycling.com\/es\/#\/schema\/person\/deb61715b5812698ee79fb96f343ccd4\"},\"description\":\"Las bicicletas aero 2019. Specialized Venge 2019, Giant Propel 2019 y Cannondale SystemSix. Las bicicletas aerodin\u00e1micas de carretera para 2019.\",\"breadcrumb\":{\"@id\":\"https:\/\/www.welovecycling.com\/es\/2018\/11\/09\/bicicletas-aero-2019\/#breadcrumb\"},\"inLanguage\":\"es-ES\",\"potentialAction\":[{\"@type\":\"ReadAction\",\"target\":[\"https:\/\/www.welovecycling.com\/es\/2018\/11\/09\/bicicletas-aero-2019\/\"]}]},{\"@type\":\"ImageObject\",\"inLanguage\":\"es-ES\",\"@id\":\"https:\/\/www.welovecycling.com\/es\/2018\/11\/09\/bicicletas-aero-2019\/#primaryimage\",\"url\":\"https:\/\/d2p6e6u75xmxt8.cloudfront.net\/6\/2018\/11\/Peter-Sagan-Tour-de-France-profimedia-0378888679-1.jpg\",\"contentUrl\":\"https:\/\/d2p6e6u75xmxt8.cloudfront.net\/6\/2018\/11\/Peter-Sagan-Tour-de-France-profimedia-0378888679-1.jpg\",\"width\":1366,\"height\":600},{\"@type\":\"BreadcrumbList\",\"@id\":\"https:\/\/www.welovecycling.com\/es\/2018\/11\/09\/bicicletas-aero-2019\/#breadcrumb\",\"itemListElement\":[{\"@type\":\"ListItem\",\"position\":1,\"name\":\"Home\",\"item\":\"https:\/\/www.welovecycling.com\/es\/\"},{\"@type\":\"ListItem\",\"position\":2,\"name\":\"Las bicicletas aero 2019\"}]},{\"@type\":\"WebSite\",\"@id\":\"https:\/\/www.welovecycling.com\/es\/#website\",\"url\":\"https:\/\/www.welovecycling.com\/es\/\",\"name\":\"\u0160koda We Love Cycling - Spain\",\"description\":\"\u0160koda WeLoveCycling Spain\",\"potentialAction\":[{\"@type\":\"SearchAction\",\"target\":{\"@type\":\"EntryPoint\",\"urlTemplate\":\"https:\/\/www.welovecycling.com\/es\/?s={search_term_string}\"},\"query-input\":{\"@type\":\"PropertyValueSpecification\",\"valueRequired\":true,\"valueName\":\"search_term_string\"}}],\"inLanguage\":\"es-ES\"},{\"@type\":\"Person\",\"@id\":\"https:\/\/www.welovecycling.com\/es\/#\/schema\/person\/deb61715b5812698ee79fb96f343ccd4\",\"name\":\"We Love Cycling Spain\",\"image\":{\"@type\":\"ImageObject\",\"inLanguage\":\"es-ES\",\"@id\":\"https:\/\/www.welovecycling.com\/es\/#\/schema\/person\/image\/\",\"url\":\"https:\/\/secure.gravatar.com\/avatar\/c824b04e6df0e37a03219d0b6481672889df542894588964102459e46513159c?s=96&d=mm&r=g\",\"contentUrl\":\"https:\/\/secure.gravatar.com\/avatar\/c824b04e6df0e37a03219d0b6481672889df542894588964102459e46513159c?s=96&d=mm&r=g\",\"caption\":\"We Love Cycling Spain\"},\"url\":\"https:\/\/www.welovecycling.com\/es\/author\/amunoz\/\"}]}<\/script>\n<!-- \/ Yoast SEO Premium plugin. -->","yoast_head_json":{"title":"Las bicicletas aero 2019 - \u0160koda We Love Cycling - Spain","description":"Las bicicletas aero 2019. Specialized Venge 2019, Giant Propel 2019 y Cannondale SystemSix. Las bicicletas aerodin\u00e1micas de carretera para 2019.","robots":{"index":"index","follow":"follow","max-snippet":"max-snippet:-1","max-image-preview":"max-image-preview:large","max-video-preview":"max-video-preview:-1"},"canonical":"https:\/\/www.welovecycling.com\/es\/2018\/11\/09\/bicicletas-aero-2019\/","og_locale":"es_ES","og_type":"article","og_title":"Las bicicletas aero 2019.","og_description":"Las bicicletas aero 2019. Specialized Venge 2019, Giant Propel 2019 y Cannondale SystemSix. Las bicicletas aerodin\u00e1micas de carretera para 2019.","og_url":"https:\/\/www.welovecycling.com\/es\/2018\/11\/09\/bicicletas-aero-2019\/","og_site_name":"\u0160koda We Love Cycling - Spain","article_published_time":"2018-11-09T18:46:02+00:00","og_image":[{"width":1366,"height":600,"url":"https:\/\/d2p6e6u75xmxt8.cloudfront.net\/6\/2018\/11\/Peter-Sagan-Tour-de-France-profimedia-0378888679-1.jpg","type":"image\/jpeg"}],"author":"We Love Cycling Spain","twitter_card":"summary_large_image","twitter_title":"Las bicicletas aero 2019.","twitter_description":"Las bicicletas aero 2019. Specialized Venge 2019, Giant Propel 2019 y Cannondale SystemSix. Las bicicletas aerodin\u00e1micas de carretera para 2019.","twitter_misc":{"Written by":"Siegfried Mortkowitz","Est. reading time":"6"},"schema":{"@context":"https:\/\/schema.org","@graph":[{"@type":"WebPage","@id":"https:\/\/www.welovecycling.com\/es\/2018\/11\/09\/bicicletas-aero-2019\/","url":"https:\/\/www.welovecycling.com\/es\/2018\/11\/09\/bicicletas-aero-2019\/","name":"Las bicicletas aero 2019 - \u0160koda We Love Cycling - Spain","isPartOf":{"@id":"https:\/\/www.welovecycling.com\/es\/#website"},"primaryImageOfPage":{"@id":"https:\/\/www.welovecycling.com\/es\/2018\/11\/09\/bicicletas-aero-2019\/#primaryimage"},"image":{"@id":"https:\/\/www.welovecycling.com\/es\/2018\/11\/09\/bicicletas-aero-2019\/#primaryimage"},"thumbnailUrl":"https:\/\/d2p6e6u75xmxt8.cloudfront.net\/6\/2018\/11\/Peter-Sagan-Tour-de-France-profimedia-0378888679-1.jpg","datePublished":"2018-11-09T18:46:02+00:00","author":{"@id":"https:\/\/www.welovecycling.com\/es\/#\/schema\/person\/deb61715b5812698ee79fb96f343ccd4"},"description":"Las bicicletas aero 2019. Specialized Venge 2019, Giant Propel 2019 y Cannondale SystemSix. Las bicicletas aerodin\u00e1micas de carretera para 2019.","breadcrumb":{"@id":"https:\/\/www.welovecycling.com\/es\/2018\/11\/09\/bicicletas-aero-2019\/#breadcrumb"},"inLanguage":"es-ES","potentialAction":[{"@type":"ReadAction","target":["https:\/\/www.welovecycling.com\/es\/2018\/11\/09\/bicicletas-aero-2019\/"]}]},{"@type":"ImageObject","inLanguage":"es-ES","@id":"https:\/\/www.welovecycling.com\/es\/2018\/11\/09\/bicicletas-aero-2019\/#primaryimage","url":"https:\/\/d2p6e6u75xmxt8.cloudfront.net\/6\/2018\/11\/Peter-Sagan-Tour-de-France-profimedia-0378888679-1.jpg","contentUrl":"https:\/\/d2p6e6u75xmxt8.cloudfront.net\/6\/2018\/11\/Peter-Sagan-Tour-de-France-profimedia-0378888679-1.jpg","width":1366,"height":600},{"@type":"BreadcrumbList","@id":"https:\/\/www.welovecycling.com\/es\/2018\/11\/09\/bicicletas-aero-2019\/#breadcrumb","itemListElement":[{"@type":"ListItem","position":1,"name":"Home","item":"https:\/\/www.welovecycling.com\/es\/"},{"@type":"ListItem","position":2,"name":"Las bicicletas aero 2019"}]},{"@type":"WebSite","@id":"https:\/\/www.welovecycling.com\/es\/#website","url":"https:\/\/www.welovecycling.com\/es\/","name":"\u0160koda We Love Cycling - Spain","description":"\u0160koda WeLoveCycling Spain","potentialAction":[{"@type":"SearchAction","target":{"@type":"EntryPoint","urlTemplate":"https:\/\/www.welovecycling.com\/es\/?s={search_term_string}"},"query-input":{"@type":"PropertyValueSpecification","valueRequired":true,"valueName":"search_term_string"}}],"inLanguage":"es-ES"},{"@type":"Person","@id":"https:\/\/www.welovecycling.com\/es\/#\/schema\/person\/deb61715b5812698ee79fb96f343ccd4","name":"We Love Cycling Spain","image":{"@type":"ImageObject","inLanguage":"es-ES","@id":"https:\/\/www.welovecycling.com\/es\/#\/schema\/person\/image\/","url":"https:\/\/secure.gravatar.com\/avatar\/c824b04e6df0e37a03219d0b6481672889df542894588964102459e46513159c?s=96&d=mm&r=g","contentUrl":"https:\/\/secure.gravatar.com\/avatar\/c824b04e6df0e37a03219d0b6481672889df542894588964102459e46513159c?s=96&d=mm&r=g","caption":"We Love Cycling Spain"},"url":"https:\/\/www.welovecycling.com\/es\/author\/amunoz\/"}]}},"_links":{"self":[{"href":"https:\/\/www.welovecycling.com\/es\/wp-json\/wp\/v2\/posts\/3742","targetHints":{"allow":["GET"]}}],"collection":[{"href":"https:\/\/www.welovecycling.com\/es\/wp-json\/wp\/v2\/posts"}],"about":[{"href":"https:\/\/www.welovecycling.com\/es\/wp-json\/wp\/v2\/types\/post"}],"author":[{"embeddable":true,"href":"https:\/\/www.welovecycling.com\/es\/wp-json\/wp\/v2\/users\/29"}],"replies":[{"embeddable":true,"href":"https:\/\/www.welovecycling.com\/es\/wp-json\/wp\/v2\/comments?post=3742"}],"version-history":[{"count":2,"href":"https:\/\/www.welovecycling.com\/es\/wp-json\/wp\/v2\/posts\/3742\/revisions"}],"predecessor-version":[{"id":3763,"href":"https:\/\/www.welovecycling.com\/es\/wp-json\/wp\/v2\/posts\/3742\/revisions\/3763"}],"wp:featuredmedia":[{"embeddable":true,"href":"https:\/\/www.welovecycling.com\/es\/wp-json\/wp\/v2\/media\/3755"}],"wp:attachment":[{"href":"https:\/\/www.welovecycling.com\/es\/wp-json\/wp\/v2\/media?parent=3742"}],"wp:term":[{"taxonomy":"category","embeddable":true,"href":"https:\/\/www.welovecycling.com\/es\/wp-json\/wp\/v2\/categories?post=3742"},{"taxonomy":"post_tag","embeddable":true,"href":"https:\/\/www.welovecycling.com\/es\/wp-json\/wp\/v2\/tags?post=3742"},{"taxonomy":"global-categories","embeddable":true,"href":"https:\/\/www.welovecycling.com\/es\/wp-json\/wp\/v2\/global-categories?post=3742"}],"curies":[{"name":"wp","href":"https:\/\/api.w.org\/{rel}","templated":true}]}}