{"id":3732,"date":"2018-11-05T14:10:10","date_gmt":"2018-11-05T12:10:10","guid":{"rendered":"https:\/\/www.welovecycling.com\/es\/?p=3732"},"modified":"2018-11-05T14:10:10","modified_gmt":"2018-11-05T12:10:10","slug":"luces-para-bicicleta","status":"publish","type":"post","link":"https:\/\/www.welovecycling.com\/es\/2018\/11\/05\/luces-para-bicicleta\/","title":{"rendered":"Nuestra selecci\u00f3n de luces para bicicleta"},"content":{"rendered":"<p><strong>Est\u00e1 haciendo fr\u00edo, oscureciendo y te has dado cuenta de que la bici que compraste en mayo no tiene luces. Aqu\u00ed hay una selecci\u00f3n de luces para poner en tu bici este invierno.<\/strong><!--more--><\/p>\n<h2><strong>Ser visto<\/strong><\/h2>\n<p>Si vas en bicicleta por carreteras urbanas bien iluminadas, s\u00f3lo necesitas intermitentes, por lo que no puedo recomendar las <a href=\"http:\/\/www.wiggle.co.uk\/knog-light-blinder-mini-dot-twinpack\/?lang=en&amp;curr=GBP&amp;dest=1&amp;sku=100314224&amp;kpid=100314224&amp;utm_source=google&amp;utm_term=&amp;utm_campaign=Shopping+-+All+Products&amp;utm_medium=base&amp;utm_content=mckv|sBFpSDWLK_dc|mcrid|295269794859|mkw||mmt||mrd|100314224uk|mslid||&amp;mkwid=sBFpSDWLK_dc&amp;pcrid=295269794859&amp;prd=100314224uk&amp;pgrid=64996676331&amp;ptaid=pla-522612204365\">luces Knog<\/a> para la parte delantera y trasera. Tienen una excelente relaci\u00f3n calidad-precio y los LEDs son lo suficientemente brillantes como para que los coches puedan verte a distancia, y son recargables mediante USB. Pero Knog ha encontrado espacio para mejorar.<\/p>\n<div class=\"embed-controller-wrapper\">\n<div class=\"embed-wrapper\"><iframe title=\"Knog Plus Light\" data-src=\"https:\/\/player.vimeo.com\/video\/262937314?dnt=1&amp;app_id=122963\" width=\"500\" height=\"281\" frameborder=\"0\" allow=\"autoplay; fullscreen; picture-in-picture; clipboard-write\"><\/iframe><\/div>\n<\/div>\n<p>Siempre cre\u00ed que el eslab\u00f3n d\u00e9bil de las luces Knog eran las correas el\u00e1sticas. Eran correctas hasta que se romp\u00edan con\u00a0 los repetidos tirones de la estructura. Este nuevo sistema magn\u00e9tico est\u00e1 claramente dise\u00f1ado para evitar este fallo y mejorar la comodidad<\/p>\n<h2><strong>Ilumina la ruta<\/strong><\/h2>\n<p>Recientemente redescubr\u00ed el valor estas luces <a href=\"https:\/\/www.cateye.com\/intl\/\">Cateyes<\/a>\u00a0en la zona rural de Vermont. El alumbrado p\u00fablico no es tan potente como el de mi casa en Inglaterra, as\u00ed que r\u00e1pidamente aprend\u00ed a apreciar la capacidad de ver por d\u00f3nde iba en las carreteras que sufren las condiciones clim\u00e1ticas extremas de Nueva Inglaterra.<\/p>\n<lite-youtube videoid=5toVhjc7YUQ params=\"enablejsapi=1\" style=\"background-image: url('https:\/\/i.ytimg.com\/vi_webp\/5toVhjc7YUQ\/maxresdefault.webp');\"><\/lite-youtube>\n<p>El Cateye Volt 6000 es capaz de eclipsar los faros de un coche normal con hasta 6000 l\u00famenes, pero incluso en configuraciones m\u00e1s bajas, le mostrar\u00e1 baches o ra\u00edces de \u00e1rboles a una distancia suficiente para que est\u00e9 preparado. Tenga cuidado con el tr\u00e1fico que viene en direcci\u00f3n contraria.<\/p>\n<h2><strong>Luces inteligentes<\/strong><\/h2>\n<p><a href=\"https:\/\/seesense.cc\/collections\/shop\">See.Sense<\/a> son luces tan inteligentes que han sido expuestas en el London Design Museum y est\u00e1n avaladas por British Cycling. La compa\u00f1\u00eda de Irlanda del Norte que los produjo tambi\u00e9n es inteligente: en Manchester, Reino Unido, redujeron el precio de 79,99 libras esterlinas a 10 libras esterlinas para que los participantes en los ensayos ayudaran a trazar el <a href=\"https:\/\/www.youtube.com\/watch?v=2LiS3tGTRCo\">mapa de la ciudad<\/a>.<\/p>\n<lite-youtube videoid=t1H7p3mwZ-g params=\"enablejsapi=1\" style=\"background-image: url('https:\/\/i.ytimg.com\/vi_webp\/t1H7p3mwZ-g\/maxresdefault.webp');\"><\/lite-youtube>\n<p>Las luces inteligentes pueden calcular la velocidad a la que va y ajustar su brillo y el patr\u00f3n de parpadeo en consecuencia. Se ajustan a los niveles de luz e incluso modulan su salida en funci\u00f3n del tipo de terreno por el que se viaja. Incluso son impermeables hasta 1 metro, lo que es \u00fatil para los triatletas nocturnos, supongo.<\/p>\n<h2><strong>Radios y horquillas<\/strong><\/h2>\n<p>No hay nada malo con un poco de personalizaci\u00f3n cuando quieres que te vean. S\u00f3lo aseg\u00farese de que entiende las leyes de su pa\u00eds cuando se trata de luces &#8211; en Alemania, por ejemplo, la <a href=\"http:\/\/bicyclegermany.com\/german_bicycle_laws.html\">luz delantera no debe parpadear<\/a>. Me gusta bastante la tendencia creciente de las luces de horquilla tanto en las BTT como en las de carretera.<\/p>\n<lite-youtube videoid=AZfycH_q-9g params=\"enablejsapi=1\" style=\"background-image: url('https:\/\/i.ytimg.com\/vi_webp\/AZfycH_q-9g\/maxresdefault.webp');\"><\/lite-youtube>\n<p>Puedes aumentar tu visibilidad lateral con un juego de radios y <a href=\"https:\/\/www.monkeylectric.com\/\">MonkeyLectric<\/a> es el l\u00edder en este campo. A medida que nos acercamos al invierno, es reconfortante saber que han probado su hardware en nitr\u00f3geno l\u00edquido, hasta -321\u00b0F. Basta decir que son resistentes a la nieve y al agua.<\/p>\n<lite-youtube videoid=40ghSPtKE3g params=\"enablejsapi=1\" style=\"background-image: url('https:\/\/i.ytimg.com\/vi_webp\/40ghSPtKE3g\/maxresdefault.webp');\"><\/lite-youtube>\n","protected":false},"excerpt":{"rendered":"<p>Est\u00e1 haciendo fr\u00edo, oscureciendo y te has dado cuenta de que la bici que compraste en mayo no tiene luces. [&hellip;]<\/p>\n","protected":false},"author":29,"featured_media":3738,"comment_status":"open","ping_status":"open","sticky":false,"template":"","format":"standard","meta":{"footnotes":""},"categories":[7,8,9,6],"tags":[700,701,703,702],"global-categories":[],"class_list":["post-3732","post","type-post","status-publish","format-standard","has-post-thumbnail","hentry","category-carretera","category-life-style","category-mtb-aventura","category-urban","tag-luces-para-bicicleta","tag-luz-delantera-bicicleta","tag-luz-intermitente-bicicleta","tag-luz-trasera-bicicleta"],"yoast_head":"<!-- This site is optimized with the Yoast SEO Premium plugin v25.3 (Yoast SEO v25.9) - https:\/\/yoast.com\/wordpress\/plugins\/seo\/ -->\n<title>Nuestra selecci\u00f3n de luces para bicicleta - \u0160koda We Love Cycling - Spain<\/title>\n<meta name=\"description\" content=\"Nuestra selecci\u00f3n de luces para bicicleta. Todos los tipos de luces que puedes poner a tu bicicleta, delantera, trasera, en los radios e incluso intermitentes.\" \/>\n<meta name=\"robots\" content=\"index, follow, max-snippet:-1, max-image-preview:large, max-video-preview:-1\" \/>\n<link rel=\"canonical\" href=\"https:\/\/www.welovecycling.com\/es\/2018\/11\/05\/luces-para-bicicleta\/\" \/>\n<meta property=\"og:locale\" content=\"es_ES\" \/>\n<meta property=\"og:type\" content=\"article\" \/>\n<meta property=\"og:title\" content=\"Luces para bicicleta\" \/>\n<meta property=\"og:description\" content=\"Nuestra selecci\u00f3n de luces para bicicleta. Todos los tipos de luces que puedes poner a tu bicicleta, delantera, trasera, en los radios e incluso intermitentes.\" \/>\n<meta property=\"og:url\" content=\"https:\/\/www.welovecycling.com\/es\/2018\/11\/05\/luces-para-bicicleta\/\" \/>\n<meta property=\"og:site_name\" content=\"\u0160koda We Love Cycling - Spain\" \/>\n<meta property=\"article:published_time\" content=\"2018-11-05T12:10:10+00:00\" \/>\n<meta property=\"og:image\" content=\"https:\/\/d2p6e6u75xmxt8.cloudfront.net\/6\/2018\/11\/See-Sense-CVR.jpg\" \/>\n\t<meta property=\"og:image:width\" content=\"1366\" \/>\n\t<meta property=\"og:image:height\" content=\"600\" \/>\n\t<meta property=\"og:image:type\" content=\"image\/jpeg\" \/>\n<meta name=\"author\" content=\"We Love Cycling Spain\" \/>\n<meta name=\"twitter:card\" content=\"summary_large_image\" \/>\n<meta name=\"twitter:title\" content=\"Luces para bicicleta\" \/>\n<meta name=\"twitter:description\" content=\"Nuestra selecci\u00f3n de luces para bicicleta. Todos los tipos de luces que puedes poner a tu bicicleta, delantera, trasera, en los radios e incluso intermitentes.\" \/>\n<meta name=\"twitter:label1\" content=\"Written by\" \/>\n\t<meta name=\"twitter:data1\" content=\"Christopher Ashley\" \/>\n\t<meta name=\"twitter:label2\" content=\"Est. reading time\" \/>\n\t<meta name=\"twitter:data2\" content=\"5\" \/>\n<script type=\"application\/ld+json\" class=\"yoast-schema-graph\">{\"@context\":\"https:\/\/schema.org\",\"@graph\":[{\"@type\":\"WebPage\",\"@id\":\"https:\/\/www.welovecycling.com\/es\/2018\/11\/05\/luces-para-bicicleta\/\",\"url\":\"https:\/\/www.welovecycling.com\/es\/2018\/11\/05\/luces-para-bicicleta\/\",\"name\":\"Nuestra selecci\u00f3n de luces para bicicleta - \u0160koda We Love Cycling - Spain\",\"isPartOf\":{\"@id\":\"https:\/\/www.welovecycling.com\/es\/#website\"},\"primaryImageOfPage\":{\"@id\":\"https:\/\/www.welovecycling.com\/es\/2018\/11\/05\/luces-para-bicicleta\/#primaryimage\"},\"image\":{\"@id\":\"https:\/\/www.welovecycling.com\/es\/2018\/11\/05\/luces-para-bicicleta\/#primaryimage\"},\"thumbnailUrl\":\"https:\/\/d2p6e6u75xmxt8.cloudfront.net\/6\/2018\/11\/See-Sense-CVR.jpg\",\"datePublished\":\"2018-11-05T12:10:10+00:00\",\"author\":{\"@id\":\"https:\/\/www.welovecycling.com\/es\/#\/schema\/person\/deb61715b5812698ee79fb96f343ccd4\"},\"description\":\"Nuestra selecci\u00f3n de luces para bicicleta. Todos los tipos de luces que puedes poner a tu bicicleta, delantera, trasera, en los radios e incluso intermitentes.\",\"breadcrumb\":{\"@id\":\"https:\/\/www.welovecycling.com\/es\/2018\/11\/05\/luces-para-bicicleta\/#breadcrumb\"},\"inLanguage\":\"es-ES\",\"potentialAction\":[{\"@type\":\"ReadAction\",\"target\":[\"https:\/\/www.welovecycling.com\/es\/2018\/11\/05\/luces-para-bicicleta\/\"]}]},{\"@type\":\"ImageObject\",\"inLanguage\":\"es-ES\",\"@id\":\"https:\/\/www.welovecycling.com\/es\/2018\/11\/05\/luces-para-bicicleta\/#primaryimage\",\"url\":\"https:\/\/d2p6e6u75xmxt8.cloudfront.net\/6\/2018\/11\/See-Sense-CVR.jpg\",\"contentUrl\":\"https:\/\/d2p6e6u75xmxt8.cloudfront.net\/6\/2018\/11\/See-Sense-CVR.jpg\",\"width\":1366,\"height\":600},{\"@type\":\"BreadcrumbList\",\"@id\":\"https:\/\/www.welovecycling.com\/es\/2018\/11\/05\/luces-para-bicicleta\/#breadcrumb\",\"itemListElement\":[{\"@type\":\"ListItem\",\"position\":1,\"name\":\"Home\",\"item\":\"https:\/\/www.welovecycling.com\/es\/\"},{\"@type\":\"ListItem\",\"position\":2,\"name\":\"Nuestra selecci\u00f3n de luces para bicicleta\"}]},{\"@type\":\"WebSite\",\"@id\":\"https:\/\/www.welovecycling.com\/es\/#website\",\"url\":\"https:\/\/www.welovecycling.com\/es\/\",\"name\":\"\u0160koda We Love Cycling - Spain\",\"description\":\"\u0160koda WeLoveCycling Spain\",\"potentialAction\":[{\"@type\":\"SearchAction\",\"target\":{\"@type\":\"EntryPoint\",\"urlTemplate\":\"https:\/\/www.welovecycling.com\/es\/?s={search_term_string}\"},\"query-input\":{\"@type\":\"PropertyValueSpecification\",\"valueRequired\":true,\"valueName\":\"search_term_string\"}}],\"inLanguage\":\"es-ES\"},{\"@type\":\"Person\",\"@id\":\"https:\/\/www.welovecycling.com\/es\/#\/schema\/person\/deb61715b5812698ee79fb96f343ccd4\",\"name\":\"We Love Cycling Spain\",\"image\":{\"@type\":\"ImageObject\",\"inLanguage\":\"es-ES\",\"@id\":\"https:\/\/www.welovecycling.com\/es\/#\/schema\/person\/image\/\",\"url\":\"https:\/\/secure.gravatar.com\/avatar\/c824b04e6df0e37a03219d0b6481672889df542894588964102459e46513159c?s=96&d=mm&r=g\",\"contentUrl\":\"https:\/\/secure.gravatar.com\/avatar\/c824b04e6df0e37a03219d0b6481672889df542894588964102459e46513159c?s=96&d=mm&r=g\",\"caption\":\"We Love Cycling Spain\"},\"url\":\"https:\/\/www.welovecycling.com\/es\/author\/amunoz\/\"}]}<\/script>\n<!-- \/ Yoast SEO Premium plugin. -->","yoast_head_json":{"title":"Nuestra selecci\u00f3n de luces para bicicleta - \u0160koda We Love Cycling - Spain","description":"Nuestra selecci\u00f3n de luces para bicicleta. Todos los tipos de luces que puedes poner a tu bicicleta, delantera, trasera, en los radios e incluso intermitentes.","robots":{"index":"index","follow":"follow","max-snippet":"max-snippet:-1","max-image-preview":"max-image-preview:large","max-video-preview":"max-video-preview:-1"},"canonical":"https:\/\/www.welovecycling.com\/es\/2018\/11\/05\/luces-para-bicicleta\/","og_locale":"es_ES","og_type":"article","og_title":"Luces para bicicleta","og_description":"Nuestra selecci\u00f3n de luces para bicicleta. Todos los tipos de luces que puedes poner a tu bicicleta, delantera, trasera, en los radios e incluso intermitentes.","og_url":"https:\/\/www.welovecycling.com\/es\/2018\/11\/05\/luces-para-bicicleta\/","og_site_name":"\u0160koda We Love Cycling - Spain","article_published_time":"2018-11-05T12:10:10+00:00","og_image":[{"width":1366,"height":600,"url":"https:\/\/d2p6e6u75xmxt8.cloudfront.net\/6\/2018\/11\/See-Sense-CVR.jpg","type":"image\/jpeg"}],"author":"We Love Cycling Spain","twitter_card":"summary_large_image","twitter_title":"Luces para bicicleta","twitter_description":"Nuestra selecci\u00f3n de luces para bicicleta. Todos los tipos de luces que puedes poner a tu bicicleta, delantera, trasera, en los radios e incluso intermitentes.","twitter_misc":{"Written by":"Christopher Ashley","Est. reading time":"5"},"schema":{"@context":"https:\/\/schema.org","@graph":[{"@type":"WebPage","@id":"https:\/\/www.welovecycling.com\/es\/2018\/11\/05\/luces-para-bicicleta\/","url":"https:\/\/www.welovecycling.com\/es\/2018\/11\/05\/luces-para-bicicleta\/","name":"Nuestra selecci\u00f3n de luces para bicicleta - \u0160koda We Love Cycling - Spain","isPartOf":{"@id":"https:\/\/www.welovecycling.com\/es\/#website"},"primaryImageOfPage":{"@id":"https:\/\/www.welovecycling.com\/es\/2018\/11\/05\/luces-para-bicicleta\/#primaryimage"},"image":{"@id":"https:\/\/www.welovecycling.com\/es\/2018\/11\/05\/luces-para-bicicleta\/#primaryimage"},"thumbnailUrl":"https:\/\/d2p6e6u75xmxt8.cloudfront.net\/6\/2018\/11\/See-Sense-CVR.jpg","datePublished":"2018-11-05T12:10:10+00:00","author":{"@id":"https:\/\/www.welovecycling.com\/es\/#\/schema\/person\/deb61715b5812698ee79fb96f343ccd4"},"description":"Nuestra selecci\u00f3n de luces para bicicleta. Todos los tipos de luces que puedes poner a tu bicicleta, delantera, trasera, en los radios e incluso intermitentes.","breadcrumb":{"@id":"https:\/\/www.welovecycling.com\/es\/2018\/11\/05\/luces-para-bicicleta\/#breadcrumb"},"inLanguage":"es-ES","potentialAction":[{"@type":"ReadAction","target":["https:\/\/www.welovecycling.com\/es\/2018\/11\/05\/luces-para-bicicleta\/"]}]},{"@type":"ImageObject","inLanguage":"es-ES","@id":"https:\/\/www.welovecycling.com\/es\/2018\/11\/05\/luces-para-bicicleta\/#primaryimage","url":"https:\/\/d2p6e6u75xmxt8.cloudfront.net\/6\/2018\/11\/See-Sense-CVR.jpg","contentUrl":"https:\/\/d2p6e6u75xmxt8.cloudfront.net\/6\/2018\/11\/See-Sense-CVR.jpg","width":1366,"height":600},{"@type":"BreadcrumbList","@id":"https:\/\/www.welovecycling.com\/es\/2018\/11\/05\/luces-para-bicicleta\/#breadcrumb","itemListElement":[{"@type":"ListItem","position":1,"name":"Home","item":"https:\/\/www.welovecycling.com\/es\/"},{"@type":"ListItem","position":2,"name":"Nuestra selecci\u00f3n de luces para bicicleta"}]},{"@type":"WebSite","@id":"https:\/\/www.welovecycling.com\/es\/#website","url":"https:\/\/www.welovecycling.com\/es\/","name":"\u0160koda We Love Cycling - Spain","description":"\u0160koda WeLoveCycling Spain","potentialAction":[{"@type":"SearchAction","target":{"@type":"EntryPoint","urlTemplate":"https:\/\/www.welovecycling.com\/es\/?s={search_term_string}"},"query-input":{"@type":"PropertyValueSpecification","valueRequired":true,"valueName":"search_term_string"}}],"inLanguage":"es-ES"},{"@type":"Person","@id":"https:\/\/www.welovecycling.com\/es\/#\/schema\/person\/deb61715b5812698ee79fb96f343ccd4","name":"We Love Cycling Spain","image":{"@type":"ImageObject","inLanguage":"es-ES","@id":"https:\/\/www.welovecycling.com\/es\/#\/schema\/person\/image\/","url":"https:\/\/secure.gravatar.com\/avatar\/c824b04e6df0e37a03219d0b6481672889df542894588964102459e46513159c?s=96&d=mm&r=g","contentUrl":"https:\/\/secure.gravatar.com\/avatar\/c824b04e6df0e37a03219d0b6481672889df542894588964102459e46513159c?s=96&d=mm&r=g","caption":"We Love Cycling Spain"},"url":"https:\/\/www.welovecycling.com\/es\/author\/amunoz\/"}]}},"_links":{"self":[{"href":"https:\/\/www.welovecycling.com\/es\/wp-json\/wp\/v2\/posts\/3732","targetHints":{"allow":["GET"]}}],"collection":[{"href":"https:\/\/www.welovecycling.com\/es\/wp-json\/wp\/v2\/posts"}],"about":[{"href":"https:\/\/www.welovecycling.com\/es\/wp-json\/wp\/v2\/types\/post"}],"author":[{"embeddable":true,"href":"https:\/\/www.welovecycling.com\/es\/wp-json\/wp\/v2\/users\/29"}],"replies":[{"embeddable":true,"href":"https:\/\/www.welovecycling.com\/es\/wp-json\/wp\/v2\/comments?post=3732"}],"version-history":[{"count":1,"href":"https:\/\/www.welovecycling.com\/es\/wp-json\/wp\/v2\/posts\/3732\/revisions"}],"predecessor-version":[{"id":3739,"href":"https:\/\/www.welovecycling.com\/es\/wp-json\/wp\/v2\/posts\/3732\/revisions\/3739"}],"wp:featuredmedia":[{"embeddable":true,"href":"https:\/\/www.welovecycling.com\/es\/wp-json\/wp\/v2\/media\/3738"}],"wp:attachment":[{"href":"https:\/\/www.welovecycling.com\/es\/wp-json\/wp\/v2\/media?parent=3732"}],"wp:term":[{"taxonomy":"category","embeddable":true,"href":"https:\/\/www.welovecycling.com\/es\/wp-json\/wp\/v2\/categories?post=3732"},{"taxonomy":"post_tag","embeddable":true,"href":"https:\/\/www.welovecycling.com\/es\/wp-json\/wp\/v2\/tags?post=3732"},{"taxonomy":"global-categories","embeddable":true,"href":"https:\/\/www.welovecycling.com\/es\/wp-json\/wp\/v2\/global-categories?post=3732"}],"curies":[{"name":"wp","href":"https:\/\/api.w.org\/{rel}","templated":true}]}}