{"id":3705,"date":"2018-10-31T17:40:39","date_gmt":"2018-10-31T15:40:39","guid":{"rendered":"https:\/\/www.welovecycling.com\/es\/?p=3705"},"modified":"2020-05-11T13:08:24","modified_gmt":"2020-05-11T11:08:24","slug":"bicis-para-la-vida-by-skoda","status":"publish","type":"post","link":"https:\/\/www.welovecycling.com\/es\/2018\/10\/31\/bicis-para-la-vida-by-skoda\/","title":{"rendered":"\u00bfPara qu\u00e9 quieres una bici si no la usas?"},"content":{"rendered":"<p>Para algunos el ciclismo es un deporte, para otros un pasatiempo. Pero para nosotros es mucho m\u00e1s que eso: <strong>llevamos el ciclismo en nuestro ADN<\/strong>.<\/p>\n<p>Incluso antes de so\u00f1ar con fabricar coches, <strong>el ciclismo <\/strong>ya mov\u00eda nuestros m\u00fasculos y bombeaba nuestra sangre.<\/p>\n<p><a href=\"http:\/\/www.skoda.es\/conoce-skoda\/historia\">Nuestra historia<\/a><strong> se remonta a 1895, <\/strong>a\u00f1o en el que<strong> V\u00e1clav Laurin y V\u00e1lclav Klement, movidos por su pasi\u00f3n por el ciclismo, empezaron a fabricar sus propias bicicletas: las Slavia. <\/strong><\/p>\n<p>Desde ese momento, y hasta hoy, siempre hemos compartido un v\u00ednculo con el mundo del ciclismo. Sin ir m\u00e1s lejos, y desde hace a\u00f1os, <strong>apoyamos<\/strong><strong> las<\/strong> <strong>pruebas ciclistas<\/strong> m\u00e1s importantes como <strong>La Vuelta<\/strong> o el <strong>Tour de France<\/strong>, patrocinamos el famoso <strong>Maillot Verde<\/strong> y apoyamos a <strong>todo tipo de ciclistas<\/strong> en nuestra plataforma <strong>WeLoveCycling.es, <\/strong>informando de los acontecimientos deportivos del momento y dando soporte a toda iniciativa que se mueva con dos ruedas.<\/p>\n<p>Y ahora, vamos un paso m\u00e1s all\u00e1 participando y compartiendo nuestra pasi\u00f3n en el proyecto que lleva por nombre <span style=\"font-size: 14pt;\"><strong> <a href=\"http:\/\/bicisparalavida.org\/\" target=\"_blank\" rel=\"noopener\">\u201cBicis para la Vida\u201d<\/a><\/strong><\/span> <strong>by \u0160koda<\/strong>. Una iniciativa solidaria impulsada por <strong>la Fundaci\u00f3n Alberto Contador y la Fundaci\u00f3n SEUR.<\/strong><\/p>\n<p><a href=\"http:\/\/bicisparalavida.org\/\"><img loading=\"lazy\" decoding=\"async\" class=\"aligncenter wp-image-3706\" src=\"https:\/\/d2p6e6u75xmxt8.cloudfront.net\/6\/2018\/10\/logo_bicis.png\" alt=\"\" width=\"361\" height=\"361\" srcset=\"https:\/\/d2p6e6u75xmxt8.cloudfront.net\/6\/2018\/10\/logo_bicis.png 690w, https:\/\/d2p6e6u75xmxt8.cloudfront.net\/6\/2018\/10\/logo_bicis-150x150.png 150w, https:\/\/d2p6e6u75xmxt8.cloudfront.net\/6\/2018\/10\/logo_bicis-300x300.png 300w\" sizes=\"auto, (max-width: 361px) 100vw, 361px\" \/><\/a><\/p>\n<p>Su labor consiste en <strong>reparar bicicletas en desuso, <\/strong>en un taller que emplea a personas con discapacidad, para <strong>distribuirlas<\/strong> a colectivos en riesgo de exclusi\u00f3n social, especialmente a <strong>ni\u00f1os y ni\u00f1as<\/strong> que desafortunadamente no disfrutan de estas posibilidades. Porque para todos ellos, <strong>tu bicicleta puede ser su mayor alegr\u00eda<\/strong>.<\/p>\n<p><strong>\u00bfC\u00f3mo enviarla?<\/strong><br \/>\nPuedes acercarte a cualquier oficina de SEUR, si quieres saber cu\u00e1l es la m\u00e1s cercana a tu domicilio accede al mapa que encontrar\u00e1s en la web <a href=\"http:\/\/bicisparalavida.org\/\" target=\"_blank\" rel=\"noopener\">http:\/\/bicisparalavida.org\/<\/a>.<\/p>\n<p><strong>Objetivos<\/strong><br \/>\n&#8211; Entregar bicicletas reparadas a colectivos en exclusi\u00f3n social, tanto en Espa\u00f1a como en el extranjero.<br \/>\n&#8211; Difundir el uso de la bicicleta como transporte ecol\u00f3gico y saludable.<br \/>\n&#8211; Dar una segunda vida a bicicletas que ya no son usadas y por tanto en riesgo de convertirse en un residuo.<br \/>\n&#8211; Contribuir a la consolidaci\u00f3n de valores: cooperaci\u00f3n, desarrollo, pr\u00e1ctica de deporte, ayuda social, reutilizaci\u00f3n de materiales, etc\u2026<\/p>\n<p>&nbsp;<\/p>\n","protected":false},"excerpt":{"rendered":"<p>Para algunos el ciclismo es un deporte, para otros un pasatiempo. Pero para nosotros es mucho m\u00e1s que eso: llevamos [&hellip;]<\/p>\n","protected":false},"author":29,"featured_media":3857,"comment_status":"open","ping_status":"open","sticky":false,"template":"","format":"standard","meta":{"footnotes":""},"categories":[7,8,9,6],"tags":[],"global-categories":[],"class_list":["post-3705","post","type-post","status-publish","format-standard","has-post-thumbnail","hentry","category-carretera","category-life-style","category-mtb-aventura","category-urban"],"yoast_head":"<!-- This site is optimized with the Yoast SEO Premium plugin v25.3 (Yoast SEO v25.9) - https:\/\/yoast.com\/wordpress\/plugins\/seo\/ -->\n<title>\u00bfPara qu\u00e9 quieres una bici si no la usas? - \u0160koda We Love Cycling - Spain<\/title>\n<meta name=\"robots\" content=\"index, follow, max-snippet:-1, max-image-preview:large, max-video-preview:-1\" \/>\n<link rel=\"canonical\" href=\"https:\/\/www.welovecycling.com\/es\/2018\/10\/31\/bicis-para-la-vida-by-skoda\/\" \/>\n<meta property=\"og:locale\" content=\"es_ES\" \/>\n<meta property=\"og:type\" content=\"article\" \/>\n<meta property=\"og:title\" content=\"\u00bfPara qu\u00e9 quieres una bici si no la usas?\" \/>\n<meta property=\"og:description\" content=\"Para algunos el ciclismo es un deporte, para otros un pasatiempo. Pero para nosotros es mucho m\u00e1s que eso: llevamos [&hellip;]\" \/>\n<meta property=\"og:url\" content=\"https:\/\/www.welovecycling.com\/es\/2018\/10\/31\/bicis-para-la-vida-by-skoda\/\" \/>\n<meta property=\"og:site_name\" content=\"\u0160koda We Love Cycling - Spain\" \/>\n<meta property=\"article:published_time\" content=\"2018-10-31T15:40:39+00:00\" \/>\n<meta property=\"article:modified_time\" content=\"2020-05-11T11:08:24+00:00\" \/>\n<meta property=\"og:image\" content=\"https:\/\/d2p6e6u75xmxt8.cloudfront.net\/6\/2018\/10\/home_banner_bicis_para_la_vida-logo-3.png\" \/>\n\t<meta property=\"og:image:width\" content=\"1920\" \/>\n\t<meta property=\"og:image:height\" content=\"556\" \/>\n\t<meta property=\"og:image:type\" content=\"image\/png\" \/>\n<meta name=\"author\" content=\"We Love Cycling Spain\" \/>\n<meta name=\"twitter:card\" content=\"summary_large_image\" \/>\n<meta name=\"twitter:label1\" content=\"Written by\" \/>\n\t<meta name=\"twitter:data1\" content=\"We Love Cycling Spain\" \/>\n\t<meta name=\"twitter:label2\" content=\"Est. reading time\" \/>\n\t<meta name=\"twitter:data2\" content=\"2 minutes\" \/>\n<script type=\"application\/ld+json\" class=\"yoast-schema-graph\">{\"@context\":\"https:\/\/schema.org\",\"@graph\":[{\"@type\":\"WebPage\",\"@id\":\"https:\/\/www.welovecycling.com\/es\/2018\/10\/31\/bicis-para-la-vida-by-skoda\/\",\"url\":\"https:\/\/www.welovecycling.com\/es\/2018\/10\/31\/bicis-para-la-vida-by-skoda\/\",\"name\":\"\u00bfPara qu\u00e9 quieres una bici si no la usas? - \u0160koda We Love Cycling - Spain\",\"isPartOf\":{\"@id\":\"https:\/\/www.welovecycling.com\/es\/#website\"},\"primaryImageOfPage\":{\"@id\":\"https:\/\/www.welovecycling.com\/es\/2018\/10\/31\/bicis-para-la-vida-by-skoda\/#primaryimage\"},\"image\":{\"@id\":\"https:\/\/www.welovecycling.com\/es\/2018\/10\/31\/bicis-para-la-vida-by-skoda\/#primaryimage\"},\"thumbnailUrl\":\"https:\/\/d2p6e6u75xmxt8.cloudfront.net\/6\/2018\/10\/home_banner_bicis_para_la_vida-logo-3.png\",\"datePublished\":\"2018-10-31T15:40:39+00:00\",\"dateModified\":\"2020-05-11T11:08:24+00:00\",\"author\":{\"@id\":\"https:\/\/www.welovecycling.com\/es\/#\/schema\/person\/deb61715b5812698ee79fb96f343ccd4\"},\"breadcrumb\":{\"@id\":\"https:\/\/www.welovecycling.com\/es\/2018\/10\/31\/bicis-para-la-vida-by-skoda\/#breadcrumb\"},\"inLanguage\":\"es-ES\",\"potentialAction\":[{\"@type\":\"ReadAction\",\"target\":[\"https:\/\/www.welovecycling.com\/es\/2018\/10\/31\/bicis-para-la-vida-by-skoda\/\"]}]},{\"@type\":\"ImageObject\",\"inLanguage\":\"es-ES\",\"@id\":\"https:\/\/www.welovecycling.com\/es\/2018\/10\/31\/bicis-para-la-vida-by-skoda\/#primaryimage\",\"url\":\"https:\/\/d2p6e6u75xmxt8.cloudfront.net\/6\/2018\/10\/home_banner_bicis_para_la_vida-logo-3.png\",\"contentUrl\":\"https:\/\/d2p6e6u75xmxt8.cloudfront.net\/6\/2018\/10\/home_banner_bicis_para_la_vida-logo-3.png\",\"width\":1920,\"height\":556},{\"@type\":\"BreadcrumbList\",\"@id\":\"https:\/\/www.welovecycling.com\/es\/2018\/10\/31\/bicis-para-la-vida-by-skoda\/#breadcrumb\",\"itemListElement\":[{\"@type\":\"ListItem\",\"position\":1,\"name\":\"Home\",\"item\":\"https:\/\/www.welovecycling.com\/es\/\"},{\"@type\":\"ListItem\",\"position\":2,\"name\":\"\u00bfPara qu\u00e9 quieres una bici si no la usas?\"}]},{\"@type\":\"WebSite\",\"@id\":\"https:\/\/www.welovecycling.com\/es\/#website\",\"url\":\"https:\/\/www.welovecycling.com\/es\/\",\"name\":\"\u0160koda We Love Cycling - Spain\",\"description\":\"\u0160koda WeLoveCycling Spain\",\"potentialAction\":[{\"@type\":\"SearchAction\",\"target\":{\"@type\":\"EntryPoint\",\"urlTemplate\":\"https:\/\/www.welovecycling.com\/es\/?s={search_term_string}\"},\"query-input\":{\"@type\":\"PropertyValueSpecification\",\"valueRequired\":true,\"valueName\":\"search_term_string\"}}],\"inLanguage\":\"es-ES\"},{\"@type\":\"Person\",\"@id\":\"https:\/\/www.welovecycling.com\/es\/#\/schema\/person\/deb61715b5812698ee79fb96f343ccd4\",\"name\":\"We Love Cycling Spain\",\"image\":{\"@type\":\"ImageObject\",\"inLanguage\":\"es-ES\",\"@id\":\"https:\/\/www.welovecycling.com\/es\/#\/schema\/person\/image\/\",\"url\":\"https:\/\/secure.gravatar.com\/avatar\/c824b04e6df0e37a03219d0b6481672889df542894588964102459e46513159c?s=96&d=mm&r=g\",\"contentUrl\":\"https:\/\/secure.gravatar.com\/avatar\/c824b04e6df0e37a03219d0b6481672889df542894588964102459e46513159c?s=96&d=mm&r=g\",\"caption\":\"We Love Cycling Spain\"},\"url\":\"https:\/\/www.welovecycling.com\/es\/author\/amunoz\/\"}]}<\/script>\n<!-- \/ Yoast SEO Premium plugin. -->","yoast_head_json":{"title":"\u00bfPara qu\u00e9 quieres una bici si no la usas? - \u0160koda We Love Cycling - Spain","robots":{"index":"index","follow":"follow","max-snippet":"max-snippet:-1","max-image-preview":"max-image-preview:large","max-video-preview":"max-video-preview:-1"},"canonical":"https:\/\/www.welovecycling.com\/es\/2018\/10\/31\/bicis-para-la-vida-by-skoda\/","og_locale":"es_ES","og_type":"article","og_title":"\u00bfPara qu\u00e9 quieres una bici si no la usas?","og_description":"Para algunos el ciclismo es un deporte, para otros un pasatiempo. Pero para nosotros es mucho m\u00e1s que eso: llevamos [&hellip;]","og_url":"https:\/\/www.welovecycling.com\/es\/2018\/10\/31\/bicis-para-la-vida-by-skoda\/","og_site_name":"\u0160koda We Love Cycling - Spain","article_published_time":"2018-10-31T15:40:39+00:00","article_modified_time":"2020-05-11T11:08:24+00:00","og_image":[{"width":1920,"height":556,"url":"https:\/\/d2p6e6u75xmxt8.cloudfront.net\/6\/2018\/10\/home_banner_bicis_para_la_vida-logo-3.png","type":"image\/png"}],"author":"We Love Cycling Spain","twitter_card":"summary_large_image","twitter_misc":{"Written by":"We Love Cycling Spain","Est. reading time":"2 minutes"},"schema":{"@context":"https:\/\/schema.org","@graph":[{"@type":"WebPage","@id":"https:\/\/www.welovecycling.com\/es\/2018\/10\/31\/bicis-para-la-vida-by-skoda\/","url":"https:\/\/www.welovecycling.com\/es\/2018\/10\/31\/bicis-para-la-vida-by-skoda\/","name":"\u00bfPara qu\u00e9 quieres una bici si no la usas? - \u0160koda We Love Cycling - Spain","isPartOf":{"@id":"https:\/\/www.welovecycling.com\/es\/#website"},"primaryImageOfPage":{"@id":"https:\/\/www.welovecycling.com\/es\/2018\/10\/31\/bicis-para-la-vida-by-skoda\/#primaryimage"},"image":{"@id":"https:\/\/www.welovecycling.com\/es\/2018\/10\/31\/bicis-para-la-vida-by-skoda\/#primaryimage"},"thumbnailUrl":"https:\/\/d2p6e6u75xmxt8.cloudfront.net\/6\/2018\/10\/home_banner_bicis_para_la_vida-logo-3.png","datePublished":"2018-10-31T15:40:39+00:00","dateModified":"2020-05-11T11:08:24+00:00","author":{"@id":"https:\/\/www.welovecycling.com\/es\/#\/schema\/person\/deb61715b5812698ee79fb96f343ccd4"},"breadcrumb":{"@id":"https:\/\/www.welovecycling.com\/es\/2018\/10\/31\/bicis-para-la-vida-by-skoda\/#breadcrumb"},"inLanguage":"es-ES","potentialAction":[{"@type":"ReadAction","target":["https:\/\/www.welovecycling.com\/es\/2018\/10\/31\/bicis-para-la-vida-by-skoda\/"]}]},{"@type":"ImageObject","inLanguage":"es-ES","@id":"https:\/\/www.welovecycling.com\/es\/2018\/10\/31\/bicis-para-la-vida-by-skoda\/#primaryimage","url":"https:\/\/d2p6e6u75xmxt8.cloudfront.net\/6\/2018\/10\/home_banner_bicis_para_la_vida-logo-3.png","contentUrl":"https:\/\/d2p6e6u75xmxt8.cloudfront.net\/6\/2018\/10\/home_banner_bicis_para_la_vida-logo-3.png","width":1920,"height":556},{"@type":"BreadcrumbList","@id":"https:\/\/www.welovecycling.com\/es\/2018\/10\/31\/bicis-para-la-vida-by-skoda\/#breadcrumb","itemListElement":[{"@type":"ListItem","position":1,"name":"Home","item":"https:\/\/www.welovecycling.com\/es\/"},{"@type":"ListItem","position":2,"name":"\u00bfPara qu\u00e9 quieres una bici si no la usas?"}]},{"@type":"WebSite","@id":"https:\/\/www.welovecycling.com\/es\/#website","url":"https:\/\/www.welovecycling.com\/es\/","name":"\u0160koda We Love Cycling - Spain","description":"\u0160koda WeLoveCycling Spain","potentialAction":[{"@type":"SearchAction","target":{"@type":"EntryPoint","urlTemplate":"https:\/\/www.welovecycling.com\/es\/?s={search_term_string}"},"query-input":{"@type":"PropertyValueSpecification","valueRequired":true,"valueName":"search_term_string"}}],"inLanguage":"es-ES"},{"@type":"Person","@id":"https:\/\/www.welovecycling.com\/es\/#\/schema\/person\/deb61715b5812698ee79fb96f343ccd4","name":"We Love Cycling Spain","image":{"@type":"ImageObject","inLanguage":"es-ES","@id":"https:\/\/www.welovecycling.com\/es\/#\/schema\/person\/image\/","url":"https:\/\/secure.gravatar.com\/avatar\/c824b04e6df0e37a03219d0b6481672889df542894588964102459e46513159c?s=96&d=mm&r=g","contentUrl":"https:\/\/secure.gravatar.com\/avatar\/c824b04e6df0e37a03219d0b6481672889df542894588964102459e46513159c?s=96&d=mm&r=g","caption":"We Love Cycling Spain"},"url":"https:\/\/www.welovecycling.com\/es\/author\/amunoz\/"}]}},"_links":{"self":[{"href":"https:\/\/www.welovecycling.com\/es\/wp-json\/wp\/v2\/posts\/3705","targetHints":{"allow":["GET"]}}],"collection":[{"href":"https:\/\/www.welovecycling.com\/es\/wp-json\/wp\/v2\/posts"}],"about":[{"href":"https:\/\/www.welovecycling.com\/es\/wp-json\/wp\/v2\/types\/post"}],"author":[{"embeddable":true,"href":"https:\/\/www.welovecycling.com\/es\/wp-json\/wp\/v2\/users\/29"}],"replies":[{"embeddable":true,"href":"https:\/\/www.welovecycling.com\/es\/wp-json\/wp\/v2\/comments?post=3705"}],"version-history":[{"count":2,"href":"https:\/\/www.welovecycling.com\/es\/wp-json\/wp\/v2\/posts\/3705\/revisions"}],"predecessor-version":[{"id":6180,"href":"https:\/\/www.welovecycling.com\/es\/wp-json\/wp\/v2\/posts\/3705\/revisions\/6180"}],"wp:featuredmedia":[{"embeddable":true,"href":"https:\/\/www.welovecycling.com\/es\/wp-json\/wp\/v2\/media\/3857"}],"wp:attachment":[{"href":"https:\/\/www.welovecycling.com\/es\/wp-json\/wp\/v2\/media?parent=3705"}],"wp:term":[{"taxonomy":"category","embeddable":true,"href":"https:\/\/www.welovecycling.com\/es\/wp-json\/wp\/v2\/categories?post=3705"},{"taxonomy":"post_tag","embeddable":true,"href":"https:\/\/www.welovecycling.com\/es\/wp-json\/wp\/v2\/tags?post=3705"},{"taxonomy":"global-categories","embeddable":true,"href":"https:\/\/www.welovecycling.com\/es\/wp-json\/wp\/v2\/global-categories?post=3705"}],"curies":[{"name":"wp","href":"https:\/\/api.w.org\/{rel}","templated":true}]}}