{"id":368,"date":"2017-02-09T10:03:50","date_gmt":"2017-02-09T10:03:50","guid":{"rendered":"https:\/\/www.welovecycling.com\/es\/?p=368"},"modified":"2017-05-03T14:37:25","modified_gmt":"2017-05-03T14:37:25","slug":"exclusiva-entrevista-autentico-ladron-bicicletas","status":"publish","type":"post","link":"https:\/\/www.welovecycling.com\/es\/2017\/02\/09\/exclusiva-entrevista-autentico-ladron-bicicletas\/","title":{"rendered":"EXCLUSIVA: Entrevista con un aut\u00e9ntico ladr\u00f3n de bicicletas"},"content":{"rendered":"<p><strong>Despu\u00e9s del \u00e9xito del Campeonato Europeo de Robo de Bicicletas, muchos de vosotros nos enviasteis comentarios que os agradecemos sinceramente. Sin embargo, hubo un mensaje que destac\u00f3 por encima de todos. Era el de un exladr\u00f3n de bicicletas que ten\u00eda sus propias ideas sobre por qu\u00e9 no nos hab\u00edan robado la bici cebo en Praga. Pese a nuestro rotundo rechazo al robo de bicis, aprovechamos la oportunidad para pedirle consejos para proteger nuestras bicis. Os . Os mostramos la breve entrevista junto con el v\u00eddeo entre bambalinas del Campeonato Europeo de Robo de Bicicletas 2015.<\/strong><\/p>\n<lite-youtube videoid=QmG9AZcK7gw params=\"enablejsapi=1\" style=\"background-image: url('https:\/\/i.ytimg.com\/vi_webp\/QmG9AZcK7gw\/maxresdefault.webp');\"><\/lite-youtube>\n<p><strong>\u00bfPor qu\u00e9 no robaron la bici cebo de Praga?<\/strong><\/p>\n<p>Robar una bici sin cadena en realidad es muy arriesgado. Hay muchas probabilidades de que el propietario est\u00e9 cerca y llame a la polic\u00eda en un plazo de pocos minutos. Todas las unidades lo sabr\u00e1n y pueden pillarte. Los otros, en mi opini\u00f3n, vieron la brecha y fueron a por ella. Yo me dedicaba a las bicis atadas por la noche.<\/p>\n<p><strong>\u00bfYa no? \u00bfLo dejaste, entonces?<\/strong><\/p>\n<p>S\u00ed. Ya hace unos seis meses que no he robado nada.<\/p>\n<p><strong>\u00bfPor qu\u00e9 lo has dejado?<\/strong><\/p>\n<p>Algunos trabajan en el McDonald&#8217;s para pagarse la universidad, yo lo hac\u00eda robando de vez en cuando. Me cri\u00e9 en un barrio complicado y simplemente se me daba muy bien robar bicis.<\/p>\n<p><strong>\u00bfC\u00f3mo robabas las bicicletas?<\/strong><\/p>\n<p>Conduc\u00eda la vieja furgoneta destartalada de mi padre y llevaba un par de cortacadenas en la mochila. A veces utilizaba cuerdas y otras cosas, pero los cortacadenas eran lo principal.<\/p>\n<p><strong>\u00bfC\u00f3mo proteges tu bici?<\/strong><\/p>\n<p>Bueno, tengo dos cadenas gruesas. Una en la rueda trasera y otra en el cuadro. No puedo evitar que alguien realmente empe\u00f1ado en quit\u00e1rmela lo haga, pero tardar\u00e1 mucho. Mi regla de oro era &#8216;hazlo en menos de un minuto o no lo hagas&#8217;. Todo el mundo deber\u00eda tener una cadena de horquilla y dejar la bici solo en un \u00e1rea con mucho tr\u00e1fico. Las cadenas de cable son de risa.<\/p>\n<p><strong>\u00bfEso te frenar\u00eda personalmente?<\/strong><\/p>\n<p>Probablemente, s\u00ed. Hice locuras cuando era m\u00e1s joven, pero con el tiempo intent\u00e9 minimizar el riesgo al m\u00e1ximo.<\/p>\n<p>&nbsp;<\/p>\n<p><strong><em>El exladr\u00f3n de bicicletas no recibi\u00f3 ning\u00fan pago por la entrevista y se comunicaba solo a trav\u00e9s de correos electr\u00f3nicos an\u00f3nimos hasta que dej\u00f3 de hacerlo. No revel\u00f3 nunca su verdadera identidad.<\/em><\/strong><\/p>\n","protected":false},"excerpt":{"rendered":"<p>Despu\u00e9s del \u00e9xito del Campeonato Europeo de Robo de Bicicletas, muchos de vosotros nos enviasteis comentarios que os agradecemos sinceramente. [&hellip;]<\/p>\n","protected":false},"author":19,"featured_media":369,"comment_status":"open","ping_status":"open","sticky":false,"template":"","format":"video","meta":{"footnotes":""},"categories":[6],"tags":[13,10],"global-categories":[],"class_list":["post-368","post","type-post","status-publish","format-video","has-post-thumbnail","hentry","category-urban","tag-candado","tag-robo","post_format-post-format-video"],"yoast_head":"<!-- This site is optimized with the Yoast SEO Premium plugin v25.3 (Yoast SEO v25.9) - https:\/\/yoast.com\/wordpress\/plugins\/seo\/ -->\n<title>EXCLUSIVA: Entrevista con un aut\u00e9ntico ladr\u00f3n de bicicletas - \u0160koda We Love Cycling - Spain<\/title>\n<meta name=\"robots\" content=\"index, follow, max-snippet:-1, max-image-preview:large, max-video-preview:-1\" \/>\n<link rel=\"canonical\" href=\"https:\/\/www.welovecycling.com\/es\/2017\/02\/09\/exclusiva-entrevista-autentico-ladron-bicicletas\/\" \/>\n<meta property=\"og:locale\" content=\"es_ES\" \/>\n<meta property=\"og:type\" content=\"article\" \/>\n<meta property=\"og:title\" content=\"EXCLUSIVA: Entrevista con un aut\u00e9ntico ladr\u00f3n de bicicletas\" \/>\n<meta property=\"og:description\" content=\"Despu\u00e9s del \u00e9xito del Campeonato Europeo de Robo de Bicicletas, muchos de vosotros nos enviasteis comentarios que os agradecemos sinceramente. [&hellip;]\" \/>\n<meta property=\"og:url\" content=\"https:\/\/www.welovecycling.com\/es\/2017\/02\/09\/exclusiva-entrevista-autentico-ladron-bicicletas\/\" \/>\n<meta property=\"og:site_name\" content=\"\u0160koda We Love Cycling - Spain\" \/>\n<meta property=\"article:published_time\" content=\"2017-02-09T10:03:50+00:00\" \/>\n<meta property=\"article:modified_time\" content=\"2017-05-03T14:37:25+00:00\" \/>\n<meta property=\"og:image\" content=\"https:\/\/d2p6e6u75xmxt8.cloudfront.net\/6\/2017\/02\/bs_web_950x350-V2.png\" \/>\n\t<meta property=\"og:image:width\" content=\"950\" \/>\n\t<meta property=\"og:image:height\" content=\"350\" \/>\n\t<meta property=\"og:image:type\" content=\"image\/png\" \/>\n<meta name=\"twitter:card\" content=\"summary_large_image\" \/>\n<meta name=\"twitter:label1\" content=\"Written by\" \/>\n\t<meta name=\"twitter:data1\" content=\"\" \/>\n\t<meta name=\"twitter:label2\" content=\"Est. watching time\" \/>\n\t<meta name=\"twitter:data2\" content=\"4:18\" \/>\n<script type=\"application\/ld+json\" class=\"yoast-schema-graph\">{\"@context\":\"https:\/\/schema.org\",\"@graph\":[{\"@type\":\"WebPage\",\"@id\":\"https:\/\/www.welovecycling.com\/es\/2017\/02\/09\/exclusiva-entrevista-autentico-ladron-bicicletas\/\",\"url\":\"https:\/\/www.welovecycling.com\/es\/2017\/02\/09\/exclusiva-entrevista-autentico-ladron-bicicletas\/\",\"name\":\"EXCLUSIVA: Entrevista con un aut\u00e9ntico ladr\u00f3n de bicicletas - \u0160koda We Love Cycling - Spain\",\"isPartOf\":{\"@id\":\"https:\/\/www.welovecycling.com\/es\/#website\"},\"primaryImageOfPage\":{\"@id\":\"https:\/\/www.welovecycling.com\/es\/2017\/02\/09\/exclusiva-entrevista-autentico-ladron-bicicletas\/#primaryimage\"},\"image\":{\"@id\":\"https:\/\/www.welovecycling.com\/es\/2017\/02\/09\/exclusiva-entrevista-autentico-ladron-bicicletas\/#primaryimage\"},\"thumbnailUrl\":\"https:\/\/d2p6e6u75xmxt8.cloudfront.net\/6\/2017\/02\/bs_web_950x350-V2.png\",\"datePublished\":\"2017-02-09T10:03:50+00:00\",\"dateModified\":\"2017-05-03T14:37:25+00:00\",\"author\":{\"@id\":\"\"},\"breadcrumb\":{\"@id\":\"https:\/\/www.welovecycling.com\/es\/2017\/02\/09\/exclusiva-entrevista-autentico-ladron-bicicletas\/#breadcrumb\"},\"inLanguage\":\"es-ES\",\"potentialAction\":[{\"@type\":\"ReadAction\",\"target\":[\"https:\/\/www.welovecycling.com\/es\/2017\/02\/09\/exclusiva-entrevista-autentico-ladron-bicicletas\/\"]}]},{\"@type\":\"ImageObject\",\"inLanguage\":\"es-ES\",\"@id\":\"https:\/\/www.welovecycling.com\/es\/2017\/02\/09\/exclusiva-entrevista-autentico-ladron-bicicletas\/#primaryimage\",\"url\":\"https:\/\/d2p6e6u75xmxt8.cloudfront.net\/6\/2017\/02\/bs_web_950x350-V2.png\",\"contentUrl\":\"https:\/\/d2p6e6u75xmxt8.cloudfront.net\/6\/2017\/02\/bs_web_950x350-V2.png\",\"width\":950,\"height\":350},{\"@type\":\"BreadcrumbList\",\"@id\":\"https:\/\/www.welovecycling.com\/es\/2017\/02\/09\/exclusiva-entrevista-autentico-ladron-bicicletas\/#breadcrumb\",\"itemListElement\":[{\"@type\":\"ListItem\",\"position\":1,\"name\":\"Home\",\"item\":\"https:\/\/www.welovecycling.com\/es\/\"},{\"@type\":\"ListItem\",\"position\":2,\"name\":\"EXCLUSIVA: Entrevista con un aut\u00e9ntico ladr\u00f3n de bicicletas\"}]},{\"@type\":\"WebSite\",\"@id\":\"https:\/\/www.welovecycling.com\/es\/#website\",\"url\":\"https:\/\/www.welovecycling.com\/es\/\",\"name\":\"\u0160koda We Love Cycling - Spain\",\"description\":\"\u0160koda WeLoveCycling Spain\",\"potentialAction\":[{\"@type\":\"SearchAction\",\"target\":{\"@type\":\"EntryPoint\",\"urlTemplate\":\"https:\/\/www.welovecycling.com\/es\/?s={search_term_string}\"},\"query-input\":{\"@type\":\"PropertyValueSpecification\",\"valueRequired\":true,\"valueName\":\"search_term_string\"}}],\"inLanguage\":\"es-ES\"},{\"@type\":\"Person\",\"@id\":\"\",\"url\":\"https:\/\/www.welovecycling.com\/es\/author\/\"}]}<\/script>\n<!-- \/ Yoast SEO Premium plugin. -->","yoast_head_json":{"title":"EXCLUSIVA: Entrevista con un aut\u00e9ntico ladr\u00f3n de bicicletas - \u0160koda We Love Cycling - Spain","robots":{"index":"index","follow":"follow","max-snippet":"max-snippet:-1","max-image-preview":"max-image-preview:large","max-video-preview":"max-video-preview:-1"},"canonical":"https:\/\/www.welovecycling.com\/es\/2017\/02\/09\/exclusiva-entrevista-autentico-ladron-bicicletas\/","og_locale":"es_ES","og_type":"article","og_title":"EXCLUSIVA: Entrevista con un aut\u00e9ntico ladr\u00f3n de bicicletas","og_description":"Despu\u00e9s del \u00e9xito del Campeonato Europeo de Robo de Bicicletas, muchos de vosotros nos enviasteis comentarios que os agradecemos sinceramente. [&hellip;]","og_url":"https:\/\/www.welovecycling.com\/es\/2017\/02\/09\/exclusiva-entrevista-autentico-ladron-bicicletas\/","og_site_name":"\u0160koda We Love Cycling - Spain","article_published_time":"2017-02-09T10:03:50+00:00","article_modified_time":"2017-05-03T14:37:25+00:00","og_image":[{"width":950,"height":350,"url":"https:\/\/d2p6e6u75xmxt8.cloudfront.net\/6\/2017\/02\/bs_web_950x350-V2.png","type":"image\/png"}],"twitter_card":"summary_large_image","twitter_misc":{"Written by":"","Est. watching time":"4:18"},"schema":{"@context":"https:\/\/schema.org","@graph":[{"@type":"WebPage","@id":"https:\/\/www.welovecycling.com\/es\/2017\/02\/09\/exclusiva-entrevista-autentico-ladron-bicicletas\/","url":"https:\/\/www.welovecycling.com\/es\/2017\/02\/09\/exclusiva-entrevista-autentico-ladron-bicicletas\/","name":"EXCLUSIVA: Entrevista con un aut\u00e9ntico ladr\u00f3n de bicicletas - \u0160koda We Love Cycling - Spain","isPartOf":{"@id":"https:\/\/www.welovecycling.com\/es\/#website"},"primaryImageOfPage":{"@id":"https:\/\/www.welovecycling.com\/es\/2017\/02\/09\/exclusiva-entrevista-autentico-ladron-bicicletas\/#primaryimage"},"image":{"@id":"https:\/\/www.welovecycling.com\/es\/2017\/02\/09\/exclusiva-entrevista-autentico-ladron-bicicletas\/#primaryimage"},"thumbnailUrl":"https:\/\/d2p6e6u75xmxt8.cloudfront.net\/6\/2017\/02\/bs_web_950x350-V2.png","datePublished":"2017-02-09T10:03:50+00:00","dateModified":"2017-05-03T14:37:25+00:00","author":{"@id":""},"breadcrumb":{"@id":"https:\/\/www.welovecycling.com\/es\/2017\/02\/09\/exclusiva-entrevista-autentico-ladron-bicicletas\/#breadcrumb"},"inLanguage":"es-ES","potentialAction":[{"@type":"ReadAction","target":["https:\/\/www.welovecycling.com\/es\/2017\/02\/09\/exclusiva-entrevista-autentico-ladron-bicicletas\/"]}]},{"@type":"ImageObject","inLanguage":"es-ES","@id":"https:\/\/www.welovecycling.com\/es\/2017\/02\/09\/exclusiva-entrevista-autentico-ladron-bicicletas\/#primaryimage","url":"https:\/\/d2p6e6u75xmxt8.cloudfront.net\/6\/2017\/02\/bs_web_950x350-V2.png","contentUrl":"https:\/\/d2p6e6u75xmxt8.cloudfront.net\/6\/2017\/02\/bs_web_950x350-V2.png","width":950,"height":350},{"@type":"BreadcrumbList","@id":"https:\/\/www.welovecycling.com\/es\/2017\/02\/09\/exclusiva-entrevista-autentico-ladron-bicicletas\/#breadcrumb","itemListElement":[{"@type":"ListItem","position":1,"name":"Home","item":"https:\/\/www.welovecycling.com\/es\/"},{"@type":"ListItem","position":2,"name":"EXCLUSIVA: Entrevista con un aut\u00e9ntico ladr\u00f3n de bicicletas"}]},{"@type":"WebSite","@id":"https:\/\/www.welovecycling.com\/es\/#website","url":"https:\/\/www.welovecycling.com\/es\/","name":"\u0160koda We Love Cycling - Spain","description":"\u0160koda WeLoveCycling Spain","potentialAction":[{"@type":"SearchAction","target":{"@type":"EntryPoint","urlTemplate":"https:\/\/www.welovecycling.com\/es\/?s={search_term_string}"},"query-input":{"@type":"PropertyValueSpecification","valueRequired":true,"valueName":"search_term_string"}}],"inLanguage":"es-ES"},{"@type":"Person","@id":"","url":"https:\/\/www.welovecycling.com\/es\/author\/"}]}},"_links":{"self":[{"href":"https:\/\/www.welovecycling.com\/es\/wp-json\/wp\/v2\/posts\/368","targetHints":{"allow":["GET"]}}],"collection":[{"href":"https:\/\/www.welovecycling.com\/es\/wp-json\/wp\/v2\/posts"}],"about":[{"href":"https:\/\/www.welovecycling.com\/es\/wp-json\/wp\/v2\/types\/post"}],"author":[{"embeddable":true,"href":"https:\/\/www.welovecycling.com\/es\/wp-json\/wp\/v2\/users\/19"}],"replies":[{"embeddable":true,"href":"https:\/\/www.welovecycling.com\/es\/wp-json\/wp\/v2\/comments?post=368"}],"version-history":[{"count":2,"href":"https:\/\/www.welovecycling.com\/es\/wp-json\/wp\/v2\/posts\/368\/revisions"}],"predecessor-version":[{"id":393,"href":"https:\/\/www.welovecycling.com\/es\/wp-json\/wp\/v2\/posts\/368\/revisions\/393"}],"wp:featuredmedia":[{"embeddable":true,"href":"https:\/\/www.welovecycling.com\/es\/wp-json\/wp\/v2\/media\/369"}],"wp:attachment":[{"href":"https:\/\/www.welovecycling.com\/es\/wp-json\/wp\/v2\/media?parent=368"}],"wp:term":[{"taxonomy":"category","embeddable":true,"href":"https:\/\/www.welovecycling.com\/es\/wp-json\/wp\/v2\/categories?post=368"},{"taxonomy":"post_tag","embeddable":true,"href":"https:\/\/www.welovecycling.com\/es\/wp-json\/wp\/v2\/tags?post=368"},{"taxonomy":"global-categories","embeddable":true,"href":"https:\/\/www.welovecycling.com\/es\/wp-json\/wp\/v2\/global-categories?post=368"}],"curies":[{"name":"wp","href":"https:\/\/api.w.org\/{rel}","templated":true}]}}