{"id":3669,"date":"2018-10-16T11:28:57","date_gmt":"2018-10-16T09:28:57","guid":{"rendered":"https:\/\/www.welovecycling.com\/es\/?p=3669"},"modified":"2018-10-16T13:21:37","modified_gmt":"2018-10-16T11:21:37","slug":"limpieza-y-neumaticos-bici-invierno","status":"publish","type":"post","link":"https:\/\/www.welovecycling.com\/es\/2018\/10\/16\/limpieza-y-neumaticos-bici-invierno\/","title":{"rendered":"Limpieza y neum\u00e1ticos. Adecua tu bici al invierno"},"content":{"rendered":"<p><strong>\u00bfQu\u00e9 es lo que une a todos los tipos de ciclistas ya sean de carretera, de MTB o urbanos? Que andar en bicicleta durante el invierno te convierte en un tipo duro. As\u00ed que aqu\u00ed tienes varios consejos sobre c\u00f3mo adecuar tus bicis a las nuevas condiciones ambientales.<\/strong><!--more--><\/p>\n<h2><strong>Cuida los engranajes<\/strong><\/h2>\n<p>No importa si vas en bicicleta de monta\u00f1a o de carretera, cualquier superficie mojada har\u00e1 que tus neum\u00e1ticos arrojen material corrosivo sobre el cuadro y la cadena de transmisi\u00f3n. Echa un vistazo a este v\u00eddeo que le dice c\u00f3mo preparar tu bicicleta de monta\u00f1a para las peores condiciones de invierno.<\/p>\n<lite-youtube videoid=RPPEYV2Zkhg params=\"enablejsapi=1\" style=\"background-image: url('https:\/\/i.ytimg.com\/vi_webp\/RPPEYV2Zkhg\/maxresdefault.webp');\"><\/lite-youtube>\n<p>Si vas en bici de carretera tienes que tener los mismos cuidadas. En cuanto llega el invierno a muchas carreteras se les echa sal y en otras es f\u00e1cil encontrar asfaltos mojados y sucios. Es conveniente que cada vez que hagamos una salida as\u00ed acabemos con una limpieza a fondo de cadena y engranajes.<\/p>\n<h2><strong>Agarre<\/strong><\/h2>\n<p>Un error com\u00fan es que los neum\u00e1ticos con tacos proporcionan un mejor agarre, pero no es as\u00ed. La realidad es que los tacos no te dan un mejor agarre en el asfalto. Solo son m\u00e1s \u00fatiles en superficies fangosas, cambiantes y con textura. Sobre una superficie lisa y h\u00fameda, es ideal que tengan dibujo. Piensa en la forma de los neum\u00e1ticos de tu bicicleta.<\/p>\n<lite-youtube videoid=RwDETrTUI4c params=\"enablejsapi=1\" style=\"background-image: url('https:\/\/i.ytimg.com\/vi_webp\/RwDETrTUI4c\/maxresdefault.webp');\"><\/lite-youtube>\n<p>Incluso en el hielo, los slicks proporcionan una mayor superficie de contacto. Cuanto m\u00e1s grande sea el \u00e1rea de contacto, mejor &#8211; hay una raz\u00f3n por la que los patines de hielo no son de tacos. Pero el oto\u00f1o te llevar\u00e1 a los l\u00edmites de las superficies irregulares e impredecibles. As\u00ed que, mira el video de arriba otra vez &#8211; y aprende algo.<\/p>\n<h2><strong>Sobre nieve, clavos<\/strong><\/h2>\n<p>Mira los neum\u00e1ticos del coche del v\u00eddeo, tienen un perfil cuadrado y eso es porque los coches tienen 4 ruedas y no necesitan inclinarse en las curvas como las bicicletas. Por lo tanto, los neum\u00e1ticos con clavos significan seguridad, en las condiciones adecuadas. Es necesario que haya una nevada consistente y profunda para que los clavos puedan trabajar, pero incluso entonces hay que tener cuidado&#8230;.<\/p>\n<lite-youtube videoid=bGU5Be-V5ek params=\"enablejsapi=1\" style=\"background-image: url('https:\/\/i.ytimg.com\/vi_webp\/bGU5Be-V5ek\/maxresdefault.webp');\"><\/lite-youtube>\n<p>Los perfiles redondeados de los neum\u00e1ticos ofrecen un mejor agarre en los veh\u00edculos de dos ruedas, por lo que en climas m\u00e1s fr\u00edos escoje neum\u00e1ticos m\u00e1s peque\u00f1os, o manten sus neum\u00e1ticos para bicicletas de MTB a la m\u00e1xima presi\u00f3n, y de esa manera sus clavos te permitir\u00e1n viajar a trav\u00e9s de la nieve a velocidades mucho m\u00e1s altas.<\/p>\n<h2><strong>Condiciones variables<\/strong><\/h2>\n<p>A medida que el oto\u00f1o deja paso al invierno, las condiciones se vuelven seriamente peligrosas. A veces, necesitar\u00e1s evaluar el pron\u00f3stico del tiempo antes de cada etapa. \u00bfHabr\u00e1 hielo? \u00bfSer\u00e1 una ma\u00f1ana soleada con un asfalto h\u00famedo en un aire fr\u00edo y helado? Bueno, aqu\u00ed est\u00e1 la soluci\u00f3n.<\/p>\n<lite-youtube videoid=3Bh4_rniAms params=\"enablejsapi=1\" style=\"background-image: url('https:\/\/i.ytimg.com\/vi_webp\/3Bh4_rniAms\/maxresdefault.webp');\"><\/lite-youtube>\n<p>Por lo general, no soy fan de las soluciones de Kickstarter, pero me alegro de que haya empresarios que intenten seriamente resolver los problemas m\u00e1s grandes del ciclismo. Despu\u00e9s de todo, \u00bfqui\u00e9n no se ha encontrado a mitad de camino y ha deseado haber estado en la otra bici? S\u00f3lo tomas esas decisiones en invierno, \u00bfverdad?<\/p>\n","protected":false},"excerpt":{"rendered":"<p>\u00bfQu\u00e9 es lo que une a todos los tipos de ciclistas ya sean de carretera, de MTB o urbanos? Que [&hellip;]<\/p>\n","protected":false},"author":29,"featured_media":3679,"comment_status":"open","ping_status":"open","sticky":false,"template":"","format":"standard","meta":{"footnotes":""},"categories":[7,8,9,6],"tags":[174,342,681],"global-categories":[],"class_list":["post-3669","post","type-post","status-publish","format-standard","has-post-thumbnail","hentry","category-carretera","category-life-style","category-mtb-aventura","category-urban","tag-bicicleta-en-invierno","tag-limpieza-de-bici","tag-neumaticos-bicicleta"],"yoast_head":"<!-- This site is optimized with the Yoast SEO Premium plugin v25.3 (Yoast SEO v25.9) - https:\/\/yoast.com\/wordpress\/plugins\/seo\/ -->\n<title>Limpieza y neum\u00e1ticos. Adecua tu bici al invierno - \u0160koda We Love Cycling - Spain<\/title>\n<meta name=\"description\" content=\"Limpieza y neum\u00e1ticos. Adecua tu bici al invierno. C\u00f3mo debemos tratar a la bicicleta cuando llega el invierno. Mec\u00e1nica y limpieza.\" \/>\n<meta name=\"robots\" content=\"index, follow, max-snippet:-1, max-image-preview:large, max-video-preview:-1\" \/>\n<link rel=\"canonical\" href=\"https:\/\/www.welovecycling.com\/es\/2018\/10\/16\/limpieza-y-neumaticos-bici-invierno\/\" \/>\n<meta property=\"og:locale\" content=\"es_ES\" \/>\n<meta property=\"og:type\" content=\"article\" \/>\n<meta property=\"og:title\" content=\"Limpieza y neum\u00e1ticos. Adecua tu bici al invierno\" \/>\n<meta property=\"og:description\" content=\"Limpieza y neum\u00e1ticos. Adecua tu bici al invierno. C\u00f3mo debemos tratar a la bicicleta cuando llega el invierno. Mec\u00e1nica y limpieza.\" \/>\n<meta property=\"og:url\" content=\"https:\/\/www.welovecycling.com\/es\/2018\/10\/16\/limpieza-y-neumaticos-bici-invierno\/\" \/>\n<meta property=\"og:site_name\" content=\"\u0160koda We Love Cycling - Spain\" \/>\n<meta property=\"article:published_time\" content=\"2018-10-16T09:28:57+00:00\" \/>\n<meta property=\"article:modified_time\" content=\"2018-10-16T11:21:37+00:00\" \/>\n<meta property=\"og:image\" content=\"https:\/\/d2p6e6u75xmxt8.cloudfront.net\/6\/2018\/10\/ccc.jpg\" \/>\n\t<meta property=\"og:image:width\" content=\"1366\" \/>\n\t<meta property=\"og:image:height\" content=\"600\" \/>\n\t<meta property=\"og:image:type\" content=\"image\/jpeg\" \/>\n<meta name=\"author\" content=\"We Love Cycling Spain\" \/>\n<meta name=\"twitter:card\" content=\"summary_large_image\" \/>\n<meta name=\"twitter:title\" content=\"Limpieza y neum\u00e1ticos. Adecua tu bici al invierno\" \/>\n<meta name=\"twitter:description\" content=\"Limpieza y neum\u00e1ticos. Adecua tu bici al invierno. C\u00f3mo debemos tratar a la bicicleta cuando llega el invierno. Mec\u00e1nica y limpieza.\" \/>\n<meta name=\"twitter:label1\" content=\"Written by\" \/>\n\t<meta name=\"twitter:data1\" content=\"Christopher Ashley\" \/>\n\t<meta name=\"twitter:label2\" content=\"Est. reading time\" \/>\n\t<meta name=\"twitter:data2\" content=\"8\" \/>\n<script type=\"application\/ld+json\" class=\"yoast-schema-graph\">{\"@context\":\"https:\/\/schema.org\",\"@graph\":[{\"@type\":\"WebPage\",\"@id\":\"https:\/\/www.welovecycling.com\/es\/2018\/10\/16\/limpieza-y-neumaticos-bici-invierno\/\",\"url\":\"https:\/\/www.welovecycling.com\/es\/2018\/10\/16\/limpieza-y-neumaticos-bici-invierno\/\",\"name\":\"Limpieza y neum\u00e1ticos. Adecua tu bici al invierno - \u0160koda We Love Cycling - Spain\",\"isPartOf\":{\"@id\":\"https:\/\/www.welovecycling.com\/es\/#website\"},\"primaryImageOfPage\":{\"@id\":\"https:\/\/www.welovecycling.com\/es\/2018\/10\/16\/limpieza-y-neumaticos-bici-invierno\/#primaryimage\"},\"image\":{\"@id\":\"https:\/\/www.welovecycling.com\/es\/2018\/10\/16\/limpieza-y-neumaticos-bici-invierno\/#primaryimage\"},\"thumbnailUrl\":\"https:\/\/d2p6e6u75xmxt8.cloudfront.net\/6\/2018\/10\/ccc.jpg\",\"datePublished\":\"2018-10-16T09:28:57+00:00\",\"dateModified\":\"2018-10-16T11:21:37+00:00\",\"author\":{\"@id\":\"https:\/\/www.welovecycling.com\/es\/#\/schema\/person\/deb61715b5812698ee79fb96f343ccd4\"},\"description\":\"Limpieza y neum\u00e1ticos. Adecua tu bici al invierno. C\u00f3mo debemos tratar a la bicicleta cuando llega el invierno. Mec\u00e1nica y limpieza.\",\"breadcrumb\":{\"@id\":\"https:\/\/www.welovecycling.com\/es\/2018\/10\/16\/limpieza-y-neumaticos-bici-invierno\/#breadcrumb\"},\"inLanguage\":\"es-ES\",\"potentialAction\":[{\"@type\":\"ReadAction\",\"target\":[\"https:\/\/www.welovecycling.com\/es\/2018\/10\/16\/limpieza-y-neumaticos-bici-invierno\/\"]}]},{\"@type\":\"ImageObject\",\"inLanguage\":\"es-ES\",\"@id\":\"https:\/\/www.welovecycling.com\/es\/2018\/10\/16\/limpieza-y-neumaticos-bici-invierno\/#primaryimage\",\"url\":\"https:\/\/d2p6e6u75xmxt8.cloudfront.net\/6\/2018\/10\/ccc.jpg\",\"contentUrl\":\"https:\/\/d2p6e6u75xmxt8.cloudfront.net\/6\/2018\/10\/ccc.jpg\",\"width\":1366,\"height\":600},{\"@type\":\"BreadcrumbList\",\"@id\":\"https:\/\/www.welovecycling.com\/es\/2018\/10\/16\/limpieza-y-neumaticos-bici-invierno\/#breadcrumb\",\"itemListElement\":[{\"@type\":\"ListItem\",\"position\":1,\"name\":\"Home\",\"item\":\"https:\/\/www.welovecycling.com\/es\/\"},{\"@type\":\"ListItem\",\"position\":2,\"name\":\"Limpieza y neum\u00e1ticos. Adecua tu bici al invierno\"}]},{\"@type\":\"WebSite\",\"@id\":\"https:\/\/www.welovecycling.com\/es\/#website\",\"url\":\"https:\/\/www.welovecycling.com\/es\/\",\"name\":\"\u0160koda We Love Cycling - Spain\",\"description\":\"\u0160koda WeLoveCycling Spain\",\"potentialAction\":[{\"@type\":\"SearchAction\",\"target\":{\"@type\":\"EntryPoint\",\"urlTemplate\":\"https:\/\/www.welovecycling.com\/es\/?s={search_term_string}\"},\"query-input\":{\"@type\":\"PropertyValueSpecification\",\"valueRequired\":true,\"valueName\":\"search_term_string\"}}],\"inLanguage\":\"es-ES\"},{\"@type\":\"Person\",\"@id\":\"https:\/\/www.welovecycling.com\/es\/#\/schema\/person\/deb61715b5812698ee79fb96f343ccd4\",\"name\":\"We Love Cycling Spain\",\"image\":{\"@type\":\"ImageObject\",\"inLanguage\":\"es-ES\",\"@id\":\"https:\/\/www.welovecycling.com\/es\/#\/schema\/person\/image\/\",\"url\":\"https:\/\/secure.gravatar.com\/avatar\/c824b04e6df0e37a03219d0b6481672889df542894588964102459e46513159c?s=96&d=mm&r=g\",\"contentUrl\":\"https:\/\/secure.gravatar.com\/avatar\/c824b04e6df0e37a03219d0b6481672889df542894588964102459e46513159c?s=96&d=mm&r=g\",\"caption\":\"We Love Cycling Spain\"},\"url\":\"https:\/\/www.welovecycling.com\/es\/author\/amunoz\/\"}]}<\/script>\n<!-- \/ Yoast SEO Premium plugin. -->","yoast_head_json":{"title":"Limpieza y neum\u00e1ticos. Adecua tu bici al invierno - \u0160koda We Love Cycling - Spain","description":"Limpieza y neum\u00e1ticos. Adecua tu bici al invierno. C\u00f3mo debemos tratar a la bicicleta cuando llega el invierno. Mec\u00e1nica y limpieza.","robots":{"index":"index","follow":"follow","max-snippet":"max-snippet:-1","max-image-preview":"max-image-preview:large","max-video-preview":"max-video-preview:-1"},"canonical":"https:\/\/www.welovecycling.com\/es\/2018\/10\/16\/limpieza-y-neumaticos-bici-invierno\/","og_locale":"es_ES","og_type":"article","og_title":"Limpieza y neum\u00e1ticos. Adecua tu bici al invierno","og_description":"Limpieza y neum\u00e1ticos. Adecua tu bici al invierno. C\u00f3mo debemos tratar a la bicicleta cuando llega el invierno. Mec\u00e1nica y limpieza.","og_url":"https:\/\/www.welovecycling.com\/es\/2018\/10\/16\/limpieza-y-neumaticos-bici-invierno\/","og_site_name":"\u0160koda We Love Cycling - Spain","article_published_time":"2018-10-16T09:28:57+00:00","article_modified_time":"2018-10-16T11:21:37+00:00","og_image":[{"width":1366,"height":600,"url":"https:\/\/d2p6e6u75xmxt8.cloudfront.net\/6\/2018\/10\/ccc.jpg","type":"image\/jpeg"}],"author":"We Love Cycling Spain","twitter_card":"summary_large_image","twitter_title":"Limpieza y neum\u00e1ticos. Adecua tu bici al invierno","twitter_description":"Limpieza y neum\u00e1ticos. Adecua tu bici al invierno. C\u00f3mo debemos tratar a la bicicleta cuando llega el invierno. Mec\u00e1nica y limpieza.","twitter_misc":{"Written by":"Christopher Ashley","Est. reading time":"8"},"schema":{"@context":"https:\/\/schema.org","@graph":[{"@type":"WebPage","@id":"https:\/\/www.welovecycling.com\/es\/2018\/10\/16\/limpieza-y-neumaticos-bici-invierno\/","url":"https:\/\/www.welovecycling.com\/es\/2018\/10\/16\/limpieza-y-neumaticos-bici-invierno\/","name":"Limpieza y neum\u00e1ticos. Adecua tu bici al invierno - \u0160koda We Love Cycling - Spain","isPartOf":{"@id":"https:\/\/www.welovecycling.com\/es\/#website"},"primaryImageOfPage":{"@id":"https:\/\/www.welovecycling.com\/es\/2018\/10\/16\/limpieza-y-neumaticos-bici-invierno\/#primaryimage"},"image":{"@id":"https:\/\/www.welovecycling.com\/es\/2018\/10\/16\/limpieza-y-neumaticos-bici-invierno\/#primaryimage"},"thumbnailUrl":"https:\/\/d2p6e6u75xmxt8.cloudfront.net\/6\/2018\/10\/ccc.jpg","datePublished":"2018-10-16T09:28:57+00:00","dateModified":"2018-10-16T11:21:37+00:00","author":{"@id":"https:\/\/www.welovecycling.com\/es\/#\/schema\/person\/deb61715b5812698ee79fb96f343ccd4"},"description":"Limpieza y neum\u00e1ticos. Adecua tu bici al invierno. C\u00f3mo debemos tratar a la bicicleta cuando llega el invierno. Mec\u00e1nica y limpieza.","breadcrumb":{"@id":"https:\/\/www.welovecycling.com\/es\/2018\/10\/16\/limpieza-y-neumaticos-bici-invierno\/#breadcrumb"},"inLanguage":"es-ES","potentialAction":[{"@type":"ReadAction","target":["https:\/\/www.welovecycling.com\/es\/2018\/10\/16\/limpieza-y-neumaticos-bici-invierno\/"]}]},{"@type":"ImageObject","inLanguage":"es-ES","@id":"https:\/\/www.welovecycling.com\/es\/2018\/10\/16\/limpieza-y-neumaticos-bici-invierno\/#primaryimage","url":"https:\/\/d2p6e6u75xmxt8.cloudfront.net\/6\/2018\/10\/ccc.jpg","contentUrl":"https:\/\/d2p6e6u75xmxt8.cloudfront.net\/6\/2018\/10\/ccc.jpg","width":1366,"height":600},{"@type":"BreadcrumbList","@id":"https:\/\/www.welovecycling.com\/es\/2018\/10\/16\/limpieza-y-neumaticos-bici-invierno\/#breadcrumb","itemListElement":[{"@type":"ListItem","position":1,"name":"Home","item":"https:\/\/www.welovecycling.com\/es\/"},{"@type":"ListItem","position":2,"name":"Limpieza y neum\u00e1ticos. Adecua tu bici al invierno"}]},{"@type":"WebSite","@id":"https:\/\/www.welovecycling.com\/es\/#website","url":"https:\/\/www.welovecycling.com\/es\/","name":"\u0160koda We Love Cycling - Spain","description":"\u0160koda WeLoveCycling Spain","potentialAction":[{"@type":"SearchAction","target":{"@type":"EntryPoint","urlTemplate":"https:\/\/www.welovecycling.com\/es\/?s={search_term_string}"},"query-input":{"@type":"PropertyValueSpecification","valueRequired":true,"valueName":"search_term_string"}}],"inLanguage":"es-ES"},{"@type":"Person","@id":"https:\/\/www.welovecycling.com\/es\/#\/schema\/person\/deb61715b5812698ee79fb96f343ccd4","name":"We Love Cycling Spain","image":{"@type":"ImageObject","inLanguage":"es-ES","@id":"https:\/\/www.welovecycling.com\/es\/#\/schema\/person\/image\/","url":"https:\/\/secure.gravatar.com\/avatar\/c824b04e6df0e37a03219d0b6481672889df542894588964102459e46513159c?s=96&d=mm&r=g","contentUrl":"https:\/\/secure.gravatar.com\/avatar\/c824b04e6df0e37a03219d0b6481672889df542894588964102459e46513159c?s=96&d=mm&r=g","caption":"We Love Cycling Spain"},"url":"https:\/\/www.welovecycling.com\/es\/author\/amunoz\/"}]}},"_links":{"self":[{"href":"https:\/\/www.welovecycling.com\/es\/wp-json\/wp\/v2\/posts\/3669","targetHints":{"allow":["GET"]}}],"collection":[{"href":"https:\/\/www.welovecycling.com\/es\/wp-json\/wp\/v2\/posts"}],"about":[{"href":"https:\/\/www.welovecycling.com\/es\/wp-json\/wp\/v2\/types\/post"}],"author":[{"embeddable":true,"href":"https:\/\/www.welovecycling.com\/es\/wp-json\/wp\/v2\/users\/29"}],"replies":[{"embeddable":true,"href":"https:\/\/www.welovecycling.com\/es\/wp-json\/wp\/v2\/comments?post=3669"}],"version-history":[{"count":2,"href":"https:\/\/www.welovecycling.com\/es\/wp-json\/wp\/v2\/posts\/3669\/revisions"}],"predecessor-version":[{"id":3690,"href":"https:\/\/www.welovecycling.com\/es\/wp-json\/wp\/v2\/posts\/3669\/revisions\/3690"}],"wp:featuredmedia":[{"embeddable":true,"href":"https:\/\/www.welovecycling.com\/es\/wp-json\/wp\/v2\/media\/3679"}],"wp:attachment":[{"href":"https:\/\/www.welovecycling.com\/es\/wp-json\/wp\/v2\/media?parent=3669"}],"wp:term":[{"taxonomy":"category","embeddable":true,"href":"https:\/\/www.welovecycling.com\/es\/wp-json\/wp\/v2\/categories?post=3669"},{"taxonomy":"post_tag","embeddable":true,"href":"https:\/\/www.welovecycling.com\/es\/wp-json\/wp\/v2\/tags?post=3669"},{"taxonomy":"global-categories","embeddable":true,"href":"https:\/\/www.welovecycling.com\/es\/wp-json\/wp\/v2\/global-categories?post=3669"}],"curies":[{"name":"wp","href":"https:\/\/api.w.org\/{rel}","templated":true}]}}