{"id":3624,"date":"2018-10-04T22:17:30","date_gmt":"2018-10-04T20:17:30","guid":{"rendered":"https:\/\/www.welovecycling.com\/es\/?p=3624"},"modified":"2018-10-16T13:10:00","modified_gmt":"2018-10-16T11:10:00","slug":"la-bicicleta-solucion-ciudades-mas-limpias","status":"publish","type":"post","link":"https:\/\/www.welovecycling.com\/es\/2018\/10\/04\/la-bicicleta-solucion-ciudades-mas-limpias\/","title":{"rendered":"La bicicleta, soluci\u00f3n para conseguir unas ciudades m\u00e1s limpias"},"content":{"rendered":"<p><strong>La capital noruega de Oslo quiere que el centro de la ciudad sea s\u00f3lo para bicicletas. Como la mayor\u00eda de las otras \u00e1reas urbanas, la ciudad ha experimentado un r\u00e1pido crecimiento demogr\u00e1fico, pero Oslo ha crecido m\u00e1s r\u00e1pido que casi cualquier otra gran ciudad europea, debido al aumento de la tasa de natalidad, la mayor esperanza de vida y la inmigraci\u00f3n. Esto significa mas coches, m\u00e1s atascos y m\u00e1s contaminaci\u00f3n de gases de efecto invernadero.<\/strong><!--more--><\/p>\n<p>Un elemento esencial de los planes de futuro de la ciudad es aumentar gradualmente el n\u00famero de bicicletas entre los ciudadanos y los turistas por igual. Planean duplicar la cuota de tr\u00e1fico de las bicicletas hasta el 16% de todos los viajes para el a\u00f1o 2025. Desde 2016, la ciudad ha estado ampliando su red de carriles bici y, en 2016 y 2017, pag\u00f3 a los residentes descuentos de 500 euros y 1.000 euros para comprar bicicletas electr\u00f3nicas y bicicletas de carga.<\/p>\n<figure id=\"attachment_3625\" aria-describedby=\"caption-attachment-3625\" style=\"width: 1250px\" class=\"wp-caption alignnone\"><a href=\"https:\/\/d2p6e6u75xmxt8.cloudfront.net\/6\/2018\/10\/profimedia-0305639719.jpg\"><img loading=\"lazy\" decoding=\"async\" class=\"size-full wp-image-3625\" src=\"https:\/\/d2p6e6u75xmxt8.cloudfront.net\/6\/2018\/10\/profimedia-0305639719.jpg\" alt=\"\" width=\"1250\" height=\"833\" srcset=\"https:\/\/d2p6e6u75xmxt8.cloudfront.net\/6\/2018\/10\/profimedia-0305639719.jpg 1250w, https:\/\/d2p6e6u75xmxt8.cloudfront.net\/6\/2018\/10\/profimedia-0305639719-300x200.jpg 300w, https:\/\/d2p6e6u75xmxt8.cloudfront.net\/6\/2018\/10\/profimedia-0305639719-768x512.jpg 768w, https:\/\/d2p6e6u75xmxt8.cloudfront.net\/6\/2018\/10\/profimedia-0305639719-1024x682.jpg 1024w, https:\/\/d2p6e6u75xmxt8.cloudfront.net\/6\/2018\/10\/profimedia-0305639719-272x182.jpg 272w\" sizes=\"auto, (max-width: 1250px) 100vw, 1250px\" \/><\/a><figcaption id=\"caption-attachment-3625\" class=\"wp-caption-text\">Ciclistas pasando en bicicleta por el Palacio Real, Det Kongelige Slott, Oslo \u00a9 Profimedia, Alamy<\/figcaption><\/figure>\n<p>&nbsp;<\/p>\n<p>Se han eliminado cerca de 700 plazas de aparcamiento, sustituidas -a t\u00edtulo experimental- por espacios p\u00fablicos, como cervecer\u00edas, parques infantiles, bancos y aparcamientos para bicicletas. Como parte del plan, se construir\u00e1n 40 millas (unos 65 km) de nuevos carriles para bicicletas en el centro y sus alrededores. El objetivo del plan es reducir las emisiones de gases de efecto invernadero en la ciudad al 95 % de los niveles de 1990 para el a\u00f1o 2030.<\/p>\n<p>Por supuesto, Oslo no es la \u00fanica ciudad que considera la bicicleta como una parte esencial de las futuras soluciones de movilidad a los problemas de congesti\u00f3n del tr\u00e1fico y de contaminaci\u00f3n por emisiones. Seg\u00fan una proyecci\u00f3n del Departamento de Asuntos Econ\u00f3micos y Sociales de las Naciones Unidas, el 68 % de la poblaci\u00f3n mundial vivir\u00e1 en zonas urbanas para el a\u00f1o 2050, frente al 55 % actual. Como resultado, ciudades como Oslo, as\u00ed como los gobiernos nacionales y la UE est\u00e1n trabajando para transformar la movilidad urbana a fin de reducir las redes de tr\u00e1fico sobrecargadas y reducir los niveles de contaminaci\u00f3n, principalmente mediante la reducci\u00f3n de la propiedad de autom\u00f3viles y el fomento de opciones alternativas de movilidad, como el uso compartido del coche, el transporte p\u00fablico y la bicicleta.<\/p>\n<figure id=\"attachment_3626\" aria-describedby=\"caption-attachment-3626\" style=\"width: 950px\" class=\"wp-caption alignnone\"><a href=\"https:\/\/d2p6e6u75xmxt8.cloudfront.net\/6\/2018\/10\/FotorCreated-2.jpg\"><img loading=\"lazy\" decoding=\"async\" class=\"size-full wp-image-3626\" src=\"https:\/\/d2p6e6u75xmxt8.cloudfront.net\/6\/2018\/10\/FotorCreated-2.jpg\" alt=\"\" width=\"950\" height=\"350\" srcset=\"https:\/\/d2p6e6u75xmxt8.cloudfront.net\/6\/2018\/10\/FotorCreated-2.jpg 950w, https:\/\/d2p6e6u75xmxt8.cloudfront.net\/6\/2018\/10\/FotorCreated-2-300x111.jpg 300w, https:\/\/d2p6e6u75xmxt8.cloudfront.net\/6\/2018\/10\/FotorCreated-2-768x283.jpg 768w\" sizes=\"auto, (max-width: 950px) 100vw, 950px\" \/><\/a><figcaption id=\"caption-attachment-3626\" class=\"wp-caption-text\">The proposed Radbahn in Berlin<\/figcaption><\/figure>\n<p>&nbsp;<\/p>\n<p>En Berl\u00edn, por ejemplo, en diciembre de 2017 se redact\u00f3 una ley para crear al menos 100 km de superautopistas para bicicletas en toda la ciudad. Adem\u00e1s, la capital alemana tambi\u00e9n establecer\u00e1 100.000 nuevas plazas de aparcamiento para bicicletas, algunas de ellas en aparcamientos de varios pisos, para el a\u00f1o 2025. Y la red de carriles para bicicletas existente en la ciudad estar\u00e1 protegida del tr\u00e1fico de autom\u00f3viles por bolardos, para aumentar la seguridad de los ciclistas. Por \u00faltimo, la red de carriles bici de Berl\u00edn se ampliar\u00e1 para cubrir un tercio de sus calles, en comparaci\u00f3n con el 18 % actual.<\/p>\n<p>En Par\u00eds, la alcaldesa Anne Hidalgo ha propuesto un ambicioso plan para intentar transformar la Ciudad de las Luces en la capital mundial del ciclismo. El objetivo de su &#8220;Plan V\u00e9lo&#8221;, o proyecto para bicicletas, es duplicar la longitud de los carriles bici de los 700 km actuales y crear 10.000 nuevas plazas de aparcamiento para bicicletas de aqu\u00ed a 2020.<\/p>\n<figure id=\"attachment_3627\" aria-describedby=\"caption-attachment-3627\" style=\"width: 1250px\" class=\"wp-caption alignnone\"><a href=\"https:\/\/d2p6e6u75xmxt8.cloudfront.net\/6\/2018\/10\/profimedia-0383748008.jpg\"><img loading=\"lazy\" decoding=\"async\" class=\"size-full wp-image-3627\" src=\"https:\/\/d2p6e6u75xmxt8.cloudfront.net\/6\/2018\/10\/profimedia-0383748008.jpg\" alt=\"\" width=\"1250\" height=\"833\" srcset=\"https:\/\/d2p6e6u75xmxt8.cloudfront.net\/6\/2018\/10\/profimedia-0383748008.jpg 1250w, https:\/\/d2p6e6u75xmxt8.cloudfront.net\/6\/2018\/10\/profimedia-0383748008-300x200.jpg 300w, https:\/\/d2p6e6u75xmxt8.cloudfront.net\/6\/2018\/10\/profimedia-0383748008-768x512.jpg 768w, https:\/\/d2p6e6u75xmxt8.cloudfront.net\/6\/2018\/10\/profimedia-0383748008-1024x682.jpg 1024w, https:\/\/d2p6e6u75xmxt8.cloudfront.net\/6\/2018\/10\/profimedia-0383748008-272x182.jpg 272w\" sizes=\"auto, (max-width: 1250px) 100vw, 1250px\" \/><\/a><figcaption id=\"caption-attachment-3627\" class=\"wp-caption-text\">Cycling along the Bir Hakeim bridge in Paris. \u00a9 Profimedia, Alamy<\/figcaption><\/figure>\n<p>&nbsp;<\/p>\n<p>Pero Par\u00eds tendr\u00e1 que recorrer un largo camino antes de que supere a Copenhague como capital mundial de la bicicleta. M\u00e1s de la mitad de la poblaci\u00f3n de la capital danesa va a trabajar en bicicleta todos los d\u00edas, gracias a la construcci\u00f3n de zonas peatonales a partir de la d\u00e9cada de 1960. Como resultado, unos 1,4 millones de kil\u00f3metros se recorren en bicicleta en un d\u00eda laborable promedio en la ciudad. Copenhague cuenta ahora con m\u00e1s de 375 km de carriles bici y sem\u00e1foros que favorecen a los ciclistas.<\/p>\n<p>La ciudad tambi\u00e9n ha estado ampliando su red de superautopistas para bicicletas, con el fin de facilitar a los viajeros la entrada a la capital desde los suburbios circundantes. La primera de las 28 rutas previstas se inaugur\u00f3 en 2014. Con el tiempo, esta red de superautopistas ciclistas cubrir\u00e1 unos 500 km y, adem\u00e1s de reducir a\u00fan m\u00e1s el n\u00famero de coches en las calles de Copenhague, tambi\u00e9n reducir\u00e1 el gasto p\u00fablico en unos 40 millones de euros gracias a la mejora de la salud de los ciclistas.<\/p>\n<p>Muchas ciudades europeas sin duda consideran a Copenhague y a su cultura dominante de la bicicleta como un modelo de lo que una ciudad futura puede y debe ser. El proceso de convertir la bicicleta en el principal medio de transporte tiene incluso un nombre: &#8220;copenhagenizaci\u00f3n&#8221;.<\/p>\n","protected":false},"excerpt":{"rendered":"<p>La capital noruega de Oslo quiere que el centro de la ciudad sea s\u00f3lo para bicicletas. Como la mayor\u00eda de [&hellip;]<\/p>\n","protected":false},"author":29,"featured_media":3629,"comment_status":"open","ping_status":"open","sticky":false,"template":"","format":"standard","meta":{"footnotes":""},"categories":[8,6],"tags":[671,674,673,672],"global-categories":[],"class_list":["post-3624","post","type-post","status-publish","format-standard","has-post-thumbnail","hentry","category-life-style","category-urban","tag-cerrar-el-trafico-a-los-coches","tag-ciclismo-urbano","tag-la-bicicleta-contra-la-contaminacion","tag-oslo-ciclista"],"yoast_head":"<!-- This site is optimized with the Yoast SEO Premium plugin v25.3 (Yoast SEO v25.9) - https:\/\/yoast.com\/wordpress\/plugins\/seo\/ -->\n<title>La bicicleta, soluci\u00f3n para conseguir unas ciudades m\u00e1s limpias - \u0160koda We Love Cycling - Spain<\/title>\n<meta name=\"description\" content=\"La capital noruega de Oslo ha encontrado en la bicicleta la soluci\u00f3n para ser una ciudad m\u00e1s limpia. A partir de ahora quiere cerrar todo el centro al tr\u00e1fico de veh\u00edculos contaminantes.\" \/>\n<meta name=\"robots\" content=\"index, follow, max-snippet:-1, max-image-preview:large, max-video-preview:-1\" \/>\n<link rel=\"canonical\" href=\"https:\/\/www.welovecycling.com\/es\/2018\/10\/04\/la-bicicleta-solucion-ciudades-mas-limpias\/\" \/>\n<meta property=\"og:locale\" content=\"es_ES\" \/>\n<meta property=\"og:type\" content=\"article\" \/>\n<meta property=\"og:title\" content=\"La bicicleta, soluci\u00f3n para conseguir unas ciudades m\u00e1s limpias\" \/>\n<meta property=\"og:description\" content=\"La capital noruega de Oslo ha encontrado en la bicicleta la soluci\u00f3n para ser una ciudad m\u00e1s limpia. A partir de ahora quiere cerrar todo el centro al tr\u00e1fico de veh\u00edculos contaminantes.\" \/>\n<meta property=\"og:url\" content=\"https:\/\/www.welovecycling.com\/es\/2018\/10\/04\/la-bicicleta-solucion-ciudades-mas-limpias\/\" \/>\n<meta property=\"og:site_name\" content=\"\u0160koda We Love Cycling - Spain\" \/>\n<meta property=\"article:published_time\" content=\"2018-10-04T20:17:30+00:00\" \/>\n<meta property=\"article:modified_time\" content=\"2018-10-16T11:10:00+00:00\" \/>\n<meta property=\"og:image\" content=\"https:\/\/d2p6e6u75xmxt8.cloudfront.net\/6\/2018\/10\/slangenCVR.jpg\" \/>\n\t<meta property=\"og:image:width\" content=\"1366\" \/>\n\t<meta property=\"og:image:height\" content=\"600\" \/>\n\t<meta property=\"og:image:type\" content=\"image\/jpeg\" \/>\n<meta name=\"author\" content=\"We Love Cycling Spain\" \/>\n<meta name=\"twitter:card\" content=\"summary_large_image\" \/>\n<meta name=\"twitter:title\" content=\"La bicicleta, soluci\u00f3n para conseguir unas ciudades m\u00e1s limpias\" \/>\n<meta name=\"twitter:description\" content=\"La capital noruega de Oslo ha encontrado en la bicicleta la soluci\u00f3n para ser una ciudad m\u00e1s limpia. A partir de ahora quiere cerrar todo el centro al tr\u00e1fico de veh\u00edculos contaminantes.\" \/>\n<meta name=\"twitter:label1\" content=\"Written by\" \/>\n\t<meta name=\"twitter:data1\" content=\"Siegfried Mortkowitz\" \/>\n\t<meta name=\"twitter:label2\" content=\"Est. reading time\" \/>\n\t<meta name=\"twitter:data2\" content=\"6\" \/>\n<script type=\"application\/ld+json\" class=\"yoast-schema-graph\">{\"@context\":\"https:\/\/schema.org\",\"@graph\":[{\"@type\":\"WebPage\",\"@id\":\"https:\/\/www.welovecycling.com\/es\/2018\/10\/04\/la-bicicleta-solucion-ciudades-mas-limpias\/\",\"url\":\"https:\/\/www.welovecycling.com\/es\/2018\/10\/04\/la-bicicleta-solucion-ciudades-mas-limpias\/\",\"name\":\"La bicicleta, soluci\u00f3n para conseguir unas ciudades m\u00e1s limpias - \u0160koda We Love Cycling - Spain\",\"isPartOf\":{\"@id\":\"https:\/\/www.welovecycling.com\/es\/#website\"},\"primaryImageOfPage\":{\"@id\":\"https:\/\/www.welovecycling.com\/es\/2018\/10\/04\/la-bicicleta-solucion-ciudades-mas-limpias\/#primaryimage\"},\"image\":{\"@id\":\"https:\/\/www.welovecycling.com\/es\/2018\/10\/04\/la-bicicleta-solucion-ciudades-mas-limpias\/#primaryimage\"},\"thumbnailUrl\":\"https:\/\/d2p6e6u75xmxt8.cloudfront.net\/6\/2018\/10\/slangenCVR.jpg\",\"datePublished\":\"2018-10-04T20:17:30+00:00\",\"dateModified\":\"2018-10-16T11:10:00+00:00\",\"author\":{\"@id\":\"https:\/\/www.welovecycling.com\/es\/#\/schema\/person\/deb61715b5812698ee79fb96f343ccd4\"},\"description\":\"La capital noruega de Oslo ha encontrado en la bicicleta la soluci\u00f3n para ser una ciudad m\u00e1s limpia. A partir de ahora quiere cerrar todo el centro al tr\u00e1fico de veh\u00edculos contaminantes.\",\"breadcrumb\":{\"@id\":\"https:\/\/www.welovecycling.com\/es\/2018\/10\/04\/la-bicicleta-solucion-ciudades-mas-limpias\/#breadcrumb\"},\"inLanguage\":\"es-ES\",\"potentialAction\":[{\"@type\":\"ReadAction\",\"target\":[\"https:\/\/www.welovecycling.com\/es\/2018\/10\/04\/la-bicicleta-solucion-ciudades-mas-limpias\/\"]}]},{\"@type\":\"ImageObject\",\"inLanguage\":\"es-ES\",\"@id\":\"https:\/\/www.welovecycling.com\/es\/2018\/10\/04\/la-bicicleta-solucion-ciudades-mas-limpias\/#primaryimage\",\"url\":\"https:\/\/d2p6e6u75xmxt8.cloudfront.net\/6\/2018\/10\/slangenCVR.jpg\",\"contentUrl\":\"https:\/\/d2p6e6u75xmxt8.cloudfront.net\/6\/2018\/10\/slangenCVR.jpg\",\"width\":1366,\"height\":600},{\"@type\":\"BreadcrumbList\",\"@id\":\"https:\/\/www.welovecycling.com\/es\/2018\/10\/04\/la-bicicleta-solucion-ciudades-mas-limpias\/#breadcrumb\",\"itemListElement\":[{\"@type\":\"ListItem\",\"position\":1,\"name\":\"Home\",\"item\":\"https:\/\/www.welovecycling.com\/es\/\"},{\"@type\":\"ListItem\",\"position\":2,\"name\":\"La bicicleta, soluci\u00f3n para conseguir unas ciudades m\u00e1s limpias\"}]},{\"@type\":\"WebSite\",\"@id\":\"https:\/\/www.welovecycling.com\/es\/#website\",\"url\":\"https:\/\/www.welovecycling.com\/es\/\",\"name\":\"\u0160koda We Love Cycling - Spain\",\"description\":\"\u0160koda WeLoveCycling Spain\",\"potentialAction\":[{\"@type\":\"SearchAction\",\"target\":{\"@type\":\"EntryPoint\",\"urlTemplate\":\"https:\/\/www.welovecycling.com\/es\/?s={search_term_string}\"},\"query-input\":{\"@type\":\"PropertyValueSpecification\",\"valueRequired\":true,\"valueName\":\"search_term_string\"}}],\"inLanguage\":\"es-ES\"},{\"@type\":\"Person\",\"@id\":\"https:\/\/www.welovecycling.com\/es\/#\/schema\/person\/deb61715b5812698ee79fb96f343ccd4\",\"name\":\"We Love Cycling Spain\",\"image\":{\"@type\":\"ImageObject\",\"inLanguage\":\"es-ES\",\"@id\":\"https:\/\/www.welovecycling.com\/es\/#\/schema\/person\/image\/\",\"url\":\"https:\/\/secure.gravatar.com\/avatar\/c824b04e6df0e37a03219d0b6481672889df542894588964102459e46513159c?s=96&d=mm&r=g\",\"contentUrl\":\"https:\/\/secure.gravatar.com\/avatar\/c824b04e6df0e37a03219d0b6481672889df542894588964102459e46513159c?s=96&d=mm&r=g\",\"caption\":\"We Love Cycling Spain\"},\"url\":\"https:\/\/www.welovecycling.com\/es\/author\/amunoz\/\"}]}<\/script>\n<!-- \/ Yoast SEO Premium plugin. -->","yoast_head_json":{"title":"La bicicleta, soluci\u00f3n para conseguir unas ciudades m\u00e1s limpias - \u0160koda We Love Cycling - Spain","description":"La capital noruega de Oslo ha encontrado en la bicicleta la soluci\u00f3n para ser una ciudad m\u00e1s limpia. A partir de ahora quiere cerrar todo el centro al tr\u00e1fico de veh\u00edculos contaminantes.","robots":{"index":"index","follow":"follow","max-snippet":"max-snippet:-1","max-image-preview":"max-image-preview:large","max-video-preview":"max-video-preview:-1"},"canonical":"https:\/\/www.welovecycling.com\/es\/2018\/10\/04\/la-bicicleta-solucion-ciudades-mas-limpias\/","og_locale":"es_ES","og_type":"article","og_title":"La bicicleta, soluci\u00f3n para conseguir unas ciudades m\u00e1s limpias","og_description":"La capital noruega de Oslo ha encontrado en la bicicleta la soluci\u00f3n para ser una ciudad m\u00e1s limpia. A partir de ahora quiere cerrar todo el centro al tr\u00e1fico de veh\u00edculos contaminantes.","og_url":"https:\/\/www.welovecycling.com\/es\/2018\/10\/04\/la-bicicleta-solucion-ciudades-mas-limpias\/","og_site_name":"\u0160koda We Love Cycling - Spain","article_published_time":"2018-10-04T20:17:30+00:00","article_modified_time":"2018-10-16T11:10:00+00:00","og_image":[{"width":1366,"height":600,"url":"https:\/\/d2p6e6u75xmxt8.cloudfront.net\/6\/2018\/10\/slangenCVR.jpg","type":"image\/jpeg"}],"author":"We Love Cycling Spain","twitter_card":"summary_large_image","twitter_title":"La bicicleta, soluci\u00f3n para conseguir unas ciudades m\u00e1s limpias","twitter_description":"La capital noruega de Oslo ha encontrado en la bicicleta la soluci\u00f3n para ser una ciudad m\u00e1s limpia. A partir de ahora quiere cerrar todo el centro al tr\u00e1fico de veh\u00edculos contaminantes.","twitter_misc":{"Written by":"Siegfried Mortkowitz","Est. reading time":"6"},"schema":{"@context":"https:\/\/schema.org","@graph":[{"@type":"WebPage","@id":"https:\/\/www.welovecycling.com\/es\/2018\/10\/04\/la-bicicleta-solucion-ciudades-mas-limpias\/","url":"https:\/\/www.welovecycling.com\/es\/2018\/10\/04\/la-bicicleta-solucion-ciudades-mas-limpias\/","name":"La bicicleta, soluci\u00f3n para conseguir unas ciudades m\u00e1s limpias - \u0160koda We Love Cycling - Spain","isPartOf":{"@id":"https:\/\/www.welovecycling.com\/es\/#website"},"primaryImageOfPage":{"@id":"https:\/\/www.welovecycling.com\/es\/2018\/10\/04\/la-bicicleta-solucion-ciudades-mas-limpias\/#primaryimage"},"image":{"@id":"https:\/\/www.welovecycling.com\/es\/2018\/10\/04\/la-bicicleta-solucion-ciudades-mas-limpias\/#primaryimage"},"thumbnailUrl":"https:\/\/d2p6e6u75xmxt8.cloudfront.net\/6\/2018\/10\/slangenCVR.jpg","datePublished":"2018-10-04T20:17:30+00:00","dateModified":"2018-10-16T11:10:00+00:00","author":{"@id":"https:\/\/www.welovecycling.com\/es\/#\/schema\/person\/deb61715b5812698ee79fb96f343ccd4"},"description":"La capital noruega de Oslo ha encontrado en la bicicleta la soluci\u00f3n para ser una ciudad m\u00e1s limpia. A partir de ahora quiere cerrar todo el centro al tr\u00e1fico de veh\u00edculos contaminantes.","breadcrumb":{"@id":"https:\/\/www.welovecycling.com\/es\/2018\/10\/04\/la-bicicleta-solucion-ciudades-mas-limpias\/#breadcrumb"},"inLanguage":"es-ES","potentialAction":[{"@type":"ReadAction","target":["https:\/\/www.welovecycling.com\/es\/2018\/10\/04\/la-bicicleta-solucion-ciudades-mas-limpias\/"]}]},{"@type":"ImageObject","inLanguage":"es-ES","@id":"https:\/\/www.welovecycling.com\/es\/2018\/10\/04\/la-bicicleta-solucion-ciudades-mas-limpias\/#primaryimage","url":"https:\/\/d2p6e6u75xmxt8.cloudfront.net\/6\/2018\/10\/slangenCVR.jpg","contentUrl":"https:\/\/d2p6e6u75xmxt8.cloudfront.net\/6\/2018\/10\/slangenCVR.jpg","width":1366,"height":600},{"@type":"BreadcrumbList","@id":"https:\/\/www.welovecycling.com\/es\/2018\/10\/04\/la-bicicleta-solucion-ciudades-mas-limpias\/#breadcrumb","itemListElement":[{"@type":"ListItem","position":1,"name":"Home","item":"https:\/\/www.welovecycling.com\/es\/"},{"@type":"ListItem","position":2,"name":"La bicicleta, soluci\u00f3n para conseguir unas ciudades m\u00e1s limpias"}]},{"@type":"WebSite","@id":"https:\/\/www.welovecycling.com\/es\/#website","url":"https:\/\/www.welovecycling.com\/es\/","name":"\u0160koda We Love Cycling - Spain","description":"\u0160koda WeLoveCycling Spain","potentialAction":[{"@type":"SearchAction","target":{"@type":"EntryPoint","urlTemplate":"https:\/\/www.welovecycling.com\/es\/?s={search_term_string}"},"query-input":{"@type":"PropertyValueSpecification","valueRequired":true,"valueName":"search_term_string"}}],"inLanguage":"es-ES"},{"@type":"Person","@id":"https:\/\/www.welovecycling.com\/es\/#\/schema\/person\/deb61715b5812698ee79fb96f343ccd4","name":"We Love Cycling Spain","image":{"@type":"ImageObject","inLanguage":"es-ES","@id":"https:\/\/www.welovecycling.com\/es\/#\/schema\/person\/image\/","url":"https:\/\/secure.gravatar.com\/avatar\/c824b04e6df0e37a03219d0b6481672889df542894588964102459e46513159c?s=96&d=mm&r=g","contentUrl":"https:\/\/secure.gravatar.com\/avatar\/c824b04e6df0e37a03219d0b6481672889df542894588964102459e46513159c?s=96&d=mm&r=g","caption":"We Love Cycling Spain"},"url":"https:\/\/www.welovecycling.com\/es\/author\/amunoz\/"}]}},"_links":{"self":[{"href":"https:\/\/www.welovecycling.com\/es\/wp-json\/wp\/v2\/posts\/3624","targetHints":{"allow":["GET"]}}],"collection":[{"href":"https:\/\/www.welovecycling.com\/es\/wp-json\/wp\/v2\/posts"}],"about":[{"href":"https:\/\/www.welovecycling.com\/es\/wp-json\/wp\/v2\/types\/post"}],"author":[{"embeddable":true,"href":"https:\/\/www.welovecycling.com\/es\/wp-json\/wp\/v2\/users\/29"}],"replies":[{"embeddable":true,"href":"https:\/\/www.welovecycling.com\/es\/wp-json\/wp\/v2\/comments?post=3624"}],"version-history":[{"count":2,"href":"https:\/\/www.welovecycling.com\/es\/wp-json\/wp\/v2\/posts\/3624\/revisions"}],"predecessor-version":[{"id":3688,"href":"https:\/\/www.welovecycling.com\/es\/wp-json\/wp\/v2\/posts\/3624\/revisions\/3688"}],"wp:featuredmedia":[{"embeddable":true,"href":"https:\/\/www.welovecycling.com\/es\/wp-json\/wp\/v2\/media\/3629"}],"wp:attachment":[{"href":"https:\/\/www.welovecycling.com\/es\/wp-json\/wp\/v2\/media?parent=3624"}],"wp:term":[{"taxonomy":"category","embeddable":true,"href":"https:\/\/www.welovecycling.com\/es\/wp-json\/wp\/v2\/categories?post=3624"},{"taxonomy":"post_tag","embeddable":true,"href":"https:\/\/www.welovecycling.com\/es\/wp-json\/wp\/v2\/tags?post=3624"},{"taxonomy":"global-categories","embeddable":true,"href":"https:\/\/www.welovecycling.com\/es\/wp-json\/wp\/v2\/global-categories?post=3624"}],"curies":[{"name":"wp","href":"https:\/\/api.w.org\/{rel}","templated":true}]}}