{"id":3614,"date":"2018-10-01T21:12:24","date_gmt":"2018-10-01T19:12:24","guid":{"rendered":"https:\/\/www.welovecycling.com\/es\/?p=3614"},"modified":"2018-10-10T11:16:16","modified_gmt":"2018-10-10T09:16:16","slug":"made-in-alberto-contador","status":"publish","type":"post","link":"https:\/\/www.welovecycling.com\/es\/2018\/10\/01\/made-in-alberto-contador\/","title":{"rendered":"Made in Alberto Contador"},"content":{"rendered":"<p><strong>Si por algo se ha identificado Alberto Contador en toda su carrera profesional es por buscar siempre cualquier peque\u00f1o repecho para montar una batalla y hacer m\u00e1s divertida para el espectador cualquier etapa. Pues bien, su Marcha cicloturista lleva el mismo sello de calidad. \u00bfQu\u00e9 es lo m\u00e1s duro que se puede hacer saliendo del Oliva Nova? Pues eso, Made in Alberto Contador.<\/strong><!--more--><\/p>\n<p>Sobre el papel la <a href=\"http:\/\/marchaalbertocontador.com\/\" target=\"_blank\" rel=\"noopener\">Gran Fondo Alberto Contador 2018<\/a> no parec\u00eda un gran reto comparado con los eventos de Alpes, Pirineos o Dolomitas. Poco m\u00e1s de 167 kil\u00f3metros y con salida y meta al lado del mar, en el Complejo Oliva Nova (Valencia). Pero el recorrido, que en su mayor parte discurr\u00eda por la provincia de Alicante, esconde gran parte de los puertos que utilizan los profesionales en sus stages de entrenamiento durante los meses de invierno. Adem\u00e1s, <strong>Contador, que conoce de sobra la zona, introdujo media docena de &#8216;trampas&#8217;<\/strong> para dar su toque personal. El resultado, casi 3.000 metros de desnivel y solo 20 kil\u00f3metros llanos, los diez primeros y los diez \u00faltimos. El resto, m\u00e1s divertido imposible.<\/p>\n<p><a href=\"https:\/\/www.facebook.com\/gfcontador\/videos\/258874461500065\/?t=128\">https:\/\/www.facebook.com\/gfcontador\/videos\/258874461500065\/?t=128<\/a><\/p>\n<p>Adem\u00e1s se dieron las condiciones perfectas. Temperaturas entre los 18 grados de salida y los 28 de mediod\u00eda. Sol. Un<strong> millar de cicloturistas<\/strong> y, sobre todo, el recorrido totalmente cerrado el tr\u00e1fico. Lo que te permit\u00eda olvidarte de ir atento a los coches y disfrutar del ciclismo. Un privilegio que de vez en cuando merece la pena disfrutar.<\/p>\n<p><a href=\"https:\/\/www.strava.com\/activities\/1873533349\" target=\"_blank\" rel=\"noopener\">La Marcha Contador 2018 en Strava &gt;<\/a><\/p>\n<p>El<strong> &#8216;toque&#8217; Contador<\/strong> no se qued\u00f3 ah\u00ed. El briefing del d\u00eda anterior a la Marcha, con Juan Mari Guajardo como jefe de ceremonias e <strong>Ivan Basso<\/strong> como invitado especial, no fue una simple presentaci\u00f3n al uso. Hubo tiempo de preguntas de los aficionados que &#8216;tiraron&#8217; de la lengua al ciclista de Pinto. An\u00e9cdotas sobre c\u00f3mo preparaba los ataques en el Tour y la Vuelta o las man\u00edas que ten\u00eda sobre la bicicleta hicieron las delicias de un p\u00fablico que quer\u00eda conocer de cerca al \u00faltimo espa\u00f1ol que ha conseguido ganar el Tour.<\/p>\n<p>Ya solo quedaba pedalear. En la l\u00ednea de salida de la Alberto Contador casi un millar de cicloturista y algunos ilustres por sus a\u00f1os de profesionales. Adem\u00e1s de<strong> Basso<\/strong> se apuntaron a la cita <strong>Jes\u00fas Hern\u00e1ndez<\/strong>, que ahora es el director del Polartec Kometa, <strong>Pedro Horrillo<\/strong>, que trabaja en Giant, y Jurgen <strong>Van Goolen y Alexander Kolobnev<\/strong>, que despu\u00e9s de colgar la bici se quedaron a vivir en Levante.<\/p>\n<h2><strong>Ni un kil\u00f3metro llano<\/strong><\/h2>\n<p>Presentaci\u00f3n oficial de <strong>Juan Mari Guajardo<\/strong> y a dar pedales. Los primeros kil\u00f3metros paralelos a la costa y en direcci\u00f3n a Denia. Planos y &#8216;neutralizados&#8217; pero a casi 40 por hora en cabeza de pelot\u00f3n. Eso s\u00ed, fue llegar a Pedreguer, empinarse la carretera, y mantener el ritmo. Misma velocidad, pero esta vez cuesta arriba. Hasta Parcent, donde arranca el <strong>Coll de Rates<\/strong>, ni un intento de fuga. Casi era imposible a la velocidad que se iba.<\/p>\n<p>Y en la primera rampa, todo por los aires. Cambio de ritmo en cabeza y lo que quedaba del primer pelot\u00f3n se transform\u00f3 en un mill\u00f3n de grupos, grup\u00fasculos y grupettas unipersonales. Es decir, s\u00e1lvese qui\u00e9n pueda. Cada uno con sus propias fuerzas y sin quitar el plato grande. Al final<strong> Rates son poco m\u00e1s de seis kil\u00f3metros al seis por ciento de media<\/strong>, eso si, subirlo a 21,5, como me explic\u00f3 mi Garmin despu\u00e9s, no serv\u00eda para ir en cabeza.<\/p>\n<figure style=\"width: 1500px\" class=\"wp-caption alignnone\"><img loading=\"lazy\" decoding=\"async\" src=\"http:\/\/marchaalbertocontador.com\/wp-content\/uploads\/2-1500x601.jpg\" alt=\"Foto: Marcha Alberto Contador\" width=\"1500\" height=\"601\" \/><figcaption class=\"wp-caption-text\">Foto: Gran Fondo Alberto Contador<\/figcaption><\/figure>\n<p>Despu\u00e9s ven\u00eda lo m\u00e1s divertido. El territorio comanche. Porque<strong> Rates tiene por esa vertiente seis kil\u00f3metros de subida pero solo dos de bajada.<\/strong> El resto son repechos interminables que acaban desembocando en otra subida, la de<strong> Sa Creueta,<\/strong> con un tramo final al 13% que obligaba a quitar el plato grande. Los siguiente eran cuatro kil\u00f3metros de bajada hasta Castell de Castell para&#8230; pues s\u00ed, volver a subir. Nombre de puerto, pues la carretera que lleva a Facheca&#8230; Pegaba viento de cara y menos mal que ya hab\u00edamos formado una buena grupetta.<\/p>\n<p>Hac\u00eda falta porque nos \u00edbamos a adentrar en la carretera de Cuatretondeta y Gorga, que es algo as\u00ed como un<strong> tobogan cont\u00ednuo.<\/strong> Estrecho, con continuas subidas y bajadas. Vamos, una aut\u00e9ntica encerrona para seguir sumando metros de desnivel. Y en Gorga giro a la derecha y s\u00ed, a seguir subiendo en direcci\u00f3n al muro de Tollos, que (menos mal) se sub\u00eda por su vertiente m\u00e1s benigna.<\/p>\n<figure style=\"width: 1500px\" class=\"wp-caption alignnone\"><img loading=\"lazy\" decoding=\"async\" src=\"http:\/\/marchaalbertocontador.com\/wp-content\/uploads\/3-1500x600.jpg\" alt=\"\" width=\"1500\" height=\"600\" \/><figcaption class=\"wp-caption-text\">Foto. Gran Fondo Alberto Contador<\/figcaption><\/figure>\n<p>En el descenso de Tollos se podr\u00eda haber optado por girar a la derecha hacia Vall de Ebo y enfilar direcci\u00f3n a Oliva. Demasiado sencillo para la filosof\u00eda <strong>Alberto Contador<\/strong>. Al contrario. El giro era a la izquierda para buscar el segundo avituallamiento y, despu\u00e9s de otras tres docenas de repechos, la aut\u00e9ntica &#8216;trampa&#8217; de la Marcha. <strong>El Mirador de Xap. Los n\u00fameros dec\u00edan que eran 3 kil\u00f3metros a una media del 10%<\/strong>, pero si tenemos en cuenta que en mitad hab\u00eda alg\u00fan descansillo y tramo plano&#8230; te sale alguna pared del 20%. Casi nada para las piernas con los 115 kil\u00f3metros que ya hab\u00eda acumulados.<\/p>\n<p>Eso s\u00ed, era coronar y seguir pedaleando porque los kil\u00f3metros de descenso eran casi inexistentes. Cruce a la izquierda y dos regalos en forma de repecho al <strong>16% antes de iniciar la subida a Vall de Ebo,<\/strong> que era casi un descanso teniendo en cuenta lo que ten\u00edamos que haber tenido que remar antes.<\/p>\n<p>Al coronar <strong>Vall de Ebo muchos pensaban que el trabajo estaba hecho<\/strong>. Descenso r\u00e1pido hacia Pego y desde all\u00ed a la salida hab\u00eda 10 kil\u00f3metros en l\u00ednea recta&#8230; Ya, pero entonces no ser\u00eda la Alberto Contador. Todav\u00eda restaban 30 para meta y otros dos repechos, uno camino de Sagra, con viento de cara y el \u00faltimo desde Rafel, esta vez con viento a favor, y bien que se agradec\u00eda. Eso s\u00ed, en el llano hasta Oliva Nova hasta los repechos en forma de puente de autov\u00eda hac\u00edan da\u00f1o a las piernas.<\/p>\n<p>En meta los n\u00fameros dec\u00edan que en los<strong> 166 kil\u00f3metros de la Marcha Contador<\/strong> hab\u00edamos subido casi <strong>2.800 metros de desnivel<\/strong> con una media de 30 kil\u00f3metros por hora. Cansancio suficiente para dar buena cuenta de la pasta final en el hotel Oliva Nova y estirar las piernas en la arena de la playa, que nos lo hab\u00edamos ganado con creces.<\/p>\n","protected":false},"excerpt":{"rendered":"<p>Si por algo se ha identificado Alberto Contador en toda su carrera profesional es por buscar siempre cualquier peque\u00f1o repecho [&hellip;]<\/p>\n","protected":false},"author":29,"featured_media":3618,"comment_status":"open","ping_status":"open","sticky":false,"template":"","format":"standard","meta":{"footnotes":""},"categories":[7],"tags":[84,670,667,669,668],"global-categories":[],"class_list":["post-3614","post","type-post","status-publish","format-standard","has-post-thumbnail","hentry","category-carretera","tag-alberto-contador","tag-gran-fondo-alberto-contador","tag-marcha-alberto-contador","tag-marcha-alberto-contador-2019","tag-marcha-contador-2018"],"yoast_head":"<!-- This site is optimized with the Yoast SEO Premium plugin v25.3 (Yoast SEO v25.9) - https:\/\/yoast.com\/wordpress\/plugins\/seo\/ -->\n<title>Made in Alberto Contador - \u0160koda We Love Cycling - Spain<\/title>\n<meta name=\"description\" content=\"Made in Alberto Contador. As\u00ed fue la edici\u00f3n 2018 de la Marcha Contador en Oliva. 167 kil\u00f3metros junto a Alberto Contador.\" \/>\n<meta name=\"robots\" content=\"index, follow, max-snippet:-1, max-image-preview:large, max-video-preview:-1\" \/>\n<link rel=\"canonical\" href=\"https:\/\/www.welovecycling.com\/es\/2018\/10\/01\/made-in-alberto-contador\/\" \/>\n<meta property=\"og:locale\" content=\"es_ES\" \/>\n<meta property=\"og:type\" content=\"article\" \/>\n<meta property=\"og:title\" content=\"Made in Alberto Contador\" \/>\n<meta property=\"og:description\" content=\"Made in Alberto Contador. As\u00ed fue la edici\u00f3n 2018 de la Marcha Contador en Oliva. 167 kil\u00f3metros junto a Alberto Contador.\" \/>\n<meta property=\"og:url\" content=\"https:\/\/www.welovecycling.com\/es\/2018\/10\/01\/made-in-alberto-contador\/\" \/>\n<meta property=\"og:site_name\" content=\"\u0160koda We Love Cycling - Spain\" \/>\n<meta property=\"article:published_time\" content=\"2018-10-01T19:12:24+00:00\" \/>\n<meta property=\"article:modified_time\" content=\"2018-10-10T09:16:16+00:00\" \/>\n<meta property=\"og:image\" content=\"https:\/\/d2p6e6u75xmxt8.cloudfront.net\/6\/2018\/10\/marcha-alberto-contador.jpg\" \/>\n\t<meta property=\"og:image:width\" content=\"1500\" \/>\n\t<meta property=\"og:image:height\" content=\"600\" \/>\n\t<meta property=\"og:image:type\" content=\"image\/jpeg\" \/>\n<meta name=\"author\" content=\"We Love Cycling Spain\" \/>\n<meta name=\"twitter:card\" content=\"summary_large_image\" \/>\n<meta name=\"twitter:title\" content=\"Made in Alberto Contador\" \/>\n<meta name=\"twitter:description\" content=\"Made in Alberto Contador. As\u00ed fue la edici\u00f3n 2018 de la Marcha Contador en Oliva. 167 kil\u00f3metros junto a Alberto Contador.\" \/>\n<meta name=\"twitter:label1\" content=\"Written by\" \/>\n\t<meta name=\"twitter:data1\" content=\"Luis Ortega @ciclored\" \/>\n\t<meta name=\"twitter:label2\" content=\"Est. reading time\" \/>\n\t<meta name=\"twitter:data2\" content=\"6 minutes\" \/>\n<script type=\"application\/ld+json\" class=\"yoast-schema-graph\">{\"@context\":\"https:\/\/schema.org\",\"@graph\":[{\"@type\":\"WebPage\",\"@id\":\"https:\/\/www.welovecycling.com\/es\/2018\/10\/01\/made-in-alberto-contador\/\",\"url\":\"https:\/\/www.welovecycling.com\/es\/2018\/10\/01\/made-in-alberto-contador\/\",\"name\":\"Made in Alberto Contador - \u0160koda We Love Cycling - Spain\",\"isPartOf\":{\"@id\":\"https:\/\/www.welovecycling.com\/es\/#website\"},\"primaryImageOfPage\":{\"@id\":\"https:\/\/www.welovecycling.com\/es\/2018\/10\/01\/made-in-alberto-contador\/#primaryimage\"},\"image\":{\"@id\":\"https:\/\/www.welovecycling.com\/es\/2018\/10\/01\/made-in-alberto-contador\/#primaryimage\"},\"thumbnailUrl\":\"https:\/\/d2p6e6u75xmxt8.cloudfront.net\/6\/2018\/10\/marcha-alberto-contador.jpg\",\"datePublished\":\"2018-10-01T19:12:24+00:00\",\"dateModified\":\"2018-10-10T09:16:16+00:00\",\"author\":{\"@id\":\"https:\/\/www.welovecycling.com\/es\/#\/schema\/person\/deb61715b5812698ee79fb96f343ccd4\"},\"description\":\"Made in Alberto Contador. As\u00ed fue la edici\u00f3n 2018 de la Marcha Contador en Oliva. 167 kil\u00f3metros junto a Alberto Contador.\",\"breadcrumb\":{\"@id\":\"https:\/\/www.welovecycling.com\/es\/2018\/10\/01\/made-in-alberto-contador\/#breadcrumb\"},\"inLanguage\":\"es-ES\",\"potentialAction\":[{\"@type\":\"ReadAction\",\"target\":[\"https:\/\/www.welovecycling.com\/es\/2018\/10\/01\/made-in-alberto-contador\/\"]}]},{\"@type\":\"ImageObject\",\"inLanguage\":\"es-ES\",\"@id\":\"https:\/\/www.welovecycling.com\/es\/2018\/10\/01\/made-in-alberto-contador\/#primaryimage\",\"url\":\"https:\/\/d2p6e6u75xmxt8.cloudfront.net\/6\/2018\/10\/marcha-alberto-contador.jpg\",\"contentUrl\":\"https:\/\/d2p6e6u75xmxt8.cloudfront.net\/6\/2018\/10\/marcha-alberto-contador.jpg\",\"width\":1500,\"height\":600},{\"@type\":\"BreadcrumbList\",\"@id\":\"https:\/\/www.welovecycling.com\/es\/2018\/10\/01\/made-in-alberto-contador\/#breadcrumb\",\"itemListElement\":[{\"@type\":\"ListItem\",\"position\":1,\"name\":\"Home\",\"item\":\"https:\/\/www.welovecycling.com\/es\/\"},{\"@type\":\"ListItem\",\"position\":2,\"name\":\"Made in Alberto Contador\"}]},{\"@type\":\"WebSite\",\"@id\":\"https:\/\/www.welovecycling.com\/es\/#website\",\"url\":\"https:\/\/www.welovecycling.com\/es\/\",\"name\":\"\u0160koda We Love Cycling - Spain\",\"description\":\"\u0160koda WeLoveCycling Spain\",\"potentialAction\":[{\"@type\":\"SearchAction\",\"target\":{\"@type\":\"EntryPoint\",\"urlTemplate\":\"https:\/\/www.welovecycling.com\/es\/?s={search_term_string}\"},\"query-input\":{\"@type\":\"PropertyValueSpecification\",\"valueRequired\":true,\"valueName\":\"search_term_string\"}}],\"inLanguage\":\"es-ES\"},{\"@type\":\"Person\",\"@id\":\"https:\/\/www.welovecycling.com\/es\/#\/schema\/person\/deb61715b5812698ee79fb96f343ccd4\",\"name\":\"We Love Cycling Spain\",\"image\":{\"@type\":\"ImageObject\",\"inLanguage\":\"es-ES\",\"@id\":\"https:\/\/www.welovecycling.com\/es\/#\/schema\/person\/image\/\",\"url\":\"https:\/\/secure.gravatar.com\/avatar\/c824b04e6df0e37a03219d0b6481672889df542894588964102459e46513159c?s=96&d=mm&r=g\",\"contentUrl\":\"https:\/\/secure.gravatar.com\/avatar\/c824b04e6df0e37a03219d0b6481672889df542894588964102459e46513159c?s=96&d=mm&r=g\",\"caption\":\"We Love Cycling Spain\"},\"url\":\"https:\/\/www.welovecycling.com\/es\/author\/amunoz\/\"}]}<\/script>\n<!-- \/ Yoast SEO Premium plugin. -->","yoast_head_json":{"title":"Made in Alberto Contador - \u0160koda We Love Cycling - Spain","description":"Made in Alberto Contador. As\u00ed fue la edici\u00f3n 2018 de la Marcha Contador en Oliva. 167 kil\u00f3metros junto a Alberto Contador.","robots":{"index":"index","follow":"follow","max-snippet":"max-snippet:-1","max-image-preview":"max-image-preview:large","max-video-preview":"max-video-preview:-1"},"canonical":"https:\/\/www.welovecycling.com\/es\/2018\/10\/01\/made-in-alberto-contador\/","og_locale":"es_ES","og_type":"article","og_title":"Made in Alberto Contador","og_description":"Made in Alberto Contador. As\u00ed fue la edici\u00f3n 2018 de la Marcha Contador en Oliva. 167 kil\u00f3metros junto a Alberto Contador.","og_url":"https:\/\/www.welovecycling.com\/es\/2018\/10\/01\/made-in-alberto-contador\/","og_site_name":"\u0160koda We Love Cycling - Spain","article_published_time":"2018-10-01T19:12:24+00:00","article_modified_time":"2018-10-10T09:16:16+00:00","og_image":[{"width":1500,"height":600,"url":"https:\/\/d2p6e6u75xmxt8.cloudfront.net\/6\/2018\/10\/marcha-alberto-contador.jpg","type":"image\/jpeg"}],"author":"We Love Cycling Spain","twitter_card":"summary_large_image","twitter_title":"Made in Alberto Contador","twitter_description":"Made in Alberto Contador. As\u00ed fue la edici\u00f3n 2018 de la Marcha Contador en Oliva. 167 kil\u00f3metros junto a Alberto Contador.","twitter_misc":{"Written by":"Luis Ortega @ciclored","Est. reading time":"6 minutes"},"schema":{"@context":"https:\/\/schema.org","@graph":[{"@type":"WebPage","@id":"https:\/\/www.welovecycling.com\/es\/2018\/10\/01\/made-in-alberto-contador\/","url":"https:\/\/www.welovecycling.com\/es\/2018\/10\/01\/made-in-alberto-contador\/","name":"Made in Alberto Contador - \u0160koda We Love Cycling - Spain","isPartOf":{"@id":"https:\/\/www.welovecycling.com\/es\/#website"},"primaryImageOfPage":{"@id":"https:\/\/www.welovecycling.com\/es\/2018\/10\/01\/made-in-alberto-contador\/#primaryimage"},"image":{"@id":"https:\/\/www.welovecycling.com\/es\/2018\/10\/01\/made-in-alberto-contador\/#primaryimage"},"thumbnailUrl":"https:\/\/d2p6e6u75xmxt8.cloudfront.net\/6\/2018\/10\/marcha-alberto-contador.jpg","datePublished":"2018-10-01T19:12:24+00:00","dateModified":"2018-10-10T09:16:16+00:00","author":{"@id":"https:\/\/www.welovecycling.com\/es\/#\/schema\/person\/deb61715b5812698ee79fb96f343ccd4"},"description":"Made in Alberto Contador. As\u00ed fue la edici\u00f3n 2018 de la Marcha Contador en Oliva. 167 kil\u00f3metros junto a Alberto Contador.","breadcrumb":{"@id":"https:\/\/www.welovecycling.com\/es\/2018\/10\/01\/made-in-alberto-contador\/#breadcrumb"},"inLanguage":"es-ES","potentialAction":[{"@type":"ReadAction","target":["https:\/\/www.welovecycling.com\/es\/2018\/10\/01\/made-in-alberto-contador\/"]}]},{"@type":"ImageObject","inLanguage":"es-ES","@id":"https:\/\/www.welovecycling.com\/es\/2018\/10\/01\/made-in-alberto-contador\/#primaryimage","url":"https:\/\/d2p6e6u75xmxt8.cloudfront.net\/6\/2018\/10\/marcha-alberto-contador.jpg","contentUrl":"https:\/\/d2p6e6u75xmxt8.cloudfront.net\/6\/2018\/10\/marcha-alberto-contador.jpg","width":1500,"height":600},{"@type":"BreadcrumbList","@id":"https:\/\/www.welovecycling.com\/es\/2018\/10\/01\/made-in-alberto-contador\/#breadcrumb","itemListElement":[{"@type":"ListItem","position":1,"name":"Home","item":"https:\/\/www.welovecycling.com\/es\/"},{"@type":"ListItem","position":2,"name":"Made in Alberto Contador"}]},{"@type":"WebSite","@id":"https:\/\/www.welovecycling.com\/es\/#website","url":"https:\/\/www.welovecycling.com\/es\/","name":"\u0160koda We Love Cycling - Spain","description":"\u0160koda WeLoveCycling Spain","potentialAction":[{"@type":"SearchAction","target":{"@type":"EntryPoint","urlTemplate":"https:\/\/www.welovecycling.com\/es\/?s={search_term_string}"},"query-input":{"@type":"PropertyValueSpecification","valueRequired":true,"valueName":"search_term_string"}}],"inLanguage":"es-ES"},{"@type":"Person","@id":"https:\/\/www.welovecycling.com\/es\/#\/schema\/person\/deb61715b5812698ee79fb96f343ccd4","name":"We Love Cycling Spain","image":{"@type":"ImageObject","inLanguage":"es-ES","@id":"https:\/\/www.welovecycling.com\/es\/#\/schema\/person\/image\/","url":"https:\/\/secure.gravatar.com\/avatar\/c824b04e6df0e37a03219d0b6481672889df542894588964102459e46513159c?s=96&d=mm&r=g","contentUrl":"https:\/\/secure.gravatar.com\/avatar\/c824b04e6df0e37a03219d0b6481672889df542894588964102459e46513159c?s=96&d=mm&r=g","caption":"We Love Cycling Spain"},"url":"https:\/\/www.welovecycling.com\/es\/author\/amunoz\/"}]}},"_links":{"self":[{"href":"https:\/\/www.welovecycling.com\/es\/wp-json\/wp\/v2\/posts\/3614","targetHints":{"allow":["GET"]}}],"collection":[{"href":"https:\/\/www.welovecycling.com\/es\/wp-json\/wp\/v2\/posts"}],"about":[{"href":"https:\/\/www.welovecycling.com\/es\/wp-json\/wp\/v2\/types\/post"}],"author":[{"embeddable":true,"href":"https:\/\/www.welovecycling.com\/es\/wp-json\/wp\/v2\/users\/29"}],"replies":[{"embeddable":true,"href":"https:\/\/www.welovecycling.com\/es\/wp-json\/wp\/v2\/comments?post=3614"}],"version-history":[{"count":2,"href":"https:\/\/www.welovecycling.com\/es\/wp-json\/wp\/v2\/posts\/3614\/revisions"}],"predecessor-version":[{"id":3648,"href":"https:\/\/www.welovecycling.com\/es\/wp-json\/wp\/v2\/posts\/3614\/revisions\/3648"}],"wp:featuredmedia":[{"embeddable":true,"href":"https:\/\/www.welovecycling.com\/es\/wp-json\/wp\/v2\/media\/3618"}],"wp:attachment":[{"href":"https:\/\/www.welovecycling.com\/es\/wp-json\/wp\/v2\/media?parent=3614"}],"wp:term":[{"taxonomy":"category","embeddable":true,"href":"https:\/\/www.welovecycling.com\/es\/wp-json\/wp\/v2\/categories?post=3614"},{"taxonomy":"post_tag","embeddable":true,"href":"https:\/\/www.welovecycling.com\/es\/wp-json\/wp\/v2\/tags?post=3614"},{"taxonomy":"global-categories","embeddable":true,"href":"https:\/\/www.welovecycling.com\/es\/wp-json\/wp\/v2\/global-categories?post=3614"}],"curies":[{"name":"wp","href":"https:\/\/api.w.org\/{rel}","templated":true}]}}