{"id":3581,"date":"2018-09-19T21:08:36","date_gmt":"2018-09-19T19:08:36","guid":{"rendered":"https:\/\/www.welovecycling.com\/es\/?p=3581"},"modified":"2018-09-19T21:08:36","modified_gmt":"2018-09-19T19:08:36","slug":"lo-que-hemos-aprendido-de-la-vuelta","status":"publish","type":"post","link":"https:\/\/www.welovecycling.com\/es\/2018\/09\/19\/lo-que-hemos-aprendido-de-la-vuelta\/","title":{"rendered":"Lo que hemos aprendido de La Vuelta desde el punto de vista ingl\u00e9s"},"content":{"rendered":"<p><strong>Froome gan\u00f3 la triple \u2013 Le Tour (2017), La Vuelta (2017), y el Giro (2018). El Team Sky consigui\u00f3 mantener el Tour de Francia con el triunfo de Geraint Thomas esta misma temporada.<\/strong><!--more--><\/p>\n<p>Y ahora, Simon Yates ha conseguido estas cinco victorias consecutivas para los ciclistas brit\u00e1nicos. Como aficionado al ciclismo brit\u00e1nico, debo confesar que estoy disfrutando\u00a0 de la victoria\u2026<\/p>\n<h2><strong>Los equipos eligen sus batallas<\/strong><\/h2>\n<p>El Team Sky estuvo visiblemente ausente en La Vuelta, optando por poner su talento en el Tour de Gran Breta\u00f1a. Geraint Thomas no pudo evitar comentar que se sent\u00eda un poco &#8220;celoso&#8221; de la oportunidad de Simon Yates no s\u00f3lo de competir, sino tambi\u00e9n de ganar la Vuelta. Y qu\u00e9 victoria fue&#8230;<\/p>\n<p><iframe loading=\"lazy\" src=\"https:\/\/www.youtube-nocookie.com\/embed\/bTZGlgkeWSo\" width=\"560\" height=\"315\" frameborder=\"0\" allowfullscreen=\"allowfullscreen\"><span data-mce-type=\"bookmark\" style=\"display: inline-block; width: 0px; overflow: hidden; line-height: 0;\" class=\"mce_SELRES_start\">\ufeff<\/span><\/iframe><\/p>\n<p>Todo fue perfecto para Yates, que gan\u00f3 la 20\u00aa etapa en Andorra, donde ahora reside. Algunos pueden decir que s\u00f3lo gan\u00f3 porque Brailsford cambi\u00f3 sus prioridades. Personalmente, creo que el Team Sky not\u00f3 algo que el resto de nosotros echamos de menos: que si Yates ten\u00eda el talento para desafiar a los mejores fuera de casa, deber\u00eda ser el favorito para ganar en casa.<\/p>\n<h2><strong>Reconocimiento o recuperaci\u00f3n?<\/strong><\/h2>\n<p>La ausencia de Froome y Thomas proporcion\u00f3 una oportunidad para que otros ciclistas brillaran. Talentos como Kruijswijk, Valverde, Pinot, Uran. L\u00f3pez y Quintana lucharon en una carrera con libertad de t\u00e1cticas que no se ve\u00edan desde los a\u00f1os 90. Como fan\u00e1tico del ciclismo, estuve encantado.<\/p>\n<p><iframe loading=\"lazy\" src=\"https:\/\/www.youtube-nocookie.com\/embed\/KiIRJEDxSuM\" width=\"560\" height=\"315\" frameborder=\"0\" allowfullscreen=\"allowfullscreen\"><\/iframe><\/p>\n<p>Lo que parece claro es que la presencia o no de los l\u00edderes del Team Sky marca las t\u00e1cticas del resto de los equipos en las Grandes Vueltas. Una de las grandes sorpresas agradables fue Enric Mas, que acab\u00f3 segundo cuando nadie esperaba que pudiese llegar tan arriba.<\/p>\n<h2><strong>La familia primero<\/strong><\/h2>\n<p>Hablando de juventud, Simon Yates tiene s\u00f3lo 26 a\u00f1os, s\u00f3lo tres m\u00e1s que Mas. En 2013, se rumoreaba que el Team Sky estaba interesado en fichar a Simon tras ganar el Campeonato del Mundo de pista en Bielorrusia. Pero el trato se vino abajo, entre rumores de que el Team Sky no estaba interesado en ofrecer al gemelo de Simon, Adam, un contrato en ese momento.<\/p>\n<lite-youtube videoid=2CRLVpu9gu4 params=\"enablejsapi=1\" style=\"background-image: url('https:\/\/i.ytimg.com\/vi_webp\/2CRLVpu9gu4\/maxresdefault.webp');\"><\/lite-youtube>\n<p>La p\u00e9rdida del equipo Sky puede ser una ganancia de Mitchelton-Scott, y <a href=\"https:\/\/www.telegraph.co.uk\/cycling\/2018\/09\/17\/sir-bradley-wiggins-simon-yates-would-not-have-won-vuelta-espana\/\">Sir Bradley Wiggins\u00a0 piensa que ese es el caso<\/a>. En lugar de convertirse en otro superdom\u00e9stico, Simon Yates ha superado las tentaciones del Team Sky y, a diferencia de Richie Porte y Mikel Landa, ha cosechado los beneficios con una gran victoria en La Vuelta.<\/p>\n<h2><strong>Mitchelton-Scott futuro rival del Team Sky<\/strong><\/h2>\n<p>La victoria de Cadel Evans con BMC Bikes en 2010 fue un momento m\u00e1gico, y el BMC ser\u00e1 echado de menos. La carrera de Richie Porte ha sido una tragedia de errores, riesgos y potencialidades insatisfechas. Echar\u00e9 mucho de menos al equipo que deber\u00eda haber sido la mayor amenaza del Team Sky estos \u00faltimos a\u00f1os. Chapeau BMC&#8230;.<\/p>\n<p><iframe loading=\"lazy\" src=\"https:\/\/www.youtube-nocookie.com\/embed\/UDnvT98Tc_k\" width=\"560\" height=\"315\" frameborder=\"0\" allowfullscreen=\"allowfullscreen\"><span data-mce-type=\"bookmark\" style=\"display: inline-block; width: 0px; overflow: hidden; line-height: 0;\" class=\"mce_SELRES_start\">\ufeff<\/span><\/iframe><\/p>\n<p>Pero Mitchelton-Scott ha hecho da\u00f1o al Team Sky: nadie puede dudar de que la ausencia del Team Sky en la Vuelta es algo m\u00e1s que una nota de precauci\u00f3n. Uno pensar\u00eda que un equipo con dos l\u00edderes podr\u00eda permitirse competir en las vueltas m\u00e1s importantes de la temporada. Pero Simon Yates le ha dado a Mitchelton-Scott algo que el equipo Sky no tiene. Un l\u00edder claramente definido, con la juventud de su lado&#8230;.<\/p>\n","protected":false},"excerpt":{"rendered":"<p>Froome gan\u00f3 la triple \u2013 Le Tour (2017), La Vuelta (2017), y el Giro (2018). El Team Sky consigui\u00f3 mantener [&hellip;]<\/p>\n","protected":false},"author":29,"featured_media":3583,"comment_status":"open","ping_status":"open","sticky":false,"template":"","format":"standard","meta":{"footnotes":""},"categories":[7],"tags":[44,606],"global-categories":[],"class_list":["post-3581","post","type-post","status-publish","format-standard","has-post-thumbnail","hentry","category-carretera","tag-la-vuelta","tag-vuelta-2018"],"yoast_head":"<!-- This site is optimized with the Yoast SEO Premium plugin v25.3 (Yoast SEO v25.9) - https:\/\/yoast.com\/wordpress\/plugins\/seo\/ -->\n<title>Lo que hemos aprendido de La Vuelta desde el punto de vista ingl\u00e9s - \u0160koda We Love Cycling - Spain<\/title>\n<meta name=\"description\" content=\"Lo que hemos aprendido de la Vuelta 2018. Las ense\u00f1anzas que nos deja La Vuelta 2018 para el futuro. Yates y su rivalidad con el Sky.\" \/>\n<meta name=\"robots\" content=\"index, follow, max-snippet:-1, max-image-preview:large, max-video-preview:-1\" \/>\n<link rel=\"canonical\" href=\"https:\/\/www.welovecycling.com\/es\/2018\/09\/19\/lo-que-hemos-aprendido-de-la-vuelta\/\" \/>\n<meta property=\"og:locale\" content=\"es_ES\" \/>\n<meta property=\"og:type\" content=\"article\" \/>\n<meta property=\"og:title\" content=\"Lo que hemos aprendido de La Vuelta desde el punto de vista ingl\u00e9s\" \/>\n<meta property=\"og:description\" content=\"Lo que hemos aprendido de la Vuelta 2018. Las ense\u00f1anzas que nos deja La Vuelta 2018 para el futuro. Yates y su rivalidad con el Sky.\" \/>\n<meta property=\"og:url\" content=\"https:\/\/www.welovecycling.com\/es\/2018\/09\/19\/lo-que-hemos-aprendido-de-la-vuelta\/\" \/>\n<meta property=\"og:site_name\" content=\"\u0160koda We Love Cycling - Spain\" \/>\n<meta property=\"article:published_time\" content=\"2018-09-19T19:08:36+00:00\" \/>\n<meta property=\"og:image\" content=\"https:\/\/d2p6e6u75xmxt8.cloudfront.net\/6\/2018\/09\/profimedia-0387055621-1.jpg\" \/>\n\t<meta property=\"og:image:width\" content=\"1366\" \/>\n\t<meta property=\"og:image:height\" content=\"600\" \/>\n\t<meta property=\"og:image:type\" content=\"image\/jpeg\" \/>\n<meta name=\"author\" content=\"We Love Cycling Spain\" \/>\n<meta name=\"twitter:card\" content=\"summary_large_image\" \/>\n<meta name=\"twitter:title\" content=\"Lo que hemos aprendido de La Vuelta desde el punto de vista ingl\u00e9s\" \/>\n<meta name=\"twitter:description\" content=\"Lo que hemos aprendido de la Vuelta 2018. Las ense\u00f1anzas que nos deja La Vuelta 2018 para el futuro. Yates y su rivalidad con el Sky.\" \/>\n<meta name=\"twitter:label1\" content=\"Written by\" \/>\n\t<meta name=\"twitter:data1\" content=\"Christopher Ashley\" \/>\n\t<meta name=\"twitter:label2\" content=\"Est. reading time\" \/>\n\t<meta name=\"twitter:data2\" content=\"5\" \/>\n<script type=\"application\/ld+json\" class=\"yoast-schema-graph\">{\"@context\":\"https:\/\/schema.org\",\"@graph\":[{\"@type\":\"WebPage\",\"@id\":\"https:\/\/www.welovecycling.com\/es\/2018\/09\/19\/lo-que-hemos-aprendido-de-la-vuelta\/\",\"url\":\"https:\/\/www.welovecycling.com\/es\/2018\/09\/19\/lo-que-hemos-aprendido-de-la-vuelta\/\",\"name\":\"Lo que hemos aprendido de La Vuelta desde el punto de vista ingl\u00e9s - \u0160koda We Love Cycling - Spain\",\"isPartOf\":{\"@id\":\"https:\/\/www.welovecycling.com\/es\/#website\"},\"primaryImageOfPage\":{\"@id\":\"https:\/\/www.welovecycling.com\/es\/2018\/09\/19\/lo-que-hemos-aprendido-de-la-vuelta\/#primaryimage\"},\"image\":{\"@id\":\"https:\/\/www.welovecycling.com\/es\/2018\/09\/19\/lo-que-hemos-aprendido-de-la-vuelta\/#primaryimage\"},\"thumbnailUrl\":\"https:\/\/d2p6e6u75xmxt8.cloudfront.net\/6\/2018\/09\/profimedia-0387055621-1.jpg\",\"datePublished\":\"2018-09-19T19:08:36+00:00\",\"author\":{\"@id\":\"https:\/\/www.welovecycling.com\/es\/#\/schema\/person\/deb61715b5812698ee79fb96f343ccd4\"},\"description\":\"Lo que hemos aprendido de la Vuelta 2018. Las ense\u00f1anzas que nos deja La Vuelta 2018 para el futuro. Yates y su rivalidad con el Sky.\",\"breadcrumb\":{\"@id\":\"https:\/\/www.welovecycling.com\/es\/2018\/09\/19\/lo-que-hemos-aprendido-de-la-vuelta\/#breadcrumb\"},\"inLanguage\":\"es-ES\",\"potentialAction\":[{\"@type\":\"ReadAction\",\"target\":[\"https:\/\/www.welovecycling.com\/es\/2018\/09\/19\/lo-que-hemos-aprendido-de-la-vuelta\/\"]}]},{\"@type\":\"ImageObject\",\"inLanguage\":\"es-ES\",\"@id\":\"https:\/\/www.welovecycling.com\/es\/2018\/09\/19\/lo-que-hemos-aprendido-de-la-vuelta\/#primaryimage\",\"url\":\"https:\/\/d2p6e6u75xmxt8.cloudfront.net\/6\/2018\/09\/profimedia-0387055621-1.jpg\",\"contentUrl\":\"https:\/\/d2p6e6u75xmxt8.cloudfront.net\/6\/2018\/09\/profimedia-0387055621-1.jpg\",\"width\":1366,\"height\":600},{\"@type\":\"BreadcrumbList\",\"@id\":\"https:\/\/www.welovecycling.com\/es\/2018\/09\/19\/lo-que-hemos-aprendido-de-la-vuelta\/#breadcrumb\",\"itemListElement\":[{\"@type\":\"ListItem\",\"position\":1,\"name\":\"Home\",\"item\":\"https:\/\/www.welovecycling.com\/es\/\"},{\"@type\":\"ListItem\",\"position\":2,\"name\":\"Lo que hemos aprendido de La Vuelta desde el punto de vista ingl\u00e9s\"}]},{\"@type\":\"WebSite\",\"@id\":\"https:\/\/www.welovecycling.com\/es\/#website\",\"url\":\"https:\/\/www.welovecycling.com\/es\/\",\"name\":\"\u0160koda We Love Cycling - Spain\",\"description\":\"\u0160koda WeLoveCycling Spain\",\"potentialAction\":[{\"@type\":\"SearchAction\",\"target\":{\"@type\":\"EntryPoint\",\"urlTemplate\":\"https:\/\/www.welovecycling.com\/es\/?s={search_term_string}\"},\"query-input\":{\"@type\":\"PropertyValueSpecification\",\"valueRequired\":true,\"valueName\":\"search_term_string\"}}],\"inLanguage\":\"es-ES\"},{\"@type\":\"Person\",\"@id\":\"https:\/\/www.welovecycling.com\/es\/#\/schema\/person\/deb61715b5812698ee79fb96f343ccd4\",\"name\":\"We Love Cycling Spain\",\"image\":{\"@type\":\"ImageObject\",\"inLanguage\":\"es-ES\",\"@id\":\"https:\/\/www.welovecycling.com\/es\/#\/schema\/person\/image\/\",\"url\":\"https:\/\/secure.gravatar.com\/avatar\/c824b04e6df0e37a03219d0b6481672889df542894588964102459e46513159c?s=96&d=mm&r=g\",\"contentUrl\":\"https:\/\/secure.gravatar.com\/avatar\/c824b04e6df0e37a03219d0b6481672889df542894588964102459e46513159c?s=96&d=mm&r=g\",\"caption\":\"We Love Cycling Spain\"},\"url\":\"https:\/\/www.welovecycling.com\/es\/author\/amunoz\/\"}]}<\/script>\n<!-- \/ Yoast SEO Premium plugin. -->","yoast_head_json":{"title":"Lo que hemos aprendido de La Vuelta desde el punto de vista ingl\u00e9s - \u0160koda We Love Cycling - Spain","description":"Lo que hemos aprendido de la Vuelta 2018. Las ense\u00f1anzas que nos deja La Vuelta 2018 para el futuro. Yates y su rivalidad con el Sky.","robots":{"index":"index","follow":"follow","max-snippet":"max-snippet:-1","max-image-preview":"max-image-preview:large","max-video-preview":"max-video-preview:-1"},"canonical":"https:\/\/www.welovecycling.com\/es\/2018\/09\/19\/lo-que-hemos-aprendido-de-la-vuelta\/","og_locale":"es_ES","og_type":"article","og_title":"Lo que hemos aprendido de La Vuelta desde el punto de vista ingl\u00e9s","og_description":"Lo que hemos aprendido de la Vuelta 2018. Las ense\u00f1anzas que nos deja La Vuelta 2018 para el futuro. Yates y su rivalidad con el Sky.","og_url":"https:\/\/www.welovecycling.com\/es\/2018\/09\/19\/lo-que-hemos-aprendido-de-la-vuelta\/","og_site_name":"\u0160koda We Love Cycling - Spain","article_published_time":"2018-09-19T19:08:36+00:00","og_image":[{"width":1366,"height":600,"url":"https:\/\/d2p6e6u75xmxt8.cloudfront.net\/6\/2018\/09\/profimedia-0387055621-1.jpg","type":"image\/jpeg"}],"author":"We Love Cycling Spain","twitter_card":"summary_large_image","twitter_title":"Lo que hemos aprendido de La Vuelta desde el punto de vista ingl\u00e9s","twitter_description":"Lo que hemos aprendido de la Vuelta 2018. Las ense\u00f1anzas que nos deja La Vuelta 2018 para el futuro. Yates y su rivalidad con el Sky.","twitter_misc":{"Written by":"Christopher Ashley","Est. reading time":"5"},"schema":{"@context":"https:\/\/schema.org","@graph":[{"@type":"WebPage","@id":"https:\/\/www.welovecycling.com\/es\/2018\/09\/19\/lo-que-hemos-aprendido-de-la-vuelta\/","url":"https:\/\/www.welovecycling.com\/es\/2018\/09\/19\/lo-que-hemos-aprendido-de-la-vuelta\/","name":"Lo que hemos aprendido de La Vuelta desde el punto de vista ingl\u00e9s - \u0160koda We Love Cycling - Spain","isPartOf":{"@id":"https:\/\/www.welovecycling.com\/es\/#website"},"primaryImageOfPage":{"@id":"https:\/\/www.welovecycling.com\/es\/2018\/09\/19\/lo-que-hemos-aprendido-de-la-vuelta\/#primaryimage"},"image":{"@id":"https:\/\/www.welovecycling.com\/es\/2018\/09\/19\/lo-que-hemos-aprendido-de-la-vuelta\/#primaryimage"},"thumbnailUrl":"https:\/\/d2p6e6u75xmxt8.cloudfront.net\/6\/2018\/09\/profimedia-0387055621-1.jpg","datePublished":"2018-09-19T19:08:36+00:00","author":{"@id":"https:\/\/www.welovecycling.com\/es\/#\/schema\/person\/deb61715b5812698ee79fb96f343ccd4"},"description":"Lo que hemos aprendido de la Vuelta 2018. Las ense\u00f1anzas que nos deja La Vuelta 2018 para el futuro. Yates y su rivalidad con el Sky.","breadcrumb":{"@id":"https:\/\/www.welovecycling.com\/es\/2018\/09\/19\/lo-que-hemos-aprendido-de-la-vuelta\/#breadcrumb"},"inLanguage":"es-ES","potentialAction":[{"@type":"ReadAction","target":["https:\/\/www.welovecycling.com\/es\/2018\/09\/19\/lo-que-hemos-aprendido-de-la-vuelta\/"]}]},{"@type":"ImageObject","inLanguage":"es-ES","@id":"https:\/\/www.welovecycling.com\/es\/2018\/09\/19\/lo-que-hemos-aprendido-de-la-vuelta\/#primaryimage","url":"https:\/\/d2p6e6u75xmxt8.cloudfront.net\/6\/2018\/09\/profimedia-0387055621-1.jpg","contentUrl":"https:\/\/d2p6e6u75xmxt8.cloudfront.net\/6\/2018\/09\/profimedia-0387055621-1.jpg","width":1366,"height":600},{"@type":"BreadcrumbList","@id":"https:\/\/www.welovecycling.com\/es\/2018\/09\/19\/lo-que-hemos-aprendido-de-la-vuelta\/#breadcrumb","itemListElement":[{"@type":"ListItem","position":1,"name":"Home","item":"https:\/\/www.welovecycling.com\/es\/"},{"@type":"ListItem","position":2,"name":"Lo que hemos aprendido de La Vuelta desde el punto de vista ingl\u00e9s"}]},{"@type":"WebSite","@id":"https:\/\/www.welovecycling.com\/es\/#website","url":"https:\/\/www.welovecycling.com\/es\/","name":"\u0160koda We Love Cycling - Spain","description":"\u0160koda WeLoveCycling Spain","potentialAction":[{"@type":"SearchAction","target":{"@type":"EntryPoint","urlTemplate":"https:\/\/www.welovecycling.com\/es\/?s={search_term_string}"},"query-input":{"@type":"PropertyValueSpecification","valueRequired":true,"valueName":"search_term_string"}}],"inLanguage":"es-ES"},{"@type":"Person","@id":"https:\/\/www.welovecycling.com\/es\/#\/schema\/person\/deb61715b5812698ee79fb96f343ccd4","name":"We Love Cycling Spain","image":{"@type":"ImageObject","inLanguage":"es-ES","@id":"https:\/\/www.welovecycling.com\/es\/#\/schema\/person\/image\/","url":"https:\/\/secure.gravatar.com\/avatar\/c824b04e6df0e37a03219d0b6481672889df542894588964102459e46513159c?s=96&d=mm&r=g","contentUrl":"https:\/\/secure.gravatar.com\/avatar\/c824b04e6df0e37a03219d0b6481672889df542894588964102459e46513159c?s=96&d=mm&r=g","caption":"We Love Cycling Spain"},"url":"https:\/\/www.welovecycling.com\/es\/author\/amunoz\/"}]}},"_links":{"self":[{"href":"https:\/\/www.welovecycling.com\/es\/wp-json\/wp\/v2\/posts\/3581","targetHints":{"allow":["GET"]}}],"collection":[{"href":"https:\/\/www.welovecycling.com\/es\/wp-json\/wp\/v2\/posts"}],"about":[{"href":"https:\/\/www.welovecycling.com\/es\/wp-json\/wp\/v2\/types\/post"}],"author":[{"embeddable":true,"href":"https:\/\/www.welovecycling.com\/es\/wp-json\/wp\/v2\/users\/29"}],"replies":[{"embeddable":true,"href":"https:\/\/www.welovecycling.com\/es\/wp-json\/wp\/v2\/comments?post=3581"}],"version-history":[{"count":1,"href":"https:\/\/www.welovecycling.com\/es\/wp-json\/wp\/v2\/posts\/3581\/revisions"}],"predecessor-version":[{"id":3584,"href":"https:\/\/www.welovecycling.com\/es\/wp-json\/wp\/v2\/posts\/3581\/revisions\/3584"}],"wp:featuredmedia":[{"embeddable":true,"href":"https:\/\/www.welovecycling.com\/es\/wp-json\/wp\/v2\/media\/3583"}],"wp:attachment":[{"href":"https:\/\/www.welovecycling.com\/es\/wp-json\/wp\/v2\/media?parent=3581"}],"wp:term":[{"taxonomy":"category","embeddable":true,"href":"https:\/\/www.welovecycling.com\/es\/wp-json\/wp\/v2\/categories?post=3581"},{"taxonomy":"post_tag","embeddable":true,"href":"https:\/\/www.welovecycling.com\/es\/wp-json\/wp\/v2\/tags?post=3581"},{"taxonomy":"global-categories","embeddable":true,"href":"https:\/\/www.welovecycling.com\/es\/wp-json\/wp\/v2\/global-categories?post=3581"}],"curies":[{"name":"wp","href":"https:\/\/api.w.org\/{rel}","templated":true}]}}