{"id":3576,"date":"2018-09-18T18:39:02","date_gmt":"2018-09-18T16:39:02","guid":{"rendered":"https:\/\/www.welovecycling.com\/es\/?p=3576"},"modified":"2018-10-16T10:51:32","modified_gmt":"2018-10-16T08:51:32","slug":"preparacion-psicologica-para-una-cicloturista","status":"publish","type":"post","link":"https:\/\/www.welovecycling.com\/es\/2018\/09\/18\/preparacion-psicologica-para-una-cicloturista\/","title":{"rendered":"Preparaci\u00f3n psicol\u00f3gica para una cicloturista. Como evitar la ansiedad"},"content":{"rendered":"<p><strong>El ciclismo es una gran manera de vencer el estr\u00e9s y mejorar tu estado de \u00e1nimo, pero hay gente que necesita una preparaci\u00f3n psicol\u00f3gica para una cicloturista. \u00bfPor qu\u00e9? \u00bfQu\u00e9 sucede cuando la ansiedad por el rendimiento comienza a quitarle la alegr\u00eda a ir en bici? Todo el mundo se enfrenta a obst\u00e1culos mientras progresa en un deporte, pero el miedo al fracaso o a la verg\u00fcenza no deber\u00eda mantener a nadie alejado de una bicicleta. El comienzo de una larga subida es intimidante incluso para los profesionales, pero aqu\u00ed hay algunos consejos para ayudarle a aprovechar tu adrenalina, superar tus miedos y disfrutar de tu etapa de principio a fin.<\/strong><!--more--><\/p>\n<h2><strong>Prep\u00e1rate para los malos momentos<\/strong><\/h2>\n<p>Es importante tener un mapa mental antes de comenzar la ruta. Aunque puede que te sientas muy bien cuando te pones en camino, la ansiedad puede aparecer en cualquier momento y es dif\u00edcil pensar positivamente una vez que esto sucede. Es una buena idea tener una estrategia lista antes de que las cosas se agraven. Piensa en por qu\u00e9 saliste a montar en primer lugar, lo bien que te sentiste la \u00faltima vez que llegaste a la cima de esa colina, y si est\u00e1s probando algo nuevo &#8211; date un respiro, se necesita valor para aventurarse en lo desconocido.<\/p>\n<p>https:\/\/www.instagram.com\/p\/BnogKhNHe6K\/?taken-by=wlcmagazine<\/p>\n<h2><strong>Ten un plan de acci\u00f3n<\/strong><\/h2>\n<p>Al prepararse para una etapa dura, f\u00edjate metas de acuerdo con el acr\u00f3nimo SMART (en ingl\u00e9s, en castellano seria EMPRT): Espec\u00edficas, medibles, programadas, realistas y en tiempo real. Usar esto para evaluar lo que planeas lograr te ayudar\u00e1 a asegurarte de que tus metas sean realistas y motivadoras. Dicho esto, las cosas surgen y nuestros cuerpos no funcionan de la misma manera todos los d\u00edas. Decide lo que har\u00e1s si empiezas a sentirte exhausto, o si vas en grupo, qu\u00e9 har\u00e1s si pierdes rueda. Una vez que se haya decidido de antemano si vas a dar la vuelta y volver a casa o si vas a terminar la ruta en solitario y esperar ponerse al d\u00eda, o incluso divertirte en tu propia ruta, te ayudar\u00e1 a sentirte m\u00e1s a gusto desde el principio. Tener que tomar una decisi\u00f3n cuando ya est\u00e1s agotado te causar\u00e1 m\u00e1s estr\u00e9s y te dejar\u00e1 frustrado<\/p>\n<h2><strong>Regula tus energ\u00edas<\/strong><\/h2>\n<p>Respirar adecuadamente es la clave para mantenerse relajado y mantener una frecuencia card\u00edaca razonable. Es normal tener algunas mariposas en el est\u00f3mago cuando se embarca en una cicloturista dura, pero es importante mantener la adrenalina bajo control y recordar que a menudo la mente est\u00e1 por encima de la materia. Si tienes problemas para determinar si est\u00e1s relajado o no, intenta tensar deliberadamente los m\u00fasculos y luego soltarlos. Esto te ayuda a sentir que est\u00e1s firmemente en control de su cuerpo..<\/p>\n<p>https:\/\/www.instagram.com\/p\/BnBX7UjggRz\/?taken-by=wlcmagazine<\/p>\n<p>Tener un plan de ritmo a seguir durante la marcha puede parecer obvio, pero es f\u00e1cil meterse en batalla y olvidarlo. Ten en cuenta el n\u00famero de puertos de la cicloturista, pero no pienses en ellas como un gran desaf\u00edo a superar. Divide la etapa en componentes y piense en el esfuerzo requerido y el tiempo de recuperaci\u00f3n en t\u00e9rminos similares, utilizar\u00e1 su energ\u00eda de una manera m\u00e1s econ\u00f3mica si conoces lo que te espera.<\/p>\n<h2><strong>Dale al cuerpo lo que necesita<\/strong><\/h2>\n<p>Recuerda que la comida, la bebida y el descanso son todas formas de alimentar su cuerpo. Lo que comas y bebas antes y durante una marcha tendr\u00e1 un impacto en el rendimiento, as\u00ed que ten cuidado con sus elecciones de nutrici\u00f3n. La m\u00e1s m\u00ednima deshidrataci\u00f3n puede significar la diferencia entre llegar a la cima de un puerto o no, por no hablar de poder disfrutar de la subida. Cuando el cuerpo tiene hambre o sed, entra en modo de p\u00e1nico y cualquier estr\u00e9s existente se exaspera enormemente. Si comienzas a sentir mareos, toma el descanso que necesita. No puedes superar la deshidrataci\u00f3n y podr\u00edas terminar lastim\u00e1ndote si no escuchas a tu cuerpo.<\/p>\n<h2><strong>Mant\u00e9n las cosas en perspectiva<\/strong><\/h2>\n<p>Recuerda que todo el mundo tiene miedo a la hora de montar en bicicleta y que el progreso requiere un entrenamiento tanto f\u00edsico como mental. Aseg\u00farate de que tu cuerpo est\u00e9 bien alimentado, conc\u00e9ntrate en tu respiraci\u00f3n y conf\u00eda en que ahora est\u00e1s armado con algunas estrategias s\u00f3lidas en las que puede confiar si las cosas se ponen intensas. Y lo m\u00e1s importante &#8211; no olvides darte algo de cr\u00e9dito por aventurarte fuera de tu zona de comodidad en primer lugar.<\/p>\n","protected":false},"excerpt":{"rendered":"<p>El ciclismo es una gran manera de vencer el estr\u00e9s y mejorar tu estado de \u00e1nimo, pero hay gente que [&hellip;]<\/p>\n","protected":false},"author":29,"featured_media":3579,"comment_status":"open","ping_status":"open","sticky":false,"template":"","format":"standard","meta":{"footnotes":""},"categories":[7,8,9],"tags":[652,653,651,654],"global-categories":[],"class_list":["post-3576","post","type-post","status-publish","format-standard","has-post-thumbnail","hentry","category-carretera","category-life-style","category-mtb-aventura","tag-ansiedad-en-el-ciclismo","tag-preparacion-psicologica-para-una-cicloturista","tag-psicologia-ciclista","tag-psicologia-deportiva"],"yoast_head":"<!-- This site is optimized with the Yoast SEO Premium plugin v25.3 (Yoast SEO v25.9) - https:\/\/yoast.com\/wordpress\/plugins\/seo\/ -->\n<title>Preparaci\u00f3n psicol\u00f3gica para una cicloturista. Como evitar la ansiedad - \u0160koda We Love Cycling - Spain<\/title>\n<meta name=\"description\" content=\"Preparaci\u00f3n psicol\u00f3gica para una cicloturista. Como evitar la ansiedad antes de una marcha cicloturista dura y como regularla si aparece.\" \/>\n<meta name=\"robots\" content=\"index, follow, max-snippet:-1, max-image-preview:large, max-video-preview:-1\" \/>\n<link rel=\"canonical\" href=\"https:\/\/www.welovecycling.com\/es\/2018\/09\/18\/preparacion-psicologica-para-una-cicloturista\/\" \/>\n<meta property=\"og:locale\" content=\"es_ES\" \/>\n<meta property=\"og:type\" content=\"article\" \/>\n<meta property=\"og:title\" content=\"Preparaci\u00f3n psicol\u00f3gica para una cicloturista. Como evitar la ansiedad\" \/>\n<meta property=\"og:description\" content=\"Preparaci\u00f3n psicol\u00f3gica para una cicloturista. Como evitar la ansiedad antes de una marcha cicloturista dura y como regularla si aparece.\" \/>\n<meta property=\"og:url\" content=\"https:\/\/www.welovecycling.com\/es\/2018\/09\/18\/preparacion-psicologica-para-una-cicloturista\/\" \/>\n<meta property=\"og:site_name\" content=\"\u0160koda We Love Cycling - Spain\" \/>\n<meta property=\"article:published_time\" content=\"2018-09-18T16:39:02+00:00\" \/>\n<meta property=\"article:modified_time\" content=\"2018-10-16T08:51:32+00:00\" \/>\n<meta property=\"og:image\" content=\"https:\/\/d2p6e6u75xmxt8.cloudfront.net\/6\/2018\/09\/profimedia-0386530983-1.jpg\" \/>\n\t<meta property=\"og:image:width\" content=\"1366\" \/>\n\t<meta property=\"og:image:height\" content=\"600\" \/>\n\t<meta property=\"og:image:type\" content=\"image\/jpeg\" \/>\n<meta name=\"author\" content=\"We Love Cycling Spain\" \/>\n<meta name=\"twitter:card\" content=\"summary_large_image\" \/>\n<meta name=\"twitter:title\" content=\"Preparaci\u00f3n psicol\u00f3gica para una cicloturista. Como evitar la ansiedad\" \/>\n<meta name=\"twitter:description\" content=\"Preparaci\u00f3n psicol\u00f3gica para una cicloturista. Como evitar la ansiedad antes de una marcha cicloturista dura y como regularla si aparece.\" \/>\n<meta name=\"twitter:label1\" content=\"Written by\" \/>\n\t<meta name=\"twitter:data1\" content=\"Megan Flottorp\" \/>\n\t<meta name=\"twitter:label2\" content=\"Est. reading time\" \/>\n\t<meta name=\"twitter:data2\" content=\"5\" \/>\n<script type=\"application\/ld+json\" class=\"yoast-schema-graph\">{\"@context\":\"https:\/\/schema.org\",\"@graph\":[{\"@type\":\"WebPage\",\"@id\":\"https:\/\/www.welovecycling.com\/es\/2018\/09\/18\/preparacion-psicologica-para-una-cicloturista\/\",\"url\":\"https:\/\/www.welovecycling.com\/es\/2018\/09\/18\/preparacion-psicologica-para-una-cicloturista\/\",\"name\":\"Preparaci\u00f3n psicol\u00f3gica para una cicloturista. Como evitar la ansiedad - \u0160koda We Love Cycling - Spain\",\"isPartOf\":{\"@id\":\"https:\/\/www.welovecycling.com\/es\/#website\"},\"primaryImageOfPage\":{\"@id\":\"https:\/\/www.welovecycling.com\/es\/2018\/09\/18\/preparacion-psicologica-para-una-cicloturista\/#primaryimage\"},\"image\":{\"@id\":\"https:\/\/www.welovecycling.com\/es\/2018\/09\/18\/preparacion-psicologica-para-una-cicloturista\/#primaryimage\"},\"thumbnailUrl\":\"https:\/\/d2p6e6u75xmxt8.cloudfront.net\/6\/2018\/09\/profimedia-0386530983-1.jpg\",\"datePublished\":\"2018-09-18T16:39:02+00:00\",\"dateModified\":\"2018-10-16T08:51:32+00:00\",\"author\":{\"@id\":\"https:\/\/www.welovecycling.com\/es\/#\/schema\/person\/deb61715b5812698ee79fb96f343ccd4\"},\"description\":\"Preparaci\u00f3n psicol\u00f3gica para una cicloturista. Como evitar la ansiedad antes de una marcha cicloturista dura y como regularla si aparece.\",\"breadcrumb\":{\"@id\":\"https:\/\/www.welovecycling.com\/es\/2018\/09\/18\/preparacion-psicologica-para-una-cicloturista\/#breadcrumb\"},\"inLanguage\":\"es-ES\",\"potentialAction\":[{\"@type\":\"ReadAction\",\"target\":[\"https:\/\/www.welovecycling.com\/es\/2018\/09\/18\/preparacion-psicologica-para-una-cicloturista\/\"]}]},{\"@type\":\"ImageObject\",\"inLanguage\":\"es-ES\",\"@id\":\"https:\/\/www.welovecycling.com\/es\/2018\/09\/18\/preparacion-psicologica-para-una-cicloturista\/#primaryimage\",\"url\":\"https:\/\/d2p6e6u75xmxt8.cloudfront.net\/6\/2018\/09\/profimedia-0386530983-1.jpg\",\"contentUrl\":\"https:\/\/d2p6e6u75xmxt8.cloudfront.net\/6\/2018\/09\/profimedia-0386530983-1.jpg\",\"width\":1366,\"height\":600},{\"@type\":\"BreadcrumbList\",\"@id\":\"https:\/\/www.welovecycling.com\/es\/2018\/09\/18\/preparacion-psicologica-para-una-cicloturista\/#breadcrumb\",\"itemListElement\":[{\"@type\":\"ListItem\",\"position\":1,\"name\":\"Home\",\"item\":\"https:\/\/www.welovecycling.com\/es\/\"},{\"@type\":\"ListItem\",\"position\":2,\"name\":\"Preparaci\u00f3n psicol\u00f3gica para una cicloturista. Como evitar la ansiedad\"}]},{\"@type\":\"WebSite\",\"@id\":\"https:\/\/www.welovecycling.com\/es\/#website\",\"url\":\"https:\/\/www.welovecycling.com\/es\/\",\"name\":\"\u0160koda We Love Cycling - Spain\",\"description\":\"\u0160koda WeLoveCycling Spain\",\"potentialAction\":[{\"@type\":\"SearchAction\",\"target\":{\"@type\":\"EntryPoint\",\"urlTemplate\":\"https:\/\/www.welovecycling.com\/es\/?s={search_term_string}\"},\"query-input\":{\"@type\":\"PropertyValueSpecification\",\"valueRequired\":true,\"valueName\":\"search_term_string\"}}],\"inLanguage\":\"es-ES\"},{\"@type\":\"Person\",\"@id\":\"https:\/\/www.welovecycling.com\/es\/#\/schema\/person\/deb61715b5812698ee79fb96f343ccd4\",\"name\":\"We Love Cycling Spain\",\"image\":{\"@type\":\"ImageObject\",\"inLanguage\":\"es-ES\",\"@id\":\"https:\/\/www.welovecycling.com\/es\/#\/schema\/person\/image\/\",\"url\":\"https:\/\/secure.gravatar.com\/avatar\/c824b04e6df0e37a03219d0b6481672889df542894588964102459e46513159c?s=96&d=mm&r=g\",\"contentUrl\":\"https:\/\/secure.gravatar.com\/avatar\/c824b04e6df0e37a03219d0b6481672889df542894588964102459e46513159c?s=96&d=mm&r=g\",\"caption\":\"We Love Cycling Spain\"},\"url\":\"https:\/\/www.welovecycling.com\/es\/author\/amunoz\/\"}]}<\/script>\n<!-- \/ Yoast SEO Premium plugin. -->","yoast_head_json":{"title":"Preparaci\u00f3n psicol\u00f3gica para una cicloturista. Como evitar la ansiedad - \u0160koda We Love Cycling - Spain","description":"Preparaci\u00f3n psicol\u00f3gica para una cicloturista. Como evitar la ansiedad antes de una marcha cicloturista dura y como regularla si aparece.","robots":{"index":"index","follow":"follow","max-snippet":"max-snippet:-1","max-image-preview":"max-image-preview:large","max-video-preview":"max-video-preview:-1"},"canonical":"https:\/\/www.welovecycling.com\/es\/2018\/09\/18\/preparacion-psicologica-para-una-cicloturista\/","og_locale":"es_ES","og_type":"article","og_title":"Preparaci\u00f3n psicol\u00f3gica para una cicloturista. Como evitar la ansiedad","og_description":"Preparaci\u00f3n psicol\u00f3gica para una cicloturista. Como evitar la ansiedad antes de una marcha cicloturista dura y como regularla si aparece.","og_url":"https:\/\/www.welovecycling.com\/es\/2018\/09\/18\/preparacion-psicologica-para-una-cicloturista\/","og_site_name":"\u0160koda We Love Cycling - Spain","article_published_time":"2018-09-18T16:39:02+00:00","article_modified_time":"2018-10-16T08:51:32+00:00","og_image":[{"width":1366,"height":600,"url":"https:\/\/d2p6e6u75xmxt8.cloudfront.net\/6\/2018\/09\/profimedia-0386530983-1.jpg","type":"image\/jpeg"}],"author":"We Love Cycling Spain","twitter_card":"summary_large_image","twitter_title":"Preparaci\u00f3n psicol\u00f3gica para una cicloturista. Como evitar la ansiedad","twitter_description":"Preparaci\u00f3n psicol\u00f3gica para una cicloturista. Como evitar la ansiedad antes de una marcha cicloturista dura y como regularla si aparece.","twitter_misc":{"Written by":"Megan Flottorp","Est. reading time":"5"},"schema":{"@context":"https:\/\/schema.org","@graph":[{"@type":"WebPage","@id":"https:\/\/www.welovecycling.com\/es\/2018\/09\/18\/preparacion-psicologica-para-una-cicloturista\/","url":"https:\/\/www.welovecycling.com\/es\/2018\/09\/18\/preparacion-psicologica-para-una-cicloturista\/","name":"Preparaci\u00f3n psicol\u00f3gica para una cicloturista. Como evitar la ansiedad - \u0160koda We Love Cycling - Spain","isPartOf":{"@id":"https:\/\/www.welovecycling.com\/es\/#website"},"primaryImageOfPage":{"@id":"https:\/\/www.welovecycling.com\/es\/2018\/09\/18\/preparacion-psicologica-para-una-cicloturista\/#primaryimage"},"image":{"@id":"https:\/\/www.welovecycling.com\/es\/2018\/09\/18\/preparacion-psicologica-para-una-cicloturista\/#primaryimage"},"thumbnailUrl":"https:\/\/d2p6e6u75xmxt8.cloudfront.net\/6\/2018\/09\/profimedia-0386530983-1.jpg","datePublished":"2018-09-18T16:39:02+00:00","dateModified":"2018-10-16T08:51:32+00:00","author":{"@id":"https:\/\/www.welovecycling.com\/es\/#\/schema\/person\/deb61715b5812698ee79fb96f343ccd4"},"description":"Preparaci\u00f3n psicol\u00f3gica para una cicloturista. Como evitar la ansiedad antes de una marcha cicloturista dura y como regularla si aparece.","breadcrumb":{"@id":"https:\/\/www.welovecycling.com\/es\/2018\/09\/18\/preparacion-psicologica-para-una-cicloturista\/#breadcrumb"},"inLanguage":"es-ES","potentialAction":[{"@type":"ReadAction","target":["https:\/\/www.welovecycling.com\/es\/2018\/09\/18\/preparacion-psicologica-para-una-cicloturista\/"]}]},{"@type":"ImageObject","inLanguage":"es-ES","@id":"https:\/\/www.welovecycling.com\/es\/2018\/09\/18\/preparacion-psicologica-para-una-cicloturista\/#primaryimage","url":"https:\/\/d2p6e6u75xmxt8.cloudfront.net\/6\/2018\/09\/profimedia-0386530983-1.jpg","contentUrl":"https:\/\/d2p6e6u75xmxt8.cloudfront.net\/6\/2018\/09\/profimedia-0386530983-1.jpg","width":1366,"height":600},{"@type":"BreadcrumbList","@id":"https:\/\/www.welovecycling.com\/es\/2018\/09\/18\/preparacion-psicologica-para-una-cicloturista\/#breadcrumb","itemListElement":[{"@type":"ListItem","position":1,"name":"Home","item":"https:\/\/www.welovecycling.com\/es\/"},{"@type":"ListItem","position":2,"name":"Preparaci\u00f3n psicol\u00f3gica para una cicloturista. Como evitar la ansiedad"}]},{"@type":"WebSite","@id":"https:\/\/www.welovecycling.com\/es\/#website","url":"https:\/\/www.welovecycling.com\/es\/","name":"\u0160koda We Love Cycling - Spain","description":"\u0160koda WeLoveCycling Spain","potentialAction":[{"@type":"SearchAction","target":{"@type":"EntryPoint","urlTemplate":"https:\/\/www.welovecycling.com\/es\/?s={search_term_string}"},"query-input":{"@type":"PropertyValueSpecification","valueRequired":true,"valueName":"search_term_string"}}],"inLanguage":"es-ES"},{"@type":"Person","@id":"https:\/\/www.welovecycling.com\/es\/#\/schema\/person\/deb61715b5812698ee79fb96f343ccd4","name":"We Love Cycling Spain","image":{"@type":"ImageObject","inLanguage":"es-ES","@id":"https:\/\/www.welovecycling.com\/es\/#\/schema\/person\/image\/","url":"https:\/\/secure.gravatar.com\/avatar\/c824b04e6df0e37a03219d0b6481672889df542894588964102459e46513159c?s=96&d=mm&r=g","contentUrl":"https:\/\/secure.gravatar.com\/avatar\/c824b04e6df0e37a03219d0b6481672889df542894588964102459e46513159c?s=96&d=mm&r=g","caption":"We Love Cycling Spain"},"url":"https:\/\/www.welovecycling.com\/es\/author\/amunoz\/"}]}},"_links":{"self":[{"href":"https:\/\/www.welovecycling.com\/es\/wp-json\/wp\/v2\/posts\/3576","targetHints":{"allow":["GET"]}}],"collection":[{"href":"https:\/\/www.welovecycling.com\/es\/wp-json\/wp\/v2\/posts"}],"about":[{"href":"https:\/\/www.welovecycling.com\/es\/wp-json\/wp\/v2\/types\/post"}],"author":[{"embeddable":true,"href":"https:\/\/www.welovecycling.com\/es\/wp-json\/wp\/v2\/users\/29"}],"replies":[{"embeddable":true,"href":"https:\/\/www.welovecycling.com\/es\/wp-json\/wp\/v2\/comments?post=3576"}],"version-history":[{"count":2,"href":"https:\/\/www.welovecycling.com\/es\/wp-json\/wp\/v2\/posts\/3576\/revisions"}],"predecessor-version":[{"id":3663,"href":"https:\/\/www.welovecycling.com\/es\/wp-json\/wp\/v2\/posts\/3576\/revisions\/3663"}],"wp:featuredmedia":[{"embeddable":true,"href":"https:\/\/www.welovecycling.com\/es\/wp-json\/wp\/v2\/media\/3579"}],"wp:attachment":[{"href":"https:\/\/www.welovecycling.com\/es\/wp-json\/wp\/v2\/media?parent=3576"}],"wp:term":[{"taxonomy":"category","embeddable":true,"href":"https:\/\/www.welovecycling.com\/es\/wp-json\/wp\/v2\/categories?post=3576"},{"taxonomy":"post_tag","embeddable":true,"href":"https:\/\/www.welovecycling.com\/es\/wp-json\/wp\/v2\/tags?post=3576"},{"taxonomy":"global-categories","embeddable":true,"href":"https:\/\/www.welovecycling.com\/es\/wp-json\/wp\/v2\/global-categories?post=3576"}],"curies":[{"name":"wp","href":"https:\/\/api.w.org\/{rel}","templated":true}]}}