{"id":3551,"date":"2018-09-17T18:02:10","date_gmt":"2018-09-17T16:02:10","guid":{"rendered":"https:\/\/www.welovecycling.com\/es\/?p=3551"},"modified":"2018-10-16T11:07:54","modified_gmt":"2018-10-16T09:07:54","slug":"el-dia-de-relax-de-la-vuelta-2018-ultima-etapa-en-madrid","status":"publish","type":"post","link":"https:\/\/www.welovecycling.com\/es\/2018\/09\/17\/el-dia-de-relax-de-la-vuelta-2018-ultima-etapa-en-madrid\/","title":{"rendered":"El d\u00eda de &#8216;relax&#8217; de La Vuelta 2018. \u00daltima etapa en Madrid"},"content":{"rendered":"<p><strong>Cuando se pasa la pen\u00faltima l\u00ednea de meta de una Vuelta se liberan muchas tensiones. Todas si no has programado la organizaci\u00f3n una contrarreloj para el \u00faltimo d\u00eda. En La Gallina andorrana la adrenalina baj\u00f3 a los niveles normales. El pelot\u00f3n se relaj\u00f3 y para la \u00faltima etapa, con salida en Alcorc\u00f3n y meta en La Cibeles de Madrid casi todo era distinto. Relax, sonrisas y ganas de fiesta<\/strong><strong>.<\/strong><!--more--><\/p>\n<p>Este a\u00f1o en la etapa de Madrid le tocaba &#8216;pringar&#8217; a una parte muy reducida del pelot\u00f3n. Con la general decidida y sin segundos de bonificaci\u00f3n de por medio todo era cosa\u00a0 de los equipos de los sprinters, <strong>Quick Step, Bora, Trek y Bahrein M\u00e9rida<\/strong>, y los que tuvieran ganas de meterse en la fuga. Para el resto, sonrisas y a superar una gran vuelta por etapas que ha acabado haci\u00e9ndose m\u00e1s dura de lo que parec\u00eda.<\/p>\n<p>Madrid es la liberaci\u00f3n de tensiones. No solo de las tres semanas de competici\u00f3n, sino de los meses anteriores que requieren preparaci\u00f3n y dedicaci\u00f3n exclusiva. Para <strong>algunos la meta de Madrid supone casi el final de temporada<\/strong>. Para otros queda todav\u00eda el Mundial y alguna cl\u00e1sica (Lombardia y Par\u00eds Tours) pero el gran trabajo ya est\u00e1 hecho.<\/p>\n<p><a href=\"https:\/\/d2p6e6u75xmxt8.cloudfront.net\/6\/2018\/09\/la-vuelta-2018-13.JPG.jpg\"><img loading=\"lazy\" decoding=\"async\" class=\"aligncenter size-large wp-image-3553\" src=\"https:\/\/d2p6e6u75xmxt8.cloudfront.net\/6\/2018\/09\/la-vuelta-2018-13.JPG-1024x704.jpg\" alt=\"\" width=\"1024\" height=\"704\" srcset=\"https:\/\/d2p6e6u75xmxt8.cloudfront.net\/6\/2018\/09\/la-vuelta-2018-13.JPG.jpg 1024w, https:\/\/d2p6e6u75xmxt8.cloudfront.net\/6\/2018\/09\/la-vuelta-2018-13.JPG-300x206.jpg 300w, https:\/\/d2p6e6u75xmxt8.cloudfront.net\/6\/2018\/09\/la-vuelta-2018-13.JPG-768x528.jpg 768w\" sizes=\"auto, (max-width: 1024px) 100vw, 1024px\" \/><\/a><\/p>\n<p>En la salida de Alcorc\u00f3n caras m\u00e1s relajadas que nunca, sonrisas y estrenos. El C<strong>annondale lanz\u00f3 su modelo System Aero con freno de disco,<\/strong> el Mitchelton Scott visti\u00f3 de rojo el autob\u00fas, las bicis y equipaciones de los compa\u00f1eros de Simon Yates. Hab\u00eda tiempo para pasar por el Village Depart despu\u00e9s del control de firmas. De tomarse un caf\u00e9 Segafredo y charlar con los compa\u00f1eros de pelot\u00f3n. De firmar todos los aut\u00f3grafos del mundo y hacerse selfies con quien lo pidiese. De reconocer que hay puertos en Andorra que no van a volver a subir a no ser que sea en competici\u00f3n.<\/p>\n<p>Los primeros kil\u00f3metros hasta llegar a Madrid son los del champagne y el relax. La primera vuelta por la Castellana la del homenaje al equipo del l\u00edder y a <strong>Igor Ant\u00f3n, que colgaba la bici<\/strong> despu\u00e9s de m\u00e1s de una d\u00e9cada de profesional. Despu\u00e9s a volar a m\u00e1s de 60 por hora, como si les entrasen las primeras por terminar la fiesta. La escapada que sabe que tiene pocas opciones para llegar, el intento a \u00faltima hora de Iv\u00e1n Garc\u00eda Cortina (que ya en la salida nos lo hab\u00eda avisado) y el sprint m\u00e1s ancho de toda La Vuelta que confirm\u00f3 a <strong>Viviani como el dominador de la velocidad de esta edici\u00f3n y dej\u00f3 a Peter Sagan en blanco.<\/strong><\/p>\n<p><a href=\"https:\/\/d2p6e6u75xmxt8.cloudfront.net\/6\/2018\/09\/la-vuelta-2018-36.JPG.jpg\"><img loading=\"lazy\" decoding=\"async\" class=\"aligncenter size-large wp-image-3554\" src=\"https:\/\/d2p6e6u75xmxt8.cloudfront.net\/6\/2018\/09\/la-vuelta-2018-36.JPG-1024x678.jpg\" alt=\"\" width=\"1024\" height=\"678\" srcset=\"https:\/\/d2p6e6u75xmxt8.cloudfront.net\/6\/2018\/09\/la-vuelta-2018-36.JPG.jpg 1024w, https:\/\/d2p6e6u75xmxt8.cloudfront.net\/6\/2018\/09\/la-vuelta-2018-36.JPG-300x199.jpg 300w, https:\/\/d2p6e6u75xmxt8.cloudfront.net\/6\/2018\/09\/la-vuelta-2018-36.JPG-768x509.jpg 768w\" sizes=\"auto, (max-width: 1024px) 100vw, 1024px\" \/><\/a><\/p>\n<p>Precisamente el eslovaco ha sido una de las grandes atracciones de esta Vuelta. No le ha hecho falta ganar ninguna etapa para ser el m\u00e1s reclamado por los fans en la zona de autobuses. Sale a una media de un centenar de selfies por etapa y es raro que se niegue a ninguno. El a<strong>plaus\u00f3metro de Madrid eligi\u00f3 a Valverde<\/strong> como el fan de la afici\u00f3n espa\u00f1ola, en reconocimiento por sus a\u00f1os de ciclismo, y a Nairo Quintana como el elegido de los colombianos, pese al podio de Miguel \u00c1ngel L\u00f3pez. Incluso ya hab\u00eda quien reconoc\u00eda a Enric M\u00e1s, que empez\u00f3 La Vuelta casi como un an\u00f3nimo del pelot\u00f3n para el p\u00fablico generalista y la acaba convertido en la esperanza del ciclismo espa\u00f1ol.<\/p>\n<p>La meta de Madrid tambi\u00e9n es punto de encuentro. Puedes ver a <strong>Iv\u00e1n Basso con Alberto Contador, a Vicente Belda charlar con Eusebio Unzue, a Virenque entrevistar a Pinot, a Flecha preguntar a Valverde y<\/strong> a casi todos los ex ciclistas que viven en Madrid y a algunos agentes empezar a negociar el futuro de sus ciclistas con otros equipos.<\/p>\n<p><a href=\"https:\/\/d2p6e6u75xmxt8.cloudfront.net\/6\/2018\/09\/la-vuelta-2018-61.JPG.jpg\"><img loading=\"lazy\" decoding=\"async\" class=\"aligncenter size-large wp-image-3555\" src=\"https:\/\/d2p6e6u75xmxt8.cloudfront.net\/6\/2018\/09\/la-vuelta-2018-61.JPG-1024x742.jpg\" alt=\"\" width=\"1024\" height=\"742\" srcset=\"https:\/\/d2p6e6u75xmxt8.cloudfront.net\/6\/2018\/09\/la-vuelta-2018-61.JPG.jpg 1024w, https:\/\/d2p6e6u75xmxt8.cloudfront.net\/6\/2018\/09\/la-vuelta-2018-61.JPG-300x217.jpg 300w, https:\/\/d2p6e6u75xmxt8.cloudfront.net\/6\/2018\/09\/la-vuelta-2018-61.JPG-768x557.jpg 768w\" sizes=\"auto, (max-width: 1024px) 100vw, 1024px\" \/><\/a><\/p>\n<p>Tambi\u00e9n es el de la celebraci\u00f3n. La del <strong>Euskadi Murias Taldea<\/strong>, que acaba su primera grande con el equipo completo y una victoria so\u00f1ada. La de <strong>Simon Yates,<\/strong> que comienza a sonreir vestido de rojo (pocas veces se le ve\u00eda as\u00ed en la zona\u00a0 mixta). La de <strong>Valverde, que bate el r\u00e9cord de la regularidad en la Vuelta de Jalabert y Kelly<\/strong>. La de Miguel \u00c1ngel L\u00f3pez que se sube a su segundo podio esta temporada. La de Thomas DeGendt, que subi\u00f3 al podio por su insistencia en vivir en fuga o de la <strong>Bauke Mollema<\/strong>, que tir\u00f3 tantas veces al palo que se acab\u00f3 llevando el premio al m\u00e1s combativo. Las de <strong>Nibali y Porte<\/strong>, que empezaron La Vuelta con dudas sobre su estado f\u00edsico y han acabado llegando a Madrid.<\/p>\n<p>Y la de las reflexiones. Sobre todo la de Nairo Quintana, capaz de reconocer que pese a poner todo su empe\u00f1o no estuvo bien y que volver\u00e1 al Tour, aunque todav\u00eda no sabe con qui\u00e9n.\u00a0 La de Valverde, que en la derrota agradeci\u00f3 el apoyo del p\u00fablico. La de <strong>Enric M\u00e1s<\/strong>, que no se cansa de repetir que \u00e9l no es Alberto Contador y que trabajar\u00e1 para Valverde en el Mundial. La de Yates, que todav\u00eda no se cre\u00eda que estaba vestido de rojo.<\/p>\n<p><a href=\"https:\/\/d2p6e6u75xmxt8.cloudfront.net\/6\/2018\/09\/la-vuelta-2018-63.JPG.jpg\"><img loading=\"lazy\" decoding=\"async\" class=\"aligncenter size-large wp-image-3556\" src=\"https:\/\/d2p6e6u75xmxt8.cloudfront.net\/6\/2018\/09\/la-vuelta-2018-63.JPG-1024x662.jpg\" alt=\"\" width=\"1024\" height=\"662\" srcset=\"https:\/\/d2p6e6u75xmxt8.cloudfront.net\/6\/2018\/09\/la-vuelta-2018-63.JPG.jpg 1024w, https:\/\/d2p6e6u75xmxt8.cloudfront.net\/6\/2018\/09\/la-vuelta-2018-63.JPG-300x194.jpg 300w, https:\/\/d2p6e6u75xmxt8.cloudfront.net\/6\/2018\/09\/la-vuelta-2018-63.JPG-768x497.jpg 768w\" sizes=\"auto, (max-width: 1024px) 100vw, 1024px\" \/><\/a><\/p>\n<p>Y despu\u00e9s de la ducha, la de la fiesta, la de poder comer cuanto quieras, la de relajar y celebrar que han acabado una batalla de tres semanas.<\/p>\n<p><strong>LAS IM\u00c1GENES DE LA \u00daLTIMA ETAPA DE LA VUELTA<\/p>\n<p><a href=\"https:\/\/d2p6e6u75xmxt8.cloudfront.net\/6\/2018\/09\/la-vuelta-2018-2.JPG.jpg\"><img loading=\"lazy\" decoding=\"async\" class=\"aligncenter size-large wp-image-3557\" src=\"https:\/\/d2p6e6u75xmxt8.cloudfront.net\/6\/2018\/09\/la-vuelta-2018-2.JPG-1024x589.jpg\" alt=\"\" width=\"1024\" height=\"589\" srcset=\"https:\/\/d2p6e6u75xmxt8.cloudfront.net\/6\/2018\/09\/la-vuelta-2018-2.JPG.jpg 1024w, https:\/\/d2p6e6u75xmxt8.cloudfront.net\/6\/2018\/09\/la-vuelta-2018-2.JPG-300x173.jpg 300w, https:\/\/d2p6e6u75xmxt8.cloudfront.net\/6\/2018\/09\/la-vuelta-2018-2.JPG-768x442.jpg 768w\" sizes=\"auto, (max-width: 1024px) 100vw, 1024px\" \/><\/a> <a href=\"https:\/\/d2p6e6u75xmxt8.cloudfront.net\/6\/2018\/09\/la-vuelta-2018-3.JPG.jpg\"><img loading=\"lazy\" decoding=\"async\" class=\"aligncenter size-large wp-image-3558\" src=\"https:\/\/d2p6e6u75xmxt8.cloudfront.net\/6\/2018\/09\/la-vuelta-2018-3.JPG-1024x678.jpg\" alt=\"\" width=\"1024\" height=\"678\" srcset=\"https:\/\/d2p6e6u75xmxt8.cloudfront.net\/6\/2018\/09\/la-vuelta-2018-3.JPG.jpg 1024w, https:\/\/d2p6e6u75xmxt8.cloudfront.net\/6\/2018\/09\/la-vuelta-2018-3.JPG-300x199.jpg 300w, https:\/\/d2p6e6u75xmxt8.cloudfront.net\/6\/2018\/09\/la-vuelta-2018-3.JPG-768x509.jpg 768w\" sizes=\"auto, (max-width: 1024px) 100vw, 1024px\" \/><\/a> <a href=\"https:\/\/d2p6e6u75xmxt8.cloudfront.net\/6\/2018\/09\/la-vuelta-2018-24.JPG.jpg\"><img loading=\"lazy\" decoding=\"async\" class=\"aligncenter size-large wp-image-3559\" src=\"https:\/\/d2p6e6u75xmxt8.cloudfront.net\/6\/2018\/09\/la-vuelta-2018-24.JPG-1024x678.jpg\" alt=\"\" width=\"1024\" height=\"678\" srcset=\"https:\/\/d2p6e6u75xmxt8.cloudfront.net\/6\/2018\/09\/la-vuelta-2018-24.JPG.jpg 1024w, https:\/\/d2p6e6u75xmxt8.cloudfront.net\/6\/2018\/09\/la-vuelta-2018-24.JPG-300x199.jpg 300w, https:\/\/d2p6e6u75xmxt8.cloudfront.net\/6\/2018\/09\/la-vuelta-2018-24.JPG-768x509.jpg 768w\" sizes=\"auto, (max-width: 1024px) 100vw, 1024px\" \/><\/a> <a href=\"https:\/\/d2p6e6u75xmxt8.cloudfront.net\/6\/2018\/09\/la-vuelta-2018-45.JPG.jpg\"><img loading=\"lazy\" decoding=\"async\" class=\"aligncenter size-large wp-image-3560\" src=\"https:\/\/d2p6e6u75xmxt8.cloudfront.net\/6\/2018\/09\/la-vuelta-2018-45.JPG-1024x678.jpg\" alt=\"\" width=\"1024\" height=\"678\" srcset=\"https:\/\/d2p6e6u75xmxt8.cloudfront.net\/6\/2018\/09\/la-vuelta-2018-45.JPG.jpg 1024w, https:\/\/d2p6e6u75xmxt8.cloudfront.net\/6\/2018\/09\/la-vuelta-2018-45.JPG-300x199.jpg 300w, https:\/\/d2p6e6u75xmxt8.cloudfront.net\/6\/2018\/09\/la-vuelta-2018-45.JPG-768x509.jpg 768w\" sizes=\"auto, (max-width: 1024px) 100vw, 1024px\" \/><\/a> <a href=\"https:\/\/d2p6e6u75xmxt8.cloudfront.net\/6\/2018\/09\/la-vuelta-2018-51.JPG.jpg\"><img loading=\"lazy\" decoding=\"async\" class=\"aligncenter size-large wp-image-3561\" src=\"https:\/\/d2p6e6u75xmxt8.cloudfront.net\/6\/2018\/09\/la-vuelta-2018-51.JPG-1024x665.jpg\" alt=\"\" width=\"1024\" height=\"665\" srcset=\"https:\/\/d2p6e6u75xmxt8.cloudfront.net\/6\/2018\/09\/la-vuelta-2018-51.JPG.jpg 1024w, https:\/\/d2p6e6u75xmxt8.cloudfront.net\/6\/2018\/09\/la-vuelta-2018-51.JPG-300x195.jpg 300w, https:\/\/d2p6e6u75xmxt8.cloudfront.net\/6\/2018\/09\/la-vuelta-2018-51.JPG-768x499.jpg 768w\" sizes=\"auto, (max-width: 1024px) 100vw, 1024px\" \/><\/a> <a href=\"https:\/\/d2p6e6u75xmxt8.cloudfront.net\/6\/2018\/09\/la-vuelta-2018-52.JPG.jpg\"><img loading=\"lazy\" decoding=\"async\" class=\"aligncenter size-large wp-image-3562\" src=\"https:\/\/d2p6e6u75xmxt8.cloudfront.net\/6\/2018\/09\/la-vuelta-2018-52.JPG-1024x678.jpg\" alt=\"\" width=\"1024\" height=\"678\" srcset=\"https:\/\/d2p6e6u75xmxt8.cloudfront.net\/6\/2018\/09\/la-vuelta-2018-52.JPG.jpg 1024w, https:\/\/d2p6e6u75xmxt8.cloudfront.net\/6\/2018\/09\/la-vuelta-2018-52.JPG-300x199.jpg 300w, https:\/\/d2p6e6u75xmxt8.cloudfront.net\/6\/2018\/09\/la-vuelta-2018-52.JPG-768x509.jpg 768w\" sizes=\"auto, (max-width: 1024px) 100vw, 1024px\" \/><\/a> <a href=\"https:\/\/d2p6e6u75xmxt8.cloudfront.net\/6\/2018\/09\/la-vuelta-2018-53.JPG.jpg\"><img loading=\"lazy\" decoding=\"async\" class=\"aligncenter size-large wp-image-3563\" src=\"https:\/\/d2p6e6u75xmxt8.cloudfront.net\/6\/2018\/09\/la-vuelta-2018-53.JPG-1024x678.jpg\" alt=\"\" width=\"1024\" height=\"678\" srcset=\"https:\/\/d2p6e6u75xmxt8.cloudfront.net\/6\/2018\/09\/la-vuelta-2018-53.JPG.jpg 1024w, https:\/\/d2p6e6u75xmxt8.cloudfront.net\/6\/2018\/09\/la-vuelta-2018-53.JPG-300x199.jpg 300w, https:\/\/d2p6e6u75xmxt8.cloudfront.net\/6\/2018\/09\/la-vuelta-2018-53.JPG-768x509.jpg 768w\" sizes=\"auto, (max-width: 1024px) 100vw, 1024px\" \/><\/a> <a href=\"https:\/\/d2p6e6u75xmxt8.cloudfront.net\/6\/2018\/09\/la-vuelta-2018-54.JPG-1.jpg\"><img loading=\"lazy\" decoding=\"async\" class=\"aligncenter size-large wp-image-3564\" src=\"https:\/\/d2p6e6u75xmxt8.cloudfront.net\/6\/2018\/09\/la-vuelta-2018-54.JPG-1.jpg\" alt=\"\" width=\"1005\" height=\"800\" srcset=\"https:\/\/d2p6e6u75xmxt8.cloudfront.net\/6\/2018\/09\/la-vuelta-2018-54.JPG-1.jpg 1005w, https:\/\/d2p6e6u75xmxt8.cloudfront.net\/6\/2018\/09\/la-vuelta-2018-54.JPG-1-300x239.jpg 300w, https:\/\/d2p6e6u75xmxt8.cloudfront.net\/6\/2018\/09\/la-vuelta-2018-54.JPG-1-768x611.jpg 768w\" sizes=\"auto, (max-width: 1005px) 100vw, 1005px\" \/><\/a> <a href=\"https:\/\/d2p6e6u75xmxt8.cloudfront.net\/6\/2018\/09\/la-vuelta-2018-56.JPG.jpg\"><img loading=\"lazy\" decoding=\"async\" class=\"aligncenter size-large wp-image-3565\" src=\"https:\/\/d2p6e6u75xmxt8.cloudfront.net\/6\/2018\/09\/la-vuelta-2018-56.JPG-1024x729.jpg\" alt=\"\" width=\"1024\" height=\"729\" srcset=\"https:\/\/d2p6e6u75xmxt8.cloudfront.net\/6\/2018\/09\/la-vuelta-2018-56.JPG.jpg 1024w, https:\/\/d2p6e6u75xmxt8.cloudfront.net\/6\/2018\/09\/la-vuelta-2018-56.JPG-300x214.jpg 300w, https:\/\/d2p6e6u75xmxt8.cloudfront.net\/6\/2018\/09\/la-vuelta-2018-56.JPG-768x547.jpg 768w\" sizes=\"auto, (max-width: 1024px) 100vw, 1024px\" \/><\/a> <a href=\"https:\/\/d2p6e6u75xmxt8.cloudfront.net\/6\/2018\/09\/la-vuelta-2018-68.JPG.jpg\"><img loading=\"lazy\" decoding=\"async\" class=\"aligncenter size-large wp-image-3566\" src=\"https:\/\/d2p6e6u75xmxt8.cloudfront.net\/6\/2018\/09\/la-vuelta-2018-68.JPG-1024x678.jpg\" alt=\"\" width=\"1024\" height=\"678\" srcset=\"https:\/\/d2p6e6u75xmxt8.cloudfront.net\/6\/2018\/09\/la-vuelta-2018-68.JPG.jpg 1024w, https:\/\/d2p6e6u75xmxt8.cloudfront.net\/6\/2018\/09\/la-vuelta-2018-68.JPG-300x199.jpg 300w, https:\/\/d2p6e6u75xmxt8.cloudfront.net\/6\/2018\/09\/la-vuelta-2018-68.JPG-768x509.jpg 768w\" sizes=\"auto, (max-width: 1024px) 100vw, 1024px\" \/><\/a> <a href=\"https:\/\/d2p6e6u75xmxt8.cloudfront.net\/6\/2018\/09\/la-vuelta-2018-70.JPG.jpg\"><img loading=\"lazy\" decoding=\"async\" class=\"aligncenter size-large wp-image-3567\" src=\"https:\/\/d2p6e6u75xmxt8.cloudfront.net\/6\/2018\/09\/la-vuelta-2018-70.JPG-1024x654.jpg\" alt=\"\" width=\"1024\" height=\"654\" srcset=\"https:\/\/d2p6e6u75xmxt8.cloudfront.net\/6\/2018\/09\/la-vuelta-2018-70.JPG.jpg 1024w, https:\/\/d2p6e6u75xmxt8.cloudfront.net\/6\/2018\/09\/la-vuelta-2018-70.JPG-300x192.jpg 300w, https:\/\/d2p6e6u75xmxt8.cloudfront.net\/6\/2018\/09\/la-vuelta-2018-70.JPG-768x491.jpg 768w\" sizes=\"auto, (max-width: 1024px) 100vw, 1024px\" \/><\/a> <a href=\"https:\/\/d2p6e6u75xmxt8.cloudfront.net\/6\/2018\/09\/la-vuelta-2018-72.JPG.jpg\"><img loading=\"lazy\" decoding=\"async\" class=\"aligncenter size-large wp-image-3568\" src=\"https:\/\/d2p6e6u75xmxt8.cloudfront.net\/6\/2018\/09\/la-vuelta-2018-72.JPG-1024x678.jpg\" alt=\"\" width=\"1024\" height=\"678\" srcset=\"https:\/\/d2p6e6u75xmxt8.cloudfront.net\/6\/2018\/09\/la-vuelta-2018-72.JPG.jpg 1024w, https:\/\/d2p6e6u75xmxt8.cloudfront.net\/6\/2018\/09\/la-vuelta-2018-72.JPG-300x199.jpg 300w, https:\/\/d2p6e6u75xmxt8.cloudfront.net\/6\/2018\/09\/la-vuelta-2018-72.JPG-768x509.jpg 768w\" sizes=\"auto, (max-width: 1024px) 100vw, 1024px\" \/><\/a> <a href=\"https:\/\/d2p6e6u75xmxt8.cloudfront.net\/6\/2018\/09\/la-vuelta-2018-74.JPG.jpg\"><img loading=\"lazy\" decoding=\"async\" class=\"aligncenter size-large wp-image-3569\" src=\"https:\/\/d2p6e6u75xmxt8.cloudfront.net\/6\/2018\/09\/la-vuelta-2018-74.JPG-1024x678.jpg\" alt=\"\" width=\"1024\" height=\"678\" srcset=\"https:\/\/d2p6e6u75xmxt8.cloudfront.net\/6\/2018\/09\/la-vuelta-2018-74.JPG.jpg 1024w, https:\/\/d2p6e6u75xmxt8.cloudfront.net\/6\/2018\/09\/la-vuelta-2018-74.JPG-300x199.jpg 300w, https:\/\/d2p6e6u75xmxt8.cloudfront.net\/6\/2018\/09\/la-vuelta-2018-74.JPG-768x509.jpg 768w\" sizes=\"auto, (max-width: 1024px) 100vw, 1024px\" \/><\/a> <a href=\"https:\/\/d2p6e6u75xmxt8.cloudfront.net\/6\/2018\/09\/la-vuelta-2018-79.JPG.jpg\"><img loading=\"lazy\" decoding=\"async\" class=\"aligncenter size-large wp-image-3570\" src=\"https:\/\/d2p6e6u75xmxt8.cloudfront.net\/6\/2018\/09\/la-vuelta-2018-79.JPG-1024x665.jpg\" alt=\"\" width=\"1024\" height=\"665\" srcset=\"https:\/\/d2p6e6u75xmxt8.cloudfront.net\/6\/2018\/09\/la-vuelta-2018-79.JPG.jpg 1024w, https:\/\/d2p6e6u75xmxt8.cloudfront.net\/6\/2018\/09\/la-vuelta-2018-79.JPG-300x195.jpg 300w, https:\/\/d2p6e6u75xmxt8.cloudfront.net\/6\/2018\/09\/la-vuelta-2018-79.JPG-768x499.jpg 768w\" sizes=\"auto, (max-width: 1024px) 100vw, 1024px\" \/><\/a> <a href=\"https:\/\/d2p6e6u75xmxt8.cloudfront.net\/6\/2018\/09\/la-vuelta-2018-80.JPG.jpg\"><img loading=\"lazy\" decoding=\"async\" class=\"aligncenter size-large wp-image-3571\" src=\"https:\/\/d2p6e6u75xmxt8.cloudfront.net\/6\/2018\/09\/la-vuelta-2018-80.JPG-1024x678.jpg\" alt=\"\" width=\"1024\" height=\"678\" srcset=\"https:\/\/d2p6e6u75xmxt8.cloudfront.net\/6\/2018\/09\/la-vuelta-2018-80.JPG.jpg 1024w, https:\/\/d2p6e6u75xmxt8.cloudfront.net\/6\/2018\/09\/la-vuelta-2018-80.JPG-300x199.jpg 300w, https:\/\/d2p6e6u75xmxt8.cloudfront.net\/6\/2018\/09\/la-vuelta-2018-80.JPG-768x509.jpg 768w\" sizes=\"auto, (max-width: 1024px) 100vw, 1024px\" \/><\/a> <a href=\"https:\/\/d2p6e6u75xmxt8.cloudfront.net\/6\/2018\/09\/la-vuelta-2018-83.JPG.jpg\"><img loading=\"lazy\" decoding=\"async\" class=\"aligncenter size-large wp-image-3572\" src=\"https:\/\/d2p6e6u75xmxt8.cloudfront.net\/6\/2018\/09\/la-vuelta-2018-83.JPG-1024x751.jpg\" alt=\"\" width=\"1024\" height=\"751\" srcset=\"https:\/\/d2p6e6u75xmxt8.cloudfront.net\/6\/2018\/09\/la-vuelta-2018-83.JPG.jpg 1024w, https:\/\/d2p6e6u75xmxt8.cloudfront.net\/6\/2018\/09\/la-vuelta-2018-83.JPG-300x220.jpg 300w, https:\/\/d2p6e6u75xmxt8.cloudfront.net\/6\/2018\/09\/la-vuelta-2018-83.JPG-768x563.jpg 768w\" sizes=\"auto, (max-width: 1024px) 100vw, 1024px\" \/><\/a><a href=\"https:\/\/d2p6e6u75xmxt8.cloudfront.net\/6\/2018\/09\/la-vuelta-2018-59.JPG-1.jpg\"><img loading=\"lazy\" decoding=\"async\" class=\"aligncenter size-large wp-image-3573\" src=\"https:\/\/d2p6e6u75xmxt8.cloudfront.net\/6\/2018\/09\/la-vuelta-2018-59.JPG-1-1024x627.jpg\" alt=\"\" width=\"1024\" height=\"627\" srcset=\"https:\/\/d2p6e6u75xmxt8.cloudfront.net\/6\/2018\/09\/la-vuelta-2018-59.JPG-1.jpg 1024w, https:\/\/d2p6e6u75xmxt8.cloudfront.net\/6\/2018\/09\/la-vuelta-2018-59.JPG-1-300x184.jpg 300w, https:\/\/d2p6e6u75xmxt8.cloudfront.net\/6\/2018\/09\/la-vuelta-2018-59.JPG-1-768x470.jpg 768w\" sizes=\"auto, (max-width: 1024px) 100vw, 1024px\" \/><\/a> <a href=\"https:\/\/d2p6e6u75xmxt8.cloudfront.net\/6\/2018\/09\/la-vuelta-2018-67.JPG.jpg\"><img loading=\"lazy\" decoding=\"async\" class=\"aligncenter size-large wp-image-3574\" src=\"https:\/\/d2p6e6u75xmxt8.cloudfront.net\/6\/2018\/09\/la-vuelta-2018-67.JPG-1024x678.jpg\" alt=\"\" width=\"1024\" height=\"678\" srcset=\"https:\/\/d2p6e6u75xmxt8.cloudfront.net\/6\/2018\/09\/la-vuelta-2018-67.JPG.jpg 1024w, https:\/\/d2p6e6u75xmxt8.cloudfront.net\/6\/2018\/09\/la-vuelta-2018-67.JPG-300x199.jpg 300w, https:\/\/d2p6e6u75xmxt8.cloudfront.net\/6\/2018\/09\/la-vuelta-2018-67.JPG-768x509.jpg 768w\" sizes=\"auto, (max-width: 1024px) 100vw, 1024px\" \/><\/a><br \/>\n<\/strong><\/p>\n","protected":false},"excerpt":{"rendered":"<p>Cuando se pasa la pen\u00faltima l\u00ednea de meta de una Vuelta se liberan muchas tensiones. Todas si no has programado [&hellip;]<\/p>\n","protected":false},"author":29,"featured_media":3552,"comment_status":"open","ping_status":"open","sticky":false,"template":"","format":"standard","meta":{"footnotes":""},"categories":[7],"tags":[648,293,649,650],"global-categories":[],"class_list":["post-3551","post","type-post","status-publish","format-standard","has-post-thumbnail","hentry","category-carretera","tag-fiesta-la-vuelta","tag-la-vuelta-2018","tag-la-vuelta-en-madrid","tag-ultima-etapa-de-la-vuelta"],"yoast_head":"<!-- This site is optimized with the Yoast SEO Premium plugin v25.3 (Yoast SEO v25.9) - https:\/\/yoast.com\/wordpress\/plugins\/seo\/ -->\n<title>El d\u00eda de &#039;relax&#039; de La Vuelta 2018. \u00daltima etapa en Madrid - \u0160koda We Love Cycling - Spain<\/title>\n<meta name=\"description\" content=\"La \u00faltima etapa de la Vuelta. El d\u00eda de &#039;relax&#039; del pelot\u00f3n. Cuando el ciclista se puede relajar, pese a rodar a 60 de media por Madrid.\" \/>\n<meta name=\"robots\" content=\"index, follow, max-snippet:-1, max-image-preview:large, max-video-preview:-1\" \/>\n<link rel=\"canonical\" href=\"https:\/\/www.welovecycling.com\/es\/2018\/09\/17\/el-dia-de-relax-de-la-vuelta-2018-ultima-etapa-en-madrid\/\" \/>\n<meta property=\"og:locale\" content=\"es_ES\" \/>\n<meta property=\"og:type\" content=\"article\" \/>\n<meta property=\"og:title\" content=\"El d\u00eda de &#039;relax&#039; de La Vuelta 2018. \u00daltima etapa en Madrid\" \/>\n<meta property=\"og:description\" content=\"La \u00faltima etapa de la Vuelta. El d\u00eda de &#039;relax&#039; del pelot\u00f3n. Cuando el ciclista se puede relajar, pese a rodar a 60 de media por Madrid.\" \/>\n<meta property=\"og:url\" content=\"https:\/\/www.welovecycling.com\/es\/2018\/09\/17\/el-dia-de-relax-de-la-vuelta-2018-ultima-etapa-en-madrid\/\" \/>\n<meta property=\"og:site_name\" content=\"\u0160koda We Love Cycling - Spain\" \/>\n<meta property=\"article:published_time\" content=\"2018-09-17T16:02:10+00:00\" \/>\n<meta property=\"article:modified_time\" content=\"2018-10-16T09:07:54+00:00\" \/>\n<meta property=\"og:image\" content=\"https:\/\/d2p6e6u75xmxt8.cloudfront.net\/6\/2018\/09\/la-vuelta-2018-43.JPG.jpg\" \/>\n\t<meta property=\"og:image:width\" content=\"1024\" \/>\n\t<meta property=\"og:image:height\" content=\"483\" \/>\n\t<meta property=\"og:image:type\" content=\"image\/jpeg\" \/>\n<meta name=\"author\" content=\"We Love Cycling Spain\" \/>\n<meta name=\"twitter:card\" content=\"summary_large_image\" \/>\n<meta name=\"twitter:title\" content=\"El d\u00eda de &#039;relax&#039; de La Vuelta 2018. \u00daltima etapa en Madrid\" \/>\n<meta name=\"twitter:description\" content=\"La \u00faltima etapa de la Vuelta. El d\u00eda de &#039;relax&#039; del pelot\u00f3n. Cuando el ciclista se puede relajar, pese a rodar a 60 de media por Madrid.\" \/>\n<meta name=\"twitter:label1\" content=\"Written by\" \/>\n\t<meta name=\"twitter:data1\" content=\"Luis Ortega @ciclored\" \/>\n\t<meta name=\"twitter:label2\" content=\"Est. reading time\" \/>\n\t<meta name=\"twitter:data2\" content=\"5 minutes\" \/>\n<script type=\"application\/ld+json\" class=\"yoast-schema-graph\">{\"@context\":\"https:\/\/schema.org\",\"@graph\":[{\"@type\":\"WebPage\",\"@id\":\"https:\/\/www.welovecycling.com\/es\/2018\/09\/17\/el-dia-de-relax-de-la-vuelta-2018-ultima-etapa-en-madrid\/\",\"url\":\"https:\/\/www.welovecycling.com\/es\/2018\/09\/17\/el-dia-de-relax-de-la-vuelta-2018-ultima-etapa-en-madrid\/\",\"name\":\"El d\u00eda de 'relax' de La Vuelta 2018. \u00daltima etapa en Madrid - \u0160koda We Love Cycling - Spain\",\"isPartOf\":{\"@id\":\"https:\/\/www.welovecycling.com\/es\/#website\"},\"primaryImageOfPage\":{\"@id\":\"https:\/\/www.welovecycling.com\/es\/2018\/09\/17\/el-dia-de-relax-de-la-vuelta-2018-ultima-etapa-en-madrid\/#primaryimage\"},\"image\":{\"@id\":\"https:\/\/www.welovecycling.com\/es\/2018\/09\/17\/el-dia-de-relax-de-la-vuelta-2018-ultima-etapa-en-madrid\/#primaryimage\"},\"thumbnailUrl\":\"https:\/\/d2p6e6u75xmxt8.cloudfront.net\/6\/2018\/09\/la-vuelta-2018-43.JPG.jpg\",\"datePublished\":\"2018-09-17T16:02:10+00:00\",\"dateModified\":\"2018-10-16T09:07:54+00:00\",\"author\":{\"@id\":\"https:\/\/www.welovecycling.com\/es\/#\/schema\/person\/deb61715b5812698ee79fb96f343ccd4\"},\"description\":\"La \u00faltima etapa de la Vuelta. El d\u00eda de 'relax' del pelot\u00f3n. Cuando el ciclista se puede relajar, pese a rodar a 60 de media por Madrid.\",\"breadcrumb\":{\"@id\":\"https:\/\/www.welovecycling.com\/es\/2018\/09\/17\/el-dia-de-relax-de-la-vuelta-2018-ultima-etapa-en-madrid\/#breadcrumb\"},\"inLanguage\":\"es-ES\",\"potentialAction\":[{\"@type\":\"ReadAction\",\"target\":[\"https:\/\/www.welovecycling.com\/es\/2018\/09\/17\/el-dia-de-relax-de-la-vuelta-2018-ultima-etapa-en-madrid\/\"]}]},{\"@type\":\"ImageObject\",\"inLanguage\":\"es-ES\",\"@id\":\"https:\/\/www.welovecycling.com\/es\/2018\/09\/17\/el-dia-de-relax-de-la-vuelta-2018-ultima-etapa-en-madrid\/#primaryimage\",\"url\":\"https:\/\/d2p6e6u75xmxt8.cloudfront.net\/6\/2018\/09\/la-vuelta-2018-43.JPG.jpg\",\"contentUrl\":\"https:\/\/d2p6e6u75xmxt8.cloudfront.net\/6\/2018\/09\/la-vuelta-2018-43.JPG.jpg\",\"width\":1024,\"height\":483},{\"@type\":\"BreadcrumbList\",\"@id\":\"https:\/\/www.welovecycling.com\/es\/2018\/09\/17\/el-dia-de-relax-de-la-vuelta-2018-ultima-etapa-en-madrid\/#breadcrumb\",\"itemListElement\":[{\"@type\":\"ListItem\",\"position\":1,\"name\":\"Home\",\"item\":\"https:\/\/www.welovecycling.com\/es\/\"},{\"@type\":\"ListItem\",\"position\":2,\"name\":\"El d\u00eda de &#8216;relax&#8217; de La Vuelta 2018. \u00daltima etapa en Madrid\"}]},{\"@type\":\"WebSite\",\"@id\":\"https:\/\/www.welovecycling.com\/es\/#website\",\"url\":\"https:\/\/www.welovecycling.com\/es\/\",\"name\":\"\u0160koda We Love Cycling - Spain\",\"description\":\"\u0160koda WeLoveCycling Spain\",\"potentialAction\":[{\"@type\":\"SearchAction\",\"target\":{\"@type\":\"EntryPoint\",\"urlTemplate\":\"https:\/\/www.welovecycling.com\/es\/?s={search_term_string}\"},\"query-input\":{\"@type\":\"PropertyValueSpecification\",\"valueRequired\":true,\"valueName\":\"search_term_string\"}}],\"inLanguage\":\"es-ES\"},{\"@type\":\"Person\",\"@id\":\"https:\/\/www.welovecycling.com\/es\/#\/schema\/person\/deb61715b5812698ee79fb96f343ccd4\",\"name\":\"We Love Cycling Spain\",\"image\":{\"@type\":\"ImageObject\",\"inLanguage\":\"es-ES\",\"@id\":\"https:\/\/www.welovecycling.com\/es\/#\/schema\/person\/image\/\",\"url\":\"https:\/\/secure.gravatar.com\/avatar\/c824b04e6df0e37a03219d0b6481672889df542894588964102459e46513159c?s=96&d=mm&r=g\",\"contentUrl\":\"https:\/\/secure.gravatar.com\/avatar\/c824b04e6df0e37a03219d0b6481672889df542894588964102459e46513159c?s=96&d=mm&r=g\",\"caption\":\"We Love Cycling Spain\"},\"url\":\"https:\/\/www.welovecycling.com\/es\/author\/amunoz\/\"}]}<\/script>\n<!-- \/ Yoast SEO Premium plugin. -->","yoast_head_json":{"title":"El d\u00eda de 'relax' de La Vuelta 2018. \u00daltima etapa en Madrid - \u0160koda We Love Cycling - Spain","description":"La \u00faltima etapa de la Vuelta. El d\u00eda de 'relax' del pelot\u00f3n. Cuando el ciclista se puede relajar, pese a rodar a 60 de media por Madrid.","robots":{"index":"index","follow":"follow","max-snippet":"max-snippet:-1","max-image-preview":"max-image-preview:large","max-video-preview":"max-video-preview:-1"},"canonical":"https:\/\/www.welovecycling.com\/es\/2018\/09\/17\/el-dia-de-relax-de-la-vuelta-2018-ultima-etapa-en-madrid\/","og_locale":"es_ES","og_type":"article","og_title":"El d\u00eda de 'relax' de La Vuelta 2018. \u00daltima etapa en Madrid","og_description":"La \u00faltima etapa de la Vuelta. El d\u00eda de 'relax' del pelot\u00f3n. Cuando el ciclista se puede relajar, pese a rodar a 60 de media por Madrid.","og_url":"https:\/\/www.welovecycling.com\/es\/2018\/09\/17\/el-dia-de-relax-de-la-vuelta-2018-ultima-etapa-en-madrid\/","og_site_name":"\u0160koda We Love Cycling - Spain","article_published_time":"2018-09-17T16:02:10+00:00","article_modified_time":"2018-10-16T09:07:54+00:00","og_image":[{"width":1024,"height":483,"url":"https:\/\/d2p6e6u75xmxt8.cloudfront.net\/6\/2018\/09\/la-vuelta-2018-43.JPG.jpg","type":"image\/jpeg"}],"author":"We Love Cycling Spain","twitter_card":"summary_large_image","twitter_title":"El d\u00eda de 'relax' de La Vuelta 2018. \u00daltima etapa en Madrid","twitter_description":"La \u00faltima etapa de la Vuelta. El d\u00eda de 'relax' del pelot\u00f3n. Cuando el ciclista se puede relajar, pese a rodar a 60 de media por Madrid.","twitter_misc":{"Written by":"Luis Ortega @ciclored","Est. reading time":"5 minutes"},"schema":{"@context":"https:\/\/schema.org","@graph":[{"@type":"WebPage","@id":"https:\/\/www.welovecycling.com\/es\/2018\/09\/17\/el-dia-de-relax-de-la-vuelta-2018-ultima-etapa-en-madrid\/","url":"https:\/\/www.welovecycling.com\/es\/2018\/09\/17\/el-dia-de-relax-de-la-vuelta-2018-ultima-etapa-en-madrid\/","name":"El d\u00eda de 'relax' de La Vuelta 2018. \u00daltima etapa en Madrid - \u0160koda We Love Cycling - Spain","isPartOf":{"@id":"https:\/\/www.welovecycling.com\/es\/#website"},"primaryImageOfPage":{"@id":"https:\/\/www.welovecycling.com\/es\/2018\/09\/17\/el-dia-de-relax-de-la-vuelta-2018-ultima-etapa-en-madrid\/#primaryimage"},"image":{"@id":"https:\/\/www.welovecycling.com\/es\/2018\/09\/17\/el-dia-de-relax-de-la-vuelta-2018-ultima-etapa-en-madrid\/#primaryimage"},"thumbnailUrl":"https:\/\/d2p6e6u75xmxt8.cloudfront.net\/6\/2018\/09\/la-vuelta-2018-43.JPG.jpg","datePublished":"2018-09-17T16:02:10+00:00","dateModified":"2018-10-16T09:07:54+00:00","author":{"@id":"https:\/\/www.welovecycling.com\/es\/#\/schema\/person\/deb61715b5812698ee79fb96f343ccd4"},"description":"La \u00faltima etapa de la Vuelta. El d\u00eda de 'relax' del pelot\u00f3n. Cuando el ciclista se puede relajar, pese a rodar a 60 de media por Madrid.","breadcrumb":{"@id":"https:\/\/www.welovecycling.com\/es\/2018\/09\/17\/el-dia-de-relax-de-la-vuelta-2018-ultima-etapa-en-madrid\/#breadcrumb"},"inLanguage":"es-ES","potentialAction":[{"@type":"ReadAction","target":["https:\/\/www.welovecycling.com\/es\/2018\/09\/17\/el-dia-de-relax-de-la-vuelta-2018-ultima-etapa-en-madrid\/"]}]},{"@type":"ImageObject","inLanguage":"es-ES","@id":"https:\/\/www.welovecycling.com\/es\/2018\/09\/17\/el-dia-de-relax-de-la-vuelta-2018-ultima-etapa-en-madrid\/#primaryimage","url":"https:\/\/d2p6e6u75xmxt8.cloudfront.net\/6\/2018\/09\/la-vuelta-2018-43.JPG.jpg","contentUrl":"https:\/\/d2p6e6u75xmxt8.cloudfront.net\/6\/2018\/09\/la-vuelta-2018-43.JPG.jpg","width":1024,"height":483},{"@type":"BreadcrumbList","@id":"https:\/\/www.welovecycling.com\/es\/2018\/09\/17\/el-dia-de-relax-de-la-vuelta-2018-ultima-etapa-en-madrid\/#breadcrumb","itemListElement":[{"@type":"ListItem","position":1,"name":"Home","item":"https:\/\/www.welovecycling.com\/es\/"},{"@type":"ListItem","position":2,"name":"El d\u00eda de &#8216;relax&#8217; de La Vuelta 2018. \u00daltima etapa en Madrid"}]},{"@type":"WebSite","@id":"https:\/\/www.welovecycling.com\/es\/#website","url":"https:\/\/www.welovecycling.com\/es\/","name":"\u0160koda We Love Cycling - Spain","description":"\u0160koda WeLoveCycling Spain","potentialAction":[{"@type":"SearchAction","target":{"@type":"EntryPoint","urlTemplate":"https:\/\/www.welovecycling.com\/es\/?s={search_term_string}"},"query-input":{"@type":"PropertyValueSpecification","valueRequired":true,"valueName":"search_term_string"}}],"inLanguage":"es-ES"},{"@type":"Person","@id":"https:\/\/www.welovecycling.com\/es\/#\/schema\/person\/deb61715b5812698ee79fb96f343ccd4","name":"We Love Cycling Spain","image":{"@type":"ImageObject","inLanguage":"es-ES","@id":"https:\/\/www.welovecycling.com\/es\/#\/schema\/person\/image\/","url":"https:\/\/secure.gravatar.com\/avatar\/c824b04e6df0e37a03219d0b6481672889df542894588964102459e46513159c?s=96&d=mm&r=g","contentUrl":"https:\/\/secure.gravatar.com\/avatar\/c824b04e6df0e37a03219d0b6481672889df542894588964102459e46513159c?s=96&d=mm&r=g","caption":"We Love Cycling Spain"},"url":"https:\/\/www.welovecycling.com\/es\/author\/amunoz\/"}]}},"_links":{"self":[{"href":"https:\/\/www.welovecycling.com\/es\/wp-json\/wp\/v2\/posts\/3551","targetHints":{"allow":["GET"]}}],"collection":[{"href":"https:\/\/www.welovecycling.com\/es\/wp-json\/wp\/v2\/posts"}],"about":[{"href":"https:\/\/www.welovecycling.com\/es\/wp-json\/wp\/v2\/types\/post"}],"author":[{"embeddable":true,"href":"https:\/\/www.welovecycling.com\/es\/wp-json\/wp\/v2\/users\/29"}],"replies":[{"embeddable":true,"href":"https:\/\/www.welovecycling.com\/es\/wp-json\/wp\/v2\/comments?post=3551"}],"version-history":[{"count":2,"href":"https:\/\/www.welovecycling.com\/es\/wp-json\/wp\/v2\/posts\/3551\/revisions"}],"predecessor-version":[{"id":3665,"href":"https:\/\/www.welovecycling.com\/es\/wp-json\/wp\/v2\/posts\/3551\/revisions\/3665"}],"wp:featuredmedia":[{"embeddable":true,"href":"https:\/\/www.welovecycling.com\/es\/wp-json\/wp\/v2\/media\/3552"}],"wp:attachment":[{"href":"https:\/\/www.welovecycling.com\/es\/wp-json\/wp\/v2\/media?parent=3551"}],"wp:term":[{"taxonomy":"category","embeddable":true,"href":"https:\/\/www.welovecycling.com\/es\/wp-json\/wp\/v2\/categories?post=3551"},{"taxonomy":"post_tag","embeddable":true,"href":"https:\/\/www.welovecycling.com\/es\/wp-json\/wp\/v2\/tags?post=3551"},{"taxonomy":"global-categories","embeddable":true,"href":"https:\/\/www.welovecycling.com\/es\/wp-json\/wp\/v2\/global-categories?post=3551"}],"curies":[{"name":"wp","href":"https:\/\/api.w.org\/{rel}","templated":true}]}}