{"id":3515,"date":"2018-09-14T09:03:07","date_gmt":"2018-09-14T07:03:07","guid":{"rendered":"https:\/\/www.welovecycling.com\/es\/?p=3515"},"modified":"2018-10-16T17:36:45","modified_gmt":"2018-10-16T15:36:45","slug":"en-que-se-diferencian-las-bicis-de-contrarreloj-de-los-equipos-de-la-vuelta","status":"publish","type":"post","link":"https:\/\/www.welovecycling.com\/es\/2018\/09\/14\/en-que-se-diferencian-las-bicis-de-contrarreloj-de-los-equipos-de-la-vuelta\/","title":{"rendered":"\u00bfEn qu\u00e9 se diferencian las bicis de contrarreloj de los equipos de La Vuelta?"},"content":{"rendered":"<p><strong>La aerodin\u00e1mica y los segundos van camino de dominar el ciclismo. Hace tiempo que las bicis aero dieron el salto a las etapas en l\u00ednea, as\u00ed que en las contrarrelojes, donde cada segundo es vital, las marcas han afinado a\u00fan m\u00e1s cada detalle de sus bicicletas. Ahora mismo las bicicletas de contrarreloj de los equipos de La Vuelta no se parecen en nada.<\/strong><!--more--><\/p>\n<p>Hace a\u00f1os parec\u00eda que todos los modelos de bicicleta contrarreloj de los equipos profesionales caminaban por las mismas pautas. A finales de los ochenta y principios de los noventa parec\u00eda claro que la cuesti\u00f3n estaba en bajar el manillar lo m\u00e1ximo posible. Hasta que l<strong>leg\u00f3 LeMond con su manillar de triatleta elevado y gan\u00f3 el Tour.<\/strong> La <strong>Espada de Miguel Indurain<\/strong> a mediados de los noventa marc\u00f3 el inicio de los cuadros de carbono anchos y aerodin\u00e1micos. Despu\u00e9s se volvi\u00f3 al perfil m\u00e1s redondo y m\u00e1s ligero, pero \u00faltimamente la tendencia no solo es buscar las l\u00edneas totalmente planas, sino incluso a dotas de un &#8216;carenado&#8217; a las bicicletas, como las que se usan en triatl\u00f3n.<\/p>\n<p>Eso s\u00ed, aqu\u00ed se empiezan a marcar las diferencias. Hay marcas que conf\u00edan en ganar aerodin\u00e1mica integrando la <strong>potencia en el cuadro<\/strong> y que el manillar de triatleta sea totalmente plano, incluso con tendencia negativa, como la Argon 18 que llev\u00f3 <strong>Miguel \u00c1ngel L\u00f3pez o la Canyon de Nairo Quintana<\/strong>. Con la potencia integrada, pero con el manillar de trialeta elevado seg\u00fan las exigencias de cada ciclista van las M\u00e9rida del Bahrein, las <strong>BMC (como la que llev\u00f3 Rohan Dennis)<\/strong> las Kuota del Cofidis, las Trek, las Lapierre de la FDJ, la Scott de Yates, la Pinarello de los Sky o las Orbea del Euskadi Murias.<\/p>\n<p><a href=\"https:\/\/d2p6e6u75xmxt8.cloudfront.net\/6\/2018\/09\/Argon-18-Crono.JPG.jpg\"><img loading=\"lazy\" decoding=\"async\" class=\"aligncenter size-large wp-image-3517\" src=\"https:\/\/d2p6e6u75xmxt8.cloudfront.net\/6\/2018\/09\/Argon-18-Crono.JPG-1024x749.jpg\" alt=\"\" width=\"1024\" height=\"749\" srcset=\"https:\/\/d2p6e6u75xmxt8.cloudfront.net\/6\/2018\/09\/Argon-18-Crono.JPG.jpg 1024w, https:\/\/d2p6e6u75xmxt8.cloudfront.net\/6\/2018\/09\/Argon-18-Crono.JPG-300x219.jpg 300w, https:\/\/d2p6e6u75xmxt8.cloudfront.net\/6\/2018\/09\/Argon-18-Crono.JPG-768x562.jpg 768w\" sizes=\"auto, (max-width: 1024px) 100vw, 1024px\" \/><\/a><\/p>\n<p>Con la<strong> potencia por fuera del cuadro<\/strong> est\u00e1n las BH del Burgos, las Colnago del UAE, las Cannondale y las De Rosa del Caja Rural.<\/p>\n<p>Otro de los puntos importantes es reducir el rebufo que crea la rueda trasera, por eso las marcas cada vez m\u00e1s reducen el paso entre el cuadro y la rueda. Eso s\u00ed, sin pasar el l\u00edmite de lo permitido por los jueces, que revisan todas las bicicletas, las pesan y las miden, antes de que cada ciclista tome la salida.\u00a0 Eso s\u00ed, cada marca le da una soluci\u00f3n a la adecuaci\u00f3n a la rueda trasera. <strong>Totalmente curvado la De Rosa del Caja Rural, la Cervel\u00f3 del Dimension Data, Giant o Cannondale. El resto conservan las l\u00edneas rectas.<\/strong><\/p>\n<p>A la hora de <strong>&#8216;esconder&#8217; el freno delantero tambi\u00e9n toman distintas opciones.<\/strong> Cannondale, Cervel\u00f3 y Specialized directamente pasan de &#8216;esconderlo&#8217; y lo deja a la vista como en una bicicleta de carretera convencional. Pero la tendencia de la mayor\u00eda es ponerlo detr\u00e1s de la horquilla, como las Kuota o las BH o a ocultarlo en el interior de la misma, que son la mayor\u00eda. Canyon, Trek, Scott o Bianchi.<\/p>\n<p><a href=\"https:\/\/d2p6e6u75xmxt8.cloudfront.net\/6\/2018\/09\/la-vuelta-2018-54.JPG.jpg\"><img loading=\"lazy\" decoding=\"async\" class=\"aligncenter size-full wp-image-3518\" src=\"https:\/\/d2p6e6u75xmxt8.cloudfront.net\/6\/2018\/09\/la-vuelta-2018-54.JPG.jpg\" alt=\"\" width=\"965\" height=\"800\" srcset=\"https:\/\/d2p6e6u75xmxt8.cloudfront.net\/6\/2018\/09\/la-vuelta-2018-54.JPG.jpg 965w, https:\/\/d2p6e6u75xmxt8.cloudfront.net\/6\/2018\/09\/la-vuelta-2018-54.JPG-300x249.jpg 300w, https:\/\/d2p6e6u75xmxt8.cloudfront.net\/6\/2018\/09\/la-vuelta-2018-54.JPG-768x637.jpg 768w\" sizes=\"auto, (max-width: 965px) 100vw, 965px\" \/><\/a><\/p>\n<p>Con el <strong>freno trasero tambi\u00e9n hay diferencias<\/strong>. Aunque la mayor\u00eda lo situan en la parte de abajo del cuadro, solo lo ponen en la parte de atr\u00e1s Lapierre, Bh y Orbea. En lo que si hay unanimidad es en los bidones aerodin\u00e1micos, que ya no hay marca que no lo tenga.<\/p>\n<h2><strong>TODAS LAS BICIS DE CRONO DE LA VUELTA 2018<\/strong><\/h2>\n<p><a href=\"https:\/\/d2p6e6u75xmxt8.cloudfront.net\/6\/2018\/09\/BH-Crono.JPG.jpg\"><img loading=\"lazy\" decoding=\"async\" class=\"aligncenter size-large wp-image-3519\" src=\"https:\/\/d2p6e6u75xmxt8.cloudfront.net\/6\/2018\/09\/BH-Crono.JPG-1024x768.jpg\" alt=\"\" width=\"1024\" height=\"768\" srcset=\"https:\/\/d2p6e6u75xmxt8.cloudfront.net\/6\/2018\/09\/BH-Crono.JPG.jpg 1024w, https:\/\/d2p6e6u75xmxt8.cloudfront.net\/6\/2018\/09\/BH-Crono.JPG-300x225.jpg 300w, https:\/\/d2p6e6u75xmxt8.cloudfront.net\/6\/2018\/09\/BH-Crono.JPG-768x576.jpg 768w\" sizes=\"auto, (max-width: 1024px) 100vw, 1024px\" \/><\/a> <a href=\"https:\/\/d2p6e6u75xmxt8.cloudfront.net\/6\/2018\/09\/Bianchi-Crono.JPG.jpg\"><img loading=\"lazy\" decoding=\"async\" class=\"aligncenter size-large wp-image-3520\" src=\"https:\/\/d2p6e6u75xmxt8.cloudfront.net\/6\/2018\/09\/Bianchi-Crono.JPG-1024x656.jpg\" alt=\"\" width=\"1024\" height=\"656\" srcset=\"https:\/\/d2p6e6u75xmxt8.cloudfront.net\/6\/2018\/09\/Bianchi-Crono.JPG.jpg 1024w, https:\/\/d2p6e6u75xmxt8.cloudfront.net\/6\/2018\/09\/Bianchi-Crono.JPG-300x192.jpg 300w, https:\/\/d2p6e6u75xmxt8.cloudfront.net\/6\/2018\/09\/Bianchi-Crono.JPG-768x492.jpg 768w\" sizes=\"auto, (max-width: 1024px) 100vw, 1024px\" \/><\/a> <a href=\"https:\/\/d2p6e6u75xmxt8.cloudfront.net\/6\/2018\/09\/BMC-Crono-3.JPG.jpg\"><img loading=\"lazy\" decoding=\"async\" class=\"aligncenter size-large wp-image-3521\" src=\"https:\/\/d2p6e6u75xmxt8.cloudfront.net\/6\/2018\/09\/BMC-Crono-3.JPG-1024x685.jpg\" alt=\"\" width=\"1024\" height=\"685\" srcset=\"https:\/\/d2p6e6u75xmxt8.cloudfront.net\/6\/2018\/09\/BMC-Crono-3.JPG.jpg 1024w, https:\/\/d2p6e6u75xmxt8.cloudfront.net\/6\/2018\/09\/BMC-Crono-3.JPG-300x201.jpg 300w, https:\/\/d2p6e6u75xmxt8.cloudfront.net\/6\/2018\/09\/BMC-Crono-3.JPG-768x514.jpg 768w, https:\/\/d2p6e6u75xmxt8.cloudfront.net\/6\/2018\/09\/BMC-Crono-3.JPG-272x182.jpg 272w\" sizes=\"auto, (max-width: 1024px) 100vw, 1024px\" \/><\/a> <a href=\"https:\/\/d2p6e6u75xmxt8.cloudfront.net\/6\/2018\/09\/Cannondale-Crono-2.JPG.jpg\"><img loading=\"lazy\" decoding=\"async\" class=\"aligncenter size-large wp-image-3522\" src=\"https:\/\/d2p6e6u75xmxt8.cloudfront.net\/6\/2018\/09\/Cannondale-Crono-2.JPG-1024x763.jpg\" alt=\"\" width=\"1024\" height=\"763\" srcset=\"https:\/\/d2p6e6u75xmxt8.cloudfront.net\/6\/2018\/09\/Cannondale-Crono-2.JPG.jpg 1024w, https:\/\/d2p6e6u75xmxt8.cloudfront.net\/6\/2018\/09\/Cannondale-Crono-2.JPG-300x224.jpg 300w, https:\/\/d2p6e6u75xmxt8.cloudfront.net\/6\/2018\/09\/Cannondale-Crono-2.JPG-768x572.jpg 768w\" sizes=\"auto, (max-width: 1024px) 100vw, 1024px\" \/><\/a> <a href=\"https:\/\/d2p6e6u75xmxt8.cloudfront.net\/6\/2018\/09\/Canyon-Crono.JPG.jpg\"><img loading=\"lazy\" decoding=\"async\" class=\"aligncenter size-large wp-image-3523\" src=\"https:\/\/d2p6e6u75xmxt8.cloudfront.net\/6\/2018\/09\/Canyon-Crono.JPG.jpg\" alt=\"\" width=\"914\" height=\"800\" srcset=\"https:\/\/d2p6e6u75xmxt8.cloudfront.net\/6\/2018\/09\/Canyon-Crono.JPG.jpg 914w, https:\/\/d2p6e6u75xmxt8.cloudfront.net\/6\/2018\/09\/Canyon-Crono.JPG-300x263.jpg 300w, https:\/\/d2p6e6u75xmxt8.cloudfront.net\/6\/2018\/09\/Canyon-Crono.JPG-768x672.jpg 768w\" sizes=\"auto, (max-width: 914px) 100vw, 914px\" \/><\/a> <a href=\"https:\/\/d2p6e6u75xmxt8.cloudfront.net\/6\/2018\/09\/Cayonn-Katusha-Crono.JPG.jpg\"><img loading=\"lazy\" decoding=\"async\" class=\"aligncenter size-large wp-image-3524\" src=\"https:\/\/d2p6e6u75xmxt8.cloudfront.net\/6\/2018\/09\/Cayonn-Katusha-Crono.JPG-1024x724.jpg\" alt=\"\" width=\"1024\" height=\"724\" srcset=\"https:\/\/d2p6e6u75xmxt8.cloudfront.net\/6\/2018\/09\/Cayonn-Katusha-Crono.JPG.jpg 1024w, https:\/\/d2p6e6u75xmxt8.cloudfront.net\/6\/2018\/09\/Cayonn-Katusha-Crono.JPG-300x212.jpg 300w, https:\/\/d2p6e6u75xmxt8.cloudfront.net\/6\/2018\/09\/Cayonn-Katusha-Crono.JPG-768x543.jpg 768w\" sizes=\"auto, (max-width: 1024px) 100vw, 1024px\" \/><\/a> <a href=\"https:\/\/d2p6e6u75xmxt8.cloudfront.net\/6\/2018\/09\/Cervelo-Crono-2.JPG.jpg\"><img loading=\"lazy\" decoding=\"async\" class=\"aligncenter size-large wp-image-3525\" src=\"https:\/\/d2p6e6u75xmxt8.cloudfront.net\/6\/2018\/09\/Cervelo-Crono-2.JPG-1024x762.jpg\" alt=\"\" width=\"1024\" height=\"762\" srcset=\"https:\/\/d2p6e6u75xmxt8.cloudfront.net\/6\/2018\/09\/Cervelo-Crono-2.JPG.jpg 1024w, https:\/\/d2p6e6u75xmxt8.cloudfront.net\/6\/2018\/09\/Cervelo-Crono-2.JPG-300x223.jpg 300w, https:\/\/d2p6e6u75xmxt8.cloudfront.net\/6\/2018\/09\/Cervelo-Crono-2.JPG-768x572.jpg 768w\" sizes=\"auto, (max-width: 1024px) 100vw, 1024px\" \/><\/a> <a href=\"https:\/\/d2p6e6u75xmxt8.cloudfront.net\/6\/2018\/09\/Colnago-Crono-2.JPG.jpg\"><img loading=\"lazy\" decoding=\"async\" class=\"aligncenter size-large wp-image-3526\" src=\"https:\/\/d2p6e6u75xmxt8.cloudfront.net\/6\/2018\/09\/Colnago-Crono-2.JPG-1024x768.jpg\" alt=\"\" width=\"1024\" height=\"768\" srcset=\"https:\/\/d2p6e6u75xmxt8.cloudfront.net\/6\/2018\/09\/Colnago-Crono-2.JPG.jpg 1024w, https:\/\/d2p6e6u75xmxt8.cloudfront.net\/6\/2018\/09\/Colnago-Crono-2.JPG-300x225.jpg 300w, https:\/\/d2p6e6u75xmxt8.cloudfront.net\/6\/2018\/09\/Colnago-Crono-2.JPG-768x576.jpg 768w\" sizes=\"auto, (max-width: 1024px) 100vw, 1024px\" \/><\/a> <a href=\"https:\/\/d2p6e6u75xmxt8.cloudfront.net\/6\/2018\/09\/De-Rosa-Crono.JPG.jpg\"><img loading=\"lazy\" decoding=\"async\" class=\"aligncenter size-large wp-image-3527\" src=\"https:\/\/d2p6e6u75xmxt8.cloudfront.net\/6\/2018\/09\/De-Rosa-Crono.JPG-1024x721.jpg\" alt=\"\" width=\"1024\" height=\"721\" srcset=\"https:\/\/d2p6e6u75xmxt8.cloudfront.net\/6\/2018\/09\/De-Rosa-Crono.JPG.jpg 1024w, https:\/\/d2p6e6u75xmxt8.cloudfront.net\/6\/2018\/09\/De-Rosa-Crono.JPG-300x211.jpg 300w, https:\/\/d2p6e6u75xmxt8.cloudfront.net\/6\/2018\/09\/De-Rosa-Crono.JPG-768x541.jpg 768w\" sizes=\"auto, (max-width: 1024px) 100vw, 1024px\" \/><\/a> <a href=\"https:\/\/d2p6e6u75xmxt8.cloudfront.net\/6\/2018\/09\/Factor-Crono-2.JPG.jpg\"><img loading=\"lazy\" decoding=\"async\" class=\"aligncenter size-large wp-image-3528\" src=\"https:\/\/d2p6e6u75xmxt8.cloudfront.net\/6\/2018\/09\/Factor-Crono-2.JPG-1024x590.jpg\" alt=\"\" width=\"1024\" height=\"590\" srcset=\"https:\/\/d2p6e6u75xmxt8.cloudfront.net\/6\/2018\/09\/Factor-Crono-2.JPG.jpg 1024w, https:\/\/d2p6e6u75xmxt8.cloudfront.net\/6\/2018\/09\/Factor-Crono-2.JPG-300x173.jpg 300w, https:\/\/d2p6e6u75xmxt8.cloudfront.net\/6\/2018\/09\/Factor-Crono-2.JPG-768x443.jpg 768w\" sizes=\"auto, (max-width: 1024px) 100vw, 1024px\" \/><\/a> <a href=\"https:\/\/d2p6e6u75xmxt8.cloudfront.net\/6\/2018\/09\/Giant-Crono-3.JPG.jpg\"><img loading=\"lazy\" decoding=\"async\" class=\"aligncenter size-large wp-image-3529\" src=\"https:\/\/d2p6e6u75xmxt8.cloudfront.net\/6\/2018\/09\/Giant-Crono-3.JPG-1024x768.jpg\" alt=\"\" width=\"1024\" height=\"768\" srcset=\"https:\/\/d2p6e6u75xmxt8.cloudfront.net\/6\/2018\/09\/Giant-Crono-3.JPG.jpg 1024w, https:\/\/d2p6e6u75xmxt8.cloudfront.net\/6\/2018\/09\/Giant-Crono-3.JPG-300x225.jpg 300w, https:\/\/d2p6e6u75xmxt8.cloudfront.net\/6\/2018\/09\/Giant-Crono-3.JPG-768x576.jpg 768w\" sizes=\"auto, (max-width: 1024px) 100vw, 1024px\" \/><\/a> <a href=\"https:\/\/d2p6e6u75xmxt8.cloudfront.net\/6\/2018\/09\/Giant-Crono.JPG.jpg\"><img loading=\"lazy\" decoding=\"async\" class=\"aligncenter size-large wp-image-3530\" src=\"https:\/\/d2p6e6u75xmxt8.cloudfront.net\/6\/2018\/09\/Giant-Crono.JPG-1024x746.jpg\" alt=\"\" width=\"1024\" height=\"746\" srcset=\"https:\/\/d2p6e6u75xmxt8.cloudfront.net\/6\/2018\/09\/Giant-Crono.JPG.jpg 1024w, https:\/\/d2p6e6u75xmxt8.cloudfront.net\/6\/2018\/09\/Giant-Crono.JPG-300x219.jpg 300w, https:\/\/d2p6e6u75xmxt8.cloudfront.net\/6\/2018\/09\/Giant-Crono.JPG-768x560.jpg 768w\" sizes=\"auto, (max-width: 1024px) 100vw, 1024px\" \/><\/a> <a href=\"https:\/\/d2p6e6u75xmxt8.cloudfront.net\/6\/2018\/09\/IMG_20180911_164349_610.jpg\"><img loading=\"lazy\" decoding=\"async\" class=\"aligncenter size-large wp-image-3531\" src=\"https:\/\/d2p6e6u75xmxt8.cloudfront.net\/6\/2018\/09\/IMG_20180911_164349_610-1024x768.jpg\" alt=\"\" width=\"1024\" height=\"768\" srcset=\"https:\/\/d2p6e6u75xmxt8.cloudfront.net\/6\/2018\/09\/IMG_20180911_164349_610-1024x768.jpg 1024w, https:\/\/d2p6e6u75xmxt8.cloudfront.net\/6\/2018\/09\/IMG_20180911_164349_610-300x225.jpg 300w, https:\/\/d2p6e6u75xmxt8.cloudfront.net\/6\/2018\/09\/IMG_20180911_164349_610-768x576.jpg 768w, https:\/\/d2p6e6u75xmxt8.cloudfront.net\/6\/2018\/09\/IMG_20180911_164349_610-1920x1440.jpg 1920w, https:\/\/d2p6e6u75xmxt8.cloudfront.net\/6\/2018\/09\/IMG_20180911_164349_610.jpg 2048w, https:\/\/d2p6e6u75xmxt8.cloudfront.net\/6\/2018\/09\/IMG_20180911_164349_610-1920x1440.jpg 1920w\" sizes=\"auto, (max-width: 1024px) 100vw, 1024px\" \/><\/a> <a href=\"https:\/\/d2p6e6u75xmxt8.cloudfront.net\/6\/2018\/09\/Kuota-Crono-2.JPG.jpg\"><img loading=\"lazy\" decoding=\"async\" class=\"aligncenter size-large wp-image-3532\" src=\"https:\/\/d2p6e6u75xmxt8.cloudfront.net\/6\/2018\/09\/Kuota-Crono-2.JPG-1024x779.jpg\" alt=\"\" width=\"1024\" height=\"779\" srcset=\"https:\/\/d2p6e6u75xmxt8.cloudfront.net\/6\/2018\/09\/Kuota-Crono-2.JPG.jpg 1024w, https:\/\/d2p6e6u75xmxt8.cloudfront.net\/6\/2018\/09\/Kuota-Crono-2.JPG-300x228.jpg 300w, https:\/\/d2p6e6u75xmxt8.cloudfront.net\/6\/2018\/09\/Kuota-Crono-2.JPG-768x584.jpg 768w\" sizes=\"auto, (max-width: 1024px) 100vw, 1024px\" \/><\/a> <a href=\"https:\/\/d2p6e6u75xmxt8.cloudfront.net\/6\/2018\/09\/la-vuelta-2018-59.JPG.jpg\"><img loading=\"lazy\" decoding=\"async\" class=\"aligncenter size-large wp-image-3533\" src=\"https:\/\/d2p6e6u75xmxt8.cloudfront.net\/6\/2018\/09\/la-vuelta-2018-59.JPG-1024x768.jpg\" alt=\"\" width=\"1024\" height=\"768\" srcset=\"https:\/\/d2p6e6u75xmxt8.cloudfront.net\/6\/2018\/09\/la-vuelta-2018-59.JPG.jpg 1024w, https:\/\/d2p6e6u75xmxt8.cloudfront.net\/6\/2018\/09\/la-vuelta-2018-59.JPG-300x225.jpg 300w, https:\/\/d2p6e6u75xmxt8.cloudfront.net\/6\/2018\/09\/la-vuelta-2018-59.JPG-768x576.jpg 768w\" sizes=\"auto, (max-width: 1024px) 100vw, 1024px\" \/><\/a> <a href=\"https:\/\/d2p6e6u75xmxt8.cloudfront.net\/6\/2018\/09\/Lapierre-FDJ-Crono.JPG.jpg\"><img loading=\"lazy\" decoding=\"async\" class=\"aligncenter size-large wp-image-3534\" src=\"https:\/\/d2p6e6u75xmxt8.cloudfront.net\/6\/2018\/09\/Lapierre-FDJ-Crono.JPG.jpg\" alt=\"\" width=\"1007\" height=\"800\" srcset=\"https:\/\/d2p6e6u75xmxt8.cloudfront.net\/6\/2018\/09\/Lapierre-FDJ-Crono.JPG.jpg 1007w, https:\/\/d2p6e6u75xmxt8.cloudfront.net\/6\/2018\/09\/Lapierre-FDJ-Crono.JPG-300x238.jpg 300w, https:\/\/d2p6e6u75xmxt8.cloudfront.net\/6\/2018\/09\/Lapierre-FDJ-Crono.JPG-768x610.jpg 768w\" sizes=\"auto, (max-width: 1007px) 100vw, 1007px\" \/><\/a> <a href=\"https:\/\/d2p6e6u75xmxt8.cloudfront.net\/6\/2018\/09\/Merida-Crono.jpg\"><img loading=\"lazy\" decoding=\"async\" class=\"aligncenter size-large wp-image-3535\" src=\"https:\/\/d2p6e6u75xmxt8.cloudfront.net\/6\/2018\/09\/Merida-Crono-1024x768.jpg\" alt=\"\" width=\"1024\" height=\"768\" srcset=\"https:\/\/d2p6e6u75xmxt8.cloudfront.net\/6\/2018\/09\/Merida-Crono-1024x768.jpg 1024w, https:\/\/d2p6e6u75xmxt8.cloudfront.net\/6\/2018\/09\/Merida-Crono-300x225.jpg 300w, https:\/\/d2p6e6u75xmxt8.cloudfront.net\/6\/2018\/09\/Merida-Crono-768x576.jpg 768w, https:\/\/d2p6e6u75xmxt8.cloudfront.net\/6\/2018\/09\/Merida-Crono-1920x1440.jpg 1920w, https:\/\/d2p6e6u75xmxt8.cloudfront.net\/6\/2018\/09\/Merida-Crono.jpg 2048w, https:\/\/d2p6e6u75xmxt8.cloudfront.net\/6\/2018\/09\/Merida-Crono-1920x1440.jpg 1920w\" sizes=\"auto, (max-width: 1024px) 100vw, 1024px\" \/><\/a> <a href=\"https:\/\/d2p6e6u75xmxt8.cloudfront.net\/6\/2018\/09\/Pinarello-Crono-2.JPG.jpg\"><img loading=\"lazy\" decoding=\"async\" class=\"aligncenter size-large wp-image-3536\" src=\"https:\/\/d2p6e6u75xmxt8.cloudfront.net\/6\/2018\/09\/Pinarello-Crono-2.JPG-1024x768.jpg\" alt=\"\" width=\"1024\" height=\"768\" srcset=\"https:\/\/d2p6e6u75xmxt8.cloudfront.net\/6\/2018\/09\/Pinarello-Crono-2.JPG.jpg 1024w, https:\/\/d2p6e6u75xmxt8.cloudfront.net\/6\/2018\/09\/Pinarello-Crono-2.JPG-300x225.jpg 300w, https:\/\/d2p6e6u75xmxt8.cloudfront.net\/6\/2018\/09\/Pinarello-Crono-2.JPG-768x576.jpg 768w\" sizes=\"auto, (max-width: 1024px) 100vw, 1024px\" \/><\/a> <a href=\"https:\/\/d2p6e6u75xmxt8.cloudfront.net\/6\/2018\/09\/Pinarello-Crono.JPG.jpg\"><img loading=\"lazy\" decoding=\"async\" class=\"aligncenter size-large wp-image-3537\" src=\"https:\/\/d2p6e6u75xmxt8.cloudfront.net\/6\/2018\/09\/Pinarello-Crono.JPG-1024x709.jpg\" alt=\"\" width=\"1024\" height=\"709\" srcset=\"https:\/\/d2p6e6u75xmxt8.cloudfront.net\/6\/2018\/09\/Pinarello-Crono.JPG.jpg 1024w, https:\/\/d2p6e6u75xmxt8.cloudfront.net\/6\/2018\/09\/Pinarello-Crono.JPG-300x208.jpg 300w, https:\/\/d2p6e6u75xmxt8.cloudfront.net\/6\/2018\/09\/Pinarello-Crono.JPG-768x532.jpg 768w\" sizes=\"auto, (max-width: 1024px) 100vw, 1024px\" \/><\/a> <a href=\"https:\/\/d2p6e6u75xmxt8.cloudfront.net\/6\/2018\/09\/Ridley-Crono.JPG.jpg\"><img loading=\"lazy\" decoding=\"async\" class=\"aligncenter size-large wp-image-3538\" src=\"https:\/\/d2p6e6u75xmxt8.cloudfront.net\/6\/2018\/09\/Ridley-Crono.JPG.jpg\" alt=\"\" width=\"1005\" height=\"800\" srcset=\"https:\/\/d2p6e6u75xmxt8.cloudfront.net\/6\/2018\/09\/Ridley-Crono.JPG.jpg 1005w, https:\/\/d2p6e6u75xmxt8.cloudfront.net\/6\/2018\/09\/Ridley-Crono.JPG-300x239.jpg 300w, https:\/\/d2p6e6u75xmxt8.cloudfront.net\/6\/2018\/09\/Ridley-Crono.JPG-768x611.jpg 768w\" sizes=\"auto, (max-width: 1005px) 100vw, 1005px\" \/><\/a> <a href=\"https:\/\/d2p6e6u75xmxt8.cloudfront.net\/6\/2018\/09\/Scott-Crono-3.JPG.jpg\"><img loading=\"lazy\" decoding=\"async\" class=\"aligncenter size-large wp-image-3539\" src=\"https:\/\/d2p6e6u75xmxt8.cloudfront.net\/6\/2018\/09\/Scott-Crono-3.JPG-1024x781.jpg\" alt=\"\" width=\"1024\" height=\"781\" srcset=\"https:\/\/d2p6e6u75xmxt8.cloudfront.net\/6\/2018\/09\/Scott-Crono-3.JPG.jpg 1024w, https:\/\/d2p6e6u75xmxt8.cloudfront.net\/6\/2018\/09\/Scott-Crono-3.JPG-300x229.jpg 300w, https:\/\/d2p6e6u75xmxt8.cloudfront.net\/6\/2018\/09\/Scott-Crono-3.JPG-768x586.jpg 768w\" sizes=\"auto, (max-width: 1024px) 100vw, 1024px\" \/><\/a> <a href=\"https:\/\/d2p6e6u75xmxt8.cloudfront.net\/6\/2018\/09\/Specialized-Crono-Quick-Step.JPG.jpg\"><img loading=\"lazy\" decoding=\"async\" class=\"aligncenter size-large wp-image-3540\" src=\"https:\/\/d2p6e6u75xmxt8.cloudfront.net\/6\/2018\/09\/Specialized-Crono-Quick-Step.JPG-1024x656.jpg\" alt=\"\" width=\"1024\" height=\"656\" srcset=\"https:\/\/d2p6e6u75xmxt8.cloudfront.net\/6\/2018\/09\/Specialized-Crono-Quick-Step.JPG.jpg 1024w, https:\/\/d2p6e6u75xmxt8.cloudfront.net\/6\/2018\/09\/Specialized-Crono-Quick-Step.JPG-300x192.jpg 300w, https:\/\/d2p6e6u75xmxt8.cloudfront.net\/6\/2018\/09\/Specialized-Crono-Quick-Step.JPG-768x492.jpg 768w\" sizes=\"auto, (max-width: 1024px) 100vw, 1024px\" \/><\/a> <a href=\"https:\/\/d2p6e6u75xmxt8.cloudfront.net\/6\/2018\/09\/Specialized-Crono.JPG.jpg\"><img loading=\"lazy\" decoding=\"async\" class=\"aligncenter size-large wp-image-3541\" src=\"https:\/\/d2p6e6u75xmxt8.cloudfront.net\/6\/2018\/09\/Specialized-Crono.JPG-1024x624.jpg\" alt=\"\" width=\"1024\" height=\"624\" srcset=\"https:\/\/d2p6e6u75xmxt8.cloudfront.net\/6\/2018\/09\/Specialized-Crono.JPG.jpg 1024w, https:\/\/d2p6e6u75xmxt8.cloudfront.net\/6\/2018\/09\/Specialized-Crono.JPG-300x183.jpg 300w, https:\/\/d2p6e6u75xmxt8.cloudfront.net\/6\/2018\/09\/Specialized-Crono.JPG-768x468.jpg 768w\" sizes=\"auto, (max-width: 1024px) 100vw, 1024px\" \/><\/a> <a href=\"https:\/\/d2p6e6u75xmxt8.cloudfront.net\/6\/2018\/09\/Trek-Crono-3.JPG.jpg\"><img loading=\"lazy\" decoding=\"async\" class=\"aligncenter size-large wp-image-3542\" src=\"https:\/\/d2p6e6u75xmxt8.cloudfront.net\/6\/2018\/09\/Trek-Crono-3.JPG-1024x768.jpg\" alt=\"\" width=\"1024\" height=\"768\" srcset=\"https:\/\/d2p6e6u75xmxt8.cloudfront.net\/6\/2018\/09\/Trek-Crono-3.JPG.jpg 1024w, https:\/\/d2p6e6u75xmxt8.cloudfront.net\/6\/2018\/09\/Trek-Crono-3.JPG-300x225.jpg 300w, https:\/\/d2p6e6u75xmxt8.cloudfront.net\/6\/2018\/09\/Trek-Crono-3.JPG-768x576.jpg 768w\" sizes=\"auto, (max-width: 1024px) 100vw, 1024px\" \/><\/a> <a href=\"https:\/\/d2p6e6u75xmxt8.cloudfront.net\/6\/2018\/09\/Trek-Crono.JPG.jpg\"><img loading=\"lazy\" decoding=\"async\" class=\"aligncenter size-large wp-image-3543\" src=\"https:\/\/d2p6e6u75xmxt8.cloudfront.net\/6\/2018\/09\/Trek-Crono.JPG-1024x677.jpg\" alt=\"\" width=\"1024\" height=\"677\" srcset=\"https:\/\/d2p6e6u75xmxt8.cloudfront.net\/6\/2018\/09\/Trek-Crono.JPG.jpg 1024w, https:\/\/d2p6e6u75xmxt8.cloudfront.net\/6\/2018\/09\/Trek-Crono.JPG-300x198.jpg 300w, https:\/\/d2p6e6u75xmxt8.cloudfront.net\/6\/2018\/09\/Trek-Crono.JPG-768x508.jpg 768w\" sizes=\"auto, (max-width: 1024px) 100vw, 1024px\" \/><\/a><\/p>\n","protected":false},"excerpt":{"rendered":"<p>La aerodin\u00e1mica y los segundos van camino de dominar el ciclismo. Hace tiempo que las bicis aero dieron el salto [&hellip;]<\/p>\n","protected":false},"author":29,"featured_media":3516,"comment_status":"open","ping_status":"open","sticky":false,"template":"","format":"standard","meta":{"footnotes":""},"categories":[7],"tags":[643,642,644],"global-categories":[],"class_list":["post-3515","post","type-post","status-publish","format-standard","has-post-thumbnail","hentry","category-carretera","tag-bicicleetas-de-crono-de-la-vuelta","tag-bicicletas-de-contrarreloj","tag-bicicletas-equipos-profesionales"],"yoast_head":"<!-- This site is optimized with the Yoast SEO Premium plugin v25.3 (Yoast SEO v25.9) - https:\/\/yoast.com\/wordpress\/plugins\/seo\/ -->\n<title>\u00bfEn qu\u00e9 se diferencian las bicis de contrarreloj de los equipos de La Vuelta? - \u0160koda We Love Cycling - Spain<\/title>\n<meta name=\"description\" content=\"Las bicis de contrarreloj de los equipos de La Vuelta 2018. En qu\u00e9 se diferencian? Todas las bicicletas de contrarreloj de las mejores marcas.\" \/>\n<meta name=\"robots\" content=\"index, follow, max-snippet:-1, max-image-preview:large, max-video-preview:-1\" \/>\n<link rel=\"canonical\" href=\"https:\/\/www.welovecycling.com\/es\/2018\/09\/14\/en-que-se-diferencian-las-bicis-de-contrarreloj-de-los-equipos-de-la-vuelta\/\" \/>\n<meta property=\"og:locale\" content=\"es_ES\" \/>\n<meta property=\"og:type\" content=\"article\" \/>\n<meta property=\"og:title\" content=\"En qu\u00e9 se diferencian las bicis de contrarreloj de los equipos de La Vuelta\" \/>\n<meta property=\"og:description\" content=\"Las bicis de contrarreloj de los equipos de La Vuelta 2018. En qu\u00e9 se diferencian? Todas las bicicletas de contrarreloj de las mejores marcas.\" \/>\n<meta property=\"og:url\" content=\"https:\/\/www.welovecycling.com\/es\/2018\/09\/14\/en-que-se-diferencian-las-bicis-de-contrarreloj-de-los-equipos-de-la-vuelta\/\" \/>\n<meta property=\"og:site_name\" content=\"\u0160koda We Love Cycling - Spain\" \/>\n<meta property=\"article:published_time\" content=\"2018-09-14T07:03:07+00:00\" \/>\n<meta property=\"article:modified_time\" content=\"2018-10-16T15:36:45+00:00\" \/>\n<meta property=\"og:image\" content=\"https:\/\/d2p6e6u75xmxt8.cloudfront.net\/6\/2018\/09\/Orbea-Crono.JPG.jpg\" \/>\n\t<meta property=\"og:image:width\" content=\"1024\" \/>\n\t<meta property=\"og:image:height\" content=\"700\" \/>\n\t<meta property=\"og:image:type\" content=\"image\/jpeg\" \/>\n<meta name=\"author\" content=\"We Love Cycling Spain\" \/>\n<meta name=\"twitter:card\" content=\"summary_large_image\" \/>\n<meta name=\"twitter:title\" content=\"En qu\u00e9 se diferencian las bicis de contrarreloj de los equipos de La Vuelta\" \/>\n<meta name=\"twitter:description\" content=\"Las bicis de contrarreloj de los equipos de La Vuelta 2018. En qu\u00e9 se diferencian? Todas las bicicletas de contrarreloj de las mejores marcas.\" \/>\n<meta name=\"twitter:label1\" content=\"Written by\" \/>\n\t<meta name=\"twitter:data1\" content=\"Luis Ortega @ciclored\" \/>\n\t<meta name=\"twitter:label2\" content=\"Est. reading time\" \/>\n\t<meta name=\"twitter:data2\" content=\"3 minutes\" \/>\n<script type=\"application\/ld+json\" class=\"yoast-schema-graph\">{\"@context\":\"https:\/\/schema.org\",\"@graph\":[{\"@type\":\"WebPage\",\"@id\":\"https:\/\/www.welovecycling.com\/es\/2018\/09\/14\/en-que-se-diferencian-las-bicis-de-contrarreloj-de-los-equipos-de-la-vuelta\/\",\"url\":\"https:\/\/www.welovecycling.com\/es\/2018\/09\/14\/en-que-se-diferencian-las-bicis-de-contrarreloj-de-los-equipos-de-la-vuelta\/\",\"name\":\"\u00bfEn qu\u00e9 se diferencian las bicis de contrarreloj de los equipos de La Vuelta? - \u0160koda We Love Cycling - Spain\",\"isPartOf\":{\"@id\":\"https:\/\/www.welovecycling.com\/es\/#website\"},\"primaryImageOfPage\":{\"@id\":\"https:\/\/www.welovecycling.com\/es\/2018\/09\/14\/en-que-se-diferencian-las-bicis-de-contrarreloj-de-los-equipos-de-la-vuelta\/#primaryimage\"},\"image\":{\"@id\":\"https:\/\/www.welovecycling.com\/es\/2018\/09\/14\/en-que-se-diferencian-las-bicis-de-contrarreloj-de-los-equipos-de-la-vuelta\/#primaryimage\"},\"thumbnailUrl\":\"https:\/\/d2p6e6u75xmxt8.cloudfront.net\/6\/2018\/09\/Orbea-Crono.JPG.jpg\",\"datePublished\":\"2018-09-14T07:03:07+00:00\",\"dateModified\":\"2018-10-16T15:36:45+00:00\",\"author\":{\"@id\":\"https:\/\/www.welovecycling.com\/es\/#\/schema\/person\/deb61715b5812698ee79fb96f343ccd4\"},\"description\":\"Las bicis de contrarreloj de los equipos de La Vuelta 2018. En qu\u00e9 se diferencian? Todas las bicicletas de contrarreloj de las mejores marcas.\",\"breadcrumb\":{\"@id\":\"https:\/\/www.welovecycling.com\/es\/2018\/09\/14\/en-que-se-diferencian-las-bicis-de-contrarreloj-de-los-equipos-de-la-vuelta\/#breadcrumb\"},\"inLanguage\":\"es-ES\",\"potentialAction\":[{\"@type\":\"ReadAction\",\"target\":[\"https:\/\/www.welovecycling.com\/es\/2018\/09\/14\/en-que-se-diferencian-las-bicis-de-contrarreloj-de-los-equipos-de-la-vuelta\/\"]}]},{\"@type\":\"ImageObject\",\"inLanguage\":\"es-ES\",\"@id\":\"https:\/\/www.welovecycling.com\/es\/2018\/09\/14\/en-que-se-diferencian-las-bicis-de-contrarreloj-de-los-equipos-de-la-vuelta\/#primaryimage\",\"url\":\"https:\/\/d2p6e6u75xmxt8.cloudfront.net\/6\/2018\/09\/Orbea-Crono.JPG.jpg\",\"contentUrl\":\"https:\/\/d2p6e6u75xmxt8.cloudfront.net\/6\/2018\/09\/Orbea-Crono.JPG.jpg\",\"width\":1024,\"height\":700},{\"@type\":\"BreadcrumbList\",\"@id\":\"https:\/\/www.welovecycling.com\/es\/2018\/09\/14\/en-que-se-diferencian-las-bicis-de-contrarreloj-de-los-equipos-de-la-vuelta\/#breadcrumb\",\"itemListElement\":[{\"@type\":\"ListItem\",\"position\":1,\"name\":\"Home\",\"item\":\"https:\/\/www.welovecycling.com\/es\/\"},{\"@type\":\"ListItem\",\"position\":2,\"name\":\"\u00bfEn qu\u00e9 se diferencian las bicis de contrarreloj de los equipos de La Vuelta?\"}]},{\"@type\":\"WebSite\",\"@id\":\"https:\/\/www.welovecycling.com\/es\/#website\",\"url\":\"https:\/\/www.welovecycling.com\/es\/\",\"name\":\"\u0160koda We Love Cycling - Spain\",\"description\":\"\u0160koda WeLoveCycling Spain\",\"potentialAction\":[{\"@type\":\"SearchAction\",\"target\":{\"@type\":\"EntryPoint\",\"urlTemplate\":\"https:\/\/www.welovecycling.com\/es\/?s={search_term_string}\"},\"query-input\":{\"@type\":\"PropertyValueSpecification\",\"valueRequired\":true,\"valueName\":\"search_term_string\"}}],\"inLanguage\":\"es-ES\"},{\"@type\":\"Person\",\"@id\":\"https:\/\/www.welovecycling.com\/es\/#\/schema\/person\/deb61715b5812698ee79fb96f343ccd4\",\"name\":\"We Love Cycling Spain\",\"image\":{\"@type\":\"ImageObject\",\"inLanguage\":\"es-ES\",\"@id\":\"https:\/\/www.welovecycling.com\/es\/#\/schema\/person\/image\/\",\"url\":\"https:\/\/secure.gravatar.com\/avatar\/c824b04e6df0e37a03219d0b6481672889df542894588964102459e46513159c?s=96&d=mm&r=g\",\"contentUrl\":\"https:\/\/secure.gravatar.com\/avatar\/c824b04e6df0e37a03219d0b6481672889df542894588964102459e46513159c?s=96&d=mm&r=g\",\"caption\":\"We Love Cycling Spain\"},\"url\":\"https:\/\/www.welovecycling.com\/es\/author\/amunoz\/\"}]}<\/script>\n<!-- \/ Yoast SEO Premium plugin. -->","yoast_head_json":{"title":"\u00bfEn qu\u00e9 se diferencian las bicis de contrarreloj de los equipos de La Vuelta? - \u0160koda We Love Cycling - Spain","description":"Las bicis de contrarreloj de los equipos de La Vuelta 2018. En qu\u00e9 se diferencian? Todas las bicicletas de contrarreloj de las mejores marcas.","robots":{"index":"index","follow":"follow","max-snippet":"max-snippet:-1","max-image-preview":"max-image-preview:large","max-video-preview":"max-video-preview:-1"},"canonical":"https:\/\/www.welovecycling.com\/es\/2018\/09\/14\/en-que-se-diferencian-las-bicis-de-contrarreloj-de-los-equipos-de-la-vuelta\/","og_locale":"es_ES","og_type":"article","og_title":"En qu\u00e9 se diferencian las bicis de contrarreloj de los equipos de La Vuelta","og_description":"Las bicis de contrarreloj de los equipos de La Vuelta 2018. En qu\u00e9 se diferencian? Todas las bicicletas de contrarreloj de las mejores marcas.","og_url":"https:\/\/www.welovecycling.com\/es\/2018\/09\/14\/en-que-se-diferencian-las-bicis-de-contrarreloj-de-los-equipos-de-la-vuelta\/","og_site_name":"\u0160koda We Love Cycling - Spain","article_published_time":"2018-09-14T07:03:07+00:00","article_modified_time":"2018-10-16T15:36:45+00:00","og_image":[{"width":1024,"height":700,"url":"https:\/\/d2p6e6u75xmxt8.cloudfront.net\/6\/2018\/09\/Orbea-Crono.JPG.jpg","type":"image\/jpeg"}],"author":"We Love Cycling Spain","twitter_card":"summary_large_image","twitter_title":"En qu\u00e9 se diferencian las bicis de contrarreloj de los equipos de La Vuelta","twitter_description":"Las bicis de contrarreloj de los equipos de La Vuelta 2018. En qu\u00e9 se diferencian? Todas las bicicletas de contrarreloj de las mejores marcas.","twitter_misc":{"Written by":"Luis Ortega @ciclored","Est. reading time":"3 minutes"},"schema":{"@context":"https:\/\/schema.org","@graph":[{"@type":"WebPage","@id":"https:\/\/www.welovecycling.com\/es\/2018\/09\/14\/en-que-se-diferencian-las-bicis-de-contrarreloj-de-los-equipos-de-la-vuelta\/","url":"https:\/\/www.welovecycling.com\/es\/2018\/09\/14\/en-que-se-diferencian-las-bicis-de-contrarreloj-de-los-equipos-de-la-vuelta\/","name":"\u00bfEn qu\u00e9 se diferencian las bicis de contrarreloj de los equipos de La Vuelta? - \u0160koda We Love Cycling - Spain","isPartOf":{"@id":"https:\/\/www.welovecycling.com\/es\/#website"},"primaryImageOfPage":{"@id":"https:\/\/www.welovecycling.com\/es\/2018\/09\/14\/en-que-se-diferencian-las-bicis-de-contrarreloj-de-los-equipos-de-la-vuelta\/#primaryimage"},"image":{"@id":"https:\/\/www.welovecycling.com\/es\/2018\/09\/14\/en-que-se-diferencian-las-bicis-de-contrarreloj-de-los-equipos-de-la-vuelta\/#primaryimage"},"thumbnailUrl":"https:\/\/d2p6e6u75xmxt8.cloudfront.net\/6\/2018\/09\/Orbea-Crono.JPG.jpg","datePublished":"2018-09-14T07:03:07+00:00","dateModified":"2018-10-16T15:36:45+00:00","author":{"@id":"https:\/\/www.welovecycling.com\/es\/#\/schema\/person\/deb61715b5812698ee79fb96f343ccd4"},"description":"Las bicis de contrarreloj de los equipos de La Vuelta 2018. En qu\u00e9 se diferencian? Todas las bicicletas de contrarreloj de las mejores marcas.","breadcrumb":{"@id":"https:\/\/www.welovecycling.com\/es\/2018\/09\/14\/en-que-se-diferencian-las-bicis-de-contrarreloj-de-los-equipos-de-la-vuelta\/#breadcrumb"},"inLanguage":"es-ES","potentialAction":[{"@type":"ReadAction","target":["https:\/\/www.welovecycling.com\/es\/2018\/09\/14\/en-que-se-diferencian-las-bicis-de-contrarreloj-de-los-equipos-de-la-vuelta\/"]}]},{"@type":"ImageObject","inLanguage":"es-ES","@id":"https:\/\/www.welovecycling.com\/es\/2018\/09\/14\/en-que-se-diferencian-las-bicis-de-contrarreloj-de-los-equipos-de-la-vuelta\/#primaryimage","url":"https:\/\/d2p6e6u75xmxt8.cloudfront.net\/6\/2018\/09\/Orbea-Crono.JPG.jpg","contentUrl":"https:\/\/d2p6e6u75xmxt8.cloudfront.net\/6\/2018\/09\/Orbea-Crono.JPG.jpg","width":1024,"height":700},{"@type":"BreadcrumbList","@id":"https:\/\/www.welovecycling.com\/es\/2018\/09\/14\/en-que-se-diferencian-las-bicis-de-contrarreloj-de-los-equipos-de-la-vuelta\/#breadcrumb","itemListElement":[{"@type":"ListItem","position":1,"name":"Home","item":"https:\/\/www.welovecycling.com\/es\/"},{"@type":"ListItem","position":2,"name":"\u00bfEn qu\u00e9 se diferencian las bicis de contrarreloj de los equipos de La Vuelta?"}]},{"@type":"WebSite","@id":"https:\/\/www.welovecycling.com\/es\/#website","url":"https:\/\/www.welovecycling.com\/es\/","name":"\u0160koda We Love Cycling - Spain","description":"\u0160koda WeLoveCycling Spain","potentialAction":[{"@type":"SearchAction","target":{"@type":"EntryPoint","urlTemplate":"https:\/\/www.welovecycling.com\/es\/?s={search_term_string}"},"query-input":{"@type":"PropertyValueSpecification","valueRequired":true,"valueName":"search_term_string"}}],"inLanguage":"es-ES"},{"@type":"Person","@id":"https:\/\/www.welovecycling.com\/es\/#\/schema\/person\/deb61715b5812698ee79fb96f343ccd4","name":"We Love Cycling Spain","image":{"@type":"ImageObject","inLanguage":"es-ES","@id":"https:\/\/www.welovecycling.com\/es\/#\/schema\/person\/image\/","url":"https:\/\/secure.gravatar.com\/avatar\/c824b04e6df0e37a03219d0b6481672889df542894588964102459e46513159c?s=96&d=mm&r=g","contentUrl":"https:\/\/secure.gravatar.com\/avatar\/c824b04e6df0e37a03219d0b6481672889df542894588964102459e46513159c?s=96&d=mm&r=g","caption":"We Love Cycling Spain"},"url":"https:\/\/www.welovecycling.com\/es\/author\/amunoz\/"}]}},"_links":{"self":[{"href":"https:\/\/www.welovecycling.com\/es\/wp-json\/wp\/v2\/posts\/3515","targetHints":{"allow":["GET"]}}],"collection":[{"href":"https:\/\/www.welovecycling.com\/es\/wp-json\/wp\/v2\/posts"}],"about":[{"href":"https:\/\/www.welovecycling.com\/es\/wp-json\/wp\/v2\/types\/post"}],"author":[{"embeddable":true,"href":"https:\/\/www.welovecycling.com\/es\/wp-json\/wp\/v2\/users\/29"}],"replies":[{"embeddable":true,"href":"https:\/\/www.welovecycling.com\/es\/wp-json\/wp\/v2\/comments?post=3515"}],"version-history":[{"count":2,"href":"https:\/\/www.welovecycling.com\/es\/wp-json\/wp\/v2\/posts\/3515\/revisions"}],"predecessor-version":[{"id":3692,"href":"https:\/\/www.welovecycling.com\/es\/wp-json\/wp\/v2\/posts\/3515\/revisions\/3692"}],"wp:featuredmedia":[{"embeddable":true,"href":"https:\/\/www.welovecycling.com\/es\/wp-json\/wp\/v2\/media\/3516"}],"wp:attachment":[{"href":"https:\/\/www.welovecycling.com\/es\/wp-json\/wp\/v2\/media?parent=3515"}],"wp:term":[{"taxonomy":"category","embeddable":true,"href":"https:\/\/www.welovecycling.com\/es\/wp-json\/wp\/v2\/categories?post=3515"},{"taxonomy":"post_tag","embeddable":true,"href":"https:\/\/www.welovecycling.com\/es\/wp-json\/wp\/v2\/tags?post=3515"},{"taxonomy":"global-categories","embeddable":true,"href":"https:\/\/www.welovecycling.com\/es\/wp-json\/wp\/v2\/global-categories?post=3515"}],"curies":[{"name":"wp","href":"https:\/\/api.w.org\/{rel}","templated":true}]}}