{"id":3494,"date":"2018-09-17T09:32:24","date_gmt":"2018-09-17T07:32:24","guid":{"rendered":"https:\/\/www.welovecycling.com\/es\/?p=3494"},"modified":"2018-10-16T11:18:56","modified_gmt":"2018-10-16T09:18:56","slug":"conectividad-de-las-bicicletas","status":"publish","type":"post","link":"https:\/\/www.welovecycling.com\/es\/2018\/09\/17\/conectividad-de-las-bicicletas\/","title":{"rendered":"El futuro del ciclismo. La conectividad de las bicicletas"},"content":{"rendered":"<p><strong>El <\/strong><strong>Internet de los objetos (IO) es exactamente como su nombre indica: una red que conecta dispositivos, objetos, m\u00e1quinas, medios de transporte, electrodom\u00e9sticos y otras cosas que poseemos o utilizamos. La IO recopila y analiza datos que nos hacen m\u00e1s inteligentes a la hora de utilizar todo lo anterior. Por ejemplo, no muy lejos en el futuro, podr\u00e1s encender tu lavavajillas o cafetera desde tu autom\u00f3vil de la misma manera que llamas a un taxi desde tu tel\u00e9fono.<\/strong><!--more--><\/p>\n<p>Una de las cosas que se est\u00e1 equipando cada vez m\u00e1s para formar parte de la IO es la bicicleta.<strong> Cada vez m\u00e1s fabricantes de bicicletas, muchos de los cuales est\u00e1n empezando, est\u00e1n equipando sus bicicletas con electr\u00f3nica, software, sensores y conectividad<\/strong>, y este desarrollo est\u00e1 trayendo gradualmente nuestro veh\u00edculo favorito de dos ruedas hacia el futuro. Tambi\u00e9n est\u00e1 mejorando la bicicleta. Una bicicleta conectada, y los datos que puede proporcionar, ayudar\u00e1n a los ciclistas a tener un mejor rendimiento, aumentar la seguridad, evitar lesiones y hacer m\u00e1s divertido su uso.<\/p>\n<figure id=\"attachment_3506\" aria-describedby=\"caption-attachment-3506\" style=\"width: 1152px\" class=\"wp-caption alignnone\"><a href=\"https:\/\/d2p6e6u75xmxt8.cloudfront.net\/6\/2018\/09\/445455447.JPG.jpg\"><img loading=\"lazy\" decoding=\"async\" class=\"wp-image-3506 size-full\" src=\"https:\/\/d2p6e6u75xmxt8.cloudfront.net\/6\/2018\/09\/445455447.JPG.jpg\" alt=\"\" width=\"1152\" height=\"607\" srcset=\"https:\/\/d2p6e6u75xmxt8.cloudfront.net\/6\/2018\/09\/445455447.JPG.jpg 1152w, https:\/\/d2p6e6u75xmxt8.cloudfront.net\/6\/2018\/09\/445455447.JPG-300x158.jpg 300w, https:\/\/d2p6e6u75xmxt8.cloudfront.net\/6\/2018\/09\/445455447.JPG-768x405.jpg 768w, https:\/\/d2p6e6u75xmxt8.cloudfront.net\/6\/2018\/09\/445455447.JPG-1024x540.jpg 1024w\" sizes=\"auto, (max-width: 1152px) 100vw, 1152px\" \/><\/a><figcaption id=\"caption-attachment-3506\" class=\"wp-caption-text\">Garmin Edge 1000<\/figcaption><\/figure>\n<p>&nbsp;<\/p>\n<p>Una funci\u00f3n basada en la conectividad que ya se est\u00e1 utilizando es la capacitaci\u00f3n basada en datos. <strong>El ciclocomputador Garmin Edge 1000 integra una bicicleta equipada con sensores, un medidor de potencia basado en pedal Vector, el sistema de cambio electr\u00f3nico Shimano Di2 y la c\u00e1mara de acci\u00f3n VIRB con un smartphone equipado con Bluetooth<\/strong> para proporcionar datos y an\u00e1lisis en tiempo real, lo que permite al usuario <strong>analizar su rendimiento, desarrollar reg\u00edmenes de entrenamiento<\/strong> y realizar un seguimiento y an\u00e1lisis de los recorridos.<\/p>\n<p>No es muy dif\u00edcil imaginar que, con el tiempo, todos los ciclistas que participan en una carrera en carretera -especialmente en un Gran Tour como la Vuelta- se conectar\u00e1n a un ordenador que recopila datos de rendimiento y analiza el rendimiento de cada corredor. Esto <strong>permitir\u00e1 a los jefes de equipo tomar decisiones m\u00e1s informadas sobre qui\u00e9n desempe\u00f1ar\u00e1 qu\u00e9 papel, especialmente en las etapas de monta\u00f1a, o qui\u00e9n est\u00e1 mejor preparado para participar en un sprint.<\/strong><\/p>\n<lite-youtube videoid=vkV8e4Ff4Tg params=\"enablejsapi=1\" style=\"background-image: url('https:\/\/i.ytimg.com\/vi_webp\/vkV8e4Ff4Tg\/maxresdefault.webp');\"><\/lite-youtube>\n<p>La conectividad tambi\u00e9n mejorar\u00e1 la forma en que usamos la bicicleta s\u00f3lo para movernos. Por ejemplo,<strong> smrtGRiPS, los primeros manillares conectados del mundo, permiten al ciclista navegar por la ciudad, localizar la bicicleta y proporcionar acceso a informaci\u00f3n vital como la ubicaci\u00f3n de carriles bici<\/strong> y rutas populares y\/o seguras. El piloto simplemente teclea el destino en su aplicaci\u00f3n Smartphone y el manillar har\u00e1 sonar su mano derecha o izquierda, usando tecnolog\u00eda h\u00e1ptica, indicando el giro correcto.<\/p>\n<p>La <strong>VanHawks Valour Bike est\u00e1 equipada con un giroscopio y un magn\u00f3metro para detectar y analizar el entorno circundante, detectando la ubicaci\u00f3n de baches, por ejemplo, o registrando la pendiente de una subida o bajada<\/strong>. Su manillar zumbar\u00e1 si un veh\u00edculo aparece en el \u00e1ngulo muerto del piloto, las luces LED indicar\u00e1n los giros a realizar en una ruta planificada en la aplicaci\u00f3n para smartphones y la bici sugerir\u00e1 nuevas rutas en funci\u00f3n de las cuales las carreteras son m\u00e1s f\u00e1ciles y seguras.<\/p>\n<figure id=\"attachment_3509\" aria-describedby=\"caption-attachment-3509\" style=\"width: 2000px\" class=\"wp-caption alignnone\"><a href=\"https:\/\/d2p6e6u75xmxt8.cloudfront.net\/6\/2018\/09\/5abad8a160e600ba6ad0d03e_5_exported-p-2000.jpeg\"><img loading=\"lazy\" decoding=\"async\" class=\"size-full wp-image-3509\" src=\"https:\/\/d2p6e6u75xmxt8.cloudfront.net\/6\/2018\/09\/5abad8a160e600ba6ad0d03e_5_exported-p-2000.jpeg\" alt=\"\" width=\"2000\" height=\"1240\" srcset=\"https:\/\/d2p6e6u75xmxt8.cloudfront.net\/6\/2018\/09\/5abad8a160e600ba6ad0d03e_5_exported-p-2000.jpeg 2000w, https:\/\/d2p6e6u75xmxt8.cloudfront.net\/6\/2018\/09\/5abad8a160e600ba6ad0d03e_5_exported-p-2000-300x186.jpeg 300w, https:\/\/d2p6e6u75xmxt8.cloudfront.net\/6\/2018\/09\/5abad8a160e600ba6ad0d03e_5_exported-p-2000-768x476.jpeg 768w, https:\/\/d2p6e6u75xmxt8.cloudfront.net\/6\/2018\/09\/5abad8a160e600ba6ad0d03e_5_exported-p-2000-1024x635.jpeg 1024w, https:\/\/d2p6e6u75xmxt8.cloudfront.net\/6\/2018\/09\/5abad8a160e600ba6ad0d03e_5_exported-p-2000-1920x1190.jpeg 1920w, https:\/\/d2p6e6u75xmxt8.cloudfront.net\/6\/2018\/09\/5abad8a160e600ba6ad0d03e_5_exported-p-2000-1920x1190.jpeg 1920w\" sizes=\"auto, (max-width: 2000px) 100vw, 2000px\" \/><\/a><figcaption id=\"caption-attachment-3509\" class=\"wp-caption-text\">VanHawks Valour Bike<\/figcaption><\/figure>\n<p>&nbsp;<\/p>\n<p>Adem\u00e1s, <strong>el pedal inteligente de ciclo conectado aprovecha el GPS para evitar que la bicicleta sea robada, permitiendo al usuario o propietario seguir los movimientos de la bicicleta<\/strong>. Si te han robado la bicicleta, te enviar\u00e1 un mensaje de texto a trav\u00e9s de la aplicaci\u00f3n para avisarte de que est\u00e1 en movimiento. A continuaci\u00f3n, le permite rastrear la bicicleta robada en tiempo real a trav\u00e9s de la aplicaci\u00f3n. Como beneficio secundario, registra la velocidad, ruta, inclinaci\u00f3n de subidas y bajadas, y las calor\u00edas que el piloto ha quemado en cada viaje, y almacena los datos, permitiendo al usuario hacer un seguimiento de su progreso a lo largo del tiempo.<\/p>\n<p>La<strong> Bulls Connected Bike, que est\u00e1 equipada con un gran n\u00famero de sensores, puede detectar si se ha tenido un accidente y, si es necesario, enviar una llamada de emergencia.<\/strong> Los sensores interpretan la situaci\u00f3n c\u00edclica, y si la velocidad cae repentinamente a cero y la bicicleta est\u00e1 apoyada en su lado, el sistema notifica al ciclista que una llamada de emergencia es inminente. Si el piloto no reacciona al mensaje, la llamada de emergencia &#8211; que incluye la ubicaci\u00f3n de la motocicleta &#8211; se env\u00eda inmediatamente a un contacto preespecificado en la aplicaci\u00f3n.<\/p>\n<lite-youtube videoid=UeiiCSLQSxw params=\"enablejsapi=1\" style=\"background-image: url('https:\/\/i.ytimg.com\/vi_webp\/UeiiCSLQSxw\/maxresdefault.webp');\"><\/lite-youtube>\n<p>Pero esto no es m\u00e1s que el comienzo del desarrollo de la bicicleta\u00a0conectada. A medida que la tecnolog\u00eda mejore, se ir\u00e1n a\u00f1adiendo nuevas funciones, entre las que se incluyen, por ejemplo,<strong> la interacci\u00f3n con los medios de comunicaci\u00f3n social, las soluciones para compartir bicicletas para que pueda encargar, localizar y acceder a una bicicleta compartida a trav\u00e9s de una aplicaci\u00f3n, e incluso los datos meteorol\u00f3gicos y de la superficie de las carreteras generados por la multitud<\/strong>. Qui\u00e9n sabe, alg\u00fan d\u00eda podr\u00e1s incluso usar tu bicicleta conectada para darte un ba\u00f1o caliente en tu casa, ya que vienes de una agotadora y lluviosa aventura a campo a trav\u00e9s.<\/p>\n","protected":false},"excerpt":{"rendered":"<p>El Internet de los objetos (IO) es exactamente como su nombre indica: una red que conecta dispositivos, objetos, m\u00e1quinas, medios [&hellip;]<\/p>\n","protected":false},"author":29,"featured_media":3511,"comment_status":"open","ping_status":"open","sticky":false,"template":"","format":"standard","meta":{"footnotes":""},"categories":[8,6],"tags":[641,640],"global-categories":[],"class_list":["post-3494","post","type-post","status-publish","format-standard","has-post-thumbnail","hentry","category-life-style","category-urban","tag-ciclismo-y-electronica","tag-conectividad-de-las-bicicletas"],"yoast_head":"<!-- This site is optimized with the Yoast SEO Premium plugin v25.3 (Yoast SEO v25.9) - https:\/\/yoast.com\/wordpress\/plugins\/seo\/ -->\n<title>El futuro del ciclismo. La conectividad de las bicicletas - \u0160koda We Love Cycling - Spain<\/title>\n<meta name=\"description\" content=\"Cada vez m\u00e1s fabricantes apuestan por la conectividad de las bicicletas, muchos de los cuales est\u00e1n equipando sus bicicletas con electr\u00f3nica, software, sensores y conectividad,\" \/>\n<meta name=\"robots\" content=\"index, follow, max-snippet:-1, max-image-preview:large, max-video-preview:-1\" \/>\n<link rel=\"canonical\" href=\"https:\/\/www.welovecycling.com\/es\/2018\/09\/17\/conectividad-de-las-bicicletas\/\" \/>\n<meta property=\"og:locale\" content=\"es_ES\" \/>\n<meta property=\"og:type\" content=\"article\" \/>\n<meta property=\"og:title\" content=\"El futuro del ciclismo. La conectividad de las bicicletas\" \/>\n<meta property=\"og:description\" content=\"Cada vez m\u00e1s fabricantes apuesta con la concetividad de las bicicletas, muchos de los cuales est\u00e1n equipando sus bicicletas con electr\u00f3nica, software, sensores y conectividad,\" \/>\n<meta property=\"og:url\" content=\"https:\/\/www.welovecycling.com\/es\/2018\/09\/17\/conectividad-de-las-bicicletas\/\" \/>\n<meta property=\"og:site_name\" content=\"\u0160koda We Love Cycling - Spain\" \/>\n<meta property=\"article:published_time\" content=\"2018-09-17T07:32:24+00:00\" \/>\n<meta property=\"article:modified_time\" content=\"2018-10-16T09:18:56+00:00\" \/>\n<meta property=\"og:image\" content=\"https:\/\/d2p6e6u75xmxt8.cloudfront.net\/6\/2018\/09\/vanHAWKS.jpg\" \/>\n\t<meta property=\"og:image:width\" content=\"1366\" \/>\n\t<meta property=\"og:image:height\" content=\"600\" \/>\n\t<meta property=\"og:image:type\" content=\"image\/jpeg\" \/>\n<meta name=\"author\" content=\"We Love Cycling Spain\" \/>\n<meta name=\"twitter:card\" content=\"summary_large_image\" \/>\n<meta name=\"twitter:title\" content=\"El futuro del ciclismo. La conectividad de las bicicletas\" \/>\n<meta name=\"twitter:description\" content=\"Cada vez m\u00e1s fabricantes apuesta con la concetividad de las bicicletas, muchos de los cuales est\u00e1n equipando sus bicicletas con electr\u00f3nica, software, sensores y conectividad,\" \/>\n<meta name=\"twitter:label1\" content=\"Written by\" \/>\n\t<meta name=\"twitter:data1\" content=\"Siegfried Mortkowitz\" \/>\n\t<meta name=\"twitter:label2\" content=\"Est. reading time\" \/>\n\t<meta name=\"twitter:data2\" content=\"5\" \/>\n<script type=\"application\/ld+json\" class=\"yoast-schema-graph\">{\"@context\":\"https:\/\/schema.org\",\"@graph\":[{\"@type\":\"WebPage\",\"@id\":\"https:\/\/www.welovecycling.com\/es\/2018\/09\/17\/conectividad-de-las-bicicletas\/\",\"url\":\"https:\/\/www.welovecycling.com\/es\/2018\/09\/17\/conectividad-de-las-bicicletas\/\",\"name\":\"El futuro del ciclismo. La conectividad de las bicicletas - \u0160koda We Love Cycling - Spain\",\"isPartOf\":{\"@id\":\"https:\/\/www.welovecycling.com\/es\/#website\"},\"primaryImageOfPage\":{\"@id\":\"https:\/\/www.welovecycling.com\/es\/2018\/09\/17\/conectividad-de-las-bicicletas\/#primaryimage\"},\"image\":{\"@id\":\"https:\/\/www.welovecycling.com\/es\/2018\/09\/17\/conectividad-de-las-bicicletas\/#primaryimage\"},\"thumbnailUrl\":\"https:\/\/d2p6e6u75xmxt8.cloudfront.net\/6\/2018\/09\/vanHAWKS.jpg\",\"datePublished\":\"2018-09-17T07:32:24+00:00\",\"dateModified\":\"2018-10-16T09:18:56+00:00\",\"author\":{\"@id\":\"https:\/\/www.welovecycling.com\/es\/#\/schema\/person\/deb61715b5812698ee79fb96f343ccd4\"},\"description\":\"Cada vez m\u00e1s fabricantes apuestan por la conectividad de las bicicletas, muchos de los cuales est\u00e1n equipando sus bicicletas con electr\u00f3nica, software, sensores y conectividad,\",\"breadcrumb\":{\"@id\":\"https:\/\/www.welovecycling.com\/es\/2018\/09\/17\/conectividad-de-las-bicicletas\/#breadcrumb\"},\"inLanguage\":\"es-ES\",\"potentialAction\":[{\"@type\":\"ReadAction\",\"target\":[\"https:\/\/www.welovecycling.com\/es\/2018\/09\/17\/conectividad-de-las-bicicletas\/\"]}]},{\"@type\":\"ImageObject\",\"inLanguage\":\"es-ES\",\"@id\":\"https:\/\/www.welovecycling.com\/es\/2018\/09\/17\/conectividad-de-las-bicicletas\/#primaryimage\",\"url\":\"https:\/\/d2p6e6u75xmxt8.cloudfront.net\/6\/2018\/09\/vanHAWKS.jpg\",\"contentUrl\":\"https:\/\/d2p6e6u75xmxt8.cloudfront.net\/6\/2018\/09\/vanHAWKS.jpg\",\"width\":1366,\"height\":600},{\"@type\":\"BreadcrumbList\",\"@id\":\"https:\/\/www.welovecycling.com\/es\/2018\/09\/17\/conectividad-de-las-bicicletas\/#breadcrumb\",\"itemListElement\":[{\"@type\":\"ListItem\",\"position\":1,\"name\":\"Home\",\"item\":\"https:\/\/www.welovecycling.com\/es\/\"},{\"@type\":\"ListItem\",\"position\":2,\"name\":\"El futuro del ciclismo. La conectividad de las bicicletas\"}]},{\"@type\":\"WebSite\",\"@id\":\"https:\/\/www.welovecycling.com\/es\/#website\",\"url\":\"https:\/\/www.welovecycling.com\/es\/\",\"name\":\"\u0160koda We Love Cycling - Spain\",\"description\":\"\u0160koda WeLoveCycling Spain\",\"potentialAction\":[{\"@type\":\"SearchAction\",\"target\":{\"@type\":\"EntryPoint\",\"urlTemplate\":\"https:\/\/www.welovecycling.com\/es\/?s={search_term_string}\"},\"query-input\":{\"@type\":\"PropertyValueSpecification\",\"valueRequired\":true,\"valueName\":\"search_term_string\"}}],\"inLanguage\":\"es-ES\"},{\"@type\":\"Person\",\"@id\":\"https:\/\/www.welovecycling.com\/es\/#\/schema\/person\/deb61715b5812698ee79fb96f343ccd4\",\"name\":\"We Love Cycling Spain\",\"image\":{\"@type\":\"ImageObject\",\"inLanguage\":\"es-ES\",\"@id\":\"https:\/\/www.welovecycling.com\/es\/#\/schema\/person\/image\/\",\"url\":\"https:\/\/secure.gravatar.com\/avatar\/c824b04e6df0e37a03219d0b6481672889df542894588964102459e46513159c?s=96&d=mm&r=g\",\"contentUrl\":\"https:\/\/secure.gravatar.com\/avatar\/c824b04e6df0e37a03219d0b6481672889df542894588964102459e46513159c?s=96&d=mm&r=g\",\"caption\":\"We Love Cycling Spain\"},\"url\":\"https:\/\/www.welovecycling.com\/es\/author\/amunoz\/\"}]}<\/script>\n<!-- \/ Yoast SEO Premium plugin. -->","yoast_head_json":{"title":"El futuro del ciclismo. La conectividad de las bicicletas - \u0160koda We Love Cycling - Spain","description":"Cada vez m\u00e1s fabricantes apuestan por la conectividad de las bicicletas, muchos de los cuales est\u00e1n equipando sus bicicletas con electr\u00f3nica, software, sensores y conectividad,","robots":{"index":"index","follow":"follow","max-snippet":"max-snippet:-1","max-image-preview":"max-image-preview:large","max-video-preview":"max-video-preview:-1"},"canonical":"https:\/\/www.welovecycling.com\/es\/2018\/09\/17\/conectividad-de-las-bicicletas\/","og_locale":"es_ES","og_type":"article","og_title":"El futuro del ciclismo. La conectividad de las bicicletas","og_description":"Cada vez m\u00e1s fabricantes apuesta con la concetividad de las bicicletas, muchos de los cuales est\u00e1n equipando sus bicicletas con electr\u00f3nica, software, sensores y conectividad,","og_url":"https:\/\/www.welovecycling.com\/es\/2018\/09\/17\/conectividad-de-las-bicicletas\/","og_site_name":"\u0160koda We Love Cycling - Spain","article_published_time":"2018-09-17T07:32:24+00:00","article_modified_time":"2018-10-16T09:18:56+00:00","og_image":[{"width":1366,"height":600,"url":"https:\/\/d2p6e6u75xmxt8.cloudfront.net\/6\/2018\/09\/vanHAWKS.jpg","type":"image\/jpeg"}],"author":"We Love Cycling Spain","twitter_card":"summary_large_image","twitter_title":"El futuro del ciclismo. La conectividad de las bicicletas","twitter_description":"Cada vez m\u00e1s fabricantes apuesta con la concetividad de las bicicletas, muchos de los cuales est\u00e1n equipando sus bicicletas con electr\u00f3nica, software, sensores y conectividad,","twitter_misc":{"Written by":"Siegfried Mortkowitz","Est. reading time":"5"},"schema":{"@context":"https:\/\/schema.org","@graph":[{"@type":"WebPage","@id":"https:\/\/www.welovecycling.com\/es\/2018\/09\/17\/conectividad-de-las-bicicletas\/","url":"https:\/\/www.welovecycling.com\/es\/2018\/09\/17\/conectividad-de-las-bicicletas\/","name":"El futuro del ciclismo. La conectividad de las bicicletas - \u0160koda We Love Cycling - Spain","isPartOf":{"@id":"https:\/\/www.welovecycling.com\/es\/#website"},"primaryImageOfPage":{"@id":"https:\/\/www.welovecycling.com\/es\/2018\/09\/17\/conectividad-de-las-bicicletas\/#primaryimage"},"image":{"@id":"https:\/\/www.welovecycling.com\/es\/2018\/09\/17\/conectividad-de-las-bicicletas\/#primaryimage"},"thumbnailUrl":"https:\/\/d2p6e6u75xmxt8.cloudfront.net\/6\/2018\/09\/vanHAWKS.jpg","datePublished":"2018-09-17T07:32:24+00:00","dateModified":"2018-10-16T09:18:56+00:00","author":{"@id":"https:\/\/www.welovecycling.com\/es\/#\/schema\/person\/deb61715b5812698ee79fb96f343ccd4"},"description":"Cada vez m\u00e1s fabricantes apuestan por la conectividad de las bicicletas, muchos de los cuales est\u00e1n equipando sus bicicletas con electr\u00f3nica, software, sensores y conectividad,","breadcrumb":{"@id":"https:\/\/www.welovecycling.com\/es\/2018\/09\/17\/conectividad-de-las-bicicletas\/#breadcrumb"},"inLanguage":"es-ES","potentialAction":[{"@type":"ReadAction","target":["https:\/\/www.welovecycling.com\/es\/2018\/09\/17\/conectividad-de-las-bicicletas\/"]}]},{"@type":"ImageObject","inLanguage":"es-ES","@id":"https:\/\/www.welovecycling.com\/es\/2018\/09\/17\/conectividad-de-las-bicicletas\/#primaryimage","url":"https:\/\/d2p6e6u75xmxt8.cloudfront.net\/6\/2018\/09\/vanHAWKS.jpg","contentUrl":"https:\/\/d2p6e6u75xmxt8.cloudfront.net\/6\/2018\/09\/vanHAWKS.jpg","width":1366,"height":600},{"@type":"BreadcrumbList","@id":"https:\/\/www.welovecycling.com\/es\/2018\/09\/17\/conectividad-de-las-bicicletas\/#breadcrumb","itemListElement":[{"@type":"ListItem","position":1,"name":"Home","item":"https:\/\/www.welovecycling.com\/es\/"},{"@type":"ListItem","position":2,"name":"El futuro del ciclismo. La conectividad de las bicicletas"}]},{"@type":"WebSite","@id":"https:\/\/www.welovecycling.com\/es\/#website","url":"https:\/\/www.welovecycling.com\/es\/","name":"\u0160koda We Love Cycling - Spain","description":"\u0160koda WeLoveCycling Spain","potentialAction":[{"@type":"SearchAction","target":{"@type":"EntryPoint","urlTemplate":"https:\/\/www.welovecycling.com\/es\/?s={search_term_string}"},"query-input":{"@type":"PropertyValueSpecification","valueRequired":true,"valueName":"search_term_string"}}],"inLanguage":"es-ES"},{"@type":"Person","@id":"https:\/\/www.welovecycling.com\/es\/#\/schema\/person\/deb61715b5812698ee79fb96f343ccd4","name":"We Love Cycling Spain","image":{"@type":"ImageObject","inLanguage":"es-ES","@id":"https:\/\/www.welovecycling.com\/es\/#\/schema\/person\/image\/","url":"https:\/\/secure.gravatar.com\/avatar\/c824b04e6df0e37a03219d0b6481672889df542894588964102459e46513159c?s=96&d=mm&r=g","contentUrl":"https:\/\/secure.gravatar.com\/avatar\/c824b04e6df0e37a03219d0b6481672889df542894588964102459e46513159c?s=96&d=mm&r=g","caption":"We Love Cycling Spain"},"url":"https:\/\/www.welovecycling.com\/es\/author\/amunoz\/"}]}},"_links":{"self":[{"href":"https:\/\/www.welovecycling.com\/es\/wp-json\/wp\/v2\/posts\/3494","targetHints":{"allow":["GET"]}}],"collection":[{"href":"https:\/\/www.welovecycling.com\/es\/wp-json\/wp\/v2\/posts"}],"about":[{"href":"https:\/\/www.welovecycling.com\/es\/wp-json\/wp\/v2\/types\/post"}],"author":[{"embeddable":true,"href":"https:\/\/www.welovecycling.com\/es\/wp-json\/wp\/v2\/users\/29"}],"replies":[{"embeddable":true,"href":"https:\/\/www.welovecycling.com\/es\/wp-json\/wp\/v2\/comments?post=3494"}],"version-history":[{"count":2,"href":"https:\/\/www.welovecycling.com\/es\/wp-json\/wp\/v2\/posts\/3494\/revisions"}],"predecessor-version":[{"id":3683,"href":"https:\/\/www.welovecycling.com\/es\/wp-json\/wp\/v2\/posts\/3494\/revisions\/3683"}],"wp:featuredmedia":[{"embeddable":true,"href":"https:\/\/www.welovecycling.com\/es\/wp-json\/wp\/v2\/media\/3511"}],"wp:attachment":[{"href":"https:\/\/www.welovecycling.com\/es\/wp-json\/wp\/v2\/media?parent=3494"}],"wp:term":[{"taxonomy":"category","embeddable":true,"href":"https:\/\/www.welovecycling.com\/es\/wp-json\/wp\/v2\/categories?post=3494"},{"taxonomy":"post_tag","embeddable":true,"href":"https:\/\/www.welovecycling.com\/es\/wp-json\/wp\/v2\/tags?post=3494"},{"taxonomy":"global-categories","embeddable":true,"href":"https:\/\/www.welovecycling.com\/es\/wp-json\/wp\/v2\/global-categories?post=3494"}],"curies":[{"name":"wp","href":"https:\/\/api.w.org\/{rel}","templated":true}]}}