{"id":3493,"date":"2018-09-12T22:24:52","date_gmt":"2018-09-12T20:24:52","guid":{"rendered":"https:\/\/www.welovecycling.com\/es\/?p=3493"},"modified":"2018-09-12T22:24:52","modified_gmt":"2018-09-12T20:24:52","slug":"la-primera-contrarreloj","status":"publish","type":"post","link":"https:\/\/www.welovecycling.com\/es\/2018\/09\/12\/la-primera-contrarreloj\/","title":{"rendered":"As\u00ed se naci\u00f3 la primera contrarreloj. Ni te imaginas c\u00f3mo fue"},"content":{"rendered":"<p><strong>No fue en competici\u00f3n oficial, ni muchos menos por un ide\u00f3logo del ciclismo. La primera contrarreloj naci\u00f3 como medida de seguridad vial en Inglaterra. Aqu\u00ed te lo vamos a explicar.\u00a0<\/strong><!--more--><\/p>\n<p>A principios del siglo XX, el ciclismo se hab\u00eda democratizado y, en un mundo en gran medida libre de coches, las bicicletas eran la forma m\u00e1s barata y r\u00e1pida para que los ciudadanos brit\u00e1nicos pudieran desplazarse por el pa\u00eds. Casi inmediatamente, grandes grupos de j\u00f3venes rodaban alrededor de las calles de la ciudad y del campo. Los tablones de anuncios de las aldeas anunciaban una carrera, y no ser\u00eda raro tener hasta 100 ciclistas recorriendo una aldea a toda velocidad. Compruebe el tama\u00f1o de esta carrera en 1916&#8230;.<\/p>\n<lite-youtube videoid=m-khuXN9GKA params=\"enablejsapi=1\" style=\"background-image: url('https:\/\/i.ytimg.com\/vi_webp\/m-khuXN9GKA\/maxresdefault.webp');\"><\/lite-youtube>\n<p>Toda esta conmoci\u00f3n atrajo la atenci\u00f3n de los partidos pol\u00edticos as\u00ed como la atenci\u00f3n de las fuerzas de seguridad, que se enfrentaron a una presi\u00f3n cada vez mayor para hacer algo con respecto a la &#8220;amenaza a los ciclistas&#8221;, una controversia que persiste hasta el d\u00eda de hoy.<\/p>\n<p>A finales de la Gran Breta\u00f1a victoriana, la polic\u00eda sol\u00eda optar por procesar al ciclista, especialmente dada la asociaci\u00f3n de la bicicleta con la protesta pol\u00edtica y los disturbios de la clase obrera. No ayud\u00f3 que los ciclistas y los primeros propietarios de autom\u00f3viles fueran generalmente los miembros m\u00e1s acaudalados de la sociedad brit\u00e1nica.<\/p>\n<p>Para evitar nuevos conflictos con las autoridades, un grupo de clubes ciclistas brit\u00e1nicos form\u00f3 el Road Racing Council en 1922 para regular el deporte. En 1937 hab\u00eda tanto tr\u00e1fico motorizado en las carreteras que la organizaci\u00f3n de eventos de 100 ciclistas se hizo cada vez m\u00e1s dif\u00edcil y peligrosa. Por lo tanto, el consejo cambi\u00f3 su estrategia, y su nombre por el de Road Time Trials Council (RTTC).<\/p>\n<lite-youtube videoid=YAUHxx3EcAY params=\"enablejsapi=1\" style=\"background-image: url('https:\/\/i.ytimg.com\/vi_webp\/YAUHxx3EcAY\/maxresdefault.webp');\"><\/lite-youtube>\n<p><em>The Bath Road 100 shows cyclists racing on open roads.<\/em><\/p>\n<p>El RTTC se dio cuenta de que si los ciclistas iban en solitario la carretera estar\u00eda menos obstruida para otros usuarios y a cada ciclista se le dar\u00eda un tiempo al final de su carrera, y una posici\u00f3n en la clasificaci\u00f3n. La contrarreloj se convirti\u00f3 en un gran \u00e9xito entre la comunidad ciclista brit\u00e1nica.<\/p>\n<p>De hecho, el formato demostr\u00f3 ser tan popular que fue adoptado por las carreras de motocicletas y de coches de rally. Y en el ciclismo, las contrarrelojes perduran hasta el d\u00eda de hoy como parte de eventos como el Tour de Francia. As\u00ed que la pr\u00f3xima vez que veas una contrarreloj, recuerda que todo comenz\u00f3 como una forma de compartir la carretera de forma responsable.<\/p>\n<lite-youtube videoid=fjKANS89SiE params=\"enablejsapi=1\" style=\"background-image: url('https:\/\/i.ytimg.com\/vi_webp\/fjKANS89SiE\/maxresdefault.webp');\"><\/lite-youtube>\n","protected":false},"excerpt":{"rendered":"<p>No fue en competici\u00f3n oficial, ni muchos menos por un ide\u00f3logo del ciclismo. La primera contrarreloj naci\u00f3 como medida de [&hellip;]<\/p>\n","protected":false},"author":29,"featured_media":3507,"comment_status":"open","ping_status":"open","sticky":false,"template":"","format":"standard","meta":{"footnotes":""},"categories":[7],"tags":[638,639],"global-categories":[],"class_list":["post-3493","post","type-post","status-publish","format-standard","has-post-thumbnail","hentry","category-carretera","tag-contrarreloj","tag-origen-de-la-contrarreloj"],"yoast_head":"<!-- This site is optimized with the Yoast SEO Premium plugin v25.3 (Yoast SEO v25.9) - https:\/\/yoast.com\/wordpress\/plugins\/seo\/ -->\n<title>As\u00ed se naci\u00f3 la primera contrarreloj. Ni te imaginas c\u00f3mo fue - \u0160koda We Love Cycling - Spain<\/title>\n<meta name=\"description\" content=\"No fue en competici\u00f3n oficial, ni muchos menos por un ide\u00f3logo del ciclismo. La primera contrarreloj naci\u00f3 como medida de seguridad vial en Inglaterra. Aqu\u00ed te lo vamos a explicar.\u00a0\" \/>\n<meta name=\"robots\" content=\"index, follow, max-snippet:-1, max-image-preview:large, max-video-preview:-1\" \/>\n<link rel=\"canonical\" href=\"https:\/\/www.welovecycling.com\/es\/2018\/09\/12\/la-primera-contrarreloj\/\" \/>\n<meta property=\"og:locale\" content=\"es_ES\" \/>\n<meta property=\"og:type\" content=\"article\" \/>\n<meta property=\"og:title\" content=\"As\u00ed se naci\u00f3 la primera contrarreloj. Ni te imaginas c\u00f3mo fue\" \/>\n<meta property=\"og:description\" content=\"No fue en competici\u00f3n oficial, ni muchos menos por un ide\u00f3logo del ciclismo. La primera contrarreloj naci\u00f3 como medida de seguridad vial en Inglaterra. Aqu\u00ed te lo vamos a explicar.\u00a0\" \/>\n<meta property=\"og:url\" content=\"https:\/\/www.welovecycling.com\/es\/2018\/09\/12\/la-primera-contrarreloj\/\" \/>\n<meta property=\"og:site_name\" content=\"\u0160koda We Love Cycling - Spain\" \/>\n<meta property=\"article:published_time\" content=\"2018-09-12T20:24:52+00:00\" \/>\n<meta property=\"og:image\" content=\"https:\/\/d2p6e6u75xmxt8.cloudfront.net\/6\/2018\/09\/cover1-1.jpg\" \/>\n\t<meta property=\"og:image:width\" content=\"1375\" \/>\n\t<meta property=\"og:image:height\" content=\"600\" \/>\n\t<meta property=\"og:image:type\" content=\"image\/jpeg\" \/>\n<meta name=\"author\" content=\"We Love Cycling Spain\" \/>\n<meta name=\"twitter:card\" content=\"summary_large_image\" \/>\n<meta name=\"twitter:title\" content=\"As\u00ed se naci\u00f3 la primera contrarreloj. Ni te imaginas c\u00f3mo fue\" \/>\n<meta name=\"twitter:description\" content=\"No fue en competici\u00f3n oficial, ni muchos menos por un ide\u00f3logo del ciclismo. La primera contrarreloj naci\u00f3 como medida de seguridad vial en Inglaterra. Aqu\u00ed te lo vamos a explicar.\u00a0\" \/>\n<meta name=\"twitter:label1\" content=\"Written by\" \/>\n\t<meta name=\"twitter:data1\" content=\"Christopher Ashley\" \/>\n\t<meta name=\"twitter:label2\" content=\"Est. reading time\" \/>\n\t<meta name=\"twitter:data2\" content=\"6\" \/>\n<script type=\"application\/ld+json\" class=\"yoast-schema-graph\">{\"@context\":\"https:\/\/schema.org\",\"@graph\":[{\"@type\":\"WebPage\",\"@id\":\"https:\/\/www.welovecycling.com\/es\/2018\/09\/12\/la-primera-contrarreloj\/\",\"url\":\"https:\/\/www.welovecycling.com\/es\/2018\/09\/12\/la-primera-contrarreloj\/\",\"name\":\"As\u00ed se naci\u00f3 la primera contrarreloj. Ni te imaginas c\u00f3mo fue - \u0160koda We Love Cycling - Spain\",\"isPartOf\":{\"@id\":\"https:\/\/www.welovecycling.com\/es\/#website\"},\"primaryImageOfPage\":{\"@id\":\"https:\/\/www.welovecycling.com\/es\/2018\/09\/12\/la-primera-contrarreloj\/#primaryimage\"},\"image\":{\"@id\":\"https:\/\/www.welovecycling.com\/es\/2018\/09\/12\/la-primera-contrarreloj\/#primaryimage\"},\"thumbnailUrl\":\"https:\/\/d2p6e6u75xmxt8.cloudfront.net\/6\/2018\/09\/cover1-1.jpg\",\"datePublished\":\"2018-09-12T20:24:52+00:00\",\"author\":{\"@id\":\"https:\/\/www.welovecycling.com\/es\/#\/schema\/person\/deb61715b5812698ee79fb96f343ccd4\"},\"description\":\"No fue en competici\u00f3n oficial, ni muchos menos por un ide\u00f3logo del ciclismo. La primera contrarreloj naci\u00f3 como medida de seguridad vial en Inglaterra. Aqu\u00ed te lo vamos a explicar.\u00a0\",\"breadcrumb\":{\"@id\":\"https:\/\/www.welovecycling.com\/es\/2018\/09\/12\/la-primera-contrarreloj\/#breadcrumb\"},\"inLanguage\":\"es-ES\",\"potentialAction\":[{\"@type\":\"ReadAction\",\"target\":[\"https:\/\/www.welovecycling.com\/es\/2018\/09\/12\/la-primera-contrarreloj\/\"]}]},{\"@type\":\"ImageObject\",\"inLanguage\":\"es-ES\",\"@id\":\"https:\/\/www.welovecycling.com\/es\/2018\/09\/12\/la-primera-contrarreloj\/#primaryimage\",\"url\":\"https:\/\/d2p6e6u75xmxt8.cloudfront.net\/6\/2018\/09\/cover1-1.jpg\",\"contentUrl\":\"https:\/\/d2p6e6u75xmxt8.cloudfront.net\/6\/2018\/09\/cover1-1.jpg\",\"width\":1375,\"height\":600},{\"@type\":\"BreadcrumbList\",\"@id\":\"https:\/\/www.welovecycling.com\/es\/2018\/09\/12\/la-primera-contrarreloj\/#breadcrumb\",\"itemListElement\":[{\"@type\":\"ListItem\",\"position\":1,\"name\":\"Home\",\"item\":\"https:\/\/www.welovecycling.com\/es\/\"},{\"@type\":\"ListItem\",\"position\":2,\"name\":\"As\u00ed se naci\u00f3 la primera contrarreloj. Ni te imaginas c\u00f3mo fue\"}]},{\"@type\":\"WebSite\",\"@id\":\"https:\/\/www.welovecycling.com\/es\/#website\",\"url\":\"https:\/\/www.welovecycling.com\/es\/\",\"name\":\"\u0160koda We Love Cycling - Spain\",\"description\":\"\u0160koda WeLoveCycling Spain\",\"potentialAction\":[{\"@type\":\"SearchAction\",\"target\":{\"@type\":\"EntryPoint\",\"urlTemplate\":\"https:\/\/www.welovecycling.com\/es\/?s={search_term_string}\"},\"query-input\":{\"@type\":\"PropertyValueSpecification\",\"valueRequired\":true,\"valueName\":\"search_term_string\"}}],\"inLanguage\":\"es-ES\"},{\"@type\":\"Person\",\"@id\":\"https:\/\/www.welovecycling.com\/es\/#\/schema\/person\/deb61715b5812698ee79fb96f343ccd4\",\"name\":\"We Love Cycling Spain\",\"image\":{\"@type\":\"ImageObject\",\"inLanguage\":\"es-ES\",\"@id\":\"https:\/\/www.welovecycling.com\/es\/#\/schema\/person\/image\/\",\"url\":\"https:\/\/secure.gravatar.com\/avatar\/c824b04e6df0e37a03219d0b6481672889df542894588964102459e46513159c?s=96&d=mm&r=g\",\"contentUrl\":\"https:\/\/secure.gravatar.com\/avatar\/c824b04e6df0e37a03219d0b6481672889df542894588964102459e46513159c?s=96&d=mm&r=g\",\"caption\":\"We Love Cycling Spain\"},\"url\":\"https:\/\/www.welovecycling.com\/es\/author\/amunoz\/\"}]}<\/script>\n<!-- \/ Yoast SEO Premium plugin. -->","yoast_head_json":{"title":"As\u00ed se naci\u00f3 la primera contrarreloj. Ni te imaginas c\u00f3mo fue - \u0160koda We Love Cycling - Spain","description":"No fue en competici\u00f3n oficial, ni muchos menos por un ide\u00f3logo del ciclismo. La primera contrarreloj naci\u00f3 como medida de seguridad vial en Inglaterra. Aqu\u00ed te lo vamos a explicar.\u00a0","robots":{"index":"index","follow":"follow","max-snippet":"max-snippet:-1","max-image-preview":"max-image-preview:large","max-video-preview":"max-video-preview:-1"},"canonical":"https:\/\/www.welovecycling.com\/es\/2018\/09\/12\/la-primera-contrarreloj\/","og_locale":"es_ES","og_type":"article","og_title":"As\u00ed se naci\u00f3 la primera contrarreloj. Ni te imaginas c\u00f3mo fue","og_description":"No fue en competici\u00f3n oficial, ni muchos menos por un ide\u00f3logo del ciclismo. La primera contrarreloj naci\u00f3 como medida de seguridad vial en Inglaterra. Aqu\u00ed te lo vamos a explicar.\u00a0","og_url":"https:\/\/www.welovecycling.com\/es\/2018\/09\/12\/la-primera-contrarreloj\/","og_site_name":"\u0160koda We Love Cycling - Spain","article_published_time":"2018-09-12T20:24:52+00:00","og_image":[{"width":1375,"height":600,"url":"https:\/\/d2p6e6u75xmxt8.cloudfront.net\/6\/2018\/09\/cover1-1.jpg","type":"image\/jpeg"}],"author":"We Love Cycling Spain","twitter_card":"summary_large_image","twitter_title":"As\u00ed se naci\u00f3 la primera contrarreloj. Ni te imaginas c\u00f3mo fue","twitter_description":"No fue en competici\u00f3n oficial, ni muchos menos por un ide\u00f3logo del ciclismo. La primera contrarreloj naci\u00f3 como medida de seguridad vial en Inglaterra. Aqu\u00ed te lo vamos a explicar.\u00a0","twitter_misc":{"Written by":"Christopher Ashley","Est. reading time":"6"},"schema":{"@context":"https:\/\/schema.org","@graph":[{"@type":"WebPage","@id":"https:\/\/www.welovecycling.com\/es\/2018\/09\/12\/la-primera-contrarreloj\/","url":"https:\/\/www.welovecycling.com\/es\/2018\/09\/12\/la-primera-contrarreloj\/","name":"As\u00ed se naci\u00f3 la primera contrarreloj. Ni te imaginas c\u00f3mo fue - \u0160koda We Love Cycling - Spain","isPartOf":{"@id":"https:\/\/www.welovecycling.com\/es\/#website"},"primaryImageOfPage":{"@id":"https:\/\/www.welovecycling.com\/es\/2018\/09\/12\/la-primera-contrarreloj\/#primaryimage"},"image":{"@id":"https:\/\/www.welovecycling.com\/es\/2018\/09\/12\/la-primera-contrarreloj\/#primaryimage"},"thumbnailUrl":"https:\/\/d2p6e6u75xmxt8.cloudfront.net\/6\/2018\/09\/cover1-1.jpg","datePublished":"2018-09-12T20:24:52+00:00","author":{"@id":"https:\/\/www.welovecycling.com\/es\/#\/schema\/person\/deb61715b5812698ee79fb96f343ccd4"},"description":"No fue en competici\u00f3n oficial, ni muchos menos por un ide\u00f3logo del ciclismo. La primera contrarreloj naci\u00f3 como medida de seguridad vial en Inglaterra. Aqu\u00ed te lo vamos a explicar.\u00a0","breadcrumb":{"@id":"https:\/\/www.welovecycling.com\/es\/2018\/09\/12\/la-primera-contrarreloj\/#breadcrumb"},"inLanguage":"es-ES","potentialAction":[{"@type":"ReadAction","target":["https:\/\/www.welovecycling.com\/es\/2018\/09\/12\/la-primera-contrarreloj\/"]}]},{"@type":"ImageObject","inLanguage":"es-ES","@id":"https:\/\/www.welovecycling.com\/es\/2018\/09\/12\/la-primera-contrarreloj\/#primaryimage","url":"https:\/\/d2p6e6u75xmxt8.cloudfront.net\/6\/2018\/09\/cover1-1.jpg","contentUrl":"https:\/\/d2p6e6u75xmxt8.cloudfront.net\/6\/2018\/09\/cover1-1.jpg","width":1375,"height":600},{"@type":"BreadcrumbList","@id":"https:\/\/www.welovecycling.com\/es\/2018\/09\/12\/la-primera-contrarreloj\/#breadcrumb","itemListElement":[{"@type":"ListItem","position":1,"name":"Home","item":"https:\/\/www.welovecycling.com\/es\/"},{"@type":"ListItem","position":2,"name":"As\u00ed se naci\u00f3 la primera contrarreloj. Ni te imaginas c\u00f3mo fue"}]},{"@type":"WebSite","@id":"https:\/\/www.welovecycling.com\/es\/#website","url":"https:\/\/www.welovecycling.com\/es\/","name":"\u0160koda We Love Cycling - Spain","description":"\u0160koda WeLoveCycling Spain","potentialAction":[{"@type":"SearchAction","target":{"@type":"EntryPoint","urlTemplate":"https:\/\/www.welovecycling.com\/es\/?s={search_term_string}"},"query-input":{"@type":"PropertyValueSpecification","valueRequired":true,"valueName":"search_term_string"}}],"inLanguage":"es-ES"},{"@type":"Person","@id":"https:\/\/www.welovecycling.com\/es\/#\/schema\/person\/deb61715b5812698ee79fb96f343ccd4","name":"We Love Cycling Spain","image":{"@type":"ImageObject","inLanguage":"es-ES","@id":"https:\/\/www.welovecycling.com\/es\/#\/schema\/person\/image\/","url":"https:\/\/secure.gravatar.com\/avatar\/c824b04e6df0e37a03219d0b6481672889df542894588964102459e46513159c?s=96&d=mm&r=g","contentUrl":"https:\/\/secure.gravatar.com\/avatar\/c824b04e6df0e37a03219d0b6481672889df542894588964102459e46513159c?s=96&d=mm&r=g","caption":"We Love Cycling Spain"},"url":"https:\/\/www.welovecycling.com\/es\/author\/amunoz\/"}]}},"_links":{"self":[{"href":"https:\/\/www.welovecycling.com\/es\/wp-json\/wp\/v2\/posts\/3493","targetHints":{"allow":["GET"]}}],"collection":[{"href":"https:\/\/www.welovecycling.com\/es\/wp-json\/wp\/v2\/posts"}],"about":[{"href":"https:\/\/www.welovecycling.com\/es\/wp-json\/wp\/v2\/types\/post"}],"author":[{"embeddable":true,"href":"https:\/\/www.welovecycling.com\/es\/wp-json\/wp\/v2\/users\/29"}],"replies":[{"embeddable":true,"href":"https:\/\/www.welovecycling.com\/es\/wp-json\/wp\/v2\/comments?post=3493"}],"version-history":[{"count":1,"href":"https:\/\/www.welovecycling.com\/es\/wp-json\/wp\/v2\/posts\/3493\/revisions"}],"predecessor-version":[{"id":3512,"href":"https:\/\/www.welovecycling.com\/es\/wp-json\/wp\/v2\/posts\/3493\/revisions\/3512"}],"wp:featuredmedia":[{"embeddable":true,"href":"https:\/\/www.welovecycling.com\/es\/wp-json\/wp\/v2\/media\/3507"}],"wp:attachment":[{"href":"https:\/\/www.welovecycling.com\/es\/wp-json\/wp\/v2\/media?parent=3493"}],"wp:term":[{"taxonomy":"category","embeddable":true,"href":"https:\/\/www.welovecycling.com\/es\/wp-json\/wp\/v2\/categories?post=3493"},{"taxonomy":"post_tag","embeddable":true,"href":"https:\/\/www.welovecycling.com\/es\/wp-json\/wp\/v2\/tags?post=3493"},{"taxonomy":"global-categories","embeddable":true,"href":"https:\/\/www.welovecycling.com\/es\/wp-json\/wp\/v2\/global-categories?post=3493"}],"curies":[{"name":"wp","href":"https:\/\/api.w.org\/{rel}","templated":true}]}}